{"id":3972,"date":"2018-07-25T08:46:33","date_gmt":"2018-07-25T06:46:33","guid":{"rendered":"https:\/\/www.organisator.ch\/?p=3972"},"modified":"2018-07-25T08:46:33","modified_gmt":"2018-07-25T06:46:33","slug":"wirtschaftsaufschwung-laesst-hotel-und-flugpreise-steigen","status":"publish","type":"post","link":"https:\/\/www.organisator.ch\/en\/management\/finanzen_recht\/2018-07-25\/wirtschaftsaufschwung-laesst-hotel-und-flugpreise-steigen\/","title":{"rendered":"Economic upswing causes hotel and airline prices to rise"},"content":{"rendered":"<figure id=\"attachment_3973\" aria-describedby=\"caption-attachment-3973\" style=\"width: 640px\" class=\"wp-caption alignnone\"><img loading=\"lazy\" decoding=\"async\" class=\"size-full wp-image-3973\" src=\"https:\/\/www.organisator.ch\/wp-content\/uploads\/2018\/07\/Wirtschaftsaufschwung-laesst-Hotel-und-Flugpreise-steigen_Organisator.jpg\" alt=\"\" width=\"640\" height=\"445\" srcset=\"https:\/\/www.organisator.ch\/wp-content\/uploads\/2018\/07\/Wirtschaftsaufschwung-laesst-Hotel-und-Flugpreise-steigen_Organisator.jpg 640w, https:\/\/www.organisator.ch\/wp-content\/uploads\/2018\/07\/Wirtschaftsaufschwung-laesst-Hotel-und-Flugpreise-steigen_Organisator-16x12.jpg 16w, https:\/\/www.organisator.ch\/wp-content\/uploads\/2018\/07\/Wirtschaftsaufschwung-laesst-Hotel-und-Flugpreise-steigen_Organisator-252x175.jpg 252w, https:\/\/www.organisator.ch\/wp-content\/uploads\/2018\/07\/Wirtschaftsaufschwung-laesst-Hotel-und-Flugpreise-steigen_Organisator-503x350.jpg 503w, https:\/\/www.organisator.ch\/wp-content\/uploads\/2018\/07\/Wirtschaftsaufschwung-laesst-Hotel-und-Flugpreise-steigen_Organisator-300x209.jpg 300w\" sizes=\"auto, (max-width: 640px) 100vw, 640px\" \/><figcaption id=\"caption-attachment-3973\" class=\"wp-caption-text\">Not only airfares, but also prices for hotels and cabs are likely to rise in 2019. (Image: Rainer Sturm \/ pixelio.de)<\/figcaption><\/figure>\n<p><span style=\"font-size: medium;\">Travel prices are expected to rise sharply in the coming year, according to the fifth Global Travel Forecast, published annually by the Global Business Travel Association GBTA and Carlson Wagonlit Travel with support from the Carlson Family Foundation. <\/span>Alone i<span style=\"font-size: medium;\">n Western Europe, hotel prices are expected to increase by 5.6% and airfares by 4.8%. <\/span><span style=\"font-size: medium;\">\"Although most markets are on a good path economically, there are several factors that could have a negative impact on the global economy. These include protectionist measures, the risk of trade wars and the uncertainties surrounding Brexit,\" explains Michael W. McCormick, Executive Director and COO of GBTA. <\/span><span style=\"font-size: medium;\">And Kurt Ekert, president and CEO of Carlson Wagonlit Travel, adds, \"Prices are expected to rise in many markets around the world, even as inflation remains subdued.\"<\/span><\/p>\n<h2>Forecasts for airfares 2019<\/h2>\n<p>The airline sector will be characterized by the introduction of ultra-long-haul flights, the tendency of airlines towards new distribution models and growing competition from low-cost carriers, which are now also entering the market for intercontinental flights. Higher airfares are ultimately to be expected as a result of the rising price of oil, increased competition due to a shortage of pilots, possible trade wars and an increase in price segmentation.<\/p>\n<ul>\n<li>In Western Europe, a price increase of up to 4.8% can be expected for flights. The increase is particularly significant in Norway (+11.5%), Germany (+7.3%), France (+6.9%) and Spain (+6.7%). In contrast, airfares in Eastern Europe, Middle East and Africa will fall between 2% and 2.3%.<\/li>\n<li>In North America, only a slight price increase of 1.8% is expected, according to the forecast. Airlines in the U.S. are revising their offerings to better respond to market demand, depending on how trade relations between the U.S. and other countries will develop. Prices for flights in Latin America are expected to fall by 2% in the coming year. However, a slight increase of 0.1% and 1.2% can be observed in Mexico and Colombia, respectively. The price increase will be very significant in Chile (+7.5%).<\/li>\n<li>In the Asia-Pacific region, the forecast predicts a price increase of 3.2%. Demand in China remains high (+3.9% for airfares) - the country will also be the world's largest travel market in 2020. In addition to China, however, other countries in the region see rising airfares ahead - particularly New Zealand (+7.5%) and India (+7.3%). The only country in the region where prices will fall is Japan, at -3.9%, because the country has already expanded its capacity for the 2020 Olympics.<\/li>\n<\/ul>\n<h2>Hotel price forecasts 2019<\/h2>\n<p>The forecasts for hotel prices are directly related to the growth in the airline sector, which is creating greater demand for hotel rooms. Hotels are focusing on the use of new technologies to offer their guests a personalized travel experience. The hotel landscape will also change with further mergers, as high-priced hotels will have to compete with mid-priced hotels for younger travelers who are increasingly turning to boutique hotels.<\/p>\n<ul>\n<li>In the Europe, Middle East and Africa region, prices in Western Europe are expected to rise by 5.6% for overnight hotel stays. Prices in Eastern Europe and Middle East\/Africa, on the other hand, will fall by 1.9% and 1.5%, respectively. The price increase is particularly pronounced in Norway (11.8%), Spain (8.5%), Finland (7.1%) and France as well as Germany with 6.8% each.<\/li>\n<li>Hotel prices in North America will also rise, according to the forecast - 5% in Canada and 2.7% in the US.<\/li>\n<li>The Asia-Pacific region will see a price increase of 5.1%. There are major differences: while prices in Japan are expected to fall by 3.2%, there is likely to be a price increase of 11.8% in New Zealand.<\/li>\n<li>In Latin America, the forecast predicts falling prices of 1.3%. While hotel prices are expected to decline by 3.5% in Argentina, 1.9% in Brazil, and 0.7% in Colombia, prices are expected to increase in Chile (+6.4%), Peru (+2.1%), and Mexico (+0.6%).<\/li>\n<\/ul>\n<h2>Price forecast for bus, train, rental car and cab<\/h2>\n<p>According to the Travel Price Forecast, only North America is expected to see a slight increase in prices for means of transport such as buses, trains and cabs in the coming year (+0.6%). In all other regions, prices will remain stable. However, rental car companies may raise their prices, especially in the fourth quarter of 2019. Travelers will increasingly rely on apps for private ride services, while interest in high-speed trains will decline due to high costs associated with low expansion of the required technology. In the rental car sector, new technologies are setting trends, such as the use of connected cars.<\/p>\n<ul>\n<li>The forecast predicts stable prices for the Europe, Middle East and Africa region. However, in some Western European countries, such as Finland, France, Germany, Italy and Spain, price increases of over 4% may be possible - in Norway it is expected to be as much as +10%. In turn, Sweden can expect a price drop of 13.9%.<\/li>\n<li>While prices in the overall North America region will increase only slightly (+0.6%), they are expected to rise by 3.6% in Canada. The trendsetter in the region could be Audi's app-based car rental provider Silvercar, which enables mobile bookings and has greatly simplified the pick-up and billing process.<\/li>\n<li>In the Asia-Pacific region, the price development for road and rail transportation will also remain stable. Only in New Zealand (+4%), India (+2.7%) and Australia (+2.4%) will prices increase. Didi Chuxing will continue to expand its investments in autonomous driving, while Uber has already conceded the field to domestic private ride services in Southeast Asia.<\/li>\n<\/ul>\n<h2>Business travel is becoming increasingly personalized<\/h2>\n<p><span style=\"font-size: medium;\">In addition to economic outlooks and forecasts for hotel and airfares, the report also provides an overview of current trends in the business travel industry. \"The future of business travel can be described as accelerated personalization. Mobile technologies, artificial intelligence and the use of chatbots and predictive data play an important role in this,\" says Kurt Ekert. \"The success of a travel program is closely linked to new technologies and intelligent processing of data.\" <\/span><\/p>\n<p><em>Source: <a href=\"http:\/\/www.carlsonwagonlit.ch\">Carlson Wagonlit Travel<\/a><\/em><\/p>\n<p><span style=\"font-family: Arial,Arial; font-size: medium;\">\u00a0<\/span><\/p>","protected":false},"excerpt":{"rendered":"<p>Im kommenden Jahr ist mit einem starken Preisanstieg der Reisekosten zu rechnen, wie der f\u00fcnfte Global Travel Forecast zeigt, der j\u00e4hrlich von der Global Business Travel Association GBTA und Carlson Wagonlit Travel mit Unterst\u00fctzung der Carlson Family Foundation ver\u00f6ffentlicht wird. Allein in Westeuropa muss mit einem Anstieg der Hotelpreise um 5,6% und der Flugpreise um [&hellip;]<\/p>\n","protected":false},"author":4,"featured_media":3973,"comment_status":"open","ping_status":"open","sticky":false,"template":"","format":"standard","meta":{"_acf_changed":false,"_yoast_wpseo_focuskw":"Flugpreise","_yoast_wpseo_metadesc":"Der Weltwirtschaftsaufschwung und steigende \u00d6lpreise sorgen daf\u00fcr, dass die Hotelpreise im Schnitt um 3,7% und die Flugpreise um 2,6% steigen werden.","articlekey":"","footnotes":""},"categories":[24],"tags":[239,459,531],"class_list":["post-3972","post","type-post","status-publish","format-standard","has-post-thumbnail","hentry","category-finanzen_recht","tag-geschaeftsreisen","tag-studie","tag-wirtschaftspolitik"],"acf":[],"yoast_head":"<!-- This site is optimized with the Yoast SEO plugin v27.5 - https:\/\/yoast.com\/product\/yoast-seo-wordpress\/ -->\n<title>Wirtschaftsaufschwung l\u00e4sst Hotel- und Flugpreise steigen - Organisator<\/title>\n<meta name=\"description\" content=\"Der Weltwirtschaftsaufschwung und steigende \u00d6lpreise sorgen daf\u00fcr, dass die Hotelpreise im Schnitt um 3,7% und die Flugpreise um 2,6% steigen werden.\" \/>\n<meta name=\"robots\" content=\"index, follow, max-snippet:-1, max-image-preview:large, max-video-preview:-1\" \/>\n<link rel=\"canonical\" href=\"https:\/\/www.organisator.ch\/en\/management\/finanzen_recht\/2018-07-25\/wirtschaftsaufschwung-laesst-hotel-und-flugpreise-steigen\/\" \/>\n<meta property=\"og:locale\" content=\"en_US\" \/>\n<meta property=\"og:type\" content=\"article\" \/>\n<meta property=\"og:title\" content=\"Wirtschaftsaufschwung l\u00e4sst Hotel- und Flugpreise steigen\" \/>\n<meta property=\"og:description\" content=\"Der Weltwirtschaftsaufschwung und steigende \u00d6lpreise sorgen daf\u00fcr, dass die Hotelpreise im Schnitt um 3,7% und die Flugpreise um 2,6% steigen werden.\" \/>\n<meta property=\"og:url\" content=\"https:\/\/www.organisator.ch\/en\/management\/finanzen_recht\/2018-07-25\/wirtschaftsaufschwung-laesst-hotel-und-flugpreise-steigen\/\" \/>\n<meta property=\"og:site_name\" content=\"Organisator\" \/>\n<meta property=\"article:publisher\" content=\"https:\/\/www.facebook.com\/OrganisatorFachmagazin\" \/>\n<meta property=\"article:published_time\" content=\"2018-07-25T06:46:33+00:00\" \/>\n<meta property=\"og:image\" content=\"https:\/\/www.organisator.ch\/wp-content\/uploads\/2018\/07\/Wirtschaftsaufschwung-laesst-Hotel-und-Flugpreise-steigen_Organisator.jpg\" \/>\n\t<meta property=\"og:image:width\" content=\"640\" \/>\n\t<meta property=\"og:image:height\" content=\"445\" \/>\n\t<meta property=\"og:image:type\" content=\"image\/jpeg\" \/>\n<meta name=\"author\" content=\"thomas.berner\" \/>\n<meta name=\"twitter:card\" content=\"summary_large_image\" \/>\n<meta name=\"twitter:title\" content=\"#Wirtschaftsaufschwung l\u00e4sst Hotel- und #Flugpreise steigen\" \/>\n<meta name=\"twitter:description\" content=\"Der #Weltwirtschaftsaufschwung und steigende #\u00d6lpreise sorgen daf\u00fcr, dass die #Hotelpreise im Schnitt um 3,7% und die #Flugpreise um 2,6% steigen werden.\" \/>\n<meta name=\"twitter:image\" content=\"https:\/\/www.organisator.ch\/wp-content\/uploads\/2018\/07\/Wirtschaftsaufschwung-l\u00e4sst-Hotel-und-Flugpreise-steigen_Organisator.jpg\" \/>\n<script type=\"application\/ld+json\" class=\"yoast-schema-graph\">{\"@context\":\"https:\\\/\\\/schema.org\",\"@graph\":[{\"@type\":\"Article\",\"@id\":\"https:\\\/\\\/www.organisator.ch\\\/management\\\/finanzen_recht\\\/2018-07-25\\\/wirtschaftsaufschwung-laesst-hotel-und-flugpreise-steigen\\\/#article\",\"isPartOf\":{\"@id\":\"https:\\\/\\\/www.organisator.ch\\\/management\\\/finanzen_recht\\\/2018-07-25\\\/wirtschaftsaufschwung-laesst-hotel-und-flugpreise-steigen\\\/\"},\"author\":{\"name\":\"thomas.berner\",\"@id\":\"https:\\\/\\\/www.organisator.ch\\\/#\\\/schema\\\/person\\\/6f650f90b2842cd4c0cc334b4e36f67e\"},\"headline\":\"Wirtschaftsaufschwung l\u00e4sst Hotel- und Flugpreise steigen\",\"datePublished\":\"2018-07-25T06:46:33+00:00\",\"mainEntityOfPage\":{\"@id\":\"https:\\\/\\\/www.organisator.ch\\\/management\\\/finanzen_recht\\\/2018-07-25\\\/wirtschaftsaufschwung-laesst-hotel-und-flugpreise-steigen\\\/\"},\"wordCount\":1008,\"commentCount\":0,\"publisher\":{\"@id\":\"https:\\\/\\\/www.organisator.ch\\\/#organization\"},\"image\":{\"@id\":\"https:\\\/\\\/www.organisator.ch\\\/management\\\/finanzen_recht\\\/2018-07-25\\\/wirtschaftsaufschwung-laesst-hotel-und-flugpreise-steigen\\\/#primaryimage\"},\"thumbnailUrl\":\"https:\\\/\\\/www.organisator.ch\\\/wp-content\\\/uploads\\\/2018\\\/07\\\/Wirtschaftsaufschwung-laesst-Hotel-und-Flugpreise-steigen_Organisator.jpg\",\"keywords\":[\"Gesch\u00e4ftsreisen\",\"Studie\",\"Wirtschaftspolitik\"],\"articleSection\":[\"FINANZEN\\\/RECHT\"],\"inLanguage\":\"en-US\"},{\"@type\":\"WebPage\",\"@id\":\"https:\\\/\\\/www.organisator.ch\\\/management\\\/finanzen_recht\\\/2018-07-25\\\/wirtschaftsaufschwung-laesst-hotel-und-flugpreise-steigen\\\/\",\"url\":\"https:\\\/\\\/www.organisator.ch\\\/management\\\/finanzen_recht\\\/2018-07-25\\\/wirtschaftsaufschwung-laesst-hotel-und-flugpreise-steigen\\\/\",\"name\":\"Wirtschaftsaufschwung l\u00e4sst Hotel- und Flugpreise steigen - Organisator\",\"isPartOf\":{\"@id\":\"https:\\\/\\\/www.organisator.ch\\\/#website\"},\"primaryImageOfPage\":{\"@id\":\"https:\\\/\\\/www.organisator.ch\\\/management\\\/finanzen_recht\\\/2018-07-25\\\/wirtschaftsaufschwung-laesst-hotel-und-flugpreise-steigen\\\/#primaryimage\"},\"image\":{\"@id\":\"https:\\\/\\\/www.organisator.ch\\\/management\\\/finanzen_recht\\\/2018-07-25\\\/wirtschaftsaufschwung-laesst-hotel-und-flugpreise-steigen\\\/#primaryimage\"},\"thumbnailUrl\":\"https:\\\/\\\/www.organisator.ch\\\/wp-content\\\/uploads\\\/2018\\\/07\\\/Wirtschaftsaufschwung-laesst-Hotel-und-Flugpreise-steigen_Organisator.jpg\",\"datePublished\":\"2018-07-25T06:46:33+00:00\",\"description\":\"Der Weltwirtschaftsaufschwung und steigende \u00d6lpreise sorgen daf\u00fcr, dass die Hotelpreise im Schnitt um 3,7% und die Flugpreise um 2,6% steigen werden.\",\"breadcrumb\":{\"@id\":\"https:\\\/\\\/www.organisator.ch\\\/management\\\/finanzen_recht\\\/2018-07-25\\\/wirtschaftsaufschwung-laesst-hotel-und-flugpreise-steigen\\\/#breadcrumb\"},\"inLanguage\":\"en-US\",\"potentialAction\":[{\"@type\":\"ReadAction\",\"target\":[\"https:\\\/\\\/www.organisator.ch\\\/management\\\/finanzen_recht\\\/2018-07-25\\\/wirtschaftsaufschwung-laesst-hotel-und-flugpreise-steigen\\\/\"]}]},{\"@type\":\"ImageObject\",\"inLanguage\":\"en-US\",\"@id\":\"https:\\\/\\\/www.organisator.ch\\\/management\\\/finanzen_recht\\\/2018-07-25\\\/wirtschaftsaufschwung-laesst-hotel-und-flugpreise-steigen\\\/#primaryimage\",\"url\":\"https:\\\/\\\/www.organisator.ch\\\/wp-content\\\/uploads\\\/2018\\\/07\\\/Wirtschaftsaufschwung-laesst-Hotel-und-Flugpreise-steigen_Organisator.jpg\",\"contentUrl\":\"https:\\\/\\\/www.organisator.ch\\\/wp-content\\\/uploads\\\/2018\\\/07\\\/Wirtschaftsaufschwung-laesst-Hotel-und-Flugpreise-steigen_Organisator.jpg\",\"width\":640,\"height\":445,\"caption\":\"Nicht nur Flugpreise, sondern auch die Preise f\u00fcr Hotels und Taxis d\u00fcrften im Jahr 2019 steigen. (Bild: Rainer Sturm \\\/ pixelio.de)\"},{\"@type\":\"BreadcrumbList\",\"@id\":\"https:\\\/\\\/www.organisator.ch\\\/management\\\/finanzen_recht\\\/2018-07-25\\\/wirtschaftsaufschwung-laesst-hotel-und-flugpreise-steigen\\\/#breadcrumb\",\"itemListElement\":[{\"@type\":\"ListItem\",\"position\":1,\"name\":\"Home\",\"item\":\"https:\\\/\\\/www.organisator.ch\\\/\"},{\"@type\":\"ListItem\",\"position\":2,\"name\":\"Wirtschaftsaufschwung l\u00e4sst Hotel- und Flugpreise steigen\"}]},{\"@type\":\"WebSite\",\"@id\":\"https:\\\/\\\/www.organisator.ch\\\/#website\",\"url\":\"https:\\\/\\\/www.organisator.ch\\\/\",\"name\":\"Organisator\",\"description\":\"Kompetent. Praxisnah. Der ORGANISATOR bereitet in 10 Ausgaben pro Jahr die wesentlichen Themen f\u00fcr F\u00fchrungskr\u00e4fte von KMU auf.\",\"publisher\":{\"@id\":\"https:\\\/\\\/www.organisator.ch\\\/#organization\"},\"potentialAction\":[{\"@type\":\"SearchAction\",\"target\":{\"@type\":\"EntryPoint\",\"urlTemplate\":\"https:\\\/\\\/www.organisator.ch\\\/?s={search_term_string}\"},\"query-input\":{\"@type\":\"PropertyValueSpecification\",\"valueRequired\":true,\"valueName\":\"search_term_string\"}}],\"inLanguage\":\"en-US\"},{\"@type\":\"Organization\",\"@id\":\"https:\\\/\\\/www.organisator.ch\\\/#organization\",\"name\":\"Organisator\",\"url\":\"https:\\\/\\\/www.organisator.ch\\\/\",\"logo\":{\"@type\":\"ImageObject\",\"inLanguage\":\"en-US\",\"@id\":\"https:\\\/\\\/www.organisator.ch\\\/#\\\/schema\\\/logo\\\/image\\\/\",\"url\":\"https:\\\/\\\/www.organisator.ch\\\/wp-content\\\/uploads\\\/2022\\\/01\\\/Logo_Organisator_Website.png\",\"contentUrl\":\"https:\\\/\\\/www.organisator.ch\\\/wp-content\\\/uploads\\\/2022\\\/01\\\/Logo_Organisator_Website.png\",\"width\":800,\"height\":77,\"caption\":\"Organisator\"},\"image\":{\"@id\":\"https:\\\/\\\/www.organisator.ch\\\/#\\\/schema\\\/logo\\\/image\\\/\"},\"sameAs\":[\"https:\\\/\\\/www.facebook.com\\\/OrganisatorFachmagazin\",\"https:\\\/\\\/www.linkedin.com\\\/showcase\\\/organisator-das-magazin-fr-kmu\",\"https:\\\/\\\/www.xing.com\\\/news\\\/pages\\\/organisator-ch-695\",\"https:\\\/\\\/www.youtube.com\\\/channel\\\/UCGP2Sq0iWaZwT3BdIAQFYpw\"]},{\"@type\":\"Person\",\"@id\":\"https:\\\/\\\/www.organisator.ch\\\/#\\\/schema\\\/person\\\/6f650f90b2842cd4c0cc334b4e36f67e\",\"name\":\"thomas.berner\",\"image\":{\"@type\":\"ImageObject\",\"inLanguage\":\"en-US\",\"@id\":\"https:\\\/\\\/secure.gravatar.com\\\/avatar\\\/ac5001d2a36cb6c6cd3e50789007ffca834b477b74a2144564522e944eabff61?s=96&d=mm&r=g\",\"url\":\"https:\\\/\\\/secure.gravatar.com\\\/avatar\\\/ac5001d2a36cb6c6cd3e50789007ffca834b477b74a2144564522e944eabff61?s=96&d=mm&r=g\",\"contentUrl\":\"https:\\\/\\\/secure.gravatar.com\\\/avatar\\\/ac5001d2a36cb6c6cd3e50789007ffca834b477b74a2144564522e944eabff61?s=96&d=mm&r=g\",\"caption\":\"thomas.berner\"},\"url\":\"https:\\\/\\\/www.organisator.ch\\\/en\\\/author\\\/thomas-berner\\\/\"}]}<\/script>\n<!-- \/ Yoast SEO plugin. -->","yoast_head_json":{"title":"Economic upswing causes hotel and flight prices to rise - Organizer","description":"The global economic recovery and rising oil prices mean that hotel prices will rise by an average of 3.7% and air fares by 2.6%.","robots":{"index":"index","follow":"follow","max-snippet":"max-snippet:-1","max-image-preview":"max-image-preview:large","max-video-preview":"max-video-preview:-1"},"canonical":"https:\/\/www.organisator.ch\/en\/management\/finanzen_recht\/2018-07-25\/wirtschaftsaufschwung-laesst-hotel-und-flugpreise-steigen\/","og_locale":"en_US","og_type":"article","og_title":"Wirtschaftsaufschwung l\u00e4sst Hotel- und Flugpreise steigen","og_description":"Der Weltwirtschaftsaufschwung und steigende \u00d6lpreise sorgen daf\u00fcr, dass die Hotelpreise im Schnitt um 3,7% und die Flugpreise um 2,6% steigen werden.","og_url":"https:\/\/www.organisator.ch\/en\/management\/finanzen_recht\/2018-07-25\/wirtschaftsaufschwung-laesst-hotel-und-flugpreise-steigen\/","og_site_name":"Organisator","article_publisher":"https:\/\/www.facebook.com\/OrganisatorFachmagazin","article_published_time":"2018-07-25T06:46:33+00:00","og_image":[{"width":640,"height":445,"url":"https:\/\/www.organisator.ch\/wp-content\/uploads\/2018\/07\/Wirtschaftsaufschwung-laesst-Hotel-und-Flugpreise-steigen_Organisator.jpg","type":"image\/jpeg"}],"author":"thomas.berner","twitter_card":"summary_large_image","twitter_title":"#Wirtschaftsaufschwung l\u00e4sst Hotel- und #Flugpreise steigen","twitter_description":"Der #Weltwirtschaftsaufschwung und steigende #\u00d6lpreise sorgen daf\u00fcr, dass die #Hotelpreise im Schnitt um 3,7% und die #Flugpreise um 2,6% steigen werden.","twitter_image":"https:\/\/www.organisator.ch\/wp-content\/uploads\/2018\/07\/Wirtschaftsaufschwung-l\u00e4sst-Hotel-und-Flugpreise-steigen_Organisator.jpg","schema":{"@context":"https:\/\/schema.org","@graph":[{"@type":"Article","@id":"https:\/\/www.organisator.ch\/management\/finanzen_recht\/2018-07-25\/wirtschaftsaufschwung-laesst-hotel-und-flugpreise-steigen\/#article","isPartOf":{"@id":"https:\/\/www.organisator.ch\/management\/finanzen_recht\/2018-07-25\/wirtschaftsaufschwung-laesst-hotel-und-flugpreise-steigen\/"},"author":{"name":"thomas.berner","@id":"https:\/\/www.organisator.ch\/#\/schema\/person\/6f650f90b2842cd4c0cc334b4e36f67e"},"headline":"Wirtschaftsaufschwung l\u00e4sst Hotel- und Flugpreise steigen","datePublished":"2018-07-25T06:46:33+00:00","mainEntityOfPage":{"@id":"https:\/\/www.organisator.ch\/management\/finanzen_recht\/2018-07-25\/wirtschaftsaufschwung-laesst-hotel-und-flugpreise-steigen\/"},"wordCount":1008,"commentCount":0,"publisher":{"@id":"https:\/\/www.organisator.ch\/#organization"},"image":{"@id":"https:\/\/www.organisator.ch\/management\/finanzen_recht\/2018-07-25\/wirtschaftsaufschwung-laesst-hotel-und-flugpreise-steigen\/#primaryimage"},"thumbnailUrl":"https:\/\/www.organisator.ch\/wp-content\/uploads\/2018\/07\/Wirtschaftsaufschwung-laesst-Hotel-und-Flugpreise-steigen_Organisator.jpg","keywords":["Gesch\u00e4ftsreisen","Studie","Wirtschaftspolitik"],"articleSection":["FINANZEN\/RECHT"],"inLanguage":"en-US"},{"@type":"WebPage","@id":"https:\/\/www.organisator.ch\/management\/finanzen_recht\/2018-07-25\/wirtschaftsaufschwung-laesst-hotel-und-flugpreise-steigen\/","url":"https:\/\/www.organisator.ch\/management\/finanzen_recht\/2018-07-25\/wirtschaftsaufschwung-laesst-hotel-und-flugpreise-steigen\/","name":"Economic upswing causes hotel and flight prices to rise - Organizer","isPartOf":{"@id":"https:\/\/www.organisator.ch\/#website"},"primaryImageOfPage":{"@id":"https:\/\/www.organisator.ch\/management\/finanzen_recht\/2018-07-25\/wirtschaftsaufschwung-laesst-hotel-und-flugpreise-steigen\/#primaryimage"},"image":{"@id":"https:\/\/www.organisator.ch\/management\/finanzen_recht\/2018-07-25\/wirtschaftsaufschwung-laesst-hotel-und-flugpreise-steigen\/#primaryimage"},"thumbnailUrl":"https:\/\/www.organisator.ch\/wp-content\/uploads\/2018\/07\/Wirtschaftsaufschwung-laesst-Hotel-und-Flugpreise-steigen_Organisator.jpg","datePublished":"2018-07-25T06:46:33+00:00","description":"The global economic recovery and rising oil prices mean that hotel prices will rise by an average of 3.7% and air fares by 2.6%.","breadcrumb":{"@id":"https:\/\/www.organisator.ch\/management\/finanzen_recht\/2018-07-25\/wirtschaftsaufschwung-laesst-hotel-und-flugpreise-steigen\/#breadcrumb"},"inLanguage":"en-US","potentialAction":[{"@type":"ReadAction","target":["https:\/\/www.organisator.ch\/management\/finanzen_recht\/2018-07-25\/wirtschaftsaufschwung-laesst-hotel-und-flugpreise-steigen\/"]}]},{"@type":"ImageObject","inLanguage":"en-US","@id":"https:\/\/www.organisator.ch\/management\/finanzen_recht\/2018-07-25\/wirtschaftsaufschwung-laesst-hotel-und-flugpreise-steigen\/#primaryimage","url":"https:\/\/www.organisator.ch\/wp-content\/uploads\/2018\/07\/Wirtschaftsaufschwung-laesst-Hotel-und-Flugpreise-steigen_Organisator.jpg","contentUrl":"https:\/\/www.organisator.ch\/wp-content\/uploads\/2018\/07\/Wirtschaftsaufschwung-laesst-Hotel-und-Flugpreise-steigen_Organisator.jpg","width":640,"height":445,"caption":"Nicht nur Flugpreise, sondern auch die Preise f\u00fcr Hotels und Taxis d\u00fcrften im Jahr 2019 steigen. (Bild: Rainer Sturm \/ pixelio.de)"},{"@type":"BreadcrumbList","@id":"https:\/\/www.organisator.ch\/management\/finanzen_recht\/2018-07-25\/wirtschaftsaufschwung-laesst-hotel-und-flugpreise-steigen\/#breadcrumb","itemListElement":[{"@type":"ListItem","position":1,"name":"Home","item":"https:\/\/www.organisator.ch\/"},{"@type":"ListItem","position":2,"name":"Wirtschaftsaufschwung l\u00e4sst Hotel- und Flugpreise steigen"}]},{"@type":"WebSite","@id":"https:\/\/www.organisator.ch\/#website","url":"https:\/\/www.organisator.ch\/","name":"Organizer","description":"Competent. Practical. In 10 issues per year, ORGANISATOR presents the essential topics for managers of SMEs.","publisher":{"@id":"https:\/\/www.organisator.ch\/#organization"},"potentialAction":[{"@type":"SearchAction","target":{"@type":"EntryPoint","urlTemplate":"https:\/\/www.organisator.ch\/?s={search_term_string}"},"query-input":{"@type":"PropertyValueSpecification","valueRequired":true,"valueName":"search_term_string"}}],"inLanguage":"en-US"},{"@type":"Organization","@id":"https:\/\/www.organisator.ch\/#organization","name":"Organizer","url":"https:\/\/www.organisator.ch\/","logo":{"@type":"ImageObject","inLanguage":"en-US","@id":"https:\/\/www.organisator.ch\/#\/schema\/logo\/image\/","url":"https:\/\/www.organisator.ch\/wp-content\/uploads\/2022\/01\/Logo_Organisator_Website.png","contentUrl":"https:\/\/www.organisator.ch\/wp-content\/uploads\/2022\/01\/Logo_Organisator_Website.png","width":800,"height":77,"caption":"Organisator"},"image":{"@id":"https:\/\/www.organisator.ch\/#\/schema\/logo\/image\/"},"sameAs":["https:\/\/www.facebook.com\/OrganisatorFachmagazin","https:\/\/www.linkedin.com\/showcase\/organisator-das-magazin-fr-kmu","https:\/\/www.xing.com\/news\/pages\/organisator-ch-695","https:\/\/www.youtube.com\/channel\/UCGP2Sq0iWaZwT3BdIAQFYpw"]},{"@type":"Person","@id":"https:\/\/www.organisator.ch\/#\/schema\/person\/6f650f90b2842cd4c0cc334b4e36f67e","name":"thomas.berner","image":{"@type":"ImageObject","inLanguage":"en-US","@id":"https:\/\/secure.gravatar.com\/avatar\/ac5001d2a36cb6c6cd3e50789007ffca834b477b74a2144564522e944eabff61?s=96&d=mm&r=g","url":"https:\/\/secure.gravatar.com\/avatar\/ac5001d2a36cb6c6cd3e50789007ffca834b477b74a2144564522e944eabff61?s=96&d=mm&r=g","contentUrl":"https:\/\/secure.gravatar.com\/avatar\/ac5001d2a36cb6c6cd3e50789007ffca834b477b74a2144564522e944eabff61?s=96&d=mm&r=g","caption":"thomas.berner"},"url":"https:\/\/www.organisator.ch\/en\/author\/thomas-berner\/"}]}},"_links":{"self":[{"href":"https:\/\/www.organisator.ch\/en\/wp-json\/wp\/v2\/posts\/3972","targetHints":{"allow":["GET"]}}],"collection":[{"href":"https:\/\/www.organisator.ch\/en\/wp-json\/wp\/v2\/posts"}],"about":[{"href":"https:\/\/www.organisator.ch\/en\/wp-json\/wp\/v2\/types\/post"}],"author":[{"embeddable":true,"href":"https:\/\/www.organisator.ch\/en\/wp-json\/wp\/v2\/users\/4"}],"replies":[{"embeddable":true,"href":"https:\/\/www.organisator.ch\/en\/wp-json\/wp\/v2\/comments?post=3972"}],"version-history":[{"count":0,"href":"https:\/\/www.organisator.ch\/en\/wp-json\/wp\/v2\/posts\/3972\/revisions"}],"wp:featuredmedia":[{"embeddable":true,"href":"https:\/\/www.organisator.ch\/en\/wp-json\/wp\/v2\/media\/3973"}],"wp:attachment":[{"href":"https:\/\/www.organisator.ch\/en\/wp-json\/wp\/v2\/media?parent=3972"}],"wp:term":[{"taxonomy":"category","embeddable":true,"href":"https:\/\/www.organisator.ch\/en\/wp-json\/wp\/v2\/categories?post=3972"},{"taxonomy":"post_tag","embeddable":true,"href":"https:\/\/www.organisator.ch\/en\/wp-json\/wp\/v2\/tags?post=3972"}],"curies":[{"name":"wp","href":"https:\/\/api.w.org\/{rel}","templated":true}]}}