{"id":3975,"date":"2021-03-20T07:49:56","date_gmt":"2021-03-20T06:49:56","guid":{"rendered":"https:\/\/www.umweltperspektiven.ch\/?p=3975"},"modified":"2022-02-09T11:09:14","modified_gmt":"2022-02-09T10:09:14","slug":"feinstaub-gefaehrlicher-als-gedacht","status":"publish","type":"post","link":"https:\/\/www.organisator.ch\/en\/sustainability\/2021-03-20\/feinstaub-gefaehrlicher-als-gedacht\/","title":{"rendered":"Fine dust - more dangerous than thought"},"content":{"rendered":"<figure id=\"attachment_3976\" aria-describedby=\"caption-attachment-3976\" style=\"width: 680px\" class=\"wp-caption aligncenter\"><img loading=\"lazy\" decoding=\"async\" class=\"wp-image-3976 size-medium\" src=\"\/\/www.umweltperspektiven.ch\/wp-content\/uploads\/2021\/03\/20210317_aerosol_particles_0008.jpg\" alt=\"Fine dust\" width=\"680\" height=\"453\" \/><figcaption id=\"caption-attachment-3976\" class=\"wp-caption-text\">Markus Ammann at one of the apparatuses used to conduct the fine dust tests.<br \/>\u00a9 Markus Fischer, PSI<\/figcaption><\/figure>\n<p>&nbsp;<\/p>\n<p>It is well known that fine dust can endanger health. The particles with a maximum diameter of 10 micrometers can penetrate deep into the lung tissue and settle there. They contain reactive oxygen compounds (ROS), also called \"oxygen radicals,\" which can damage the cells of the lungs. The more particles suspended in the air, the higher the risk. Particles also enter the air from natural sources such as forests or volcanoes. But human activities, such as in factories and traffic, multiply the amount so that concentrations of concern are reached. The potential of particulate matter to carry oxygen radicals to or generate them in the lungs has already been studied for various sources. Researchers at the Paul Scherrer Institute (PSI) have now gained important new insights into this.<\/p>\n<p>Previous research has shown that some ROS are formed in the human body when particulate matter dissolves in the surface fluid of the respiratory tract. Particulate matter usually contains chemical constituents, such as metals like copper and iron, and certain organic compounds. These exchange oxygen atoms with other molecules, producing highly reactive compounds such as hydrogen peroxide (H2O2), hydroxyl (HO) or hydroperoxyl (HO2), which cause so-called oxidative stress. For example, they attack the unsaturated fatty acids in the body, which can then no longer serve as building blocks of the cells. Doctors attribute pneumonia, asthma and various other respiratory diseases to such processes. Even cancer could be triggered, since the ROS can also damage the genetic material DNA.<strong>\u00a0<\/strong><\/p>\n<p><strong>New insights thanks to unique device combination<\/strong><\/p>\n<p>It has been known for some time that certain ROS species are already present in atmospheric particulate matter and enter our bodies via the air we breathe as so-called exogenous ROS, without having to form there first. It now turns out that we have not yet looked closely enough: \"Previous studies have used mass spectrometers to analyze what fine dust consists of,\" explains Peter Aaron Alpert, lead author of the new PSI study. \"But that doesn't give you any information about the structure of the individual particles and what's going on inside them.\"<\/p>\n<p>Alpert, on the other hand, took advantage of PSI's capabilities for a more precise look: \"With the brilliant X-ray light from the Swiss Synchrotron Light Source SLS, we were not only able to view such particles individually with a resolution of less than a micrometer, but even to look inside them while reactions were taking place.\" To do this, he also used a novel cell developed at PSI that can simulate a wide range of atmospheric environmental conditions. It can precisely regulate temperature, humidity as well as gas exposure, and a UV LED light source mimics solar radiation. \"This combination - high-resolution X-ray microscope and cell - exists only once in the world,\" Alpert says. The study was therefore only possible at PSI. He worked closely with Markus Ammann, head of the surface chemistry group at PSI. He was also supported by researchers led by atmospheric chemists Ulrich Krieger and Thomas Peter at ETH Zurich, where additional experiments were conducted with particles held in suspension, and by experts led by Hartmut Hermann from the Leibniz Institute for Tropospheric Research in Leipzig.<\/p>\n<p><strong>How dangerous compounds are formed<\/strong><\/p>\n<p>The researchers examined particles with organic components and iron. The iron comes from natural sources such as desert dust or volcanic ash, but is also present in emissions from industry and traffic. The organic components also result from natural and man-made sources. In the atmosphere, these components combine to form iron complexes, which then react under solar radiation to form so-called radicals. These in turn bind all available oxygen and thus produce the oxygen compounds.<\/p>\n<p>Normally, a larger part of these ROS would diffuse out of the particles into the air in the warmth of the sun and no longer pose a danger when we inhale the particles, which then contain less ROS. If the conditions are right, however, the radicals accumulate inside the particles and consume all the available oxygen there within seconds. And this is due to the so-called viscosity: fine dust can be as solid as stone or as liquid as water - but depending on temperature and humidity, it can also be as viscous as syrup, chewing gum or Swiss herbal sugar. \"This state of the particle, we have found, ensures that the ROS remain trapped in the particle,\" Alpert says. And no additional oxygen gets in from the outside either.<\/p>\n<p>What is particularly frightening is that the interaction of iron and organic compounds causes the highest concentrations of ROS to form in everyday weather conditions: at average humidity of 50 percent and temperatures around 20 degrees, such as those found indoors. \"It used to be thought that ROS in the air were formed - if at all - only when particulate matter contained comparatively rare compounds such as quinones,\" Alpert says. These are oxidized phenols found, for example, in dyes of plants and fungi. Recently, it has become clear that many other sources of ROS are present in particulate matter. \"As we now found, these known ROS sources can be significantly amplified under completely everyday conditions.\" About one in twenty particles is organic and contains iron.<\/p>\n<p>But that's not all: \"We assume that the same photochemical reactions also take place in other fine dust particles,\" says research group leader Markus Ammann. \"We even suspect that almost all airborne particles form additional radicals in this way,\" adds Alpert. \"If this is confirmed in further studies, we urgently need to adjust our models and limit values with regard to air quality. We may have found an additional factor here for the fact that so many people fall ill with respiratory diseases or cancer seemingly without any specific cause.\"<\/p>\n<p>After all, the ROS - especially in times of the COVID-19 pandemic - also have their good side, as the study also suggests: They also attack and render harmless bacteria, viruses and other pathogens that sit on top of aerosols. This connection could explain why the Sars-CoV-2 virus survives the shortest in air at room temperature and medium humidity.<\/p>","protected":false},"excerpt":{"rendered":"<p>&nbsp; Dass Feinstaub die Gesundheit gef\u00e4hrden kann, ist bekannt. Die Partikel mit einem maximalen Durchmesser von 10 Mikrometern k\u00f6nnen tief ins Lungengewebe vordringen und sich dort festsetzen. Sie enthalten reaktive Sauerstoffverbindungen (ROS), auch &#8222;Sauerstoffradikale&#8220; genannt, die die Zellen der Lunge sch\u00e4digen k\u00f6nnen. Je mehr Partikel in der Luft schweben, desto h\u00f6her das Risiko. Die Partikel [&hellip;]<\/p>\n","protected":false},"author":6,"featured_media":9779,"comment_status":"closed","ping_status":"closed","sticky":false,"template":"","format":"standard","meta":{"_acf_changed":false,"_yoast_wpseo_focuskw":"Feinstaub","_yoast_wpseo_metadesc":"Neuste Untersuchungen des Paul Scherrer Instituts zeigen: Feinstaub ist gef\u00e4hrlicher als gedacht.","articlekey":"","footnotes":""},"categories":[580],"tags":[1161,1162,1956,2053,2054,460],"class_list":["post-3975","post","type-post","status-publish","format-standard","has-post-thumbnail","hentry","category-sustainability","tag-feinstaub","tag-feinstaubpartikel","tag-psi","tag-sauerstoffradikale","tag-sauerstoffverbindungen","tag-studien"],"acf":[],"yoast_head":"<!-- This site is optimized with the Yoast SEO plugin v27.5 - https:\/\/yoast.com\/product\/yoast-seo-wordpress\/ -->\n<title>Feinstaub \u2013 gef\u00e4hrlicher als gedacht - Organisator<\/title>\n<meta name=\"description\" content=\"Neuste Untersuchungen des Paul Scherrer Instituts zeigen: Feinstaub ist gef\u00e4hrlicher als gedacht.\" \/>\n<meta name=\"robots\" content=\"index, follow, max-snippet:-1, max-image-preview:large, max-video-preview:-1\" \/>\n<link rel=\"canonical\" href=\"https:\/\/www.organisator.ch\/en\/sustainability\/2021-03-20\/feinstaub-gefaehrlicher-als-gedacht\/\" \/>\n<meta property=\"og:locale\" content=\"en_US\" \/>\n<meta property=\"og:type\" content=\"article\" \/>\n<meta property=\"og:title\" content=\"Feinstaub \u2013 gef\u00e4hrlicher als gedacht - Organisator\" \/>\n<meta property=\"og:description\" content=\"Neuste Untersuchungen des Paul Scherrer Instituts zeigen: Feinstaub ist gef\u00e4hrlicher als gedacht.\" \/>\n<meta property=\"og:url\" content=\"https:\/\/www.organisator.ch\/en\/sustainability\/2021-03-20\/feinstaub-gefaehrlicher-als-gedacht\/\" \/>\n<meta property=\"og:site_name\" content=\"Organisator\" \/>\n<meta property=\"article:publisher\" content=\"https:\/\/www.facebook.com\/OrganisatorFachmagazin\" \/>\n<meta property=\"article:published_time\" content=\"2021-03-20T06:49:56+00:00\" \/>\n<meta property=\"article:modified_time\" content=\"2022-02-09T10:09:14+00:00\" \/>\n<meta property=\"og:image\" content=\"https:\/\/www.organisator.ch\/wp-content\/uploads\/2021\/03\/20210317_aerosol_particles_0008-scaled.jpg\" \/>\n\t<meta property=\"og:image:width\" content=\"2560\" \/>\n\t<meta property=\"og:image:height\" content=\"1707\" \/>\n\t<meta property=\"og:image:type\" content=\"image\/jpeg\" \/>\n<meta name=\"author\" content=\"roger.straessle\" \/>\n<meta name=\"twitter:card\" content=\"summary_large_image\" \/>\n<script type=\"application\/ld+json\" class=\"yoast-schema-graph\">{\"@context\":\"https:\\\/\\\/schema.org\",\"@graph\":[{\"@type\":\"Article\",\"@id\":\"https:\\\/\\\/www.organisator.ch\\\/sustainability\\\/2021-03-20\\\/feinstaub-gefaehrlicher-als-gedacht\\\/#article\",\"isPartOf\":{\"@id\":\"https:\\\/\\\/www.organisator.ch\\\/sustainability\\\/2021-03-20\\\/feinstaub-gefaehrlicher-als-gedacht\\\/\"},\"author\":{\"name\":\"roger.straessle\",\"@id\":\"https:\\\/\\\/www.organisator.ch\\\/#\\\/schema\\\/person\\\/a800b8c54e208b160517a7dcc323161d\"},\"headline\":\"Feinstaub \u2013 gef\u00e4hrlicher als gedacht\",\"datePublished\":\"2021-03-20T06:49:56+00:00\",\"dateModified\":\"2022-02-09T10:09:14+00:00\",\"mainEntityOfPage\":{\"@id\":\"https:\\\/\\\/www.organisator.ch\\\/sustainability\\\/2021-03-20\\\/feinstaub-gefaehrlicher-als-gedacht\\\/\"},\"wordCount\":1027,\"publisher\":{\"@id\":\"https:\\\/\\\/www.organisator.ch\\\/#organization\"},\"image\":{\"@id\":\"https:\\\/\\\/www.organisator.ch\\\/sustainability\\\/2021-03-20\\\/feinstaub-gefaehrlicher-als-gedacht\\\/#primaryimage\"},\"thumbnailUrl\":\"https:\\\/\\\/www.organisator.ch\\\/wp-content\\\/uploads\\\/2021\\\/03\\\/20210317_aerosol_particles_0008-scaled.jpg\",\"keywords\":[\"Feinstaub\",\"Feinstaubpartikel\",\"PSI\",\"Sauerstoffradikale\",\"Sauerstoffverbindungen\",\"Studien\"],\"articleSection\":[\"SUSTAINABILITY\"],\"inLanguage\":\"en-US\"},{\"@type\":\"WebPage\",\"@id\":\"https:\\\/\\\/www.organisator.ch\\\/sustainability\\\/2021-03-20\\\/feinstaub-gefaehrlicher-als-gedacht\\\/\",\"url\":\"https:\\\/\\\/www.organisator.ch\\\/sustainability\\\/2021-03-20\\\/feinstaub-gefaehrlicher-als-gedacht\\\/\",\"name\":\"Feinstaub \u2013 gef\u00e4hrlicher als gedacht - Organisator\",\"isPartOf\":{\"@id\":\"https:\\\/\\\/www.organisator.ch\\\/#website\"},\"primaryImageOfPage\":{\"@id\":\"https:\\\/\\\/www.organisator.ch\\\/sustainability\\\/2021-03-20\\\/feinstaub-gefaehrlicher-als-gedacht\\\/#primaryimage\"},\"image\":{\"@id\":\"https:\\\/\\\/www.organisator.ch\\\/sustainability\\\/2021-03-20\\\/feinstaub-gefaehrlicher-als-gedacht\\\/#primaryimage\"},\"thumbnailUrl\":\"https:\\\/\\\/www.organisator.ch\\\/wp-content\\\/uploads\\\/2021\\\/03\\\/20210317_aerosol_particles_0008-scaled.jpg\",\"datePublished\":\"2021-03-20T06:49:56+00:00\",\"dateModified\":\"2022-02-09T10:09:14+00:00\",\"description\":\"Neuste Untersuchungen des Paul Scherrer Instituts zeigen: Feinstaub ist gef\u00e4hrlicher als gedacht.\",\"breadcrumb\":{\"@id\":\"https:\\\/\\\/www.organisator.ch\\\/sustainability\\\/2021-03-20\\\/feinstaub-gefaehrlicher-als-gedacht\\\/#breadcrumb\"},\"inLanguage\":\"en-US\",\"potentialAction\":[{\"@type\":\"ReadAction\",\"target\":[\"https:\\\/\\\/www.organisator.ch\\\/sustainability\\\/2021-03-20\\\/feinstaub-gefaehrlicher-als-gedacht\\\/\"]}]},{\"@type\":\"ImageObject\",\"inLanguage\":\"en-US\",\"@id\":\"https:\\\/\\\/www.organisator.ch\\\/sustainability\\\/2021-03-20\\\/feinstaub-gefaehrlicher-als-gedacht\\\/#primaryimage\",\"url\":\"https:\\\/\\\/www.organisator.ch\\\/wp-content\\\/uploads\\\/2021\\\/03\\\/20210317_aerosol_particles_0008-scaled.jpg\",\"contentUrl\":\"https:\\\/\\\/www.organisator.ch\\\/wp-content\\\/uploads\\\/2021\\\/03\\\/20210317_aerosol_particles_0008-scaled.jpg\",\"width\":2560,\"height\":1707,\"caption\":\"Markus Ammann an einer der Apparaturen, mit deren Hilfe die Feinstaubuntersuchungen durchgef\u00fchrt wurden. \u00a9 Markus Fischer, PSI\"},{\"@type\":\"BreadcrumbList\",\"@id\":\"https:\\\/\\\/www.organisator.ch\\\/sustainability\\\/2021-03-20\\\/feinstaub-gefaehrlicher-als-gedacht\\\/#breadcrumb\",\"itemListElement\":[{\"@type\":\"ListItem\",\"position\":1,\"name\":\"Home\",\"item\":\"https:\\\/\\\/www.organisator.ch\\\/\"},{\"@type\":\"ListItem\",\"position\":2,\"name\":\"Feinstaub \u2013 gef\u00e4hrlicher als gedacht\"}]},{\"@type\":\"WebSite\",\"@id\":\"https:\\\/\\\/www.organisator.ch\\\/#website\",\"url\":\"https:\\\/\\\/www.organisator.ch\\\/\",\"name\":\"Organisator\",\"description\":\"Kompetent. Praxisnah. Der ORGANISATOR bereitet in 10 Ausgaben pro Jahr die wesentlichen Themen f\u00fcr F\u00fchrungskr\u00e4fte von KMU auf.\",\"publisher\":{\"@id\":\"https:\\\/\\\/www.organisator.ch\\\/#organization\"},\"potentialAction\":[{\"@type\":\"SearchAction\",\"target\":{\"@type\":\"EntryPoint\",\"urlTemplate\":\"https:\\\/\\\/www.organisator.ch\\\/?s={search_term_string}\"},\"query-input\":{\"@type\":\"PropertyValueSpecification\",\"valueRequired\":true,\"valueName\":\"search_term_string\"}}],\"inLanguage\":\"en-US\"},{\"@type\":\"Organization\",\"@id\":\"https:\\\/\\\/www.organisator.ch\\\/#organization\",\"name\":\"Organisator\",\"url\":\"https:\\\/\\\/www.organisator.ch\\\/\",\"logo\":{\"@type\":\"ImageObject\",\"inLanguage\":\"en-US\",\"@id\":\"https:\\\/\\\/www.organisator.ch\\\/#\\\/schema\\\/logo\\\/image\\\/\",\"url\":\"https:\\\/\\\/www.organisator.ch\\\/wp-content\\\/uploads\\\/2022\\\/01\\\/Logo_Organisator_Website.png\",\"contentUrl\":\"https:\\\/\\\/www.organisator.ch\\\/wp-content\\\/uploads\\\/2022\\\/01\\\/Logo_Organisator_Website.png\",\"width\":800,\"height\":77,\"caption\":\"Organisator\"},\"image\":{\"@id\":\"https:\\\/\\\/www.organisator.ch\\\/#\\\/schema\\\/logo\\\/image\\\/\"},\"sameAs\":[\"https:\\\/\\\/www.facebook.com\\\/OrganisatorFachmagazin\",\"https:\\\/\\\/www.linkedin.com\\\/showcase\\\/organisator-das-magazin-fr-kmu\",\"https:\\\/\\\/www.xing.com\\\/news\\\/pages\\\/organisator-ch-695\",\"https:\\\/\\\/www.youtube.com\\\/channel\\\/UCGP2Sq0iWaZwT3BdIAQFYpw\"]},{\"@type\":\"Person\",\"@id\":\"https:\\\/\\\/www.organisator.ch\\\/#\\\/schema\\\/person\\\/a800b8c54e208b160517a7dcc323161d\",\"name\":\"roger.straessle\",\"image\":{\"@type\":\"ImageObject\",\"inLanguage\":\"en-US\",\"@id\":\"https:\\\/\\\/secure.gravatar.com\\\/avatar\\\/?s=96&d=mm&r=g\",\"url\":\"https:\\\/\\\/secure.gravatar.com\\\/avatar\\\/?s=96&d=mm&r=g\",\"contentUrl\":\"https:\\\/\\\/secure.gravatar.com\\\/avatar\\\/?s=96&d=mm&r=g\",\"caption\":\"roger.straessle\"},\"url\":\"https:\\\/\\\/www.organisator.ch\\\/en\\\/author\\\/roger-straessle\\\/\"}]}<\/script>\n<!-- \/ Yoast SEO plugin. -->","yoast_head_json":{"title":"Fine dust - more dangerous than thought - Organizer","description":"The latest studies by the Paul Scherrer Institute show: Fine dust is more dangerous than thought.","robots":{"index":"index","follow":"follow","max-snippet":"max-snippet:-1","max-image-preview":"max-image-preview:large","max-video-preview":"max-video-preview:-1"},"canonical":"https:\/\/www.organisator.ch\/en\/sustainability\/2021-03-20\/feinstaub-gefaehrlicher-als-gedacht\/","og_locale":"en_US","og_type":"article","og_title":"Feinstaub \u2013 gef\u00e4hrlicher als gedacht - Organisator","og_description":"Neuste Untersuchungen des Paul Scherrer Instituts zeigen: Feinstaub ist gef\u00e4hrlicher als gedacht.","og_url":"https:\/\/www.organisator.ch\/en\/sustainability\/2021-03-20\/feinstaub-gefaehrlicher-als-gedacht\/","og_site_name":"Organisator","article_publisher":"https:\/\/www.facebook.com\/OrganisatorFachmagazin","article_published_time":"2021-03-20T06:49:56+00:00","article_modified_time":"2022-02-09T10:09:14+00:00","og_image":[{"width":2560,"height":1707,"url":"https:\/\/www.organisator.ch\/wp-content\/uploads\/2021\/03\/20210317_aerosol_particles_0008-scaled.jpg","type":"image\/jpeg"}],"author":"roger.straessle","twitter_card":"summary_large_image","schema":{"@context":"https:\/\/schema.org","@graph":[{"@type":"Article","@id":"https:\/\/www.organisator.ch\/sustainability\/2021-03-20\/feinstaub-gefaehrlicher-als-gedacht\/#article","isPartOf":{"@id":"https:\/\/www.organisator.ch\/sustainability\/2021-03-20\/feinstaub-gefaehrlicher-als-gedacht\/"},"author":{"name":"roger.straessle","@id":"https:\/\/www.organisator.ch\/#\/schema\/person\/a800b8c54e208b160517a7dcc323161d"},"headline":"Feinstaub \u2013 gef\u00e4hrlicher als gedacht","datePublished":"2021-03-20T06:49:56+00:00","dateModified":"2022-02-09T10:09:14+00:00","mainEntityOfPage":{"@id":"https:\/\/www.organisator.ch\/sustainability\/2021-03-20\/feinstaub-gefaehrlicher-als-gedacht\/"},"wordCount":1027,"publisher":{"@id":"https:\/\/www.organisator.ch\/#organization"},"image":{"@id":"https:\/\/www.organisator.ch\/sustainability\/2021-03-20\/feinstaub-gefaehrlicher-als-gedacht\/#primaryimage"},"thumbnailUrl":"https:\/\/www.organisator.ch\/wp-content\/uploads\/2021\/03\/20210317_aerosol_particles_0008-scaled.jpg","keywords":["Feinstaub","Feinstaubpartikel","PSI","Sauerstoffradikale","Sauerstoffverbindungen","Studien"],"articleSection":["SUSTAINABILITY"],"inLanguage":"en-US"},{"@type":"WebPage","@id":"https:\/\/www.organisator.ch\/sustainability\/2021-03-20\/feinstaub-gefaehrlicher-als-gedacht\/","url":"https:\/\/www.organisator.ch\/sustainability\/2021-03-20\/feinstaub-gefaehrlicher-als-gedacht\/","name":"Fine dust - more dangerous than thought - Organizer","isPartOf":{"@id":"https:\/\/www.organisator.ch\/#website"},"primaryImageOfPage":{"@id":"https:\/\/www.organisator.ch\/sustainability\/2021-03-20\/feinstaub-gefaehrlicher-als-gedacht\/#primaryimage"},"image":{"@id":"https:\/\/www.organisator.ch\/sustainability\/2021-03-20\/feinstaub-gefaehrlicher-als-gedacht\/#primaryimage"},"thumbnailUrl":"https:\/\/www.organisator.ch\/wp-content\/uploads\/2021\/03\/20210317_aerosol_particles_0008-scaled.jpg","datePublished":"2021-03-20T06:49:56+00:00","dateModified":"2022-02-09T10:09:14+00:00","description":"The latest studies by the Paul Scherrer Institute show: Fine dust is more dangerous than thought.","breadcrumb":{"@id":"https:\/\/www.organisator.ch\/sustainability\/2021-03-20\/feinstaub-gefaehrlicher-als-gedacht\/#breadcrumb"},"inLanguage":"en-US","potentialAction":[{"@type":"ReadAction","target":["https:\/\/www.organisator.ch\/sustainability\/2021-03-20\/feinstaub-gefaehrlicher-als-gedacht\/"]}]},{"@type":"ImageObject","inLanguage":"en-US","@id":"https:\/\/www.organisator.ch\/sustainability\/2021-03-20\/feinstaub-gefaehrlicher-als-gedacht\/#primaryimage","url":"https:\/\/www.organisator.ch\/wp-content\/uploads\/2021\/03\/20210317_aerosol_particles_0008-scaled.jpg","contentUrl":"https:\/\/www.organisator.ch\/wp-content\/uploads\/2021\/03\/20210317_aerosol_particles_0008-scaled.jpg","width":2560,"height":1707,"caption":"Markus Ammann an einer der Apparaturen, mit deren Hilfe die Feinstaubuntersuchungen durchgef\u00fchrt wurden. \u00a9 Markus Fischer, PSI"},{"@type":"BreadcrumbList","@id":"https:\/\/www.organisator.ch\/sustainability\/2021-03-20\/feinstaub-gefaehrlicher-als-gedacht\/#breadcrumb","itemListElement":[{"@type":"ListItem","position":1,"name":"Home","item":"https:\/\/www.organisator.ch\/"},{"@type":"ListItem","position":2,"name":"Feinstaub \u2013 gef\u00e4hrlicher als gedacht"}]},{"@type":"WebSite","@id":"https:\/\/www.organisator.ch\/#website","url":"https:\/\/www.organisator.ch\/","name":"Organizer","description":"Competent. Practical. In 10 issues per year, ORGANISATOR presents the essential topics for managers of SMEs.","publisher":{"@id":"https:\/\/www.organisator.ch\/#organization"},"potentialAction":[{"@type":"SearchAction","target":{"@type":"EntryPoint","urlTemplate":"https:\/\/www.organisator.ch\/?s={search_term_string}"},"query-input":{"@type":"PropertyValueSpecification","valueRequired":true,"valueName":"search_term_string"}}],"inLanguage":"en-US"},{"@type":"Organization","@id":"https:\/\/www.organisator.ch\/#organization","name":"Organizer","url":"https:\/\/www.organisator.ch\/","logo":{"@type":"ImageObject","inLanguage":"en-US","@id":"https:\/\/www.organisator.ch\/#\/schema\/logo\/image\/","url":"https:\/\/www.organisator.ch\/wp-content\/uploads\/2022\/01\/Logo_Organisator_Website.png","contentUrl":"https:\/\/www.organisator.ch\/wp-content\/uploads\/2022\/01\/Logo_Organisator_Website.png","width":800,"height":77,"caption":"Organisator"},"image":{"@id":"https:\/\/www.organisator.ch\/#\/schema\/logo\/image\/"},"sameAs":["https:\/\/www.facebook.com\/OrganisatorFachmagazin","https:\/\/www.linkedin.com\/showcase\/organisator-das-magazin-fr-kmu","https:\/\/www.xing.com\/news\/pages\/organisator-ch-695","https:\/\/www.youtube.com\/channel\/UCGP2Sq0iWaZwT3BdIAQFYpw"]},{"@type":"Person","@id":"https:\/\/www.organisator.ch\/#\/schema\/person\/a800b8c54e208b160517a7dcc323161d","name":"roger.straessle","image":{"@type":"ImageObject","inLanguage":"en-US","@id":"https:\/\/secure.gravatar.com\/avatar\/?s=96&d=mm&r=g","url":"https:\/\/secure.gravatar.com\/avatar\/?s=96&d=mm&r=g","contentUrl":"https:\/\/secure.gravatar.com\/avatar\/?s=96&d=mm&r=g","caption":"roger.straessle"},"url":"https:\/\/www.organisator.ch\/en\/author\/roger-straessle\/"}]}},"_links":{"self":[{"href":"https:\/\/www.organisator.ch\/en\/wp-json\/wp\/v2\/posts\/3975","targetHints":{"allow":["GET"]}}],"collection":[{"href":"https:\/\/www.organisator.ch\/en\/wp-json\/wp\/v2\/posts"}],"about":[{"href":"https:\/\/www.organisator.ch\/en\/wp-json\/wp\/v2\/types\/post"}],"author":[{"embeddable":true,"href":"https:\/\/www.organisator.ch\/en\/wp-json\/wp\/v2\/users\/6"}],"replies":[{"embeddable":true,"href":"https:\/\/www.organisator.ch\/en\/wp-json\/wp\/v2\/comments?post=3975"}],"version-history":[{"count":1,"href":"https:\/\/www.organisator.ch\/en\/wp-json\/wp\/v2\/posts\/3975\/revisions"}],"predecessor-version":[{"id":10771,"href":"https:\/\/www.organisator.ch\/en\/wp-json\/wp\/v2\/posts\/3975\/revisions\/10771"}],"wp:featuredmedia":[{"embeddable":true,"href":"https:\/\/www.organisator.ch\/en\/wp-json\/wp\/v2\/media\/9779"}],"wp:attachment":[{"href":"https:\/\/www.organisator.ch\/en\/wp-json\/wp\/v2\/media?parent=3975"}],"wp:term":[{"taxonomy":"category","embeddable":true,"href":"https:\/\/www.organisator.ch\/en\/wp-json\/wp\/v2\/categories?post=3975"},{"taxonomy":"post_tag","embeddable":true,"href":"https:\/\/www.organisator.ch\/en\/wp-json\/wp\/v2\/tags?post=3975"}],"curies":[{"name":"wp","href":"https:\/\/api.w.org\/{rel}","templated":true}]}}