{"id":39756,"date":"2025-08-05T08:24:58","date_gmt":"2025-08-05T06:24:58","guid":{"rendered":"https:\/\/www.organisator.ch\/?p=39756"},"modified":"2025-08-06T15:35:43","modified_gmt":"2025-08-06T13:35:43","slug":"buehler-trauert-um-urs-buehler","status":"publish","type":"post","link":"https:\/\/www.organisator.ch\/en\/management\/2025-08-05\/buehler-trauert-um-urs-buehler\/","title":{"rendered":"B\u00fchler mourns the death of Urs B\u00fchler"},"content":{"rendered":"<figure id=\"attachment_39757\" aria-describedby=\"caption-attachment-39757\" style=\"width: 680px\" class=\"wp-caption alignnone\"><img loading=\"lazy\" decoding=\"async\" class=\"size-full wp-image-39757\" src=\"https:\/\/www.organisator.ch\/wp-content\/uploads\/2025\/08\/Buehler-trauert-um-Urs-Buehler_Organisator.jpg\" alt=\"\" width=\"680\" height=\"534\" srcset=\"https:\/\/www.organisator.ch\/wp-content\/uploads\/2025\/08\/Buehler-trauert-um-Urs-Buehler_Organisator.jpg 680w, https:\/\/www.organisator.ch\/wp-content\/uploads\/2025\/08\/Buehler-trauert-um-Urs-Buehler_Organisator-15x12.jpg 15w, https:\/\/www.organisator.ch\/wp-content\/uploads\/2025\/08\/Buehler-trauert-um-Urs-Buehler_Organisator-375x294.jpg 375w, https:\/\/www.organisator.ch\/wp-content\/uploads\/2025\/08\/Buehler-trauert-um-Urs-Buehler_Organisator-446x350.jpg 446w\" sizes=\"auto, (max-width: 680px) 100vw, 680px\" \/><figcaption id=\"caption-attachment-39757\" class=\"wp-caption-text\">Urs B\u00fchler, long-standing owner, Group CEO and Chairman of the Board of Directors of B\u00fchler AG, passed away on August 1, 2025. (Image: B\u00fchler AG)<\/figcaption><\/figure>\n<p>Urs B\u00fchler was born in Uzwil in 1943 and spent his youth there. He attended the cantonal school at Burggraben in St.Gallen and then studied mechanical engineering at ETH Zurich. After joining B\u00fchler in 1970, he held various positions in Switzerland and abroad until he was appointed CEO in 1986. In 1994, he also took over as Chairman of the Board of Directors. From 1990, Urs B\u00fchler was the sole owner of the company. During his career, Urs B\u00fchler held numerous external mandates, including on the Boards of Directors of Swiss Bank Corporation, the Sulzer Group and Winterthur Insurance. He was also a member of the board of Swissmem for 30 years, making a significant contribution to Swiss industrial history.<\/p>\n<p>In 2001, as part of his succession planning, he transferred operational responsibility for the Group to Calvin Grieder, who also took over as Chairman of the Board of Directors in 2014. Also in 2014, Urs B\u00fchler made forward-looking arrangements for the succession of ownership of the company by transferring the company shares to his daughters Karin, Maya and Jeannine B\u00fchler - the 5th generation of owners. Uze AG, which was founded in 1892 and manages the family's properties, was handed over to the daughters in 2011. \"We are committed to the life's work of our father and our predecessors and will continue to run B\u00fchler as a family business. We also fully support the strategic direction with a strong focus on innovation, training and further education as well as sustainability,\" emphasize the three daughters.\u00a0<\/p>\n<p>In his more than 50 years at B\u00fchler, Urs B\u00fchler has shaped the company to this day and ensured its successful further development with numerous long-term decisions. These include, in particular, the internationalization and global expansion of the company, the entry into new fields of technology such as extrusion, and the early use of modern information and automation technologies. His policy of never compromising on innovation is well known and still applies today. This focus on innovation within the company can be seen, among other things, in the Urs B\u00fchler Innovation Fund - an innovation advisory board made up of recognized experts, which Urs B\u00fchler personally attended with great enthusiasm and commitment -, the construction of the Cubic Innovation Campus and the recently opened B\u00fchler Energy Center. Under Urs B\u00fchler's leadership, the mechanical engineering company developed into a broad-based and globally positioned technology group with a comprehensive range of solutions for the food and mobility industries. His life's work has laid the foundation for B\u00fchler to be in an excellent position today to successfully master current and future challenges.\u00a0<\/p>\n<p>Despite all his successes, Urs B\u00fchler remained a modest, reserved and empathetic person. In addition to technology and the company, his other great passions were equestrian sports and skiing, as well as a holistic approach to the health of people and animals. The latter found expression in Health Balance AG, which Urs B\u00fchler founded in 2004. Here, too, Urs B\u00fchler always led the way with commitment and innovation.\u00a0<\/p>\n<p><em>Source: <a href=\"http:\/\/www.buhlergroup.com\">Buhler<\/a><\/em><\/p>","protected":false},"excerpt":{"rendered":"<p>Switzerland has lost an important business personality: Urs B\u00fchler. He passed away on August 1, 2025 at the age of 82. Urs B\u00fchler had a decisive influence on the company of the same name for more than five decades from 1970 as owner, CEO and Chairman of the Board of Directors. In 2014, Urs B\u00fchler transferred his shares in the company to his daughters Karin, Maya and Jeannine B\u00fchler, thereby foresightedly ensuring the succession and continuation of B\u00fchler as a family business.<\/p>","protected":false},"author":4,"featured_media":39757,"comment_status":"closed","ping_status":"closed","sticky":false,"template":"","format":"standard","meta":{"_acf_changed":false,"_yoast_wpseo_focuskw":"Urs B\u00fchler","_yoast_wpseo_metadesc":"Die Schweiz verliert eine bedeutende Unternehmerpers\u00f6nlichkeit: Urs B\u00fchler. Er verstarb am 1. August 2025 im Alter von 82 Jahren.","articlekey":"","footnotes":""},"categories":[28],"tags":[335,381,492],"class_list":["post-39756","post","type-post","status-publish","format-standard","has-post-thumbnail","hentry","category-management","tag-management-und-unternehmensfuehrung","tag-personalia","tag-unternehmen"],"acf":[],"yoast_head":"<!-- This site is optimized with the Yoast SEO plugin v27.5 - https:\/\/yoast.com\/product\/yoast-seo-wordpress\/ -->\n<title>B\u00fchler trauert um Urs B\u00fchler - Organisator<\/title>\n<meta name=\"description\" content=\"Die Schweiz verliert eine bedeutende Unternehmerpers\u00f6nlichkeit: Urs B\u00fchler. Er verstarb am 1. August 2025 im Alter von 82 Jahren.\" \/>\n<meta name=\"robots\" content=\"index, follow, max-snippet:-1, max-image-preview:large, max-video-preview:-1\" \/>\n<link rel=\"canonical\" href=\"https:\/\/www.organisator.ch\/en\/management\/2025-08-05\/buehler-trauert-um-urs-buehler\/\" \/>\n<meta property=\"og:locale\" content=\"en_US\" \/>\n<meta property=\"og:type\" content=\"article\" \/>\n<meta property=\"og:title\" content=\"B\u00fchler trauert um Urs B\u00fchler\" \/>\n<meta property=\"og:description\" content=\"Die Schweiz verliert eine bedeutende Unternehmerpers\u00f6nlichkeit: Urs B\u00fchler. Er verstarb am 1. August 2025 im Alter von 82 Jahren.\" \/>\n<meta property=\"og:url\" content=\"https:\/\/www.organisator.ch\/en\/management\/2025-08-05\/buehler-trauert-um-urs-buehler\/\" \/>\n<meta property=\"og:site_name\" content=\"Organisator\" \/>\n<meta property=\"article:publisher\" content=\"https:\/\/www.facebook.com\/OrganisatorFachmagazin\" \/>\n<meta property=\"article:published_time\" content=\"2025-08-05T06:24:58+00:00\" \/>\n<meta property=\"article:modified_time\" content=\"2025-08-06T13:35:43+00:00\" \/>\n<meta property=\"og:image\" content=\"https:\/\/www.organisator.ch\/wp-content\/uploads\/2025\/08\/Buehler-trauert-um-Urs-Buehler_Organisator.jpg\" \/>\n\t<meta property=\"og:image:width\" content=\"680\" \/>\n\t<meta property=\"og:image:height\" content=\"534\" \/>\n\t<meta property=\"og:image:type\" content=\"image\/jpeg\" \/>\n<meta name=\"author\" content=\"thomas.berner\" \/>\n<meta name=\"twitter:card\" content=\"summary_large_image\" \/>\n<meta name=\"twitter:title\" content=\"#B\u00fchler trauert um Urs B\u00fchler\" \/>\n<meta name=\"twitter:description\" content=\"Die #Schweiz verliert eine bedeutende #Unternehmerpers\u00f6nlichkeit: Urs #B\u00fchler. Er verstarb am 1. August 2025 im Alter von 82 Jahren.\" \/>\n<meta name=\"twitter:image\" content=\"https:\/\/www.organisator.ch\/wp-content\/uploads\/2025\/08\/Buehler-trauert-um-Urs-Buehler_Organisator.jpg\" \/>\n<script type=\"application\/ld+json\" class=\"yoast-schema-graph\">{\"@context\":\"https:\\\/\\\/schema.org\",\"@graph\":[{\"@type\":\"Article\",\"@id\":\"https:\\\/\\\/www.organisator.ch\\\/management\\\/2025-08-05\\\/buehler-trauert-um-urs-buehler\\\/#article\",\"isPartOf\":{\"@id\":\"https:\\\/\\\/www.organisator.ch\\\/management\\\/2025-08-05\\\/buehler-trauert-um-urs-buehler\\\/\"},\"author\":{\"name\":\"thomas.berner\",\"@id\":\"https:\\\/\\\/www.organisator.ch\\\/#\\\/schema\\\/person\\\/6f650f90b2842cd4c0cc334b4e36f67e\"},\"headline\":\"B\u00fchler trauert um Urs B\u00fchler\",\"datePublished\":\"2025-08-05T06:24:58+00:00\",\"dateModified\":\"2025-08-06T13:35:43+00:00\",\"mainEntityOfPage\":{\"@id\":\"https:\\\/\\\/www.organisator.ch\\\/management\\\/2025-08-05\\\/buehler-trauert-um-urs-buehler\\\/\"},\"wordCount\":527,\"publisher\":{\"@id\":\"https:\\\/\\\/www.organisator.ch\\\/#organization\"},\"image\":{\"@id\":\"https:\\\/\\\/www.organisator.ch\\\/management\\\/2025-08-05\\\/buehler-trauert-um-urs-buehler\\\/#primaryimage\"},\"thumbnailUrl\":\"https:\\\/\\\/www.organisator.ch\\\/wp-content\\\/uploads\\\/2025\\\/08\\\/Buehler-trauert-um-Urs-Buehler_Organisator.jpg\",\"keywords\":[\"Management und Unternehmensf\u00fchrung\",\"Personalia\",\"Unternehmen\"],\"articleSection\":[\"MANAGEMENT\"],\"inLanguage\":\"en-US\"},{\"@type\":\"WebPage\",\"@id\":\"https:\\\/\\\/www.organisator.ch\\\/management\\\/2025-08-05\\\/buehler-trauert-um-urs-buehler\\\/\",\"url\":\"https:\\\/\\\/www.organisator.ch\\\/management\\\/2025-08-05\\\/buehler-trauert-um-urs-buehler\\\/\",\"name\":\"B\u00fchler trauert um Urs B\u00fchler - Organisator\",\"isPartOf\":{\"@id\":\"https:\\\/\\\/www.organisator.ch\\\/#website\"},\"primaryImageOfPage\":{\"@id\":\"https:\\\/\\\/www.organisator.ch\\\/management\\\/2025-08-05\\\/buehler-trauert-um-urs-buehler\\\/#primaryimage\"},\"image\":{\"@id\":\"https:\\\/\\\/www.organisator.ch\\\/management\\\/2025-08-05\\\/buehler-trauert-um-urs-buehler\\\/#primaryimage\"},\"thumbnailUrl\":\"https:\\\/\\\/www.organisator.ch\\\/wp-content\\\/uploads\\\/2025\\\/08\\\/Buehler-trauert-um-Urs-Buehler_Organisator.jpg\",\"datePublished\":\"2025-08-05T06:24:58+00:00\",\"dateModified\":\"2025-08-06T13:35:43+00:00\",\"description\":\"Die Schweiz verliert eine bedeutende Unternehmerpers\u00f6nlichkeit: Urs B\u00fchler. Er verstarb am 1. August 2025 im Alter von 82 Jahren.\",\"breadcrumb\":{\"@id\":\"https:\\\/\\\/www.organisator.ch\\\/management\\\/2025-08-05\\\/buehler-trauert-um-urs-buehler\\\/#breadcrumb\"},\"inLanguage\":\"en-US\",\"potentialAction\":[{\"@type\":\"ReadAction\",\"target\":[\"https:\\\/\\\/www.organisator.ch\\\/management\\\/2025-08-05\\\/buehler-trauert-um-urs-buehler\\\/\"]}]},{\"@type\":\"ImageObject\",\"inLanguage\":\"en-US\",\"@id\":\"https:\\\/\\\/www.organisator.ch\\\/management\\\/2025-08-05\\\/buehler-trauert-um-urs-buehler\\\/#primaryimage\",\"url\":\"https:\\\/\\\/www.organisator.ch\\\/wp-content\\\/uploads\\\/2025\\\/08\\\/Buehler-trauert-um-Urs-Buehler_Organisator.jpg\",\"contentUrl\":\"https:\\\/\\\/www.organisator.ch\\\/wp-content\\\/uploads\\\/2025\\\/08\\\/Buehler-trauert-um-Urs-Buehler_Organisator.jpg\",\"width\":680,\"height\":534,\"caption\":\"Urs B\u00fchler, langj\u00e4hriger Eigent\u00fcmer, Konzernleiter und Verwaltungsratspr\u00e4sident der B\u00fchler AG, ist am 1. August 2025 verstorben. (Bild: B\u00fchler AG)\"},{\"@type\":\"BreadcrumbList\",\"@id\":\"https:\\\/\\\/www.organisator.ch\\\/management\\\/2025-08-05\\\/buehler-trauert-um-urs-buehler\\\/#breadcrumb\",\"itemListElement\":[{\"@type\":\"ListItem\",\"position\":1,\"name\":\"Home\",\"item\":\"https:\\\/\\\/www.organisator.ch\\\/\"},{\"@type\":\"ListItem\",\"position\":2,\"name\":\"B\u00fchler trauert um Urs B\u00fchler\"}]},{\"@type\":\"WebSite\",\"@id\":\"https:\\\/\\\/www.organisator.ch\\\/#website\",\"url\":\"https:\\\/\\\/www.organisator.ch\\\/\",\"name\":\"Organisator\",\"description\":\"Kompetent. Praxisnah. Der ORGANISATOR bereitet in 10 Ausgaben pro Jahr die wesentlichen Themen f\u00fcr F\u00fchrungskr\u00e4fte von KMU auf.\",\"publisher\":{\"@id\":\"https:\\\/\\\/www.organisator.ch\\\/#organization\"},\"potentialAction\":[{\"@type\":\"SearchAction\",\"target\":{\"@type\":\"EntryPoint\",\"urlTemplate\":\"https:\\\/\\\/www.organisator.ch\\\/?s={search_term_string}\"},\"query-input\":{\"@type\":\"PropertyValueSpecification\",\"valueRequired\":true,\"valueName\":\"search_term_string\"}}],\"inLanguage\":\"en-US\"},{\"@type\":\"Organization\",\"@id\":\"https:\\\/\\\/www.organisator.ch\\\/#organization\",\"name\":\"Organisator\",\"url\":\"https:\\\/\\\/www.organisator.ch\\\/\",\"logo\":{\"@type\":\"ImageObject\",\"inLanguage\":\"en-US\",\"@id\":\"https:\\\/\\\/www.organisator.ch\\\/#\\\/schema\\\/logo\\\/image\\\/\",\"url\":\"https:\\\/\\\/www.organisator.ch\\\/wp-content\\\/uploads\\\/2022\\\/01\\\/Logo_Organisator_Website.png\",\"contentUrl\":\"https:\\\/\\\/www.organisator.ch\\\/wp-content\\\/uploads\\\/2022\\\/01\\\/Logo_Organisator_Website.png\",\"width\":800,\"height\":77,\"caption\":\"Organisator\"},\"image\":{\"@id\":\"https:\\\/\\\/www.organisator.ch\\\/#\\\/schema\\\/logo\\\/image\\\/\"},\"sameAs\":[\"https:\\\/\\\/www.facebook.com\\\/OrganisatorFachmagazin\",\"https:\\\/\\\/www.linkedin.com\\\/showcase\\\/organisator-das-magazin-fr-kmu\",\"https:\\\/\\\/www.xing.com\\\/news\\\/pages\\\/organisator-ch-695\",\"https:\\\/\\\/www.youtube.com\\\/channel\\\/UCGP2Sq0iWaZwT3BdIAQFYpw\"]},{\"@type\":\"Person\",\"@id\":\"https:\\\/\\\/www.organisator.ch\\\/#\\\/schema\\\/person\\\/6f650f90b2842cd4c0cc334b4e36f67e\",\"name\":\"thomas.berner\",\"image\":{\"@type\":\"ImageObject\",\"inLanguage\":\"en-US\",\"@id\":\"https:\\\/\\\/secure.gravatar.com\\\/avatar\\\/ac5001d2a36cb6c6cd3e50789007ffca834b477b74a2144564522e944eabff61?s=96&d=mm&r=g\",\"url\":\"https:\\\/\\\/secure.gravatar.com\\\/avatar\\\/ac5001d2a36cb6c6cd3e50789007ffca834b477b74a2144564522e944eabff61?s=96&d=mm&r=g\",\"contentUrl\":\"https:\\\/\\\/secure.gravatar.com\\\/avatar\\\/ac5001d2a36cb6c6cd3e50789007ffca834b477b74a2144564522e944eabff61?s=96&d=mm&r=g\",\"caption\":\"thomas.berner\"},\"url\":\"https:\\\/\\\/www.organisator.ch\\\/en\\\/author\\\/thomas-berner\\\/\"}]}<\/script>\n<!-- \/ Yoast SEO plugin. -->","yoast_head_json":{"title":"B\u00fchler mourns the death of Urs B\u00fchler - organizer","description":"Switzerland has lost an important entrepreneurial personality: Urs B\u00fchler. He passed away on August 1, 2025 at the age of 82.","robots":{"index":"index","follow":"follow","max-snippet":"max-snippet:-1","max-image-preview":"max-image-preview:large","max-video-preview":"max-video-preview:-1"},"canonical":"https:\/\/www.organisator.ch\/en\/management\/2025-08-05\/buehler-trauert-um-urs-buehler\/","og_locale":"en_US","og_type":"article","og_title":"B\u00fchler trauert um Urs B\u00fchler","og_description":"Die Schweiz verliert eine bedeutende Unternehmerpers\u00f6nlichkeit: Urs B\u00fchler. Er verstarb am 1. August 2025 im Alter von 82 Jahren.","og_url":"https:\/\/www.organisator.ch\/en\/management\/2025-08-05\/buehler-trauert-um-urs-buehler\/","og_site_name":"Organisator","article_publisher":"https:\/\/www.facebook.com\/OrganisatorFachmagazin","article_published_time":"2025-08-05T06:24:58+00:00","article_modified_time":"2025-08-06T13:35:43+00:00","og_image":[{"width":680,"height":534,"url":"https:\/\/www.organisator.ch\/wp-content\/uploads\/2025\/08\/Buehler-trauert-um-Urs-Buehler_Organisator.jpg","type":"image\/jpeg"}],"author":"thomas.berner","twitter_card":"summary_large_image","twitter_title":"#B\u00fchler trauert um Urs B\u00fchler","twitter_description":"Die #Schweiz verliert eine bedeutende #Unternehmerpers\u00f6nlichkeit: Urs #B\u00fchler. Er verstarb am 1. August 2025 im Alter von 82 Jahren.","twitter_image":"https:\/\/www.organisator.ch\/wp-content\/uploads\/2025\/08\/Buehler-trauert-um-Urs-Buehler_Organisator.jpg","schema":{"@context":"https:\/\/schema.org","@graph":[{"@type":"Article","@id":"https:\/\/www.organisator.ch\/management\/2025-08-05\/buehler-trauert-um-urs-buehler\/#article","isPartOf":{"@id":"https:\/\/www.organisator.ch\/management\/2025-08-05\/buehler-trauert-um-urs-buehler\/"},"author":{"name":"thomas.berner","@id":"https:\/\/www.organisator.ch\/#\/schema\/person\/6f650f90b2842cd4c0cc334b4e36f67e"},"headline":"B\u00fchler trauert um Urs B\u00fchler","datePublished":"2025-08-05T06:24:58+00:00","dateModified":"2025-08-06T13:35:43+00:00","mainEntityOfPage":{"@id":"https:\/\/www.organisator.ch\/management\/2025-08-05\/buehler-trauert-um-urs-buehler\/"},"wordCount":527,"publisher":{"@id":"https:\/\/www.organisator.ch\/#organization"},"image":{"@id":"https:\/\/www.organisator.ch\/management\/2025-08-05\/buehler-trauert-um-urs-buehler\/#primaryimage"},"thumbnailUrl":"https:\/\/www.organisator.ch\/wp-content\/uploads\/2025\/08\/Buehler-trauert-um-Urs-Buehler_Organisator.jpg","keywords":["Management und Unternehmensf\u00fchrung","Personalia","Unternehmen"],"articleSection":["MANAGEMENT"],"inLanguage":"en-US"},{"@type":"WebPage","@id":"https:\/\/www.organisator.ch\/management\/2025-08-05\/buehler-trauert-um-urs-buehler\/","url":"https:\/\/www.organisator.ch\/management\/2025-08-05\/buehler-trauert-um-urs-buehler\/","name":"B\u00fchler mourns the death of Urs B\u00fchler - organizer","isPartOf":{"@id":"https:\/\/www.organisator.ch\/#website"},"primaryImageOfPage":{"@id":"https:\/\/www.organisator.ch\/management\/2025-08-05\/buehler-trauert-um-urs-buehler\/#primaryimage"},"image":{"@id":"https:\/\/www.organisator.ch\/management\/2025-08-05\/buehler-trauert-um-urs-buehler\/#primaryimage"},"thumbnailUrl":"https:\/\/www.organisator.ch\/wp-content\/uploads\/2025\/08\/Buehler-trauert-um-Urs-Buehler_Organisator.jpg","datePublished":"2025-08-05T06:24:58+00:00","dateModified":"2025-08-06T13:35:43+00:00","description":"Switzerland has lost an important entrepreneurial personality: Urs B\u00fchler. He passed away on August 1, 2025 at the age of 82.","breadcrumb":{"@id":"https:\/\/www.organisator.ch\/management\/2025-08-05\/buehler-trauert-um-urs-buehler\/#breadcrumb"},"inLanguage":"en-US","potentialAction":[{"@type":"ReadAction","target":["https:\/\/www.organisator.ch\/management\/2025-08-05\/buehler-trauert-um-urs-buehler\/"]}]},{"@type":"ImageObject","inLanguage":"en-US","@id":"https:\/\/www.organisator.ch\/management\/2025-08-05\/buehler-trauert-um-urs-buehler\/#primaryimage","url":"https:\/\/www.organisator.ch\/wp-content\/uploads\/2025\/08\/Buehler-trauert-um-Urs-Buehler_Organisator.jpg","contentUrl":"https:\/\/www.organisator.ch\/wp-content\/uploads\/2025\/08\/Buehler-trauert-um-Urs-Buehler_Organisator.jpg","width":680,"height":534,"caption":"Urs B\u00fchler, langj\u00e4hriger Eigent\u00fcmer, Konzernleiter und Verwaltungsratspr\u00e4sident der B\u00fchler AG, ist am 1. August 2025 verstorben. (Bild: B\u00fchler AG)"},{"@type":"BreadcrumbList","@id":"https:\/\/www.organisator.ch\/management\/2025-08-05\/buehler-trauert-um-urs-buehler\/#breadcrumb","itemListElement":[{"@type":"ListItem","position":1,"name":"Home","item":"https:\/\/www.organisator.ch\/"},{"@type":"ListItem","position":2,"name":"B\u00fchler trauert um Urs B\u00fchler"}]},{"@type":"WebSite","@id":"https:\/\/www.organisator.ch\/#website","url":"https:\/\/www.organisator.ch\/","name":"Organizer","description":"Competent. Practical. In 10 issues per year, ORGANISATOR presents the essential topics for managers of SMEs.","publisher":{"@id":"https:\/\/www.organisator.ch\/#organization"},"potentialAction":[{"@type":"SearchAction","target":{"@type":"EntryPoint","urlTemplate":"https:\/\/www.organisator.ch\/?s={search_term_string}"},"query-input":{"@type":"PropertyValueSpecification","valueRequired":true,"valueName":"search_term_string"}}],"inLanguage":"en-US"},{"@type":"Organization","@id":"https:\/\/www.organisator.ch\/#organization","name":"Organizer","url":"https:\/\/www.organisator.ch\/","logo":{"@type":"ImageObject","inLanguage":"en-US","@id":"https:\/\/www.organisator.ch\/#\/schema\/logo\/image\/","url":"https:\/\/www.organisator.ch\/wp-content\/uploads\/2022\/01\/Logo_Organisator_Website.png","contentUrl":"https:\/\/www.organisator.ch\/wp-content\/uploads\/2022\/01\/Logo_Organisator_Website.png","width":800,"height":77,"caption":"Organisator"},"image":{"@id":"https:\/\/www.organisator.ch\/#\/schema\/logo\/image\/"},"sameAs":["https:\/\/www.facebook.com\/OrganisatorFachmagazin","https:\/\/www.linkedin.com\/showcase\/organisator-das-magazin-fr-kmu","https:\/\/www.xing.com\/news\/pages\/organisator-ch-695","https:\/\/www.youtube.com\/channel\/UCGP2Sq0iWaZwT3BdIAQFYpw"]},{"@type":"Person","@id":"https:\/\/www.organisator.ch\/#\/schema\/person\/6f650f90b2842cd4c0cc334b4e36f67e","name":"thomas.berner","image":{"@type":"ImageObject","inLanguage":"en-US","@id":"https:\/\/secure.gravatar.com\/avatar\/ac5001d2a36cb6c6cd3e50789007ffca834b477b74a2144564522e944eabff61?s=96&d=mm&r=g","url":"https:\/\/secure.gravatar.com\/avatar\/ac5001d2a36cb6c6cd3e50789007ffca834b477b74a2144564522e944eabff61?s=96&d=mm&r=g","contentUrl":"https:\/\/secure.gravatar.com\/avatar\/ac5001d2a36cb6c6cd3e50789007ffca834b477b74a2144564522e944eabff61?s=96&d=mm&r=g","caption":"thomas.berner"},"url":"https:\/\/www.organisator.ch\/en\/author\/thomas-berner\/"}]}},"_links":{"self":[{"href":"https:\/\/www.organisator.ch\/en\/wp-json\/wp\/v2\/posts\/39756","targetHints":{"allow":["GET"]}}],"collection":[{"href":"https:\/\/www.organisator.ch\/en\/wp-json\/wp\/v2\/posts"}],"about":[{"href":"https:\/\/www.organisator.ch\/en\/wp-json\/wp\/v2\/types\/post"}],"author":[{"embeddable":true,"href":"https:\/\/www.organisator.ch\/en\/wp-json\/wp\/v2\/users\/4"}],"replies":[{"embeddable":true,"href":"https:\/\/www.organisator.ch\/en\/wp-json\/wp\/v2\/comments?post=39756"}],"version-history":[{"count":4,"href":"https:\/\/www.organisator.ch\/en\/wp-json\/wp\/v2\/posts\/39756\/revisions"}],"predecessor-version":[{"id":39796,"href":"https:\/\/www.organisator.ch\/en\/wp-json\/wp\/v2\/posts\/39756\/revisions\/39796"}],"wp:featuredmedia":[{"embeddable":true,"href":"https:\/\/www.organisator.ch\/en\/wp-json\/wp\/v2\/media\/39757"}],"wp:attachment":[{"href":"https:\/\/www.organisator.ch\/en\/wp-json\/wp\/v2\/media?parent=39756"}],"wp:term":[{"taxonomy":"category","embeddable":true,"href":"https:\/\/www.organisator.ch\/en\/wp-json\/wp\/v2\/categories?post=39756"},{"taxonomy":"post_tag","embeddable":true,"href":"https:\/\/www.organisator.ch\/en\/wp-json\/wp\/v2\/tags?post=39756"}],"curies":[{"name":"wp","href":"https:\/\/api.w.org\/{rel}","templated":true}]}}