{"id":39789,"date":"2025-08-06T11:17:54","date_gmt":"2025-08-06T09:17:54","guid":{"rendered":"https:\/\/www.organisator.ch\/?p=39789"},"modified":"2025-09-09T08:34:05","modified_gmt":"2025-09-09T06:34:05","slug":"neue-staffel-die-hoehle-der-loewen-schweiz-startet-am-19-august","status":"publish","type":"post","link":"https:\/\/www.organisator.ch\/en\/marketing\/2025-08-06\/neue-staffel-die-hoehle-der-loewen-schweiz-startet-am-19-august\/","title":{"rendered":"New season of \"Die H\u00f6hle der L\u00f6wen Schweiz\" starts on August 19"},"content":{"rendered":"<figure id=\"attachment_39790\" aria-describedby=\"caption-attachment-39790\" style=\"width: 680px\" class=\"wp-caption alignnone\"><img loading=\"lazy\" decoding=\"async\" class=\"size-full wp-image-39790\" src=\"https:\/\/www.organisator.ch\/wp-content\/uploads\/2025\/08\/Neue-Staffel-Die-Hoehle-der-Loewen-Schweiz-startet-am-19.-August_Organisator.jpg\" alt=\"\" width=\"680\" height=\"501\" srcset=\"https:\/\/www.organisator.ch\/wp-content\/uploads\/2025\/08\/Neue-Staffel-Die-Hoehle-der-Loewen-Schweiz-startet-am-19.-August_Organisator.jpg 680w, https:\/\/www.organisator.ch\/wp-content\/uploads\/2025\/08\/Neue-Staffel-Die-Hoehle-der-Loewen-Schweiz-startet-am-19.-August_Organisator-16x12.jpg 16w, https:\/\/www.organisator.ch\/wp-content\/uploads\/2025\/08\/Neue-Staffel-Die-Hoehle-der-Loewen-Schweiz-startet-am-19.-August_Organisator-375x276.jpg 375w, https:\/\/www.organisator.ch\/wp-content\/uploads\/2025\/08\/Neue-Staffel-Die-Hoehle-der-Loewen-Schweiz-startet-am-19.-August_Organisator-475x350.jpg 475w\" sizes=\"auto, (max-width: 680px) 100vw, 680px\" \/><figcaption id=\"caption-attachment-39790\" class=\"wp-caption-text\">The now established team of investors from \"Die H\u00f6hle der L\u00f6wen Schweiz\". (Image: CH Media)<\/figcaption><\/figure>\n<p>Why hasn't anyone thought of this yet? Who <a href=\"https:\/\/www.organisator.ch\/de\/management\/2024-10-23\/die-hoehle-der-loewen-schweiz-6-7-das-beste-kommt-zum-schluss-oder-doch-naechstes-jahr\/\">\"The Lion's Den Switzerland\"<\/a> will probably ask themselves this question. Some start-ups surprise with seemingly obvious ideas with a big impact. The new season will once again present many more or less smart business ideas from August 19, 2025.<\/p>\n<p>In the battle for an investment, the neo-entrepreneurs must succeed in convincing these investors of their ideas: online retail expert and brack.ch founder Roland Brack, business apartment pioneer Anja Graf, tech entrepreneur Bettina Hein, Amorana co-founder and CEO Lukas Speiser, investment firm owner J\u00fcrg Schwarzenbach, dermatologist and entrepreneur Felix Bertram, AI entrepreneur Nicole B\u00fcttner-Thiel and IT entrepreneur Tom Zimmermann.<\/p>\n<h3><strong>Which start-ups stand out in particular?<\/strong><\/h3>\n<p>This time, 49 exciting start-ups from a wide range of sectors are venturing into the Lion's Den. For example:<\/p>\n<ul>\n<li><strong>Nidino AG - Childcare with day families (ZH)<\/strong><br \/>\nFor a better work-life balance, Nidino connects parents with qualified childminders to provide children with loving care in a nurturing environment. Cheaper and more flexible than daycare centers. The service is also aimed at kindergarten and school children. A start-up from Zurich makes it possible.<\/li>\n<li><strong>4Fondue GmbH - Caquelon with four compartments (ZH)\u00a0<\/strong><br \/>\nEnjoy together - but each to their own taste: whether moiti\u00e9-moiti\u00e9, Appenzeller fondue, a truffle variation or a vegan alternative - with this caquelon, everything is possible at the same time. It is suitable for cheese, chinoise or chocolate fondue. An invention from M\u00f6nchaltorf ZH.<\/li>\n<li><strong>Crowd Sports - Football platform that connects clubs, players and fans (ZG)<\/strong><br \/>\nAt Crowd Sports, fans can help finance and shape their favorite club. The club can use their money to realize transfers. The fans receive rewards such as VIP tickets, meetings with players, goal bonuses or bonuses depending on their position in the league. The business model is coordinated with FIFA. An idea from Baar ZG.<\/li>\n<li><strong>feelgood Condoms - vegan condoms (AG)<\/strong><br \/>\nVegan carnal pleasure: Feelgood is the first certified vegan and sustainable Swiss condom brand. The start-up from Baden AG produces other products in addition to condoms. The founder amazes the lionesses and lions.<\/li>\n<li><strong>Wachmeister - caffeinated chewing gum (SZ)<br \/>\n<\/strong>Wachmeister is a hip brand for caffeinated and vitamin-rich chewing gum and sweets. What is special about this start-up from Wollerau SZ is not the product, but its founder. His commitment is second to none.<\/li>\n<\/ul>\n<p>The seventh season of \"Die H\u00f6hle der L\u00f6wen Schweiz\" will run in 9 episodes from Tuesday, August 19, 2025, at 8:15 p.m. on 3+.<\/p>\n<p><em><a href=\"https:\/\/www.oneplus.ch\/welcome?lp=hoehlederloewen\">More information<\/a><\/em><\/p>","protected":false},"excerpt":{"rendered":"<p>A new season of \"Die H\u00f6hle der L\u00f6wen Schweiz\" will start on August 19, 2025, and Swiss TV and streaming audiences can once again look forward to original start-ups. There are particularly remarkable innovations for parents, fondue lovers and football fans.<\/p>","protected":false},"author":4,"featured_media":39790,"comment_status":"closed","ping_status":"closed","sticky":false,"template":"","format":"standard","meta":{"_acf_changed":false,"_yoast_wpseo_focuskw":"Neue Staffel","_yoast_wpseo_metadesc":"Am 19. August 2025 startet die neue Staffel von \u00abDie H\u00f6hle der L\u00f6wen Schweiz\u00bb, wo originelle Start-ups ihre Business-Ideen pr\u00e4sentieren.","articlekey":"","footnotes":""},"categories":[29],"tags":[4015,451,3982],"class_list":["post-39789","post","type-post","status-publish","format-standard","has-post-thumbnail","hentry","category-marketing","tag-die-hoehle-der-loewen-schweiz","tag-startups","tag-unterhaltung"],"acf":[],"yoast_head":"<!-- This site is optimized with the Yoast SEO plugin v27.5 - https:\/\/yoast.com\/product\/yoast-seo-wordpress\/ -->\n<title>Neue Staffel \u00abDie H\u00f6hle der L\u00f6wen Schweiz\u00bb startet am 19. August - Organisator<\/title>\n<meta name=\"description\" content=\"Am 19. August 2025 startet die neue Staffel von \u00abDie H\u00f6hle der L\u00f6wen Schweiz\u00bb, wo originelle Start-ups ihre Business-Ideen pr\u00e4sentieren.\" \/>\n<meta name=\"robots\" content=\"index, follow, max-snippet:-1, max-image-preview:large, max-video-preview:-1\" \/>\n<link rel=\"canonical\" href=\"https:\/\/www.organisator.ch\/en\/marketing\/2025-08-06\/neue-staffel-die-hoehle-der-loewen-schweiz-startet-am-19-august\/\" \/>\n<meta property=\"og:locale\" content=\"en_US\" \/>\n<meta property=\"og:type\" content=\"article\" \/>\n<meta property=\"og:title\" content=\"Neue Staffel \u00abDie H\u00f6hle der L\u00f6wen Schweiz\u00bb startet am 19. August\" \/>\n<meta property=\"og:description\" content=\"Am 19. August 2025 startet die neue Staffel von \u00abDie H\u00f6hle der L\u00f6wen Schweiz\u00bb, wo originelle Start-ups ihre Business-Ideen pr\u00e4sentieren.\" \/>\n<meta property=\"og:url\" content=\"https:\/\/www.organisator.ch\/en\/marketing\/2025-08-06\/neue-staffel-die-hoehle-der-loewen-schweiz-startet-am-19-august\/\" \/>\n<meta property=\"og:site_name\" content=\"Organisator\" \/>\n<meta property=\"article:publisher\" content=\"https:\/\/www.facebook.com\/OrganisatorFachmagazin\" \/>\n<meta property=\"article:published_time\" content=\"2025-08-06T09:17:54+00:00\" \/>\n<meta property=\"article:modified_time\" content=\"2025-09-09T06:34:05+00:00\" \/>\n<meta property=\"og:image\" content=\"https:\/\/www.organisator.ch\/wp-content\/uploads\/2025\/08\/Neue-Staffel-Die-Hoehle-der-Loewen-Schweiz-startet-am-19.-August_Organisator.jpg\" \/>\n\t<meta property=\"og:image:width\" content=\"680\" \/>\n\t<meta property=\"og:image:height\" content=\"501\" \/>\n\t<meta property=\"og:image:type\" content=\"image\/jpeg\" \/>\n<meta name=\"author\" content=\"thomas.berner\" \/>\n<meta name=\"twitter:card\" content=\"summary_large_image\" \/>\n<meta name=\"twitter:title\" content=\"Neue #Staffel \u00abDie H\u00f6hle der #L\u00f6wen Schweiz\u00bb startet am 19. August\" \/>\n<meta name=\"twitter:description\" content=\"Am 19. August 2025 startet die neue Staffel von \u00abDie H\u00f6hle der #L\u00f6wen Schweiz\u00bb, wo originelle #Start-ups ihre Business-Ideen pr\u00e4sentieren.\" \/>\n<meta name=\"twitter:image\" content=\"https:\/\/www.organisator.ch\/wp-content\/uploads\/2025\/08\/Neue-Staffel-Die-Hoehle-der-Loewen-Schweiz-startet-am-19.-August_Organisator.jpg\" \/>\n<script type=\"application\/ld+json\" class=\"yoast-schema-graph\">{\"@context\":\"https:\\\/\\\/schema.org\",\"@graph\":[{\"@type\":\"Article\",\"@id\":\"https:\\\/\\\/www.organisator.ch\\\/marketing\\\/2025-08-06\\\/neue-staffel-die-hoehle-der-loewen-schweiz-startet-am-19-august\\\/#article\",\"isPartOf\":{\"@id\":\"https:\\\/\\\/www.organisator.ch\\\/marketing\\\/2025-08-06\\\/neue-staffel-die-hoehle-der-loewen-schweiz-startet-am-19-august\\\/\"},\"author\":{\"name\":\"thomas.berner\",\"@id\":\"https:\\\/\\\/www.organisator.ch\\\/#\\\/schema\\\/person\\\/6f650f90b2842cd4c0cc334b4e36f67e\"},\"headline\":\"Neue Staffel \u00abDie H\u00f6hle der L\u00f6wen Schweiz\u00bb startet am 19. August\",\"datePublished\":\"2025-08-06T09:17:54+00:00\",\"dateModified\":\"2025-09-09T06:34:05+00:00\",\"mainEntityOfPage\":{\"@id\":\"https:\\\/\\\/www.organisator.ch\\\/marketing\\\/2025-08-06\\\/neue-staffel-die-hoehle-der-loewen-schweiz-startet-am-19-august\\\/\"},\"wordCount\":438,\"publisher\":{\"@id\":\"https:\\\/\\\/www.organisator.ch\\\/#organization\"},\"image\":{\"@id\":\"https:\\\/\\\/www.organisator.ch\\\/marketing\\\/2025-08-06\\\/neue-staffel-die-hoehle-der-loewen-schweiz-startet-am-19-august\\\/#primaryimage\"},\"thumbnailUrl\":\"https:\\\/\\\/www.organisator.ch\\\/wp-content\\\/uploads\\\/2025\\\/08\\\/Neue-Staffel-Die-Hoehle-der-Loewen-Schweiz-startet-am-19.-August_Organisator.jpg\",\"keywords\":[\"Die H\u00f6hle der L\u00f6wen Schweiz\",\"Startups\",\"Unterhaltung\"],\"articleSection\":[\"MARKETING\"],\"inLanguage\":\"en-US\"},{\"@type\":\"WebPage\",\"@id\":\"https:\\\/\\\/www.organisator.ch\\\/marketing\\\/2025-08-06\\\/neue-staffel-die-hoehle-der-loewen-schweiz-startet-am-19-august\\\/\",\"url\":\"https:\\\/\\\/www.organisator.ch\\\/marketing\\\/2025-08-06\\\/neue-staffel-die-hoehle-der-loewen-schweiz-startet-am-19-august\\\/\",\"name\":\"Neue Staffel \u00abDie H\u00f6hle der L\u00f6wen Schweiz\u00bb startet am 19. August - Organisator\",\"isPartOf\":{\"@id\":\"https:\\\/\\\/www.organisator.ch\\\/#website\"},\"primaryImageOfPage\":{\"@id\":\"https:\\\/\\\/www.organisator.ch\\\/marketing\\\/2025-08-06\\\/neue-staffel-die-hoehle-der-loewen-schweiz-startet-am-19-august\\\/#primaryimage\"},\"image\":{\"@id\":\"https:\\\/\\\/www.organisator.ch\\\/marketing\\\/2025-08-06\\\/neue-staffel-die-hoehle-der-loewen-schweiz-startet-am-19-august\\\/#primaryimage\"},\"thumbnailUrl\":\"https:\\\/\\\/www.organisator.ch\\\/wp-content\\\/uploads\\\/2025\\\/08\\\/Neue-Staffel-Die-Hoehle-der-Loewen-Schweiz-startet-am-19.-August_Organisator.jpg\",\"datePublished\":\"2025-08-06T09:17:54+00:00\",\"dateModified\":\"2025-09-09T06:34:05+00:00\",\"description\":\"Am 19. August 2025 startet die neue Staffel von \u00abDie H\u00f6hle der L\u00f6wen Schweiz\u00bb, wo originelle Start-ups ihre Business-Ideen pr\u00e4sentieren.\",\"breadcrumb\":{\"@id\":\"https:\\\/\\\/www.organisator.ch\\\/marketing\\\/2025-08-06\\\/neue-staffel-die-hoehle-der-loewen-schweiz-startet-am-19-august\\\/#breadcrumb\"},\"inLanguage\":\"en-US\",\"potentialAction\":[{\"@type\":\"ReadAction\",\"target\":[\"https:\\\/\\\/www.organisator.ch\\\/marketing\\\/2025-08-06\\\/neue-staffel-die-hoehle-der-loewen-schweiz-startet-am-19-august\\\/\"]}]},{\"@type\":\"ImageObject\",\"inLanguage\":\"en-US\",\"@id\":\"https:\\\/\\\/www.organisator.ch\\\/marketing\\\/2025-08-06\\\/neue-staffel-die-hoehle-der-loewen-schweiz-startet-am-19-august\\\/#primaryimage\",\"url\":\"https:\\\/\\\/www.organisator.ch\\\/wp-content\\\/uploads\\\/2025\\\/08\\\/Neue-Staffel-Die-Hoehle-der-Loewen-Schweiz-startet-am-19.-August_Organisator.jpg\",\"contentUrl\":\"https:\\\/\\\/www.organisator.ch\\\/wp-content\\\/uploads\\\/2025\\\/08\\\/Neue-Staffel-Die-Hoehle-der-Loewen-Schweiz-startet-am-19.-August_Organisator.jpg\",\"width\":680,\"height\":501,\"caption\":\"Das inzwischen etablierte Investorenteam von \\\"Die H\u00f6hle der L\u00f6wen Schweiz\\\". (Bild: CH Media)\"},{\"@type\":\"BreadcrumbList\",\"@id\":\"https:\\\/\\\/www.organisator.ch\\\/marketing\\\/2025-08-06\\\/neue-staffel-die-hoehle-der-loewen-schweiz-startet-am-19-august\\\/#breadcrumb\",\"itemListElement\":[{\"@type\":\"ListItem\",\"position\":1,\"name\":\"Home\",\"item\":\"https:\\\/\\\/www.organisator.ch\\\/\"},{\"@type\":\"ListItem\",\"position\":2,\"name\":\"Neue Staffel \u00abDie H\u00f6hle der L\u00f6wen Schweiz\u00bb startet am 19. August\"}]},{\"@type\":\"WebSite\",\"@id\":\"https:\\\/\\\/www.organisator.ch\\\/#website\",\"url\":\"https:\\\/\\\/www.organisator.ch\\\/\",\"name\":\"Organisator\",\"description\":\"Kompetent. Praxisnah. Der ORGANISATOR bereitet in 10 Ausgaben pro Jahr die wesentlichen Themen f\u00fcr F\u00fchrungskr\u00e4fte von KMU auf.\",\"publisher\":{\"@id\":\"https:\\\/\\\/www.organisator.ch\\\/#organization\"},\"potentialAction\":[{\"@type\":\"SearchAction\",\"target\":{\"@type\":\"EntryPoint\",\"urlTemplate\":\"https:\\\/\\\/www.organisator.ch\\\/?s={search_term_string}\"},\"query-input\":{\"@type\":\"PropertyValueSpecification\",\"valueRequired\":true,\"valueName\":\"search_term_string\"}}],\"inLanguage\":\"en-US\"},{\"@type\":\"Organization\",\"@id\":\"https:\\\/\\\/www.organisator.ch\\\/#organization\",\"name\":\"Organisator\",\"url\":\"https:\\\/\\\/www.organisator.ch\\\/\",\"logo\":{\"@type\":\"ImageObject\",\"inLanguage\":\"en-US\",\"@id\":\"https:\\\/\\\/www.organisator.ch\\\/#\\\/schema\\\/logo\\\/image\\\/\",\"url\":\"https:\\\/\\\/www.organisator.ch\\\/wp-content\\\/uploads\\\/2022\\\/01\\\/Logo_Organisator_Website.png\",\"contentUrl\":\"https:\\\/\\\/www.organisator.ch\\\/wp-content\\\/uploads\\\/2022\\\/01\\\/Logo_Organisator_Website.png\",\"width\":800,\"height\":77,\"caption\":\"Organisator\"},\"image\":{\"@id\":\"https:\\\/\\\/www.organisator.ch\\\/#\\\/schema\\\/logo\\\/image\\\/\"},\"sameAs\":[\"https:\\\/\\\/www.facebook.com\\\/OrganisatorFachmagazin\",\"https:\\\/\\\/www.linkedin.com\\\/showcase\\\/organisator-das-magazin-fr-kmu\",\"https:\\\/\\\/www.xing.com\\\/news\\\/pages\\\/organisator-ch-695\",\"https:\\\/\\\/www.youtube.com\\\/channel\\\/UCGP2Sq0iWaZwT3BdIAQFYpw\"]},{\"@type\":\"Person\",\"@id\":\"https:\\\/\\\/www.organisator.ch\\\/#\\\/schema\\\/person\\\/6f650f90b2842cd4c0cc334b4e36f67e\",\"name\":\"thomas.berner\",\"image\":{\"@type\":\"ImageObject\",\"inLanguage\":\"en-US\",\"@id\":\"https:\\\/\\\/secure.gravatar.com\\\/avatar\\\/ac5001d2a36cb6c6cd3e50789007ffca834b477b74a2144564522e944eabff61?s=96&d=mm&r=g\",\"url\":\"https:\\\/\\\/secure.gravatar.com\\\/avatar\\\/ac5001d2a36cb6c6cd3e50789007ffca834b477b74a2144564522e944eabff61?s=96&d=mm&r=g\",\"contentUrl\":\"https:\\\/\\\/secure.gravatar.com\\\/avatar\\\/ac5001d2a36cb6c6cd3e50789007ffca834b477b74a2144564522e944eabff61?s=96&d=mm&r=g\",\"caption\":\"thomas.berner\"},\"url\":\"https:\\\/\\\/www.organisator.ch\\\/en\\\/author\\\/thomas-berner\\\/\"}]}<\/script>\n<!-- \/ Yoast SEO plugin. -->","yoast_head_json":{"title":"New season of \"Die H\u00f6hle der L\u00f6wen Schweiz\" starts on August 19 - Organizer","description":"The new season of \"Die H\u00f6hle der L\u00f6wen Schweiz\" starts on August 19, 2025, where original start-ups present their business ideas.","robots":{"index":"index","follow":"follow","max-snippet":"max-snippet:-1","max-image-preview":"max-image-preview:large","max-video-preview":"max-video-preview:-1"},"canonical":"https:\/\/www.organisator.ch\/en\/marketing\/2025-08-06\/neue-staffel-die-hoehle-der-loewen-schweiz-startet-am-19-august\/","og_locale":"en_US","og_type":"article","og_title":"Neue Staffel \u00abDie H\u00f6hle der L\u00f6wen Schweiz\u00bb startet am 19. August","og_description":"Am 19. August 2025 startet die neue Staffel von \u00abDie H\u00f6hle der L\u00f6wen Schweiz\u00bb, wo originelle Start-ups ihre Business-Ideen pr\u00e4sentieren.","og_url":"https:\/\/www.organisator.ch\/en\/marketing\/2025-08-06\/neue-staffel-die-hoehle-der-loewen-schweiz-startet-am-19-august\/","og_site_name":"Organisator","article_publisher":"https:\/\/www.facebook.com\/OrganisatorFachmagazin","article_published_time":"2025-08-06T09:17:54+00:00","article_modified_time":"2025-09-09T06:34:05+00:00","og_image":[{"width":680,"height":501,"url":"https:\/\/www.organisator.ch\/wp-content\/uploads\/2025\/08\/Neue-Staffel-Die-Hoehle-der-Loewen-Schweiz-startet-am-19.-August_Organisator.jpg","type":"image\/jpeg"}],"author":"thomas.berner","twitter_card":"summary_large_image","twitter_title":"Neue #Staffel \u00abDie H\u00f6hle der #L\u00f6wen Schweiz\u00bb startet am 19. August","twitter_description":"Am 19. August 2025 startet die neue Staffel von \u00abDie H\u00f6hle der #L\u00f6wen Schweiz\u00bb, wo originelle #Start-ups ihre Business-Ideen pr\u00e4sentieren.","twitter_image":"https:\/\/www.organisator.ch\/wp-content\/uploads\/2025\/08\/Neue-Staffel-Die-Hoehle-der-Loewen-Schweiz-startet-am-19.-August_Organisator.jpg","schema":{"@context":"https:\/\/schema.org","@graph":[{"@type":"Article","@id":"https:\/\/www.organisator.ch\/marketing\/2025-08-06\/neue-staffel-die-hoehle-der-loewen-schweiz-startet-am-19-august\/#article","isPartOf":{"@id":"https:\/\/www.organisator.ch\/marketing\/2025-08-06\/neue-staffel-die-hoehle-der-loewen-schweiz-startet-am-19-august\/"},"author":{"name":"thomas.berner","@id":"https:\/\/www.organisator.ch\/#\/schema\/person\/6f650f90b2842cd4c0cc334b4e36f67e"},"headline":"Neue Staffel \u00abDie H\u00f6hle der L\u00f6wen Schweiz\u00bb startet am 19. August","datePublished":"2025-08-06T09:17:54+00:00","dateModified":"2025-09-09T06:34:05+00:00","mainEntityOfPage":{"@id":"https:\/\/www.organisator.ch\/marketing\/2025-08-06\/neue-staffel-die-hoehle-der-loewen-schweiz-startet-am-19-august\/"},"wordCount":438,"publisher":{"@id":"https:\/\/www.organisator.ch\/#organization"},"image":{"@id":"https:\/\/www.organisator.ch\/marketing\/2025-08-06\/neue-staffel-die-hoehle-der-loewen-schweiz-startet-am-19-august\/#primaryimage"},"thumbnailUrl":"https:\/\/www.organisator.ch\/wp-content\/uploads\/2025\/08\/Neue-Staffel-Die-Hoehle-der-Loewen-Schweiz-startet-am-19.-August_Organisator.jpg","keywords":["Die H\u00f6hle der L\u00f6wen Schweiz","Startups","Unterhaltung"],"articleSection":["MARKETING"],"inLanguage":"en-US"},{"@type":"WebPage","@id":"https:\/\/www.organisator.ch\/marketing\/2025-08-06\/neue-staffel-die-hoehle-der-loewen-schweiz-startet-am-19-august\/","url":"https:\/\/www.organisator.ch\/marketing\/2025-08-06\/neue-staffel-die-hoehle-der-loewen-schweiz-startet-am-19-august\/","name":"New season of \"Die H\u00f6hle der L\u00f6wen Schweiz\" starts on August 19 - Organizer","isPartOf":{"@id":"https:\/\/www.organisator.ch\/#website"},"primaryImageOfPage":{"@id":"https:\/\/www.organisator.ch\/marketing\/2025-08-06\/neue-staffel-die-hoehle-der-loewen-schweiz-startet-am-19-august\/#primaryimage"},"image":{"@id":"https:\/\/www.organisator.ch\/marketing\/2025-08-06\/neue-staffel-die-hoehle-der-loewen-schweiz-startet-am-19-august\/#primaryimage"},"thumbnailUrl":"https:\/\/www.organisator.ch\/wp-content\/uploads\/2025\/08\/Neue-Staffel-Die-Hoehle-der-Loewen-Schweiz-startet-am-19.-August_Organisator.jpg","datePublished":"2025-08-06T09:17:54+00:00","dateModified":"2025-09-09T06:34:05+00:00","description":"The new season of \"Die H\u00f6hle der L\u00f6wen Schweiz\" starts on August 19, 2025, where original start-ups present their business ideas.","breadcrumb":{"@id":"https:\/\/www.organisator.ch\/marketing\/2025-08-06\/neue-staffel-die-hoehle-der-loewen-schweiz-startet-am-19-august\/#breadcrumb"},"inLanguage":"en-US","potentialAction":[{"@type":"ReadAction","target":["https:\/\/www.organisator.ch\/marketing\/2025-08-06\/neue-staffel-die-hoehle-der-loewen-schweiz-startet-am-19-august\/"]}]},{"@type":"ImageObject","inLanguage":"en-US","@id":"https:\/\/www.organisator.ch\/marketing\/2025-08-06\/neue-staffel-die-hoehle-der-loewen-schweiz-startet-am-19-august\/#primaryimage","url":"https:\/\/www.organisator.ch\/wp-content\/uploads\/2025\/08\/Neue-Staffel-Die-Hoehle-der-Loewen-Schweiz-startet-am-19.-August_Organisator.jpg","contentUrl":"https:\/\/www.organisator.ch\/wp-content\/uploads\/2025\/08\/Neue-Staffel-Die-Hoehle-der-Loewen-Schweiz-startet-am-19.-August_Organisator.jpg","width":680,"height":501,"caption":"Das inzwischen etablierte Investorenteam von \"Die H\u00f6hle der L\u00f6wen Schweiz\". (Bild: CH Media)"},{"@type":"BreadcrumbList","@id":"https:\/\/www.organisator.ch\/marketing\/2025-08-06\/neue-staffel-die-hoehle-der-loewen-schweiz-startet-am-19-august\/#breadcrumb","itemListElement":[{"@type":"ListItem","position":1,"name":"Home","item":"https:\/\/www.organisator.ch\/"},{"@type":"ListItem","position":2,"name":"Neue Staffel \u00abDie H\u00f6hle der L\u00f6wen Schweiz\u00bb startet am 19. August"}]},{"@type":"WebSite","@id":"https:\/\/www.organisator.ch\/#website","url":"https:\/\/www.organisator.ch\/","name":"Organizer","description":"Competent. Practical. In 10 issues per year, ORGANISATOR presents the essential topics for managers of SMEs.","publisher":{"@id":"https:\/\/www.organisator.ch\/#organization"},"potentialAction":[{"@type":"SearchAction","target":{"@type":"EntryPoint","urlTemplate":"https:\/\/www.organisator.ch\/?s={search_term_string}"},"query-input":{"@type":"PropertyValueSpecification","valueRequired":true,"valueName":"search_term_string"}}],"inLanguage":"en-US"},{"@type":"Organization","@id":"https:\/\/www.organisator.ch\/#organization","name":"Organizer","url":"https:\/\/www.organisator.ch\/","logo":{"@type":"ImageObject","inLanguage":"en-US","@id":"https:\/\/www.organisator.ch\/#\/schema\/logo\/image\/","url":"https:\/\/www.organisator.ch\/wp-content\/uploads\/2022\/01\/Logo_Organisator_Website.png","contentUrl":"https:\/\/www.organisator.ch\/wp-content\/uploads\/2022\/01\/Logo_Organisator_Website.png","width":800,"height":77,"caption":"Organisator"},"image":{"@id":"https:\/\/www.organisator.ch\/#\/schema\/logo\/image\/"},"sameAs":["https:\/\/www.facebook.com\/OrganisatorFachmagazin","https:\/\/www.linkedin.com\/showcase\/organisator-das-magazin-fr-kmu","https:\/\/www.xing.com\/news\/pages\/organisator-ch-695","https:\/\/www.youtube.com\/channel\/UCGP2Sq0iWaZwT3BdIAQFYpw"]},{"@type":"Person","@id":"https:\/\/www.organisator.ch\/#\/schema\/person\/6f650f90b2842cd4c0cc334b4e36f67e","name":"thomas.berner","image":{"@type":"ImageObject","inLanguage":"en-US","@id":"https:\/\/secure.gravatar.com\/avatar\/ac5001d2a36cb6c6cd3e50789007ffca834b477b74a2144564522e944eabff61?s=96&d=mm&r=g","url":"https:\/\/secure.gravatar.com\/avatar\/ac5001d2a36cb6c6cd3e50789007ffca834b477b74a2144564522e944eabff61?s=96&d=mm&r=g","contentUrl":"https:\/\/secure.gravatar.com\/avatar\/ac5001d2a36cb6c6cd3e50789007ffca834b477b74a2144564522e944eabff61?s=96&d=mm&r=g","caption":"thomas.berner"},"url":"https:\/\/www.organisator.ch\/en\/author\/thomas-berner\/"}]}},"_links":{"self":[{"href":"https:\/\/www.organisator.ch\/en\/wp-json\/wp\/v2\/posts\/39789","targetHints":{"allow":["GET"]}}],"collection":[{"href":"https:\/\/www.organisator.ch\/en\/wp-json\/wp\/v2\/posts"}],"about":[{"href":"https:\/\/www.organisator.ch\/en\/wp-json\/wp\/v2\/types\/post"}],"author":[{"embeddable":true,"href":"https:\/\/www.organisator.ch\/en\/wp-json\/wp\/v2\/users\/4"}],"replies":[{"embeddable":true,"href":"https:\/\/www.organisator.ch\/en\/wp-json\/wp\/v2\/comments?post=39789"}],"version-history":[{"count":5,"href":"https:\/\/www.organisator.ch\/en\/wp-json\/wp\/v2\/posts\/39789\/revisions"}],"predecessor-version":[{"id":39814,"href":"https:\/\/www.organisator.ch\/en\/wp-json\/wp\/v2\/posts\/39789\/revisions\/39814"}],"wp:featuredmedia":[{"embeddable":true,"href":"https:\/\/www.organisator.ch\/en\/wp-json\/wp\/v2\/media\/39790"}],"wp:attachment":[{"href":"https:\/\/www.organisator.ch\/en\/wp-json\/wp\/v2\/media?parent=39789"}],"wp:term":[{"taxonomy":"category","embeddable":true,"href":"https:\/\/www.organisator.ch\/en\/wp-json\/wp\/v2\/categories?post=39789"},{"taxonomy":"post_tag","embeddable":true,"href":"https:\/\/www.organisator.ch\/en\/wp-json\/wp\/v2\/tags?post=39789"}],"curies":[{"name":"wp","href":"https:\/\/api.w.org\/{rel}","templated":true}]}}