{"id":398,"date":"2016-11-09T15:45:35","date_gmt":"2016-11-09T14:45:35","guid":{"rendered":"http:\/\/dev.organisator.ch\/?p=398"},"modified":"2016-11-09T15:45:35","modified_gmt":"2016-11-09T14:45:35","slug":"40-sgo-herbsttagung-ueber-zukunft-der-arbeit","status":"publish","type":"post","link":"https:\/\/www.organisator.ch\/en\/allgemein\/2016-11-09\/40-sgo-herbsttagung-ueber-zukunft-der-arbeit\/","title":{"rendered":"40th SGO Autumn Conference on \"The Future of Work"},"content":{"rendered":"<figure id=\"attachment_399\" aria-describedby=\"caption-attachment-399\" style=\"width: 577px\" class=\"wp-caption alignnone\"><img loading=\"lazy\" decoding=\"async\" class=\"size-full wp-image-399\" src=\"https:\/\/www.organisator.ch\/wp-content\/uploads\/2016\/12\/40.-SGO-Herbsttagung-ueber-&quot;future-of-work-organizer.png\" alt=\"\" width=\"577\" height=\"387\" srcset=\"\" sizes=\"auto, (max-width: 577px) 100vw, 577px\" data-srcset=\"\" \/><figcaption id=\"caption-attachment-399\" class=\"wp-caption-text\">Dr. Markus Sulzberger, President SGO. (Image: zVg)<\/figcaption><\/figure>\n<blockquote><p>New technologies, globalization, demographic change and geopolitical changes will change the way we work in the future, underlines Dr. Markus Sulzberger, Swiss Society for Organization and Management SGO.<\/p><\/blockquote>\n<p>The Swiss Society for Organization and Management (SGO) looks back on a tradition of more than 49 years in the field of management and organization. Established in 2000, the SGO Foundation promotes young talent and supports research and development in the fields of organization, business administration and leadership at universities and colleges in Europe.<\/p>\n<p>At the 40th SGO Conference, the results of a survey conducted by the Research Institute for Work and Working Environments at the University of St. Gallen in collaboration with SGO among some 21 top executives in Switzerland were presented for the first time. According to this, the executives are convinced that change requires new competencies. Investments are needed in technologies, in the corporate structure and especially in the corporate culture.<\/p>\n<p>CEOs still use little thought to change their own roles, but describe courage, agility and empathy as important qualities for the future of work.<\/p>\n<p><strong>New disciplines in demand<\/strong><\/p>\n<p>As the leading Swiss provider of organizational and management knowledge, SGO works on organizational topics and offers a variety of networking vessels (communities of practice) in which the exchange of experience among experts from the private sector and public administration is cultivated and thematic content is further developed.<\/p>\n<p>For Marianne Janik, Country General Manager Microsoft Switzerland, using new technologies in a way that enhances people's strengths seemed central at the 40th meeting. Artificial intelligence, speech recognition and holographic computing are just a few examples that are being researched to enable a seamless connection between humans and machines, Janik said.<\/p>\n<p>In the future, social and interpersonal skills will play an even more decisive role, also emphasized Peter Gr\u00fcnenfelder, Director of Avenir Suisse. Certain job profiles will become obsolete due to technological developments, overall job growth can be expected and the fear of widespread unemployment is therefore misplaced. Thanks to broad-based vocational training, Switzerland is well positioned for the future of work.<\/p>\n<p>For the future, however, creativity, teamwork skills and leadership must be given greater consideration in training. Changes are also needed in labor law so that structural change is not slowed down.<\/p>\n<p><em>For more details (all presentations) of the 40th SGO Fall Meeting, please visit this <a href=\"http:\/\/www.sgo-verein.ch\/veranstaltungen\/uebersicht-2016\/40-sgo-herbsttagung-zukunft-der-arbeit.html\" target=\"_blank\" rel=\"noreferrer noopener\" data-cke-saved-href=\"http:\/\/www.sgo-verein.ch\/veranstaltungen\/uebersicht-2016\/40-sgo-herbsttagung-zukunft-der-arbeit.html\">Link<\/a><\/em><\/p>","protected":false},"excerpt":{"rendered":"<p>Neue Technologien, Globalisierung, demografischer Wandel und geopolitische Ver\u00e4nderungen werden unsere zuk\u00fcnftige Arbeit ver\u00e4ndern, unterstreicht Dr. Markus Sulzberger, Schweizerische Gesellschaft f\u00fcr Organisation und Management SGO. Die Schweizerische Gesellschaft f\u00fcr Organisation und Management (SGO) blickt auf eine \u00fcber 49-j\u00e4hrige Tradition im Bereich des Managements und der Organisation zur\u00fcck. Die im Jahr 2000 gegr\u00fcndete SGO-Stiftung f\u00f6rdert junge Talente [&hellip;]<\/p>\n","protected":false},"author":1,"featured_media":399,"comment_status":"open","ping_status":"open","sticky":false,"template":"","format":"standard","meta":{"_acf_changed":false,"_yoast_wpseo_focuskw":"SGO Herbsttagung","_yoast_wpseo_metadesc":"Mit den Treibern, Wirkungen und Chancen der \u201eZukunft der Arbeit\u201c haben sich rund 220 Teilnehmende der 40. SGO Herbsttagung auseinandergesetzt.","articlekey":"","footnotes":""},"categories":[1],"tags":[469],"class_list":["post-398","post","type-post","status-publish","format-standard","has-post-thumbnail","hentry","category-allgemein","tag-tagungen-events"],"acf":[],"yoast_head":"<!-- This site is optimized with the Yoast SEO plugin v27.4 - https:\/\/yoast.com\/product\/yoast-seo-wordpress\/ -->\n<title>40. SGO Herbsttagung \u00fcber \u201eZukunft der Arbeit\u201c - Organisator<\/title>\n<meta name=\"description\" content=\"Mit den Treibern, Wirkungen und Chancen der \u201eZukunft der Arbeit\u201c haben sich rund 220 Teilnehmende der 40. SGO Herbsttagung auseinandergesetzt.\" \/>\n<meta name=\"robots\" content=\"index, follow, max-snippet:-1, max-image-preview:large, max-video-preview:-1\" \/>\n<link rel=\"canonical\" href=\"https:\/\/www.organisator.ch\/en\/general\/2016-11-09\/40-sgo-herbsttagung-ueber-zukunft-der-arbeit\/\" \/>\n<meta property=\"og:locale\" content=\"en_US\" \/>\n<meta property=\"og:type\" content=\"article\" \/>\n<meta property=\"og:title\" content=\"40. SGO Herbsttagung \u00fcber \u201eZukunft der Arbeit\u201c\" \/>\n<meta property=\"og:description\" content=\"Die Arbeit wird durch digitale Automatisierungen ver\u00e4ndert, T\u00e4tigkeiten und Aufgaben, aber auch zwischenmenschliche Kompetenzen werden sich verlagern. Mit den Treibern, Wirkungen und Chancen der \u201eZukunft der Arbeit\u201c haben sich rund 220 Teilnehmende der 40. SGO Herbsttagung auseinandergesetzt.\" \/>\n<meta property=\"og:url\" content=\"https:\/\/www.organisator.ch\/en\/general\/2016-11-09\/40-sgo-herbsttagung-ueber-zukunft-der-arbeit\/\" \/>\n<meta property=\"og:site_name\" content=\"Organisator\" \/>\n<meta property=\"article:publisher\" content=\"https:\/\/www.facebook.com\/OrganisatorFachmagazin\" \/>\n<meta property=\"article:published_time\" content=\"2016-11-09T14:45:35+00:00\" \/>\n<meta name=\"author\" content=\"admin\" \/>\n<meta name=\"twitter:card\" content=\"summary_large_image\" \/>\n<meta name=\"twitter:image\" content=\"https:\/\/www.organisator.ch\/wp-content\/uploads\/2016\/12\/40.-SGO-Herbsttagung-ueber-\u201eZukunft-der-Arbeit-organisator.png\" \/>\n<script type=\"application\/ld+json\" class=\"yoast-schema-graph\">{\"@context\":\"https:\\\/\\\/schema.org\",\"@graph\":[{\"@type\":\"Article\",\"@id\":\"https:\\\/\\\/www.organisator.ch\\\/fr\\\/general\\\/2016-11-09\\\/40-sgo-herbsttagung-ueber-zukunft-der-arbeit\\\/#article\",\"isPartOf\":{\"@id\":\"https:\\\/\\\/www.organisator.ch\\\/fr\\\/general\\\/2016-11-09\\\/40-sgo-herbsttagung-ueber-zukunft-der-arbeit\\\/\"},\"author\":{\"name\":\"admin\",\"@id\":\"https:\\\/\\\/www.organisator.ch\\\/#\\\/schema\\\/person\\\/aa2bace6c5c5aad60102004a50c4eb1c\"},\"headline\":\"40. SGO Herbsttagung \u00fcber \u201eZukunft der Arbeit\u201c\",\"datePublished\":\"2016-11-09T14:45:35+00:00\",\"mainEntityOfPage\":{\"@id\":\"https:\\\/\\\/www.organisator.ch\\\/fr\\\/general\\\/2016-11-09\\\/40-sgo-herbsttagung-ueber-zukunft-der-arbeit\\\/\"},\"wordCount\":416,\"commentCount\":0,\"publisher\":{\"@id\":\"https:\\\/\\\/www.organisator.ch\\\/#organization\"},\"image\":{\"@id\":\"https:\\\/\\\/www.organisator.ch\\\/fr\\\/general\\\/2016-11-09\\\/40-sgo-herbsttagung-ueber-zukunft-der-arbeit\\\/#primaryimage\"},\"thumbnailUrl\":\"https:\\\/\\\/www.organisator.ch\\\/wp-content\\\/uploads\\\/2016\\\/12\\\/40.-SGO-Herbsttagung-ueber-\u201eZukunft-der-Arbeit-organisator.png\",\"keywords\":[\"Tagungen &amp; Events\"],\"articleSection\":[\"Allgemein\"],\"inLanguage\":\"en-US\"},{\"@type\":\"WebPage\",\"@id\":\"https:\\\/\\\/www.organisator.ch\\\/fr\\\/general\\\/2016-11-09\\\/40-sgo-herbsttagung-ueber-zukunft-der-arbeit\\\/\",\"url\":\"https:\\\/\\\/www.organisator.ch\\\/fr\\\/general\\\/2016-11-09\\\/40-sgo-herbsttagung-ueber-zukunft-der-arbeit\\\/\",\"name\":\"40. SGO Herbsttagung \u00fcber \u201eZukunft der Arbeit\u201c - Organisator\",\"isPartOf\":{\"@id\":\"https:\\\/\\\/www.organisator.ch\\\/#website\"},\"primaryImageOfPage\":{\"@id\":\"https:\\\/\\\/www.organisator.ch\\\/fr\\\/general\\\/2016-11-09\\\/40-sgo-herbsttagung-ueber-zukunft-der-arbeit\\\/#primaryimage\"},\"image\":{\"@id\":\"https:\\\/\\\/www.organisator.ch\\\/fr\\\/general\\\/2016-11-09\\\/40-sgo-herbsttagung-ueber-zukunft-der-arbeit\\\/#primaryimage\"},\"thumbnailUrl\":\"https:\\\/\\\/www.organisator.ch\\\/wp-content\\\/uploads\\\/2016\\\/12\\\/40.-SGO-Herbsttagung-ueber-\u201eZukunft-der-Arbeit-organisator.png\",\"datePublished\":\"2016-11-09T14:45:35+00:00\",\"description\":\"Mit den Treibern, Wirkungen und Chancen der \u201eZukunft der Arbeit\u201c haben sich rund 220 Teilnehmende der 40. SGO Herbsttagung auseinandergesetzt.\",\"breadcrumb\":{\"@id\":\"https:\\\/\\\/www.organisator.ch\\\/fr\\\/general\\\/2016-11-09\\\/40-sgo-herbsttagung-ueber-zukunft-der-arbeit\\\/#breadcrumb\"},\"inLanguage\":\"en-US\",\"potentialAction\":[{\"@type\":\"ReadAction\",\"target\":[\"https:\\\/\\\/www.organisator.ch\\\/fr\\\/general\\\/2016-11-09\\\/40-sgo-herbsttagung-ueber-zukunft-der-arbeit\\\/\"]}]},{\"@type\":\"ImageObject\",\"inLanguage\":\"en-US\",\"@id\":\"https:\\\/\\\/www.organisator.ch\\\/fr\\\/general\\\/2016-11-09\\\/40-sgo-herbsttagung-ueber-zukunft-der-arbeit\\\/#primaryimage\",\"url\":\"https:\\\/\\\/www.organisator.ch\\\/wp-content\\\/uploads\\\/2016\\\/12\\\/40.-SGO-Herbsttagung-ueber-\u201eZukunft-der-Arbeit-organisator.png\",\"contentUrl\":\"https:\\\/\\\/www.organisator.ch\\\/wp-content\\\/uploads\\\/2016\\\/12\\\/40.-SGO-Herbsttagung-ueber-\u201eZukunft-der-Arbeit-organisator.png\",\"width\":577,\"height\":387,\"caption\":\"Dr. Markus Sulzberger, Pr\u00e4sident SGO. (Bild: zVg)\"},{\"@type\":\"BreadcrumbList\",\"@id\":\"https:\\\/\\\/www.organisator.ch\\\/fr\\\/general\\\/2016-11-09\\\/40-sgo-herbsttagung-ueber-zukunft-der-arbeit\\\/#breadcrumb\",\"itemListElement\":[{\"@type\":\"ListItem\",\"position\":1,\"name\":\"Home\",\"item\":\"https:\\\/\\\/www.organisator.ch\\\/\"},{\"@type\":\"ListItem\",\"position\":2,\"name\":\"40. SGO Herbsttagung \u00fcber \u201eZukunft der Arbeit\u201c\"}]},{\"@type\":\"WebSite\",\"@id\":\"https:\\\/\\\/www.organisator.ch\\\/#website\",\"url\":\"https:\\\/\\\/www.organisator.ch\\\/\",\"name\":\"Organisator\",\"description\":\"Kompetent. Praxisnah. Der ORGANISATOR bereitet in 10 Ausgaben pro Jahr die wesentlichen Themen f\u00fcr F\u00fchrungskr\u00e4fte von KMU auf.\",\"publisher\":{\"@id\":\"https:\\\/\\\/www.organisator.ch\\\/#organization\"},\"potentialAction\":[{\"@type\":\"SearchAction\",\"target\":{\"@type\":\"EntryPoint\",\"urlTemplate\":\"https:\\\/\\\/www.organisator.ch\\\/?s={search_term_string}\"},\"query-input\":{\"@type\":\"PropertyValueSpecification\",\"valueRequired\":true,\"valueName\":\"search_term_string\"}}],\"inLanguage\":\"en-US\"},{\"@type\":\"Organization\",\"@id\":\"https:\\\/\\\/www.organisator.ch\\\/#organization\",\"name\":\"Organisator\",\"url\":\"https:\\\/\\\/www.organisator.ch\\\/\",\"logo\":{\"@type\":\"ImageObject\",\"inLanguage\":\"en-US\",\"@id\":\"https:\\\/\\\/www.organisator.ch\\\/#\\\/schema\\\/logo\\\/image\\\/\",\"url\":\"https:\\\/\\\/www.organisator.ch\\\/wp-content\\\/uploads\\\/2022\\\/01\\\/Logo_Organisator_Website.png\",\"contentUrl\":\"https:\\\/\\\/www.organisator.ch\\\/wp-content\\\/uploads\\\/2022\\\/01\\\/Logo_Organisator_Website.png\",\"width\":800,\"height\":77,\"caption\":\"Organisator\"},\"image\":{\"@id\":\"https:\\\/\\\/www.organisator.ch\\\/#\\\/schema\\\/logo\\\/image\\\/\"},\"sameAs\":[\"https:\\\/\\\/www.facebook.com\\\/OrganisatorFachmagazin\",\"https:\\\/\\\/www.linkedin.com\\\/showcase\\\/organisator-das-magazin-fr-kmu\",\"https:\\\/\\\/www.xing.com\\\/news\\\/pages\\\/organisator-ch-695\",\"https:\\\/\\\/www.youtube.com\\\/channel\\\/UCGP2Sq0iWaZwT3BdIAQFYpw\"]},{\"@type\":\"Person\",\"@id\":\"https:\\\/\\\/www.organisator.ch\\\/#\\\/schema\\\/person\\\/aa2bace6c5c5aad60102004a50c4eb1c\",\"name\":\"admin\",\"image\":{\"@type\":\"ImageObject\",\"inLanguage\":\"en-US\",\"@id\":\"https:\\\/\\\/secure.gravatar.com\\\/avatar\\\/ae2f4d718e6c49043e314ce431e7e645d646302a24a5ef5a8bc8e3f5a032e319?s=96&d=mm&r=g\",\"url\":\"https:\\\/\\\/secure.gravatar.com\\\/avatar\\\/ae2f4d718e6c49043e314ce431e7e645d646302a24a5ef5a8bc8e3f5a032e319?s=96&d=mm&r=g\",\"contentUrl\":\"https:\\\/\\\/secure.gravatar.com\\\/avatar\\\/ae2f4d718e6c49043e314ce431e7e645d646302a24a5ef5a8bc8e3f5a032e319?s=96&d=mm&r=g\",\"caption\":\"admin\"},\"sameAs\":[\"https:\\\/\\\/www.organisator.ch\"],\"url\":\"https:\\\/\\\/www.organisator.ch\\\/en\\\/author\\\/admin\\\/\"}]}<\/script>\n<!-- \/ Yoast SEO plugin. -->","yoast_head_json":{"title":"40th SGO Autumn Conference on \"Future of Work\" - Organizer","description":"The drivers, effects and opportunities of the \"Future of Work\" were addressed by some 220 participants at the 40th SGO Fall Conference.","robots":{"index":"index","follow":"follow","max-snippet":"max-snippet:-1","max-image-preview":"max-image-preview:large","max-video-preview":"max-video-preview:-1"},"canonical":"https:\/\/www.organisator.ch\/en\/general\/2016-11-09\/40-sgo-herbsttagung-ueber-zukunft-der-arbeit\/","og_locale":"en_US","og_type":"article","og_title":"40. SGO Herbsttagung \u00fcber \u201eZukunft der Arbeit\u201c","og_description":"Die Arbeit wird durch digitale Automatisierungen ver\u00e4ndert, T\u00e4tigkeiten und Aufgaben, aber auch zwischenmenschliche Kompetenzen werden sich verlagern. Mit den Treibern, Wirkungen und Chancen der \u201eZukunft der Arbeit\u201c haben sich rund 220 Teilnehmende der 40. SGO Herbsttagung auseinandergesetzt.","og_url":"https:\/\/www.organisator.ch\/en\/general\/2016-11-09\/40-sgo-herbsttagung-ueber-zukunft-der-arbeit\/","og_site_name":"Organisator","article_publisher":"https:\/\/www.facebook.com\/OrganisatorFachmagazin","article_published_time":"2016-11-09T14:45:35+00:00","author":"admin","twitter_card":"summary_large_image","twitter_image":"https:\/\/www.organisator.ch\/wp-content\/uploads\/2016\/12\/40.-SGO-Herbsttagung-ueber-\u201eZukunft-der-Arbeit-organisator.png","schema":{"@context":"https:\/\/schema.org","@graph":[{"@type":"Article","@id":"https:\/\/www.organisator.ch\/fr\/general\/2016-11-09\/40-sgo-herbsttagung-ueber-zukunft-der-arbeit\/#article","isPartOf":{"@id":"https:\/\/www.organisator.ch\/fr\/general\/2016-11-09\/40-sgo-herbsttagung-ueber-zukunft-der-arbeit\/"},"author":{"name":"admin","@id":"https:\/\/www.organisator.ch\/#\/schema\/person\/aa2bace6c5c5aad60102004a50c4eb1c"},"headline":"40. SGO Herbsttagung \u00fcber \u201eZukunft der Arbeit\u201c","datePublished":"2016-11-09T14:45:35+00:00","mainEntityOfPage":{"@id":"https:\/\/www.organisator.ch\/fr\/general\/2016-11-09\/40-sgo-herbsttagung-ueber-zukunft-der-arbeit\/"},"wordCount":416,"commentCount":0,"publisher":{"@id":"https:\/\/www.organisator.ch\/#organization"},"image":{"@id":"https:\/\/www.organisator.ch\/fr\/general\/2016-11-09\/40-sgo-herbsttagung-ueber-zukunft-der-arbeit\/#primaryimage"},"thumbnailUrl":"https:\/\/www.organisator.ch\/wp-content\/uploads\/2016\/12\/40.-SGO-Herbsttagung-ueber-\u201eZukunft-der-Arbeit-organisator.png","keywords":["Tagungen &amp; Events"],"articleSection":["Allgemein"],"inLanguage":"en-US"},{"@type":"WebPage","@id":"https:\/\/www.organisator.ch\/fr\/general\/2016-11-09\/40-sgo-herbsttagung-ueber-zukunft-der-arbeit\/","url":"https:\/\/www.organisator.ch\/fr\/general\/2016-11-09\/40-sgo-herbsttagung-ueber-zukunft-der-arbeit\/","name":"40th SGO Autumn Conference on \"Future of Work\" - Organizer","isPartOf":{"@id":"https:\/\/www.organisator.ch\/#website"},"primaryImageOfPage":{"@id":"https:\/\/www.organisator.ch\/fr\/general\/2016-11-09\/40-sgo-herbsttagung-ueber-zukunft-der-arbeit\/#primaryimage"},"image":{"@id":"https:\/\/www.organisator.ch\/fr\/general\/2016-11-09\/40-sgo-herbsttagung-ueber-zukunft-der-arbeit\/#primaryimage"},"thumbnailUrl":"https:\/\/www.organisator.ch\/wp-content\/uploads\/2016\/12\/40.-SGO-Herbsttagung-ueber-\u201eZukunft-der-Arbeit-organisator.png","datePublished":"2016-11-09T14:45:35+00:00","description":"The drivers, effects and opportunities of the \"Future of Work\" were addressed by some 220 participants at the 40th SGO Fall Conference.","breadcrumb":{"@id":"https:\/\/www.organisator.ch\/fr\/general\/2016-11-09\/40-sgo-herbsttagung-ueber-zukunft-der-arbeit\/#breadcrumb"},"inLanguage":"en-US","potentialAction":[{"@type":"ReadAction","target":["https:\/\/www.organisator.ch\/fr\/general\/2016-11-09\/40-sgo-herbsttagung-ueber-zukunft-der-arbeit\/"]}]},{"@type":"ImageObject","inLanguage":"en-US","@id":"https:\/\/www.organisator.ch\/fr\/general\/2016-11-09\/40-sgo-herbsttagung-ueber-zukunft-der-arbeit\/#primaryimage","url":"https:\/\/www.organisator.ch\/wp-content\/uploads\/2016\/12\/40.-SGO-Herbsttagung-ueber-\u201eZukunft-der-Arbeit-organisator.png","contentUrl":"https:\/\/www.organisator.ch\/wp-content\/uploads\/2016\/12\/40.-SGO-Herbsttagung-ueber-\u201eZukunft-der-Arbeit-organisator.png","width":577,"height":387,"caption":"Dr. Markus Sulzberger, Pr\u00e4sident SGO. (Bild: zVg)"},{"@type":"BreadcrumbList","@id":"https:\/\/www.organisator.ch\/fr\/general\/2016-11-09\/40-sgo-herbsttagung-ueber-zukunft-der-arbeit\/#breadcrumb","itemListElement":[{"@type":"ListItem","position":1,"name":"Home","item":"https:\/\/www.organisator.ch\/"},{"@type":"ListItem","position":2,"name":"40. SGO Herbsttagung \u00fcber \u201eZukunft der Arbeit\u201c"}]},{"@type":"WebSite","@id":"https:\/\/www.organisator.ch\/#website","url":"https:\/\/www.organisator.ch\/","name":"Organizer","description":"Competent. Practical. In 10 issues per year, ORGANISATOR presents the essential topics for managers of SMEs.","publisher":{"@id":"https:\/\/www.organisator.ch\/#organization"},"potentialAction":[{"@type":"SearchAction","target":{"@type":"EntryPoint","urlTemplate":"https:\/\/www.organisator.ch\/?s={search_term_string}"},"query-input":{"@type":"PropertyValueSpecification","valueRequired":true,"valueName":"search_term_string"}}],"inLanguage":"en-US"},{"@type":"Organization","@id":"https:\/\/www.organisator.ch\/#organization","name":"Organizer","url":"https:\/\/www.organisator.ch\/","logo":{"@type":"ImageObject","inLanguage":"en-US","@id":"https:\/\/www.organisator.ch\/#\/schema\/logo\/image\/","url":"https:\/\/www.organisator.ch\/wp-content\/uploads\/2022\/01\/Logo_Organisator_Website.png","contentUrl":"https:\/\/www.organisator.ch\/wp-content\/uploads\/2022\/01\/Logo_Organisator_Website.png","width":800,"height":77,"caption":"Organisator"},"image":{"@id":"https:\/\/www.organisator.ch\/#\/schema\/logo\/image\/"},"sameAs":["https:\/\/www.facebook.com\/OrganisatorFachmagazin","https:\/\/www.linkedin.com\/showcase\/organisator-das-magazin-fr-kmu","https:\/\/www.xing.com\/news\/pages\/organisator-ch-695","https:\/\/www.youtube.com\/channel\/UCGP2Sq0iWaZwT3BdIAQFYpw"]},{"@type":"Person","@id":"https:\/\/www.organisator.ch\/#\/schema\/person\/aa2bace6c5c5aad60102004a50c4eb1c","name":"admin","image":{"@type":"ImageObject","inLanguage":"en-US","@id":"https:\/\/secure.gravatar.com\/avatar\/ae2f4d718e6c49043e314ce431e7e645d646302a24a5ef5a8bc8e3f5a032e319?s=96&d=mm&r=g","url":"https:\/\/secure.gravatar.com\/avatar\/ae2f4d718e6c49043e314ce431e7e645d646302a24a5ef5a8bc8e3f5a032e319?s=96&d=mm&r=g","contentUrl":"https:\/\/secure.gravatar.com\/avatar\/ae2f4d718e6c49043e314ce431e7e645d646302a24a5ef5a8bc8e3f5a032e319?s=96&d=mm&r=g","caption":"admin"},"sameAs":["https:\/\/www.organisator.ch"],"url":"https:\/\/www.organisator.ch\/en\/author\/admin\/"}]}},"_links":{"self":[{"href":"https:\/\/www.organisator.ch\/en\/wp-json\/wp\/v2\/posts\/398","targetHints":{"allow":["GET"]}}],"collection":[{"href":"https:\/\/www.organisator.ch\/en\/wp-json\/wp\/v2\/posts"}],"about":[{"href":"https:\/\/www.organisator.ch\/en\/wp-json\/wp\/v2\/types\/post"}],"author":[{"embeddable":true,"href":"https:\/\/www.organisator.ch\/en\/wp-json\/wp\/v2\/users\/1"}],"replies":[{"embeddable":true,"href":"https:\/\/www.organisator.ch\/en\/wp-json\/wp\/v2\/comments?post=398"}],"version-history":[{"count":0,"href":"https:\/\/www.organisator.ch\/en\/wp-json\/wp\/v2\/posts\/398\/revisions"}],"wp:featuredmedia":[{"embeddable":true,"href":"https:\/\/www.organisator.ch\/en\/wp-json\/wp\/v2\/media\/399"}],"wp:attachment":[{"href":"https:\/\/www.organisator.ch\/en\/wp-json\/wp\/v2\/media?parent=398"}],"wp:term":[{"taxonomy":"category","embeddable":true,"href":"https:\/\/www.organisator.ch\/en\/wp-json\/wp\/v2\/categories?post=398"},{"taxonomy":"post_tag","embeddable":true,"href":"https:\/\/www.organisator.ch\/en\/wp-json\/wp\/v2\/tags?post=398"}],"curies":[{"name":"wp","href":"https:\/\/api.w.org\/{rel}","templated":true}]}}