{"id":3985,"date":"2018-07-27T08:29:19","date_gmt":"2018-07-27T06:29:19","guid":{"rendered":"https:\/\/www.organisator.ch\/?p=3985"},"modified":"2018-07-27T08:29:19","modified_gmt":"2018-07-27T06:29:19","slug":"marketingkongress-futurize-m-an-der-suisseemex18","status":"publish","type":"post","link":"https:\/\/www.organisator.ch\/en\/marketing\/2018-07-27\/marketingkongress-futurize-m-an-der-suisseemex18\/","title":{"rendered":"Marketing Congress \"Futurize M\" at SuisseEMEX'18"},"content":{"rendered":"<figure id=\"attachment_3986\" aria-describedby=\"caption-attachment-3986\" style=\"width: 480px\" class=\"wp-caption alignnone\"><img loading=\"lazy\" decoding=\"async\" class=\"size-full wp-image-3986\" src=\"https:\/\/www.organisator.ch\/wp-content\/uploads\/2018\/07\/Marketingkongress-Futurize-M-an-der-SuisseEMEX18_Organisator.jpg\" alt=\"\" width=\"480\" height=\"480\" srcset=\"https:\/\/www.organisator.ch\/wp-content\/uploads\/2018\/07\/Marketingkongress-Futurize-M-an-der-SuisseEMEX18_Organisator.jpg 480w, https:\/\/www.organisator.ch\/wp-content\/uploads\/2018\/07\/Marketingkongress-Futurize-M-an-der-SuisseEMEX18_Organisator-150x150.jpg 150w, https:\/\/www.organisator.ch\/wp-content\/uploads\/2018\/07\/Marketingkongress-Futurize-M-an-der-SuisseEMEX18_Organisator-12x12.jpg 12w, https:\/\/www.organisator.ch\/wp-content\/uploads\/2018\/07\/Marketingkongress-Futurize-M-an-der-SuisseEMEX18_Organisator-175x175.jpg 175w, https:\/\/www.organisator.ch\/wp-content\/uploads\/2018\/07\/Marketingkongress-Futurize-M-an-der-SuisseEMEX18_Organisator-350x350.jpg 350w, https:\/\/www.organisator.ch\/wp-content\/uploads\/2018\/07\/Marketingkongress-Futurize-M-an-der-SuisseEMEX18_Organisator-250x250.jpg 250w, https:\/\/www.organisator.ch\/wp-content\/uploads\/2018\/07\/Marketingkongress-Futurize-M-an-der-SuisseEMEX18_Organisator-300x300.jpg 300w, https:\/\/www.organisator.ch\/wp-content\/uploads\/2018\/07\/Marketingkongress-Futurize-M-an-der-SuisseEMEX18_Organisator-100x100.jpg 100w\" sizes=\"auto, (max-width: 480px) 100vw, 480px\" \/><figcaption id=\"caption-attachment-3986\" class=\"wp-caption-text\">Ewa Ming (initiator, left) and Katharina Ofner (project manager marketing congress \"Futurize M\"). (Image: zVg)<\/figcaption><\/figure>\n<p>A top-class speaker program, best practice presentations by proven experts, intensive master classes led by Google and Adesso, inspiring and sometimes even provocative panel discussions, and a Live Lab with workshops geared to Generation Z await the 350 or so marketers. The new parallel congress to SuisseEMEX will be held in a separate area of Messe Z\u00fcrich and guarantees participants valuable new learnings as well as the optimal opportunity to expand their personal business network. \"With the new congress, SuisseEMEX, as the largest Swiss marketing industry event, will live up to its claim of continuously developing and making relevant expertise available to visitors at the highest level\" promises Ewa Ming, Managing Director of SuisseEMEX.<\/p>\n<h2><strong>Alibaba, Google and perhaps the hottest startup in the U.S. today<\/strong><\/h2>\n<p>The opening keynote \"Alibaba Cloud's View on Digitalization\" by Toni Cheng, General Manager DACH of the Internet storage service Alibaba Cloud will mark a brilliant start to the new marketing congress. A few days ago, it was also announced that Google and Uber are investing USD 335 million in LimeBike, a startup founded in 2017. Caen Contee, Head of Marketing and co-founder of LimeBike, will give an insight into the advertising strategy of the company, which is currently conquering the city of Zurich with its bikes and eScooters, in his presentation \"The Future of Mobility is Now\". The startup has just announced plans to double its electric scooter fleet in Zurich.<\/p>\n<p>Masterclasses by Google on the topics of \"YouTube as a performance channel\", \"Mobile marketing\" and \"Machine learning as the next chapter in online marketing\" as well as the masterclass by Adesso, which explores the question of \"How artificial intelligence is revolutionizing customer relationship management\" set further highlights at the marketing congress in terms of knowledge transfer.<\/p>\n<h2><strong>Superpower Storytelling and Mystery Algorithm<\/strong><\/h2>\n<p>Commitments from various Swiss industry luminaries underscore the quality of the congress program. Tobias Fueter is one of the most outstanding advertising filmmakers in Switzerland and, as director and co-founder of the production company Stories AG, sets the bar for successful storytelling with his team. The topic of content marketing and algorithms will be addressed in an exclusive \"Best Practice\" collaboration by Oliver Schibli, CPO, CMO &amp; CTO of Watson and Thierry Pool, Head of Digital Marketing &amp; Media Planning at Digitec Galaxus. Among the other confirmed speakers are top-class national and international names such as Thomas Lang, CEO and owner of Carpathia AG and top expert in the field of digital business and e-commerce, Kishor Sridhar, bestselling author and expert in emotional economics, and Dr. Axel Jockwer, expert in marketing, digitalization and media. Marcel Korner, Director New Business and Digital at Amer Sports will provide insights into successful brand staging in a best practice keynote. The complete speaker program is available on the website of the <a href=\"https:\/\/www.suisse-emex.ch\/de\/marketing-kongress\/\">Marketing Congress<\/a> apparent.<\/p>\n<h2><strong>Marketing congress seeks proximity to Generation Z as well<\/strong><\/h2>\n<p>The \"Generation Z Live Lab\" led by Yannick Bl\u00e4ttler, founder and owner of Neoviso, focuses on successfully addressing the Young Generation. The already confirmed contributors include YouTube star Silvan M\u00fcller aka PandaTooth. DJ and producer Fabian G\u00e4hwiler, and Robin Pickis, owner of \"schwiizchiste\" and producer of \"Zwei am Morge\" on Play SRF. Not to forget Julian Graf and Ramin Yousofzai, known through their Instagram account UniGAG.<\/p>\n<p>The congress days will conclude with after-work parties featuring a star-studded lineup of music and entertainment. Host, actress and comedian St\u00e9phanie Berger will lead through the congress. Together with the internationally successful mentalist Tobias Heinemann, the entertainer will also host the award ceremony for the \"<a href=\"https:\/\/www.m-k.ch\/mk-vordenker\/\">MK Thought Leader of the Year<\/a>\" -Awards.<\/p>\n<p><em>Tickets and further information at <a href=\"http:\/\/www.suisse-emex.ch\/kongress\">www.suisse-emex.ch\/Kongress<\/a><\/em><\/p>","protected":false},"excerpt":{"rendered":"<p>Ein hochkar\u00e4tiges Speaker-Programm, Best Practice Pr\u00e4sentationen von ausgewiesenen Fachexperten, intensive Masterclasses unter der Leitung von Google und Adesso, inspirierende, teilweise vielleicht gar provokative Talkrunden sowie ein auf die Generation Z ausgerichtetes Live Lab mit Workshops erwartet die rund 350 Marketers. Der neue Parallelkongress zur SuisseEMEX findet in einem eigenen Bereich der Messe Z\u00fcrich statt und [&hellip;]<\/p>\n","protected":false},"author":4,"featured_media":3986,"comment_status":"open","ping_status":"open","sticky":false,"template":"","format":"standard","meta":{"_acf_changed":false,"_yoast_wpseo_focuskw":"Marketingkongress","_yoast_wpseo_metadesc":"Gemeinsam mit namhaften Partnern und Vertretern renommierter Brands pr\u00e4sentiert die SuisseEMEX den neuen Marketingkongress \u00abFuturize M\u00bb.","articlekey":"","footnotes":""},"categories":[29],"tags":[193,339,340,502],"class_list":["post-3985","post","type-post","status-publish","format-standard","has-post-thumbnail","hentry","category-marketing","tag-fachkongressfachmesse","tag-marketing","tag-maerkte","tag-veranstaltungen"],"acf":[],"yoast_head":"<!-- This site is optimized with the Yoast SEO plugin v27.5 - https:\/\/yoast.com\/product\/yoast-seo-wordpress\/ -->\n<title>Marketingkongress \u00abFuturize M\u00bb an der SuisseEMEX\u201918 - Organisator<\/title>\n<meta name=\"description\" content=\"Gemeinsam mit namhaften Partnern und Vertretern renommierter Brands pr\u00e4sentiert die SuisseEMEX den neuen Marketingkongress \u00abFuturize M\u00bb.\" \/>\n<meta name=\"robots\" content=\"index, follow, max-snippet:-1, max-image-preview:large, max-video-preview:-1\" \/>\n<link rel=\"canonical\" href=\"https:\/\/www.organisator.ch\/en\/marketing\/2018-07-27\/marketingkongress-futurize-m-an-der-suisseemex18\/\" \/>\n<meta property=\"og:locale\" content=\"en_US\" \/>\n<meta property=\"og:type\" content=\"article\" \/>\n<meta property=\"og:title\" content=\"Marketingkongress \u00abFuturize M\u00bb an der SuisseEMEX\u201918\" \/>\n<meta property=\"og:description\" content=\"Gemeinsam mit namhaften Partnern und Vertretern renommierter Brands pr\u00e4sentiert die SuisseEMEX den neuen Marketingkongress \u00abFuturize M\u00bb.\" \/>\n<meta property=\"og:url\" content=\"https:\/\/www.organisator.ch\/en\/marketing\/2018-07-27\/marketingkongress-futurize-m-an-der-suisseemex18\/\" \/>\n<meta property=\"og:site_name\" content=\"Organisator\" \/>\n<meta property=\"article:publisher\" content=\"https:\/\/www.facebook.com\/OrganisatorFachmagazin\" \/>\n<meta property=\"article:published_time\" content=\"2018-07-27T06:29:19+00:00\" \/>\n<meta property=\"og:image\" content=\"https:\/\/www.organisator.ch\/wp-content\/uploads\/2018\/07\/Marketingkongress-Futurize-M-an-der-SuisseEMEX18_Organisator.jpg\" \/>\n\t<meta property=\"og:image:width\" content=\"480\" \/>\n\t<meta property=\"og:image:height\" content=\"480\" \/>\n\t<meta property=\"og:image:type\" content=\"image\/jpeg\" \/>\n<meta name=\"author\" content=\"thomas.berner\" \/>\n<meta name=\"twitter:card\" content=\"summary_large_image\" \/>\n<meta name=\"twitter:title\" content=\"#Marketingkongress \u00abFuturize M\u00bb an der #SuisseEMEX\u201918\" \/>\n<meta name=\"twitter:description\" content=\"Gemeinsam mit namhaften Partnern und Vertretern renommierter Brands pr\u00e4sentiert die #SuisseEMEX den neuen #Marketingkongress \u00abFuturize M\u00bb.\" \/>\n<meta name=\"twitter:image\" content=\"https:\/\/www.organisator.ch\/wp-content\/uploads\/2018\/07\/Marketingkongress-Futurize-M-an-der-SuisseEMEX18_Organisator.jpg\" \/>\n<script type=\"application\/ld+json\" class=\"yoast-schema-graph\">{\"@context\":\"https:\\\/\\\/schema.org\",\"@graph\":[{\"@type\":\"Article\",\"@id\":\"https:\\\/\\\/www.organisator.ch\\\/marketing\\\/2018-07-27\\\/marketingkongress-futurize-m-an-der-suisseemex18\\\/#article\",\"isPartOf\":{\"@id\":\"https:\\\/\\\/www.organisator.ch\\\/marketing\\\/2018-07-27\\\/marketingkongress-futurize-m-an-der-suisseemex18\\\/\"},\"author\":{\"name\":\"thomas.berner\",\"@id\":\"https:\\\/\\\/www.organisator.ch\\\/#\\\/schema\\\/person\\\/6f650f90b2842cd4c0cc334b4e36f67e\"},\"headline\":\"Marketingkongress \u00abFuturize M\u00bb an der SuisseEMEX\u201918\",\"datePublished\":\"2018-07-27T06:29:19+00:00\",\"mainEntityOfPage\":{\"@id\":\"https:\\\/\\\/www.organisator.ch\\\/marketing\\\/2018-07-27\\\/marketingkongress-futurize-m-an-der-suisseemex18\\\/\"},\"wordCount\":622,\"commentCount\":0,\"publisher\":{\"@id\":\"https:\\\/\\\/www.organisator.ch\\\/#organization\"},\"image\":{\"@id\":\"https:\\\/\\\/www.organisator.ch\\\/marketing\\\/2018-07-27\\\/marketingkongress-futurize-m-an-der-suisseemex18\\\/#primaryimage\"},\"thumbnailUrl\":\"https:\\\/\\\/www.organisator.ch\\\/wp-content\\\/uploads\\\/2018\\\/07\\\/Marketingkongress-Futurize-M-an-der-SuisseEMEX18_Organisator.jpg\",\"keywords\":[\"Fachkongress\\\/Fachmesse\",\"Marketing\",\"M\u00e4rkte\",\"Veranstaltungen\"],\"articleSection\":[\"MARKETING\"],\"inLanguage\":\"en-US\"},{\"@type\":\"WebPage\",\"@id\":\"https:\\\/\\\/www.organisator.ch\\\/marketing\\\/2018-07-27\\\/marketingkongress-futurize-m-an-der-suisseemex18\\\/\",\"url\":\"https:\\\/\\\/www.organisator.ch\\\/marketing\\\/2018-07-27\\\/marketingkongress-futurize-m-an-der-suisseemex18\\\/\",\"name\":\"Marketingkongress \u00abFuturize M\u00bb an der SuisseEMEX\u201918 - Organisator\",\"isPartOf\":{\"@id\":\"https:\\\/\\\/www.organisator.ch\\\/#website\"},\"primaryImageOfPage\":{\"@id\":\"https:\\\/\\\/www.organisator.ch\\\/marketing\\\/2018-07-27\\\/marketingkongress-futurize-m-an-der-suisseemex18\\\/#primaryimage\"},\"image\":{\"@id\":\"https:\\\/\\\/www.organisator.ch\\\/marketing\\\/2018-07-27\\\/marketingkongress-futurize-m-an-der-suisseemex18\\\/#primaryimage\"},\"thumbnailUrl\":\"https:\\\/\\\/www.organisator.ch\\\/wp-content\\\/uploads\\\/2018\\\/07\\\/Marketingkongress-Futurize-M-an-der-SuisseEMEX18_Organisator.jpg\",\"datePublished\":\"2018-07-27T06:29:19+00:00\",\"description\":\"Gemeinsam mit namhaften Partnern und Vertretern renommierter Brands pr\u00e4sentiert die SuisseEMEX den neuen Marketingkongress \u00abFuturize M\u00bb.\",\"breadcrumb\":{\"@id\":\"https:\\\/\\\/www.organisator.ch\\\/marketing\\\/2018-07-27\\\/marketingkongress-futurize-m-an-der-suisseemex18\\\/#breadcrumb\"},\"inLanguage\":\"en-US\",\"potentialAction\":[{\"@type\":\"ReadAction\",\"target\":[\"https:\\\/\\\/www.organisator.ch\\\/marketing\\\/2018-07-27\\\/marketingkongress-futurize-m-an-der-suisseemex18\\\/\"]}]},{\"@type\":\"ImageObject\",\"inLanguage\":\"en-US\",\"@id\":\"https:\\\/\\\/www.organisator.ch\\\/marketing\\\/2018-07-27\\\/marketingkongress-futurize-m-an-der-suisseemex18\\\/#primaryimage\",\"url\":\"https:\\\/\\\/www.organisator.ch\\\/wp-content\\\/uploads\\\/2018\\\/07\\\/Marketingkongress-Futurize-M-an-der-SuisseEMEX18_Organisator.jpg\",\"contentUrl\":\"https:\\\/\\\/www.organisator.ch\\\/wp-content\\\/uploads\\\/2018\\\/07\\\/Marketingkongress-Futurize-M-an-der-SuisseEMEX18_Organisator.jpg\",\"width\":480,\"height\":480,\"caption\":\"Ewa Ming (Initiantin, links) und Katharina Ofner (Projektleiterin Marketingkongress \u00abFuturize M\u00bb). (Bild: zVg)\"},{\"@type\":\"BreadcrumbList\",\"@id\":\"https:\\\/\\\/www.organisator.ch\\\/marketing\\\/2018-07-27\\\/marketingkongress-futurize-m-an-der-suisseemex18\\\/#breadcrumb\",\"itemListElement\":[{\"@type\":\"ListItem\",\"position\":1,\"name\":\"Home\",\"item\":\"https:\\\/\\\/www.organisator.ch\\\/\"},{\"@type\":\"ListItem\",\"position\":2,\"name\":\"Marketingkongress \u00abFuturize M\u00bb an der SuisseEMEX\u201918\"}]},{\"@type\":\"WebSite\",\"@id\":\"https:\\\/\\\/www.organisator.ch\\\/#website\",\"url\":\"https:\\\/\\\/www.organisator.ch\\\/\",\"name\":\"Organisator\",\"description\":\"Kompetent. Praxisnah. Der ORGANISATOR bereitet in 10 Ausgaben pro Jahr die wesentlichen Themen f\u00fcr F\u00fchrungskr\u00e4fte von KMU auf.\",\"publisher\":{\"@id\":\"https:\\\/\\\/www.organisator.ch\\\/#organization\"},\"potentialAction\":[{\"@type\":\"SearchAction\",\"target\":{\"@type\":\"EntryPoint\",\"urlTemplate\":\"https:\\\/\\\/www.organisator.ch\\\/?s={search_term_string}\"},\"query-input\":{\"@type\":\"PropertyValueSpecification\",\"valueRequired\":true,\"valueName\":\"search_term_string\"}}],\"inLanguage\":\"en-US\"},{\"@type\":\"Organization\",\"@id\":\"https:\\\/\\\/www.organisator.ch\\\/#organization\",\"name\":\"Organisator\",\"url\":\"https:\\\/\\\/www.organisator.ch\\\/\",\"logo\":{\"@type\":\"ImageObject\",\"inLanguage\":\"en-US\",\"@id\":\"https:\\\/\\\/www.organisator.ch\\\/#\\\/schema\\\/logo\\\/image\\\/\",\"url\":\"https:\\\/\\\/www.organisator.ch\\\/wp-content\\\/uploads\\\/2022\\\/01\\\/Logo_Organisator_Website.png\",\"contentUrl\":\"https:\\\/\\\/www.organisator.ch\\\/wp-content\\\/uploads\\\/2022\\\/01\\\/Logo_Organisator_Website.png\",\"width\":800,\"height\":77,\"caption\":\"Organisator\"},\"image\":{\"@id\":\"https:\\\/\\\/www.organisator.ch\\\/#\\\/schema\\\/logo\\\/image\\\/\"},\"sameAs\":[\"https:\\\/\\\/www.facebook.com\\\/OrganisatorFachmagazin\",\"https:\\\/\\\/www.linkedin.com\\\/showcase\\\/organisator-das-magazin-fr-kmu\",\"https:\\\/\\\/www.xing.com\\\/news\\\/pages\\\/organisator-ch-695\",\"https:\\\/\\\/www.youtube.com\\\/channel\\\/UCGP2Sq0iWaZwT3BdIAQFYpw\"]},{\"@type\":\"Person\",\"@id\":\"https:\\\/\\\/www.organisator.ch\\\/#\\\/schema\\\/person\\\/6f650f90b2842cd4c0cc334b4e36f67e\",\"name\":\"thomas.berner\",\"image\":{\"@type\":\"ImageObject\",\"inLanguage\":\"en-US\",\"@id\":\"https:\\\/\\\/secure.gravatar.com\\\/avatar\\\/ac5001d2a36cb6c6cd3e50789007ffca834b477b74a2144564522e944eabff61?s=96&d=mm&r=g\",\"url\":\"https:\\\/\\\/secure.gravatar.com\\\/avatar\\\/ac5001d2a36cb6c6cd3e50789007ffca834b477b74a2144564522e944eabff61?s=96&d=mm&r=g\",\"contentUrl\":\"https:\\\/\\\/secure.gravatar.com\\\/avatar\\\/ac5001d2a36cb6c6cd3e50789007ffca834b477b74a2144564522e944eabff61?s=96&d=mm&r=g\",\"caption\":\"thomas.berner\"},\"url\":\"https:\\\/\\\/www.organisator.ch\\\/en\\\/author\\\/thomas-berner\\\/\"}]}<\/script>\n<!-- \/ Yoast SEO plugin. -->","yoast_head_json":{"title":"Marketing Congress \"Futurize M\" at SuisseEMEX'18 - Organizer","description":"Together with well-known partners and representatives of renowned brands, SuisseEMEX presents the new marketing congress \"Futurize M\".","robots":{"index":"index","follow":"follow","max-snippet":"max-snippet:-1","max-image-preview":"max-image-preview:large","max-video-preview":"max-video-preview:-1"},"canonical":"https:\/\/www.organisator.ch\/en\/marketing\/2018-07-27\/marketingkongress-futurize-m-an-der-suisseemex18\/","og_locale":"en_US","og_type":"article","og_title":"Marketingkongress \u00abFuturize M\u00bb an der SuisseEMEX\u201918","og_description":"Gemeinsam mit namhaften Partnern und Vertretern renommierter Brands pr\u00e4sentiert die SuisseEMEX den neuen Marketingkongress \u00abFuturize M\u00bb.","og_url":"https:\/\/www.organisator.ch\/en\/marketing\/2018-07-27\/marketingkongress-futurize-m-an-der-suisseemex18\/","og_site_name":"Organisator","article_publisher":"https:\/\/www.facebook.com\/OrganisatorFachmagazin","article_published_time":"2018-07-27T06:29:19+00:00","og_image":[{"width":480,"height":480,"url":"https:\/\/www.organisator.ch\/wp-content\/uploads\/2018\/07\/Marketingkongress-Futurize-M-an-der-SuisseEMEX18_Organisator.jpg","type":"image\/jpeg"}],"author":"thomas.berner","twitter_card":"summary_large_image","twitter_title":"#Marketingkongress \u00abFuturize M\u00bb an der #SuisseEMEX\u201918","twitter_description":"Gemeinsam mit namhaften Partnern und Vertretern renommierter Brands pr\u00e4sentiert die #SuisseEMEX den neuen #Marketingkongress \u00abFuturize M\u00bb.","twitter_image":"https:\/\/www.organisator.ch\/wp-content\/uploads\/2018\/07\/Marketingkongress-Futurize-M-an-der-SuisseEMEX18_Organisator.jpg","schema":{"@context":"https:\/\/schema.org","@graph":[{"@type":"Article","@id":"https:\/\/www.organisator.ch\/marketing\/2018-07-27\/marketingkongress-futurize-m-an-der-suisseemex18\/#article","isPartOf":{"@id":"https:\/\/www.organisator.ch\/marketing\/2018-07-27\/marketingkongress-futurize-m-an-der-suisseemex18\/"},"author":{"name":"thomas.berner","@id":"https:\/\/www.organisator.ch\/#\/schema\/person\/6f650f90b2842cd4c0cc334b4e36f67e"},"headline":"Marketingkongress \u00abFuturize M\u00bb an der SuisseEMEX\u201918","datePublished":"2018-07-27T06:29:19+00:00","mainEntityOfPage":{"@id":"https:\/\/www.organisator.ch\/marketing\/2018-07-27\/marketingkongress-futurize-m-an-der-suisseemex18\/"},"wordCount":622,"commentCount":0,"publisher":{"@id":"https:\/\/www.organisator.ch\/#organization"},"image":{"@id":"https:\/\/www.organisator.ch\/marketing\/2018-07-27\/marketingkongress-futurize-m-an-der-suisseemex18\/#primaryimage"},"thumbnailUrl":"https:\/\/www.organisator.ch\/wp-content\/uploads\/2018\/07\/Marketingkongress-Futurize-M-an-der-SuisseEMEX18_Organisator.jpg","keywords":["Fachkongress\/Fachmesse","Marketing","M\u00e4rkte","Veranstaltungen"],"articleSection":["MARKETING"],"inLanguage":"en-US"},{"@type":"WebPage","@id":"https:\/\/www.organisator.ch\/marketing\/2018-07-27\/marketingkongress-futurize-m-an-der-suisseemex18\/","url":"https:\/\/www.organisator.ch\/marketing\/2018-07-27\/marketingkongress-futurize-m-an-der-suisseemex18\/","name":"Marketing Congress \"Futurize M\" at SuisseEMEX'18 - Organizer","isPartOf":{"@id":"https:\/\/www.organisator.ch\/#website"},"primaryImageOfPage":{"@id":"https:\/\/www.organisator.ch\/marketing\/2018-07-27\/marketingkongress-futurize-m-an-der-suisseemex18\/#primaryimage"},"image":{"@id":"https:\/\/www.organisator.ch\/marketing\/2018-07-27\/marketingkongress-futurize-m-an-der-suisseemex18\/#primaryimage"},"thumbnailUrl":"https:\/\/www.organisator.ch\/wp-content\/uploads\/2018\/07\/Marketingkongress-Futurize-M-an-der-SuisseEMEX18_Organisator.jpg","datePublished":"2018-07-27T06:29:19+00:00","description":"Together with well-known partners and representatives of renowned brands, SuisseEMEX presents the new marketing congress \"Futurize M\".","breadcrumb":{"@id":"https:\/\/www.organisator.ch\/marketing\/2018-07-27\/marketingkongress-futurize-m-an-der-suisseemex18\/#breadcrumb"},"inLanguage":"en-US","potentialAction":[{"@type":"ReadAction","target":["https:\/\/www.organisator.ch\/marketing\/2018-07-27\/marketingkongress-futurize-m-an-der-suisseemex18\/"]}]},{"@type":"ImageObject","inLanguage":"en-US","@id":"https:\/\/www.organisator.ch\/marketing\/2018-07-27\/marketingkongress-futurize-m-an-der-suisseemex18\/#primaryimage","url":"https:\/\/www.organisator.ch\/wp-content\/uploads\/2018\/07\/Marketingkongress-Futurize-M-an-der-SuisseEMEX18_Organisator.jpg","contentUrl":"https:\/\/www.organisator.ch\/wp-content\/uploads\/2018\/07\/Marketingkongress-Futurize-M-an-der-SuisseEMEX18_Organisator.jpg","width":480,"height":480,"caption":"Ewa Ming (Initiantin, links) und Katharina Ofner (Projektleiterin Marketingkongress \u00abFuturize M\u00bb). (Bild: zVg)"},{"@type":"BreadcrumbList","@id":"https:\/\/www.organisator.ch\/marketing\/2018-07-27\/marketingkongress-futurize-m-an-der-suisseemex18\/#breadcrumb","itemListElement":[{"@type":"ListItem","position":1,"name":"Home","item":"https:\/\/www.organisator.ch\/"},{"@type":"ListItem","position":2,"name":"Marketingkongress \u00abFuturize M\u00bb an der SuisseEMEX\u201918"}]},{"@type":"WebSite","@id":"https:\/\/www.organisator.ch\/#website","url":"https:\/\/www.organisator.ch\/","name":"Organizer","description":"Competent. Practical. In 10 issues per year, ORGANISATOR presents the essential topics for managers of SMEs.","publisher":{"@id":"https:\/\/www.organisator.ch\/#organization"},"potentialAction":[{"@type":"SearchAction","target":{"@type":"EntryPoint","urlTemplate":"https:\/\/www.organisator.ch\/?s={search_term_string}"},"query-input":{"@type":"PropertyValueSpecification","valueRequired":true,"valueName":"search_term_string"}}],"inLanguage":"en-US"},{"@type":"Organization","@id":"https:\/\/www.organisator.ch\/#organization","name":"Organizer","url":"https:\/\/www.organisator.ch\/","logo":{"@type":"ImageObject","inLanguage":"en-US","@id":"https:\/\/www.organisator.ch\/#\/schema\/logo\/image\/","url":"https:\/\/www.organisator.ch\/wp-content\/uploads\/2022\/01\/Logo_Organisator_Website.png","contentUrl":"https:\/\/www.organisator.ch\/wp-content\/uploads\/2022\/01\/Logo_Organisator_Website.png","width":800,"height":77,"caption":"Organisator"},"image":{"@id":"https:\/\/www.organisator.ch\/#\/schema\/logo\/image\/"},"sameAs":["https:\/\/www.facebook.com\/OrganisatorFachmagazin","https:\/\/www.linkedin.com\/showcase\/organisator-das-magazin-fr-kmu","https:\/\/www.xing.com\/news\/pages\/organisator-ch-695","https:\/\/www.youtube.com\/channel\/UCGP2Sq0iWaZwT3BdIAQFYpw"]},{"@type":"Person","@id":"https:\/\/www.organisator.ch\/#\/schema\/person\/6f650f90b2842cd4c0cc334b4e36f67e","name":"thomas.berner","image":{"@type":"ImageObject","inLanguage":"en-US","@id":"https:\/\/secure.gravatar.com\/avatar\/ac5001d2a36cb6c6cd3e50789007ffca834b477b74a2144564522e944eabff61?s=96&d=mm&r=g","url":"https:\/\/secure.gravatar.com\/avatar\/ac5001d2a36cb6c6cd3e50789007ffca834b477b74a2144564522e944eabff61?s=96&d=mm&r=g","contentUrl":"https:\/\/secure.gravatar.com\/avatar\/ac5001d2a36cb6c6cd3e50789007ffca834b477b74a2144564522e944eabff61?s=96&d=mm&r=g","caption":"thomas.berner"},"url":"https:\/\/www.organisator.ch\/en\/author\/thomas-berner\/"}]}},"_links":{"self":[{"href":"https:\/\/www.organisator.ch\/en\/wp-json\/wp\/v2\/posts\/3985","targetHints":{"allow":["GET"]}}],"collection":[{"href":"https:\/\/www.organisator.ch\/en\/wp-json\/wp\/v2\/posts"}],"about":[{"href":"https:\/\/www.organisator.ch\/en\/wp-json\/wp\/v2\/types\/post"}],"author":[{"embeddable":true,"href":"https:\/\/www.organisator.ch\/en\/wp-json\/wp\/v2\/users\/4"}],"replies":[{"embeddable":true,"href":"https:\/\/www.organisator.ch\/en\/wp-json\/wp\/v2\/comments?post=3985"}],"version-history":[{"count":0,"href":"https:\/\/www.organisator.ch\/en\/wp-json\/wp\/v2\/posts\/3985\/revisions"}],"wp:featuredmedia":[{"embeddable":true,"href":"https:\/\/www.organisator.ch\/en\/wp-json\/wp\/v2\/media\/3986"}],"wp:attachment":[{"href":"https:\/\/www.organisator.ch\/en\/wp-json\/wp\/v2\/media?parent=3985"}],"wp:term":[{"taxonomy":"category","embeddable":true,"href":"https:\/\/www.organisator.ch\/en\/wp-json\/wp\/v2\/categories?post=3985"},{"taxonomy":"post_tag","embeddable":true,"href":"https:\/\/www.organisator.ch\/en\/wp-json\/wp\/v2\/tags?post=3985"}],"curies":[{"name":"wp","href":"https:\/\/api.w.org\/{rel}","templated":true}]}}