{"id":3990,"date":"2021-03-25T10:29:44","date_gmt":"2021-03-25T09:29:44","guid":{"rendered":"https:\/\/www.umweltperspektiven.ch\/?p=3990"},"modified":"2021-03-25T10:29:44","modified_gmt":"2021-03-25T09:29:44","slug":"green-business-switzerland-lanciert","status":"publish","type":"post","link":"https:\/\/www.organisator.ch\/en\/allgemein\/2021-03-25\/green-business-switzerland-lanciert\/","title":{"rendered":"\"Green Business Switzerland\" launched"},"content":{"rendered":"<figure id=\"attachment_3991\" aria-describedby=\"caption-attachment-3991\" style=\"width: 680px\" class=\"wp-caption aligncenter\"><img loading=\"lazy\" decoding=\"async\" class=\"size-medium wp-image-3991\" src=\"\/\/www.umweltperspektiven.ch\/wp-content\/uploads\/2021\/03\/Depositphotos_10123966_s-2019.jpg\" alt=\"&quot;Green Business Switzerland&quot; \" width=\"680\" height=\"482\" \/><figcaption id=\"caption-attachment-3991\" class=\"wp-caption-text\">\u00a9 Depositphotos, SergeyNivens<\/figcaption><\/figure>\n<p>\"Green Business Switzerland\" puts the focus on the positive connection between entrepreneurial success and sustainable action, because business must be part of the solution, the organizers emphasize. To achieve this, they need a change in awareness and role models to guide their decision-makers. \"Green Business Switzerland\" is committed to this with various formats. Economiesuisse, \u00d6bu, Pusch, Swissmem, the Swiss Environmental Foundation and WWF Switzerland, among others, are behind the cooperation of central players from business and environmental protection.<\/p>\n<p><strong>National barometer for sustainability impact<\/strong><\/p>\n<p>Together, these organizations present the \"Green Business CEO Rating\" of the most sustainable Swiss CEOs. This will appear for the first time in the July 2021 issue of \"BILANZ\" and in the magazine \"PME\". The rating analyzes both the company's performance and the CEOs' personal contribution in terms of social and environmental impact. The focus is on companies in the SMI Expanded and the largest Swiss employers. \"The Green Business CEO Rating is intended to become the national barometer for the sustainability impact of Swiss business leaders, creating a visible incentive for CEOs not only to be commercially successful, but also to make a positive contribution to solving significant societal problems,\" said Mirjam Staub-Bisang, CEO Blackrock Switzerland, who serves as the rating's jury president. The \"<a href=\"\/\/www.theibs.net\">Institute for Business Sustainability<\/a>\"from Lucerne developed the underlying scientific methodology especially for this rating. According to the organizers, it is unique worldwide in terms of depth and informative value.<\/p>\n<p><strong>\"Green Business Award\"<\/strong><\/p>\n<p>The \"Business Environment Award\" under the jury presidency of Doris Leuthard will now become the <a href=\"\/\/umweltpreis.ch\/award\/\">\"Green Business Award\"<\/a>. The award honors innovative companies that combine economic success with ecological impact. A unique selection process via national business associations and environmental organizations guarantees that the most convincing solutions are identified each year, according to the organizers. This year's nominated companies will be announced on April 20, 2021, and the finalists will be communicated on July 2, 2021. The awards ceremony will take place on September 22 at the <a href=\"\/\/www.ce2.ch\">\"CE2 - Circular Economic Entrepreneurs.\"<\/a> a conference of the Swiss Economic Forum. As the presenting partner of the \"Green Business Award,\" Swiss Post says it is committed to being a pioneer in its industry in the area of corporate sustainability.<\/p>\n<p>The most outstanding leaders from the award and CEO rating would be united in the \"Green Business Community\". They are pioneers and signal givers of sustainable entrepreneurship in Switzerland. As part of \"Green Business Global\", \"Green Business Switzerland\" brings them onto important international platforms such as \"Bloomberg New Energy Pioneers\", it concludes.<\/p>\n<p><em>Source: <a href=\"\/\/www.greenbusiness.ch\">Green Business Switzerland<\/a><\/em><\/p>","protected":false},"excerpt":{"rendered":"<p>\u00abGreen Business Switzerland\u00bb r\u00fccke den positiven Zusammenhang zwischen unternehmerischem Erfolg und nachhaltigem Handeln in den Fokus, denn die Wirtschaft m\u00fcsse Teil der L\u00f6sung sein, betonen die Organisatoren. Daf\u00fcr brauche es einen Bewusstseinswandel und Vorbilder, an denen sich ihre Entscheidungstr\u00e4ger orientieren k\u00f6nnten. \u00abGreen Business Switzerland\u00bb engagiere sich hierf\u00fcr mit verschiedenen Formaten. Hinter der Kooperation zentraler Akteure [&hellip;]<\/p>\n","protected":false},"author":6,"featured_media":9781,"comment_status":"closed","ping_status":"closed","sticky":false,"template":"","format":"standard","meta":{"_acf_changed":false,"_yoast_wpseo_focuskw":"\u00abGreen Business Switzerland\u00bb","_yoast_wpseo_metadesc":"Die Schweizerische Umweltstiftung und der Verein \u00abGo for Impact\u00bb lancieren \u00abGreen Business Switzerland\u00bb, die auch den \u00abGreen Business Award\u00bb verleiht.","articlekey":"","footnotes":""},"categories":[1],"tags":[901,905,1314,1791,2255,2588],"class_list":["post-3990","post","type-post","status-publish","format-standard","has-post-thumbnail","hentry","category-allgemein","tag-ce2-circular-economic-entrepreneurs","tag-ceo-rating","tag-green-business-award","tag-nachhaltigkeitsleader","tag-swiss-economic-forum","tag-www-greenbusiness-ch"],"acf":[],"yoast_head":"<!-- This site is optimized with the Yoast SEO plugin v27.5 - https:\/\/yoast.com\/product\/yoast-seo-wordpress\/ -->\n<title>\u00abGreen Business Switzerland\u00bb lanciert - Organisator<\/title>\n<meta name=\"description\" content=\"Die Schweizerische Umweltstiftung und der Verein \u00abGo for Impact\u00bb lancieren \u00abGreen Business Switzerland\u00bb, die auch den \u00abGreen Business Award\u00bb verleiht.\" \/>\n<meta name=\"robots\" content=\"index, follow, max-snippet:-1, max-image-preview:large, max-video-preview:-1\" \/>\n<link rel=\"canonical\" href=\"https:\/\/www.organisator.ch\/en\/general\/2021-03-25\/green-business-switzerland-lanciert\/\" \/>\n<meta property=\"og:locale\" content=\"en_US\" \/>\n<meta property=\"og:type\" content=\"article\" \/>\n<meta property=\"og:title\" content=\"\u00abGreen Business Switzerland\u00bb lanciert - Organisator\" \/>\n<meta property=\"og:description\" content=\"Die Schweizerische Umweltstiftung und der Verein \u00abGo for Impact\u00bb lancieren \u00abGreen Business Switzerland\u00bb, die auch den \u00abGreen Business Award\u00bb verleiht.\" \/>\n<meta property=\"og:url\" content=\"https:\/\/www.organisator.ch\/en\/general\/2021-03-25\/green-business-switzerland-lanciert\/\" \/>\n<meta property=\"og:site_name\" content=\"Organisator\" \/>\n<meta property=\"article:publisher\" content=\"https:\/\/www.facebook.com\/OrganisatorFachmagazin\" \/>\n<meta property=\"article:published_time\" content=\"2021-03-25T09:29:44+00:00\" \/>\n<meta property=\"og:image\" content=\"https:\/\/www.organisator.ch\/wp-content\/uploads\/2021\/03\/Depositphotos_10123966_s-2019.jpg\" \/>\n\t<meta property=\"og:image:width\" content=\"806\" \/>\n\t<meta property=\"og:image:height\" content=\"571\" \/>\n\t<meta property=\"og:image:type\" content=\"image\/jpeg\" \/>\n<meta name=\"author\" content=\"roger.straessle\" \/>\n<meta name=\"twitter:card\" content=\"summary_large_image\" \/>\n<script type=\"application\/ld+json\" class=\"yoast-schema-graph\">{\"@context\":\"https:\\\/\\\/schema.org\",\"@graph\":[{\"@type\":\"Article\",\"@id\":\"https:\\\/\\\/www.organisator.ch\\\/en\\\/general\\\/2021-03-25\\\/green-business-switzerland-lanciert\\\/#article\",\"isPartOf\":{\"@id\":\"https:\\\/\\\/www.organisator.ch\\\/en\\\/general\\\/2021-03-25\\\/green-business-switzerland-lanciert\\\/\"},\"author\":{\"name\":\"roger.straessle\",\"@id\":\"https:\\\/\\\/www.organisator.ch\\\/#\\\/schema\\\/person\\\/a800b8c54e208b160517a7dcc323161d\"},\"headline\":\"\u00abGreen Business Switzerland\u00bb lanciert\",\"datePublished\":\"2021-03-25T09:29:44+00:00\",\"mainEntityOfPage\":{\"@id\":\"https:\\\/\\\/www.organisator.ch\\\/en\\\/general\\\/2021-03-25\\\/green-business-switzerland-lanciert\\\/\"},\"wordCount\":418,\"publisher\":{\"@id\":\"https:\\\/\\\/www.organisator.ch\\\/#organization\"},\"image\":{\"@id\":\"https:\\\/\\\/www.organisator.ch\\\/en\\\/general\\\/2021-03-25\\\/green-business-switzerland-lanciert\\\/#primaryimage\"},\"thumbnailUrl\":\"https:\\\/\\\/www.organisator.ch\\\/wp-content\\\/uploads\\\/2021\\\/03\\\/Depositphotos_10123966_s-2019.jpg\",\"keywords\":[\"CE2 \u2013 Circular Economic Entrepreneurs\",\"CEO-Rating\",\"Green Business Award\",\"Nachhaltigkeitsleader\",\"Swiss Economic Forum\",\"www.greenbusiness.ch\"],\"articleSection\":[\"Allgemein\"],\"inLanguage\":\"en-US\"},{\"@type\":\"WebPage\",\"@id\":\"https:\\\/\\\/www.organisator.ch\\\/en\\\/general\\\/2021-03-25\\\/green-business-switzerland-lanciert\\\/\",\"url\":\"https:\\\/\\\/www.organisator.ch\\\/en\\\/general\\\/2021-03-25\\\/green-business-switzerland-lanciert\\\/\",\"name\":\"\u00abGreen Business Switzerland\u00bb lanciert - Organisator\",\"isPartOf\":{\"@id\":\"https:\\\/\\\/www.organisator.ch\\\/#website\"},\"primaryImageOfPage\":{\"@id\":\"https:\\\/\\\/www.organisator.ch\\\/en\\\/general\\\/2021-03-25\\\/green-business-switzerland-lanciert\\\/#primaryimage\"},\"image\":{\"@id\":\"https:\\\/\\\/www.organisator.ch\\\/en\\\/general\\\/2021-03-25\\\/green-business-switzerland-lanciert\\\/#primaryimage\"},\"thumbnailUrl\":\"https:\\\/\\\/www.organisator.ch\\\/wp-content\\\/uploads\\\/2021\\\/03\\\/Depositphotos_10123966_s-2019.jpg\",\"datePublished\":\"2021-03-25T09:29:44+00:00\",\"description\":\"Die Schweizerische Umweltstiftung und der Verein \u00abGo for Impact\u00bb lancieren \u00abGreen Business Switzerland\u00bb, die auch den \u00abGreen Business Award\u00bb verleiht.\",\"breadcrumb\":{\"@id\":\"https:\\\/\\\/www.organisator.ch\\\/en\\\/general\\\/2021-03-25\\\/green-business-switzerland-lanciert\\\/#breadcrumb\"},\"inLanguage\":\"en-US\",\"potentialAction\":[{\"@type\":\"ReadAction\",\"target\":[\"https:\\\/\\\/www.organisator.ch\\\/en\\\/general\\\/2021-03-25\\\/green-business-switzerland-lanciert\\\/\"]}]},{\"@type\":\"ImageObject\",\"inLanguage\":\"en-US\",\"@id\":\"https:\\\/\\\/www.organisator.ch\\\/en\\\/general\\\/2021-03-25\\\/green-business-switzerland-lanciert\\\/#primaryimage\",\"url\":\"https:\\\/\\\/www.organisator.ch\\\/wp-content\\\/uploads\\\/2021\\\/03\\\/Depositphotos_10123966_s-2019.jpg\",\"contentUrl\":\"https:\\\/\\\/www.organisator.ch\\\/wp-content\\\/uploads\\\/2021\\\/03\\\/Depositphotos_10123966_s-2019.jpg\",\"width\":806,\"height\":571,\"caption\":\"\u00a9 Depositphotos, SergeyNivens\"},{\"@type\":\"BreadcrumbList\",\"@id\":\"https:\\\/\\\/www.organisator.ch\\\/en\\\/general\\\/2021-03-25\\\/green-business-switzerland-lanciert\\\/#breadcrumb\",\"itemListElement\":[{\"@type\":\"ListItem\",\"position\":1,\"name\":\"Home\",\"item\":\"https:\\\/\\\/www.organisator.ch\\\/\"},{\"@type\":\"ListItem\",\"position\":2,\"name\":\"\u00abGreen Business Switzerland\u00bb lanciert\"}]},{\"@type\":\"WebSite\",\"@id\":\"https:\\\/\\\/www.organisator.ch\\\/#website\",\"url\":\"https:\\\/\\\/www.organisator.ch\\\/\",\"name\":\"Organisator\",\"description\":\"Kompetent. Praxisnah. Der ORGANISATOR bereitet in 10 Ausgaben pro Jahr die wesentlichen Themen f\u00fcr F\u00fchrungskr\u00e4fte von KMU auf.\",\"publisher\":{\"@id\":\"https:\\\/\\\/www.organisator.ch\\\/#organization\"},\"potentialAction\":[{\"@type\":\"SearchAction\",\"target\":{\"@type\":\"EntryPoint\",\"urlTemplate\":\"https:\\\/\\\/www.organisator.ch\\\/?s={search_term_string}\"},\"query-input\":{\"@type\":\"PropertyValueSpecification\",\"valueRequired\":true,\"valueName\":\"search_term_string\"}}],\"inLanguage\":\"en-US\"},{\"@type\":\"Organization\",\"@id\":\"https:\\\/\\\/www.organisator.ch\\\/#organization\",\"name\":\"Organisator\",\"url\":\"https:\\\/\\\/www.organisator.ch\\\/\",\"logo\":{\"@type\":\"ImageObject\",\"inLanguage\":\"en-US\",\"@id\":\"https:\\\/\\\/www.organisator.ch\\\/#\\\/schema\\\/logo\\\/image\\\/\",\"url\":\"https:\\\/\\\/www.organisator.ch\\\/wp-content\\\/uploads\\\/2022\\\/01\\\/Logo_Organisator_Website.png\",\"contentUrl\":\"https:\\\/\\\/www.organisator.ch\\\/wp-content\\\/uploads\\\/2022\\\/01\\\/Logo_Organisator_Website.png\",\"width\":800,\"height\":77,\"caption\":\"Organisator\"},\"image\":{\"@id\":\"https:\\\/\\\/www.organisator.ch\\\/#\\\/schema\\\/logo\\\/image\\\/\"},\"sameAs\":[\"https:\\\/\\\/www.facebook.com\\\/OrganisatorFachmagazin\",\"https:\\\/\\\/www.linkedin.com\\\/showcase\\\/organisator-das-magazin-fr-kmu\",\"https:\\\/\\\/www.xing.com\\\/news\\\/pages\\\/organisator-ch-695\",\"https:\\\/\\\/www.youtube.com\\\/channel\\\/UCGP2Sq0iWaZwT3BdIAQFYpw\"]},{\"@type\":\"Person\",\"@id\":\"https:\\\/\\\/www.organisator.ch\\\/#\\\/schema\\\/person\\\/a800b8c54e208b160517a7dcc323161d\",\"name\":\"roger.straessle\",\"image\":{\"@type\":\"ImageObject\",\"inLanguage\":\"en-US\",\"@id\":\"https:\\\/\\\/secure.gravatar.com\\\/avatar\\\/?s=96&d=mm&r=g\",\"url\":\"https:\\\/\\\/secure.gravatar.com\\\/avatar\\\/?s=96&d=mm&r=g\",\"contentUrl\":\"https:\\\/\\\/secure.gravatar.com\\\/avatar\\\/?s=96&d=mm&r=g\",\"caption\":\"roger.straessle\"},\"url\":\"https:\\\/\\\/www.organisator.ch\\\/en\\\/author\\\/roger-straessle\\\/\"}]}<\/script>\n<!-- \/ Yoast SEO plugin. -->","yoast_head_json":{"title":"\"Green Business Switzerland\" launched - organizer","description":"The Swiss Environmental Foundation and the association \"Go for Impact\" launch \"Green Business Switzerland\", which also presents the \"Green Business Award\".","robots":{"index":"index","follow":"follow","max-snippet":"max-snippet:-1","max-image-preview":"max-image-preview:large","max-video-preview":"max-video-preview:-1"},"canonical":"https:\/\/www.organisator.ch\/en\/general\/2021-03-25\/green-business-switzerland-lanciert\/","og_locale":"en_US","og_type":"article","og_title":"\u00abGreen Business Switzerland\u00bb lanciert - Organisator","og_description":"Die Schweizerische Umweltstiftung und der Verein \u00abGo for Impact\u00bb lancieren \u00abGreen Business Switzerland\u00bb, die auch den \u00abGreen Business Award\u00bb verleiht.","og_url":"https:\/\/www.organisator.ch\/en\/general\/2021-03-25\/green-business-switzerland-lanciert\/","og_site_name":"Organisator","article_publisher":"https:\/\/www.facebook.com\/OrganisatorFachmagazin","article_published_time":"2021-03-25T09:29:44+00:00","og_image":[{"width":806,"height":571,"url":"https:\/\/www.organisator.ch\/wp-content\/uploads\/2021\/03\/Depositphotos_10123966_s-2019.jpg","type":"image\/jpeg"}],"author":"roger.straessle","twitter_card":"summary_large_image","schema":{"@context":"https:\/\/schema.org","@graph":[{"@type":"Article","@id":"https:\/\/www.organisator.ch\/en\/general\/2021-03-25\/green-business-switzerland-lanciert\/#article","isPartOf":{"@id":"https:\/\/www.organisator.ch\/en\/general\/2021-03-25\/green-business-switzerland-lanciert\/"},"author":{"name":"roger.straessle","@id":"https:\/\/www.organisator.ch\/#\/schema\/person\/a800b8c54e208b160517a7dcc323161d"},"headline":"\u00abGreen Business Switzerland\u00bb lanciert","datePublished":"2021-03-25T09:29:44+00:00","mainEntityOfPage":{"@id":"https:\/\/www.organisator.ch\/en\/general\/2021-03-25\/green-business-switzerland-lanciert\/"},"wordCount":418,"publisher":{"@id":"https:\/\/www.organisator.ch\/#organization"},"image":{"@id":"https:\/\/www.organisator.ch\/en\/general\/2021-03-25\/green-business-switzerland-lanciert\/#primaryimage"},"thumbnailUrl":"https:\/\/www.organisator.ch\/wp-content\/uploads\/2021\/03\/Depositphotos_10123966_s-2019.jpg","keywords":["CE2 \u2013 Circular Economic Entrepreneurs","CEO-Rating","Green Business Award","Nachhaltigkeitsleader","Swiss Economic Forum","www.greenbusiness.ch"],"articleSection":["Allgemein"],"inLanguage":"en-US"},{"@type":"WebPage","@id":"https:\/\/www.organisator.ch\/en\/general\/2021-03-25\/green-business-switzerland-lanciert\/","url":"https:\/\/www.organisator.ch\/en\/general\/2021-03-25\/green-business-switzerland-lanciert\/","name":"\"Green Business Switzerland\" launched - organizer","isPartOf":{"@id":"https:\/\/www.organisator.ch\/#website"},"primaryImageOfPage":{"@id":"https:\/\/www.organisator.ch\/en\/general\/2021-03-25\/green-business-switzerland-lanciert\/#primaryimage"},"image":{"@id":"https:\/\/www.organisator.ch\/en\/general\/2021-03-25\/green-business-switzerland-lanciert\/#primaryimage"},"thumbnailUrl":"https:\/\/www.organisator.ch\/wp-content\/uploads\/2021\/03\/Depositphotos_10123966_s-2019.jpg","datePublished":"2021-03-25T09:29:44+00:00","description":"The Swiss Environmental Foundation and the association \"Go for Impact\" launch \"Green Business Switzerland\", which also presents the \"Green Business Award\".","breadcrumb":{"@id":"https:\/\/www.organisator.ch\/en\/general\/2021-03-25\/green-business-switzerland-lanciert\/#breadcrumb"},"inLanguage":"en-US","potentialAction":[{"@type":"ReadAction","target":["https:\/\/www.organisator.ch\/en\/general\/2021-03-25\/green-business-switzerland-lanciert\/"]}]},{"@type":"ImageObject","inLanguage":"en-US","@id":"https:\/\/www.organisator.ch\/en\/general\/2021-03-25\/green-business-switzerland-lanciert\/#primaryimage","url":"https:\/\/www.organisator.ch\/wp-content\/uploads\/2021\/03\/Depositphotos_10123966_s-2019.jpg","contentUrl":"https:\/\/www.organisator.ch\/wp-content\/uploads\/2021\/03\/Depositphotos_10123966_s-2019.jpg","width":806,"height":571,"caption":"\u00a9 Depositphotos, SergeyNivens"},{"@type":"BreadcrumbList","@id":"https:\/\/www.organisator.ch\/en\/general\/2021-03-25\/green-business-switzerland-lanciert\/#breadcrumb","itemListElement":[{"@type":"ListItem","position":1,"name":"Home","item":"https:\/\/www.organisator.ch\/"},{"@type":"ListItem","position":2,"name":"\u00abGreen Business Switzerland\u00bb lanciert"}]},{"@type":"WebSite","@id":"https:\/\/www.organisator.ch\/#website","url":"https:\/\/www.organisator.ch\/","name":"Organizer","description":"Competent. Practical. In 10 issues per year, ORGANISATOR presents the essential topics for managers of SMEs.","publisher":{"@id":"https:\/\/www.organisator.ch\/#organization"},"potentialAction":[{"@type":"SearchAction","target":{"@type":"EntryPoint","urlTemplate":"https:\/\/www.organisator.ch\/?s={search_term_string}"},"query-input":{"@type":"PropertyValueSpecification","valueRequired":true,"valueName":"search_term_string"}}],"inLanguage":"en-US"},{"@type":"Organization","@id":"https:\/\/www.organisator.ch\/#organization","name":"Organizer","url":"https:\/\/www.organisator.ch\/","logo":{"@type":"ImageObject","inLanguage":"en-US","@id":"https:\/\/www.organisator.ch\/#\/schema\/logo\/image\/","url":"https:\/\/www.organisator.ch\/wp-content\/uploads\/2022\/01\/Logo_Organisator_Website.png","contentUrl":"https:\/\/www.organisator.ch\/wp-content\/uploads\/2022\/01\/Logo_Organisator_Website.png","width":800,"height":77,"caption":"Organisator"},"image":{"@id":"https:\/\/www.organisator.ch\/#\/schema\/logo\/image\/"},"sameAs":["https:\/\/www.facebook.com\/OrganisatorFachmagazin","https:\/\/www.linkedin.com\/showcase\/organisator-das-magazin-fr-kmu","https:\/\/www.xing.com\/news\/pages\/organisator-ch-695","https:\/\/www.youtube.com\/channel\/UCGP2Sq0iWaZwT3BdIAQFYpw"]},{"@type":"Person","@id":"https:\/\/www.organisator.ch\/#\/schema\/person\/a800b8c54e208b160517a7dcc323161d","name":"roger.straessle","image":{"@type":"ImageObject","inLanguage":"en-US","@id":"https:\/\/secure.gravatar.com\/avatar\/?s=96&d=mm&r=g","url":"https:\/\/secure.gravatar.com\/avatar\/?s=96&d=mm&r=g","contentUrl":"https:\/\/secure.gravatar.com\/avatar\/?s=96&d=mm&r=g","caption":"roger.straessle"},"url":"https:\/\/www.organisator.ch\/en\/author\/roger-straessle\/"}]}},"_links":{"self":[{"href":"https:\/\/www.organisator.ch\/en\/wp-json\/wp\/v2\/posts\/3990","targetHints":{"allow":["GET"]}}],"collection":[{"href":"https:\/\/www.organisator.ch\/en\/wp-json\/wp\/v2\/posts"}],"about":[{"href":"https:\/\/www.organisator.ch\/en\/wp-json\/wp\/v2\/types\/post"}],"author":[{"embeddable":true,"href":"https:\/\/www.organisator.ch\/en\/wp-json\/wp\/v2\/users\/6"}],"replies":[{"embeddable":true,"href":"https:\/\/www.organisator.ch\/en\/wp-json\/wp\/v2\/comments?post=3990"}],"version-history":[{"count":0,"href":"https:\/\/www.organisator.ch\/en\/wp-json\/wp\/v2\/posts\/3990\/revisions"}],"wp:featuredmedia":[{"embeddable":true,"href":"https:\/\/www.organisator.ch\/en\/wp-json\/wp\/v2\/media\/9781"}],"wp:attachment":[{"href":"https:\/\/www.organisator.ch\/en\/wp-json\/wp\/v2\/media?parent=3990"}],"wp:term":[{"taxonomy":"category","embeddable":true,"href":"https:\/\/www.organisator.ch\/en\/wp-json\/wp\/v2\/categories?post=3990"},{"taxonomy":"post_tag","embeddable":true,"href":"https:\/\/www.organisator.ch\/en\/wp-json\/wp\/v2\/tags?post=3990"}],"curies":[{"name":"wp","href":"https:\/\/api.w.org\/{rel}","templated":true}]}}