{"id":3994,"date":"2021-04-08T14:50:00","date_gmt":"2021-04-08T12:50:00","guid":{"rendered":"https:\/\/www.umweltperspektiven.ch\/?p=3994"},"modified":"2022-02-09T11:09:53","modified_gmt":"2022-02-09T10:09:53","slug":"kreislaufwirtschaft-im-fokus","status":"publish","type":"post","link":"https:\/\/www.organisator.ch\/en\/sustainability\/2021-04-08\/kreislaufwirtschaft-im-fokus\/","title":{"rendered":"Focus on the circular economy"},"content":{"rendered":"<figure id=\"attachment_3995\" aria-describedby=\"caption-attachment-3995\" style=\"width: 680px\" class=\"wp-caption aligncenter\"><img loading=\"lazy\" decoding=\"async\" class=\"wp-image-3995 size-medium\" src=\"\/\/www.umweltperspektiven.ch\/wp-content\/uploads\/2021\/03\/Depositphotos_222572268_s-2019.jpg\" alt=\"Circular economy\" width=\"680\" height=\"454\" \/><figcaption id=\"caption-attachment-3995\" class=\"wp-caption-text\">This time, the \"Swiss Quality Day\" focuses on the topic of circular economy. \u00a9 Depositphotos, achirathep.gmail.com<\/figcaption><\/figure>\n<p>\"When in early May the <a href=\"\/\/saq.ch\/de\/veranstaltungen\/tag_der_schweizer_qualitaet\/tsq_2021\/\">Swiss Quality Day<\/a> takes place, then the so-called '<a href=\"\/\/www.overshootday.org\/schweiz\/\">Overshoot Day<\/a>' within reach. On this day, the Swiss population has consumed more natural resources than it is entitled to for the whole year. Hence the criticism: \"If everyone lived as we do, we would need the raw materials of three planets,\" writes Swiss President Guy Parmelin in his welcoming address on the occasion of the traditional SAQ event, which is held as a virtual event.<\/p>\n<p><strong>Producers must rethink<\/strong><\/p>\n<p>And the Federal President goes on to conclude: \"A rethink is needed today. Both consumers and producers must reduce their demand for materials, natural resources and products. Specifically, we need a more sustainable economic system. But recycling alone is not enough!\" That's why the answer for President Parmelin is the circular economy. The basic idea behind it: As far as possible, no resources should be lost (cf. also <a href=\"\/\/www.umweltperspektiven.ch\/gigantischer-verlust-an-wertstoffen\/\">here<\/a>).<\/p>\n<p><strong>What awaits interested parties?<\/strong><\/p>\n<p>At this year's SAQ \"Swiss Quality Day\", interested parties will learn how circular economy can be implemented and become part of the business model and company processes. How can the needs of customers, the available technologies and the ecological impact be aligned? Successful companies show which new perspectives are opened up by this concept.<\/p>\n<p><em>Here you can go to the <a href=\"\/\/saq.ch\/de\/veranstaltungen\/tag_der_schweizer_qualitaet\/tsq_2021\/programm\/\">detailed program<\/a> on the \"Swiss Quality Day\".<\/em><\/p>","protected":false},"excerpt":{"rendered":"<p>\u00abWenn Anfang Mai der Tag der Schweizer Qualit\u00e4t stattfindet, dann ist der sogenannte \u2018Overshoot Day\u2019 in Greifn\u00e4he. An diesem Tag hat die Schweizer Bev\u00f6lkerung mehr nat\u00fcrliche Ressourcen verbraucht, als ihr f\u00fcr das ganze Jahr zustehen. Darum die Kritik: Wenn alle so leben w\u00fcrden wie wir, dann w\u00e4ren die Rohstoffe von drei Planeten n\u00f6tig\u00bb, schreibt Bundespr\u00e4sident [&hellip;]<\/p>\n","protected":false},"author":6,"featured_media":9782,"comment_status":"closed","ping_status":"closed","sticky":false,"template":"","format":"standard","meta":{"_acf_changed":false,"_yoast_wpseo_focuskw":"Kreislaufwirtschaft","_yoast_wpseo_metadesc":"Der diesj\u00e4hrige \u00abTag der Schweizer Qualit\u00e4t\u00bb der SAQ findet am 4. Mai 2021 statt und fokussiert auf das Thema Kreislaufwirtschaft.","articlekey":"","footnotes":""},"categories":[580],"tags":[636,1338,594,2050],"class_list":["post-3994","post","type-post","status-publish","format-standard","has-post-thumbnail","hentry","category-sustainability","tag-tag-der-schweizer-qualitaet","tag-guy-parmelin","tag-kreislaufwirtschaft","tag-saq"],"acf":[],"yoast_head":"<!-- This site is optimized with the Yoast SEO plugin v27.5 - https:\/\/yoast.com\/product\/yoast-seo-wordpress\/ -->\n<title>Kreislaufwirtschaft im Fokus - Organisator<\/title>\n<meta name=\"description\" content=\"Der diesj\u00e4hrige \u00abTag der Schweizer Qualit\u00e4t\u00bb der SAQ findet am 4. Mai 2021 statt und fokussiert auf das Thema Kreislaufwirtschaft.\" \/>\n<meta name=\"robots\" content=\"index, follow, max-snippet:-1, max-image-preview:large, max-video-preview:-1\" \/>\n<link rel=\"canonical\" href=\"https:\/\/www.organisator.ch\/en\/sustainability\/2021-04-08\/kreislaufwirtschaft-im-fokus\/\" \/>\n<meta property=\"og:locale\" content=\"en_US\" \/>\n<meta property=\"og:type\" content=\"article\" \/>\n<meta property=\"og:title\" content=\"Kreislaufwirtschaft im Fokus - Organisator\" \/>\n<meta property=\"og:description\" content=\"Der diesj\u00e4hrige \u00abTag der Schweizer Qualit\u00e4t\u00bb der SAQ findet am 4. Mai 2021 statt und fokussiert auf das Thema Kreislaufwirtschaft.\" \/>\n<meta property=\"og:url\" content=\"https:\/\/www.organisator.ch\/en\/sustainability\/2021-04-08\/kreislaufwirtschaft-im-fokus\/\" \/>\n<meta property=\"og:site_name\" content=\"Organisator\" \/>\n<meta property=\"article:publisher\" content=\"https:\/\/www.facebook.com\/OrganisatorFachmagazin\" \/>\n<meta property=\"article:published_time\" content=\"2021-04-08T12:50:00+00:00\" \/>\n<meta property=\"article:modified_time\" content=\"2022-02-09T10:09:53+00:00\" \/>\n<meta property=\"og:image\" content=\"https:\/\/www.organisator.ch\/wp-content\/uploads\/2021\/03\/Depositphotos_222572268_s-2019.jpg\" \/>\n\t<meta property=\"og:image:width\" content=\"1000\" \/>\n\t<meta property=\"og:image:height\" content=\"667\" \/>\n\t<meta property=\"og:image:type\" content=\"image\/jpeg\" \/>\n<meta name=\"author\" content=\"roger.straessle\" \/>\n<meta name=\"twitter:card\" content=\"summary_large_image\" \/>\n<script type=\"application\/ld+json\" class=\"yoast-schema-graph\">{\"@context\":\"https:\\\/\\\/schema.org\",\"@graph\":[{\"@type\":\"Article\",\"@id\":\"https:\\\/\\\/www.organisator.ch\\\/sustainability\\\/2021-04-08\\\/kreislaufwirtschaft-im-fokus\\\/#article\",\"isPartOf\":{\"@id\":\"https:\\\/\\\/www.organisator.ch\\\/sustainability\\\/2021-04-08\\\/kreislaufwirtschaft-im-fokus\\\/\"},\"author\":{\"name\":\"roger.straessle\",\"@id\":\"https:\\\/\\\/www.organisator.ch\\\/#\\\/schema\\\/person\\\/a800b8c54e208b160517a7dcc323161d\"},\"headline\":\"Kreislaufwirtschaft im Fokus\",\"datePublished\":\"2021-04-08T12:50:00+00:00\",\"dateModified\":\"2022-02-09T10:09:53+00:00\",\"mainEntityOfPage\":{\"@id\":\"https:\\\/\\\/www.organisator.ch\\\/sustainability\\\/2021-04-08\\\/kreislaufwirtschaft-im-fokus\\\/\"},\"wordCount\":248,\"publisher\":{\"@id\":\"https:\\\/\\\/www.organisator.ch\\\/#organization\"},\"image\":{\"@id\":\"https:\\\/\\\/www.organisator.ch\\\/sustainability\\\/2021-04-08\\\/kreislaufwirtschaft-im-fokus\\\/#primaryimage\"},\"thumbnailUrl\":\"https:\\\/\\\/www.organisator.ch\\\/wp-content\\\/uploads\\\/2021\\\/03\\\/Depositphotos_222572268_s-2019.jpg\",\"keywords\":[\"\u00abTag der Schweizer Qualit\u00e4t\u00bb\",\"Guy Parmelin\",\"Kreislaufwirtschaft\",\"SAQ\"],\"articleSection\":[\"SUSTAINABILITY\"],\"inLanguage\":\"en-US\"},{\"@type\":\"WebPage\",\"@id\":\"https:\\\/\\\/www.organisator.ch\\\/sustainability\\\/2021-04-08\\\/kreislaufwirtschaft-im-fokus\\\/\",\"url\":\"https:\\\/\\\/www.organisator.ch\\\/sustainability\\\/2021-04-08\\\/kreislaufwirtschaft-im-fokus\\\/\",\"name\":\"Kreislaufwirtschaft im Fokus - Organisator\",\"isPartOf\":{\"@id\":\"https:\\\/\\\/www.organisator.ch\\\/#website\"},\"primaryImageOfPage\":{\"@id\":\"https:\\\/\\\/www.organisator.ch\\\/sustainability\\\/2021-04-08\\\/kreislaufwirtschaft-im-fokus\\\/#primaryimage\"},\"image\":{\"@id\":\"https:\\\/\\\/www.organisator.ch\\\/sustainability\\\/2021-04-08\\\/kreislaufwirtschaft-im-fokus\\\/#primaryimage\"},\"thumbnailUrl\":\"https:\\\/\\\/www.organisator.ch\\\/wp-content\\\/uploads\\\/2021\\\/03\\\/Depositphotos_222572268_s-2019.jpg\",\"datePublished\":\"2021-04-08T12:50:00+00:00\",\"dateModified\":\"2022-02-09T10:09:53+00:00\",\"description\":\"Der diesj\u00e4hrige \u00abTag der Schweizer Qualit\u00e4t\u00bb der SAQ findet am 4. Mai 2021 statt und fokussiert auf das Thema Kreislaufwirtschaft.\",\"breadcrumb\":{\"@id\":\"https:\\\/\\\/www.organisator.ch\\\/sustainability\\\/2021-04-08\\\/kreislaufwirtschaft-im-fokus\\\/#breadcrumb\"},\"inLanguage\":\"en-US\",\"potentialAction\":[{\"@type\":\"ReadAction\",\"target\":[\"https:\\\/\\\/www.organisator.ch\\\/sustainability\\\/2021-04-08\\\/kreislaufwirtschaft-im-fokus\\\/\"]}]},{\"@type\":\"ImageObject\",\"inLanguage\":\"en-US\",\"@id\":\"https:\\\/\\\/www.organisator.ch\\\/sustainability\\\/2021-04-08\\\/kreislaufwirtschaft-im-fokus\\\/#primaryimage\",\"url\":\"https:\\\/\\\/www.organisator.ch\\\/wp-content\\\/uploads\\\/2021\\\/03\\\/Depositphotos_222572268_s-2019.jpg\",\"contentUrl\":\"https:\\\/\\\/www.organisator.ch\\\/wp-content\\\/uploads\\\/2021\\\/03\\\/Depositphotos_222572268_s-2019.jpg\",\"width\":1000,\"height\":667,\"caption\":\"\u00a9 Depositphotos, achirathep.gmail.com\"},{\"@type\":\"BreadcrumbList\",\"@id\":\"https:\\\/\\\/www.organisator.ch\\\/sustainability\\\/2021-04-08\\\/kreislaufwirtschaft-im-fokus\\\/#breadcrumb\",\"itemListElement\":[{\"@type\":\"ListItem\",\"position\":1,\"name\":\"Home\",\"item\":\"https:\\\/\\\/www.organisator.ch\\\/\"},{\"@type\":\"ListItem\",\"position\":2,\"name\":\"Kreislaufwirtschaft im Fokus\"}]},{\"@type\":\"WebSite\",\"@id\":\"https:\\\/\\\/www.organisator.ch\\\/#website\",\"url\":\"https:\\\/\\\/www.organisator.ch\\\/\",\"name\":\"Organisator\",\"description\":\"Kompetent. Praxisnah. Der ORGANISATOR bereitet in 10 Ausgaben pro Jahr die wesentlichen Themen f\u00fcr F\u00fchrungskr\u00e4fte von KMU auf.\",\"publisher\":{\"@id\":\"https:\\\/\\\/www.organisator.ch\\\/#organization\"},\"potentialAction\":[{\"@type\":\"SearchAction\",\"target\":{\"@type\":\"EntryPoint\",\"urlTemplate\":\"https:\\\/\\\/www.organisator.ch\\\/?s={search_term_string}\"},\"query-input\":{\"@type\":\"PropertyValueSpecification\",\"valueRequired\":true,\"valueName\":\"search_term_string\"}}],\"inLanguage\":\"en-US\"},{\"@type\":\"Organization\",\"@id\":\"https:\\\/\\\/www.organisator.ch\\\/#organization\",\"name\":\"Organisator\",\"url\":\"https:\\\/\\\/www.organisator.ch\\\/\",\"logo\":{\"@type\":\"ImageObject\",\"inLanguage\":\"en-US\",\"@id\":\"https:\\\/\\\/www.organisator.ch\\\/#\\\/schema\\\/logo\\\/image\\\/\",\"url\":\"https:\\\/\\\/www.organisator.ch\\\/wp-content\\\/uploads\\\/2022\\\/01\\\/Logo_Organisator_Website.png\",\"contentUrl\":\"https:\\\/\\\/www.organisator.ch\\\/wp-content\\\/uploads\\\/2022\\\/01\\\/Logo_Organisator_Website.png\",\"width\":800,\"height\":77,\"caption\":\"Organisator\"},\"image\":{\"@id\":\"https:\\\/\\\/www.organisator.ch\\\/#\\\/schema\\\/logo\\\/image\\\/\"},\"sameAs\":[\"https:\\\/\\\/www.facebook.com\\\/OrganisatorFachmagazin\",\"https:\\\/\\\/www.linkedin.com\\\/showcase\\\/organisator-das-magazin-fr-kmu\",\"https:\\\/\\\/www.xing.com\\\/news\\\/pages\\\/organisator-ch-695\",\"https:\\\/\\\/www.youtube.com\\\/channel\\\/UCGP2Sq0iWaZwT3BdIAQFYpw\"]},{\"@type\":\"Person\",\"@id\":\"https:\\\/\\\/www.organisator.ch\\\/#\\\/schema\\\/person\\\/a800b8c54e208b160517a7dcc323161d\",\"name\":\"roger.straessle\",\"image\":{\"@type\":\"ImageObject\",\"inLanguage\":\"en-US\",\"@id\":\"https:\\\/\\\/secure.gravatar.com\\\/avatar\\\/?s=96&d=mm&r=g\",\"url\":\"https:\\\/\\\/secure.gravatar.com\\\/avatar\\\/?s=96&d=mm&r=g\",\"contentUrl\":\"https:\\\/\\\/secure.gravatar.com\\\/avatar\\\/?s=96&d=mm&r=g\",\"caption\":\"roger.straessle\"},\"url\":\"https:\\\/\\\/www.organisator.ch\\\/en\\\/author\\\/roger-straessle\\\/\"}]}<\/script>\n<!-- \/ Yoast SEO plugin. -->","yoast_head_json":{"title":"Circular Economy in Focus - Organizer","description":"This year's SAQ \"Swiss Quality Day\" will take place on May 4, 2021 and will focus on the topic of circular economy.","robots":{"index":"index","follow":"follow","max-snippet":"max-snippet:-1","max-image-preview":"max-image-preview:large","max-video-preview":"max-video-preview:-1"},"canonical":"https:\/\/www.organisator.ch\/en\/sustainability\/2021-04-08\/kreislaufwirtschaft-im-fokus\/","og_locale":"en_US","og_type":"article","og_title":"Kreislaufwirtschaft im Fokus - Organisator","og_description":"Der diesj\u00e4hrige \u00abTag der Schweizer Qualit\u00e4t\u00bb der SAQ findet am 4. Mai 2021 statt und fokussiert auf das Thema Kreislaufwirtschaft.","og_url":"https:\/\/www.organisator.ch\/en\/sustainability\/2021-04-08\/kreislaufwirtschaft-im-fokus\/","og_site_name":"Organisator","article_publisher":"https:\/\/www.facebook.com\/OrganisatorFachmagazin","article_published_time":"2021-04-08T12:50:00+00:00","article_modified_time":"2022-02-09T10:09:53+00:00","og_image":[{"width":1000,"height":667,"url":"https:\/\/www.organisator.ch\/wp-content\/uploads\/2021\/03\/Depositphotos_222572268_s-2019.jpg","type":"image\/jpeg"}],"author":"roger.straessle","twitter_card":"summary_large_image","schema":{"@context":"https:\/\/schema.org","@graph":[{"@type":"Article","@id":"https:\/\/www.organisator.ch\/sustainability\/2021-04-08\/kreislaufwirtschaft-im-fokus\/#article","isPartOf":{"@id":"https:\/\/www.organisator.ch\/sustainability\/2021-04-08\/kreislaufwirtschaft-im-fokus\/"},"author":{"name":"roger.straessle","@id":"https:\/\/www.organisator.ch\/#\/schema\/person\/a800b8c54e208b160517a7dcc323161d"},"headline":"Kreislaufwirtschaft im Fokus","datePublished":"2021-04-08T12:50:00+00:00","dateModified":"2022-02-09T10:09:53+00:00","mainEntityOfPage":{"@id":"https:\/\/www.organisator.ch\/sustainability\/2021-04-08\/kreislaufwirtschaft-im-fokus\/"},"wordCount":248,"publisher":{"@id":"https:\/\/www.organisator.ch\/#organization"},"image":{"@id":"https:\/\/www.organisator.ch\/sustainability\/2021-04-08\/kreislaufwirtschaft-im-fokus\/#primaryimage"},"thumbnailUrl":"https:\/\/www.organisator.ch\/wp-content\/uploads\/2021\/03\/Depositphotos_222572268_s-2019.jpg","keywords":["\u00abTag der Schweizer Qualit\u00e4t\u00bb","Guy Parmelin","Kreislaufwirtschaft","SAQ"],"articleSection":["SUSTAINABILITY"],"inLanguage":"en-US"},{"@type":"WebPage","@id":"https:\/\/www.organisator.ch\/sustainability\/2021-04-08\/kreislaufwirtschaft-im-fokus\/","url":"https:\/\/www.organisator.ch\/sustainability\/2021-04-08\/kreislaufwirtschaft-im-fokus\/","name":"Circular Economy in Focus - Organizer","isPartOf":{"@id":"https:\/\/www.organisator.ch\/#website"},"primaryImageOfPage":{"@id":"https:\/\/www.organisator.ch\/sustainability\/2021-04-08\/kreislaufwirtschaft-im-fokus\/#primaryimage"},"image":{"@id":"https:\/\/www.organisator.ch\/sustainability\/2021-04-08\/kreislaufwirtschaft-im-fokus\/#primaryimage"},"thumbnailUrl":"https:\/\/www.organisator.ch\/wp-content\/uploads\/2021\/03\/Depositphotos_222572268_s-2019.jpg","datePublished":"2021-04-08T12:50:00+00:00","dateModified":"2022-02-09T10:09:53+00:00","description":"This year's SAQ \"Swiss Quality Day\" will take place on May 4, 2021 and will focus on the topic of circular economy.","breadcrumb":{"@id":"https:\/\/www.organisator.ch\/sustainability\/2021-04-08\/kreislaufwirtschaft-im-fokus\/#breadcrumb"},"inLanguage":"en-US","potentialAction":[{"@type":"ReadAction","target":["https:\/\/www.organisator.ch\/sustainability\/2021-04-08\/kreislaufwirtschaft-im-fokus\/"]}]},{"@type":"ImageObject","inLanguage":"en-US","@id":"https:\/\/www.organisator.ch\/sustainability\/2021-04-08\/kreislaufwirtschaft-im-fokus\/#primaryimage","url":"https:\/\/www.organisator.ch\/wp-content\/uploads\/2021\/03\/Depositphotos_222572268_s-2019.jpg","contentUrl":"https:\/\/www.organisator.ch\/wp-content\/uploads\/2021\/03\/Depositphotos_222572268_s-2019.jpg","width":1000,"height":667,"caption":"\u00a9 Depositphotos, achirathep.gmail.com"},{"@type":"BreadcrumbList","@id":"https:\/\/www.organisator.ch\/sustainability\/2021-04-08\/kreislaufwirtschaft-im-fokus\/#breadcrumb","itemListElement":[{"@type":"ListItem","position":1,"name":"Home","item":"https:\/\/www.organisator.ch\/"},{"@type":"ListItem","position":2,"name":"Kreislaufwirtschaft im Fokus"}]},{"@type":"WebSite","@id":"https:\/\/www.organisator.ch\/#website","url":"https:\/\/www.organisator.ch\/","name":"Organizer","description":"Competent. Practical. In 10 issues per year, ORGANISATOR presents the essential topics for managers of SMEs.","publisher":{"@id":"https:\/\/www.organisator.ch\/#organization"},"potentialAction":[{"@type":"SearchAction","target":{"@type":"EntryPoint","urlTemplate":"https:\/\/www.organisator.ch\/?s={search_term_string}"},"query-input":{"@type":"PropertyValueSpecification","valueRequired":true,"valueName":"search_term_string"}}],"inLanguage":"en-US"},{"@type":"Organization","@id":"https:\/\/www.organisator.ch\/#organization","name":"Organizer","url":"https:\/\/www.organisator.ch\/","logo":{"@type":"ImageObject","inLanguage":"en-US","@id":"https:\/\/www.organisator.ch\/#\/schema\/logo\/image\/","url":"https:\/\/www.organisator.ch\/wp-content\/uploads\/2022\/01\/Logo_Organisator_Website.png","contentUrl":"https:\/\/www.organisator.ch\/wp-content\/uploads\/2022\/01\/Logo_Organisator_Website.png","width":800,"height":77,"caption":"Organisator"},"image":{"@id":"https:\/\/www.organisator.ch\/#\/schema\/logo\/image\/"},"sameAs":["https:\/\/www.facebook.com\/OrganisatorFachmagazin","https:\/\/www.linkedin.com\/showcase\/organisator-das-magazin-fr-kmu","https:\/\/www.xing.com\/news\/pages\/organisator-ch-695","https:\/\/www.youtube.com\/channel\/UCGP2Sq0iWaZwT3BdIAQFYpw"]},{"@type":"Person","@id":"https:\/\/www.organisator.ch\/#\/schema\/person\/a800b8c54e208b160517a7dcc323161d","name":"roger.straessle","image":{"@type":"ImageObject","inLanguage":"en-US","@id":"https:\/\/secure.gravatar.com\/avatar\/?s=96&d=mm&r=g","url":"https:\/\/secure.gravatar.com\/avatar\/?s=96&d=mm&r=g","contentUrl":"https:\/\/secure.gravatar.com\/avatar\/?s=96&d=mm&r=g","caption":"roger.straessle"},"url":"https:\/\/www.organisator.ch\/en\/author\/roger-straessle\/"}]}},"_links":{"self":[{"href":"https:\/\/www.organisator.ch\/en\/wp-json\/wp\/v2\/posts\/3994","targetHints":{"allow":["GET"]}}],"collection":[{"href":"https:\/\/www.organisator.ch\/en\/wp-json\/wp\/v2\/posts"}],"about":[{"href":"https:\/\/www.organisator.ch\/en\/wp-json\/wp\/v2\/types\/post"}],"author":[{"embeddable":true,"href":"https:\/\/www.organisator.ch\/en\/wp-json\/wp\/v2\/users\/6"}],"replies":[{"embeddable":true,"href":"https:\/\/www.organisator.ch\/en\/wp-json\/wp\/v2\/comments?post=3994"}],"version-history":[{"count":1,"href":"https:\/\/www.organisator.ch\/en\/wp-json\/wp\/v2\/posts\/3994\/revisions"}],"predecessor-version":[{"id":10801,"href":"https:\/\/www.organisator.ch\/en\/wp-json\/wp\/v2\/posts\/3994\/revisions\/10801"}],"wp:featuredmedia":[{"embeddable":true,"href":"https:\/\/www.organisator.ch\/en\/wp-json\/wp\/v2\/media\/9782"}],"wp:attachment":[{"href":"https:\/\/www.organisator.ch\/en\/wp-json\/wp\/v2\/media?parent=3994"}],"wp:term":[{"taxonomy":"category","embeddable":true,"href":"https:\/\/www.organisator.ch\/en\/wp-json\/wp\/v2\/categories?post=3994"},{"taxonomy":"post_tag","embeddable":true,"href":"https:\/\/www.organisator.ch\/en\/wp-json\/wp\/v2\/tags?post=3994"}],"curies":[{"name":"wp","href":"https:\/\/api.w.org\/{rel}","templated":true}]}}