{"id":40064,"date":"2025-08-25T08:15:15","date_gmt":"2025-08-25T06:15:15","guid":{"rendered":"https:\/\/www.markt-kom.com\/?p=237690"},"modified":"2025-08-25T08:14:15","modified_gmt":"2025-08-25T06:14:15","slug":"day-neue-markenpositionierung-fuer-avesco","status":"publish","type":"post","link":"https:\/\/www.organisator.ch\/en\/marketing\/2025-08-25\/day-neue-markenpositionierung-fuer-avesco\/","title":{"rendered":"Day: New brand positioning for Avesco"},"content":{"rendered":"<p><img class=\"alignnone size-full wp-image-237691\" src=\"https:\/\/www.markt-kom.com\/wp-content\/uploads\/2025\/08\/Beitragsbild-2.jpg\" sizes=\"(max-width: 1200px) 100vw, 1200px\" srcset=\"https:\/\/www.markt-kom.com\/wp-content\/uploads\/2025\/08\/Beitragsbild-2.jpg 1200w, https:\/\/www.markt-kom.com\/wp-content\/uploads\/2025\/08\/Beitragsbild-2-600x338.jpg 600w, https:\/\/www.markt-kom.com\/wp-content\/uploads\/2025\/08\/Beitragsbild-2-1024x576.jpg 1024w, https:\/\/www.markt-kom.com\/wp-content\/uploads\/2025\/08\/Beitragsbild-2-768x432.jpg 768w, https:\/\/www.markt-kom.com\/wp-content\/uploads\/2025\/08\/Beitragsbild-2-18x10.jpg 18w, https:\/\/www.markt-kom.com\/wp-content\/uploads\/2025\/08\/Beitragsbild-2-311x175.jpg 311w, https:\/\/www.markt-kom.com\/wp-content\/uploads\/2025\/08\/Beitragsbild-2-622x350.jpg 622w, https:\/\/www.markt-kom.com\/wp-content\/uploads\/2025\/08\/Beitragsbild-2-1000x563.jpg 1000w\" alt=\"\" width=\"1200\" height=\"675\" \/>The Swiss family business Avesco, now in its 6th generation and active throughout Europe in the fields of construction machinery, energy systems and construction technology solutions, has developed a new brand positioning together with Day Partners. The aim was to formulate the company's own entrepreneurial attitude more precisely, to sharpen its profile in the market and to further develop its communication with customers and potential employees in a coherent manner.<\/p>\r\n<h3>Positivity as an entrepreneurial decision<\/h3>\r\n<p>The development of the positioning was based on a comprehensive analysis of the corporate culture, the company's own competencies and the perception of external target groups. In a multi-stage process, central internal company convictions that characterize Avesco's self-image were identified. It emerged that, in addition to technical expertise, it is above all a positive, solution-oriented attitude that shapes day-to-day activities. Characteristics such as openness, accessibility, trust and confidence are key to the company's identity.<\/p>\r\n<p>Following the analysis, an overarching positioning was formulated. It expresses the fact that Avesco combines economic objectives with value-based corporate management: Positivity is seen as a driver of progress within the company - both in dealing with challenges and in working with customers, partners and employees.<\/p>\r\n<p><img class=\"alignnone size-full wp-image-237693\" src=\"https:\/\/www.markt-kom.com\/wp-content\/uploads\/2025\/08\/Zweites_Bild.jpg\" sizes=\"(max-width: 1200px) 100vw, 1200px\" srcset=\"https:\/\/www.markt-kom.com\/wp-content\/uploads\/2025\/08\/Zweites_Bild.jpg 1200w, https:\/\/www.markt-kom.com\/wp-content\/uploads\/2025\/08\/Zweites_Bild-600x338.jpg 600w, https:\/\/www.markt-kom.com\/wp-content\/uploads\/2025\/08\/Zweites_Bild-1024x576.jpg 1024w, https:\/\/www.markt-kom.com\/wp-content\/uploads\/2025\/08\/Zweites_Bild-768x432.jpg 768w, https:\/\/www.markt-kom.com\/wp-content\/uploads\/2025\/08\/Zweites_Bild-18x10.jpg 18w, https:\/\/www.markt-kom.com\/wp-content\/uploads\/2025\/08\/Zweites_Bild-311x175.jpg 311w, https:\/\/www.markt-kom.com\/wp-content\/uploads\/2025\/08\/Zweites_Bild-622x350.jpg 622w, https:\/\/www.markt-kom.com\/wp-content\/uploads\/2025\/08\/Zweites_Bild-1000x563.jpg 1000w\" alt=\"\" width=\"1200\" height=\"675\" \/><\/p>\r\n<p>\"For us, positivity is an entrepreneurial decision,\" explains Group CEO Mario Meier: \"It enables us to make constant progress and is based on our expertise and many years of experience. We always look to the future, with the will and ability to take responsibility and solve seemingly unsolvable challenges for our customers.\" This attitude runs through all business areas and strengthens Avesco's market position in a competitive environment.<\/p>\r\n<h3>Providing authentic insight<\/h3>\r\n<p>The strategic foundations formed the starting point for two films that were created as part of the collaboration. The cross-business corporate film uses the word \"yes\" to illustrate how Avesco works with customers and how challenges are tackled on a day-to-day basis. The employer branding film is aimed at potential new employees and - based on the same basic idea - provides insights into the working environment and the basic attitude of Avesco.<\/p>\r\n<p><img class=\"alignnone size-full wp-image-237692\" src=\"https:\/\/www.markt-kom.com\/wp-content\/uploads\/2025\/08\/Wir-machens-moeglich_Lisa-scaled.jpg\" sizes=\"(max-width: 1400px) 100vw, 1400px\" srcset=\"https:\/\/www.markt-kom.com\/wp-content\/uploads\/2025\/08\/Wir-machens-moeglich_Lisa-scaled.jpg 1300w, https:\/\/www.markt-kom.com\/wp-content\/uploads\/2025\/08\/Wir-machens-moeglich_Lisa-600x338.jpg 600w, https:\/\/www.markt-kom.com\/wp-content\/uploads\/2025\/08\/Wir-machens-moeglich_Lisa-1024x576.jpg 1024w, https:\/\/www.markt-kom.com\/wp-content\/uploads\/2025\/08\/Wir-machens-moeglich_Lisa-768x432.jpg 768w, https:\/\/www.markt-kom.com\/wp-content\/uploads\/2025\/08\/Wir-machens-moeglich_Lisa-1536x864.jpg 1536w, https:\/\/www.markt-kom.com\/wp-content\/uploads\/2025\/08\/Wir-machens-moeglich_Lisa-18x10.jpg 18w, https:\/\/www.markt-kom.com\/wp-content\/uploads\/2025\/08\/Wir-machens-moeglich_Lisa-311x175.jpg 311w, https:\/\/www.markt-kom.com\/wp-content\/uploads\/2025\/08\/Wir-machens-moeglich_Lisa-622x350.jpg 622w, https:\/\/www.markt-kom.com\/wp-content\/uploads\/2025\/08\/Wir-machens-moeglich_Lisa-1000x563.jpg 1000w\" alt=\"\" width=\"1400\" height=\"788\" \/><\/p>\r\n<p>Both films were realized with the film production company Mint Mediahouse and the director Lorenz Klapfer. A conscious effort was made to ensure an authentic portrayal. Philipp Pongracz, Head of Marketing at Avesco: \"We didn't want to show a staged fa\u00e7ade, but rather Avesco as it is: accessible, pragmatic and with a clear yes to progress.\"<\/p>\r\n<h3>Specialized in partnership-based cooperation<\/h3>\r\n<p>The collaboration between Day Partners and Avesco took place in a close, equal exchange, which is what the agency founded by Annette H\u00e4cki and Marcel Walzl (both previously Jung von Matt) at the end of 2023 specializes in. Since then, DAY Partners has used its collaborative approach to support companies such as FIS, BKW and the international brand Prolicht alongside Avesco.<\/p>\r\n<p>\"In every project, we see ourselves as a joint team in which everyone involved contributes their skills and perspectives - and these are taken seriously by everyone,\" explains Annette H\u00e4cki. As a result, both the positioning of Avesco and the development of the films were created in close collaboration between the agency and the client or film production. The films are now in use and can be seen on the Avesco website and other company channels.<\/p>\r\n<hr \/>\r\n<p><strong>Responsible:<\/strong> Julia Ewers (DAY Partners), Tobias Gruber (Sandgrain), Annette H\u00e4cki (DAY Partners), Lorenz Klapfer (Director), Michael Mair am Tinkhof (Mint Mediahouse), Mario Meier (Group CEO Avesco), Philipp Pongracz (Head of Marketing Avesco), Marcel Walzl (DAY Partners)<\/p>","protected":false},"excerpt":{"rendered":"<p>Avesco and Day Partners are working closely together to sharpen the company's strategic and communicative focus and brand positioning.<\/p>","protected":false},"author":8,"featured_media":0,"comment_status":"closed","ping_status":"closed","sticky":false,"template":"","format":"standard","meta":{"_acf_changed":false,"_yoast_wpseo_focuskw":"Avesco","_yoast_wpseo_metadesc":"Avesco und Day Partners sch\u00e4rfen zusammen die strategisch-kommunikative Ausrichtung und Markenpositionierung des Unternehmens.","articlekey":"","footnotes":""},"categories":[29],"tags":[5490,5491,4343],"class_list":["post-40064","post","type-post","status-publish","format-standard","hentry","category-marketing","tag-avesco","tag-day-partners","tag-markom"],"acf":[],"yoast_head":"<!-- This site is optimized with the Yoast SEO plugin v27.5 - https:\/\/yoast.com\/product\/yoast-seo-wordpress\/ -->\n<title>Day: Neue Markenpositionierung f\u00fcr Avesco - Organisator<\/title>\n<meta name=\"description\" content=\"Avesco und Day Partners sch\u00e4rfen zusammen die strategisch-kommunikative Ausrichtung und Markenpositionierung des Unternehmens.\" \/>\n<meta name=\"robots\" content=\"index, follow, max-snippet:-1, max-image-preview:large, max-video-preview:-1\" \/>\n<link rel=\"canonical\" href=\"https:\/\/www.organisator.ch\/en\/marketing\/2025-08-25\/day-neue-markenpositionierung-fuer-avesco\/\" \/>\n<meta property=\"og:locale\" content=\"en_US\" \/>\n<meta property=\"og:type\" content=\"article\" \/>\n<meta property=\"og:title\" content=\"Day: Neue Markenpositionierung f\u00fcr Avesco - Organisator\" \/>\n<meta property=\"og:description\" content=\"Avesco und Day Partners sch\u00e4rfen zusammen die strategisch-kommunikative Ausrichtung und Markenpositionierung des Unternehmens.\" \/>\n<meta property=\"og:url\" content=\"https:\/\/www.organisator.ch\/en\/marketing\/2025-08-25\/day-neue-markenpositionierung-fuer-avesco\/\" \/>\n<meta property=\"og:site_name\" content=\"Organisator\" \/>\n<meta property=\"article:publisher\" content=\"https:\/\/www.facebook.com\/OrganisatorFachmagazin\" \/>\n<meta property=\"article:published_time\" content=\"2025-08-25T06:15:15+00:00\" \/>\n<meta name=\"author\" content=\"galledia\" \/>\n<meta name=\"twitter:card\" content=\"summary_large_image\" \/>\n<meta name=\"twitter:creator\" content=\"@admin\" \/>\n<script type=\"application\/ld+json\" class=\"yoast-schema-graph\">{\"@context\":\"https:\\\/\\\/schema.org\",\"@graph\":[{\"@type\":\"Article\",\"@id\":\"https:\\\/\\\/www.organisator.ch\\\/marketing\\\/2025-08-25\\\/day-neue-markenpositionierung-fuer-avesco\\\/#article\",\"isPartOf\":{\"@id\":\"https:\\\/\\\/www.organisator.ch\\\/marketing\\\/2025-08-25\\\/day-neue-markenpositionierung-fuer-avesco\\\/\"},\"author\":{\"name\":\"galledia\",\"@id\":\"https:\\\/\\\/www.organisator.ch\\\/#\\\/schema\\\/person\\\/4e51799071cd2dd1232ac003643ef5f0\"},\"headline\":\"Day: Neue Markenpositionierung f\u00fcr Avesco\",\"datePublished\":\"2025-08-25T06:15:15+00:00\",\"mainEntityOfPage\":{\"@id\":\"https:\\\/\\\/www.organisator.ch\\\/marketing\\\/2025-08-25\\\/day-neue-markenpositionierung-fuer-avesco\\\/\"},\"wordCount\":555,\"publisher\":{\"@id\":\"https:\\\/\\\/www.organisator.ch\\\/#organization\"},\"image\":{\"@id\":\"https:\\\/\\\/www.organisator.ch\\\/marketing\\\/2025-08-25\\\/day-neue-markenpositionierung-fuer-avesco\\\/#primaryimage\"},\"thumbnailUrl\":\"https:\\\/\\\/www.markt-kom.com\\\/wp-content\\\/uploads\\\/2025\\\/08\\\/Beitragsbild-2.jpg\",\"keywords\":[\"Avesco\",\"DAY Partners\",\"MarKom\"],\"articleSection\":[\"MARKETING\"],\"inLanguage\":\"en-US\"},{\"@type\":\"WebPage\",\"@id\":\"https:\\\/\\\/www.organisator.ch\\\/marketing\\\/2025-08-25\\\/day-neue-markenpositionierung-fuer-avesco\\\/\",\"url\":\"https:\\\/\\\/www.organisator.ch\\\/marketing\\\/2025-08-25\\\/day-neue-markenpositionierung-fuer-avesco\\\/\",\"name\":\"Day: Neue Markenpositionierung f\u00fcr Avesco - Organisator\",\"isPartOf\":{\"@id\":\"https:\\\/\\\/www.organisator.ch\\\/#website\"},\"primaryImageOfPage\":{\"@id\":\"https:\\\/\\\/www.organisator.ch\\\/marketing\\\/2025-08-25\\\/day-neue-markenpositionierung-fuer-avesco\\\/#primaryimage\"},\"image\":{\"@id\":\"https:\\\/\\\/www.organisator.ch\\\/marketing\\\/2025-08-25\\\/day-neue-markenpositionierung-fuer-avesco\\\/#primaryimage\"},\"thumbnailUrl\":\"https:\\\/\\\/www.markt-kom.com\\\/wp-content\\\/uploads\\\/2025\\\/08\\\/Beitragsbild-2.jpg\",\"datePublished\":\"2025-08-25T06:15:15+00:00\",\"description\":\"Avesco und Day Partners sch\u00e4rfen zusammen die strategisch-kommunikative Ausrichtung und Markenpositionierung des Unternehmens.\",\"breadcrumb\":{\"@id\":\"https:\\\/\\\/www.organisator.ch\\\/marketing\\\/2025-08-25\\\/day-neue-markenpositionierung-fuer-avesco\\\/#breadcrumb\"},\"inLanguage\":\"en-US\",\"potentialAction\":[{\"@type\":\"ReadAction\",\"target\":[\"https:\\\/\\\/www.organisator.ch\\\/marketing\\\/2025-08-25\\\/day-neue-markenpositionierung-fuer-avesco\\\/\"]}]},{\"@type\":\"ImageObject\",\"inLanguage\":\"en-US\",\"@id\":\"https:\\\/\\\/www.organisator.ch\\\/marketing\\\/2025-08-25\\\/day-neue-markenpositionierung-fuer-avesco\\\/#primaryimage\",\"url\":\"https:\\\/\\\/www.markt-kom.com\\\/wp-content\\\/uploads\\\/2025\\\/08\\\/Beitragsbild-2.jpg\",\"contentUrl\":\"https:\\\/\\\/www.markt-kom.com\\\/wp-content\\\/uploads\\\/2025\\\/08\\\/Beitragsbild-2.jpg\"},{\"@type\":\"BreadcrumbList\",\"@id\":\"https:\\\/\\\/www.organisator.ch\\\/marketing\\\/2025-08-25\\\/day-neue-markenpositionierung-fuer-avesco\\\/#breadcrumb\",\"itemListElement\":[{\"@type\":\"ListItem\",\"position\":1,\"name\":\"Home\",\"item\":\"https:\\\/\\\/www.organisator.ch\\\/\"},{\"@type\":\"ListItem\",\"position\":2,\"name\":\"Day: Neue Markenpositionierung f\u00fcr Avesco\"}]},{\"@type\":\"WebSite\",\"@id\":\"https:\\\/\\\/www.organisator.ch\\\/#website\",\"url\":\"https:\\\/\\\/www.organisator.ch\\\/\",\"name\":\"Organisator\",\"description\":\"Kompetent. Praxisnah. Der ORGANISATOR bereitet in 10 Ausgaben pro Jahr die wesentlichen Themen f\u00fcr F\u00fchrungskr\u00e4fte von KMU auf.\",\"publisher\":{\"@id\":\"https:\\\/\\\/www.organisator.ch\\\/#organization\"},\"potentialAction\":[{\"@type\":\"SearchAction\",\"target\":{\"@type\":\"EntryPoint\",\"urlTemplate\":\"https:\\\/\\\/www.organisator.ch\\\/?s={search_term_string}\"},\"query-input\":{\"@type\":\"PropertyValueSpecification\",\"valueRequired\":true,\"valueName\":\"search_term_string\"}}],\"inLanguage\":\"en-US\"},{\"@type\":\"Organization\",\"@id\":\"https:\\\/\\\/www.organisator.ch\\\/#organization\",\"name\":\"Organisator\",\"url\":\"https:\\\/\\\/www.organisator.ch\\\/\",\"logo\":{\"@type\":\"ImageObject\",\"inLanguage\":\"en-US\",\"@id\":\"https:\\\/\\\/www.organisator.ch\\\/#\\\/schema\\\/logo\\\/image\\\/\",\"url\":\"https:\\\/\\\/www.organisator.ch\\\/wp-content\\\/uploads\\\/2022\\\/01\\\/Logo_Organisator_Website.png\",\"contentUrl\":\"https:\\\/\\\/www.organisator.ch\\\/wp-content\\\/uploads\\\/2022\\\/01\\\/Logo_Organisator_Website.png\",\"width\":800,\"height\":77,\"caption\":\"Organisator\"},\"image\":{\"@id\":\"https:\\\/\\\/www.organisator.ch\\\/#\\\/schema\\\/logo\\\/image\\\/\"},\"sameAs\":[\"https:\\\/\\\/www.facebook.com\\\/OrganisatorFachmagazin\",\"https:\\\/\\\/www.linkedin.com\\\/showcase\\\/organisator-das-magazin-fr-kmu\",\"https:\\\/\\\/www.xing.com\\\/news\\\/pages\\\/organisator-ch-695\",\"https:\\\/\\\/www.youtube.com\\\/channel\\\/UCGP2Sq0iWaZwT3BdIAQFYpw\"]},{\"@type\":\"Person\",\"@id\":\"https:\\\/\\\/www.organisator.ch\\\/#\\\/schema\\\/person\\\/4e51799071cd2dd1232ac003643ef5f0\",\"name\":\"galledia\",\"image\":{\"@type\":\"ImageObject\",\"inLanguage\":\"en-US\",\"@id\":\"https:\\\/\\\/secure.gravatar.com\\\/avatar\\\/78a7f90c01fc2bfc875782a0d4922b37cde2cf184ce347b91316d23cd7f69a36?s=96&d=mm&r=g\",\"url\":\"https:\\\/\\\/secure.gravatar.com\\\/avatar\\\/78a7f90c01fc2bfc875782a0d4922b37cde2cf184ce347b91316d23cd7f69a36?s=96&d=mm&r=g\",\"contentUrl\":\"https:\\\/\\\/secure.gravatar.com\\\/avatar\\\/78a7f90c01fc2bfc875782a0d4922b37cde2cf184ce347b91316d23cd7f69a36?s=96&d=mm&r=g\",\"caption\":\"galledia\"},\"sameAs\":[\"https:\\\/\\\/x.com\\\/admin\"],\"url\":\"https:\\\/\\\/www.organisator.ch\\\/en\\\/author\\\/galledia\\\/\"}]}<\/script>\n<!-- \/ Yoast SEO plugin. -->","yoast_head_json":{"title":"Day: New brand positioning for Avesco - Organizer","description":"Avesco and Day Partners are working together to sharpen the company's strategic and communicative focus and brand positioning.","robots":{"index":"index","follow":"follow","max-snippet":"max-snippet:-1","max-image-preview":"max-image-preview:large","max-video-preview":"max-video-preview:-1"},"canonical":"https:\/\/www.organisator.ch\/en\/marketing\/2025-08-25\/day-neue-markenpositionierung-fuer-avesco\/","og_locale":"en_US","og_type":"article","og_title":"Day: Neue Markenpositionierung f\u00fcr Avesco - Organisator","og_description":"Avesco und Day Partners sch\u00e4rfen zusammen die strategisch-kommunikative Ausrichtung und Markenpositionierung des Unternehmens.","og_url":"https:\/\/www.organisator.ch\/en\/marketing\/2025-08-25\/day-neue-markenpositionierung-fuer-avesco\/","og_site_name":"Organisator","article_publisher":"https:\/\/www.facebook.com\/OrganisatorFachmagazin","article_published_time":"2025-08-25T06:15:15+00:00","author":"galledia","twitter_card":"summary_large_image","twitter_creator":"@admin","schema":{"@context":"https:\/\/schema.org","@graph":[{"@type":"Article","@id":"https:\/\/www.organisator.ch\/marketing\/2025-08-25\/day-neue-markenpositionierung-fuer-avesco\/#article","isPartOf":{"@id":"https:\/\/www.organisator.ch\/marketing\/2025-08-25\/day-neue-markenpositionierung-fuer-avesco\/"},"author":{"name":"galledia","@id":"https:\/\/www.organisator.ch\/#\/schema\/person\/4e51799071cd2dd1232ac003643ef5f0"},"headline":"Day: Neue Markenpositionierung f\u00fcr Avesco","datePublished":"2025-08-25T06:15:15+00:00","mainEntityOfPage":{"@id":"https:\/\/www.organisator.ch\/marketing\/2025-08-25\/day-neue-markenpositionierung-fuer-avesco\/"},"wordCount":555,"publisher":{"@id":"https:\/\/www.organisator.ch\/#organization"},"image":{"@id":"https:\/\/www.organisator.ch\/marketing\/2025-08-25\/day-neue-markenpositionierung-fuer-avesco\/#primaryimage"},"thumbnailUrl":"https:\/\/www.markt-kom.com\/wp-content\/uploads\/2025\/08\/Beitragsbild-2.jpg","keywords":["Avesco","DAY Partners","MarKom"],"articleSection":["MARKETING"],"inLanguage":"en-US"},{"@type":"WebPage","@id":"https:\/\/www.organisator.ch\/marketing\/2025-08-25\/day-neue-markenpositionierung-fuer-avesco\/","url":"https:\/\/www.organisator.ch\/marketing\/2025-08-25\/day-neue-markenpositionierung-fuer-avesco\/","name":"Day: New brand positioning for Avesco - Organizer","isPartOf":{"@id":"https:\/\/www.organisator.ch\/#website"},"primaryImageOfPage":{"@id":"https:\/\/www.organisator.ch\/marketing\/2025-08-25\/day-neue-markenpositionierung-fuer-avesco\/#primaryimage"},"image":{"@id":"https:\/\/www.organisator.ch\/marketing\/2025-08-25\/day-neue-markenpositionierung-fuer-avesco\/#primaryimage"},"thumbnailUrl":"https:\/\/www.markt-kom.com\/wp-content\/uploads\/2025\/08\/Beitragsbild-2.jpg","datePublished":"2025-08-25T06:15:15+00:00","description":"Avesco and Day Partners are working together to sharpen the company's strategic and communicative focus and brand positioning.","breadcrumb":{"@id":"https:\/\/www.organisator.ch\/marketing\/2025-08-25\/day-neue-markenpositionierung-fuer-avesco\/#breadcrumb"},"inLanguage":"en-US","potentialAction":[{"@type":"ReadAction","target":["https:\/\/www.organisator.ch\/marketing\/2025-08-25\/day-neue-markenpositionierung-fuer-avesco\/"]}]},{"@type":"ImageObject","inLanguage":"en-US","@id":"https:\/\/www.organisator.ch\/marketing\/2025-08-25\/day-neue-markenpositionierung-fuer-avesco\/#primaryimage","url":"https:\/\/www.markt-kom.com\/wp-content\/uploads\/2025\/08\/Beitragsbild-2.jpg","contentUrl":"https:\/\/www.markt-kom.com\/wp-content\/uploads\/2025\/08\/Beitragsbild-2.jpg"},{"@type":"BreadcrumbList","@id":"https:\/\/www.organisator.ch\/marketing\/2025-08-25\/day-neue-markenpositionierung-fuer-avesco\/#breadcrumb","itemListElement":[{"@type":"ListItem","position":1,"name":"Home","item":"https:\/\/www.organisator.ch\/"},{"@type":"ListItem","position":2,"name":"Day: Neue Markenpositionierung f\u00fcr Avesco"}]},{"@type":"WebSite","@id":"https:\/\/www.organisator.ch\/#website","url":"https:\/\/www.organisator.ch\/","name":"Organizer","description":"Competent. Practical. In 10 issues per year, ORGANISATOR presents the essential topics for managers of SMEs.","publisher":{"@id":"https:\/\/www.organisator.ch\/#organization"},"potentialAction":[{"@type":"SearchAction","target":{"@type":"EntryPoint","urlTemplate":"https:\/\/www.organisator.ch\/?s={search_term_string}"},"query-input":{"@type":"PropertyValueSpecification","valueRequired":true,"valueName":"search_term_string"}}],"inLanguage":"en-US"},{"@type":"Organization","@id":"https:\/\/www.organisator.ch\/#organization","name":"Organizer","url":"https:\/\/www.organisator.ch\/","logo":{"@type":"ImageObject","inLanguage":"en-US","@id":"https:\/\/www.organisator.ch\/#\/schema\/logo\/image\/","url":"https:\/\/www.organisator.ch\/wp-content\/uploads\/2022\/01\/Logo_Organisator_Website.png","contentUrl":"https:\/\/www.organisator.ch\/wp-content\/uploads\/2022\/01\/Logo_Organisator_Website.png","width":800,"height":77,"caption":"Organisator"},"image":{"@id":"https:\/\/www.organisator.ch\/#\/schema\/logo\/image\/"},"sameAs":["https:\/\/www.facebook.com\/OrganisatorFachmagazin","https:\/\/www.linkedin.com\/showcase\/organisator-das-magazin-fr-kmu","https:\/\/www.xing.com\/news\/pages\/organisator-ch-695","https:\/\/www.youtube.com\/channel\/UCGP2Sq0iWaZwT3BdIAQFYpw"]},{"@type":"Person","@id":"https:\/\/www.organisator.ch\/#\/schema\/person\/4e51799071cd2dd1232ac003643ef5f0","name":"galledia","image":{"@type":"ImageObject","inLanguage":"en-US","@id":"https:\/\/secure.gravatar.com\/avatar\/78a7f90c01fc2bfc875782a0d4922b37cde2cf184ce347b91316d23cd7f69a36?s=96&d=mm&r=g","url":"https:\/\/secure.gravatar.com\/avatar\/78a7f90c01fc2bfc875782a0d4922b37cde2cf184ce347b91316d23cd7f69a36?s=96&d=mm&r=g","contentUrl":"https:\/\/secure.gravatar.com\/avatar\/78a7f90c01fc2bfc875782a0d4922b37cde2cf184ce347b91316d23cd7f69a36?s=96&d=mm&r=g","caption":"galledia"},"sameAs":["https:\/\/x.com\/admin"],"url":"https:\/\/www.organisator.ch\/en\/author\/galledia\/"}]}},"_links":{"self":[{"href":"https:\/\/www.organisator.ch\/en\/wp-json\/wp\/v2\/posts\/40064","targetHints":{"allow":["GET"]}}],"collection":[{"href":"https:\/\/www.organisator.ch\/en\/wp-json\/wp\/v2\/posts"}],"about":[{"href":"https:\/\/www.organisator.ch\/en\/wp-json\/wp\/v2\/types\/post"}],"author":[{"embeddable":true,"href":"https:\/\/www.organisator.ch\/en\/wp-json\/wp\/v2\/users\/8"}],"replies":[{"embeddable":true,"href":"https:\/\/www.organisator.ch\/en\/wp-json\/wp\/v2\/comments?post=40064"}],"version-history":[{"count":5,"href":"https:\/\/www.organisator.ch\/en\/wp-json\/wp\/v2\/posts\/40064\/revisions"}],"predecessor-version":[{"id":40109,"href":"https:\/\/www.organisator.ch\/en\/wp-json\/wp\/v2\/posts\/40064\/revisions\/40109"}],"wp:attachment":[{"href":"https:\/\/www.organisator.ch\/en\/wp-json\/wp\/v2\/media?parent=40064"}],"wp:term":[{"taxonomy":"category","embeddable":true,"href":"https:\/\/www.organisator.ch\/en\/wp-json\/wp\/v2\/categories?post=40064"},{"taxonomy":"post_tag","embeddable":true,"href":"https:\/\/www.organisator.ch\/en\/wp-json\/wp\/v2\/tags?post=40064"}],"curies":[{"name":"wp","href":"https:\/\/api.w.org\/{rel}","templated":true}]}}