{"id":40099,"date":"2025-08-24T17:38:13","date_gmt":"2025-08-24T15:38:13","guid":{"rendered":"https:\/\/www.markt-kom.com\/?p=237745"},"modified":"2025-08-26T14:43:22","modified_gmt":"2025-08-26T12:43:22","slug":"weleda-ist-erstmalig-qualitaets-champion","status":"publish","type":"post","link":"https:\/\/www.organisator.ch\/en\/operational-excellence\/2025-08-24\/weleda-ist-erstmalig-qualitaets-champion\/","title":{"rendered":"Weleda is quality champion for the first time"},"content":{"rendered":"<p><img class=\"alignnone size-full wp-image-237752\" src=\"https:\/\/www.markt-kom.com\/wp-content\/uploads\/2025\/08\/Grafik-Ranking.png\" sizes=\"(max-width: 600px) 100vw, 600px\" srcset=\"https:\/\/www.markt-kom.com\/wp-content\/uploads\/2025\/08\/Grafik-Ranking.png 600w, https:\/\/www.markt-kom.com\/wp-content\/uploads\/2025\/08\/Grafik-Ranking-18x9.png 18w, https:\/\/www.markt-kom.com\/wp-content\/uploads\/2025\/08\/Grafik-Ranking-335x175.png 335w\" alt=\"\" width=\"600\" height=\"313\" \/><\/p>\r\n<p>The natural cosmetics brand thus takes over first place from the Bavarian Andechser Molkerei Scheitz. In the observation period from July 1, 2024 to June 30, 2025, Weleda was able to convince current customers the most of its quality (90.9 score points).<\/p>\r\n<h3><strong>The top 10 quality champions 2025<\/strong><\/h3>\r\n<p>Andechser Natur is once again in 2nd place (88.6 points), followed by the Italian coffee company Lavazza in 3rd place with 88.5 points. Lavazza was in 5th place last year and was therefore able to move up two places. The German automotive group BMW is in 4th place (88.3 points). BMW is a newcomer this year. TeeGschwendner follows in 5th place with 88.3 points. The tea trading company improved by 3 places compared to the previous year.<\/p>\r\n<p>Peek &amp; Cloppenburg ranked 6th with 88.0 points. The retailer was already in the top 10 in 2023, but not in 2024. The same applies to Breuninger: the department store chain is in 7th place this year (87.2 points), was in third place in 2023 and not in the ranking in 2024.<\/p>\r\n<p>LEGO is a newcomer and comes in 8th place with 86.8 points. The cleaning brand Frosch is also represented in the top 10 quality champions for the first time. The brand is ranked 9th with 86.5 points. Finally, the tool brand Makita takes 10th place with 86.4 points. Makita is also a newcomer.<\/p>\r\n<p>The ranking is based on population-representative data from the Brand Monitor <a href=\"https:\/\/email.cisionone.cision.com\/c\/eJxMzT0P0zAQxvFP42yOnPNrhwxVq4gRxMZS-eXSWI3t1E4q-PYowMD6e_6nCyMYL1iH46ClNFwCQLeMdgZ00jnp_eyMC2JGwdEradRlhgG6OCpjNTqhBwjSPIbBOTQX5SURrMWAr_imycYVa6M6CCGc0MHQZf28l_4cunVc9n1rhF8JTAQmd7SYsbX-Vzme5dP7kghMAQlMWy3heO1nVG0OMQf8Sfh07OmRMMQjEX4v9Wlz9I-tYmsE1Dm2clSPhN__R2_TZuMzE37_ejIFBpIyQ-_X2xf6_Qf9dtg17gTkjROQV7E3elts2mLJf-PufGppxRVtQxrD-Ace_4Dw68CVZKqro83Z9q-yrFiJYE-7rmfZ-6Vre0VM5zFoD_piBsoGNVMhtKJWa06NYPwiGQeJvPuM8DsAAP__f7CHKg\">YouGov BrandIndex<\/a>.<\/p>\r\n<h3><strong>Ranking again dominated by retail and FMCG brands<\/strong><\/h3>\r\n<p>As in the two previous years, the top 10 German quality champions are dominated by brands from the retail and FMCG sectors.<\/p>\r\n<p>Felix Leiendecker, Head of Data Products DACH at YouGov, says of the ranking: \"From organic yogurt to luxury cars - these top 10 brands represent what consumers in Germany value most: Product quality and reliability. The top 3 brands in the ranking, Weleda, Andechser Natur and Lavazza, stand for a new form of quality awareness - where closeness to nature, responsible production and genuine enjoyment come together.\"<\/p>\r\n<p>The Quality Champions 2025 comprise 45 categories from the banking &amp; insurance, FMCG, retail, mobility, tourism &amp; leisure, electronics &amp; streaming, automotive and service provider sectors.<\/p>","protected":false},"excerpt":{"rendered":"<p>This year, the international Data &amp; Analytics Group YouGov, in collaboration with the SZ Institute of the S\u00fcddeutsche Zeitung, is selecting the best brands in terms of quality for the third time. The Quality Champions 2025 are led by Weleda for the first time this year.<\/p>","protected":false},"author":8,"featured_media":0,"comment_status":"closed","ping_status":"closed","sticky":false,"template":"","format":"standard","meta":{"_acf_changed":false,"_yoast_wpseo_focuskw":"Qualit\u00e4ts-Champion","_yoast_wpseo_metadesc":"Zum dritten Mal wurden die besten Marken in puncto Qualit\u00e4t gek\u00fcrt. Der Qualit\u00e4ts-Champion 2025 heisst von Weleda.","articlekey":"","footnotes":""},"categories":[582],"tags":[4343,605,492,3319],"class_list":["post-40099","post","type-post","status-publish","format-standard","hentry","category-operational-excellence","tag-markom","tag-qualitaetsmanagement","tag-unternehmen","tag-yougov"],"acf":[],"yoast_head":"<!-- This site is optimized with the Yoast SEO plugin v27.5 - https:\/\/yoast.com\/product\/yoast-seo-wordpress\/ -->\n<title>Weleda ist erstmalig Qualit\u00e4ts-Champion - Organisator<\/title>\n<meta name=\"description\" content=\"Zum dritten Mal wurden die besten Marken in puncto Qualit\u00e4t gek\u00fcrt. Der Qualit\u00e4ts-Champion 2025 heisst von Weleda.\" \/>\n<meta name=\"robots\" content=\"index, follow, max-snippet:-1, max-image-preview:large, max-video-preview:-1\" \/>\n<link rel=\"canonical\" href=\"https:\/\/www.organisator.ch\/en\/operational-excellence\/2025-08-24\/weleda-ist-erstmalig-qualitaets-champion\/\" \/>\n<meta property=\"og:locale\" content=\"en_US\" \/>\n<meta property=\"og:type\" content=\"article\" \/>\n<meta property=\"og:title\" content=\"Weleda ist erstmalig Qualit\u00e4ts-Champion - Organisator\" \/>\n<meta property=\"og:description\" content=\"Zum dritten Mal wurden die besten Marken in puncto Qualit\u00e4t gek\u00fcrt. Der Qualit\u00e4ts-Champion 2025 heisst von Weleda.\" \/>\n<meta property=\"og:url\" content=\"https:\/\/www.organisator.ch\/en\/operational-excellence\/2025-08-24\/weleda-ist-erstmalig-qualitaets-champion\/\" \/>\n<meta property=\"og:site_name\" content=\"Organisator\" \/>\n<meta property=\"article:publisher\" content=\"https:\/\/www.facebook.com\/OrganisatorFachmagazin\" \/>\n<meta property=\"article:published_time\" content=\"2025-08-24T15:38:13+00:00\" \/>\n<meta property=\"article:modified_time\" content=\"2025-08-26T12:43:22+00:00\" \/>\n<meta name=\"author\" content=\"galledia\" \/>\n<meta name=\"twitter:card\" content=\"summary_large_image\" \/>\n<meta name=\"twitter:creator\" content=\"@admin\" \/>\n<script type=\"application\/ld+json\" class=\"yoast-schema-graph\">{\"@context\":\"https:\\\/\\\/schema.org\",\"@graph\":[{\"@type\":\"Article\",\"@id\":\"https:\\\/\\\/www.organisator.ch\\\/operational-excellence\\\/2025-08-24\\\/weleda-ist-erstmalig-qualitaets-champion\\\/#article\",\"isPartOf\":{\"@id\":\"https:\\\/\\\/www.organisator.ch\\\/operational-excellence\\\/2025-08-24\\\/weleda-ist-erstmalig-qualitaets-champion\\\/\"},\"author\":{\"name\":\"galledia\",\"@id\":\"https:\\\/\\\/www.organisator.ch\\\/#\\\/schema\\\/person\\\/4e51799071cd2dd1232ac003643ef5f0\"},\"headline\":\"Weleda ist erstmalig Qualit\u00e4ts-Champion\",\"datePublished\":\"2025-08-24T15:38:13+00:00\",\"dateModified\":\"2025-08-26T12:43:22+00:00\",\"mainEntityOfPage\":{\"@id\":\"https:\\\/\\\/www.organisator.ch\\\/operational-excellence\\\/2025-08-24\\\/weleda-ist-erstmalig-qualitaets-champion\\\/\"},\"wordCount\":329,\"publisher\":{\"@id\":\"https:\\\/\\\/www.organisator.ch\\\/#organization\"},\"image\":{\"@id\":\"https:\\\/\\\/www.organisator.ch\\\/operational-excellence\\\/2025-08-24\\\/weleda-ist-erstmalig-qualitaets-champion\\\/#primaryimage\"},\"thumbnailUrl\":\"https:\\\/\\\/www.markt-kom.com\\\/wp-content\\\/uploads\\\/2025\\\/08\\\/Grafik-Ranking.png\",\"keywords\":[\"MarKom\",\"Qualit\u00e4tsmanagement\",\"Unternehmen\",\"Yougov\"],\"articleSection\":[\"OPERATIONAL EXCELLENCE\"],\"inLanguage\":\"en-US\"},{\"@type\":\"WebPage\",\"@id\":\"https:\\\/\\\/www.organisator.ch\\\/operational-excellence\\\/2025-08-24\\\/weleda-ist-erstmalig-qualitaets-champion\\\/\",\"url\":\"https:\\\/\\\/www.organisator.ch\\\/operational-excellence\\\/2025-08-24\\\/weleda-ist-erstmalig-qualitaets-champion\\\/\",\"name\":\"Weleda ist erstmalig Qualit\u00e4ts-Champion - Organisator\",\"isPartOf\":{\"@id\":\"https:\\\/\\\/www.organisator.ch\\\/#website\"},\"primaryImageOfPage\":{\"@id\":\"https:\\\/\\\/www.organisator.ch\\\/operational-excellence\\\/2025-08-24\\\/weleda-ist-erstmalig-qualitaets-champion\\\/#primaryimage\"},\"image\":{\"@id\":\"https:\\\/\\\/www.organisator.ch\\\/operational-excellence\\\/2025-08-24\\\/weleda-ist-erstmalig-qualitaets-champion\\\/#primaryimage\"},\"thumbnailUrl\":\"https:\\\/\\\/www.markt-kom.com\\\/wp-content\\\/uploads\\\/2025\\\/08\\\/Grafik-Ranking.png\",\"datePublished\":\"2025-08-24T15:38:13+00:00\",\"dateModified\":\"2025-08-26T12:43:22+00:00\",\"description\":\"Zum dritten Mal wurden die besten Marken in puncto Qualit\u00e4t gek\u00fcrt. Der Qualit\u00e4ts-Champion 2025 heisst von Weleda.\",\"breadcrumb\":{\"@id\":\"https:\\\/\\\/www.organisator.ch\\\/operational-excellence\\\/2025-08-24\\\/weleda-ist-erstmalig-qualitaets-champion\\\/#breadcrumb\"},\"inLanguage\":\"en-US\",\"potentialAction\":[{\"@type\":\"ReadAction\",\"target\":[\"https:\\\/\\\/www.organisator.ch\\\/operational-excellence\\\/2025-08-24\\\/weleda-ist-erstmalig-qualitaets-champion\\\/\"]}]},{\"@type\":\"ImageObject\",\"inLanguage\":\"en-US\",\"@id\":\"https:\\\/\\\/www.organisator.ch\\\/operational-excellence\\\/2025-08-24\\\/weleda-ist-erstmalig-qualitaets-champion\\\/#primaryimage\",\"url\":\"https:\\\/\\\/www.markt-kom.com\\\/wp-content\\\/uploads\\\/2025\\\/08\\\/Grafik-Ranking.png\",\"contentUrl\":\"https:\\\/\\\/www.markt-kom.com\\\/wp-content\\\/uploads\\\/2025\\\/08\\\/Grafik-Ranking.png\"},{\"@type\":\"BreadcrumbList\",\"@id\":\"https:\\\/\\\/www.organisator.ch\\\/operational-excellence\\\/2025-08-24\\\/weleda-ist-erstmalig-qualitaets-champion\\\/#breadcrumb\",\"itemListElement\":[{\"@type\":\"ListItem\",\"position\":1,\"name\":\"Home\",\"item\":\"https:\\\/\\\/www.organisator.ch\\\/\"},{\"@type\":\"ListItem\",\"position\":2,\"name\":\"Weleda ist erstmalig Qualit\u00e4ts-Champion\"}]},{\"@type\":\"WebSite\",\"@id\":\"https:\\\/\\\/www.organisator.ch\\\/#website\",\"url\":\"https:\\\/\\\/www.organisator.ch\\\/\",\"name\":\"Organisator\",\"description\":\"Kompetent. Praxisnah. Der ORGANISATOR bereitet in 10 Ausgaben pro Jahr die wesentlichen Themen f\u00fcr F\u00fchrungskr\u00e4fte von KMU auf.\",\"publisher\":{\"@id\":\"https:\\\/\\\/www.organisator.ch\\\/#organization\"},\"potentialAction\":[{\"@type\":\"SearchAction\",\"target\":{\"@type\":\"EntryPoint\",\"urlTemplate\":\"https:\\\/\\\/www.organisator.ch\\\/?s={search_term_string}\"},\"query-input\":{\"@type\":\"PropertyValueSpecification\",\"valueRequired\":true,\"valueName\":\"search_term_string\"}}],\"inLanguage\":\"en-US\"},{\"@type\":\"Organization\",\"@id\":\"https:\\\/\\\/www.organisator.ch\\\/#organization\",\"name\":\"Organisator\",\"url\":\"https:\\\/\\\/www.organisator.ch\\\/\",\"logo\":{\"@type\":\"ImageObject\",\"inLanguage\":\"en-US\",\"@id\":\"https:\\\/\\\/www.organisator.ch\\\/#\\\/schema\\\/logo\\\/image\\\/\",\"url\":\"https:\\\/\\\/www.organisator.ch\\\/wp-content\\\/uploads\\\/2022\\\/01\\\/Logo_Organisator_Website.png\",\"contentUrl\":\"https:\\\/\\\/www.organisator.ch\\\/wp-content\\\/uploads\\\/2022\\\/01\\\/Logo_Organisator_Website.png\",\"width\":800,\"height\":77,\"caption\":\"Organisator\"},\"image\":{\"@id\":\"https:\\\/\\\/www.organisator.ch\\\/#\\\/schema\\\/logo\\\/image\\\/\"},\"sameAs\":[\"https:\\\/\\\/www.facebook.com\\\/OrganisatorFachmagazin\",\"https:\\\/\\\/www.linkedin.com\\\/showcase\\\/organisator-das-magazin-fr-kmu\",\"https:\\\/\\\/www.xing.com\\\/news\\\/pages\\\/organisator-ch-695\",\"https:\\\/\\\/www.youtube.com\\\/channel\\\/UCGP2Sq0iWaZwT3BdIAQFYpw\"]},{\"@type\":\"Person\",\"@id\":\"https:\\\/\\\/www.organisator.ch\\\/#\\\/schema\\\/person\\\/4e51799071cd2dd1232ac003643ef5f0\",\"name\":\"galledia\",\"image\":{\"@type\":\"ImageObject\",\"inLanguage\":\"en-US\",\"@id\":\"https:\\\/\\\/secure.gravatar.com\\\/avatar\\\/78a7f90c01fc2bfc875782a0d4922b37cde2cf184ce347b91316d23cd7f69a36?s=96&d=mm&r=g\",\"url\":\"https:\\\/\\\/secure.gravatar.com\\\/avatar\\\/78a7f90c01fc2bfc875782a0d4922b37cde2cf184ce347b91316d23cd7f69a36?s=96&d=mm&r=g\",\"contentUrl\":\"https:\\\/\\\/secure.gravatar.com\\\/avatar\\\/78a7f90c01fc2bfc875782a0d4922b37cde2cf184ce347b91316d23cd7f69a36?s=96&d=mm&r=g\",\"caption\":\"galledia\"},\"sameAs\":[\"https:\\\/\\\/x.com\\\/admin\"],\"url\":\"https:\\\/\\\/www.organisator.ch\\\/en\\\/author\\\/galledia\\\/\"}]}<\/script>\n<!-- \/ Yoast SEO plugin. -->","yoast_head_json":{"title":"Weleda is Quality Champion for the first time - Organizer","description":"The best brands in terms of quality were chosen for the third time. The 2025 quality champion is Weleda.","robots":{"index":"index","follow":"follow","max-snippet":"max-snippet:-1","max-image-preview":"max-image-preview:large","max-video-preview":"max-video-preview:-1"},"canonical":"https:\/\/www.organisator.ch\/en\/operational-excellence\/2025-08-24\/weleda-ist-erstmalig-qualitaets-champion\/","og_locale":"en_US","og_type":"article","og_title":"Weleda ist erstmalig Qualit\u00e4ts-Champion - Organisator","og_description":"Zum dritten Mal wurden die besten Marken in puncto Qualit\u00e4t gek\u00fcrt. Der Qualit\u00e4ts-Champion 2025 heisst von Weleda.","og_url":"https:\/\/www.organisator.ch\/en\/operational-excellence\/2025-08-24\/weleda-ist-erstmalig-qualitaets-champion\/","og_site_name":"Organisator","article_publisher":"https:\/\/www.facebook.com\/OrganisatorFachmagazin","article_published_time":"2025-08-24T15:38:13+00:00","article_modified_time":"2025-08-26T12:43:22+00:00","author":"galledia","twitter_card":"summary_large_image","twitter_creator":"@admin","schema":{"@context":"https:\/\/schema.org","@graph":[{"@type":"Article","@id":"https:\/\/www.organisator.ch\/operational-excellence\/2025-08-24\/weleda-ist-erstmalig-qualitaets-champion\/#article","isPartOf":{"@id":"https:\/\/www.organisator.ch\/operational-excellence\/2025-08-24\/weleda-ist-erstmalig-qualitaets-champion\/"},"author":{"name":"galledia","@id":"https:\/\/www.organisator.ch\/#\/schema\/person\/4e51799071cd2dd1232ac003643ef5f0"},"headline":"Weleda ist erstmalig Qualit\u00e4ts-Champion","datePublished":"2025-08-24T15:38:13+00:00","dateModified":"2025-08-26T12:43:22+00:00","mainEntityOfPage":{"@id":"https:\/\/www.organisator.ch\/operational-excellence\/2025-08-24\/weleda-ist-erstmalig-qualitaets-champion\/"},"wordCount":329,"publisher":{"@id":"https:\/\/www.organisator.ch\/#organization"},"image":{"@id":"https:\/\/www.organisator.ch\/operational-excellence\/2025-08-24\/weleda-ist-erstmalig-qualitaets-champion\/#primaryimage"},"thumbnailUrl":"https:\/\/www.markt-kom.com\/wp-content\/uploads\/2025\/08\/Grafik-Ranking.png","keywords":["MarKom","Qualit\u00e4tsmanagement","Unternehmen","Yougov"],"articleSection":["OPERATIONAL EXCELLENCE"],"inLanguage":"en-US"},{"@type":"WebPage","@id":"https:\/\/www.organisator.ch\/operational-excellence\/2025-08-24\/weleda-ist-erstmalig-qualitaets-champion\/","url":"https:\/\/www.organisator.ch\/operational-excellence\/2025-08-24\/weleda-ist-erstmalig-qualitaets-champion\/","name":"Weleda is Quality Champion for the first time - Organizer","isPartOf":{"@id":"https:\/\/www.organisator.ch\/#website"},"primaryImageOfPage":{"@id":"https:\/\/www.organisator.ch\/operational-excellence\/2025-08-24\/weleda-ist-erstmalig-qualitaets-champion\/#primaryimage"},"image":{"@id":"https:\/\/www.organisator.ch\/operational-excellence\/2025-08-24\/weleda-ist-erstmalig-qualitaets-champion\/#primaryimage"},"thumbnailUrl":"https:\/\/www.markt-kom.com\/wp-content\/uploads\/2025\/08\/Grafik-Ranking.png","datePublished":"2025-08-24T15:38:13+00:00","dateModified":"2025-08-26T12:43:22+00:00","description":"The best brands in terms of quality were chosen for the third time. The 2025 quality champion is Weleda.","breadcrumb":{"@id":"https:\/\/www.organisator.ch\/operational-excellence\/2025-08-24\/weleda-ist-erstmalig-qualitaets-champion\/#breadcrumb"},"inLanguage":"en-US","potentialAction":[{"@type":"ReadAction","target":["https:\/\/www.organisator.ch\/operational-excellence\/2025-08-24\/weleda-ist-erstmalig-qualitaets-champion\/"]}]},{"@type":"ImageObject","inLanguage":"en-US","@id":"https:\/\/www.organisator.ch\/operational-excellence\/2025-08-24\/weleda-ist-erstmalig-qualitaets-champion\/#primaryimage","url":"https:\/\/www.markt-kom.com\/wp-content\/uploads\/2025\/08\/Grafik-Ranking.png","contentUrl":"https:\/\/www.markt-kom.com\/wp-content\/uploads\/2025\/08\/Grafik-Ranking.png"},{"@type":"BreadcrumbList","@id":"https:\/\/www.organisator.ch\/operational-excellence\/2025-08-24\/weleda-ist-erstmalig-qualitaets-champion\/#breadcrumb","itemListElement":[{"@type":"ListItem","position":1,"name":"Home","item":"https:\/\/www.organisator.ch\/"},{"@type":"ListItem","position":2,"name":"Weleda ist erstmalig Qualit\u00e4ts-Champion"}]},{"@type":"WebSite","@id":"https:\/\/www.organisator.ch\/#website","url":"https:\/\/www.organisator.ch\/","name":"Organizer","description":"Competent. Practical. In 10 issues per year, ORGANISATOR presents the essential topics for managers of SMEs.","publisher":{"@id":"https:\/\/www.organisator.ch\/#organization"},"potentialAction":[{"@type":"SearchAction","target":{"@type":"EntryPoint","urlTemplate":"https:\/\/www.organisator.ch\/?s={search_term_string}"},"query-input":{"@type":"PropertyValueSpecification","valueRequired":true,"valueName":"search_term_string"}}],"inLanguage":"en-US"},{"@type":"Organization","@id":"https:\/\/www.organisator.ch\/#organization","name":"Organizer","url":"https:\/\/www.organisator.ch\/","logo":{"@type":"ImageObject","inLanguage":"en-US","@id":"https:\/\/www.organisator.ch\/#\/schema\/logo\/image\/","url":"https:\/\/www.organisator.ch\/wp-content\/uploads\/2022\/01\/Logo_Organisator_Website.png","contentUrl":"https:\/\/www.organisator.ch\/wp-content\/uploads\/2022\/01\/Logo_Organisator_Website.png","width":800,"height":77,"caption":"Organisator"},"image":{"@id":"https:\/\/www.organisator.ch\/#\/schema\/logo\/image\/"},"sameAs":["https:\/\/www.facebook.com\/OrganisatorFachmagazin","https:\/\/www.linkedin.com\/showcase\/organisator-das-magazin-fr-kmu","https:\/\/www.xing.com\/news\/pages\/organisator-ch-695","https:\/\/www.youtube.com\/channel\/UCGP2Sq0iWaZwT3BdIAQFYpw"]},{"@type":"Person","@id":"https:\/\/www.organisator.ch\/#\/schema\/person\/4e51799071cd2dd1232ac003643ef5f0","name":"galledia","image":{"@type":"ImageObject","inLanguage":"en-US","@id":"https:\/\/secure.gravatar.com\/avatar\/78a7f90c01fc2bfc875782a0d4922b37cde2cf184ce347b91316d23cd7f69a36?s=96&d=mm&r=g","url":"https:\/\/secure.gravatar.com\/avatar\/78a7f90c01fc2bfc875782a0d4922b37cde2cf184ce347b91316d23cd7f69a36?s=96&d=mm&r=g","contentUrl":"https:\/\/secure.gravatar.com\/avatar\/78a7f90c01fc2bfc875782a0d4922b37cde2cf184ce347b91316d23cd7f69a36?s=96&d=mm&r=g","caption":"galledia"},"sameAs":["https:\/\/x.com\/admin"],"url":"https:\/\/www.organisator.ch\/en\/author\/galledia\/"}]}},"_links":{"self":[{"href":"https:\/\/www.organisator.ch\/en\/wp-json\/wp\/v2\/posts\/40099","targetHints":{"allow":["GET"]}}],"collection":[{"href":"https:\/\/www.organisator.ch\/en\/wp-json\/wp\/v2\/posts"}],"about":[{"href":"https:\/\/www.organisator.ch\/en\/wp-json\/wp\/v2\/types\/post"}],"author":[{"embeddable":true,"href":"https:\/\/www.organisator.ch\/en\/wp-json\/wp\/v2\/users\/8"}],"replies":[{"embeddable":true,"href":"https:\/\/www.organisator.ch\/en\/wp-json\/wp\/v2\/comments?post=40099"}],"version-history":[{"count":3,"href":"https:\/\/www.organisator.ch\/en\/wp-json\/wp\/v2\/posts\/40099\/revisions"}],"predecessor-version":[{"id":40107,"href":"https:\/\/www.organisator.ch\/en\/wp-json\/wp\/v2\/posts\/40099\/revisions\/40107"}],"wp:attachment":[{"href":"https:\/\/www.organisator.ch\/en\/wp-json\/wp\/v2\/media?parent=40099"}],"wp:term":[{"taxonomy":"category","embeddable":true,"href":"https:\/\/www.organisator.ch\/en\/wp-json\/wp\/v2\/categories?post=40099"},{"taxonomy":"post_tag","embeddable":true,"href":"https:\/\/www.organisator.ch\/en\/wp-json\/wp\/v2\/tags?post=40099"}],"curies":[{"name":"wp","href":"https:\/\/api.w.org\/{rel}","templated":true}]}}