{"id":40221,"date":"2025-08-29T10:22:58","date_gmt":"2025-08-29T08:22:58","guid":{"rendered":"https:\/\/www.organisator.ch\/?p=40221"},"modified":"2025-08-29T10:22:58","modified_gmt":"2025-08-29T08:22:58","slug":"telekom-rating-iway-fuehrend-bei-mobilkommunikation-fuer-unternehmen","status":"publish","type":"post","link":"https:\/\/www.organisator.ch\/en\/operational-excellence\/2025-08-29\/telekom-rating-iway-fuehrend-bei-mobilkommunikation-fuer-unternehmen\/","title":{"rendered":"Telekom rating: iWay leads the way in mobile communications for companies"},"content":{"rendered":"<figure id=\"attachment_40222\" aria-describedby=\"caption-attachment-40222\" style=\"width: 680px\" class=\"wp-caption alignnone\"><img loading=\"lazy\" decoding=\"async\" class=\"size-full wp-image-40222\" src=\"https:\/\/www.organisator.ch\/wp-content\/uploads\/2025\/08\/Telekom-Rating-iWay-fuehrend-bei-Mobilkommunikation-fuer-Unternehmen_Organisator.jpg\" alt=\"\" width=\"680\" height=\"453\" srcset=\"https:\/\/www.organisator.ch\/wp-content\/uploads\/2025\/08\/Telekom-Rating-iWay-fuehrend-bei-Mobilkommunikation-fuer-Unternehmen_Organisator.jpg 680w, https:\/\/www.organisator.ch\/wp-content\/uploads\/2025\/08\/Telekom-Rating-iWay-fuehrend-bei-Mobilkommunikation-fuer-Unternehmen_Organisator-18x12.jpg 18w, https:\/\/www.organisator.ch\/wp-content\/uploads\/2025\/08\/Telekom-Rating-iWay-fuehrend-bei-Mobilkommunikation-fuer-Unternehmen_Organisator-375x250.jpg 375w, https:\/\/www.organisator.ch\/wp-content\/uploads\/2025\/08\/Telekom-Rating-iWay-fuehrend-bei-Mobilkommunikation-fuer-Unternehmen_Organisator-525x350.jpg 525w\" sizes=\"auto, (max-width: 680px) 100vw, 680px\" \/><figcaption id=\"caption-attachment-40222\" class=\"wp-caption-text\">Enjoying another excellent telecom rating: iWay CEO Markus Vetterli. (Image: zVg)<\/figcaption><\/figure>\n<p>Internet service provider iWay - an SME with just over 70 employees - will remain one of Switzerland's leading telecommunications providers in 2025. In the latest telecoms rating by business magazine Bilanz, the company was awarded top places in several categories by both business and private customers.<\/p>\n<p>An outstanding result is the first place for mobile communication for companies. According to the rating, iWay was particularly convincing in terms of quality, flexibility and support. In the Cloud Services for Companies category, iWay came second against strong national and international competition. With 3rd place in the ISP &amp; Corporate Networks category, iWay confirmed its strong market position in providing companies with Internet and network services. iWay also achieved strong results with private customers. They awarded iWay second place in the Internet access and fixed-line telephony categories. In mobile communications and cloud services for private customers, iWay once again took top places, coming fourth in both categories.<\/p>\n<p>Founded in 1995, the company has established itself as a reliable and innovative partner for companies and private individuals and underlines its goal of continuing to meet high standards of service and quality in the future, as detailed in a press release. iWay CEO Markus Vetterli is delighted with the results: \"This excellent performance compared to the most important Swiss telecommunications providers reinforces our commitment to consistently offering the highest quality and customer proximity. We would like to thank our loyal customers and the entire iWay team, who continue to build on this success every day with commitment and innovation.\"<\/p>\n<p>The Bilanz-Telekom rating is one of the most important industry surveys in Switzerland. It is based on ratings from 731 business and 9012 private customers throughout Switzerland. In addition to quality, innovation and price, the ratings take particular account of customer service.<\/p>\n<p><em>Source: <a href=\"http:\/\/www.iway.ch\">iWay<\/a><\/em><\/p>","protected":false},"excerpt":{"rendered":"<p>In the latest Telekom rating published by the business magazine Bilanz, iWay was awarded top places in several categories by both business and private customers.<\/p>","protected":false},"author":4,"featured_media":0,"comment_status":"closed","ping_status":"closed","sticky":false,"template":"","format":"standard","meta":{"_acf_changed":false,"_yoast_wpseo_focuskw":"Telekom-Rating","_yoast_wpseo_metadesc":"Im aktuellen Telekom-Rating des Wirtschaftsmagazins Bilanz wurde iWay in mehreren Kategorien mit Spitzenpl\u00e4tzen ausgezeichnet.","articlekey":"","footnotes":""},"categories":[582],"tags":[3318,479,492],"class_list":["post-40221","post","type-post","status-publish","format-standard","hentry","category-operational-excellence","tag-rating","tag-telekommunikation","tag-unternehmen"],"acf":[],"yoast_head":"<!-- This site is optimized with the Yoast SEO plugin v27.4 - https:\/\/yoast.com\/product\/yoast-seo-wordpress\/ -->\n<title>Telekom-Rating: iWay f\u00fchrend bei Mobilkommunikation f\u00fcr Unternehmen - Organisator<\/title>\n<meta name=\"description\" content=\"Im aktuellen Telekom-Rating des Wirtschaftsmagazins Bilanz wurde iWay in mehreren Kategorien mit Spitzenpl\u00e4tzen ausgezeichnet.\" \/>\n<meta name=\"robots\" content=\"index, follow, max-snippet:-1, max-image-preview:large, max-video-preview:-1\" \/>\n<link rel=\"canonical\" href=\"https:\/\/www.organisator.ch\/en\/operational-excellence\/2025-08-29\/telekom-rating-iway-fuehrend-bei-mobilkommunikation-fuer-unternehmen\/\" \/>\n<meta property=\"og:locale\" content=\"en_US\" \/>\n<meta property=\"og:type\" content=\"article\" \/>\n<meta property=\"og:title\" content=\"Telekom-Rating: iWay f\u00fchrend bei Mobilkommunikation f\u00fcr Unternehmen\" \/>\n<meta property=\"og:description\" content=\"Im aktuellen Telekom-Rating des Wirtschaftsmagazins Bilanz wurde iWay in mehreren Kategorien mit Spitzenpl\u00e4tzen ausgezeichnet.\" \/>\n<meta property=\"og:url\" content=\"https:\/\/www.organisator.ch\/en\/operational-excellence\/2025-08-29\/telekom-rating-iway-fuehrend-bei-mobilkommunikation-fuer-unternehmen\/\" \/>\n<meta property=\"og:site_name\" content=\"Organisator\" \/>\n<meta property=\"article:publisher\" content=\"https:\/\/www.facebook.com\/OrganisatorFachmagazin\" \/>\n<meta property=\"article:published_time\" content=\"2025-08-29T08:22:58+00:00\" \/>\n<meta property=\"og:image\" content=\"https:\/\/www.organisator.ch\/wp-content\/uploads\/2025\/08\/Telekom-Rating-iWay-fuehrend-bei-Mobilkommunikation-fuer-Unternehmen_Organisator.jpg\" \/>\n\t<meta property=\"og:image:width\" content=\"680\" \/>\n\t<meta property=\"og:image:height\" content=\"453\" \/>\n\t<meta property=\"og:image:type\" content=\"image\/jpeg\" \/>\n<meta name=\"author\" content=\"thomas.berner\" \/>\n<meta name=\"twitter:card\" content=\"summary_large_image\" \/>\n<meta name=\"twitter:title\" content=\"Telekom-Rating: #iWay f\u00fchrend bei #Mobilkommunikation f\u00fcr Unternehmen\" \/>\n<meta name=\"twitter:description\" content=\"Im aktuellen #Telekom-Rating des Wirtschaftsmagazins Bilanz wurde #iWay in mehreren Kategorien mit #Spitzenpl\u00e4tzen ausgezeichnet.\" \/>\n<meta name=\"twitter:image\" content=\"https:\/\/www.organisator.ch\/wp-content\/uploads\/2025\/08\/Telekom-Rating-iWay-fuehrend-bei-Mobilkommunikation-fuer-Unternehmen_Organisator.jpg\" \/>\n<script type=\"application\/ld+json\" class=\"yoast-schema-graph\">{\"@context\":\"https:\\\/\\\/schema.org\",\"@graph\":[{\"@type\":\"Article\",\"@id\":\"https:\\\/\\\/www.organisator.ch\\\/operational-excellence\\\/2025-08-29\\\/telekom-rating-iway-fuehrend-bei-mobilkommunikation-fuer-unternehmen\\\/#article\",\"isPartOf\":{\"@id\":\"https:\\\/\\\/www.organisator.ch\\\/operational-excellence\\\/2025-08-29\\\/telekom-rating-iway-fuehrend-bei-mobilkommunikation-fuer-unternehmen\\\/\"},\"author\":{\"name\":\"thomas.berner\",\"@id\":\"https:\\\/\\\/www.organisator.ch\\\/#\\\/schema\\\/person\\\/6f650f90b2842cd4c0cc334b4e36f67e\"},\"headline\":\"Telekom-Rating: iWay f\u00fchrend bei Mobilkommunikation f\u00fcr Unternehmen\",\"datePublished\":\"2025-08-29T08:22:58+00:00\",\"mainEntityOfPage\":{\"@id\":\"https:\\\/\\\/www.organisator.ch\\\/operational-excellence\\\/2025-08-29\\\/telekom-rating-iway-fuehrend-bei-mobilkommunikation-fuer-unternehmen\\\/\"},\"wordCount\":328,\"publisher\":{\"@id\":\"https:\\\/\\\/www.organisator.ch\\\/#organization\"},\"image\":{\"@id\":\"https:\\\/\\\/www.organisator.ch\\\/operational-excellence\\\/2025-08-29\\\/telekom-rating-iway-fuehrend-bei-mobilkommunikation-fuer-unternehmen\\\/#primaryimage\"},\"thumbnailUrl\":\"https:\\\/\\\/www.organisator.ch\\\/wp-content\\\/uploads\\\/2025\\\/08\\\/Telekom-Rating-iWay-fuehrend-bei-Mobilkommunikation-fuer-Unternehmen_Organisator.jpg\",\"keywords\":[\"Rating\",\"Telekommunikation\",\"Unternehmen\"],\"articleSection\":[\"OPERATIONAL EXCELLENCE\"],\"inLanguage\":\"en-US\"},{\"@type\":\"WebPage\",\"@id\":\"https:\\\/\\\/www.organisator.ch\\\/operational-excellence\\\/2025-08-29\\\/telekom-rating-iway-fuehrend-bei-mobilkommunikation-fuer-unternehmen\\\/\",\"url\":\"https:\\\/\\\/www.organisator.ch\\\/operational-excellence\\\/2025-08-29\\\/telekom-rating-iway-fuehrend-bei-mobilkommunikation-fuer-unternehmen\\\/\",\"name\":\"Telekom-Rating: iWay f\u00fchrend bei Mobilkommunikation f\u00fcr Unternehmen - Organisator\",\"isPartOf\":{\"@id\":\"https:\\\/\\\/www.organisator.ch\\\/#website\"},\"primaryImageOfPage\":{\"@id\":\"https:\\\/\\\/www.organisator.ch\\\/operational-excellence\\\/2025-08-29\\\/telekom-rating-iway-fuehrend-bei-mobilkommunikation-fuer-unternehmen\\\/#primaryimage\"},\"image\":{\"@id\":\"https:\\\/\\\/www.organisator.ch\\\/operational-excellence\\\/2025-08-29\\\/telekom-rating-iway-fuehrend-bei-mobilkommunikation-fuer-unternehmen\\\/#primaryimage\"},\"thumbnailUrl\":\"https:\\\/\\\/www.organisator.ch\\\/wp-content\\\/uploads\\\/2025\\\/08\\\/Telekom-Rating-iWay-fuehrend-bei-Mobilkommunikation-fuer-Unternehmen_Organisator.jpg\",\"datePublished\":\"2025-08-29T08:22:58+00:00\",\"description\":\"Im aktuellen Telekom-Rating des Wirtschaftsmagazins Bilanz wurde iWay in mehreren Kategorien mit Spitzenpl\u00e4tzen ausgezeichnet.\",\"breadcrumb\":{\"@id\":\"https:\\\/\\\/www.organisator.ch\\\/operational-excellence\\\/2025-08-29\\\/telekom-rating-iway-fuehrend-bei-mobilkommunikation-fuer-unternehmen\\\/#breadcrumb\"},\"inLanguage\":\"en-US\",\"potentialAction\":[{\"@type\":\"ReadAction\",\"target\":[\"https:\\\/\\\/www.organisator.ch\\\/operational-excellence\\\/2025-08-29\\\/telekom-rating-iway-fuehrend-bei-mobilkommunikation-fuer-unternehmen\\\/\"]}]},{\"@type\":\"ImageObject\",\"inLanguage\":\"en-US\",\"@id\":\"https:\\\/\\\/www.organisator.ch\\\/operational-excellence\\\/2025-08-29\\\/telekom-rating-iway-fuehrend-bei-mobilkommunikation-fuer-unternehmen\\\/#primaryimage\",\"url\":\"https:\\\/\\\/www.organisator.ch\\\/wp-content\\\/uploads\\\/2025\\\/08\\\/Telekom-Rating-iWay-fuehrend-bei-Mobilkommunikation-fuer-Unternehmen_Organisator.jpg\",\"contentUrl\":\"https:\\\/\\\/www.organisator.ch\\\/wp-content\\\/uploads\\\/2025\\\/08\\\/Telekom-Rating-iWay-fuehrend-bei-Mobilkommunikation-fuer-Unternehmen_Organisator.jpg\"},{\"@type\":\"BreadcrumbList\",\"@id\":\"https:\\\/\\\/www.organisator.ch\\\/operational-excellence\\\/2025-08-29\\\/telekom-rating-iway-fuehrend-bei-mobilkommunikation-fuer-unternehmen\\\/#breadcrumb\",\"itemListElement\":[{\"@type\":\"ListItem\",\"position\":1,\"name\":\"Home\",\"item\":\"https:\\\/\\\/www.organisator.ch\\\/\"},{\"@type\":\"ListItem\",\"position\":2,\"name\":\"Telekom-Rating: iWay f\u00fchrend bei Mobilkommunikation f\u00fcr Unternehmen\"}]},{\"@type\":\"WebSite\",\"@id\":\"https:\\\/\\\/www.organisator.ch\\\/#website\",\"url\":\"https:\\\/\\\/www.organisator.ch\\\/\",\"name\":\"Organisator\",\"description\":\"Kompetent. Praxisnah. Der ORGANISATOR bereitet in 10 Ausgaben pro Jahr die wesentlichen Themen f\u00fcr F\u00fchrungskr\u00e4fte von KMU auf.\",\"publisher\":{\"@id\":\"https:\\\/\\\/www.organisator.ch\\\/#organization\"},\"potentialAction\":[{\"@type\":\"SearchAction\",\"target\":{\"@type\":\"EntryPoint\",\"urlTemplate\":\"https:\\\/\\\/www.organisator.ch\\\/?s={search_term_string}\"},\"query-input\":{\"@type\":\"PropertyValueSpecification\",\"valueRequired\":true,\"valueName\":\"search_term_string\"}}],\"inLanguage\":\"en-US\"},{\"@type\":\"Organization\",\"@id\":\"https:\\\/\\\/www.organisator.ch\\\/#organization\",\"name\":\"Organisator\",\"url\":\"https:\\\/\\\/www.organisator.ch\\\/\",\"logo\":{\"@type\":\"ImageObject\",\"inLanguage\":\"en-US\",\"@id\":\"https:\\\/\\\/www.organisator.ch\\\/#\\\/schema\\\/logo\\\/image\\\/\",\"url\":\"https:\\\/\\\/www.organisator.ch\\\/wp-content\\\/uploads\\\/2022\\\/01\\\/Logo_Organisator_Website.png\",\"contentUrl\":\"https:\\\/\\\/www.organisator.ch\\\/wp-content\\\/uploads\\\/2022\\\/01\\\/Logo_Organisator_Website.png\",\"width\":800,\"height\":77,\"caption\":\"Organisator\"},\"image\":{\"@id\":\"https:\\\/\\\/www.organisator.ch\\\/#\\\/schema\\\/logo\\\/image\\\/\"},\"sameAs\":[\"https:\\\/\\\/www.facebook.com\\\/OrganisatorFachmagazin\",\"https:\\\/\\\/www.linkedin.com\\\/showcase\\\/organisator-das-magazin-fr-kmu\",\"https:\\\/\\\/www.xing.com\\\/news\\\/pages\\\/organisator-ch-695\",\"https:\\\/\\\/www.youtube.com\\\/channel\\\/UCGP2Sq0iWaZwT3BdIAQFYpw\"]},{\"@type\":\"Person\",\"@id\":\"https:\\\/\\\/www.organisator.ch\\\/#\\\/schema\\\/person\\\/6f650f90b2842cd4c0cc334b4e36f67e\",\"name\":\"thomas.berner\",\"image\":{\"@type\":\"ImageObject\",\"inLanguage\":\"en-US\",\"@id\":\"https:\\\/\\\/secure.gravatar.com\\\/avatar\\\/ac5001d2a36cb6c6cd3e50789007ffca834b477b74a2144564522e944eabff61?s=96&d=mm&r=g\",\"url\":\"https:\\\/\\\/secure.gravatar.com\\\/avatar\\\/ac5001d2a36cb6c6cd3e50789007ffca834b477b74a2144564522e944eabff61?s=96&d=mm&r=g\",\"contentUrl\":\"https:\\\/\\\/secure.gravatar.com\\\/avatar\\\/ac5001d2a36cb6c6cd3e50789007ffca834b477b74a2144564522e944eabff61?s=96&d=mm&r=g\",\"caption\":\"thomas.berner\"},\"url\":\"https:\\\/\\\/www.organisator.ch\\\/en\\\/author\\\/thomas-berner\\\/\"}]}<\/script>\n<!-- \/ Yoast SEO plugin. -->","yoast_head_json":{"title":"Telekom rating: iWay leads the way in mobile communications for companies - Organizer","description":"In the latest Telekom rating published by the business magazine Bilanz, iWay was awarded top positions in several categories.","robots":{"index":"index","follow":"follow","max-snippet":"max-snippet:-1","max-image-preview":"max-image-preview:large","max-video-preview":"max-video-preview:-1"},"canonical":"https:\/\/www.organisator.ch\/en\/operational-excellence\/2025-08-29\/telekom-rating-iway-fuehrend-bei-mobilkommunikation-fuer-unternehmen\/","og_locale":"en_US","og_type":"article","og_title":"Telekom-Rating: iWay f\u00fchrend bei Mobilkommunikation f\u00fcr Unternehmen","og_description":"Im aktuellen Telekom-Rating des Wirtschaftsmagazins Bilanz wurde iWay in mehreren Kategorien mit Spitzenpl\u00e4tzen ausgezeichnet.","og_url":"https:\/\/www.organisator.ch\/en\/operational-excellence\/2025-08-29\/telekom-rating-iway-fuehrend-bei-mobilkommunikation-fuer-unternehmen\/","og_site_name":"Organisator","article_publisher":"https:\/\/www.facebook.com\/OrganisatorFachmagazin","article_published_time":"2025-08-29T08:22:58+00:00","og_image":[{"width":680,"height":453,"url":"https:\/\/www.organisator.ch\/wp-content\/uploads\/2025\/08\/Telekom-Rating-iWay-fuehrend-bei-Mobilkommunikation-fuer-Unternehmen_Organisator.jpg","type":"image\/jpeg"}],"author":"thomas.berner","twitter_card":"summary_large_image","twitter_title":"Telekom-Rating: #iWay f\u00fchrend bei #Mobilkommunikation f\u00fcr Unternehmen","twitter_description":"Im aktuellen #Telekom-Rating des Wirtschaftsmagazins Bilanz wurde #iWay in mehreren Kategorien mit #Spitzenpl\u00e4tzen ausgezeichnet.","twitter_image":"https:\/\/www.organisator.ch\/wp-content\/uploads\/2025\/08\/Telekom-Rating-iWay-fuehrend-bei-Mobilkommunikation-fuer-Unternehmen_Organisator.jpg","schema":{"@context":"https:\/\/schema.org","@graph":[{"@type":"Article","@id":"https:\/\/www.organisator.ch\/operational-excellence\/2025-08-29\/telekom-rating-iway-fuehrend-bei-mobilkommunikation-fuer-unternehmen\/#article","isPartOf":{"@id":"https:\/\/www.organisator.ch\/operational-excellence\/2025-08-29\/telekom-rating-iway-fuehrend-bei-mobilkommunikation-fuer-unternehmen\/"},"author":{"name":"thomas.berner","@id":"https:\/\/www.organisator.ch\/#\/schema\/person\/6f650f90b2842cd4c0cc334b4e36f67e"},"headline":"Telekom-Rating: iWay f\u00fchrend bei Mobilkommunikation f\u00fcr Unternehmen","datePublished":"2025-08-29T08:22:58+00:00","mainEntityOfPage":{"@id":"https:\/\/www.organisator.ch\/operational-excellence\/2025-08-29\/telekom-rating-iway-fuehrend-bei-mobilkommunikation-fuer-unternehmen\/"},"wordCount":328,"publisher":{"@id":"https:\/\/www.organisator.ch\/#organization"},"image":{"@id":"https:\/\/www.organisator.ch\/operational-excellence\/2025-08-29\/telekom-rating-iway-fuehrend-bei-mobilkommunikation-fuer-unternehmen\/#primaryimage"},"thumbnailUrl":"https:\/\/www.organisator.ch\/wp-content\/uploads\/2025\/08\/Telekom-Rating-iWay-fuehrend-bei-Mobilkommunikation-fuer-Unternehmen_Organisator.jpg","keywords":["Rating","Telekommunikation","Unternehmen"],"articleSection":["OPERATIONAL EXCELLENCE"],"inLanguage":"en-US"},{"@type":"WebPage","@id":"https:\/\/www.organisator.ch\/operational-excellence\/2025-08-29\/telekom-rating-iway-fuehrend-bei-mobilkommunikation-fuer-unternehmen\/","url":"https:\/\/www.organisator.ch\/operational-excellence\/2025-08-29\/telekom-rating-iway-fuehrend-bei-mobilkommunikation-fuer-unternehmen\/","name":"Telekom rating: iWay leads the way in mobile communications for companies - Organizer","isPartOf":{"@id":"https:\/\/www.organisator.ch\/#website"},"primaryImageOfPage":{"@id":"https:\/\/www.organisator.ch\/operational-excellence\/2025-08-29\/telekom-rating-iway-fuehrend-bei-mobilkommunikation-fuer-unternehmen\/#primaryimage"},"image":{"@id":"https:\/\/www.organisator.ch\/operational-excellence\/2025-08-29\/telekom-rating-iway-fuehrend-bei-mobilkommunikation-fuer-unternehmen\/#primaryimage"},"thumbnailUrl":"https:\/\/www.organisator.ch\/wp-content\/uploads\/2025\/08\/Telekom-Rating-iWay-fuehrend-bei-Mobilkommunikation-fuer-Unternehmen_Organisator.jpg","datePublished":"2025-08-29T08:22:58+00:00","description":"In the latest Telekom rating published by the business magazine Bilanz, iWay was awarded top positions in several categories.","breadcrumb":{"@id":"https:\/\/www.organisator.ch\/operational-excellence\/2025-08-29\/telekom-rating-iway-fuehrend-bei-mobilkommunikation-fuer-unternehmen\/#breadcrumb"},"inLanguage":"en-US","potentialAction":[{"@type":"ReadAction","target":["https:\/\/www.organisator.ch\/operational-excellence\/2025-08-29\/telekom-rating-iway-fuehrend-bei-mobilkommunikation-fuer-unternehmen\/"]}]},{"@type":"ImageObject","inLanguage":"en-US","@id":"https:\/\/www.organisator.ch\/operational-excellence\/2025-08-29\/telekom-rating-iway-fuehrend-bei-mobilkommunikation-fuer-unternehmen\/#primaryimage","url":"https:\/\/www.organisator.ch\/wp-content\/uploads\/2025\/08\/Telekom-Rating-iWay-fuehrend-bei-Mobilkommunikation-fuer-Unternehmen_Organisator.jpg","contentUrl":"https:\/\/www.organisator.ch\/wp-content\/uploads\/2025\/08\/Telekom-Rating-iWay-fuehrend-bei-Mobilkommunikation-fuer-Unternehmen_Organisator.jpg"},{"@type":"BreadcrumbList","@id":"https:\/\/www.organisator.ch\/operational-excellence\/2025-08-29\/telekom-rating-iway-fuehrend-bei-mobilkommunikation-fuer-unternehmen\/#breadcrumb","itemListElement":[{"@type":"ListItem","position":1,"name":"Home","item":"https:\/\/www.organisator.ch\/"},{"@type":"ListItem","position":2,"name":"Telekom-Rating: iWay f\u00fchrend bei Mobilkommunikation f\u00fcr Unternehmen"}]},{"@type":"WebSite","@id":"https:\/\/www.organisator.ch\/#website","url":"https:\/\/www.organisator.ch\/","name":"Organizer","description":"Competent. Practical. In 10 issues per year, ORGANISATOR presents the essential topics for managers of SMEs.","publisher":{"@id":"https:\/\/www.organisator.ch\/#organization"},"potentialAction":[{"@type":"SearchAction","target":{"@type":"EntryPoint","urlTemplate":"https:\/\/www.organisator.ch\/?s={search_term_string}"},"query-input":{"@type":"PropertyValueSpecification","valueRequired":true,"valueName":"search_term_string"}}],"inLanguage":"en-US"},{"@type":"Organization","@id":"https:\/\/www.organisator.ch\/#organization","name":"Organizer","url":"https:\/\/www.organisator.ch\/","logo":{"@type":"ImageObject","inLanguage":"en-US","@id":"https:\/\/www.organisator.ch\/#\/schema\/logo\/image\/","url":"https:\/\/www.organisator.ch\/wp-content\/uploads\/2022\/01\/Logo_Organisator_Website.png","contentUrl":"https:\/\/www.organisator.ch\/wp-content\/uploads\/2022\/01\/Logo_Organisator_Website.png","width":800,"height":77,"caption":"Organisator"},"image":{"@id":"https:\/\/www.organisator.ch\/#\/schema\/logo\/image\/"},"sameAs":["https:\/\/www.facebook.com\/OrganisatorFachmagazin","https:\/\/www.linkedin.com\/showcase\/organisator-das-magazin-fr-kmu","https:\/\/www.xing.com\/news\/pages\/organisator-ch-695","https:\/\/www.youtube.com\/channel\/UCGP2Sq0iWaZwT3BdIAQFYpw"]},{"@type":"Person","@id":"https:\/\/www.organisator.ch\/#\/schema\/person\/6f650f90b2842cd4c0cc334b4e36f67e","name":"thomas.berner","image":{"@type":"ImageObject","inLanguage":"en-US","@id":"https:\/\/secure.gravatar.com\/avatar\/ac5001d2a36cb6c6cd3e50789007ffca834b477b74a2144564522e944eabff61?s=96&d=mm&r=g","url":"https:\/\/secure.gravatar.com\/avatar\/ac5001d2a36cb6c6cd3e50789007ffca834b477b74a2144564522e944eabff61?s=96&d=mm&r=g","contentUrl":"https:\/\/secure.gravatar.com\/avatar\/ac5001d2a36cb6c6cd3e50789007ffca834b477b74a2144564522e944eabff61?s=96&d=mm&r=g","caption":"thomas.berner"},"url":"https:\/\/www.organisator.ch\/en\/author\/thomas-berner\/"}]}},"_links":{"self":[{"href":"https:\/\/www.organisator.ch\/en\/wp-json\/wp\/v2\/posts\/40221","targetHints":{"allow":["GET"]}}],"collection":[{"href":"https:\/\/www.organisator.ch\/en\/wp-json\/wp\/v2\/posts"}],"about":[{"href":"https:\/\/www.organisator.ch\/en\/wp-json\/wp\/v2\/types\/post"}],"author":[{"embeddable":true,"href":"https:\/\/www.organisator.ch\/en\/wp-json\/wp\/v2\/users\/4"}],"replies":[{"embeddable":true,"href":"https:\/\/www.organisator.ch\/en\/wp-json\/wp\/v2\/comments?post=40221"}],"version-history":[{"count":3,"href":"https:\/\/www.organisator.ch\/en\/wp-json\/wp\/v2\/posts\/40221\/revisions"}],"predecessor-version":[{"id":40277,"href":"https:\/\/www.organisator.ch\/en\/wp-json\/wp\/v2\/posts\/40221\/revisions\/40277"}],"wp:attachment":[{"href":"https:\/\/www.organisator.ch\/en\/wp-json\/wp\/v2\/media?parent=40221"}],"wp:term":[{"taxonomy":"category","embeddable":true,"href":"https:\/\/www.organisator.ch\/en\/wp-json\/wp\/v2\/categories?post=40221"},{"taxonomy":"post_tag","embeddable":true,"href":"https:\/\/www.organisator.ch\/en\/wp-json\/wp\/v2\/tags?post=40221"}],"curies":[{"name":"wp","href":"https:\/\/api.w.org\/{rel}","templated":true}]}}