{"id":4028,"date":"2018-08-14T16:47:14","date_gmt":"2018-08-14T14:47:14","guid":{"rendered":"https:\/\/www.organisator.ch\/?p=4028"},"modified":"2018-08-14T16:47:14","modified_gmt":"2018-08-14T14:47:14","slug":"digitalisierung-konkret-auf-der-topsoft-2018","status":"publish","type":"post","link":"https:\/\/www.organisator.ch\/en\/management\/it\/2018-08-14\/digitalisierung-konkret-auf-der-topsoft-2018\/","title":{"rendered":"Digitization in concrete terms at topsoft 2018"},"content":{"rendered":"<p><img loading=\"lazy\" decoding=\"async\" class=\"alignnone size-full wp-image-4029\" src=\"https:\/\/www.organisator.ch\/wp-content\/uploads\/2018\/08\/2018_07_ITBSG_Topsoft-Vorschau_Lo_1667423.jpg\" alt=\"&lt;p\/&gt; &lt;p\/&gt; &lt;p\/&gt; &lt;p\/&gt; &lt;p\/&gt; &lt;p\/&gt; &lt;p\/&gt; \" width=\"365\" height=\"137\" srcset=\"https:\/\/www.organisator.ch\/wp-content\/uploads\/2018\/08\/2018_07_ITBSG_Topsoft-Vorschau_Lo_1667423.jpg 365w, https:\/\/www.organisator.ch\/wp-content\/uploads\/2018\/08\/2018_07_ITBSG_Topsoft-Vorschau_Lo_1667423-16x6.jpg 16w, https:\/\/www.organisator.ch\/wp-content\/uploads\/2018\/08\/2018_07_ITBSG_Topsoft-Vorschau_Lo_1667423-300x113.jpg 300w\" sizes=\"auto, (max-width: 365px) 100vw, 365px\" \/><\/p>\n<p>This year's topsoft 2018 IT trade fair is all about digital business. Everything revolves around the transformation of ideas via concrete projects into successful business models. Together with the parallel events Digital Summit for SMEs and SuisseEMEX, topsoft will become a hub between digitalization, innovation and business.<\/p>\n<h2><strong>Know-how, systems and suppliers<\/strong><\/h2>\n<p>The Swiss IT trade fair topsoft not only offers exciting impulses for digitization, but also the right solutions and providers. Visitors can obtain the necessary know-how during the trade fair in the free expert presentations or directly from the specialized exhibitors. Together with the Digital Summit for SMEs, the Markom event SuisseEMEX and the marketing congress Futurize M, the topsoft trade fair is part of the largest business event in Switzerland.<\/p>\n<h2><strong>Launch into the digital future<\/strong><\/h2>\n<p>At topsoft 2018, SMEs will find the ideal start to the digital future. The background to this is provided by exhibition areas, speaker stages, theme parks and special areas. The areas addressed include Industry 4.0, information security for SMEs, infrastructure, smart working and startups. The theme parks are all about CRM, BI, ECM\/DMS and ERP. This year's program of presentations is correspondingly packed. The spectrum of content ranges from smart working and digital business models to successful customer acquisition on the Internet. On both days of the fair, the speakers will alternate every half hour. Here is a small selection from the program:<\/p>\n<ul>\n<li><strong>Augmented Reality for Industrial Enterprises (Heinz Eichholzer), Tuesday, 28.08.18 \/ 09:30: <\/strong>With augmented reality, you can make your service significantly more efficient - and satisfy your customers in the long term.<\/li>\n<li><strong>Artificially Intelligent Campaigns and Business Models (Peter Metzinger), Tuesday, 8\/28\/18 \/ 1:30pm: <\/strong>How can Artificial Intelligence (AI) be used in the context of marketing and other campaigns? Concrete case studies support Peter Metzinger's thesis that the use of AI can already improve a company's analytical capabilities and lead to a better understanding of target groups.<\/li>\n<li><strong>How does a mobile app become a success? (Oliver Mannhart), Wednesday, 29.08.18 \/ 10:00 am: <\/strong>The possibilities of apps are almost endless. As an expert in app development, Oliver Mannhart addresses the most important questions and hurdles.<\/li>\n<li><strong>Digital Buying Behavior (Jeanette Mutzner), Wednesday, 8\/29\/18 \/ 1:30 p.m: <\/strong>The Internet and social platforms have changed customers' buying behavior. Today, the first contact with companies usually takes place online. The external perception of the first contact can be actively shaped via the positioning and the brand.<\/li>\n<\/ul>\n<h2><strong>Concrete content instead of buzzwords<\/strong><\/h2>\n<p>A novelty this year is the concentration of the technical papers in one central location. The design is in the hands of the digital content platform MoreThanDigital. \"Qualified know-how, a practical exchange with experts and targeted networking are just as important for trade fair visitors as the creative examination of modern IT. What you otherwise only hear as buzzwords can be experienced live and tried out at topsoft 2018. It quickly becomes clear what is possible and makes sense for an SME,\" is how trade fair director Cyrill Schmid sums up this year's orientation of topsoft.<\/p>\n<p><em>Information: <a href=\"http:\/\/www.topsoft.ch\">www.topsoft.ch<\/a><\/em><\/p>","protected":false},"excerpt":{"rendered":"<p>Die diesj\u00e4hrige IT-Fachmesse topsoft 2018 steht ganz im Zeichen des digitalen Business. Dabei dreht sich alles um die Transformation von Ideen \u00fcber konkrete Projekte in erfolgreiche Gesch\u00e4ftsmodelle. Gemeinsam mit den Parallel-Events Digital Summit f\u00fcr KMU und SuisseEMEX wird die topsoft zur Drehscheibe zwischen Digitalisierung, Innovation und Unternehmen. Know-how, Systeme und Anbieter Die Schweizer IT-Messe topsoft [&hellip;]<\/p>\n","protected":false},"author":7,"featured_media":4029,"comment_status":"open","ping_status":"open","sticky":false,"template":"","format":"standard","meta":{"_acf_changed":false,"_yoast_wpseo_focuskw":"topsoft 2018","_yoast_wpseo_metadesc":"Am 28.\/29. August 2018 ist es wieder so weit: Die IT-Fachmesse topsoft wird zum gr\u00f6ssten Schweizer Live-Erlebnis f\u00fcr Digitalisierung.","articlekey":"","footnotes":""},"categories":[27],"tags":[156,193,482],"class_list":["post-4028","post","type-post","status-publish","format-standard","has-post-thumbnail","hentry","category-it","tag-digitalisierung","tag-fachkongressfachmesse","tag-topsoft"],"acf":[],"yoast_head":"<!-- This site is optimized with the Yoast SEO plugin v27.5 - https:\/\/yoast.com\/product\/yoast-seo-wordpress\/ -->\n<title>Digitalisierung konkret auf der topsoft 2018 - Organisator<\/title>\n<meta name=\"description\" content=\"Am 28.\/29. August 2018 ist es wieder so weit: Die IT-Fachmesse topsoft wird zum gr\u00f6ssten Schweizer Live-Erlebnis f\u00fcr Digitalisierung.\" \/>\n<meta name=\"robots\" content=\"index, follow, max-snippet:-1, max-image-preview:large, max-video-preview:-1\" \/>\n<link rel=\"canonical\" href=\"https:\/\/www.organisator.ch\/en\/management\/it\/2018-08-14\/digitalisierung-konkret-auf-der-topsoft-2018\/\" \/>\n<meta property=\"og:locale\" content=\"en_US\" \/>\n<meta property=\"og:type\" content=\"article\" \/>\n<meta property=\"og:title\" content=\"Digitalisierung konkret auf der topsoft 2018\" \/>\n<meta property=\"og:description\" content=\"Am 28.\/29. August 2018 ist es wieder so weit: Die IT-Fachmesse topsoft wird zum gr\u00f6ssten Schweizer Live-Erlebnis f\u00fcr Digitalisierung.\" \/>\n<meta property=\"og:url\" content=\"https:\/\/www.organisator.ch\/en\/management\/it\/2018-08-14\/digitalisierung-konkret-auf-der-topsoft-2018\/\" \/>\n<meta property=\"og:site_name\" content=\"Organisator\" \/>\n<meta property=\"article:publisher\" content=\"https:\/\/www.facebook.com\/OrganisatorFachmagazin\" \/>\n<meta property=\"article:published_time\" content=\"2018-08-14T14:47:14+00:00\" \/>\n<meta property=\"og:image\" content=\"https:\/\/www.organisator.ch\/wp-content\/uploads\/2018\/08\/2018_07_ITBSG_Topsoft-Vorschau_Lo_1667423.jpg\" \/>\n\t<meta property=\"og:image:width\" content=\"365\" \/>\n\t<meta property=\"og:image:height\" content=\"137\" \/>\n\t<meta property=\"og:image:type\" content=\"image\/jpeg\" \/>\n<meta name=\"author\" content=\"K4-Import\" \/>\n<meta name=\"twitter:card\" content=\"summary_large_image\" \/>\n<meta name=\"twitter:title\" content=\"Digitalisierung konkret auf der #topsoft 2018\" \/>\n<meta name=\"twitter:description\" content=\"Am 28.\/29. August 2018 ist es wieder so weit: Die IT-Fachmesse #topsoft wird zum gr\u00f6ssten Schweizer Live-Erlebnis f\u00fcr #Digitalisierung.\" \/>\n<meta name=\"twitter:image\" content=\"https:\/\/www.organisator.ch\/wp-content\/uploads\/2018\/08\/2018_07_ITBSG_Topsoft-Vorschau_Lo_1667423.jpg\" \/>\n<script type=\"application\/ld+json\" class=\"yoast-schema-graph\">{\"@context\":\"https:\\\/\\\/schema.org\",\"@graph\":[{\"@type\":\"Article\",\"@id\":\"https:\\\/\\\/www.organisator.ch\\\/management\\\/it\\\/2018-08-14\\\/digitalisierung-konkret-auf-der-topsoft-2018\\\/#article\",\"isPartOf\":{\"@id\":\"https:\\\/\\\/www.organisator.ch\\\/management\\\/it\\\/2018-08-14\\\/digitalisierung-konkret-auf-der-topsoft-2018\\\/\"},\"author\":{\"name\":\"K4-Import\",\"@id\":\"https:\\\/\\\/www.organisator.ch\\\/#\\\/schema\\\/person\\\/dd8ffea01043c9c41d7718296a158fac\"},\"headline\":\"Digitalisierung konkret auf der topsoft 2018\",\"datePublished\":\"2018-08-14T14:47:14+00:00\",\"mainEntityOfPage\":{\"@id\":\"https:\\\/\\\/www.organisator.ch\\\/management\\\/it\\\/2018-08-14\\\/digitalisierung-konkret-auf-der-topsoft-2018\\\/\"},\"wordCount\":502,\"commentCount\":1,\"publisher\":{\"@id\":\"https:\\\/\\\/www.organisator.ch\\\/#organization\"},\"image\":{\"@id\":\"https:\\\/\\\/www.organisator.ch\\\/management\\\/it\\\/2018-08-14\\\/digitalisierung-konkret-auf-der-topsoft-2018\\\/#primaryimage\"},\"thumbnailUrl\":\"https:\\\/\\\/www.organisator.ch\\\/wp-content\\\/uploads\\\/2018\\\/08\\\/2018_07_ITBSG_Topsoft-Vorschau_Lo_1667423.jpg\",\"keywords\":[\"Digitalisierung\",\"Fachkongress\\\/Fachmesse\",\"topsoft\"],\"articleSection\":[\"IT\"],\"inLanguage\":\"en-US\"},{\"@type\":\"WebPage\",\"@id\":\"https:\\\/\\\/www.organisator.ch\\\/management\\\/it\\\/2018-08-14\\\/digitalisierung-konkret-auf-der-topsoft-2018\\\/\",\"url\":\"https:\\\/\\\/www.organisator.ch\\\/management\\\/it\\\/2018-08-14\\\/digitalisierung-konkret-auf-der-topsoft-2018\\\/\",\"name\":\"Digitalisierung konkret auf der topsoft 2018 - Organisator\",\"isPartOf\":{\"@id\":\"https:\\\/\\\/www.organisator.ch\\\/#website\"},\"primaryImageOfPage\":{\"@id\":\"https:\\\/\\\/www.organisator.ch\\\/management\\\/it\\\/2018-08-14\\\/digitalisierung-konkret-auf-der-topsoft-2018\\\/#primaryimage\"},\"image\":{\"@id\":\"https:\\\/\\\/www.organisator.ch\\\/management\\\/it\\\/2018-08-14\\\/digitalisierung-konkret-auf-der-topsoft-2018\\\/#primaryimage\"},\"thumbnailUrl\":\"https:\\\/\\\/www.organisator.ch\\\/wp-content\\\/uploads\\\/2018\\\/08\\\/2018_07_ITBSG_Topsoft-Vorschau_Lo_1667423.jpg\",\"datePublished\":\"2018-08-14T14:47:14+00:00\",\"description\":\"Am 28.\\\/29. August 2018 ist es wieder so weit: Die IT-Fachmesse topsoft wird zum gr\u00f6ssten Schweizer Live-Erlebnis f\u00fcr Digitalisierung.\",\"breadcrumb\":{\"@id\":\"https:\\\/\\\/www.organisator.ch\\\/management\\\/it\\\/2018-08-14\\\/digitalisierung-konkret-auf-der-topsoft-2018\\\/#breadcrumb\"},\"inLanguage\":\"en-US\",\"potentialAction\":[{\"@type\":\"ReadAction\",\"target\":[\"https:\\\/\\\/www.organisator.ch\\\/management\\\/it\\\/2018-08-14\\\/digitalisierung-konkret-auf-der-topsoft-2018\\\/\"]}]},{\"@type\":\"ImageObject\",\"inLanguage\":\"en-US\",\"@id\":\"https:\\\/\\\/www.organisator.ch\\\/management\\\/it\\\/2018-08-14\\\/digitalisierung-konkret-auf-der-topsoft-2018\\\/#primaryimage\",\"url\":\"https:\\\/\\\/www.organisator.ch\\\/wp-content\\\/uploads\\\/2018\\\/08\\\/2018_07_ITBSG_Topsoft-Vorschau_Lo_1667423.jpg\",\"contentUrl\":\"https:\\\/\\\/www.organisator.ch\\\/wp-content\\\/uploads\\\/2018\\\/08\\\/2018_07_ITBSG_Topsoft-Vorschau_Lo_1667423.jpg\",\"width\":365,\"height\":137},{\"@type\":\"BreadcrumbList\",\"@id\":\"https:\\\/\\\/www.organisator.ch\\\/management\\\/it\\\/2018-08-14\\\/digitalisierung-konkret-auf-der-topsoft-2018\\\/#breadcrumb\",\"itemListElement\":[{\"@type\":\"ListItem\",\"position\":1,\"name\":\"Home\",\"item\":\"https:\\\/\\\/www.organisator.ch\\\/\"},{\"@type\":\"ListItem\",\"position\":2,\"name\":\"Digitalisierung konkret auf der topsoft 2018\"}]},{\"@type\":\"WebSite\",\"@id\":\"https:\\\/\\\/www.organisator.ch\\\/#website\",\"url\":\"https:\\\/\\\/www.organisator.ch\\\/\",\"name\":\"Organisator\",\"description\":\"Kompetent. Praxisnah. Der ORGANISATOR bereitet in 10 Ausgaben pro Jahr die wesentlichen Themen f\u00fcr F\u00fchrungskr\u00e4fte von KMU auf.\",\"publisher\":{\"@id\":\"https:\\\/\\\/www.organisator.ch\\\/#organization\"},\"potentialAction\":[{\"@type\":\"SearchAction\",\"target\":{\"@type\":\"EntryPoint\",\"urlTemplate\":\"https:\\\/\\\/www.organisator.ch\\\/?s={search_term_string}\"},\"query-input\":{\"@type\":\"PropertyValueSpecification\",\"valueRequired\":true,\"valueName\":\"search_term_string\"}}],\"inLanguage\":\"en-US\"},{\"@type\":\"Organization\",\"@id\":\"https:\\\/\\\/www.organisator.ch\\\/#organization\",\"name\":\"Organisator\",\"url\":\"https:\\\/\\\/www.organisator.ch\\\/\",\"logo\":{\"@type\":\"ImageObject\",\"inLanguage\":\"en-US\",\"@id\":\"https:\\\/\\\/www.organisator.ch\\\/#\\\/schema\\\/logo\\\/image\\\/\",\"url\":\"https:\\\/\\\/www.organisator.ch\\\/wp-content\\\/uploads\\\/2022\\\/01\\\/Logo_Organisator_Website.png\",\"contentUrl\":\"https:\\\/\\\/www.organisator.ch\\\/wp-content\\\/uploads\\\/2022\\\/01\\\/Logo_Organisator_Website.png\",\"width\":800,\"height\":77,\"caption\":\"Organisator\"},\"image\":{\"@id\":\"https:\\\/\\\/www.organisator.ch\\\/#\\\/schema\\\/logo\\\/image\\\/\"},\"sameAs\":[\"https:\\\/\\\/www.facebook.com\\\/OrganisatorFachmagazin\",\"https:\\\/\\\/www.linkedin.com\\\/showcase\\\/organisator-das-magazin-fr-kmu\",\"https:\\\/\\\/www.xing.com\\\/news\\\/pages\\\/organisator-ch-695\",\"https:\\\/\\\/www.youtube.com\\\/channel\\\/UCGP2Sq0iWaZwT3BdIAQFYpw\"]},{\"@type\":\"Person\",\"@id\":\"https:\\\/\\\/www.organisator.ch\\\/#\\\/schema\\\/person\\\/dd8ffea01043c9c41d7718296a158fac\",\"name\":\"K4-Import\",\"image\":{\"@type\":\"ImageObject\",\"inLanguage\":\"en-US\",\"@id\":\"https:\\\/\\\/secure.gravatar.com\\\/avatar\\\/73620ab7215a54b074cc226514e02ed65cb79211bbaee1eb49b63b57e58aaad6?s=96&d=mm&r=g\",\"url\":\"https:\\\/\\\/secure.gravatar.com\\\/avatar\\\/73620ab7215a54b074cc226514e02ed65cb79211bbaee1eb49b63b57e58aaad6?s=96&d=mm&r=g\",\"contentUrl\":\"https:\\\/\\\/secure.gravatar.com\\\/avatar\\\/73620ab7215a54b074cc226514e02ed65cb79211bbaee1eb49b63b57e58aaad6?s=96&d=mm&r=g\",\"caption\":\"K4-Import\"},\"url\":\"https:\\\/\\\/www.organisator.ch\\\/en\\\/author\\\/k4-import\\\/\"}]}<\/script>\n<!-- \/ Yoast SEO plugin. -->","yoast_head_json":{"title":"Digitalization concrete at topsoft 2018 - Organizer","description":"On August 28\/29, 2018, it's that time again: the IT trade fair topsoft will be the largest Swiss live experience for digitalization.","robots":{"index":"index","follow":"follow","max-snippet":"max-snippet:-1","max-image-preview":"max-image-preview:large","max-video-preview":"max-video-preview:-1"},"canonical":"https:\/\/www.organisator.ch\/en\/management\/it\/2018-08-14\/digitalisierung-konkret-auf-der-topsoft-2018\/","og_locale":"en_US","og_type":"article","og_title":"Digitalisierung konkret auf der topsoft 2018","og_description":"Am 28.\/29. August 2018 ist es wieder so weit: Die IT-Fachmesse topsoft wird zum gr\u00f6ssten Schweizer Live-Erlebnis f\u00fcr Digitalisierung.","og_url":"https:\/\/www.organisator.ch\/en\/management\/it\/2018-08-14\/digitalisierung-konkret-auf-der-topsoft-2018\/","og_site_name":"Organisator","article_publisher":"https:\/\/www.facebook.com\/OrganisatorFachmagazin","article_published_time":"2018-08-14T14:47:14+00:00","og_image":[{"width":365,"height":137,"url":"https:\/\/www.organisator.ch\/wp-content\/uploads\/2018\/08\/2018_07_ITBSG_Topsoft-Vorschau_Lo_1667423.jpg","type":"image\/jpeg"}],"author":"K4-Import","twitter_card":"summary_large_image","twitter_title":"Digitalisierung konkret auf der #topsoft 2018","twitter_description":"Am 28.\/29. August 2018 ist es wieder so weit: Die IT-Fachmesse #topsoft wird zum gr\u00f6ssten Schweizer Live-Erlebnis f\u00fcr #Digitalisierung.","twitter_image":"https:\/\/www.organisator.ch\/wp-content\/uploads\/2018\/08\/2018_07_ITBSG_Topsoft-Vorschau_Lo_1667423.jpg","schema":{"@context":"https:\/\/schema.org","@graph":[{"@type":"Article","@id":"https:\/\/www.organisator.ch\/management\/it\/2018-08-14\/digitalisierung-konkret-auf-der-topsoft-2018\/#article","isPartOf":{"@id":"https:\/\/www.organisator.ch\/management\/it\/2018-08-14\/digitalisierung-konkret-auf-der-topsoft-2018\/"},"author":{"name":"K4-Import","@id":"https:\/\/www.organisator.ch\/#\/schema\/person\/dd8ffea01043c9c41d7718296a158fac"},"headline":"Digitalisierung konkret auf der topsoft 2018","datePublished":"2018-08-14T14:47:14+00:00","mainEntityOfPage":{"@id":"https:\/\/www.organisator.ch\/management\/it\/2018-08-14\/digitalisierung-konkret-auf-der-topsoft-2018\/"},"wordCount":502,"commentCount":1,"publisher":{"@id":"https:\/\/www.organisator.ch\/#organization"},"image":{"@id":"https:\/\/www.organisator.ch\/management\/it\/2018-08-14\/digitalisierung-konkret-auf-der-topsoft-2018\/#primaryimage"},"thumbnailUrl":"https:\/\/www.organisator.ch\/wp-content\/uploads\/2018\/08\/2018_07_ITBSG_Topsoft-Vorschau_Lo_1667423.jpg","keywords":["Digitalisierung","Fachkongress\/Fachmesse","topsoft"],"articleSection":["IT"],"inLanguage":"en-US"},{"@type":"WebPage","@id":"https:\/\/www.organisator.ch\/management\/it\/2018-08-14\/digitalisierung-konkret-auf-der-topsoft-2018\/","url":"https:\/\/www.organisator.ch\/management\/it\/2018-08-14\/digitalisierung-konkret-auf-der-topsoft-2018\/","name":"Digitalization concrete at topsoft 2018 - Organizer","isPartOf":{"@id":"https:\/\/www.organisator.ch\/#website"},"primaryImageOfPage":{"@id":"https:\/\/www.organisator.ch\/management\/it\/2018-08-14\/digitalisierung-konkret-auf-der-topsoft-2018\/#primaryimage"},"image":{"@id":"https:\/\/www.organisator.ch\/management\/it\/2018-08-14\/digitalisierung-konkret-auf-der-topsoft-2018\/#primaryimage"},"thumbnailUrl":"https:\/\/www.organisator.ch\/wp-content\/uploads\/2018\/08\/2018_07_ITBSG_Topsoft-Vorschau_Lo_1667423.jpg","datePublished":"2018-08-14T14:47:14+00:00","description":"On August 28\/29, 2018, it's that time again: the IT trade fair topsoft will be the largest Swiss live experience for digitalization.","breadcrumb":{"@id":"https:\/\/www.organisator.ch\/management\/it\/2018-08-14\/digitalisierung-konkret-auf-der-topsoft-2018\/#breadcrumb"},"inLanguage":"en-US","potentialAction":[{"@type":"ReadAction","target":["https:\/\/www.organisator.ch\/management\/it\/2018-08-14\/digitalisierung-konkret-auf-der-topsoft-2018\/"]}]},{"@type":"ImageObject","inLanguage":"en-US","@id":"https:\/\/www.organisator.ch\/management\/it\/2018-08-14\/digitalisierung-konkret-auf-der-topsoft-2018\/#primaryimage","url":"https:\/\/www.organisator.ch\/wp-content\/uploads\/2018\/08\/2018_07_ITBSG_Topsoft-Vorschau_Lo_1667423.jpg","contentUrl":"https:\/\/www.organisator.ch\/wp-content\/uploads\/2018\/08\/2018_07_ITBSG_Topsoft-Vorschau_Lo_1667423.jpg","width":365,"height":137},{"@type":"BreadcrumbList","@id":"https:\/\/www.organisator.ch\/management\/it\/2018-08-14\/digitalisierung-konkret-auf-der-topsoft-2018\/#breadcrumb","itemListElement":[{"@type":"ListItem","position":1,"name":"Home","item":"https:\/\/www.organisator.ch\/"},{"@type":"ListItem","position":2,"name":"Digitalisierung konkret auf der topsoft 2018"}]},{"@type":"WebSite","@id":"https:\/\/www.organisator.ch\/#website","url":"https:\/\/www.organisator.ch\/","name":"Organizer","description":"Competent. Practical. In 10 issues per year, ORGANISATOR presents the essential topics for managers of SMEs.","publisher":{"@id":"https:\/\/www.organisator.ch\/#organization"},"potentialAction":[{"@type":"SearchAction","target":{"@type":"EntryPoint","urlTemplate":"https:\/\/www.organisator.ch\/?s={search_term_string}"},"query-input":{"@type":"PropertyValueSpecification","valueRequired":true,"valueName":"search_term_string"}}],"inLanguage":"en-US"},{"@type":"Organization","@id":"https:\/\/www.organisator.ch\/#organization","name":"Organizer","url":"https:\/\/www.organisator.ch\/","logo":{"@type":"ImageObject","inLanguage":"en-US","@id":"https:\/\/www.organisator.ch\/#\/schema\/logo\/image\/","url":"https:\/\/www.organisator.ch\/wp-content\/uploads\/2022\/01\/Logo_Organisator_Website.png","contentUrl":"https:\/\/www.organisator.ch\/wp-content\/uploads\/2022\/01\/Logo_Organisator_Website.png","width":800,"height":77,"caption":"Organisator"},"image":{"@id":"https:\/\/www.organisator.ch\/#\/schema\/logo\/image\/"},"sameAs":["https:\/\/www.facebook.com\/OrganisatorFachmagazin","https:\/\/www.linkedin.com\/showcase\/organisator-das-magazin-fr-kmu","https:\/\/www.xing.com\/news\/pages\/organisator-ch-695","https:\/\/www.youtube.com\/channel\/UCGP2Sq0iWaZwT3BdIAQFYpw"]},{"@type":"Person","@id":"https:\/\/www.organisator.ch\/#\/schema\/person\/dd8ffea01043c9c41d7718296a158fac","name":"K4 import","image":{"@type":"ImageObject","inLanguage":"en-US","@id":"https:\/\/secure.gravatar.com\/avatar\/73620ab7215a54b074cc226514e02ed65cb79211bbaee1eb49b63b57e58aaad6?s=96&d=mm&r=g","url":"https:\/\/secure.gravatar.com\/avatar\/73620ab7215a54b074cc226514e02ed65cb79211bbaee1eb49b63b57e58aaad6?s=96&d=mm&r=g","contentUrl":"https:\/\/secure.gravatar.com\/avatar\/73620ab7215a54b074cc226514e02ed65cb79211bbaee1eb49b63b57e58aaad6?s=96&d=mm&r=g","caption":"K4-Import"},"url":"https:\/\/www.organisator.ch\/en\/author\/k4-import\/"}]}},"_links":{"self":[{"href":"https:\/\/www.organisator.ch\/en\/wp-json\/wp\/v2\/posts\/4028","targetHints":{"allow":["GET"]}}],"collection":[{"href":"https:\/\/www.organisator.ch\/en\/wp-json\/wp\/v2\/posts"}],"about":[{"href":"https:\/\/www.organisator.ch\/en\/wp-json\/wp\/v2\/types\/post"}],"author":[{"embeddable":true,"href":"https:\/\/www.organisator.ch\/en\/wp-json\/wp\/v2\/users\/7"}],"replies":[{"embeddable":true,"href":"https:\/\/www.organisator.ch\/en\/wp-json\/wp\/v2\/comments?post=4028"}],"version-history":[{"count":0,"href":"https:\/\/www.organisator.ch\/en\/wp-json\/wp\/v2\/posts\/4028\/revisions"}],"wp:featuredmedia":[{"embeddable":true,"href":"https:\/\/www.organisator.ch\/en\/wp-json\/wp\/v2\/media\/4029"}],"wp:attachment":[{"href":"https:\/\/www.organisator.ch\/en\/wp-json\/wp\/v2\/media?parent=4028"}],"wp:term":[{"taxonomy":"category","embeddable":true,"href":"https:\/\/www.organisator.ch\/en\/wp-json\/wp\/v2\/categories?post=4028"},{"taxonomy":"post_tag","embeddable":true,"href":"https:\/\/www.organisator.ch\/en\/wp-json\/wp\/v2\/tags?post=4028"}],"curies":[{"name":"wp","href":"https:\/\/api.w.org\/{rel}","templated":true}]}}