{"id":4033,"date":"2021-04-03T07:29:09","date_gmt":"2021-04-03T05:29:09","guid":{"rendered":"https:\/\/www.umweltperspektiven.ch\/?p=4033"},"modified":"2022-02-09T11:09:54","modified_gmt":"2022-02-09T10:09:54","slug":"stadtrat-will-oeko-kompass-fuer-kmu-weiterfuehren","status":"publish","type":"post","link":"https:\/\/www.organisator.ch\/en\/sustainability\/2021-04-03\/stadtrat-will-oeko-kompass-fuer-kmu-weiterfuehren\/","title":{"rendered":"City council wants to continue eco-compass for SMEs"},"content":{"rendered":"<figure id=\"attachment_4034\" aria-describedby=\"caption-attachment-4034\" style=\"width: 680px\" class=\"wp-caption aligncenter\"><img loading=\"lazy\" decoding=\"async\" class=\"size-medium wp-image-4034\" src=\"\/\/www.umweltperspektiven.ch\/wp-content\/uploads\/2021\/04\/Depositphotos_68463385_s-2019.jpg\" alt=\"\" width=\"680\" height=\"454\" srcset=\"https:\/\/www.organisator.ch\/wp-content\/uploads\/2021\/04\/Depositphotos_68463385_s-2019.jpg 1000w, https:\/\/www.organisator.ch\/wp-content\/uploads\/2021\/04\/Depositphotos_68463385_s-2019-680x454.jpg 680w, https:\/\/www.organisator.ch\/wp-content\/uploads\/2021\/04\/Depositphotos_68463385_s-2019-768x512.jpg 768w, https:\/\/www.organisator.ch\/wp-content\/uploads\/2021\/04\/Depositphotos_68463385_s-2019-18x12.jpg 18w, https:\/\/www.organisator.ch\/wp-content\/uploads\/2021\/04\/Depositphotos_68463385_s-2019-262x175.jpg 262w, https:\/\/www.organisator.ch\/wp-content\/uploads\/2021\/04\/Depositphotos_68463385_s-2019-525x350.jpg 525w, https:\/\/www.organisator.ch\/wp-content\/uploads\/2021\/04\/Depositphotos_68463385_s-2019-920x614.jpg 920w, https:\/\/www.organisator.ch\/wp-content\/uploads\/2021\/04\/Depositphotos_68463385_s-2019-300x200.jpg 300w\" sizes=\"auto, (max-width: 680px) 100vw, 680px\" \/><figcaption id=\"caption-attachment-4034\" class=\"wp-caption-text\">The Eco-Compass shows SMEs potential, provides environmental offers and creates an overview in the jungle of measures and subsidies. \u00a9 Depositphotos, Kzenon<\/figcaption><\/figure>\n<p>&nbsp;<\/p>\n<p>SMEs rarely have a specific environmental management system. Comprehensive consulting services for small businesses are lacking. The city of Zurich concludes with the <a href=\"\/\/www.stadt-zuerich.ch\/gud\/de\/index\/beratungen_bewilligungen\/betriebe\/oeko-kompass.html\">Eco-Compass<\/a> thus a gap in the range of products and services. The Eco-Compass shows SMEs potential, provides environmental offers and creates an overview for SMEs in the jungle of measures and subsidies. The city has delegated the operational management of the Eco-Compass to an external office. This model has proven successful and is to be continued. For the continuation of the Eco-Compass offer, new annual recurring expenses in the amount of 350,000 Swiss francs will be requested from the municipal council from 2022.<\/p>\n<p><strong>Direct savings of up to 7 tons of CO2 per SME per year <\/strong><\/p>\n<p>The evaluation of the effectiveness of the Eco-Compass has shown that the agreed measures have a positive impact on the climate, air and water quality and resource consumption. The directly measurable annual environmental relief is in the order of 400 to 5000 MWh of saved energy (electricity, heating\/cooling), 100,000 to 500,000 passenger car kilometers and 15 to 50 tons of material. This corresponds to a saving per year and SME of 2 to 7 tons of CO2 emissions. That is half the environmental footprint of a Swiss citizen per year.<\/p>\n<p><strong>Great potential for SME consulting <\/strong><\/p>\n<p>The Eco-Compass was created in 2009 as part of the then legislative focus \"Sustainable City of Zurich - on the way to a 2000-watt society\". In 2015, the program was awarded the \"Excellence Publique\" innovation prize. By 2020, nearly 4000 companies had been personally contacted and over 1200 consultations had been carried out. According to a study by act Cleantech Agentur Schweiz AG, there remains a potential of over 18,000 additional SMEs that can be tapped.<\/p>\n<p>\"Achieving the climate protection goals requires everyone. The city of Zurich therefore intends to continue supporting local businesses with suitable advisory services in the future,\" says City Councilor Andreas Hauri, head of the Health and Environment Department.<\/p>\n<p><strong>Adaptation to new conditions <\/strong><\/p>\n<p>According to a satisfaction analysis by ETH Zurich, the existing consulting services are perceived very positively by SMEs for the most part. Nevertheless, the consulting service should be further developed with a focus on the climate protection goals to be achieved and current political, scientific and social knowledge, and should be adapted even better to the needs of the companies. \"In order to achieve the ambitious climate targets, we need innovation and networking with the business community,\" says Ren\u00e9 Estermann, Director of Environmental and Health Protection Zurich. \"The Eco-Compass promotes the knowledge transfer with business that is necessary for this.\"<\/p>\n<p><em>Source: Environmental and Health Protection Zurich<\/em><\/p>","protected":false},"excerpt":{"rendered":"<p>&nbsp; KMU verf\u00fcgen selten \u00fcber ein spezifisches Umweltmanagement. Umfassende Beratungsdienstleistungen f\u00fcr Kleinbetriebe fehlen. Die Stadt Z\u00fcrich schliesst mit dem \u00d6ko-Kompass somit eine Angebotsl\u00fccke. Der \u00d6ko-Kompass zeigt den KMU Potenziale auf, vermittelt Umweltangebote und schafft f\u00fcr die KMU einen \u00dcberblick im Massnahmen- und F\u00f6rdergelder-Dschungel. Die Stadt hat die operative Leitung des \u00d6ko-Kompasses an eine externe Gesch\u00e4ftsstelle [&hellip;]<\/p>\n","protected":false},"author":6,"featured_media":4034,"comment_status":"closed","ping_status":"closed","sticky":false,"template":"","format":"standard","meta":{"_acf_changed":false,"_yoast_wpseo_focuskw":"\u00d6ko-Kompass","_yoast_wpseo_metadesc":"","articlekey":"","footnotes":""},"categories":[580],"tags":[1291,301,1863,2182,488],"class_list":["post-4033","post","type-post","status-publish","format-standard","has-post-thumbnail","hentry","category-sustainability","tag-gewerbe","tag-kmu","tag-oeko-kompass","tag-stadt-zuerich","tag-umweltmanagement"],"acf":[],"yoast_head":"<!-- This site is optimized with the Yoast SEO plugin v27.4 - https:\/\/yoast.com\/product\/yoast-seo-wordpress\/ -->\n<title>Stadtrat will \u00d6ko-Kompass f\u00fcr KMU weiterf\u00fchren - Organisator<\/title>\n<meta name=\"robots\" content=\"index, follow, max-snippet:-1, max-image-preview:large, max-video-preview:-1\" \/>\n<link rel=\"canonical\" href=\"https:\/\/www.organisator.ch\/en\/sustainability\/2021-04-03\/stadtrat-will-oeko-kompass-fuer-kmu-weiterfuehren\/\" \/>\n<meta property=\"og:locale\" content=\"en_US\" \/>\n<meta property=\"og:type\" content=\"article\" \/>\n<meta property=\"og:title\" content=\"Stadtrat will \u00d6ko-Kompass f\u00fcr KMU weiterf\u00fchren - Organisator\" \/>\n<meta property=\"og:description\" content=\"&nbsp; KMU verf\u00fcgen selten \u00fcber ein spezifisches Umweltmanagement. Umfassende Beratungsdienstleistungen f\u00fcr Kleinbetriebe fehlen. Die Stadt Z\u00fcrich schliesst mit dem \u00d6ko-Kompass somit eine Angebotsl\u00fccke. Der \u00d6ko-Kompass zeigt den KMU Potenziale auf, vermittelt Umweltangebote und schafft f\u00fcr die KMU einen \u00dcberblick im Massnahmen- und F\u00f6rdergelder-Dschungel. Die Stadt hat die operative Leitung des \u00d6ko-Kompasses an eine externe Gesch\u00e4ftsstelle [&hellip;]\" \/>\n<meta property=\"og:url\" content=\"https:\/\/www.organisator.ch\/en\/sustainability\/2021-04-03\/stadtrat-will-oeko-kompass-fuer-kmu-weiterfuehren\/\" \/>\n<meta property=\"og:site_name\" content=\"Organisator\" \/>\n<meta property=\"article:publisher\" content=\"https:\/\/www.facebook.com\/OrganisatorFachmagazin\" \/>\n<meta property=\"article:published_time\" content=\"2021-04-03T05:29:09+00:00\" \/>\n<meta property=\"article:modified_time\" content=\"2022-02-09T10:09:54+00:00\" \/>\n<meta property=\"og:image\" content=\"https:\/\/www.organisator.ch\/wp-content\/uploads\/2021\/04\/Depositphotos_68463385_s-2019.jpg\" \/>\n\t<meta property=\"og:image:width\" content=\"1000\" \/>\n\t<meta property=\"og:image:height\" content=\"667\" \/>\n\t<meta property=\"og:image:type\" content=\"image\/jpeg\" \/>\n<meta name=\"author\" content=\"roger.straessle\" \/>\n<meta name=\"twitter:card\" content=\"summary_large_image\" \/>\n<script type=\"application\/ld+json\" class=\"yoast-schema-graph\">{\"@context\":\"https:\\\/\\\/schema.org\",\"@graph\":[{\"@type\":\"Article\",\"@id\":\"https:\\\/\\\/www.organisator.ch\\\/sustainability\\\/2021-04-03\\\/stadtrat-will-oeko-kompass-fuer-kmu-weiterfuehren\\\/#article\",\"isPartOf\":{\"@id\":\"https:\\\/\\\/www.organisator.ch\\\/sustainability\\\/2021-04-03\\\/stadtrat-will-oeko-kompass-fuer-kmu-weiterfuehren\\\/\"},\"author\":{\"name\":\"roger.straessle\",\"@id\":\"https:\\\/\\\/www.organisator.ch\\\/#\\\/schema\\\/person\\\/a800b8c54e208b160517a7dcc323161d\"},\"headline\":\"Stadtrat will \u00d6ko-Kompass f\u00fcr KMU weiterf\u00fchren\",\"datePublished\":\"2021-04-03T05:29:09+00:00\",\"dateModified\":\"2022-02-09T10:09:54+00:00\",\"mainEntityOfPage\":{\"@id\":\"https:\\\/\\\/www.organisator.ch\\\/sustainability\\\/2021-04-03\\\/stadtrat-will-oeko-kompass-fuer-kmu-weiterfuehren\\\/\"},\"wordCount\":425,\"publisher\":{\"@id\":\"https:\\\/\\\/www.organisator.ch\\\/#organization\"},\"image\":{\"@id\":\"https:\\\/\\\/www.organisator.ch\\\/sustainability\\\/2021-04-03\\\/stadtrat-will-oeko-kompass-fuer-kmu-weiterfuehren\\\/#primaryimage\"},\"thumbnailUrl\":\"https:\\\/\\\/www.organisator.ch\\\/wp-content\\\/uploads\\\/2021\\\/04\\\/Depositphotos_68463385_s-2019.jpg\",\"keywords\":[\"Gewerbe\",\"KMU\",\"\u00d6ko-Kompass\",\"Stadt Z\u00fcrich\",\"Umweltmanagement\"],\"articleSection\":[\"SUSTAINABILITY\"],\"inLanguage\":\"en-US\"},{\"@type\":\"WebPage\",\"@id\":\"https:\\\/\\\/www.organisator.ch\\\/sustainability\\\/2021-04-03\\\/stadtrat-will-oeko-kompass-fuer-kmu-weiterfuehren\\\/\",\"url\":\"https:\\\/\\\/www.organisator.ch\\\/sustainability\\\/2021-04-03\\\/stadtrat-will-oeko-kompass-fuer-kmu-weiterfuehren\\\/\",\"name\":\"Stadtrat will \u00d6ko-Kompass f\u00fcr KMU weiterf\u00fchren - Organisator\",\"isPartOf\":{\"@id\":\"https:\\\/\\\/www.organisator.ch\\\/#website\"},\"primaryImageOfPage\":{\"@id\":\"https:\\\/\\\/www.organisator.ch\\\/sustainability\\\/2021-04-03\\\/stadtrat-will-oeko-kompass-fuer-kmu-weiterfuehren\\\/#primaryimage\"},\"image\":{\"@id\":\"https:\\\/\\\/www.organisator.ch\\\/sustainability\\\/2021-04-03\\\/stadtrat-will-oeko-kompass-fuer-kmu-weiterfuehren\\\/#primaryimage\"},\"thumbnailUrl\":\"https:\\\/\\\/www.organisator.ch\\\/wp-content\\\/uploads\\\/2021\\\/04\\\/Depositphotos_68463385_s-2019.jpg\",\"datePublished\":\"2021-04-03T05:29:09+00:00\",\"dateModified\":\"2022-02-09T10:09:54+00:00\",\"breadcrumb\":{\"@id\":\"https:\\\/\\\/www.organisator.ch\\\/sustainability\\\/2021-04-03\\\/stadtrat-will-oeko-kompass-fuer-kmu-weiterfuehren\\\/#breadcrumb\"},\"inLanguage\":\"en-US\",\"potentialAction\":[{\"@type\":\"ReadAction\",\"target\":[\"https:\\\/\\\/www.organisator.ch\\\/sustainability\\\/2021-04-03\\\/stadtrat-will-oeko-kompass-fuer-kmu-weiterfuehren\\\/\"]}]},{\"@type\":\"ImageObject\",\"inLanguage\":\"en-US\",\"@id\":\"https:\\\/\\\/www.organisator.ch\\\/sustainability\\\/2021-04-03\\\/stadtrat-will-oeko-kompass-fuer-kmu-weiterfuehren\\\/#primaryimage\",\"url\":\"https:\\\/\\\/www.organisator.ch\\\/wp-content\\\/uploads\\\/2021\\\/04\\\/Depositphotos_68463385_s-2019.jpg\",\"contentUrl\":\"https:\\\/\\\/www.organisator.ch\\\/wp-content\\\/uploads\\\/2021\\\/04\\\/Depositphotos_68463385_s-2019.jpg\",\"width\":1000,\"height\":667,\"caption\":\"Der \u00d6ko-Kompass zeigt den KMU Potenziale auf, vermittelt Umweltangebote und schafft einen \u00dcberblick im Massnahmen- und F\u00f6rdergelder-Dschungel. \u00a9 Depositphotos, Kzenon\"},{\"@type\":\"BreadcrumbList\",\"@id\":\"https:\\\/\\\/www.organisator.ch\\\/sustainability\\\/2021-04-03\\\/stadtrat-will-oeko-kompass-fuer-kmu-weiterfuehren\\\/#breadcrumb\",\"itemListElement\":[{\"@type\":\"ListItem\",\"position\":1,\"name\":\"Home\",\"item\":\"https:\\\/\\\/www.organisator.ch\\\/\"},{\"@type\":\"ListItem\",\"position\":2,\"name\":\"Stadtrat will \u00d6ko-Kompass f\u00fcr KMU weiterf\u00fchren\"}]},{\"@type\":\"WebSite\",\"@id\":\"https:\\\/\\\/www.organisator.ch\\\/#website\",\"url\":\"https:\\\/\\\/www.organisator.ch\\\/\",\"name\":\"Organisator\",\"description\":\"Kompetent. Praxisnah. Der ORGANISATOR bereitet in 10 Ausgaben pro Jahr die wesentlichen Themen f\u00fcr F\u00fchrungskr\u00e4fte von KMU auf.\",\"publisher\":{\"@id\":\"https:\\\/\\\/www.organisator.ch\\\/#organization\"},\"potentialAction\":[{\"@type\":\"SearchAction\",\"target\":{\"@type\":\"EntryPoint\",\"urlTemplate\":\"https:\\\/\\\/www.organisator.ch\\\/?s={search_term_string}\"},\"query-input\":{\"@type\":\"PropertyValueSpecification\",\"valueRequired\":true,\"valueName\":\"search_term_string\"}}],\"inLanguage\":\"en-US\"},{\"@type\":\"Organization\",\"@id\":\"https:\\\/\\\/www.organisator.ch\\\/#organization\",\"name\":\"Organisator\",\"url\":\"https:\\\/\\\/www.organisator.ch\\\/\",\"logo\":{\"@type\":\"ImageObject\",\"inLanguage\":\"en-US\",\"@id\":\"https:\\\/\\\/www.organisator.ch\\\/#\\\/schema\\\/logo\\\/image\\\/\",\"url\":\"https:\\\/\\\/www.organisator.ch\\\/wp-content\\\/uploads\\\/2022\\\/01\\\/Logo_Organisator_Website.png\",\"contentUrl\":\"https:\\\/\\\/www.organisator.ch\\\/wp-content\\\/uploads\\\/2022\\\/01\\\/Logo_Organisator_Website.png\",\"width\":800,\"height\":77,\"caption\":\"Organisator\"},\"image\":{\"@id\":\"https:\\\/\\\/www.organisator.ch\\\/#\\\/schema\\\/logo\\\/image\\\/\"},\"sameAs\":[\"https:\\\/\\\/www.facebook.com\\\/OrganisatorFachmagazin\",\"https:\\\/\\\/www.linkedin.com\\\/showcase\\\/organisator-das-magazin-fr-kmu\",\"https:\\\/\\\/www.xing.com\\\/news\\\/pages\\\/organisator-ch-695\",\"https:\\\/\\\/www.youtube.com\\\/channel\\\/UCGP2Sq0iWaZwT3BdIAQFYpw\"]},{\"@type\":\"Person\",\"@id\":\"https:\\\/\\\/www.organisator.ch\\\/#\\\/schema\\\/person\\\/a800b8c54e208b160517a7dcc323161d\",\"name\":\"roger.straessle\",\"image\":{\"@type\":\"ImageObject\",\"inLanguage\":\"en-US\",\"@id\":\"https:\\\/\\\/secure.gravatar.com\\\/avatar\\\/?s=96&d=mm&r=g\",\"url\":\"https:\\\/\\\/secure.gravatar.com\\\/avatar\\\/?s=96&d=mm&r=g\",\"contentUrl\":\"https:\\\/\\\/secure.gravatar.com\\\/avatar\\\/?s=96&d=mm&r=g\",\"caption\":\"roger.straessle\"},\"url\":\"https:\\\/\\\/www.organisator.ch\\\/en\\\/author\\\/roger-straessle\\\/\"}]}<\/script>\n<!-- \/ Yoast SEO plugin. -->","yoast_head_json":{"title":"City Council wants to continue eco-compass for SMEs - organizer","robots":{"index":"index","follow":"follow","max-snippet":"max-snippet:-1","max-image-preview":"max-image-preview:large","max-video-preview":"max-video-preview:-1"},"canonical":"https:\/\/www.organisator.ch\/en\/sustainability\/2021-04-03\/stadtrat-will-oeko-kompass-fuer-kmu-weiterfuehren\/","og_locale":"en_US","og_type":"article","og_title":"Stadtrat will \u00d6ko-Kompass f\u00fcr KMU weiterf\u00fchren - Organisator","og_description":"&nbsp; KMU verf\u00fcgen selten \u00fcber ein spezifisches Umweltmanagement. Umfassende Beratungsdienstleistungen f\u00fcr Kleinbetriebe fehlen. Die Stadt Z\u00fcrich schliesst mit dem \u00d6ko-Kompass somit eine Angebotsl\u00fccke. Der \u00d6ko-Kompass zeigt den KMU Potenziale auf, vermittelt Umweltangebote und schafft f\u00fcr die KMU einen \u00dcberblick im Massnahmen- und F\u00f6rdergelder-Dschungel. Die Stadt hat die operative Leitung des \u00d6ko-Kompasses an eine externe Gesch\u00e4ftsstelle [&hellip;]","og_url":"https:\/\/www.organisator.ch\/en\/sustainability\/2021-04-03\/stadtrat-will-oeko-kompass-fuer-kmu-weiterfuehren\/","og_site_name":"Organisator","article_publisher":"https:\/\/www.facebook.com\/OrganisatorFachmagazin","article_published_time":"2021-04-03T05:29:09+00:00","article_modified_time":"2022-02-09T10:09:54+00:00","og_image":[{"width":1000,"height":667,"url":"https:\/\/www.organisator.ch\/wp-content\/uploads\/2021\/04\/Depositphotos_68463385_s-2019.jpg","type":"image\/jpeg"}],"author":"roger.straessle","twitter_card":"summary_large_image","schema":{"@context":"https:\/\/schema.org","@graph":[{"@type":"Article","@id":"https:\/\/www.organisator.ch\/sustainability\/2021-04-03\/stadtrat-will-oeko-kompass-fuer-kmu-weiterfuehren\/#article","isPartOf":{"@id":"https:\/\/www.organisator.ch\/sustainability\/2021-04-03\/stadtrat-will-oeko-kompass-fuer-kmu-weiterfuehren\/"},"author":{"name":"roger.straessle","@id":"https:\/\/www.organisator.ch\/#\/schema\/person\/a800b8c54e208b160517a7dcc323161d"},"headline":"Stadtrat will \u00d6ko-Kompass f\u00fcr KMU weiterf\u00fchren","datePublished":"2021-04-03T05:29:09+00:00","dateModified":"2022-02-09T10:09:54+00:00","mainEntityOfPage":{"@id":"https:\/\/www.organisator.ch\/sustainability\/2021-04-03\/stadtrat-will-oeko-kompass-fuer-kmu-weiterfuehren\/"},"wordCount":425,"publisher":{"@id":"https:\/\/www.organisator.ch\/#organization"},"image":{"@id":"https:\/\/www.organisator.ch\/sustainability\/2021-04-03\/stadtrat-will-oeko-kompass-fuer-kmu-weiterfuehren\/#primaryimage"},"thumbnailUrl":"https:\/\/www.organisator.ch\/wp-content\/uploads\/2021\/04\/Depositphotos_68463385_s-2019.jpg","keywords":["Gewerbe","KMU","\u00d6ko-Kompass","Stadt Z\u00fcrich","Umweltmanagement"],"articleSection":["SUSTAINABILITY"],"inLanguage":"en-US"},{"@type":"WebPage","@id":"https:\/\/www.organisator.ch\/sustainability\/2021-04-03\/stadtrat-will-oeko-kompass-fuer-kmu-weiterfuehren\/","url":"https:\/\/www.organisator.ch\/sustainability\/2021-04-03\/stadtrat-will-oeko-kompass-fuer-kmu-weiterfuehren\/","name":"City Council wants to continue eco-compass for SMEs - organizer","isPartOf":{"@id":"https:\/\/www.organisator.ch\/#website"},"primaryImageOfPage":{"@id":"https:\/\/www.organisator.ch\/sustainability\/2021-04-03\/stadtrat-will-oeko-kompass-fuer-kmu-weiterfuehren\/#primaryimage"},"image":{"@id":"https:\/\/www.organisator.ch\/sustainability\/2021-04-03\/stadtrat-will-oeko-kompass-fuer-kmu-weiterfuehren\/#primaryimage"},"thumbnailUrl":"https:\/\/www.organisator.ch\/wp-content\/uploads\/2021\/04\/Depositphotos_68463385_s-2019.jpg","datePublished":"2021-04-03T05:29:09+00:00","dateModified":"2022-02-09T10:09:54+00:00","breadcrumb":{"@id":"https:\/\/www.organisator.ch\/sustainability\/2021-04-03\/stadtrat-will-oeko-kompass-fuer-kmu-weiterfuehren\/#breadcrumb"},"inLanguage":"en-US","potentialAction":[{"@type":"ReadAction","target":["https:\/\/www.organisator.ch\/sustainability\/2021-04-03\/stadtrat-will-oeko-kompass-fuer-kmu-weiterfuehren\/"]}]},{"@type":"ImageObject","inLanguage":"en-US","@id":"https:\/\/www.organisator.ch\/sustainability\/2021-04-03\/stadtrat-will-oeko-kompass-fuer-kmu-weiterfuehren\/#primaryimage","url":"https:\/\/www.organisator.ch\/wp-content\/uploads\/2021\/04\/Depositphotos_68463385_s-2019.jpg","contentUrl":"https:\/\/www.organisator.ch\/wp-content\/uploads\/2021\/04\/Depositphotos_68463385_s-2019.jpg","width":1000,"height":667,"caption":"Der \u00d6ko-Kompass zeigt den KMU Potenziale auf, vermittelt Umweltangebote und schafft einen \u00dcberblick im Massnahmen- und F\u00f6rdergelder-Dschungel. \u00a9 Depositphotos, Kzenon"},{"@type":"BreadcrumbList","@id":"https:\/\/www.organisator.ch\/sustainability\/2021-04-03\/stadtrat-will-oeko-kompass-fuer-kmu-weiterfuehren\/#breadcrumb","itemListElement":[{"@type":"ListItem","position":1,"name":"Home","item":"https:\/\/www.organisator.ch\/"},{"@type":"ListItem","position":2,"name":"Stadtrat will \u00d6ko-Kompass f\u00fcr KMU weiterf\u00fchren"}]},{"@type":"WebSite","@id":"https:\/\/www.organisator.ch\/#website","url":"https:\/\/www.organisator.ch\/","name":"Organizer","description":"Competent. Practical. In 10 issues per year, ORGANISATOR presents the essential topics for managers of SMEs.","publisher":{"@id":"https:\/\/www.organisator.ch\/#organization"},"potentialAction":[{"@type":"SearchAction","target":{"@type":"EntryPoint","urlTemplate":"https:\/\/www.organisator.ch\/?s={search_term_string}"},"query-input":{"@type":"PropertyValueSpecification","valueRequired":true,"valueName":"search_term_string"}}],"inLanguage":"en-US"},{"@type":"Organization","@id":"https:\/\/www.organisator.ch\/#organization","name":"Organizer","url":"https:\/\/www.organisator.ch\/","logo":{"@type":"ImageObject","inLanguage":"en-US","@id":"https:\/\/www.organisator.ch\/#\/schema\/logo\/image\/","url":"https:\/\/www.organisator.ch\/wp-content\/uploads\/2022\/01\/Logo_Organisator_Website.png","contentUrl":"https:\/\/www.organisator.ch\/wp-content\/uploads\/2022\/01\/Logo_Organisator_Website.png","width":800,"height":77,"caption":"Organisator"},"image":{"@id":"https:\/\/www.organisator.ch\/#\/schema\/logo\/image\/"},"sameAs":["https:\/\/www.facebook.com\/OrganisatorFachmagazin","https:\/\/www.linkedin.com\/showcase\/organisator-das-magazin-fr-kmu","https:\/\/www.xing.com\/news\/pages\/organisator-ch-695","https:\/\/www.youtube.com\/channel\/UCGP2Sq0iWaZwT3BdIAQFYpw"]},{"@type":"Person","@id":"https:\/\/www.organisator.ch\/#\/schema\/person\/a800b8c54e208b160517a7dcc323161d","name":"roger.straessle","image":{"@type":"ImageObject","inLanguage":"en-US","@id":"https:\/\/secure.gravatar.com\/avatar\/?s=96&d=mm&r=g","url":"https:\/\/secure.gravatar.com\/avatar\/?s=96&d=mm&r=g","contentUrl":"https:\/\/secure.gravatar.com\/avatar\/?s=96&d=mm&r=g","caption":"roger.straessle"},"url":"https:\/\/www.organisator.ch\/en\/author\/roger-straessle\/"}]}},"_links":{"self":[{"href":"https:\/\/www.organisator.ch\/en\/wp-json\/wp\/v2\/posts\/4033","targetHints":{"allow":["GET"]}}],"collection":[{"href":"https:\/\/www.organisator.ch\/en\/wp-json\/wp\/v2\/posts"}],"about":[{"href":"https:\/\/www.organisator.ch\/en\/wp-json\/wp\/v2\/types\/post"}],"author":[{"embeddable":true,"href":"https:\/\/www.organisator.ch\/en\/wp-json\/wp\/v2\/users\/6"}],"replies":[{"embeddable":true,"href":"https:\/\/www.organisator.ch\/en\/wp-json\/wp\/v2\/comments?post=4033"}],"version-history":[{"count":1,"href":"https:\/\/www.organisator.ch\/en\/wp-json\/wp\/v2\/posts\/4033\/revisions"}],"predecessor-version":[{"id":10802,"href":"https:\/\/www.organisator.ch\/en\/wp-json\/wp\/v2\/posts\/4033\/revisions\/10802"}],"wp:featuredmedia":[{"embeddable":true,"href":"https:\/\/www.organisator.ch\/en\/wp-json\/wp\/v2\/media\/4034"}],"wp:attachment":[{"href":"https:\/\/www.organisator.ch\/en\/wp-json\/wp\/v2\/media?parent=4033"}],"wp:term":[{"taxonomy":"category","embeddable":true,"href":"https:\/\/www.organisator.ch\/en\/wp-json\/wp\/v2\/categories?post=4033"},{"taxonomy":"post_tag","embeddable":true,"href":"https:\/\/www.organisator.ch\/en\/wp-json\/wp\/v2\/tags?post=4033"}],"curies":[{"name":"wp","href":"https:\/\/api.w.org\/{rel}","templated":true}]}}