{"id":40346,"date":"2025-09-04T07:43:02","date_gmt":"2025-09-04T05:43:02","guid":{"rendered":"https:\/\/www.organisator.ch\/?p=40346"},"modified":"2025-09-04T07:43:02","modified_gmt":"2025-09-04T05:43:02","slug":"sustainable-switzerland-forum-zeichnet-sustainable-shapers-aus","status":"publish","type":"post","link":"https:\/\/www.organisator.ch\/en\/sustainability\/2025-09-04\/sustainable-switzerland-forum-zeichnet-sustainable-shapers-aus\/","title":{"rendered":"Sustainable Switzerland Forum honors \"Sustainable Shapers\""},"content":{"rendered":"<figure id=\"attachment_40347\" aria-describedby=\"caption-attachment-40347\" style=\"width: 680px\" class=\"wp-caption alignnone\"><img loading=\"lazy\" decoding=\"async\" class=\"size-full wp-image-40347\" src=\"https:\/\/www.organisator.ch\/wp-content\/uploads\/2025\/09\/Sustainable-Switzerland-Forum-zeichnet-Sustainable-Shapers-aus_Organisator.jpg\" alt=\"\" width=\"680\" height=\"453\" srcset=\"https:\/\/www.organisator.ch\/wp-content\/uploads\/2025\/09\/Sustainable-Switzerland-Forum-zeichnet-Sustainable-Shapers-aus_Organisator.jpg 680w, https:\/\/www.organisator.ch\/wp-content\/uploads\/2025\/09\/Sustainable-Switzerland-Forum-zeichnet-Sustainable-Shapers-aus_Organisator-18x12.jpg 18w, https:\/\/www.organisator.ch\/wp-content\/uploads\/2025\/09\/Sustainable-Switzerland-Forum-zeichnet-Sustainable-Shapers-aus_Organisator-375x250.jpg 375w, https:\/\/www.organisator.ch\/wp-content\/uploads\/2025\/09\/Sustainable-Switzerland-Forum-zeichnet-Sustainable-Shapers-aus_Organisator-525x350.jpg 525w\" sizes=\"auto, (max-width: 680px) 100vw, 680px\" \/><figcaption id=\"caption-attachment-40347\" class=\"wp-caption-text\">15 personalities were honored as \"Sustainable Shapers\". (Image: Sustainable Switzerland \/ NZZ Connect)<\/figcaption><\/figure>\n<p>At the Sustainable Switzerland Forum, the \"Sustainable Shapers\" were honored for the first time - personalities who initiate concrete changes with their entrepreneurial, scientific or social work and promote sustainable development in and from Switzerland.<\/p>\n<p>The jury selected 15 winners in three categories from over 240 nominations:<\/p>\n<p><strong>Leadership &amp; Transformation:<\/strong><\/p>\n<ul>\n<li>Albin K\u00e4lin, founder and CEO of epeaswitzerland gmbh<\/li>\n<li>Christian Zeyer, Co-CEO swisscleantech<\/li>\n<li>Hans-Dietrich Reckhaus, founder and CEO of INSECT-RESPECT<\/li>\n<li>Julia Carpenter, co-founder and CEO of apheros<\/li>\n<li>Oliver Brunschwiler, member of the Board of Directors and investor<\/li>\n<\/ul>\n<p><strong>Knowledge &amp; Opinion:<\/strong><\/p>\n<ul>\n<li>Mathis Wackernagel, co-founder of the Global Footprint Network<\/li>\n<li>Nathalie Agosti, Founder and Managing Director of Outlive Advisory<\/li>\n<li>Simone N\u00e4geli, Co-Founder and Co-Managing Director of Acker Schweiz<\/li>\n<li>Ursula Biemann, artist<\/li>\n<li>Walter Stahel, founder of the Product Life Institute<\/li>\n<\/ul>\n<p><strong>Vision &amp; Innovation:<\/strong><\/p>\n<ul>\n<li>Aur\u00e9lien Demaurex, CFO and co-founder of Ecorobotix<\/li>\n<li>Nicolas Rochat, founder and CEO of Mover Plastic Free Sportswear<\/li>\n<li>Philipp Furler, co-founder and CEO of Synhelion<\/li>\n<li>Pirmin Jung, founder and CEO of PIRMIN JUNG Schweiz AG<\/li>\n<li>Vincent Vida, founder and CEO of Upgrain<\/li>\n<\/ul>\n<h3>Prominent guest speakers at an exclusive dinner<\/h3>\n<p>The evening before, around 100 CEOs from leading Swiss companies met for an exclusive dinner. Guest speakers included Jos\u00e9 Mar\u00eda Figueres (former President of Costa Rica), Sandrine Dixson-Decl\u00e8ve (CEO of Earth4All &amp; Honorary President of the Club of Rome) and Daniel Bischofberger (CEO of Accelleron Switzerland). The evening event offered a high-caliber platform for exchange and inspiration at C-level.<\/p>\n<h3>Circular economy and more<\/h3>\n<p>Around 40 national and international speakers organized the program on the day of the conference:<\/p>\n<ul>\n<li><strong>Circular economy:<\/strong> Antonia Stalder (Managing Director of Prozirkula), Kristjan Jozipovic (CEO &amp; Co-Founder of Lumvin), Nina Schaller (Co-CEO &amp; Co-Founder of Luya Foods) and J\u00f6rg Lederbauer (Vice President Circular Economy BMW Group) presented practical approaches to closed material loops. Jozipovic explained: \"Exchange instead of replace - as long as the quality is right, everyone is happy.\"  Schaller showed how by-products from the food industry can be utilized thanks to fermentation: \"This creates a win-win-win, because by-products are no longer thrown away, but used economically.\" Lederbauer emphasized the importance of cooperation: \"No one can transform an industry or a world alone. We need a strong network to drive innovation.\"<\/li>\n<li><strong>Supply chains:<\/strong> Ambassador Andrea Rauber Saxer (Head of Bilateral Economic Relations, SECO) made it clear: \"Sustainability is not a luxury, not a fad.\" Stefan Brupbacher (Director of Swissmem) warned of geopolitical risks: \"If the customs differences in the EU remain in place until the end of the year, the US business is effectively dead - we need to wake up.\" Christoph Birchler (CEO Maestrani) put forward the perspective of SMEs: \"We SMEs are caught up in the supply chain of the big players. To stay fit for the future, we need a critical mass - and solutions that are also economically efficient.\"<\/li>\n<li><strong>AI and energy management:<\/strong> Adam Elman (Sustainability Director at Google), Sebnem Erzan (Head of Travel Sustainability &amp; Transport, Global Partnerships at Google) and Max Vogler (Senior Software Engineer at Google) presented how AI can reduce emissions with the Contrails project. \"Artificial intelligence offers a huge opportunity and increases our efficiency - that's good for the planet, but also good for business,\" said Elman. It is also important to \"make the best possible use of the good energy we already have.\" The controversial Munk debate on the electricity agreement between Switzerland and the EU brought additional explosiveness.<\/li>\n<\/ul>\n<p>On the main stage, Jos\u00e9 Mar\u00eda Figueres, Sandrine Dixson-Decl\u00e8ve, Jim Hagemann Snabe (Chairman of the Supervisory Board at Siemens) and Mathis Wackernagel (inventor of \"Footprint\") made strong statements on responsible leadership, systemic change and international cooperation.<\/p>\n<p><em>Source and further information: <a href=\"https:\/\/www.sustainableswitzerland.ch\/\">www.sustainableswitzerland.ch<\/a><\/em><\/p>","protected":false},"excerpt":{"rendered":"<p>On September 2, 2025, over 500 decision-makers from business, science and politics gathered in the new Festhalle at Bernexpo for the fourth edition of the Sustainable Switzerland Forum. The focus was on the circular economy, supply chains, AI and energy management. <\/p>","protected":false},"author":4,"featured_media":40347,"comment_status":"closed","ping_status":"closed","sticky":false,"template":"","format":"standard","meta":{"_acf_changed":false,"_yoast_wpseo_focuskw":"Sustainable Switzerland","_yoast_wpseo_metadesc":"Am 2. September 2025 versammelten sich \u00fcber 500 Entscheidungstr\u00e4gerinnen und -tr\u00e4ger zur vierten Ausgabe des Sustainable Switzerland Forum.","articlekey":"","footnotes":""},"categories":[580],"tags":[193,358,4114],"class_list":["post-40346","post","type-post","status-publish","format-standard","has-post-thumbnail","hentry","category-sustainability","tag-fachkongressfachmesse","tag-nachhaltige-wirtschaft","tag-sustainable-switzerland"],"acf":[],"yoast_head":"<!-- This site is optimized with the Yoast SEO plugin v27.5 - https:\/\/yoast.com\/product\/yoast-seo-wordpress\/ -->\n<title>Sustainable Switzerland Forum zeichnet &quot;Sustainable Shapers&quot; aus - Organisator<\/title>\n<meta name=\"description\" content=\"Am 2. September 2025 versammelten sich \u00fcber 500 Entscheidungstr\u00e4gerinnen und -tr\u00e4ger zur vierten Ausgabe des Sustainable Switzerland Forum.\" \/>\n<meta name=\"robots\" content=\"index, follow, max-snippet:-1, max-image-preview:large, max-video-preview:-1\" \/>\n<link rel=\"canonical\" href=\"https:\/\/www.organisator.ch\/en\/sustainability\/2025-09-04\/sustainable-switzerland-forum-zeichnet-sustainable-shapers-aus\/\" \/>\n<meta property=\"og:locale\" content=\"en_US\" \/>\n<meta property=\"og:type\" content=\"article\" \/>\n<meta property=\"og:title\" content=\"Sustainable Switzerland Forum zeichnet &quot;Sustainable Shapers&quot; aus\" \/>\n<meta property=\"og:description\" content=\"Am 2. September 2025 versammelten sich \u00fcber 500 Entscheidungstr\u00e4gerinnen und -tr\u00e4ger zur vierten Ausgabe des Sustainable Switzerland Forum.\" \/>\n<meta property=\"og:url\" content=\"https:\/\/www.organisator.ch\/en\/sustainability\/2025-09-04\/sustainable-switzerland-forum-zeichnet-sustainable-shapers-aus\/\" \/>\n<meta property=\"og:site_name\" content=\"Organisator\" \/>\n<meta property=\"article:publisher\" content=\"https:\/\/www.facebook.com\/OrganisatorFachmagazin\" \/>\n<meta property=\"article:published_time\" content=\"2025-09-04T05:43:02+00:00\" \/>\n<meta property=\"og:image\" content=\"https:\/\/www.organisator.ch\/wp-content\/uploads\/2025\/09\/Sustainable-Switzerland-Forum-zeichnet-Sustainable-Shapers-aus_Organisator.jpg\" \/>\n\t<meta property=\"og:image:width\" content=\"680\" \/>\n\t<meta property=\"og:image:height\" content=\"453\" \/>\n\t<meta property=\"og:image:type\" content=\"image\/jpeg\" \/>\n<meta name=\"author\" content=\"thomas.berner\" \/>\n<meta name=\"twitter:card\" content=\"summary_large_image\" \/>\n<meta name=\"twitter:title\" content=\"Sustainable #Switzerland Forum zeichnet &quot;Sustainable Shapers&quot; aus\" \/>\n<meta name=\"twitter:description\" content=\"Am 2. September 2025 versammelten sich \u00fcber 500 Entscheidungstr\u00e4gerinnen und -tr\u00e4ger zur vierten Ausgabe des #Sustainable Switzerland Forum.\" \/>\n<meta name=\"twitter:image\" content=\"https:\/\/www.organisator.ch\/wp-content\/uploads\/2025\/09\/Sustainable-Switzerland-Forum-zeichnet-Sustainable-Shapers-aus_Organisator.jpg\" \/>\n<script type=\"application\/ld+json\" class=\"yoast-schema-graph\">{\"@context\":\"https:\\\/\\\/schema.org\",\"@graph\":[{\"@type\":\"Article\",\"@id\":\"https:\\\/\\\/www.organisator.ch\\\/sustainability\\\/2025-09-04\\\/sustainable-switzerland-forum-zeichnet-sustainable-shapers-aus\\\/#article\",\"isPartOf\":{\"@id\":\"https:\\\/\\\/www.organisator.ch\\\/sustainability\\\/2025-09-04\\\/sustainable-switzerland-forum-zeichnet-sustainable-shapers-aus\\\/\"},\"author\":{\"name\":\"thomas.berner\",\"@id\":\"https:\\\/\\\/www.organisator.ch\\\/#\\\/schema\\\/person\\\/6f650f90b2842cd4c0cc334b4e36f67e\"},\"headline\":\"Sustainable Switzerland Forum zeichnet &#8222;Sustainable Shapers&#8220; aus\",\"datePublished\":\"2025-09-04T05:43:02+00:00\",\"mainEntityOfPage\":{\"@id\":\"https:\\\/\\\/www.organisator.ch\\\/sustainability\\\/2025-09-04\\\/sustainable-switzerland-forum-zeichnet-sustainable-shapers-aus\\\/\"},\"wordCount\":610,\"publisher\":{\"@id\":\"https:\\\/\\\/www.organisator.ch\\\/#organization\"},\"image\":{\"@id\":\"https:\\\/\\\/www.organisator.ch\\\/sustainability\\\/2025-09-04\\\/sustainable-switzerland-forum-zeichnet-sustainable-shapers-aus\\\/#primaryimage\"},\"thumbnailUrl\":\"https:\\\/\\\/www.organisator.ch\\\/wp-content\\\/uploads\\\/2025\\\/09\\\/Sustainable-Switzerland-Forum-zeichnet-Sustainable-Shapers-aus_Organisator.jpg\",\"keywords\":[\"Fachkongress\\\/Fachmesse\",\"Nachhaltige Wirtschaft\",\"Sustainable Switzerland\"],\"articleSection\":[\"SUSTAINABILITY\"],\"inLanguage\":\"en-US\"},{\"@type\":\"WebPage\",\"@id\":\"https:\\\/\\\/www.organisator.ch\\\/sustainability\\\/2025-09-04\\\/sustainable-switzerland-forum-zeichnet-sustainable-shapers-aus\\\/\",\"url\":\"https:\\\/\\\/www.organisator.ch\\\/sustainability\\\/2025-09-04\\\/sustainable-switzerland-forum-zeichnet-sustainable-shapers-aus\\\/\",\"name\":\"Sustainable Switzerland Forum zeichnet \\\"Sustainable Shapers\\\" aus - Organisator\",\"isPartOf\":{\"@id\":\"https:\\\/\\\/www.organisator.ch\\\/#website\"},\"primaryImageOfPage\":{\"@id\":\"https:\\\/\\\/www.organisator.ch\\\/sustainability\\\/2025-09-04\\\/sustainable-switzerland-forum-zeichnet-sustainable-shapers-aus\\\/#primaryimage\"},\"image\":{\"@id\":\"https:\\\/\\\/www.organisator.ch\\\/sustainability\\\/2025-09-04\\\/sustainable-switzerland-forum-zeichnet-sustainable-shapers-aus\\\/#primaryimage\"},\"thumbnailUrl\":\"https:\\\/\\\/www.organisator.ch\\\/wp-content\\\/uploads\\\/2025\\\/09\\\/Sustainable-Switzerland-Forum-zeichnet-Sustainable-Shapers-aus_Organisator.jpg\",\"datePublished\":\"2025-09-04T05:43:02+00:00\",\"description\":\"Am 2. September 2025 versammelten sich \u00fcber 500 Entscheidungstr\u00e4gerinnen und -tr\u00e4ger zur vierten Ausgabe des Sustainable Switzerland Forum.\",\"breadcrumb\":{\"@id\":\"https:\\\/\\\/www.organisator.ch\\\/sustainability\\\/2025-09-04\\\/sustainable-switzerland-forum-zeichnet-sustainable-shapers-aus\\\/#breadcrumb\"},\"inLanguage\":\"en-US\",\"potentialAction\":[{\"@type\":\"ReadAction\",\"target\":[\"https:\\\/\\\/www.organisator.ch\\\/sustainability\\\/2025-09-04\\\/sustainable-switzerland-forum-zeichnet-sustainable-shapers-aus\\\/\"]}]},{\"@type\":\"ImageObject\",\"inLanguage\":\"en-US\",\"@id\":\"https:\\\/\\\/www.organisator.ch\\\/sustainability\\\/2025-09-04\\\/sustainable-switzerland-forum-zeichnet-sustainable-shapers-aus\\\/#primaryimage\",\"url\":\"https:\\\/\\\/www.organisator.ch\\\/wp-content\\\/uploads\\\/2025\\\/09\\\/Sustainable-Switzerland-Forum-zeichnet-Sustainable-Shapers-aus_Organisator.jpg\",\"contentUrl\":\"https:\\\/\\\/www.organisator.ch\\\/wp-content\\\/uploads\\\/2025\\\/09\\\/Sustainable-Switzerland-Forum-zeichnet-Sustainable-Shapers-aus_Organisator.jpg\",\"width\":680,\"height\":453,\"caption\":\"15 Pers\u00f6nlichkeiten wurden als \\\"Sustainable Shapers\\\" ausgezeichnet. (Bild: Sustainable Switzerland \\\/ NZZ Connect)\"},{\"@type\":\"BreadcrumbList\",\"@id\":\"https:\\\/\\\/www.organisator.ch\\\/sustainability\\\/2025-09-04\\\/sustainable-switzerland-forum-zeichnet-sustainable-shapers-aus\\\/#breadcrumb\",\"itemListElement\":[{\"@type\":\"ListItem\",\"position\":1,\"name\":\"Home\",\"item\":\"https:\\\/\\\/www.organisator.ch\\\/\"},{\"@type\":\"ListItem\",\"position\":2,\"name\":\"Sustainable Switzerland Forum zeichnet &#8222;Sustainable Shapers&#8220; aus\"}]},{\"@type\":\"WebSite\",\"@id\":\"https:\\\/\\\/www.organisator.ch\\\/#website\",\"url\":\"https:\\\/\\\/www.organisator.ch\\\/\",\"name\":\"Organisator\",\"description\":\"Kompetent. Praxisnah. Der ORGANISATOR bereitet in 10 Ausgaben pro Jahr die wesentlichen Themen f\u00fcr F\u00fchrungskr\u00e4fte von KMU auf.\",\"publisher\":{\"@id\":\"https:\\\/\\\/www.organisator.ch\\\/#organization\"},\"potentialAction\":[{\"@type\":\"SearchAction\",\"target\":{\"@type\":\"EntryPoint\",\"urlTemplate\":\"https:\\\/\\\/www.organisator.ch\\\/?s={search_term_string}\"},\"query-input\":{\"@type\":\"PropertyValueSpecification\",\"valueRequired\":true,\"valueName\":\"search_term_string\"}}],\"inLanguage\":\"en-US\"},{\"@type\":\"Organization\",\"@id\":\"https:\\\/\\\/www.organisator.ch\\\/#organization\",\"name\":\"Organisator\",\"url\":\"https:\\\/\\\/www.organisator.ch\\\/\",\"logo\":{\"@type\":\"ImageObject\",\"inLanguage\":\"en-US\",\"@id\":\"https:\\\/\\\/www.organisator.ch\\\/#\\\/schema\\\/logo\\\/image\\\/\",\"url\":\"https:\\\/\\\/www.organisator.ch\\\/wp-content\\\/uploads\\\/2022\\\/01\\\/Logo_Organisator_Website.png\",\"contentUrl\":\"https:\\\/\\\/www.organisator.ch\\\/wp-content\\\/uploads\\\/2022\\\/01\\\/Logo_Organisator_Website.png\",\"width\":800,\"height\":77,\"caption\":\"Organisator\"},\"image\":{\"@id\":\"https:\\\/\\\/www.organisator.ch\\\/#\\\/schema\\\/logo\\\/image\\\/\"},\"sameAs\":[\"https:\\\/\\\/www.facebook.com\\\/OrganisatorFachmagazin\",\"https:\\\/\\\/www.linkedin.com\\\/showcase\\\/organisator-das-magazin-fr-kmu\",\"https:\\\/\\\/www.xing.com\\\/news\\\/pages\\\/organisator-ch-695\",\"https:\\\/\\\/www.youtube.com\\\/channel\\\/UCGP2Sq0iWaZwT3BdIAQFYpw\"]},{\"@type\":\"Person\",\"@id\":\"https:\\\/\\\/www.organisator.ch\\\/#\\\/schema\\\/person\\\/6f650f90b2842cd4c0cc334b4e36f67e\",\"name\":\"thomas.berner\",\"image\":{\"@type\":\"ImageObject\",\"inLanguage\":\"en-US\",\"@id\":\"https:\\\/\\\/secure.gravatar.com\\\/avatar\\\/ac5001d2a36cb6c6cd3e50789007ffca834b477b74a2144564522e944eabff61?s=96&d=mm&r=g\",\"url\":\"https:\\\/\\\/secure.gravatar.com\\\/avatar\\\/ac5001d2a36cb6c6cd3e50789007ffca834b477b74a2144564522e944eabff61?s=96&d=mm&r=g\",\"contentUrl\":\"https:\\\/\\\/secure.gravatar.com\\\/avatar\\\/ac5001d2a36cb6c6cd3e50789007ffca834b477b74a2144564522e944eabff61?s=96&d=mm&r=g\",\"caption\":\"thomas.berner\"},\"url\":\"https:\\\/\\\/www.organisator.ch\\\/en\\\/author\\\/thomas-berner\\\/\"}]}<\/script>\n<!-- \/ Yoast SEO plugin. -->","yoast_head_json":{"title":"Sustainable Switzerland Forum honors \"Sustainable Shapers\" - Organizer","description":"On September 2, 2025, over 500 decision-makers gathered for the fourth edition of the Sustainable Switzerland Forum.","robots":{"index":"index","follow":"follow","max-snippet":"max-snippet:-1","max-image-preview":"max-image-preview:large","max-video-preview":"max-video-preview:-1"},"canonical":"https:\/\/www.organisator.ch\/en\/sustainability\/2025-09-04\/sustainable-switzerland-forum-zeichnet-sustainable-shapers-aus\/","og_locale":"en_US","og_type":"article","og_title":"Sustainable Switzerland Forum zeichnet \"Sustainable Shapers\" aus","og_description":"Am 2. September 2025 versammelten sich \u00fcber 500 Entscheidungstr\u00e4gerinnen und -tr\u00e4ger zur vierten Ausgabe des Sustainable Switzerland Forum.","og_url":"https:\/\/www.organisator.ch\/en\/sustainability\/2025-09-04\/sustainable-switzerland-forum-zeichnet-sustainable-shapers-aus\/","og_site_name":"Organisator","article_publisher":"https:\/\/www.facebook.com\/OrganisatorFachmagazin","article_published_time":"2025-09-04T05:43:02+00:00","og_image":[{"width":680,"height":453,"url":"https:\/\/www.organisator.ch\/wp-content\/uploads\/2025\/09\/Sustainable-Switzerland-Forum-zeichnet-Sustainable-Shapers-aus_Organisator.jpg","type":"image\/jpeg"}],"author":"thomas.berner","twitter_card":"summary_large_image","twitter_title":"Sustainable #Switzerland Forum zeichnet \"Sustainable Shapers\" aus","twitter_description":"Am 2. September 2025 versammelten sich \u00fcber 500 Entscheidungstr\u00e4gerinnen und -tr\u00e4ger zur vierten Ausgabe des #Sustainable Switzerland Forum.","twitter_image":"https:\/\/www.organisator.ch\/wp-content\/uploads\/2025\/09\/Sustainable-Switzerland-Forum-zeichnet-Sustainable-Shapers-aus_Organisator.jpg","schema":{"@context":"https:\/\/schema.org","@graph":[{"@type":"Article","@id":"https:\/\/www.organisator.ch\/sustainability\/2025-09-04\/sustainable-switzerland-forum-zeichnet-sustainable-shapers-aus\/#article","isPartOf":{"@id":"https:\/\/www.organisator.ch\/sustainability\/2025-09-04\/sustainable-switzerland-forum-zeichnet-sustainable-shapers-aus\/"},"author":{"name":"thomas.berner","@id":"https:\/\/www.organisator.ch\/#\/schema\/person\/6f650f90b2842cd4c0cc334b4e36f67e"},"headline":"Sustainable Switzerland Forum zeichnet &#8222;Sustainable Shapers&#8220; aus","datePublished":"2025-09-04T05:43:02+00:00","mainEntityOfPage":{"@id":"https:\/\/www.organisator.ch\/sustainability\/2025-09-04\/sustainable-switzerland-forum-zeichnet-sustainable-shapers-aus\/"},"wordCount":610,"publisher":{"@id":"https:\/\/www.organisator.ch\/#organization"},"image":{"@id":"https:\/\/www.organisator.ch\/sustainability\/2025-09-04\/sustainable-switzerland-forum-zeichnet-sustainable-shapers-aus\/#primaryimage"},"thumbnailUrl":"https:\/\/www.organisator.ch\/wp-content\/uploads\/2025\/09\/Sustainable-Switzerland-Forum-zeichnet-Sustainable-Shapers-aus_Organisator.jpg","keywords":["Fachkongress\/Fachmesse","Nachhaltige Wirtschaft","Sustainable Switzerland"],"articleSection":["SUSTAINABILITY"],"inLanguage":"en-US"},{"@type":"WebPage","@id":"https:\/\/www.organisator.ch\/sustainability\/2025-09-04\/sustainable-switzerland-forum-zeichnet-sustainable-shapers-aus\/","url":"https:\/\/www.organisator.ch\/sustainability\/2025-09-04\/sustainable-switzerland-forum-zeichnet-sustainable-shapers-aus\/","name":"Sustainable Switzerland Forum honors \"Sustainable Shapers\" - Organizer","isPartOf":{"@id":"https:\/\/www.organisator.ch\/#website"},"primaryImageOfPage":{"@id":"https:\/\/www.organisator.ch\/sustainability\/2025-09-04\/sustainable-switzerland-forum-zeichnet-sustainable-shapers-aus\/#primaryimage"},"image":{"@id":"https:\/\/www.organisator.ch\/sustainability\/2025-09-04\/sustainable-switzerland-forum-zeichnet-sustainable-shapers-aus\/#primaryimage"},"thumbnailUrl":"https:\/\/www.organisator.ch\/wp-content\/uploads\/2025\/09\/Sustainable-Switzerland-Forum-zeichnet-Sustainable-Shapers-aus_Organisator.jpg","datePublished":"2025-09-04T05:43:02+00:00","description":"On September 2, 2025, over 500 decision-makers gathered for the fourth edition of the Sustainable Switzerland Forum.","breadcrumb":{"@id":"https:\/\/www.organisator.ch\/sustainability\/2025-09-04\/sustainable-switzerland-forum-zeichnet-sustainable-shapers-aus\/#breadcrumb"},"inLanguage":"en-US","potentialAction":[{"@type":"ReadAction","target":["https:\/\/www.organisator.ch\/sustainability\/2025-09-04\/sustainable-switzerland-forum-zeichnet-sustainable-shapers-aus\/"]}]},{"@type":"ImageObject","inLanguage":"en-US","@id":"https:\/\/www.organisator.ch\/sustainability\/2025-09-04\/sustainable-switzerland-forum-zeichnet-sustainable-shapers-aus\/#primaryimage","url":"https:\/\/www.organisator.ch\/wp-content\/uploads\/2025\/09\/Sustainable-Switzerland-Forum-zeichnet-Sustainable-Shapers-aus_Organisator.jpg","contentUrl":"https:\/\/www.organisator.ch\/wp-content\/uploads\/2025\/09\/Sustainable-Switzerland-Forum-zeichnet-Sustainable-Shapers-aus_Organisator.jpg","width":680,"height":453,"caption":"15 Pers\u00f6nlichkeiten wurden als \"Sustainable Shapers\" ausgezeichnet. (Bild: Sustainable Switzerland \/ NZZ Connect)"},{"@type":"BreadcrumbList","@id":"https:\/\/www.organisator.ch\/sustainability\/2025-09-04\/sustainable-switzerland-forum-zeichnet-sustainable-shapers-aus\/#breadcrumb","itemListElement":[{"@type":"ListItem","position":1,"name":"Home","item":"https:\/\/www.organisator.ch\/"},{"@type":"ListItem","position":2,"name":"Sustainable Switzerland Forum zeichnet &#8222;Sustainable Shapers&#8220; aus"}]},{"@type":"WebSite","@id":"https:\/\/www.organisator.ch\/#website","url":"https:\/\/www.organisator.ch\/","name":"Organizer","description":"Competent. Practical. In 10 issues per year, ORGANISATOR presents the essential topics for managers of SMEs.","publisher":{"@id":"https:\/\/www.organisator.ch\/#organization"},"potentialAction":[{"@type":"SearchAction","target":{"@type":"EntryPoint","urlTemplate":"https:\/\/www.organisator.ch\/?s={search_term_string}"},"query-input":{"@type":"PropertyValueSpecification","valueRequired":true,"valueName":"search_term_string"}}],"inLanguage":"en-US"},{"@type":"Organization","@id":"https:\/\/www.organisator.ch\/#organization","name":"Organizer","url":"https:\/\/www.organisator.ch\/","logo":{"@type":"ImageObject","inLanguage":"en-US","@id":"https:\/\/www.organisator.ch\/#\/schema\/logo\/image\/","url":"https:\/\/www.organisator.ch\/wp-content\/uploads\/2022\/01\/Logo_Organisator_Website.png","contentUrl":"https:\/\/www.organisator.ch\/wp-content\/uploads\/2022\/01\/Logo_Organisator_Website.png","width":800,"height":77,"caption":"Organisator"},"image":{"@id":"https:\/\/www.organisator.ch\/#\/schema\/logo\/image\/"},"sameAs":["https:\/\/www.facebook.com\/OrganisatorFachmagazin","https:\/\/www.linkedin.com\/showcase\/organisator-das-magazin-fr-kmu","https:\/\/www.xing.com\/news\/pages\/organisator-ch-695","https:\/\/www.youtube.com\/channel\/UCGP2Sq0iWaZwT3BdIAQFYpw"]},{"@type":"Person","@id":"https:\/\/www.organisator.ch\/#\/schema\/person\/6f650f90b2842cd4c0cc334b4e36f67e","name":"thomas.berner","image":{"@type":"ImageObject","inLanguage":"en-US","@id":"https:\/\/secure.gravatar.com\/avatar\/ac5001d2a36cb6c6cd3e50789007ffca834b477b74a2144564522e944eabff61?s=96&d=mm&r=g","url":"https:\/\/secure.gravatar.com\/avatar\/ac5001d2a36cb6c6cd3e50789007ffca834b477b74a2144564522e944eabff61?s=96&d=mm&r=g","contentUrl":"https:\/\/secure.gravatar.com\/avatar\/ac5001d2a36cb6c6cd3e50789007ffca834b477b74a2144564522e944eabff61?s=96&d=mm&r=g","caption":"thomas.berner"},"url":"https:\/\/www.organisator.ch\/en\/author\/thomas-berner\/"}]}},"_links":{"self":[{"href":"https:\/\/www.organisator.ch\/en\/wp-json\/wp\/v2\/posts\/40346","targetHints":{"allow":["GET"]}}],"collection":[{"href":"https:\/\/www.organisator.ch\/en\/wp-json\/wp\/v2\/posts"}],"about":[{"href":"https:\/\/www.organisator.ch\/en\/wp-json\/wp\/v2\/types\/post"}],"author":[{"embeddable":true,"href":"https:\/\/www.organisator.ch\/en\/wp-json\/wp\/v2\/users\/4"}],"replies":[{"embeddable":true,"href":"https:\/\/www.organisator.ch\/en\/wp-json\/wp\/v2\/comments?post=40346"}],"version-history":[{"count":4,"href":"https:\/\/www.organisator.ch\/en\/wp-json\/wp\/v2\/posts\/40346\/revisions"}],"predecessor-version":[{"id":40415,"href":"https:\/\/www.organisator.ch\/en\/wp-json\/wp\/v2\/posts\/40346\/revisions\/40415"}],"wp:featuredmedia":[{"embeddable":true,"href":"https:\/\/www.organisator.ch\/en\/wp-json\/wp\/v2\/media\/40347"}],"wp:attachment":[{"href":"https:\/\/www.organisator.ch\/en\/wp-json\/wp\/v2\/media?parent=40346"}],"wp:term":[{"taxonomy":"category","embeddable":true,"href":"https:\/\/www.organisator.ch\/en\/wp-json\/wp\/v2\/categories?post=40346"},{"taxonomy":"post_tag","embeddable":true,"href":"https:\/\/www.organisator.ch\/en\/wp-json\/wp\/v2\/tags?post=40346"}],"curies":[{"name":"wp","href":"https:\/\/api.w.org\/{rel}","templated":true}]}}