{"id":40356,"date":"2025-09-04T11:55:26","date_gmt":"2025-09-04T09:55:26","guid":{"rendered":"https:\/\/www.organisator.ch\/?p=40356"},"modified":"2025-09-04T11:55:26","modified_gmt":"2025-09-04T09:55:26","slug":"neue-direktorin-und-ein-neuer-campus-fuer-die-ist","status":"publish","type":"post","link":"https:\/\/www.organisator.ch\/en\/weiterbildung\/2025-09-04\/neue-direktorin-und-ein-neuer-campus-fuer-die-ist\/","title":{"rendered":"New director and a new campus for IST"},"content":{"rendered":"<figure id=\"attachment_40359\" aria-describedby=\"caption-attachment-40359\" style=\"width: 680px\" class=\"wp-caption alignnone\"><img loading=\"lazy\" decoding=\"async\" class=\"size-full wp-image-40359\" src=\"https:\/\/www.organisator.ch\/wp-content\/uploads\/2025\/09\/Neue-Direktorin-und-ein-neuer-Campus-fuer-die-IST_Organisator.jpg\" alt=\"\" width=\"680\" height=\"587\" srcset=\"https:\/\/www.organisator.ch\/wp-content\/uploads\/2025\/09\/Neue-Direktorin-und-ein-neuer-Campus-fuer-die-IST_Organisator.jpg 680w, https:\/\/www.organisator.ch\/wp-content\/uploads\/2025\/09\/Neue-Direktorin-und-ein-neuer-Campus-fuer-die-IST_Organisator-14x12.jpg 14w, https:\/\/www.organisator.ch\/wp-content\/uploads\/2025\/09\/Neue-Direktorin-und-ein-neuer-Campus-fuer-die-IST_Organisator-348x300.jpg 348w, https:\/\/www.organisator.ch\/wp-content\/uploads\/2025\/09\/Neue-Direktorin-und-ein-neuer-Campus-fuer-die-IST_Organisator-405x350.jpg 405w\" sizes=\"auto, (max-width: 680px) 100vw, 680px\" \/><figcaption id=\"caption-attachment-40359\" class=\"wp-caption-text\">Catherine Raemy becomes the new director of the IST School of Tourism. (Image: zVg \/ IST)<\/figcaption><\/figure>\n<p>Former IST graduate and long-time lecturer Catherine Raemy will take over as General Director of IST on September 15. The trilingual (DE\/FR\/EN) communications specialist and marketing expert has a wide range of industry experience. Most recently, she worked for Flughafen Z\u00fcrich AG, before that she was Head of Marketing Communications at the Matterhorn Gotthard Bahn\/Gornergrat Bahn in Brig, and also worked for Switzerland Tourism and dnata Switzerland AG. Raemy completed several CAS courses (tourism economics, brand management, customer psychology) and has an EMBA in marketing management.<\/p>\n<h3>A graduate of the IST herself<\/h3>\n<p>\"I am very much looking forward to my new role at IST and being able to help shape the future of the new generation of tourism professionals,\" says Catherine Raemy, who herself graduated from IST in 2010 with a degree in tourism and has since worked part-time as a lecturer and expert for theses at the school. After exactly two years as head of the entire school, Xoana Janner is moving within the Vantage Education Group to the position of Sales Director of BVS St. Gallen and HSO, the largest school in the group.<br \/>\n\"We are very grateful for everything that Xoana Janner has built up and implemented at IST over the past two years and at the same time happy to have found such an experienced professional who is familiar with the industry for this position in Catherine Raemy,\" says Lavdim Durmishi, Managing Director IST Zurich &amp; Lausanne. \"This will allow us to seamlessly build on the innovations and successes of the recent past. More than 40 HF students are starting in Zurich this fall semester, so the post-corona turnaround is more than complete.\"<\/p>\n<h3>New campus - a commitment to Zurich as a location<\/h3>\n<p>The Vantage Group's major investment in the infrastructure and interior design of IST is a real commitment to the Zurich location. The rooms on Josefstrasse have been redesigned with great attention to detail to create a state-of-the-art learning and working environment. In addition to the latest technology already installed for hybrid teaching, additional tools such as smart boards are now available, enabling even more interactive and flexible teaching.<\/p>\n<p><em>Source: <a href=\"http:\/\/www.ist-edu.ch\">www.ist-edu.ch<\/a><\/em><\/p>","protected":false},"excerpt":{"rendered":"<p>Catherine Raemy, an industry expert with many years of experience, is taking over the management of the IST School of Tourism with campuses in Zurich and Lausanne. The previous director, Xoana Janner, is moving to a new position within the Vantage Education Group. In addition, the campus in Zurich has been completely redesigned and the number of students has returned to pre-corona levels.<\/p>","protected":false},"author":4,"featured_media":40359,"comment_status":"closed","ping_status":"closed","sticky":false,"template":"","format":"standard","meta":{"_acf_changed":false,"_yoast_wpseo_focuskw":"Direktorin","_yoast_wpseo_metadesc":"Mit Catherine Raemy \u00fcbernimmt eine langj\u00e4hrige Branchenexpertin die Gesamtschulleitung der IST, H\u00f6here Fachschule f\u00fcr Tourismus.","articlekey":"","footnotes":""},"categories":[30],"tags":[62,250,381,2317],"class_list":["post-40356","post","type-post","status-publish","format-standard","has-post-thumbnail","hentry","category-weiterbildung","tag-aus-weiterbildung","tag-hoehere-fachschulen","tag-personalia","tag-tourismus"],"acf":[],"yoast_head":"<!-- This site is optimized with the Yoast SEO plugin v27.5 - https:\/\/yoast.com\/product\/yoast-seo-wordpress\/ -->\n<title>Neue Direktorin und ein neuer Campus f\u00fcr die IST - Organisator<\/title>\n<meta name=\"description\" content=\"Mit Catherine Raemy \u00fcbernimmt eine langj\u00e4hrige Branchenexpertin die Gesamtschulleitung der IST, H\u00f6here Fachschule f\u00fcr Tourismus.\" \/>\n<meta name=\"robots\" content=\"index, follow, max-snippet:-1, max-image-preview:large, max-video-preview:-1\" \/>\n<link rel=\"canonical\" href=\"https:\/\/www.organisator.ch\/en\/further-education\/2025-09-04\/neue-direktorin-und-ein-neuer-campus-fuer-die-ist\/\" \/>\n<meta property=\"og:locale\" content=\"en_US\" \/>\n<meta property=\"og:type\" content=\"article\" \/>\n<meta property=\"og:title\" content=\"Neue Direktorin und ein neuer Campus f\u00fcr die IST\" \/>\n<meta property=\"og:description\" content=\"Mit Catherine Raemy \u00fcbernimmt eine langj\u00e4hrige Branchenexpertin die Gesamtschulleitung der IST, H\u00f6here Fachschule f\u00fcr Tourismus.\" \/>\n<meta property=\"og:url\" content=\"https:\/\/www.organisator.ch\/en\/further-education\/2025-09-04\/neue-direktorin-und-ein-neuer-campus-fuer-die-ist\/\" \/>\n<meta property=\"og:site_name\" content=\"Organisator\" \/>\n<meta property=\"article:publisher\" content=\"https:\/\/www.facebook.com\/OrganisatorFachmagazin\" \/>\n<meta property=\"article:published_time\" content=\"2025-09-04T09:55:26+00:00\" \/>\n<meta property=\"og:image\" content=\"https:\/\/www.organisator.ch\/wp-content\/uploads\/2025\/09\/Neue-Direktorin-und-ein-neuer-Campus-fuer-die-IST_Organisator.jpg\" \/>\n\t<meta property=\"og:image:width\" content=\"680\" \/>\n\t<meta property=\"og:image:height\" content=\"587\" \/>\n\t<meta property=\"og:image:type\" content=\"image\/jpeg\" \/>\n<meta name=\"author\" content=\"thomas.berner\" \/>\n<meta name=\"twitter:card\" content=\"summary_large_image\" \/>\n<meta name=\"twitter:title\" content=\"Neue #Direktorin und ein neuer Campus f\u00fcr die #IST\" \/>\n<meta name=\"twitter:description\" content=\"Mit Catherine #Raemy \u00fcbernimmt eine langj\u00e4hrige #Branchenexpertin die Gesamtschulleitung der #IST, H\u00f6here Fachschule f\u00fcr #Tourismus.\" \/>\n<meta name=\"twitter:image\" content=\"https:\/\/www.organisator.ch\/wp-content\/uploads\/2025\/09\/Neue-Direktorin-und-ein-neuer-Campus-fuer-die-IST_Organisator.jpg\" \/>\n<script type=\"application\/ld+json\" class=\"yoast-schema-graph\">{\"@context\":\"https:\\\/\\\/schema.org\",\"@graph\":[{\"@type\":\"Article\",\"@id\":\"https:\\\/\\\/www.organisator.ch\\\/weiterbildung\\\/2025-09-04\\\/neue-direktorin-und-ein-neuer-campus-fuer-die-ist\\\/#article\",\"isPartOf\":{\"@id\":\"https:\\\/\\\/www.organisator.ch\\\/weiterbildung\\\/2025-09-04\\\/neue-direktorin-und-ein-neuer-campus-fuer-die-ist\\\/\"},\"author\":{\"name\":\"thomas.berner\",\"@id\":\"https:\\\/\\\/www.organisator.ch\\\/#\\\/schema\\\/person\\\/6f650f90b2842cd4c0cc334b4e36f67e\"},\"headline\":\"Neue Direktorin und ein neuer Campus f\u00fcr die IST\",\"datePublished\":\"2025-09-04T09:55:26+00:00\",\"mainEntityOfPage\":{\"@id\":\"https:\\\/\\\/www.organisator.ch\\\/weiterbildung\\\/2025-09-04\\\/neue-direktorin-und-ein-neuer-campus-fuer-die-ist\\\/\"},\"wordCount\":378,\"publisher\":{\"@id\":\"https:\\\/\\\/www.organisator.ch\\\/#organization\"},\"image\":{\"@id\":\"https:\\\/\\\/www.organisator.ch\\\/weiterbildung\\\/2025-09-04\\\/neue-direktorin-und-ein-neuer-campus-fuer-die-ist\\\/#primaryimage\"},\"thumbnailUrl\":\"https:\\\/\\\/www.organisator.ch\\\/wp-content\\\/uploads\\\/2025\\\/09\\\/Neue-Direktorin-und-ein-neuer-Campus-fuer-die-IST_Organisator.jpg\",\"keywords\":[\"Aus-\\\/Weiterbildung\",\"H\u00f6here Fachschulen\",\"Personalia\",\"Tourismus\"],\"articleSection\":[\"WEITERBILDUNG\"],\"inLanguage\":\"en-US\"},{\"@type\":\"WebPage\",\"@id\":\"https:\\\/\\\/www.organisator.ch\\\/weiterbildung\\\/2025-09-04\\\/neue-direktorin-und-ein-neuer-campus-fuer-die-ist\\\/\",\"url\":\"https:\\\/\\\/www.organisator.ch\\\/weiterbildung\\\/2025-09-04\\\/neue-direktorin-und-ein-neuer-campus-fuer-die-ist\\\/\",\"name\":\"Neue Direktorin und ein neuer Campus f\u00fcr die IST - Organisator\",\"isPartOf\":{\"@id\":\"https:\\\/\\\/www.organisator.ch\\\/#website\"},\"primaryImageOfPage\":{\"@id\":\"https:\\\/\\\/www.organisator.ch\\\/weiterbildung\\\/2025-09-04\\\/neue-direktorin-und-ein-neuer-campus-fuer-die-ist\\\/#primaryimage\"},\"image\":{\"@id\":\"https:\\\/\\\/www.organisator.ch\\\/weiterbildung\\\/2025-09-04\\\/neue-direktorin-und-ein-neuer-campus-fuer-die-ist\\\/#primaryimage\"},\"thumbnailUrl\":\"https:\\\/\\\/www.organisator.ch\\\/wp-content\\\/uploads\\\/2025\\\/09\\\/Neue-Direktorin-und-ein-neuer-Campus-fuer-die-IST_Organisator.jpg\",\"datePublished\":\"2025-09-04T09:55:26+00:00\",\"description\":\"Mit Catherine Raemy \u00fcbernimmt eine langj\u00e4hrige Branchenexpertin die Gesamtschulleitung der IST, H\u00f6here Fachschule f\u00fcr Tourismus.\",\"breadcrumb\":{\"@id\":\"https:\\\/\\\/www.organisator.ch\\\/weiterbildung\\\/2025-09-04\\\/neue-direktorin-und-ein-neuer-campus-fuer-die-ist\\\/#breadcrumb\"},\"inLanguage\":\"en-US\",\"potentialAction\":[{\"@type\":\"ReadAction\",\"target\":[\"https:\\\/\\\/www.organisator.ch\\\/weiterbildung\\\/2025-09-04\\\/neue-direktorin-und-ein-neuer-campus-fuer-die-ist\\\/\"]}]},{\"@type\":\"ImageObject\",\"inLanguage\":\"en-US\",\"@id\":\"https:\\\/\\\/www.organisator.ch\\\/weiterbildung\\\/2025-09-04\\\/neue-direktorin-und-ein-neuer-campus-fuer-die-ist\\\/#primaryimage\",\"url\":\"https:\\\/\\\/www.organisator.ch\\\/wp-content\\\/uploads\\\/2025\\\/09\\\/Neue-Direktorin-und-ein-neuer-Campus-fuer-die-IST_Organisator.jpg\",\"contentUrl\":\"https:\\\/\\\/www.organisator.ch\\\/wp-content\\\/uploads\\\/2025\\\/09\\\/Neue-Direktorin-und-ein-neuer-Campus-fuer-die-IST_Organisator.jpg\",\"width\":680,\"height\":587,\"caption\":\"Catherine Raemy wird neue Direktorin der H\u00f6heren Fachschule f\u00fcr Tourismus IST. (Bild: zVg \\\/ IST)\"},{\"@type\":\"BreadcrumbList\",\"@id\":\"https:\\\/\\\/www.organisator.ch\\\/weiterbildung\\\/2025-09-04\\\/neue-direktorin-und-ein-neuer-campus-fuer-die-ist\\\/#breadcrumb\",\"itemListElement\":[{\"@type\":\"ListItem\",\"position\":1,\"name\":\"Home\",\"item\":\"https:\\\/\\\/www.organisator.ch\\\/\"},{\"@type\":\"ListItem\",\"position\":2,\"name\":\"Neue Direktorin und ein neuer Campus f\u00fcr die IST\"}]},{\"@type\":\"WebSite\",\"@id\":\"https:\\\/\\\/www.organisator.ch\\\/#website\",\"url\":\"https:\\\/\\\/www.organisator.ch\\\/\",\"name\":\"Organisator\",\"description\":\"Kompetent. Praxisnah. Der ORGANISATOR bereitet in 10 Ausgaben pro Jahr die wesentlichen Themen f\u00fcr F\u00fchrungskr\u00e4fte von KMU auf.\",\"publisher\":{\"@id\":\"https:\\\/\\\/www.organisator.ch\\\/#organization\"},\"potentialAction\":[{\"@type\":\"SearchAction\",\"target\":{\"@type\":\"EntryPoint\",\"urlTemplate\":\"https:\\\/\\\/www.organisator.ch\\\/?s={search_term_string}\"},\"query-input\":{\"@type\":\"PropertyValueSpecification\",\"valueRequired\":true,\"valueName\":\"search_term_string\"}}],\"inLanguage\":\"en-US\"},{\"@type\":\"Organization\",\"@id\":\"https:\\\/\\\/www.organisator.ch\\\/#organization\",\"name\":\"Organisator\",\"url\":\"https:\\\/\\\/www.organisator.ch\\\/\",\"logo\":{\"@type\":\"ImageObject\",\"inLanguage\":\"en-US\",\"@id\":\"https:\\\/\\\/www.organisator.ch\\\/#\\\/schema\\\/logo\\\/image\\\/\",\"url\":\"https:\\\/\\\/www.organisator.ch\\\/wp-content\\\/uploads\\\/2022\\\/01\\\/Logo_Organisator_Website.png\",\"contentUrl\":\"https:\\\/\\\/www.organisator.ch\\\/wp-content\\\/uploads\\\/2022\\\/01\\\/Logo_Organisator_Website.png\",\"width\":800,\"height\":77,\"caption\":\"Organisator\"},\"image\":{\"@id\":\"https:\\\/\\\/www.organisator.ch\\\/#\\\/schema\\\/logo\\\/image\\\/\"},\"sameAs\":[\"https:\\\/\\\/www.facebook.com\\\/OrganisatorFachmagazin\",\"https:\\\/\\\/www.linkedin.com\\\/showcase\\\/organisator-das-magazin-fr-kmu\",\"https:\\\/\\\/www.xing.com\\\/news\\\/pages\\\/organisator-ch-695\",\"https:\\\/\\\/www.youtube.com\\\/channel\\\/UCGP2Sq0iWaZwT3BdIAQFYpw\"]},{\"@type\":\"Person\",\"@id\":\"https:\\\/\\\/www.organisator.ch\\\/#\\\/schema\\\/person\\\/6f650f90b2842cd4c0cc334b4e36f67e\",\"name\":\"thomas.berner\",\"image\":{\"@type\":\"ImageObject\",\"inLanguage\":\"en-US\",\"@id\":\"https:\\\/\\\/secure.gravatar.com\\\/avatar\\\/ac5001d2a36cb6c6cd3e50789007ffca834b477b74a2144564522e944eabff61?s=96&d=mm&r=g\",\"url\":\"https:\\\/\\\/secure.gravatar.com\\\/avatar\\\/ac5001d2a36cb6c6cd3e50789007ffca834b477b74a2144564522e944eabff61?s=96&d=mm&r=g\",\"contentUrl\":\"https:\\\/\\\/secure.gravatar.com\\\/avatar\\\/ac5001d2a36cb6c6cd3e50789007ffca834b477b74a2144564522e944eabff61?s=96&d=mm&r=g\",\"caption\":\"thomas.berner\"},\"url\":\"https:\\\/\\\/www.organisator.ch\\\/en\\\/author\\\/thomas-berner\\\/\"}]}<\/script>\n<!-- \/ Yoast SEO plugin. -->","yoast_head_json":{"title":"New director and a new campus for the IST - Organizer","description":"Catherine Raemy, an industry expert with many years of experience, is taking over the management of the IST School of Tourism.","robots":{"index":"index","follow":"follow","max-snippet":"max-snippet:-1","max-image-preview":"max-image-preview:large","max-video-preview":"max-video-preview:-1"},"canonical":"https:\/\/www.organisator.ch\/en\/further-education\/2025-09-04\/neue-direktorin-und-ein-neuer-campus-fuer-die-ist\/","og_locale":"en_US","og_type":"article","og_title":"Neue Direktorin und ein neuer Campus f\u00fcr die IST","og_description":"Mit Catherine Raemy \u00fcbernimmt eine langj\u00e4hrige Branchenexpertin die Gesamtschulleitung der IST, H\u00f6here Fachschule f\u00fcr Tourismus.","og_url":"https:\/\/www.organisator.ch\/en\/further-education\/2025-09-04\/neue-direktorin-und-ein-neuer-campus-fuer-die-ist\/","og_site_name":"Organisator","article_publisher":"https:\/\/www.facebook.com\/OrganisatorFachmagazin","article_published_time":"2025-09-04T09:55:26+00:00","og_image":[{"width":680,"height":587,"url":"https:\/\/www.organisator.ch\/wp-content\/uploads\/2025\/09\/Neue-Direktorin-und-ein-neuer-Campus-fuer-die-IST_Organisator.jpg","type":"image\/jpeg"}],"author":"thomas.berner","twitter_card":"summary_large_image","twitter_title":"Neue #Direktorin und ein neuer Campus f\u00fcr die #IST","twitter_description":"Mit Catherine #Raemy \u00fcbernimmt eine langj\u00e4hrige #Branchenexpertin die Gesamtschulleitung der #IST, H\u00f6here Fachschule f\u00fcr #Tourismus.","twitter_image":"https:\/\/www.organisator.ch\/wp-content\/uploads\/2025\/09\/Neue-Direktorin-und-ein-neuer-Campus-fuer-die-IST_Organisator.jpg","schema":{"@context":"https:\/\/schema.org","@graph":[{"@type":"Article","@id":"https:\/\/www.organisator.ch\/weiterbildung\/2025-09-04\/neue-direktorin-und-ein-neuer-campus-fuer-die-ist\/#article","isPartOf":{"@id":"https:\/\/www.organisator.ch\/weiterbildung\/2025-09-04\/neue-direktorin-und-ein-neuer-campus-fuer-die-ist\/"},"author":{"name":"thomas.berner","@id":"https:\/\/www.organisator.ch\/#\/schema\/person\/6f650f90b2842cd4c0cc334b4e36f67e"},"headline":"Neue Direktorin und ein neuer Campus f\u00fcr die IST","datePublished":"2025-09-04T09:55:26+00:00","mainEntityOfPage":{"@id":"https:\/\/www.organisator.ch\/weiterbildung\/2025-09-04\/neue-direktorin-und-ein-neuer-campus-fuer-die-ist\/"},"wordCount":378,"publisher":{"@id":"https:\/\/www.organisator.ch\/#organization"},"image":{"@id":"https:\/\/www.organisator.ch\/weiterbildung\/2025-09-04\/neue-direktorin-und-ein-neuer-campus-fuer-die-ist\/#primaryimage"},"thumbnailUrl":"https:\/\/www.organisator.ch\/wp-content\/uploads\/2025\/09\/Neue-Direktorin-und-ein-neuer-Campus-fuer-die-IST_Organisator.jpg","keywords":["Aus-\/Weiterbildung","H\u00f6here Fachschulen","Personalia","Tourismus"],"articleSection":["WEITERBILDUNG"],"inLanguage":"en-US"},{"@type":"WebPage","@id":"https:\/\/www.organisator.ch\/weiterbildung\/2025-09-04\/neue-direktorin-und-ein-neuer-campus-fuer-die-ist\/","url":"https:\/\/www.organisator.ch\/weiterbildung\/2025-09-04\/neue-direktorin-und-ein-neuer-campus-fuer-die-ist\/","name":"New director and a new campus for the IST - Organizer","isPartOf":{"@id":"https:\/\/www.organisator.ch\/#website"},"primaryImageOfPage":{"@id":"https:\/\/www.organisator.ch\/weiterbildung\/2025-09-04\/neue-direktorin-und-ein-neuer-campus-fuer-die-ist\/#primaryimage"},"image":{"@id":"https:\/\/www.organisator.ch\/weiterbildung\/2025-09-04\/neue-direktorin-und-ein-neuer-campus-fuer-die-ist\/#primaryimage"},"thumbnailUrl":"https:\/\/www.organisator.ch\/wp-content\/uploads\/2025\/09\/Neue-Direktorin-und-ein-neuer-Campus-fuer-die-IST_Organisator.jpg","datePublished":"2025-09-04T09:55:26+00:00","description":"Catherine Raemy, an industry expert with many years of experience, is taking over the management of the IST School of Tourism.","breadcrumb":{"@id":"https:\/\/www.organisator.ch\/weiterbildung\/2025-09-04\/neue-direktorin-und-ein-neuer-campus-fuer-die-ist\/#breadcrumb"},"inLanguage":"en-US","potentialAction":[{"@type":"ReadAction","target":["https:\/\/www.organisator.ch\/weiterbildung\/2025-09-04\/neue-direktorin-und-ein-neuer-campus-fuer-die-ist\/"]}]},{"@type":"ImageObject","inLanguage":"en-US","@id":"https:\/\/www.organisator.ch\/weiterbildung\/2025-09-04\/neue-direktorin-und-ein-neuer-campus-fuer-die-ist\/#primaryimage","url":"https:\/\/www.organisator.ch\/wp-content\/uploads\/2025\/09\/Neue-Direktorin-und-ein-neuer-Campus-fuer-die-IST_Organisator.jpg","contentUrl":"https:\/\/www.organisator.ch\/wp-content\/uploads\/2025\/09\/Neue-Direktorin-und-ein-neuer-Campus-fuer-die-IST_Organisator.jpg","width":680,"height":587,"caption":"Catherine Raemy wird neue Direktorin der H\u00f6heren Fachschule f\u00fcr Tourismus IST. (Bild: zVg \/ IST)"},{"@type":"BreadcrumbList","@id":"https:\/\/www.organisator.ch\/weiterbildung\/2025-09-04\/neue-direktorin-und-ein-neuer-campus-fuer-die-ist\/#breadcrumb","itemListElement":[{"@type":"ListItem","position":1,"name":"Home","item":"https:\/\/www.organisator.ch\/"},{"@type":"ListItem","position":2,"name":"Neue Direktorin und ein neuer Campus f\u00fcr die IST"}]},{"@type":"WebSite","@id":"https:\/\/www.organisator.ch\/#website","url":"https:\/\/www.organisator.ch\/","name":"Organizer","description":"Competent. Practical. In 10 issues per year, ORGANISATOR presents the essential topics for managers of SMEs.","publisher":{"@id":"https:\/\/www.organisator.ch\/#organization"},"potentialAction":[{"@type":"SearchAction","target":{"@type":"EntryPoint","urlTemplate":"https:\/\/www.organisator.ch\/?s={search_term_string}"},"query-input":{"@type":"PropertyValueSpecification","valueRequired":true,"valueName":"search_term_string"}}],"inLanguage":"en-US"},{"@type":"Organization","@id":"https:\/\/www.organisator.ch\/#organization","name":"Organizer","url":"https:\/\/www.organisator.ch\/","logo":{"@type":"ImageObject","inLanguage":"en-US","@id":"https:\/\/www.organisator.ch\/#\/schema\/logo\/image\/","url":"https:\/\/www.organisator.ch\/wp-content\/uploads\/2022\/01\/Logo_Organisator_Website.png","contentUrl":"https:\/\/www.organisator.ch\/wp-content\/uploads\/2022\/01\/Logo_Organisator_Website.png","width":800,"height":77,"caption":"Organisator"},"image":{"@id":"https:\/\/www.organisator.ch\/#\/schema\/logo\/image\/"},"sameAs":["https:\/\/www.facebook.com\/OrganisatorFachmagazin","https:\/\/www.linkedin.com\/showcase\/organisator-das-magazin-fr-kmu","https:\/\/www.xing.com\/news\/pages\/organisator-ch-695","https:\/\/www.youtube.com\/channel\/UCGP2Sq0iWaZwT3BdIAQFYpw"]},{"@type":"Person","@id":"https:\/\/www.organisator.ch\/#\/schema\/person\/6f650f90b2842cd4c0cc334b4e36f67e","name":"thomas.berner","image":{"@type":"ImageObject","inLanguage":"en-US","@id":"https:\/\/secure.gravatar.com\/avatar\/ac5001d2a36cb6c6cd3e50789007ffca834b477b74a2144564522e944eabff61?s=96&d=mm&r=g","url":"https:\/\/secure.gravatar.com\/avatar\/ac5001d2a36cb6c6cd3e50789007ffca834b477b74a2144564522e944eabff61?s=96&d=mm&r=g","contentUrl":"https:\/\/secure.gravatar.com\/avatar\/ac5001d2a36cb6c6cd3e50789007ffca834b477b74a2144564522e944eabff61?s=96&d=mm&r=g","caption":"thomas.berner"},"url":"https:\/\/www.organisator.ch\/en\/author\/thomas-berner\/"}]}},"_links":{"self":[{"href":"https:\/\/www.organisator.ch\/en\/wp-json\/wp\/v2\/posts\/40356","targetHints":{"allow":["GET"]}}],"collection":[{"href":"https:\/\/www.organisator.ch\/en\/wp-json\/wp\/v2\/posts"}],"about":[{"href":"https:\/\/www.organisator.ch\/en\/wp-json\/wp\/v2\/types\/post"}],"author":[{"embeddable":true,"href":"https:\/\/www.organisator.ch\/en\/wp-json\/wp\/v2\/users\/4"}],"replies":[{"embeddable":true,"href":"https:\/\/www.organisator.ch\/en\/wp-json\/wp\/v2\/comments?post=40356"}],"version-history":[{"count":3,"href":"https:\/\/www.organisator.ch\/en\/wp-json\/wp\/v2\/posts\/40356\/revisions"}],"predecessor-version":[{"id":40414,"href":"https:\/\/www.organisator.ch\/en\/wp-json\/wp\/v2\/posts\/40356\/revisions\/40414"}],"wp:featuredmedia":[{"embeddable":true,"href":"https:\/\/www.organisator.ch\/en\/wp-json\/wp\/v2\/media\/40359"}],"wp:attachment":[{"href":"https:\/\/www.organisator.ch\/en\/wp-json\/wp\/v2\/media?parent=40356"}],"wp:term":[{"taxonomy":"category","embeddable":true,"href":"https:\/\/www.organisator.ch\/en\/wp-json\/wp\/v2\/categories?post=40356"},{"taxonomy":"post_tag","embeddable":true,"href":"https:\/\/www.organisator.ch\/en\/wp-json\/wp\/v2\/tags?post=40356"}],"curies":[{"name":"wp","href":"https:\/\/api.w.org\/{rel}","templated":true}]}}