{"id":4040,"date":"2018-08-16T08:00:48","date_gmt":"2018-08-16T06:00:48","guid":{"rendered":"https:\/\/www.organisator.ch\/?p=4040"},"modified":"2018-08-16T08:00:48","modified_gmt":"2018-08-16T06:00:48","slug":"brauchen-wir-sport","status":"publish","type":"post","link":"https:\/\/www.organisator.ch\/en\/human-resources\/fit_im_job\/2018-08-16\/brauchen-wir-sport\/","title":{"rendered":"Do we need sports?"},"content":{"rendered":"<figure id=\"attachment_4041\" aria-describedby=\"caption-attachment-4041\" style=\"width: 680px\" class=\"wp-caption alignnone\"><img loading=\"lazy\" decoding=\"async\" class=\"size-medium wp-image-4041\" src=\"https:\/\/www.organisator.ch\/wp-content\/uploads\/2018\/08\/2018_07_Inti_Staeuble_Bild-neu_1666999.jpg\" alt=\"&lt;li class=&quot;article_legend&quot;&gt;Patrick St\u00e4uble, former cyclist, leads the &quot;fit im job AG&quot; and supports customers in the implementation of BGM.&lt;\/li&gt;\" width=\"680\" height=\"453\" srcset=\"https:\/\/www.organisator.ch\/wp-content\/uploads\/2018\/08\/2018_07_Inti_Staeuble_Bild-neu_1666999.jpg 1677w, https:\/\/www.organisator.ch\/wp-content\/uploads\/2018\/08\/2018_07_Inti_Staeuble_Bild-neu_1666999-680x453.jpg 680w, https:\/\/www.organisator.ch\/wp-content\/uploads\/2018\/08\/2018_07_Inti_Staeuble_Bild-neu_1666999-1024x681.jpg 1024w, https:\/\/www.organisator.ch\/wp-content\/uploads\/2018\/08\/2018_07_Inti_Staeuble_Bild-neu_1666999-768x511.jpg 768w, https:\/\/www.organisator.ch\/wp-content\/uploads\/2018\/08\/2018_07_Inti_Staeuble_Bild-neu_1666999-1536x1022.jpg 1536w, https:\/\/www.organisator.ch\/wp-content\/uploads\/2018\/08\/2018_07_Inti_Staeuble_Bild-neu_1666999-16x12.jpg 16w, https:\/\/www.organisator.ch\/wp-content\/uploads\/2018\/08\/2018_07_Inti_Staeuble_Bild-neu_1666999-263x175.jpg 263w, https:\/\/www.organisator.ch\/wp-content\/uploads\/2018\/08\/2018_07_Inti_Staeuble_Bild-neu_1666999-526x350.jpg 526w, https:\/\/www.organisator.ch\/wp-content\/uploads\/2018\/08\/2018_07_Inti_Staeuble_Bild-neu_1666999-1202x800.jpg 1202w, https:\/\/www.organisator.ch\/wp-content\/uploads\/2018\/08\/2018_07_Inti_Staeuble_Bild-neu_1666999-920x612.jpg 920w, https:\/\/www.organisator.ch\/wp-content\/uploads\/2018\/08\/2018_07_Inti_Staeuble_Bild-neu_1666999-1400x932.jpg 1400w, https:\/\/www.organisator.ch\/wp-content\/uploads\/2018\/08\/2018_07_Inti_Staeuble_Bild-neu_1666999-300x200.jpg 300w\" sizes=\"auto, (max-width: 680px) 100vw, 680px\" \/><figcaption id=\"caption-attachment-4041\" class=\"wp-caption-text\">Patrick St\u00e4uble, former cyclist, runs \"fit im job AG\" and supports customers in the implementation of BGM. (Image: zVg)<\/figcaption><\/figure>\n<h4>Mr. St\u00e4uble, I'm reaching you during your summer vacation. What does your \"anti-stress program\" look like?<\/h4>\n<p><strong>Patrick St\u00e4uble: <\/strong>I'm currently spending time comfortably in the mountains, hiking or biking. Hanging around at an airport or driving for several hours to the vacation destination would be too much stress for me.<\/p>\n<h4>You were a top athlete yourself. How much sport do you currently do?<\/h4>\n<p>Today, I make a strong distinction between exercise and sports per se. On an intensity scale of 1 to 10, \"exercise\" is about 3 to 5, and sports from about 7 upwards. Currently, I move regularly at an intensity of up to level five. What's above that level is already in the direction of ambitious hobby sports. That's where you have to differentiate.<\/p>\n<h4>Speaking of performance: Many executives often work at the limit in terms of their performance in their function and, in addition, often go to their performance limits as hobby athletes. To what extent does sport still make sense as a leisure activity or \"anti-stress program\"?<\/h4>\n<p>Managers have changed in this respect in recent decades. Whereas 30 years ago, for example, a bank director was still more likely to follow Churchill's motto of \"no sports,\" today's executives go \"full throttle\" everywhere, including in sports. In addition to top professional performance, wanting to complete four marathons and the Ironman is, in my view, too much of a good thing. This also led me to the provocative lecture topic \"Do we need sport? No way!\". The underlying theme, however, is to find the right balance between tension and relaxation.<\/p>\n<h4>When can sport help to cope with stress, and when not?<\/h4>\n<p>It depends on the frequency and intensity. Exercising four times a week for one and a half hours each at an intensity of over 7 is hardly relieving. I have good experience with physical activity of about three times an hour per week at an intensity of 3 to 5. A good benchmark is also to cycle to work about three times a week. In concrete terms, it is a matter of activating the autonomic nervous system: with any form of high performance, one controls the so-called sympathetic nervous system, while the parasympathetic nervous system serves to recover and build up the body's own reserves. And this only succeeds in a relaxation mode.<\/p>\n<h4>How can you tell that the balance between tension and relaxation is no longer right?<\/h4>\n<p>There are various known early warning indicators. Physically noticeable are, for example, headaches, disturbances in the digestive tract or sleep disturbances. These are classic symptoms of overload - if a person were a car, the first warning lights would be flashing now ... The rule of 3 is helpful: If the symptoms appear three days a week over a month, then you should get to the bottom of the causes.<\/p>\n<h4>However, this requires a high level of self-awareness?<\/h4>\n<p>Yes. In fact, the difficulty is that these early warning indicators are often ignored. Many burnout sufferers report exactly this.<\/p>\n<h4>To make sure it doesn't come to that: What's your most important tip for effectively balancing your job and exercise?<\/h4>\n<p>Moderate exercise two to three times a week is ideal. This can be combined well with about 30 to 40 minutes of muscle training, e.g. Pilates. I personally have had very good experiences with this. In short, we don't need the fitness level of a marathon runner to stay healthy as a manager.<\/p>\n<p><strong><em>Swiss Management Run 2018<\/em><\/strong><\/p>\n<p><em>The Swiss Management Run is an exclusive platform for exercising and exchanging ideas with other managers. The program includes the symposium \"Fit for Management\" with presentations on the topic of \"Health of Managers\" (from noon), a run with the distances 1.2 km, 5 km and 10 km (early evening), followed by the After Run Party for networking and exchange in a relaxed atmosphere.<\/em><\/p>\n<p><a href=\"http:\/\/www.management-run.ch\"><em>www.management-run.ch<\/em><\/a><\/p>","protected":false},"excerpt":{"rendered":"<p>Herr St\u00e4uble, ich erreiche Sie gerade in Ihren Sommerferien. Wie sieht da Ihr \u00abAnti-Stress-Programm\u00bb aus? Patrick St\u00e4uble: Ich weile derzeit gem\u00fctlich in den Bergen und verbringe die Zeit mit Wandern oder Biken. Rumh\u00e4ngen an einem Flughafen oder mehrst\u00fcndige Autofahrten an den Ferienort w\u00e4ren f\u00fcr mich zu viel Stress. Sie waren ja selbst Spitzensportler. Wie viel [&hellip;]<\/p>\n","protected":false},"author":7,"featured_media":11426,"comment_status":"open","ping_status":"open","sticky":false,"template":"","format":"standard","meta":{"_acf_changed":false,"_yoast_wpseo_focuskw":"Sport","_yoast_wpseo_metadesc":"Am 14. September findet in Arosa der Swiss Management Run statt. Sportliche Ambitionen von F\u00fchrungskr\u00e4ften sind da durchaus gefragt, aber nicht nur.","articlekey":"","footnotes":""},"categories":[25],"tags":[77,208],"class_list":["post-4040","post","type-post","status-publish","format-standard","has-post-thumbnail","hentry","category-fit_im_job","tag-betriebliches-gesundheitsmanagement","tag-fit-im-job"],"acf":[],"yoast_head":"<!-- This site is optimized with the Yoast SEO plugin v27.5 - https:\/\/yoast.com\/product\/yoast-seo-wordpress\/ -->\n<title>Brauchen wir Sport? - Organisator<\/title>\n<meta name=\"description\" content=\"Am 14. September findet in Arosa der Swiss Management Run statt. Sportliche Ambitionen von F\u00fchrungskr\u00e4ften sind da durchaus gefragt, aber nicht nur.\" \/>\n<meta name=\"robots\" content=\"index, follow, max-snippet:-1, max-image-preview:large, max-video-preview:-1\" \/>\n<link rel=\"canonical\" href=\"https:\/\/www.organisator.ch\/en\/human-resources\/fit_im_job\/2018-08-16\/brauchen-wir-sport\/\" \/>\n<meta property=\"og:locale\" content=\"en_US\" \/>\n<meta property=\"og:type\" content=\"article\" \/>\n<meta property=\"og:title\" content=\"Brauchen wir Sport?\" \/>\n<meta property=\"og:description\" content=\"Am 14. September findet in Arosa der Swiss Management Run statt. Sportliche Ambitionen von F\u00fchrungskr\u00e4ften sind da durchaus gefragt, aber nicht nur.\" \/>\n<meta property=\"og:url\" content=\"https:\/\/www.organisator.ch\/en\/human-resources\/fit_im_job\/2018-08-16\/brauchen-wir-sport\/\" \/>\n<meta property=\"og:site_name\" content=\"Organisator\" \/>\n<meta property=\"article:publisher\" content=\"https:\/\/www.facebook.com\/OrganisatorFachmagazin\" \/>\n<meta property=\"article:published_time\" content=\"2018-08-16T06:00:48+00:00\" \/>\n<meta property=\"og:image\" content=\"https:\/\/www.organisator.ch\/wp-content\/uploads\/2018\/08\/2018_07_Inti_Staeuble_Bild-neu_1666999.jpg\" \/>\n\t<meta property=\"og:image:width\" content=\"1677\" \/>\n\t<meta property=\"og:image:height\" content=\"1116\" \/>\n\t<meta property=\"og:image:type\" content=\"image\/jpeg\" \/>\n<meta name=\"author\" content=\"K4-Import\" \/>\n<meta name=\"twitter:card\" content=\"summary_large_image\" \/>\n<meta name=\"twitter:title\" content=\"Brauchen wir Sport?\" \/>\n<meta name=\"twitter:description\" content=\"Am 14. September findet in Arosa der Swiss Management Run statt. Sportliche Ambitionen von F\u00fchrungskr\u00e4ften sind da durchaus gefragt, aber nicht nur.\" \/>\n<meta name=\"twitter:image\" content=\"https:\/\/www.organisator.ch\/wp-content\/uploads\/2018\/08\/2018_07_Inti_Staeuble_Bild-neu_1666999.jpg\" \/>\n<script type=\"application\/ld+json\" class=\"yoast-schema-graph\">{\"@context\":\"https:\\\/\\\/schema.org\",\"@graph\":[{\"@type\":\"Article\",\"@id\":\"https:\\\/\\\/www.organisator.ch\\\/human-resources\\\/fit_im_job\\\/2018-08-16\\\/brauchen-wir-sport\\\/#article\",\"isPartOf\":{\"@id\":\"https:\\\/\\\/www.organisator.ch\\\/human-resources\\\/fit_im_job\\\/2018-08-16\\\/brauchen-wir-sport\\\/\"},\"author\":{\"name\":\"K4-Import\",\"@id\":\"https:\\\/\\\/www.organisator.ch\\\/#\\\/schema\\\/person\\\/dd8ffea01043c9c41d7718296a158fac\"},\"headline\":\"Brauchen wir Sport?\",\"datePublished\":\"2018-08-16T06:00:48+00:00\",\"mainEntityOfPage\":{\"@id\":\"https:\\\/\\\/www.organisator.ch\\\/human-resources\\\/fit_im_job\\\/2018-08-16\\\/brauchen-wir-sport\\\/\"},\"wordCount\":660,\"commentCount\":0,\"publisher\":{\"@id\":\"https:\\\/\\\/www.organisator.ch\\\/#organization\"},\"image\":{\"@id\":\"https:\\\/\\\/www.organisator.ch\\\/human-resources\\\/fit_im_job\\\/2018-08-16\\\/brauchen-wir-sport\\\/#primaryimage\"},\"thumbnailUrl\":\"https:\\\/\\\/www.organisator.ch\\\/wp-content\\\/uploads\\\/2018\\\/08\\\/2018_07_Inti_Staeuble_Bild-neu_1666999-1.jpg\",\"keywords\":[\"Betriebliches Gesundheitsmanagement\",\"Fit im Job\"],\"articleSection\":[\"FIT IM JOB\"],\"inLanguage\":\"en-US\"},{\"@type\":\"WebPage\",\"@id\":\"https:\\\/\\\/www.organisator.ch\\\/human-resources\\\/fit_im_job\\\/2018-08-16\\\/brauchen-wir-sport\\\/\",\"url\":\"https:\\\/\\\/www.organisator.ch\\\/human-resources\\\/fit_im_job\\\/2018-08-16\\\/brauchen-wir-sport\\\/\",\"name\":\"Brauchen wir Sport? - Organisator\",\"isPartOf\":{\"@id\":\"https:\\\/\\\/www.organisator.ch\\\/#website\"},\"primaryImageOfPage\":{\"@id\":\"https:\\\/\\\/www.organisator.ch\\\/human-resources\\\/fit_im_job\\\/2018-08-16\\\/brauchen-wir-sport\\\/#primaryimage\"},\"image\":{\"@id\":\"https:\\\/\\\/www.organisator.ch\\\/human-resources\\\/fit_im_job\\\/2018-08-16\\\/brauchen-wir-sport\\\/#primaryimage\"},\"thumbnailUrl\":\"https:\\\/\\\/www.organisator.ch\\\/wp-content\\\/uploads\\\/2018\\\/08\\\/2018_07_Inti_Staeuble_Bild-neu_1666999-1.jpg\",\"datePublished\":\"2018-08-16T06:00:48+00:00\",\"description\":\"Am 14. September findet in Arosa der Swiss Management Run statt. Sportliche Ambitionen von F\u00fchrungskr\u00e4ften sind da durchaus gefragt, aber nicht nur.\",\"breadcrumb\":{\"@id\":\"https:\\\/\\\/www.organisator.ch\\\/human-resources\\\/fit_im_job\\\/2018-08-16\\\/brauchen-wir-sport\\\/#breadcrumb\"},\"inLanguage\":\"en-US\",\"potentialAction\":[{\"@type\":\"ReadAction\",\"target\":[\"https:\\\/\\\/www.organisator.ch\\\/human-resources\\\/fit_im_job\\\/2018-08-16\\\/brauchen-wir-sport\\\/\"]}]},{\"@type\":\"ImageObject\",\"inLanguage\":\"en-US\",\"@id\":\"https:\\\/\\\/www.organisator.ch\\\/human-resources\\\/fit_im_job\\\/2018-08-16\\\/brauchen-wir-sport\\\/#primaryimage\",\"url\":\"https:\\\/\\\/www.organisator.ch\\\/wp-content\\\/uploads\\\/2018\\\/08\\\/2018_07_Inti_Staeuble_Bild-neu_1666999-1.jpg\",\"contentUrl\":\"https:\\\/\\\/www.organisator.ch\\\/wp-content\\\/uploads\\\/2018\\\/08\\\/2018_07_Inti_Staeuble_Bild-neu_1666999-1.jpg\",\"width\":1677,\"height\":1116,\"caption\":\"Patrick St\u00e4uble, ehemaliger Radrennfahrer, f\u00fchrt die \u00abfit im job AG\u00bb und unterst\u00fctzt Kunden bei der Umsetzung von BGM.\"},{\"@type\":\"BreadcrumbList\",\"@id\":\"https:\\\/\\\/www.organisator.ch\\\/human-resources\\\/fit_im_job\\\/2018-08-16\\\/brauchen-wir-sport\\\/#breadcrumb\",\"itemListElement\":[{\"@type\":\"ListItem\",\"position\":1,\"name\":\"Home\",\"item\":\"https:\\\/\\\/www.organisator.ch\\\/\"},{\"@type\":\"ListItem\",\"position\":2,\"name\":\"Brauchen wir Sport?\"}]},{\"@type\":\"WebSite\",\"@id\":\"https:\\\/\\\/www.organisator.ch\\\/#website\",\"url\":\"https:\\\/\\\/www.organisator.ch\\\/\",\"name\":\"Organisator\",\"description\":\"Kompetent. Praxisnah. Der ORGANISATOR bereitet in 10 Ausgaben pro Jahr die wesentlichen Themen f\u00fcr F\u00fchrungskr\u00e4fte von KMU auf.\",\"publisher\":{\"@id\":\"https:\\\/\\\/www.organisator.ch\\\/#organization\"},\"potentialAction\":[{\"@type\":\"SearchAction\",\"target\":{\"@type\":\"EntryPoint\",\"urlTemplate\":\"https:\\\/\\\/www.organisator.ch\\\/?s={search_term_string}\"},\"query-input\":{\"@type\":\"PropertyValueSpecification\",\"valueRequired\":true,\"valueName\":\"search_term_string\"}}],\"inLanguage\":\"en-US\"},{\"@type\":\"Organization\",\"@id\":\"https:\\\/\\\/www.organisator.ch\\\/#organization\",\"name\":\"Organisator\",\"url\":\"https:\\\/\\\/www.organisator.ch\\\/\",\"logo\":{\"@type\":\"ImageObject\",\"inLanguage\":\"en-US\",\"@id\":\"https:\\\/\\\/www.organisator.ch\\\/#\\\/schema\\\/logo\\\/image\\\/\",\"url\":\"https:\\\/\\\/www.organisator.ch\\\/wp-content\\\/uploads\\\/2022\\\/01\\\/Logo_Organisator_Website.png\",\"contentUrl\":\"https:\\\/\\\/www.organisator.ch\\\/wp-content\\\/uploads\\\/2022\\\/01\\\/Logo_Organisator_Website.png\",\"width\":800,\"height\":77,\"caption\":\"Organisator\"},\"image\":{\"@id\":\"https:\\\/\\\/www.organisator.ch\\\/#\\\/schema\\\/logo\\\/image\\\/\"},\"sameAs\":[\"https:\\\/\\\/www.facebook.com\\\/OrganisatorFachmagazin\",\"https:\\\/\\\/www.linkedin.com\\\/showcase\\\/organisator-das-magazin-fr-kmu\",\"https:\\\/\\\/www.xing.com\\\/news\\\/pages\\\/organisator-ch-695\",\"https:\\\/\\\/www.youtube.com\\\/channel\\\/UCGP2Sq0iWaZwT3BdIAQFYpw\"]},{\"@type\":\"Person\",\"@id\":\"https:\\\/\\\/www.organisator.ch\\\/#\\\/schema\\\/person\\\/dd8ffea01043c9c41d7718296a158fac\",\"name\":\"K4-Import\",\"image\":{\"@type\":\"ImageObject\",\"inLanguage\":\"en-US\",\"@id\":\"https:\\\/\\\/secure.gravatar.com\\\/avatar\\\/73620ab7215a54b074cc226514e02ed65cb79211bbaee1eb49b63b57e58aaad6?s=96&d=mm&r=g\",\"url\":\"https:\\\/\\\/secure.gravatar.com\\\/avatar\\\/73620ab7215a54b074cc226514e02ed65cb79211bbaee1eb49b63b57e58aaad6?s=96&d=mm&r=g\",\"contentUrl\":\"https:\\\/\\\/secure.gravatar.com\\\/avatar\\\/73620ab7215a54b074cc226514e02ed65cb79211bbaee1eb49b63b57e58aaad6?s=96&d=mm&r=g\",\"caption\":\"K4-Import\"},\"url\":\"https:\\\/\\\/www.organisator.ch\\\/en\\\/author\\\/k4-import\\\/\"}]}<\/script>\n<!-- \/ Yoast SEO plugin. -->","yoast_head_json":{"title":"Do we need sports? - Organizer","description":"On September 14, the Swiss Management Run will take place in Arosa. Sporting ambitions of managers are definitely in demand there, but not only.","robots":{"index":"index","follow":"follow","max-snippet":"max-snippet:-1","max-image-preview":"max-image-preview:large","max-video-preview":"max-video-preview:-1"},"canonical":"https:\/\/www.organisator.ch\/en\/human-resources\/fit_im_job\/2018-08-16\/brauchen-wir-sport\/","og_locale":"en_US","og_type":"article","og_title":"Brauchen wir Sport?","og_description":"Am 14. September findet in Arosa der Swiss Management Run statt. Sportliche Ambitionen von F\u00fchrungskr\u00e4ften sind da durchaus gefragt, aber nicht nur.","og_url":"https:\/\/www.organisator.ch\/en\/human-resources\/fit_im_job\/2018-08-16\/brauchen-wir-sport\/","og_site_name":"Organisator","article_publisher":"https:\/\/www.facebook.com\/OrganisatorFachmagazin","article_published_time":"2018-08-16T06:00:48+00:00","og_image":[{"width":1677,"height":1116,"url":"https:\/\/www.organisator.ch\/wp-content\/uploads\/2018\/08\/2018_07_Inti_Staeuble_Bild-neu_1666999.jpg","type":"image\/jpeg"}],"author":"K4-Import","twitter_card":"summary_large_image","twitter_title":"Brauchen wir Sport?","twitter_description":"Am 14. September findet in Arosa der Swiss Management Run statt. Sportliche Ambitionen von F\u00fchrungskr\u00e4ften sind da durchaus gefragt, aber nicht nur.","twitter_image":"https:\/\/www.organisator.ch\/wp-content\/uploads\/2018\/08\/2018_07_Inti_Staeuble_Bild-neu_1666999.jpg","schema":{"@context":"https:\/\/schema.org","@graph":[{"@type":"Article","@id":"https:\/\/www.organisator.ch\/human-resources\/fit_im_job\/2018-08-16\/brauchen-wir-sport\/#article","isPartOf":{"@id":"https:\/\/www.organisator.ch\/human-resources\/fit_im_job\/2018-08-16\/brauchen-wir-sport\/"},"author":{"name":"K4-Import","@id":"https:\/\/www.organisator.ch\/#\/schema\/person\/dd8ffea01043c9c41d7718296a158fac"},"headline":"Brauchen wir Sport?","datePublished":"2018-08-16T06:00:48+00:00","mainEntityOfPage":{"@id":"https:\/\/www.organisator.ch\/human-resources\/fit_im_job\/2018-08-16\/brauchen-wir-sport\/"},"wordCount":660,"commentCount":0,"publisher":{"@id":"https:\/\/www.organisator.ch\/#organization"},"image":{"@id":"https:\/\/www.organisator.ch\/human-resources\/fit_im_job\/2018-08-16\/brauchen-wir-sport\/#primaryimage"},"thumbnailUrl":"https:\/\/www.organisator.ch\/wp-content\/uploads\/2018\/08\/2018_07_Inti_Staeuble_Bild-neu_1666999-1.jpg","keywords":["Betriebliches Gesundheitsmanagement","Fit im Job"],"articleSection":["FIT IM JOB"],"inLanguage":"en-US"},{"@type":"WebPage","@id":"https:\/\/www.organisator.ch\/human-resources\/fit_im_job\/2018-08-16\/brauchen-wir-sport\/","url":"https:\/\/www.organisator.ch\/human-resources\/fit_im_job\/2018-08-16\/brauchen-wir-sport\/","name":"Do we need sports? - Organizer","isPartOf":{"@id":"https:\/\/www.organisator.ch\/#website"},"primaryImageOfPage":{"@id":"https:\/\/www.organisator.ch\/human-resources\/fit_im_job\/2018-08-16\/brauchen-wir-sport\/#primaryimage"},"image":{"@id":"https:\/\/www.organisator.ch\/human-resources\/fit_im_job\/2018-08-16\/brauchen-wir-sport\/#primaryimage"},"thumbnailUrl":"https:\/\/www.organisator.ch\/wp-content\/uploads\/2018\/08\/2018_07_Inti_Staeuble_Bild-neu_1666999-1.jpg","datePublished":"2018-08-16T06:00:48+00:00","description":"On September 14, the Swiss Management Run will take place in Arosa. Sporting ambitions of managers are definitely in demand there, but not only.","breadcrumb":{"@id":"https:\/\/www.organisator.ch\/human-resources\/fit_im_job\/2018-08-16\/brauchen-wir-sport\/#breadcrumb"},"inLanguage":"en-US","potentialAction":[{"@type":"ReadAction","target":["https:\/\/www.organisator.ch\/human-resources\/fit_im_job\/2018-08-16\/brauchen-wir-sport\/"]}]},{"@type":"ImageObject","inLanguage":"en-US","@id":"https:\/\/www.organisator.ch\/human-resources\/fit_im_job\/2018-08-16\/brauchen-wir-sport\/#primaryimage","url":"https:\/\/www.organisator.ch\/wp-content\/uploads\/2018\/08\/2018_07_Inti_Staeuble_Bild-neu_1666999-1.jpg","contentUrl":"https:\/\/www.organisator.ch\/wp-content\/uploads\/2018\/08\/2018_07_Inti_Staeuble_Bild-neu_1666999-1.jpg","width":1677,"height":1116,"caption":"Patrick St\u00e4uble, ehemaliger Radrennfahrer, f\u00fchrt die \u00abfit im job AG\u00bb und unterst\u00fctzt Kunden bei der Umsetzung von BGM."},{"@type":"BreadcrumbList","@id":"https:\/\/www.organisator.ch\/human-resources\/fit_im_job\/2018-08-16\/brauchen-wir-sport\/#breadcrumb","itemListElement":[{"@type":"ListItem","position":1,"name":"Home","item":"https:\/\/www.organisator.ch\/"},{"@type":"ListItem","position":2,"name":"Brauchen wir Sport?"}]},{"@type":"WebSite","@id":"https:\/\/www.organisator.ch\/#website","url":"https:\/\/www.organisator.ch\/","name":"Organizer","description":"Competent. Practical. In 10 issues per year, ORGANISATOR presents the essential topics for managers of SMEs.","publisher":{"@id":"https:\/\/www.organisator.ch\/#organization"},"potentialAction":[{"@type":"SearchAction","target":{"@type":"EntryPoint","urlTemplate":"https:\/\/www.organisator.ch\/?s={search_term_string}"},"query-input":{"@type":"PropertyValueSpecification","valueRequired":true,"valueName":"search_term_string"}}],"inLanguage":"en-US"},{"@type":"Organization","@id":"https:\/\/www.organisator.ch\/#organization","name":"Organizer","url":"https:\/\/www.organisator.ch\/","logo":{"@type":"ImageObject","inLanguage":"en-US","@id":"https:\/\/www.organisator.ch\/#\/schema\/logo\/image\/","url":"https:\/\/www.organisator.ch\/wp-content\/uploads\/2022\/01\/Logo_Organisator_Website.png","contentUrl":"https:\/\/www.organisator.ch\/wp-content\/uploads\/2022\/01\/Logo_Organisator_Website.png","width":800,"height":77,"caption":"Organisator"},"image":{"@id":"https:\/\/www.organisator.ch\/#\/schema\/logo\/image\/"},"sameAs":["https:\/\/www.facebook.com\/OrganisatorFachmagazin","https:\/\/www.linkedin.com\/showcase\/organisator-das-magazin-fr-kmu","https:\/\/www.xing.com\/news\/pages\/organisator-ch-695","https:\/\/www.youtube.com\/channel\/UCGP2Sq0iWaZwT3BdIAQFYpw"]},{"@type":"Person","@id":"https:\/\/www.organisator.ch\/#\/schema\/person\/dd8ffea01043c9c41d7718296a158fac","name":"K4 import","image":{"@type":"ImageObject","inLanguage":"en-US","@id":"https:\/\/secure.gravatar.com\/avatar\/73620ab7215a54b074cc226514e02ed65cb79211bbaee1eb49b63b57e58aaad6?s=96&d=mm&r=g","url":"https:\/\/secure.gravatar.com\/avatar\/73620ab7215a54b074cc226514e02ed65cb79211bbaee1eb49b63b57e58aaad6?s=96&d=mm&r=g","contentUrl":"https:\/\/secure.gravatar.com\/avatar\/73620ab7215a54b074cc226514e02ed65cb79211bbaee1eb49b63b57e58aaad6?s=96&d=mm&r=g","caption":"K4-Import"},"url":"https:\/\/www.organisator.ch\/en\/author\/k4-import\/"}]}},"_links":{"self":[{"href":"https:\/\/www.organisator.ch\/en\/wp-json\/wp\/v2\/posts\/4040","targetHints":{"allow":["GET"]}}],"collection":[{"href":"https:\/\/www.organisator.ch\/en\/wp-json\/wp\/v2\/posts"}],"about":[{"href":"https:\/\/www.organisator.ch\/en\/wp-json\/wp\/v2\/types\/post"}],"author":[{"embeddable":true,"href":"https:\/\/www.organisator.ch\/en\/wp-json\/wp\/v2\/users\/7"}],"replies":[{"embeddable":true,"href":"https:\/\/www.organisator.ch\/en\/wp-json\/wp\/v2\/comments?post=4040"}],"version-history":[{"count":0,"href":"https:\/\/www.organisator.ch\/en\/wp-json\/wp\/v2\/posts\/4040\/revisions"}],"wp:featuredmedia":[{"embeddable":true,"href":"https:\/\/www.organisator.ch\/en\/wp-json\/wp\/v2\/media\/11426"}],"wp:attachment":[{"href":"https:\/\/www.organisator.ch\/en\/wp-json\/wp\/v2\/media?parent=4040"}],"wp:term":[{"taxonomy":"category","embeddable":true,"href":"https:\/\/www.organisator.ch\/en\/wp-json\/wp\/v2\/categories?post=4040"},{"taxonomy":"post_tag","embeddable":true,"href":"https:\/\/www.organisator.ch\/en\/wp-json\/wp\/v2\/tags?post=4040"}],"curies":[{"name":"wp","href":"https:\/\/api.w.org\/{rel}","templated":true}]}}