{"id":40422,"date":"2025-09-08T14:18:06","date_gmt":"2025-09-08T12:18:06","guid":{"rendered":"https:\/\/www.markt-kom.com\/?p=239327"},"modified":"2025-09-08T14:13:37","modified_gmt":"2025-09-08T12:13:37","slug":"intelligence-shift-was-das-whats-next-forum-von-innovation-world-zeigen-will","status":"publish","type":"post","link":"https:\/\/www.organisator.ch\/en\/marketing\/2025-09-08\/intelligence-shift-was-das-whats-next-forum-von-innovation-world-zeigen-will\/","title":{"rendered":"Intelligence Shift: What the \"What's Next Forum\" from Innovation World wants to show"},"content":{"rendered":"<p class=\"my-2 [&amp;+p]:mt-4 [&amp;_strong:has(+br)]:inline-block [&amp;_strong:has(+br)]:pb-2\"><img class=\"alignnone size-full wp-image-239356\" src=\"https:\/\/www.markt-kom.com\/wp-content\/uploads\/2025\/09\/Bildschirmfoto-2025-09-06-um-14.07.30.png\" sizes=\"(max-width: 884px) 100vw, 884px\" srcset=\"https:\/\/www.markt-kom.com\/wp-content\/uploads\/2025\/09\/Bildschirmfoto-2025-09-06-um-14.07.30.png 884w, https:\/\/www.markt-kom.com\/wp-content\/uploads\/2025\/09\/Bildschirmfoto-2025-09-06-um-14.07.30-600x424.png 600w, https:\/\/www.markt-kom.com\/wp-content\/uploads\/2025\/09\/Bildschirmfoto-2025-09-06-um-14.07.30-768x543.png 768w, https:\/\/www.markt-kom.com\/wp-content\/uploads\/2025\/09\/Bildschirmfoto-2025-09-06-um-14.07.30-18x12.png 18w, https:\/\/www.markt-kom.com\/wp-content\/uploads\/2025\/09\/Bildschirmfoto-2025-09-06-um-14.07.30-248x175.png 248w, https:\/\/www.markt-kom.com\/wp-content\/uploads\/2025\/09\/Bildschirmfoto-2025-09-06-um-14.07.30-495x350.png 495w\" alt=\"\" width=\"884\" height=\"625\" \/>In Z\u00fcrich l\u00e4dt das What\u2019s Next Forum von Innovation World zur Diskussion \u00fcber den \u00abIntelligence Shift\u00bb ein. Das Event im Kuble \u2013 House of Intelligence markiert, wie Technik und Mensch gemeinsam den Wandel formen. Fachleute aus Industrie, Forschung und Bildung pr\u00e4sentieren Best Practices aus dem Alltag, praxisnahe Einblicke und strategische Perspektiven f\u00fcr Entscheider und Vision\u00e4re. Der Schwerpunkt liegt darauf, wie der Einsatz von K\u00fcnstlicher Intelligenz (KI) und Mixed Reality (XR) nicht nur Prozesse, sondern auch Unternehmenskultur, Zusammenarbeit und F\u00fchrungskonzepte beeinflussen.<\/p>\r\n<p class=\"my-2 [&amp;+p]:mt-4 [&amp;_strong:has(+br)]:inline-block [&amp;_strong:has(+br)]:pb-2\">Ewa Ming, Initiantin und Veranstalterin, betont: \u00abIntelligence Shift bedeutet, Technologie mit Sinn und Verantwortung im Sinne der Menschen einzusetzen.\u00bb Auf dem Programm stehen Beitr\u00e4ge von Industriegr\u00f6ssen wie Fran\u00e7ois R\u00fcf (Geberit), Panels mit Impulsgebern aus verschiedenen Unternehmen sowie Live-Demonstrationen, bei denen Teilnehmende XR- und KI-L\u00f6sungen aktiv erleben k\u00f6nnen. Auch der Wandel von Arbeitswelten und Leadership wird beleuchtet \u2013 mit Diskussionen zum Thema, wie technologische Komplexit\u00e4t beherrschbar und Transformation schrittweise umgesetzt werden kann.<\/p>\r\n<p class=\"my-2 [&amp;+p]:mt-4 [&amp;_strong:has(+br)]:inline-block [&amp;_strong:has(+br)]:pb-2\">Zielgruppe sind F\u00fchrungskr\u00e4fte, HR-Verantwortliche, Innovationsmanager und Bildungsakteure, die Impulse f\u00fcr die eigene Rolle im Wandel suchen. Das Forum versteht sich als Plattform f\u00fcr Inspiration, Austausch und konkrete Umsetzung. Tickets gibt es f\u00fcr 195 Franken, alle weiteren Informationen finden sich online auf <a href=\"https:\/\/whatsnext-connect.ch\/\">whatsnext-connect.ch.<\/a><\/p>\r\n<hr \/>\r\n<p class=\"my-2 [&amp;+p]:mt-4 [&amp;_strong:has(+br)]:inline-block [&amp;_strong:has(+br)]:pb-2\"><strong>Verantwortlich bei Innovation World Switzerland:<\/strong> Ewa Ming (Initiantin, Gesch\u00e4ftsleitung), ming agentur ag. <strong>Verantwortlich bei Kuble<\/strong> \u2013 House of Intelligence: Gustavo Salami (CEO, Transformation Lead), Roger Oberholzer (Partner, Academy Lead), Team Kuble AG.<\/p>","protected":false},"excerpt":{"rendered":"<p>People are at the heart of the digital transformation. The What's Next Forum on September 18 in Zurich aims to demonstrate this - with a clear focus on AI and mixed reality applications.<\/p>","protected":false},"author":8,"featured_media":0,"comment_status":"closed","ping_status":"closed","sticky":false,"template":"","format":"standard","meta":{"_acf_changed":false,"_yoast_wpseo_focuskw":"Intelligence Shift","_yoast_wpseo_metadesc":"Im Zentrum der digitalen Transformation steht der Mensch. Das will das What\u2019s Next Forum am 18. September in Z\u00fcrich zeigen.","articlekey":"","footnotes":""},"categories":[29],"tags":[151,5526,5358,4343],"class_list":["post-40422","post","type-post","status-publish","format-standard","hentry","category-marketing","tag-digital","tag-innovation-world","tag-kuble-house-of-intelligence","tag-markom"],"acf":[],"yoast_head":"<!-- This site is optimized with the Yoast SEO plugin v27.5 - https:\/\/yoast.com\/product\/yoast-seo-wordpress\/ -->\n<title>Intelligence Shift: Was das \u00abWhat\u2019s Next Forum\u00bb von Innovation World zeigen will - Organisator<\/title>\n<meta name=\"description\" content=\"Im Zentrum der digitalen Transformation steht der Mensch. Das will das What\u2019s Next Forum am 18. September in Z\u00fcrich zeigen.\" \/>\n<meta name=\"robots\" content=\"index, follow, max-snippet:-1, max-image-preview:large, max-video-preview:-1\" \/>\n<link rel=\"canonical\" href=\"https:\/\/www.organisator.ch\/en\/marketing\/2025-09-08\/intelligence-shift-was-das-whats-next-forum-von-innovation-world-zeigen-will\/\" \/>\n<meta property=\"og:locale\" content=\"en_US\" \/>\n<meta property=\"og:type\" content=\"article\" \/>\n<meta property=\"og:title\" content=\"Intelligence Shift: Was das \u00abWhat\u2019s Next Forum\u00bb von Innovation World zeigen will - Organisator\" \/>\n<meta property=\"og:description\" content=\"Im Zentrum der digitalen Transformation steht der Mensch. Das will das What\u2019s Next Forum am 18. September in Z\u00fcrich zeigen.\" \/>\n<meta property=\"og:url\" content=\"https:\/\/www.organisator.ch\/en\/marketing\/2025-09-08\/intelligence-shift-was-das-whats-next-forum-von-innovation-world-zeigen-will\/\" \/>\n<meta property=\"og:site_name\" content=\"Organisator\" \/>\n<meta property=\"article:publisher\" content=\"https:\/\/www.facebook.com\/OrganisatorFachmagazin\" \/>\n<meta property=\"article:published_time\" content=\"2025-09-08T12:18:06+00:00\" \/>\n<meta name=\"author\" content=\"galledia\" \/>\n<meta name=\"twitter:card\" content=\"summary_large_image\" \/>\n<meta name=\"twitter:creator\" content=\"@admin\" \/>\n<script type=\"application\/ld+json\" class=\"yoast-schema-graph\">{\"@context\":\"https:\\\/\\\/schema.org\",\"@graph\":[{\"@type\":\"Article\",\"@id\":\"https:\\\/\\\/www.organisator.ch\\\/marketing\\\/2025-09-08\\\/intelligence-shift-was-das-whats-next-forum-von-innovation-world-zeigen-will\\\/#article\",\"isPartOf\":{\"@id\":\"https:\\\/\\\/www.organisator.ch\\\/marketing\\\/2025-09-08\\\/intelligence-shift-was-das-whats-next-forum-von-innovation-world-zeigen-will\\\/\"},\"author\":{\"name\":\"galledia\",\"@id\":\"https:\\\/\\\/www.organisator.ch\\\/#\\\/schema\\\/person\\\/4e51799071cd2dd1232ac003643ef5f0\"},\"headline\":\"Intelligence Shift: Was das \u00abWhat\u2019s Next Forum\u00bb von Innovation World zeigen will\",\"datePublished\":\"2025-09-08T12:18:06+00:00\",\"mainEntityOfPage\":{\"@id\":\"https:\\\/\\\/www.organisator.ch\\\/marketing\\\/2025-09-08\\\/intelligence-shift-was-das-whats-next-forum-von-innovation-world-zeigen-will\\\/\"},\"wordCount\":256,\"publisher\":{\"@id\":\"https:\\\/\\\/www.organisator.ch\\\/#organization\"},\"image\":{\"@id\":\"https:\\\/\\\/www.organisator.ch\\\/marketing\\\/2025-09-08\\\/intelligence-shift-was-das-whats-next-forum-von-innovation-world-zeigen-will\\\/#primaryimage\"},\"thumbnailUrl\":\"https:\\\/\\\/www.markt-kom.com\\\/wp-content\\\/uploads\\\/2025\\\/09\\\/Bildschirmfoto-2025-09-06-um-14.07.30.png\",\"keywords\":[\"Digital\",\"Innovation World\",\"Kuble \u2013 House of Intelligence\",\"MarKom\"],\"articleSection\":[\"MARKETING\"],\"inLanguage\":\"en-US\"},{\"@type\":\"WebPage\",\"@id\":\"https:\\\/\\\/www.organisator.ch\\\/marketing\\\/2025-09-08\\\/intelligence-shift-was-das-whats-next-forum-von-innovation-world-zeigen-will\\\/\",\"url\":\"https:\\\/\\\/www.organisator.ch\\\/marketing\\\/2025-09-08\\\/intelligence-shift-was-das-whats-next-forum-von-innovation-world-zeigen-will\\\/\",\"name\":\"Intelligence Shift: Was das \u00abWhat\u2019s Next Forum\u00bb von Innovation World zeigen will - Organisator\",\"isPartOf\":{\"@id\":\"https:\\\/\\\/www.organisator.ch\\\/#website\"},\"primaryImageOfPage\":{\"@id\":\"https:\\\/\\\/www.organisator.ch\\\/marketing\\\/2025-09-08\\\/intelligence-shift-was-das-whats-next-forum-von-innovation-world-zeigen-will\\\/#primaryimage\"},\"image\":{\"@id\":\"https:\\\/\\\/www.organisator.ch\\\/marketing\\\/2025-09-08\\\/intelligence-shift-was-das-whats-next-forum-von-innovation-world-zeigen-will\\\/#primaryimage\"},\"thumbnailUrl\":\"https:\\\/\\\/www.markt-kom.com\\\/wp-content\\\/uploads\\\/2025\\\/09\\\/Bildschirmfoto-2025-09-06-um-14.07.30.png\",\"datePublished\":\"2025-09-08T12:18:06+00:00\",\"description\":\"Im Zentrum der digitalen Transformation steht der Mensch. Das will das What\u2019s Next Forum am 18. September in Z\u00fcrich zeigen.\",\"breadcrumb\":{\"@id\":\"https:\\\/\\\/www.organisator.ch\\\/marketing\\\/2025-09-08\\\/intelligence-shift-was-das-whats-next-forum-von-innovation-world-zeigen-will\\\/#breadcrumb\"},\"inLanguage\":\"en-US\",\"potentialAction\":[{\"@type\":\"ReadAction\",\"target\":[\"https:\\\/\\\/www.organisator.ch\\\/marketing\\\/2025-09-08\\\/intelligence-shift-was-das-whats-next-forum-von-innovation-world-zeigen-will\\\/\"]}]},{\"@type\":\"ImageObject\",\"inLanguage\":\"en-US\",\"@id\":\"https:\\\/\\\/www.organisator.ch\\\/marketing\\\/2025-09-08\\\/intelligence-shift-was-das-whats-next-forum-von-innovation-world-zeigen-will\\\/#primaryimage\",\"url\":\"https:\\\/\\\/www.markt-kom.com\\\/wp-content\\\/uploads\\\/2025\\\/09\\\/Bildschirmfoto-2025-09-06-um-14.07.30.png\",\"contentUrl\":\"https:\\\/\\\/www.markt-kom.com\\\/wp-content\\\/uploads\\\/2025\\\/09\\\/Bildschirmfoto-2025-09-06-um-14.07.30.png\"},{\"@type\":\"BreadcrumbList\",\"@id\":\"https:\\\/\\\/www.organisator.ch\\\/marketing\\\/2025-09-08\\\/intelligence-shift-was-das-whats-next-forum-von-innovation-world-zeigen-will\\\/#breadcrumb\",\"itemListElement\":[{\"@type\":\"ListItem\",\"position\":1,\"name\":\"Home\",\"item\":\"https:\\\/\\\/www.organisator.ch\\\/\"},{\"@type\":\"ListItem\",\"position\":2,\"name\":\"Intelligence Shift: Was das \u00abWhat\u2019s Next Forum\u00bb von Innovation World zeigen will\"}]},{\"@type\":\"WebSite\",\"@id\":\"https:\\\/\\\/www.organisator.ch\\\/#website\",\"url\":\"https:\\\/\\\/www.organisator.ch\\\/\",\"name\":\"Organisator\",\"description\":\"Kompetent. Praxisnah. Der ORGANISATOR bereitet in 10 Ausgaben pro Jahr die wesentlichen Themen f\u00fcr F\u00fchrungskr\u00e4fte von KMU auf.\",\"publisher\":{\"@id\":\"https:\\\/\\\/www.organisator.ch\\\/#organization\"},\"potentialAction\":[{\"@type\":\"SearchAction\",\"target\":{\"@type\":\"EntryPoint\",\"urlTemplate\":\"https:\\\/\\\/www.organisator.ch\\\/?s={search_term_string}\"},\"query-input\":{\"@type\":\"PropertyValueSpecification\",\"valueRequired\":true,\"valueName\":\"search_term_string\"}}],\"inLanguage\":\"en-US\"},{\"@type\":\"Organization\",\"@id\":\"https:\\\/\\\/www.organisator.ch\\\/#organization\",\"name\":\"Organisator\",\"url\":\"https:\\\/\\\/www.organisator.ch\\\/\",\"logo\":{\"@type\":\"ImageObject\",\"inLanguage\":\"en-US\",\"@id\":\"https:\\\/\\\/www.organisator.ch\\\/#\\\/schema\\\/logo\\\/image\\\/\",\"url\":\"https:\\\/\\\/www.organisator.ch\\\/wp-content\\\/uploads\\\/2022\\\/01\\\/Logo_Organisator_Website.png\",\"contentUrl\":\"https:\\\/\\\/www.organisator.ch\\\/wp-content\\\/uploads\\\/2022\\\/01\\\/Logo_Organisator_Website.png\",\"width\":800,\"height\":77,\"caption\":\"Organisator\"},\"image\":{\"@id\":\"https:\\\/\\\/www.organisator.ch\\\/#\\\/schema\\\/logo\\\/image\\\/\"},\"sameAs\":[\"https:\\\/\\\/www.facebook.com\\\/OrganisatorFachmagazin\",\"https:\\\/\\\/www.linkedin.com\\\/showcase\\\/organisator-das-magazin-fr-kmu\",\"https:\\\/\\\/www.xing.com\\\/news\\\/pages\\\/organisator-ch-695\",\"https:\\\/\\\/www.youtube.com\\\/channel\\\/UCGP2Sq0iWaZwT3BdIAQFYpw\"]},{\"@type\":\"Person\",\"@id\":\"https:\\\/\\\/www.organisator.ch\\\/#\\\/schema\\\/person\\\/4e51799071cd2dd1232ac003643ef5f0\",\"name\":\"galledia\",\"image\":{\"@type\":\"ImageObject\",\"inLanguage\":\"en-US\",\"@id\":\"https:\\\/\\\/secure.gravatar.com\\\/avatar\\\/78a7f90c01fc2bfc875782a0d4922b37cde2cf184ce347b91316d23cd7f69a36?s=96&d=mm&r=g\",\"url\":\"https:\\\/\\\/secure.gravatar.com\\\/avatar\\\/78a7f90c01fc2bfc875782a0d4922b37cde2cf184ce347b91316d23cd7f69a36?s=96&d=mm&r=g\",\"contentUrl\":\"https:\\\/\\\/secure.gravatar.com\\\/avatar\\\/78a7f90c01fc2bfc875782a0d4922b37cde2cf184ce347b91316d23cd7f69a36?s=96&d=mm&r=g\",\"caption\":\"galledia\"},\"sameAs\":[\"https:\\\/\\\/x.com\\\/admin\"],\"url\":\"https:\\\/\\\/www.organisator.ch\\\/en\\\/author\\\/galledia\\\/\"}]}<\/script>\n<!-- \/ Yoast SEO plugin. -->","yoast_head_json":{"title":"Intelligence Shift: What Innovation World's \"What's Next Forum\" wants to show - Organizer","description":"People are at the heart of the digital transformation. The What's Next Forum on September 18 in Zurich aims to demonstrate this.","robots":{"index":"index","follow":"follow","max-snippet":"max-snippet:-1","max-image-preview":"max-image-preview:large","max-video-preview":"max-video-preview:-1"},"canonical":"https:\/\/www.organisator.ch\/en\/marketing\/2025-09-08\/intelligence-shift-was-das-whats-next-forum-von-innovation-world-zeigen-will\/","og_locale":"en_US","og_type":"article","og_title":"Intelligence Shift: Was das \u00abWhat\u2019s Next Forum\u00bb von Innovation World zeigen will - Organisator","og_description":"Im Zentrum der digitalen Transformation steht der Mensch. Das will das What\u2019s Next Forum am 18. September in Z\u00fcrich zeigen.","og_url":"https:\/\/www.organisator.ch\/en\/marketing\/2025-09-08\/intelligence-shift-was-das-whats-next-forum-von-innovation-world-zeigen-will\/","og_site_name":"Organisator","article_publisher":"https:\/\/www.facebook.com\/OrganisatorFachmagazin","article_published_time":"2025-09-08T12:18:06+00:00","author":"galledia","twitter_card":"summary_large_image","twitter_creator":"@admin","schema":{"@context":"https:\/\/schema.org","@graph":[{"@type":"Article","@id":"https:\/\/www.organisator.ch\/marketing\/2025-09-08\/intelligence-shift-was-das-whats-next-forum-von-innovation-world-zeigen-will\/#article","isPartOf":{"@id":"https:\/\/www.organisator.ch\/marketing\/2025-09-08\/intelligence-shift-was-das-whats-next-forum-von-innovation-world-zeigen-will\/"},"author":{"name":"galledia","@id":"https:\/\/www.organisator.ch\/#\/schema\/person\/4e51799071cd2dd1232ac003643ef5f0"},"headline":"Intelligence Shift: Was das \u00abWhat\u2019s Next Forum\u00bb von Innovation World zeigen will","datePublished":"2025-09-08T12:18:06+00:00","mainEntityOfPage":{"@id":"https:\/\/www.organisator.ch\/marketing\/2025-09-08\/intelligence-shift-was-das-whats-next-forum-von-innovation-world-zeigen-will\/"},"wordCount":256,"publisher":{"@id":"https:\/\/www.organisator.ch\/#organization"},"image":{"@id":"https:\/\/www.organisator.ch\/marketing\/2025-09-08\/intelligence-shift-was-das-whats-next-forum-von-innovation-world-zeigen-will\/#primaryimage"},"thumbnailUrl":"https:\/\/www.markt-kom.com\/wp-content\/uploads\/2025\/09\/Bildschirmfoto-2025-09-06-um-14.07.30.png","keywords":["Digital","Innovation World","Kuble \u2013 House of Intelligence","MarKom"],"articleSection":["MARKETING"],"inLanguage":"en-US"},{"@type":"WebPage","@id":"https:\/\/www.organisator.ch\/marketing\/2025-09-08\/intelligence-shift-was-das-whats-next-forum-von-innovation-world-zeigen-will\/","url":"https:\/\/www.organisator.ch\/marketing\/2025-09-08\/intelligence-shift-was-das-whats-next-forum-von-innovation-world-zeigen-will\/","name":"Intelligence Shift: What Innovation World's \"What's Next Forum\" wants to show - Organizer","isPartOf":{"@id":"https:\/\/www.organisator.ch\/#website"},"primaryImageOfPage":{"@id":"https:\/\/www.organisator.ch\/marketing\/2025-09-08\/intelligence-shift-was-das-whats-next-forum-von-innovation-world-zeigen-will\/#primaryimage"},"image":{"@id":"https:\/\/www.organisator.ch\/marketing\/2025-09-08\/intelligence-shift-was-das-whats-next-forum-von-innovation-world-zeigen-will\/#primaryimage"},"thumbnailUrl":"https:\/\/www.markt-kom.com\/wp-content\/uploads\/2025\/09\/Bildschirmfoto-2025-09-06-um-14.07.30.png","datePublished":"2025-09-08T12:18:06+00:00","description":"People are at the heart of the digital transformation. The What's Next Forum on September 18 in Zurich aims to demonstrate this.","breadcrumb":{"@id":"https:\/\/www.organisator.ch\/marketing\/2025-09-08\/intelligence-shift-was-das-whats-next-forum-von-innovation-world-zeigen-will\/#breadcrumb"},"inLanguage":"en-US","potentialAction":[{"@type":"ReadAction","target":["https:\/\/www.organisator.ch\/marketing\/2025-09-08\/intelligence-shift-was-das-whats-next-forum-von-innovation-world-zeigen-will\/"]}]},{"@type":"ImageObject","inLanguage":"en-US","@id":"https:\/\/www.organisator.ch\/marketing\/2025-09-08\/intelligence-shift-was-das-whats-next-forum-von-innovation-world-zeigen-will\/#primaryimage","url":"https:\/\/www.markt-kom.com\/wp-content\/uploads\/2025\/09\/Bildschirmfoto-2025-09-06-um-14.07.30.png","contentUrl":"https:\/\/www.markt-kom.com\/wp-content\/uploads\/2025\/09\/Bildschirmfoto-2025-09-06-um-14.07.30.png"},{"@type":"BreadcrumbList","@id":"https:\/\/www.organisator.ch\/marketing\/2025-09-08\/intelligence-shift-was-das-whats-next-forum-von-innovation-world-zeigen-will\/#breadcrumb","itemListElement":[{"@type":"ListItem","position":1,"name":"Home","item":"https:\/\/www.organisator.ch\/"},{"@type":"ListItem","position":2,"name":"Intelligence Shift: Was das \u00abWhat\u2019s Next Forum\u00bb von Innovation World zeigen will"}]},{"@type":"WebSite","@id":"https:\/\/www.organisator.ch\/#website","url":"https:\/\/www.organisator.ch\/","name":"Organizer","description":"Competent. Practical. In 10 issues per year, ORGANISATOR presents the essential topics for managers of SMEs.","publisher":{"@id":"https:\/\/www.organisator.ch\/#organization"},"potentialAction":[{"@type":"SearchAction","target":{"@type":"EntryPoint","urlTemplate":"https:\/\/www.organisator.ch\/?s={search_term_string}"},"query-input":{"@type":"PropertyValueSpecification","valueRequired":true,"valueName":"search_term_string"}}],"inLanguage":"en-US"},{"@type":"Organization","@id":"https:\/\/www.organisator.ch\/#organization","name":"Organizer","url":"https:\/\/www.organisator.ch\/","logo":{"@type":"ImageObject","inLanguage":"en-US","@id":"https:\/\/www.organisator.ch\/#\/schema\/logo\/image\/","url":"https:\/\/www.organisator.ch\/wp-content\/uploads\/2022\/01\/Logo_Organisator_Website.png","contentUrl":"https:\/\/www.organisator.ch\/wp-content\/uploads\/2022\/01\/Logo_Organisator_Website.png","width":800,"height":77,"caption":"Organisator"},"image":{"@id":"https:\/\/www.organisator.ch\/#\/schema\/logo\/image\/"},"sameAs":["https:\/\/www.facebook.com\/OrganisatorFachmagazin","https:\/\/www.linkedin.com\/showcase\/organisator-das-magazin-fr-kmu","https:\/\/www.xing.com\/news\/pages\/organisator-ch-695","https:\/\/www.youtube.com\/channel\/UCGP2Sq0iWaZwT3BdIAQFYpw"]},{"@type":"Person","@id":"https:\/\/www.organisator.ch\/#\/schema\/person\/4e51799071cd2dd1232ac003643ef5f0","name":"galledia","image":{"@type":"ImageObject","inLanguage":"en-US","@id":"https:\/\/secure.gravatar.com\/avatar\/78a7f90c01fc2bfc875782a0d4922b37cde2cf184ce347b91316d23cd7f69a36?s=96&d=mm&r=g","url":"https:\/\/secure.gravatar.com\/avatar\/78a7f90c01fc2bfc875782a0d4922b37cde2cf184ce347b91316d23cd7f69a36?s=96&d=mm&r=g","contentUrl":"https:\/\/secure.gravatar.com\/avatar\/78a7f90c01fc2bfc875782a0d4922b37cde2cf184ce347b91316d23cd7f69a36?s=96&d=mm&r=g","caption":"galledia"},"sameAs":["https:\/\/x.com\/admin"],"url":"https:\/\/www.organisator.ch\/en\/author\/galledia\/"}]}},"_links":{"self":[{"href":"https:\/\/www.organisator.ch\/en\/wp-json\/wp\/v2\/posts\/40422","targetHints":{"allow":["GET"]}}],"collection":[{"href":"https:\/\/www.organisator.ch\/en\/wp-json\/wp\/v2\/posts"}],"about":[{"href":"https:\/\/www.organisator.ch\/en\/wp-json\/wp\/v2\/types\/post"}],"author":[{"embeddable":true,"href":"https:\/\/www.organisator.ch\/en\/wp-json\/wp\/v2\/users\/8"}],"replies":[{"embeddable":true,"href":"https:\/\/www.organisator.ch\/en\/wp-json\/wp\/v2\/comments?post=40422"}],"version-history":[{"count":4,"href":"https:\/\/www.organisator.ch\/en\/wp-json\/wp\/v2\/posts\/40422\/revisions"}],"predecessor-version":[{"id":40443,"href":"https:\/\/www.organisator.ch\/en\/wp-json\/wp\/v2\/posts\/40422\/revisions\/40443"}],"wp:attachment":[{"href":"https:\/\/www.organisator.ch\/en\/wp-json\/wp\/v2\/media?parent=40422"}],"wp:term":[{"taxonomy":"category","embeddable":true,"href":"https:\/\/www.organisator.ch\/en\/wp-json\/wp\/v2\/categories?post=40422"},{"taxonomy":"post_tag","embeddable":true,"href":"https:\/\/www.organisator.ch\/en\/wp-json\/wp\/v2\/tags?post=40422"}],"curies":[{"name":"wp","href":"https:\/\/api.w.org\/{rel}","templated":true}]}}