{"id":40497,"date":"2025-09-10T17:07:20","date_gmt":"2025-09-10T15:07:20","guid":{"rendered":"https:\/\/www.markt-kom.com\/?p=240076"},"modified":"2025-09-11T07:40:21","modified_gmt":"2025-09-11T05:40:21","slug":"blueten-und-perlen-liebe-mitgliederinnen","status":"publish","type":"post","link":"https:\/\/www.organisator.ch\/en\/marketing\/2025-09-10\/blueten-und-perlen-liebe-mitgliederinnen\/","title":{"rendered":"Flowers and pearls: Dear members"},"content":{"rendered":"<p><img class=\"alignnone size-full wp-image-240078\" src=\"https:\/\/www.markt-kom.com\/wp-content\/uploads\/2025\/09\/kolumne-13-Gendern.jpg\" sizes=\"(max-width: 1200px) 100vw, 1200px\" srcset=\"https:\/\/www.markt-kom.com\/wp-content\/uploads\/2025\/09\/kolumne-13-Gendern.jpg 1200w, https:\/\/www.markt-kom.com\/wp-content\/uploads\/2025\/09\/kolumne-13-Gendern-600x395.jpg 600w, https:\/\/www.markt-kom.com\/wp-content\/uploads\/2025\/09\/kolumne-13-Gendern-1024x673.jpg 1024w, https:\/\/www.markt-kom.com\/wp-content\/uploads\/2025\/09\/kolumne-13-Gendern-768x505.jpg 768w, https:\/\/www.markt-kom.com\/wp-content\/uploads\/2025\/09\/kolumne-13-Gendern-18x12.jpg 18w, https:\/\/www.markt-kom.com\/wp-content\/uploads\/2025\/09\/kolumne-13-Gendern-266x175.jpg 266w, https:\/\/www.markt-kom.com\/wp-content\/uploads\/2025\/09\/kolumne-13-Gendern-532x350.jpg 532w, https:\/\/www.markt-kom.com\/wp-content\/uploads\/2025\/09\/kolumne-13-Gendern-1000x658.jpg 1000w\" alt=\"\" width=\"1200\" height=\"789\" \/>Gendering is rarely a real challenge from a linguistic point of view - but you almost always get it wrong. You can never please everyone.<\/p>\r\n<p>Too much, too little, too demonstrative, too nonchalant... you get everything thrown at you on the same day. Even in cases that are actually perfectly clear in terms of language and have nothing to do with the topic at all.<\/p>\r\n<p>That <em>a<\/em> Bank <em>a<\/em> employer has nothing to do with subliminal ideology, but with grammar. Nor is there any ideology behind it if members are not gendered. Genus and gendering are not the same thing - there is no leeway with the former and too much with the latter.<\/p>\r\n<h3><strong>Swampy grease trap<\/strong><\/h3>\r\n<p>The Duden offers possibilities for gendering, but no standard. That is why we are all now gender pioneers and the Duden will hold back until something has finally prevailed on the battlefield of ideologies, so that it can then be crowned the norm.<\/p>\r\n<p>This pioneering is exhausting and sometimes even requires imagination and adaptability (bl\u00f6rg), has to be constantly adjusted (argh) and discussed (oh no) and requires a strong will (long since broken). A huge, swampy, barely avoidable pit of fat. Understandably, this is too much for most people and at some point simply gets on their nerves.<\/p>\r\n<p>So anyone who genders and makes an effort to do so is definitely doing pioneering work. And anyone who doesn't genderize definitely hasn't understood anything. Gendering should be non-ideological, of course - normal. But normality requires a standard. So, go for it, Duden.<\/p>","protected":false},"excerpt":{"rendered":"<p>Sarah Pally, linguist and partner at the agency Partner &amp; Partner, takes a close look at (advertising) language in her column \"Blossoms and pearls\". This time it's all about gendering.<\/p>","protected":false},"author":8,"featured_media":0,"comment_status":"closed","ping_status":"closed","sticky":false,"template":"","format":"standard","meta":{"_acf_changed":false,"_yoast_wpseo_focuskw":"Bl\u00fcten und Perlen","_yoast_wpseo_metadesc":"Linguistin Sarah Pally von der Agentur Partner & Partner nimmt in ihrer Kolumne \u00abBl\u00fcten und Perlen\u00bb die (Werbe-)Sprache unter die Lupe.","articlekey":"","footnotes":""},"categories":[29],"tags":[4348,4343],"class_list":["post-40497","post","type-post","status-publish","format-standard","hentry","category-marketing","tag-mk-format","tag-markom"],"acf":[],"yoast_head":"<!-- This site is optimized with the Yoast SEO plugin v27.5 - https:\/\/yoast.com\/product\/yoast-seo-wordpress\/ -->\n<title>Bl\u00fcten und Perlen: Liebe Mitglieder:innen - Organisator<\/title>\n<meta name=\"description\" content=\"Linguistin Sarah Pally von der Agentur Partner &amp; Partner nimmt in ihrer Kolumne \u00abBl\u00fcten und Perlen\u00bb die (Werbe-)Sprache unter die Lupe.\" \/>\n<meta name=\"robots\" content=\"index, follow, max-snippet:-1, max-image-preview:large, max-video-preview:-1\" \/>\n<link rel=\"canonical\" href=\"https:\/\/www.organisator.ch\/en\/marketing\/2025-09-10\/blueten-und-perlen-liebe-mitgliederinnen\/\" \/>\n<meta property=\"og:locale\" content=\"en_US\" \/>\n<meta property=\"og:type\" content=\"article\" \/>\n<meta property=\"og:title\" content=\"Bl\u00fcten und Perlen: Liebe Mitglieder:innen - Organisator\" \/>\n<meta property=\"og:description\" content=\"Linguistin Sarah Pally von der Agentur Partner &amp; Partner nimmt in ihrer Kolumne \u00abBl\u00fcten und Perlen\u00bb die (Werbe-)Sprache unter die Lupe.\" \/>\n<meta property=\"og:url\" content=\"https:\/\/www.organisator.ch\/en\/marketing\/2025-09-10\/blueten-und-perlen-liebe-mitgliederinnen\/\" \/>\n<meta property=\"og:site_name\" content=\"Organisator\" \/>\n<meta property=\"article:publisher\" content=\"https:\/\/www.facebook.com\/OrganisatorFachmagazin\" \/>\n<meta property=\"article:published_time\" content=\"2025-09-10T15:07:20+00:00\" \/>\n<meta property=\"article:modified_time\" content=\"2025-09-11T05:40:21+00:00\" \/>\n<meta name=\"author\" content=\"galledia\" \/>\n<meta name=\"twitter:card\" content=\"summary_large_image\" \/>\n<meta name=\"twitter:creator\" content=\"@admin\" \/>\n<script type=\"application\/ld+json\" class=\"yoast-schema-graph\">{\"@context\":\"https:\\\/\\\/schema.org\",\"@graph\":[{\"@type\":\"Article\",\"@id\":\"https:\\\/\\\/www.organisator.ch\\\/marketing\\\/2025-09-10\\\/blueten-und-perlen-liebe-mitgliederinnen\\\/#article\",\"isPartOf\":{\"@id\":\"https:\\\/\\\/www.organisator.ch\\\/marketing\\\/2025-09-10\\\/blueten-und-perlen-liebe-mitgliederinnen\\\/\"},\"author\":{\"name\":\"galledia\",\"@id\":\"https:\\\/\\\/www.organisator.ch\\\/#\\\/schema\\\/person\\\/4e51799071cd2dd1232ac003643ef5f0\"},\"headline\":\"Bl\u00fcten und Perlen: Liebe Mitglieder:innen\",\"datePublished\":\"2025-09-10T15:07:20+00:00\",\"dateModified\":\"2025-09-11T05:40:21+00:00\",\"mainEntityOfPage\":{\"@id\":\"https:\\\/\\\/www.organisator.ch\\\/marketing\\\/2025-09-10\\\/blueten-und-perlen-liebe-mitgliederinnen\\\/\"},\"wordCount\":260,\"publisher\":{\"@id\":\"https:\\\/\\\/www.organisator.ch\\\/#organization\"},\"image\":{\"@id\":\"https:\\\/\\\/www.organisator.ch\\\/marketing\\\/2025-09-10\\\/blueten-und-perlen-liebe-mitgliederinnen\\\/#primaryimage\"},\"thumbnailUrl\":\"https:\\\/\\\/www.markt-kom.com\\\/wp-content\\\/uploads\\\/2025\\\/09\\\/kolumne-13-Gendern.jpg\",\"keywords\":[\"m&amp;k FORMAT\",\"MarKom\"],\"articleSection\":[\"MARKETING\"],\"inLanguage\":\"en-US\"},{\"@type\":\"WebPage\",\"@id\":\"https:\\\/\\\/www.organisator.ch\\\/marketing\\\/2025-09-10\\\/blueten-und-perlen-liebe-mitgliederinnen\\\/\",\"url\":\"https:\\\/\\\/www.organisator.ch\\\/marketing\\\/2025-09-10\\\/blueten-und-perlen-liebe-mitgliederinnen\\\/\",\"name\":\"Bl\u00fcten und Perlen: Liebe Mitglieder:innen - Organisator\",\"isPartOf\":{\"@id\":\"https:\\\/\\\/www.organisator.ch\\\/#website\"},\"primaryImageOfPage\":{\"@id\":\"https:\\\/\\\/www.organisator.ch\\\/marketing\\\/2025-09-10\\\/blueten-und-perlen-liebe-mitgliederinnen\\\/#primaryimage\"},\"image\":{\"@id\":\"https:\\\/\\\/www.organisator.ch\\\/marketing\\\/2025-09-10\\\/blueten-und-perlen-liebe-mitgliederinnen\\\/#primaryimage\"},\"thumbnailUrl\":\"https:\\\/\\\/www.markt-kom.com\\\/wp-content\\\/uploads\\\/2025\\\/09\\\/kolumne-13-Gendern.jpg\",\"datePublished\":\"2025-09-10T15:07:20+00:00\",\"dateModified\":\"2025-09-11T05:40:21+00:00\",\"description\":\"Linguistin Sarah Pally von der Agentur Partner & Partner nimmt in ihrer Kolumne \u00abBl\u00fcten und Perlen\u00bb die (Werbe-)Sprache unter die Lupe.\",\"breadcrumb\":{\"@id\":\"https:\\\/\\\/www.organisator.ch\\\/marketing\\\/2025-09-10\\\/blueten-und-perlen-liebe-mitgliederinnen\\\/#breadcrumb\"},\"inLanguage\":\"en-US\",\"potentialAction\":[{\"@type\":\"ReadAction\",\"target\":[\"https:\\\/\\\/www.organisator.ch\\\/marketing\\\/2025-09-10\\\/blueten-und-perlen-liebe-mitgliederinnen\\\/\"]}]},{\"@type\":\"ImageObject\",\"inLanguage\":\"en-US\",\"@id\":\"https:\\\/\\\/www.organisator.ch\\\/marketing\\\/2025-09-10\\\/blueten-und-perlen-liebe-mitgliederinnen\\\/#primaryimage\",\"url\":\"https:\\\/\\\/www.markt-kom.com\\\/wp-content\\\/uploads\\\/2025\\\/09\\\/kolumne-13-Gendern.jpg\",\"contentUrl\":\"https:\\\/\\\/www.markt-kom.com\\\/wp-content\\\/uploads\\\/2025\\\/09\\\/kolumne-13-Gendern.jpg\"},{\"@type\":\"BreadcrumbList\",\"@id\":\"https:\\\/\\\/www.organisator.ch\\\/marketing\\\/2025-09-10\\\/blueten-und-perlen-liebe-mitgliederinnen\\\/#breadcrumb\",\"itemListElement\":[{\"@type\":\"ListItem\",\"position\":1,\"name\":\"Home\",\"item\":\"https:\\\/\\\/www.organisator.ch\\\/\"},{\"@type\":\"ListItem\",\"position\":2,\"name\":\"Bl\u00fcten und Perlen: Liebe Mitglieder:innen\"}]},{\"@type\":\"WebSite\",\"@id\":\"https:\\\/\\\/www.organisator.ch\\\/#website\",\"url\":\"https:\\\/\\\/www.organisator.ch\\\/\",\"name\":\"Organisator\",\"description\":\"Kompetent. Praxisnah. Der ORGANISATOR bereitet in 10 Ausgaben pro Jahr die wesentlichen Themen f\u00fcr F\u00fchrungskr\u00e4fte von KMU auf.\",\"publisher\":{\"@id\":\"https:\\\/\\\/www.organisator.ch\\\/#organization\"},\"potentialAction\":[{\"@type\":\"SearchAction\",\"target\":{\"@type\":\"EntryPoint\",\"urlTemplate\":\"https:\\\/\\\/www.organisator.ch\\\/?s={search_term_string}\"},\"query-input\":{\"@type\":\"PropertyValueSpecification\",\"valueRequired\":true,\"valueName\":\"search_term_string\"}}],\"inLanguage\":\"en-US\"},{\"@type\":\"Organization\",\"@id\":\"https:\\\/\\\/www.organisator.ch\\\/#organization\",\"name\":\"Organisator\",\"url\":\"https:\\\/\\\/www.organisator.ch\\\/\",\"logo\":{\"@type\":\"ImageObject\",\"inLanguage\":\"en-US\",\"@id\":\"https:\\\/\\\/www.organisator.ch\\\/#\\\/schema\\\/logo\\\/image\\\/\",\"url\":\"https:\\\/\\\/www.organisator.ch\\\/wp-content\\\/uploads\\\/2022\\\/01\\\/Logo_Organisator_Website.png\",\"contentUrl\":\"https:\\\/\\\/www.organisator.ch\\\/wp-content\\\/uploads\\\/2022\\\/01\\\/Logo_Organisator_Website.png\",\"width\":800,\"height\":77,\"caption\":\"Organisator\"},\"image\":{\"@id\":\"https:\\\/\\\/www.organisator.ch\\\/#\\\/schema\\\/logo\\\/image\\\/\"},\"sameAs\":[\"https:\\\/\\\/www.facebook.com\\\/OrganisatorFachmagazin\",\"https:\\\/\\\/www.linkedin.com\\\/showcase\\\/organisator-das-magazin-fr-kmu\",\"https:\\\/\\\/www.xing.com\\\/news\\\/pages\\\/organisator-ch-695\",\"https:\\\/\\\/www.youtube.com\\\/channel\\\/UCGP2Sq0iWaZwT3BdIAQFYpw\"]},{\"@type\":\"Person\",\"@id\":\"https:\\\/\\\/www.organisator.ch\\\/#\\\/schema\\\/person\\\/4e51799071cd2dd1232ac003643ef5f0\",\"name\":\"galledia\",\"image\":{\"@type\":\"ImageObject\",\"inLanguage\":\"en-US\",\"@id\":\"https:\\\/\\\/secure.gravatar.com\\\/avatar\\\/78a7f90c01fc2bfc875782a0d4922b37cde2cf184ce347b91316d23cd7f69a36?s=96&d=mm&r=g\",\"url\":\"https:\\\/\\\/secure.gravatar.com\\\/avatar\\\/78a7f90c01fc2bfc875782a0d4922b37cde2cf184ce347b91316d23cd7f69a36?s=96&d=mm&r=g\",\"contentUrl\":\"https:\\\/\\\/secure.gravatar.com\\\/avatar\\\/78a7f90c01fc2bfc875782a0d4922b37cde2cf184ce347b91316d23cd7f69a36?s=96&d=mm&r=g\",\"caption\":\"galledia\"},\"sameAs\":[\"https:\\\/\\\/x.com\\\/admin\"],\"url\":\"https:\\\/\\\/www.organisator.ch\\\/en\\\/author\\\/galledia\\\/\"}]}<\/script>\n<!-- \/ Yoast SEO plugin. -->","yoast_head_json":{"title":"Flowers and pearls: Dear members - Organizer","description":"Linguist Sarah Pally from the agency Partner &amp; Partner takes a close look at (advertising) language in her column \"Blossoms and pearls\".","robots":{"index":"index","follow":"follow","max-snippet":"max-snippet:-1","max-image-preview":"max-image-preview:large","max-video-preview":"max-video-preview:-1"},"canonical":"https:\/\/www.organisator.ch\/en\/marketing\/2025-09-10\/blueten-und-perlen-liebe-mitgliederinnen\/","og_locale":"en_US","og_type":"article","og_title":"Bl\u00fcten und Perlen: Liebe Mitglieder:innen - Organisator","og_description":"Linguistin Sarah Pally von der Agentur Partner & Partner nimmt in ihrer Kolumne \u00abBl\u00fcten und Perlen\u00bb die (Werbe-)Sprache unter die Lupe.","og_url":"https:\/\/www.organisator.ch\/en\/marketing\/2025-09-10\/blueten-und-perlen-liebe-mitgliederinnen\/","og_site_name":"Organisator","article_publisher":"https:\/\/www.facebook.com\/OrganisatorFachmagazin","article_published_time":"2025-09-10T15:07:20+00:00","article_modified_time":"2025-09-11T05:40:21+00:00","author":"galledia","twitter_card":"summary_large_image","twitter_creator":"@admin","schema":{"@context":"https:\/\/schema.org","@graph":[{"@type":"Article","@id":"https:\/\/www.organisator.ch\/marketing\/2025-09-10\/blueten-und-perlen-liebe-mitgliederinnen\/#article","isPartOf":{"@id":"https:\/\/www.organisator.ch\/marketing\/2025-09-10\/blueten-und-perlen-liebe-mitgliederinnen\/"},"author":{"name":"galledia","@id":"https:\/\/www.organisator.ch\/#\/schema\/person\/4e51799071cd2dd1232ac003643ef5f0"},"headline":"Bl\u00fcten und Perlen: Liebe Mitglieder:innen","datePublished":"2025-09-10T15:07:20+00:00","dateModified":"2025-09-11T05:40:21+00:00","mainEntityOfPage":{"@id":"https:\/\/www.organisator.ch\/marketing\/2025-09-10\/blueten-und-perlen-liebe-mitgliederinnen\/"},"wordCount":260,"publisher":{"@id":"https:\/\/www.organisator.ch\/#organization"},"image":{"@id":"https:\/\/www.organisator.ch\/marketing\/2025-09-10\/blueten-und-perlen-liebe-mitgliederinnen\/#primaryimage"},"thumbnailUrl":"https:\/\/www.markt-kom.com\/wp-content\/uploads\/2025\/09\/kolumne-13-Gendern.jpg","keywords":["m&amp;k FORMAT","MarKom"],"articleSection":["MARKETING"],"inLanguage":"en-US"},{"@type":"WebPage","@id":"https:\/\/www.organisator.ch\/marketing\/2025-09-10\/blueten-und-perlen-liebe-mitgliederinnen\/","url":"https:\/\/www.organisator.ch\/marketing\/2025-09-10\/blueten-und-perlen-liebe-mitgliederinnen\/","name":"Flowers and pearls: Dear members - Organizer","isPartOf":{"@id":"https:\/\/www.organisator.ch\/#website"},"primaryImageOfPage":{"@id":"https:\/\/www.organisator.ch\/marketing\/2025-09-10\/blueten-und-perlen-liebe-mitgliederinnen\/#primaryimage"},"image":{"@id":"https:\/\/www.organisator.ch\/marketing\/2025-09-10\/blueten-und-perlen-liebe-mitgliederinnen\/#primaryimage"},"thumbnailUrl":"https:\/\/www.markt-kom.com\/wp-content\/uploads\/2025\/09\/kolumne-13-Gendern.jpg","datePublished":"2025-09-10T15:07:20+00:00","dateModified":"2025-09-11T05:40:21+00:00","description":"Linguist Sarah Pally from the agency Partner &amp; Partner takes a close look at (advertising) language in her column \"Blossoms and pearls\".","breadcrumb":{"@id":"https:\/\/www.organisator.ch\/marketing\/2025-09-10\/blueten-und-perlen-liebe-mitgliederinnen\/#breadcrumb"},"inLanguage":"en-US","potentialAction":[{"@type":"ReadAction","target":["https:\/\/www.organisator.ch\/marketing\/2025-09-10\/blueten-und-perlen-liebe-mitgliederinnen\/"]}]},{"@type":"ImageObject","inLanguage":"en-US","@id":"https:\/\/www.organisator.ch\/marketing\/2025-09-10\/blueten-und-perlen-liebe-mitgliederinnen\/#primaryimage","url":"https:\/\/www.markt-kom.com\/wp-content\/uploads\/2025\/09\/kolumne-13-Gendern.jpg","contentUrl":"https:\/\/www.markt-kom.com\/wp-content\/uploads\/2025\/09\/kolumne-13-Gendern.jpg"},{"@type":"BreadcrumbList","@id":"https:\/\/www.organisator.ch\/marketing\/2025-09-10\/blueten-und-perlen-liebe-mitgliederinnen\/#breadcrumb","itemListElement":[{"@type":"ListItem","position":1,"name":"Home","item":"https:\/\/www.organisator.ch\/"},{"@type":"ListItem","position":2,"name":"Bl\u00fcten und Perlen: Liebe Mitglieder:innen"}]},{"@type":"WebSite","@id":"https:\/\/www.organisator.ch\/#website","url":"https:\/\/www.organisator.ch\/","name":"Organizer","description":"Competent. Practical. In 10 issues per year, ORGANISATOR presents the essential topics for managers of SMEs.","publisher":{"@id":"https:\/\/www.organisator.ch\/#organization"},"potentialAction":[{"@type":"SearchAction","target":{"@type":"EntryPoint","urlTemplate":"https:\/\/www.organisator.ch\/?s={search_term_string}"},"query-input":{"@type":"PropertyValueSpecification","valueRequired":true,"valueName":"search_term_string"}}],"inLanguage":"en-US"},{"@type":"Organization","@id":"https:\/\/www.organisator.ch\/#organization","name":"Organizer","url":"https:\/\/www.organisator.ch\/","logo":{"@type":"ImageObject","inLanguage":"en-US","@id":"https:\/\/www.organisator.ch\/#\/schema\/logo\/image\/","url":"https:\/\/www.organisator.ch\/wp-content\/uploads\/2022\/01\/Logo_Organisator_Website.png","contentUrl":"https:\/\/www.organisator.ch\/wp-content\/uploads\/2022\/01\/Logo_Organisator_Website.png","width":800,"height":77,"caption":"Organisator"},"image":{"@id":"https:\/\/www.organisator.ch\/#\/schema\/logo\/image\/"},"sameAs":["https:\/\/www.facebook.com\/OrganisatorFachmagazin","https:\/\/www.linkedin.com\/showcase\/organisator-das-magazin-fr-kmu","https:\/\/www.xing.com\/news\/pages\/organisator-ch-695","https:\/\/www.youtube.com\/channel\/UCGP2Sq0iWaZwT3BdIAQFYpw"]},{"@type":"Person","@id":"https:\/\/www.organisator.ch\/#\/schema\/person\/4e51799071cd2dd1232ac003643ef5f0","name":"galledia","image":{"@type":"ImageObject","inLanguage":"en-US","@id":"https:\/\/secure.gravatar.com\/avatar\/78a7f90c01fc2bfc875782a0d4922b37cde2cf184ce347b91316d23cd7f69a36?s=96&d=mm&r=g","url":"https:\/\/secure.gravatar.com\/avatar\/78a7f90c01fc2bfc875782a0d4922b37cde2cf184ce347b91316d23cd7f69a36?s=96&d=mm&r=g","contentUrl":"https:\/\/secure.gravatar.com\/avatar\/78a7f90c01fc2bfc875782a0d4922b37cde2cf184ce347b91316d23cd7f69a36?s=96&d=mm&r=g","caption":"galledia"},"sameAs":["https:\/\/x.com\/admin"],"url":"https:\/\/www.organisator.ch\/en\/author\/galledia\/"}]}},"_links":{"self":[{"href":"https:\/\/www.organisator.ch\/en\/wp-json\/wp\/v2\/posts\/40497","targetHints":{"allow":["GET"]}}],"collection":[{"href":"https:\/\/www.organisator.ch\/en\/wp-json\/wp\/v2\/posts"}],"about":[{"href":"https:\/\/www.organisator.ch\/en\/wp-json\/wp\/v2\/types\/post"}],"author":[{"embeddable":true,"href":"https:\/\/www.organisator.ch\/en\/wp-json\/wp\/v2\/users\/8"}],"replies":[{"embeddable":true,"href":"https:\/\/www.organisator.ch\/en\/wp-json\/wp\/v2\/comments?post=40497"}],"version-history":[{"count":4,"href":"https:\/\/www.organisator.ch\/en\/wp-json\/wp\/v2\/posts\/40497\/revisions"}],"predecessor-version":[{"id":40509,"href":"https:\/\/www.organisator.ch\/en\/wp-json\/wp\/v2\/posts\/40497\/revisions\/40509"}],"wp:attachment":[{"href":"https:\/\/www.organisator.ch\/en\/wp-json\/wp\/v2\/media?parent=40497"}],"wp:term":[{"taxonomy":"category","embeddable":true,"href":"https:\/\/www.organisator.ch\/en\/wp-json\/wp\/v2\/categories?post=40497"},{"taxonomy":"post_tag","embeddable":true,"href":"https:\/\/www.organisator.ch\/en\/wp-json\/wp\/v2\/tags?post=40497"}],"curies":[{"name":"wp","href":"https:\/\/api.w.org\/{rel}","templated":true}]}}