{"id":40504,"date":"2025-09-11T07:34:07","date_gmt":"2025-09-11T05:34:07","guid":{"rendered":"https:\/\/www.organisator.ch\/?p=40504"},"modified":"2025-09-24T08:33:31","modified_gmt":"2025-09-24T06:33:31","slug":"unternehmerinnen-in-der-nachfolge-erfolgreich-motivierend-und-unterrepraesentiert","status":"publish","type":"post","link":"https:\/\/www.organisator.ch\/en\/management\/2025-09-11\/unternehmerinnen-in-der-nachfolge-erfolgreich-motivierend-und-unterrepraesentiert\/","title":{"rendered":"Female entrepreneurs in succession - successful, motivating and underrepresented"},"content":{"rendered":"<figure id=\"attachment_40505\" aria-describedby=\"caption-attachment-40505\" style=\"width: 680px\" class=\"wp-caption alignnone\"><img loading=\"lazy\" decoding=\"async\" class=\"size-full wp-image-40505\" src=\"https:\/\/www.organisator.ch\/wp-content\/uploads\/2025\/09\/Unternehmerinnen-in-der-Nachfolge---erfolgreich-motivierend-und-unterrepraesentiert-_Organisator.jpg\" alt=\"\" width=\"680\" height=\"498\" srcset=\"\" sizes=\"auto, (max-width: 680px) 100vw, 680px\" data-srcset=\"\" \/><figcaption id=\"caption-attachment-40505\" class=\"wp-caption-text\">The participants of the panel at the CHDU General Assembly 2025, from left to right: Carla Kaufmann, Vice President CHDU, Andreas Camenzind, Investment Director Renaissance Investment Foundation, Carmen Alvarez and Nadine Zdych, Alemania Deutschschule AG, Anita and Svenja Stebler, Kehrer Stebler AG (s: stebler). (Picture: CHDU)<\/figcaption><\/figure>\n<p>Best practices from an internal and external family perspective were the focus of this year's CHDU members' meeting. With Anita and Svenja Stebler, Kehrer Stebler AG (s: stebler), as well as Carmen Alvarez and Nadine Zdych, Alemania Deutschschule AG, the Swiss umbrella organization for corporate succession presented successful female entrepreneurs from both succession scenarios. The panel was complemented by Andreas Camenzind, Investment Director of the Renaissance Investment Foundation, which ensures the succession of Swiss SMEs with a unique investment model. The conclusion of the interviews and panel moderated by CHDU Vice President Carla Kaufmann was clear: succession solutions are an attractive alternative to founding a company - as various female entrepreneurs have recognized and successfully implemented. Their stories are still too little known. This makes it all the more important to further strengthen their role model function and appeal in the Swiss succession market, which is what the CHDU is committed to.<\/p>\n<h3><strong>Never \"have to\"<\/strong><\/h3>\n<p>\"Absolute voluntariness was the decisive basis of our succession process right from the start. It was important to us that our daughter Svenja was able to choose her career path free of expectations,\" emphasizes Anita Stebler, CIO &amp; CFO of Kehrer Stebler AG. After gaining experience in other companies, Svenja Stebler made a conscious decision to become a successor. Today, she is responsible for digitalization projects and is a board delegate at Kehrer Stebler AG. \"Succession is not only an entrepreneurial task, but also a macroeconomic one. If we act wisely today, we will secure jobs, innovation and the quality of the location tomorrow. So it's all the better that Svenja is involved in this context as a co-creator,\" says Anita Stebler.<\/p>\n<h3><strong>Better to follow than to found<\/strong><\/h3>\n<p>In view of the fact that nine out of ten start-ups fail, former investors Carmen Alvarez and Nadine Zdych made a conscious decision to take the path of company succession. \"The offer to take over Alemania Deutschschule AG came unexpectedly - but it quickly became clear that this was an opportunity to expand an existing business model for the future and make it commercially successful again. So why start from scratch when you can build on what already exists,\" is how Co-CEO Nadine Zdych sums it up. Today, Alemania Deutschschule AG is one of the leading providers of German lessons in Switzerland.<\/p>\n<h3><strong>When female entrepreneurs write the future<\/strong><\/h3>\n<p>For the Renaissance Investment Foundation, corporate culture, innovative strength and continuity are among the key success factors in the succession process. \"From our many years of supporting family and external successions, we know numerous examples of female entrepreneurs who have made a decisive impact on companies - one of the most impressive is Solo Swiss SA, where the daughter implemented a successful turnaround after taking over from her father, before we were allowed to take over the company in a sustainable state,\" says Investment Director Andreas Camenzind. Renaissance is also specifically committed to equal career opportunities - for example through training initiatives with apprenticeships in technical professions, projects such as <em>Women in the industry<\/em> at Condis SA or the financial support for childcare. \"This underlines the fact that our long-term ESG strategy is not a <em>nice-to-have<\/em> but is an integral part of what we do,\" says Camenzind.<\/p>\n<p>Succession situations in particular show how fresh impetus and new ideas inspire the innovative strength and resilience of Swiss SMEs and make them unique. All the more reason to motivate entrepreneurs for succession, says the CHDU.<\/p>\n<p><em>Source: <a href=\"http:\/\/www.chdu.ch\">CHDU<\/a><\/em><\/p>","protected":false},"excerpt":{"rendered":"<p>\"Women entrepreneurs in succession\" was the focus topic of the supporting program of the third general meeting of the Swiss Umbrella Association for Business Succession - CHDU on 3 September 2025. The focus was on best practices from an internal and external family perspective. <\/p>","protected":false},"author":4,"featured_media":40505,"comment_status":"closed","ping_status":"closed","sticky":false,"template":"","format":"standard","meta":{"_acf_changed":false,"_yoast_wpseo_focuskw":"Nachfolge","_yoast_wpseo_metadesc":"\u00abUnternehmerinnen in der Nachfolge\u00bb lautete das Fokusthema des Rahmenprogramms der dritten Mitgliederversammlung des CHDU.","articlekey":"","footnotes":""},"categories":[28],"tags":[207,335,4143,503],"class_list":["post-40504","post","type-post","status-publish","format-standard","has-post-thumbnail","hentry","category-management","tag-firmennachfolge","tag-management-und-unternehmensfuehrung","tag-unternehmerinnen","tag-verbaende"],"acf":[],"yoast_head":"<!-- This site is optimized with the Yoast SEO plugin v27.4 - https:\/\/yoast.com\/product\/yoast-seo-wordpress\/ -->\n<title>Unternehmerinnen in der Nachfolge \u2013 erfolgreich, motivierend und unterrepr\u00e4sentiert - Organisator<\/title>\n<meta name=\"description\" content=\"\u00abUnternehmerinnen in der Nachfolge\u00bb lautete das Fokusthema des Rahmenprogramms der dritten Mitgliederversammlung des CHDU.\" \/>\n<meta name=\"robots\" content=\"index, follow, max-snippet:-1, max-image-preview:large, max-video-preview:-1\" \/>\n<link rel=\"canonical\" href=\"https:\/\/www.organisator.ch\/en\/management\/2025-09-11\/unternehmerinnen-in-der-nachfolge-erfolgreich-motivierend-und-unterrepraesentiert\/\" \/>\n<meta property=\"og:locale\" content=\"en_US\" \/>\n<meta property=\"og:type\" content=\"article\" \/>\n<meta property=\"og:title\" content=\"Unternehmerinnen in der Nachfolge \u2013 erfolgreich, motivierend und unterrepr\u00e4sentiert\" \/>\n<meta property=\"og:description\" content=\"\u00abUnternehmerinnen in der Nachfolge\u00bb lautete das Fokusthema des Rahmenprogramms der dritten Mitgliederversammlung des CHDU.\" \/>\n<meta property=\"og:url\" content=\"https:\/\/www.organisator.ch\/en\/management\/2025-09-11\/unternehmerinnen-in-der-nachfolge-erfolgreich-motivierend-und-unterrepraesentiert\/\" \/>\n<meta property=\"og:site_name\" content=\"Organisator\" \/>\n<meta property=\"article:publisher\" content=\"https:\/\/www.facebook.com\/OrganisatorFachmagazin\" \/>\n<meta property=\"article:published_time\" content=\"2025-09-11T05:34:07+00:00\" \/>\n<meta property=\"article:modified_time\" content=\"2025-09-24T06:33:31+00:00\" \/>\n<meta property=\"og:image\" content=\"https:\/\/www.organisator.ch\/wp-content\/uploads\/2025\/09\/Unternehmerinnen-in-der-Nachfolge-\u2013-erfolgreich-motivierend-und-unterrepraesentiert-_Organisator.jpg\" \/>\n\t<meta property=\"og:image:width\" content=\"680\" \/>\n\t<meta property=\"og:image:height\" content=\"498\" \/>\n\t<meta property=\"og:image:type\" content=\"image\/jpeg\" \/>\n<meta name=\"author\" content=\"thomas.berner\" \/>\n<meta name=\"twitter:card\" content=\"summary_large_image\" \/>\n<meta name=\"twitter:title\" content=\"#Unternehmerinnen in der #Nachfolge \u2013 erfolgreich, motivierend und unterrepr\u00e4sentiert\" \/>\n<meta name=\"twitter:description\" content=\"\u00abUnternehmerinnen in der Nachfolge\u00bb lautete das Fokusthema des Rahmenprogramms der dritten Mitgliederversammlung des #CHDU.\" \/>\n<meta name=\"twitter:image\" content=\"https:\/\/www.organisator.ch\/wp-content\/uploads\/2025\/09\/Unternehmerinnen-in-der-Nachfolge-\u2013-erfolgreich-motivierend-und-unterrepraesentiert-_Organisator.jpg\" \/>\n<script type=\"application\/ld+json\" class=\"yoast-schema-graph\">{\"@context\":\"https:\\\/\\\/schema.org\",\"@graph\":[{\"@type\":\"Article\",\"@id\":\"https:\\\/\\\/www.organisator.ch\\\/management\\\/2025-09-11\\\/unternehmerinnen-in-der-nachfolge-erfolgreich-motivierend-und-unterrepraesentiert\\\/#article\",\"isPartOf\":{\"@id\":\"https:\\\/\\\/www.organisator.ch\\\/management\\\/2025-09-11\\\/unternehmerinnen-in-der-nachfolge-erfolgreich-motivierend-und-unterrepraesentiert\\\/\"},\"author\":{\"name\":\"thomas.berner\",\"@id\":\"https:\\\/\\\/www.organisator.ch\\\/#\\\/schema\\\/person\\\/6f650f90b2842cd4c0cc334b4e36f67e\"},\"headline\":\"Unternehmerinnen in der Nachfolge \u2013 erfolgreich, motivierend und unterrepr\u00e4sentiert\",\"datePublished\":\"2025-09-11T05:34:07+00:00\",\"dateModified\":\"2025-09-24T06:33:31+00:00\",\"mainEntityOfPage\":{\"@id\":\"https:\\\/\\\/www.organisator.ch\\\/management\\\/2025-09-11\\\/unternehmerinnen-in-der-nachfolge-erfolgreich-motivierend-und-unterrepraesentiert\\\/\"},\"wordCount\":576,\"publisher\":{\"@id\":\"https:\\\/\\\/www.organisator.ch\\\/#organization\"},\"image\":{\"@id\":\"https:\\\/\\\/www.organisator.ch\\\/management\\\/2025-09-11\\\/unternehmerinnen-in-der-nachfolge-erfolgreich-motivierend-und-unterrepraesentiert\\\/#primaryimage\"},\"thumbnailUrl\":\"https:\\\/\\\/www.organisator.ch\\\/wp-content\\\/uploads\\\/2025\\\/09\\\/Unternehmerinnen-in-der-Nachfolge-\u2013-erfolgreich-motivierend-und-unterrepraesentiert-_Organisator.jpg\",\"keywords\":[\"Firmennachfolge\",\"Management und Unternehmensf\u00fchrung\",\"Unternehmerinnen\",\"Verb\u00e4nde\"],\"articleSection\":[\"MANAGEMENT\"],\"inLanguage\":\"en-US\"},{\"@type\":\"WebPage\",\"@id\":\"https:\\\/\\\/www.organisator.ch\\\/management\\\/2025-09-11\\\/unternehmerinnen-in-der-nachfolge-erfolgreich-motivierend-und-unterrepraesentiert\\\/\",\"url\":\"https:\\\/\\\/www.organisator.ch\\\/management\\\/2025-09-11\\\/unternehmerinnen-in-der-nachfolge-erfolgreich-motivierend-und-unterrepraesentiert\\\/\",\"name\":\"Unternehmerinnen in der Nachfolge \u2013 erfolgreich, motivierend und unterrepr\u00e4sentiert - Organisator\",\"isPartOf\":{\"@id\":\"https:\\\/\\\/www.organisator.ch\\\/#website\"},\"primaryImageOfPage\":{\"@id\":\"https:\\\/\\\/www.organisator.ch\\\/management\\\/2025-09-11\\\/unternehmerinnen-in-der-nachfolge-erfolgreich-motivierend-und-unterrepraesentiert\\\/#primaryimage\"},\"image\":{\"@id\":\"https:\\\/\\\/www.organisator.ch\\\/management\\\/2025-09-11\\\/unternehmerinnen-in-der-nachfolge-erfolgreich-motivierend-und-unterrepraesentiert\\\/#primaryimage\"},\"thumbnailUrl\":\"https:\\\/\\\/www.organisator.ch\\\/wp-content\\\/uploads\\\/2025\\\/09\\\/Unternehmerinnen-in-der-Nachfolge-\u2013-erfolgreich-motivierend-und-unterrepraesentiert-_Organisator.jpg\",\"datePublished\":\"2025-09-11T05:34:07+00:00\",\"dateModified\":\"2025-09-24T06:33:31+00:00\",\"description\":\"\u00abUnternehmerinnen in der Nachfolge\u00bb lautete das Fokusthema des Rahmenprogramms der dritten Mitgliederversammlung des CHDU.\",\"breadcrumb\":{\"@id\":\"https:\\\/\\\/www.organisator.ch\\\/management\\\/2025-09-11\\\/unternehmerinnen-in-der-nachfolge-erfolgreich-motivierend-und-unterrepraesentiert\\\/#breadcrumb\"},\"inLanguage\":\"en-US\",\"potentialAction\":[{\"@type\":\"ReadAction\",\"target\":[\"https:\\\/\\\/www.organisator.ch\\\/management\\\/2025-09-11\\\/unternehmerinnen-in-der-nachfolge-erfolgreich-motivierend-und-unterrepraesentiert\\\/\"]}]},{\"@type\":\"ImageObject\",\"inLanguage\":\"en-US\",\"@id\":\"https:\\\/\\\/www.organisator.ch\\\/management\\\/2025-09-11\\\/unternehmerinnen-in-der-nachfolge-erfolgreich-motivierend-und-unterrepraesentiert\\\/#primaryimage\",\"url\":\"https:\\\/\\\/www.organisator.ch\\\/wp-content\\\/uploads\\\/2025\\\/09\\\/Unternehmerinnen-in-der-Nachfolge-\u2013-erfolgreich-motivierend-und-unterrepraesentiert-_Organisator.jpg\",\"contentUrl\":\"https:\\\/\\\/www.organisator.ch\\\/wp-content\\\/uploads\\\/2025\\\/09\\\/Unternehmerinnen-in-der-Nachfolge-\u2013-erfolgreich-motivierend-und-unterrepraesentiert-_Organisator.jpg\",\"width\":680,\"height\":498,\"caption\":\"Die Teilnehmenden des Panels im Rahmen der CHDU-Mitgliederversammlung 2025, vlnr.: Carla Kaufmann, Vizepr\u00e4sidentin CHDU, Andreas Camenzind, Investment Director Renaissance Anlagestiftung, Carmen Alvarez und Nadine Zdych, Alemania Deutschschule AG, Anita und Svenja Stebler, Kehrer Stebler AG (s: stebler). (Bild: CHDU)\"},{\"@type\":\"BreadcrumbList\",\"@id\":\"https:\\\/\\\/www.organisator.ch\\\/management\\\/2025-09-11\\\/unternehmerinnen-in-der-nachfolge-erfolgreich-motivierend-und-unterrepraesentiert\\\/#breadcrumb\",\"itemListElement\":[{\"@type\":\"ListItem\",\"position\":1,\"name\":\"Home\",\"item\":\"https:\\\/\\\/www.organisator.ch\\\/\"},{\"@type\":\"ListItem\",\"position\":2,\"name\":\"Unternehmerinnen in der Nachfolge \u2013 erfolgreich, motivierend und unterrepr\u00e4sentiert\"}]},{\"@type\":\"WebSite\",\"@id\":\"https:\\\/\\\/www.organisator.ch\\\/#website\",\"url\":\"https:\\\/\\\/www.organisator.ch\\\/\",\"name\":\"Organisator\",\"description\":\"Kompetent. Praxisnah. Der ORGANISATOR bereitet in 10 Ausgaben pro Jahr die wesentlichen Themen f\u00fcr F\u00fchrungskr\u00e4fte von KMU auf.\",\"publisher\":{\"@id\":\"https:\\\/\\\/www.organisator.ch\\\/#organization\"},\"potentialAction\":[{\"@type\":\"SearchAction\",\"target\":{\"@type\":\"EntryPoint\",\"urlTemplate\":\"https:\\\/\\\/www.organisator.ch\\\/?s={search_term_string}\"},\"query-input\":{\"@type\":\"PropertyValueSpecification\",\"valueRequired\":true,\"valueName\":\"search_term_string\"}}],\"inLanguage\":\"en-US\"},{\"@type\":\"Organization\",\"@id\":\"https:\\\/\\\/www.organisator.ch\\\/#organization\",\"name\":\"Organisator\",\"url\":\"https:\\\/\\\/www.organisator.ch\\\/\",\"logo\":{\"@type\":\"ImageObject\",\"inLanguage\":\"en-US\",\"@id\":\"https:\\\/\\\/www.organisator.ch\\\/#\\\/schema\\\/logo\\\/image\\\/\",\"url\":\"https:\\\/\\\/www.organisator.ch\\\/wp-content\\\/uploads\\\/2022\\\/01\\\/Logo_Organisator_Website.png\",\"contentUrl\":\"https:\\\/\\\/www.organisator.ch\\\/wp-content\\\/uploads\\\/2022\\\/01\\\/Logo_Organisator_Website.png\",\"width\":800,\"height\":77,\"caption\":\"Organisator\"},\"image\":{\"@id\":\"https:\\\/\\\/www.organisator.ch\\\/#\\\/schema\\\/logo\\\/image\\\/\"},\"sameAs\":[\"https:\\\/\\\/www.facebook.com\\\/OrganisatorFachmagazin\",\"https:\\\/\\\/www.linkedin.com\\\/showcase\\\/organisator-das-magazin-fr-kmu\",\"https:\\\/\\\/www.xing.com\\\/news\\\/pages\\\/organisator-ch-695\",\"https:\\\/\\\/www.youtube.com\\\/channel\\\/UCGP2Sq0iWaZwT3BdIAQFYpw\"]},{\"@type\":\"Person\",\"@id\":\"https:\\\/\\\/www.organisator.ch\\\/#\\\/schema\\\/person\\\/6f650f90b2842cd4c0cc334b4e36f67e\",\"name\":\"thomas.berner\",\"image\":{\"@type\":\"ImageObject\",\"inLanguage\":\"en-US\",\"@id\":\"https:\\\/\\\/secure.gravatar.com\\\/avatar\\\/ac5001d2a36cb6c6cd3e50789007ffca834b477b74a2144564522e944eabff61?s=96&d=mm&r=g\",\"url\":\"https:\\\/\\\/secure.gravatar.com\\\/avatar\\\/ac5001d2a36cb6c6cd3e50789007ffca834b477b74a2144564522e944eabff61?s=96&d=mm&r=g\",\"contentUrl\":\"https:\\\/\\\/secure.gravatar.com\\\/avatar\\\/ac5001d2a36cb6c6cd3e50789007ffca834b477b74a2144564522e944eabff61?s=96&d=mm&r=g\",\"caption\":\"thomas.berner\"},\"url\":\"https:\\\/\\\/www.organisator.ch\\\/en\\\/author\\\/thomas-berner\\\/\"}]}<\/script>\n<!-- \/ Yoast SEO plugin. -->","yoast_head_json":{"title":"Female entrepreneurs in succession - successful, motivating and underrepresented - Organizer","description":"\"Female entrepreneurs in succession\" was the focus topic of the supporting program of the CHDU's third general meeting.","robots":{"index":"index","follow":"follow","max-snippet":"max-snippet:-1","max-image-preview":"max-image-preview:large","max-video-preview":"max-video-preview:-1"},"canonical":"https:\/\/www.organisator.ch\/en\/management\/2025-09-11\/unternehmerinnen-in-der-nachfolge-erfolgreich-motivierend-und-unterrepraesentiert\/","og_locale":"en_US","og_type":"article","og_title":"Unternehmerinnen in der Nachfolge \u2013 erfolgreich, motivierend und unterrepr\u00e4sentiert","og_description":"\u00abUnternehmerinnen in der Nachfolge\u00bb lautete das Fokusthema des Rahmenprogramms der dritten Mitgliederversammlung des CHDU.","og_url":"https:\/\/www.organisator.ch\/en\/management\/2025-09-11\/unternehmerinnen-in-der-nachfolge-erfolgreich-motivierend-und-unterrepraesentiert\/","og_site_name":"Organisator","article_publisher":"https:\/\/www.facebook.com\/OrganisatorFachmagazin","article_published_time":"2025-09-11T05:34:07+00:00","article_modified_time":"2025-09-24T06:33:31+00:00","og_image":[{"width":680,"height":498,"url":"https:\/\/www.organisator.ch\/wp-content\/uploads\/2025\/09\/Unternehmerinnen-in-der-Nachfolge-\u2013-erfolgreich-motivierend-und-unterrepraesentiert-_Organisator.jpg","type":"image\/jpeg"}],"author":"thomas.berner","twitter_card":"summary_large_image","twitter_title":"#Unternehmerinnen in der #Nachfolge \u2013 erfolgreich, motivierend und unterrepr\u00e4sentiert","twitter_description":"\u00abUnternehmerinnen in der Nachfolge\u00bb lautete das Fokusthema des Rahmenprogramms der dritten Mitgliederversammlung des #CHDU.","twitter_image":"https:\/\/www.organisator.ch\/wp-content\/uploads\/2025\/09\/Unternehmerinnen-in-der-Nachfolge-\u2013-erfolgreich-motivierend-und-unterrepraesentiert-_Organisator.jpg","schema":{"@context":"https:\/\/schema.org","@graph":[{"@type":"Article","@id":"https:\/\/www.organisator.ch\/management\/2025-09-11\/unternehmerinnen-in-der-nachfolge-erfolgreich-motivierend-und-unterrepraesentiert\/#article","isPartOf":{"@id":"https:\/\/www.organisator.ch\/management\/2025-09-11\/unternehmerinnen-in-der-nachfolge-erfolgreich-motivierend-und-unterrepraesentiert\/"},"author":{"name":"thomas.berner","@id":"https:\/\/www.organisator.ch\/#\/schema\/person\/6f650f90b2842cd4c0cc334b4e36f67e"},"headline":"Unternehmerinnen in der Nachfolge \u2013 erfolgreich, motivierend und unterrepr\u00e4sentiert","datePublished":"2025-09-11T05:34:07+00:00","dateModified":"2025-09-24T06:33:31+00:00","mainEntityOfPage":{"@id":"https:\/\/www.organisator.ch\/management\/2025-09-11\/unternehmerinnen-in-der-nachfolge-erfolgreich-motivierend-und-unterrepraesentiert\/"},"wordCount":576,"publisher":{"@id":"https:\/\/www.organisator.ch\/#organization"},"image":{"@id":"https:\/\/www.organisator.ch\/management\/2025-09-11\/unternehmerinnen-in-der-nachfolge-erfolgreich-motivierend-und-unterrepraesentiert\/#primaryimage"},"thumbnailUrl":"https:\/\/www.organisator.ch\/wp-content\/uploads\/2025\/09\/Unternehmerinnen-in-der-Nachfolge-\u2013-erfolgreich-motivierend-und-unterrepraesentiert-_Organisator.jpg","keywords":["Firmennachfolge","Management und Unternehmensf\u00fchrung","Unternehmerinnen","Verb\u00e4nde"],"articleSection":["MANAGEMENT"],"inLanguage":"en-US"},{"@type":"WebPage","@id":"https:\/\/www.organisator.ch\/management\/2025-09-11\/unternehmerinnen-in-der-nachfolge-erfolgreich-motivierend-und-unterrepraesentiert\/","url":"https:\/\/www.organisator.ch\/management\/2025-09-11\/unternehmerinnen-in-der-nachfolge-erfolgreich-motivierend-und-unterrepraesentiert\/","name":"Female entrepreneurs in succession - successful, motivating and underrepresented - Organizer","isPartOf":{"@id":"https:\/\/www.organisator.ch\/#website"},"primaryImageOfPage":{"@id":"https:\/\/www.organisator.ch\/management\/2025-09-11\/unternehmerinnen-in-der-nachfolge-erfolgreich-motivierend-und-unterrepraesentiert\/#primaryimage"},"image":{"@id":"https:\/\/www.organisator.ch\/management\/2025-09-11\/unternehmerinnen-in-der-nachfolge-erfolgreich-motivierend-und-unterrepraesentiert\/#primaryimage"},"thumbnailUrl":"https:\/\/www.organisator.ch\/wp-content\/uploads\/2025\/09\/Unternehmerinnen-in-der-Nachfolge-\u2013-erfolgreich-motivierend-und-unterrepraesentiert-_Organisator.jpg","datePublished":"2025-09-11T05:34:07+00:00","dateModified":"2025-09-24T06:33:31+00:00","description":"\"Female entrepreneurs in succession\" was the focus topic of the supporting program of the CHDU's third general meeting.","breadcrumb":{"@id":"https:\/\/www.organisator.ch\/management\/2025-09-11\/unternehmerinnen-in-der-nachfolge-erfolgreich-motivierend-und-unterrepraesentiert\/#breadcrumb"},"inLanguage":"en-US","potentialAction":[{"@type":"ReadAction","target":["https:\/\/www.organisator.ch\/management\/2025-09-11\/unternehmerinnen-in-der-nachfolge-erfolgreich-motivierend-und-unterrepraesentiert\/"]}]},{"@type":"ImageObject","inLanguage":"en-US","@id":"https:\/\/www.organisator.ch\/management\/2025-09-11\/unternehmerinnen-in-der-nachfolge-erfolgreich-motivierend-und-unterrepraesentiert\/#primaryimage","url":"https:\/\/www.organisator.ch\/wp-content\/uploads\/2025\/09\/Unternehmerinnen-in-der-Nachfolge-\u2013-erfolgreich-motivierend-und-unterrepraesentiert-_Organisator.jpg","contentUrl":"https:\/\/www.organisator.ch\/wp-content\/uploads\/2025\/09\/Unternehmerinnen-in-der-Nachfolge-\u2013-erfolgreich-motivierend-und-unterrepraesentiert-_Organisator.jpg","width":680,"height":498,"caption":"Die Teilnehmenden des Panels im Rahmen der CHDU-Mitgliederversammlung 2025, vlnr.: Carla Kaufmann, Vizepr\u00e4sidentin CHDU, Andreas Camenzind, Investment Director Renaissance Anlagestiftung, Carmen Alvarez und Nadine Zdych, Alemania Deutschschule AG, Anita und Svenja Stebler, Kehrer Stebler AG (s: stebler). (Bild: CHDU)"},{"@type":"BreadcrumbList","@id":"https:\/\/www.organisator.ch\/management\/2025-09-11\/unternehmerinnen-in-der-nachfolge-erfolgreich-motivierend-und-unterrepraesentiert\/#breadcrumb","itemListElement":[{"@type":"ListItem","position":1,"name":"Home","item":"https:\/\/www.organisator.ch\/"},{"@type":"ListItem","position":2,"name":"Unternehmerinnen in der Nachfolge \u2013 erfolgreich, motivierend und unterrepr\u00e4sentiert"}]},{"@type":"WebSite","@id":"https:\/\/www.organisator.ch\/#website","url":"https:\/\/www.organisator.ch\/","name":"Organizer","description":"Competent. Practical. In 10 issues per year, ORGANISATOR presents the essential topics for managers of SMEs.","publisher":{"@id":"https:\/\/www.organisator.ch\/#organization"},"potentialAction":[{"@type":"SearchAction","target":{"@type":"EntryPoint","urlTemplate":"https:\/\/www.organisator.ch\/?s={search_term_string}"},"query-input":{"@type":"PropertyValueSpecification","valueRequired":true,"valueName":"search_term_string"}}],"inLanguage":"en-US"},{"@type":"Organization","@id":"https:\/\/www.organisator.ch\/#organization","name":"Organizer","url":"https:\/\/www.organisator.ch\/","logo":{"@type":"ImageObject","inLanguage":"en-US","@id":"https:\/\/www.organisator.ch\/#\/schema\/logo\/image\/","url":"https:\/\/www.organisator.ch\/wp-content\/uploads\/2022\/01\/Logo_Organisator_Website.png","contentUrl":"https:\/\/www.organisator.ch\/wp-content\/uploads\/2022\/01\/Logo_Organisator_Website.png","width":800,"height":77,"caption":"Organisator"},"image":{"@id":"https:\/\/www.organisator.ch\/#\/schema\/logo\/image\/"},"sameAs":["https:\/\/www.facebook.com\/OrganisatorFachmagazin","https:\/\/www.linkedin.com\/showcase\/organisator-das-magazin-fr-kmu","https:\/\/www.xing.com\/news\/pages\/organisator-ch-695","https:\/\/www.youtube.com\/channel\/UCGP2Sq0iWaZwT3BdIAQFYpw"]},{"@type":"Person","@id":"https:\/\/www.organisator.ch\/#\/schema\/person\/6f650f90b2842cd4c0cc334b4e36f67e","name":"thomas.berner","image":{"@type":"ImageObject","inLanguage":"en-US","@id":"https:\/\/secure.gravatar.com\/avatar\/ac5001d2a36cb6c6cd3e50789007ffca834b477b74a2144564522e944eabff61?s=96&d=mm&r=g","url":"https:\/\/secure.gravatar.com\/avatar\/ac5001d2a36cb6c6cd3e50789007ffca834b477b74a2144564522e944eabff61?s=96&d=mm&r=g","contentUrl":"https:\/\/secure.gravatar.com\/avatar\/ac5001d2a36cb6c6cd3e50789007ffca834b477b74a2144564522e944eabff61?s=96&d=mm&r=g","caption":"thomas.berner"},"url":"https:\/\/www.organisator.ch\/en\/author\/thomas-berner\/"}]}},"_links":{"self":[{"href":"https:\/\/www.organisator.ch\/en\/wp-json\/wp\/v2\/posts\/40504","targetHints":{"allow":["GET"]}}],"collection":[{"href":"https:\/\/www.organisator.ch\/en\/wp-json\/wp\/v2\/posts"}],"about":[{"href":"https:\/\/www.organisator.ch\/en\/wp-json\/wp\/v2\/types\/post"}],"author":[{"embeddable":true,"href":"https:\/\/www.organisator.ch\/en\/wp-json\/wp\/v2\/users\/4"}],"replies":[{"embeddable":true,"href":"https:\/\/www.organisator.ch\/en\/wp-json\/wp\/v2\/comments?post=40504"}],"version-history":[{"count":4,"href":"https:\/\/www.organisator.ch\/en\/wp-json\/wp\/v2\/posts\/40504\/revisions"}],"predecessor-version":[{"id":40681,"href":"https:\/\/www.organisator.ch\/en\/wp-json\/wp\/v2\/posts\/40504\/revisions\/40681"}],"wp:featuredmedia":[{"embeddable":true,"href":"https:\/\/www.organisator.ch\/en\/wp-json\/wp\/v2\/media\/40505"}],"wp:attachment":[{"href":"https:\/\/www.organisator.ch\/en\/wp-json\/wp\/v2\/media?parent=40504"}],"wp:term":[{"taxonomy":"category","embeddable":true,"href":"https:\/\/www.organisator.ch\/en\/wp-json\/wp\/v2\/categories?post=40504"},{"taxonomy":"post_tag","embeddable":true,"href":"https:\/\/www.organisator.ch\/en\/wp-json\/wp\/v2\/tags?post=40504"}],"curies":[{"name":"wp","href":"https:\/\/api.w.org\/{rel}","templated":true}]}}