{"id":40540,"date":"2025-09-15T14:32:01","date_gmt":"2025-09-15T12:32:01","guid":{"rendered":"https:\/\/www.markt-kom.com\/?p=240448"},"modified":"2025-09-15T14:29:11","modified_gmt":"2025-09-15T12:29:11","slug":"sarah-levy-swisscom-souveraenitaet-beschleunigt-die-ki-innovation","status":"publish","type":"post","link":"https:\/\/www.organisator.ch\/en\/marketing\/2025-09-15\/sarah-levy-swisscom-souveraenitaet-beschleunigt-die-ki-innovation\/","title":{"rendered":"Sarah Levy, Swisscom: \"Sovereignty accelerates AI innovation\""},"content":{"rendered":"<figure id=\"attachment_240461\" class=\"wp-caption alignnone\" style=\"width: 1300px;\" aria-describedby=\"caption-attachment-240461\"><img class=\"wp-image-240461 size-full\" src=\"https:\/\/www.markt-kom.com\/wp-content\/uploads\/2025\/09\/levy11200-scaled.png\" sizes=\"(max-width: 1300px) 100vw, 1300px\" srcset=\"https:\/\/www.markt-kom.com\/wp-content\/uploads\/2025\/09\/levy11200-scaled.png 1300w, https:\/\/www.markt-kom.com\/wp-content\/uploads\/2025\/09\/levy11200-600x338.png 600w, https:\/\/www.markt-kom.com\/wp-content\/uploads\/2025\/09\/levy11200-1024x576.png 1024w, https:\/\/www.markt-kom.com\/wp-content\/uploads\/2025\/09\/levy11200-768x432.png 768w, https:\/\/www.markt-kom.com\/wp-content\/uploads\/2025\/09\/levy11200-1536x864.png 1536w, https:\/\/www.markt-kom.com\/wp-content\/uploads\/2025\/09\/levy11200-18x10.png 18w, https:\/\/www.markt-kom.com\/wp-content\/uploads\/2025\/09\/levy11200-311x175.png 311w, https:\/\/www.markt-kom.com\/wp-content\/uploads\/2025\/09\/levy11200-622x350.png 622w, https:\/\/www.markt-kom.com\/wp-content\/uploads\/2025\/09\/levy11200-1000x563.png 1000w\" alt=\"\" width=\"1300\" height=\"732\" \/>\r\n<figcaption id=\"caption-attachment-240461\" class=\"wp-caption-text\">Sarah Levy, Swisscom, im AI-Videopodcast der Schweizerischen Text Akademie.<\/figcaption>\r\n<\/figure>\r\n<p class=\"my-2 [&amp;+p]:mt-4 [&amp;_strong:has(+br)]:inline-block [&amp;_strong:has(+br)]:pb-2\">Die Juristin und Leiterin der Swiss AI Platform gibt im AI-Podcast der Text Akademie im Gespr\u00e4ch mit Christoph Soltmannowski Einblicke, wie Swisscom KI bereits nutzt und wie schwierig die breite Einf\u00fchrung in der Schweiz noch ist.<\/p>\r\n<p class=\"my-2 [&amp;+p]:mt-4 [&amp;_strong:has(+br)]:inline-block [&amp;_strong:has(+br)]:pb-2\">Swisscom setzt KI heute schon vielf\u00e4ltig ein: Der virtuelle Assistent \u00abSam\u00bb bearbeitet Millionen von Kundenanfragen selbstst\u00e4ndig. Auch bei Programmierung, Wissensabfragen oder der Netzoptimierung unterst\u00fctzt KI. \u00dcber 100 Millionen Franken investiert Swisscom in den Ausbau \u2013 in der Schweiz und Italien. Die Swiss AI Platform l\u00e4uft in Schweizer Rechenzentren und richtet sich vor allem an regulierte Branchen wie Banken und Gesundheit.<\/p>\r\n<h3 class=\"mb-2 mt-4 font-display font-semimedium text-base first:mt-0\">H\u00fcrden bremsen die Schweizer Unternehmen<\/h3>\r\n<p class=\"my-2 [&amp;+p]:mt-4 [&amp;_strong:has(+br)]:inline-block [&amp;_strong:has(+br)]:pb-2\">Viele Unternehmen bleiben auf der Pilotstufe h\u00e4ngen. Gr\u00fcnde sind fehlendes Know-how, hohe Kosten und Datenschutzfragen. W\u00e4hrend internationale Firmen experimenteller vorgehen, setzt die Schweiz auf Qualit\u00e4t und Sicherheit \u2013 was Fortschritte bremst, aber nachhaltig macht. F\u00fcr Levy ist digitale Souver\u00e4nit\u00e4t zentral, um Abh\u00e4ngigkeiten von ausl\u00e4ndischen Modellen und Infrastrukturen zu mindern, gerade bei sensiblen Daten.<\/p>\r\n<p class=\"my-2 [&amp;+p]:mt-4 [&amp;_strong:has(+br)]:inline-block [&amp;_strong:has(+br)]:pb-2\">Verantwortungsvolle KI bedeutet f\u00fcr Levy Transparenz, Fairness und Sicherheit. Sie warnt vor der Fremdpr\u00e4gung zentraler gesellschaftlicher Fragen, wenn wir einseitig auf ausl\u00e4ndische Modelle setzen. Damit die Schweiz unabh\u00e4ngig bleibt, braucht es Strategien zur St\u00e4rkung der Resilienz.<\/p>\r\n<h3 class=\"mb-2 mt-4 font-display font-semimedium text-base first:mt-0\">Apertus als Meilenstein f\u00fcr Unabh\u00e4ngigkeit<\/h3>\r\n<p class=\"my-2 [&amp;+p]:mt-4 [&amp;_strong:has(+br)]:inline-block [&amp;_strong:has(+br)]:pb-2\">Einen Schritt in diese Richtung markiert das neue Sprachmodell Apertus, entwickelt von ETH und EPFL. Es ber\u00fccksichtigt alle Landessprachen, inklusive Romanisch, und wird von Swisscom in sicheren Rechenzentren gehostet. So k\u00f6nnen Unternehmen es einfach einbinden.<\/p>\r\n<p class=\"my-2 [&amp;+p]:mt-4 [&amp;_strong:has(+br)]:inline-block [&amp;_strong:has(+br)]:pb-2\">Swisscom will dabei das \u00d6kosystem pr\u00e4gen. Ziel sei es, KI in den Alltag zu bringen \u2013 durch Pilotprojekte, Skalierung und Vertrauen. F\u00fcr die Zukunft sieht Levy die Schweiz in einer f\u00fchrenden Rolle bei souver\u00e4ner KI: als aktiver Gestalter einer Technologie, die Menschen mehr Zeit f\u00fcr Kreativit\u00e4t und echte Begegnungen schenkt.<\/p>\r\n<p><iframe title=\"#29 | Wie Souver\u00e4nit\u00e4t die KI -Innovation beschleunigt | Gast: Sarah Levy, Swisscom\" src=\"https:\/\/www.youtube.com\/embed\/8fa6MgIfGQU?feature=oembed\" width=\"768\" height=\"432\" frameborder=\"0\" allowfullscreen=\"allowfullscreen\"><\/iframe><\/p>\r\n<p>Diese Folge gibt es auch auf <a href=\"https:\/\/open.spotify.com\/episode\/5bF3yY5ZGBowfnpRb8CnCK?si=dfbea4c0f66c409b\">Spotify<\/a> und auf <a href=\"https:\/\/podcasts.apple.com\/ch\/podcast\/ai-und-gesellschaft-wege-in-die-neue-welt\/id1705531905?i=1000726514116\">Apple Podcasts<\/a>.<\/p>\r\n<hr \/>\r\n<p><em>Der Videopodcast \u00abAI und Gesellschaft \u2013 Wege in die neue Welt\u00bb wird produziert von der Schweizerischen Text Akademie. Monatlich erscheinen zwei Folgen, auf Spotify ( https:\/\/open.spotify.com\/show\/4mSsEJuaShBuanBfBjoAeM?si=01b4363426db4d28) , Youtube <\/em><a href=\"https:\/\/youtube.com\/playlist?list=PL4InE9vz-QptAjyy0QXyk6lWFKXreWEh2&amp;feature=shared\"><em>https:\/\/youtube.com\/playlist?list=PL4InE9vz-QptAjyy0QXyk6lWFKXreWEh2&amp;feature=shared<\/em><\/a><em> und weiteren Podcast-Plattformen.<\/em><\/p>","protected":false},"excerpt":{"rendered":"<p>When it comes to artificial intelligence, Switzerland is feeling its way between opportunities and restraint. Sarah Levy, Head of Swiss AI Platform at Swisscom, explains why digital sovereignty is crucial.<\/p>","protected":false},"author":8,"featured_media":0,"comment_status":"closed","ping_status":"closed","sticky":false,"template":"","format":"standard","meta":{"_acf_changed":false,"_yoast_wpseo_focuskw":"Sarah Levy","_yoast_wpseo_metadesc":"Sarah Levy, Head Swiss AI Platform von Swisscom, erkl\u00e4rt in einem Video-Podcast, warum digitale Souver\u00e4nit\u00e4t entscheidend ist.","articlekey":"","footnotes":""},"categories":[29],"tags":[5536,151,319,4343,2962],"class_list":["post-40540","post","type-post","status-publish","format-standard","hentry","category-marketing","tag-big-picture","tag-digital","tag-kuenstliche-intelligenz","tag-markom","tag-swisscom"],"acf":[],"yoast_head":"<!-- This site is optimized with the Yoast SEO plugin v27.5 - https:\/\/yoast.com\/product\/yoast-seo-wordpress\/ -->\n<title>Sarah Levy, Swisscom: \u00abSouver\u00e4nit\u00e4t beschleunigt die KI-Innovation\u00bb - Organisator<\/title>\n<meta name=\"description\" content=\"Sarah Levy, Head Swiss AI Platform von Swisscom, erkl\u00e4rt in einem Video-Podcast, warum digitale Souver\u00e4nit\u00e4t entscheidend ist.\" \/>\n<meta name=\"robots\" content=\"index, follow, max-snippet:-1, max-image-preview:large, max-video-preview:-1\" \/>\n<link rel=\"canonical\" href=\"https:\/\/www.organisator.ch\/en\/marketing\/2025-09-15\/sarah-levy-swisscom-souveraenitaet-beschleunigt-die-ki-innovation\/\" \/>\n<meta property=\"og:locale\" content=\"en_US\" \/>\n<meta property=\"og:type\" content=\"article\" \/>\n<meta property=\"og:title\" content=\"Sarah Levy, Swisscom: \u00abSouver\u00e4nit\u00e4t beschleunigt die KI-Innovation\u00bb - Organisator\" \/>\n<meta property=\"og:description\" content=\"Sarah Levy, Head Swiss AI Platform von Swisscom, erkl\u00e4rt in einem Video-Podcast, warum digitale Souver\u00e4nit\u00e4t entscheidend ist.\" \/>\n<meta property=\"og:url\" content=\"https:\/\/www.organisator.ch\/en\/marketing\/2025-09-15\/sarah-levy-swisscom-souveraenitaet-beschleunigt-die-ki-innovation\/\" \/>\n<meta property=\"og:site_name\" content=\"Organisator\" \/>\n<meta property=\"article:publisher\" content=\"https:\/\/www.facebook.com\/OrganisatorFachmagazin\" \/>\n<meta property=\"article:published_time\" content=\"2025-09-15T12:32:01+00:00\" \/>\n<meta name=\"author\" content=\"galledia\" \/>\n<meta name=\"twitter:card\" content=\"summary_large_image\" \/>\n<meta name=\"twitter:creator\" content=\"@admin\" \/>\n<script type=\"application\/ld+json\" class=\"yoast-schema-graph\">{\"@context\":\"https:\\\/\\\/schema.org\",\"@graph\":[{\"@type\":\"Article\",\"@id\":\"https:\\\/\\\/www.organisator.ch\\\/marketing\\\/2025-09-15\\\/sarah-levy-swisscom-souveraenitaet-beschleunigt-die-ki-innovation\\\/#article\",\"isPartOf\":{\"@id\":\"https:\\\/\\\/www.organisator.ch\\\/marketing\\\/2025-09-15\\\/sarah-levy-swisscom-souveraenitaet-beschleunigt-die-ki-innovation\\\/\"},\"author\":{\"name\":\"galledia\",\"@id\":\"https:\\\/\\\/www.organisator.ch\\\/#\\\/schema\\\/person\\\/4e51799071cd2dd1232ac003643ef5f0\"},\"headline\":\"Sarah Levy, Swisscom: \u00abSouver\u00e4nit\u00e4t beschleunigt die KI-Innovation\u00bb\",\"datePublished\":\"2025-09-15T12:32:01+00:00\",\"mainEntityOfPage\":{\"@id\":\"https:\\\/\\\/www.organisator.ch\\\/marketing\\\/2025-09-15\\\/sarah-levy-swisscom-souveraenitaet-beschleunigt-die-ki-innovation\\\/\"},\"wordCount\":386,\"publisher\":{\"@id\":\"https:\\\/\\\/www.organisator.ch\\\/#organization\"},\"image\":{\"@id\":\"https:\\\/\\\/www.organisator.ch\\\/marketing\\\/2025-09-15\\\/sarah-levy-swisscom-souveraenitaet-beschleunigt-die-ki-innovation\\\/#primaryimage\"},\"thumbnailUrl\":\"https:\\\/\\\/www.markt-kom.com\\\/wp-content\\\/uploads\\\/2025\\\/09\\\/levy11200-scaled.png\",\"keywords\":[\"Big Picture\",\"Digital\",\"K\u00fcnstliche Intelligenz\",\"MarKom\",\"Swisscom\"],\"articleSection\":[\"MARKETING\"],\"inLanguage\":\"en-US\"},{\"@type\":\"WebPage\",\"@id\":\"https:\\\/\\\/www.organisator.ch\\\/marketing\\\/2025-09-15\\\/sarah-levy-swisscom-souveraenitaet-beschleunigt-die-ki-innovation\\\/\",\"url\":\"https:\\\/\\\/www.organisator.ch\\\/marketing\\\/2025-09-15\\\/sarah-levy-swisscom-souveraenitaet-beschleunigt-die-ki-innovation\\\/\",\"name\":\"Sarah Levy, Swisscom: \u00abSouver\u00e4nit\u00e4t beschleunigt die KI-Innovation\u00bb - Organisator\",\"isPartOf\":{\"@id\":\"https:\\\/\\\/www.organisator.ch\\\/#website\"},\"primaryImageOfPage\":{\"@id\":\"https:\\\/\\\/www.organisator.ch\\\/marketing\\\/2025-09-15\\\/sarah-levy-swisscom-souveraenitaet-beschleunigt-die-ki-innovation\\\/#primaryimage\"},\"image\":{\"@id\":\"https:\\\/\\\/www.organisator.ch\\\/marketing\\\/2025-09-15\\\/sarah-levy-swisscom-souveraenitaet-beschleunigt-die-ki-innovation\\\/#primaryimage\"},\"thumbnailUrl\":\"https:\\\/\\\/www.markt-kom.com\\\/wp-content\\\/uploads\\\/2025\\\/09\\\/levy11200-scaled.png\",\"datePublished\":\"2025-09-15T12:32:01+00:00\",\"description\":\"Sarah Levy, Head Swiss AI Platform von Swisscom, erkl\u00e4rt in einem Video-Podcast, warum digitale Souver\u00e4nit\u00e4t entscheidend ist.\",\"breadcrumb\":{\"@id\":\"https:\\\/\\\/www.organisator.ch\\\/marketing\\\/2025-09-15\\\/sarah-levy-swisscom-souveraenitaet-beschleunigt-die-ki-innovation\\\/#breadcrumb\"},\"inLanguage\":\"en-US\",\"potentialAction\":[{\"@type\":\"ReadAction\",\"target\":[\"https:\\\/\\\/www.organisator.ch\\\/marketing\\\/2025-09-15\\\/sarah-levy-swisscom-souveraenitaet-beschleunigt-die-ki-innovation\\\/\"]}]},{\"@type\":\"ImageObject\",\"inLanguage\":\"en-US\",\"@id\":\"https:\\\/\\\/www.organisator.ch\\\/marketing\\\/2025-09-15\\\/sarah-levy-swisscom-souveraenitaet-beschleunigt-die-ki-innovation\\\/#primaryimage\",\"url\":\"https:\\\/\\\/www.markt-kom.com\\\/wp-content\\\/uploads\\\/2025\\\/09\\\/levy11200-scaled.png\",\"contentUrl\":\"https:\\\/\\\/www.markt-kom.com\\\/wp-content\\\/uploads\\\/2025\\\/09\\\/levy11200-scaled.png\"},{\"@type\":\"BreadcrumbList\",\"@id\":\"https:\\\/\\\/www.organisator.ch\\\/marketing\\\/2025-09-15\\\/sarah-levy-swisscom-souveraenitaet-beschleunigt-die-ki-innovation\\\/#breadcrumb\",\"itemListElement\":[{\"@type\":\"ListItem\",\"position\":1,\"name\":\"Home\",\"item\":\"https:\\\/\\\/www.organisator.ch\\\/\"},{\"@type\":\"ListItem\",\"position\":2,\"name\":\"Sarah Levy, Swisscom: \u00abSouver\u00e4nit\u00e4t beschleunigt die KI-Innovation\u00bb\"}]},{\"@type\":\"WebSite\",\"@id\":\"https:\\\/\\\/www.organisator.ch\\\/#website\",\"url\":\"https:\\\/\\\/www.organisator.ch\\\/\",\"name\":\"Organisator\",\"description\":\"Kompetent. Praxisnah. Der ORGANISATOR bereitet in 10 Ausgaben pro Jahr die wesentlichen Themen f\u00fcr F\u00fchrungskr\u00e4fte von KMU auf.\",\"publisher\":{\"@id\":\"https:\\\/\\\/www.organisator.ch\\\/#organization\"},\"potentialAction\":[{\"@type\":\"SearchAction\",\"target\":{\"@type\":\"EntryPoint\",\"urlTemplate\":\"https:\\\/\\\/www.organisator.ch\\\/?s={search_term_string}\"},\"query-input\":{\"@type\":\"PropertyValueSpecification\",\"valueRequired\":true,\"valueName\":\"search_term_string\"}}],\"inLanguage\":\"en-US\"},{\"@type\":\"Organization\",\"@id\":\"https:\\\/\\\/www.organisator.ch\\\/#organization\",\"name\":\"Organisator\",\"url\":\"https:\\\/\\\/www.organisator.ch\\\/\",\"logo\":{\"@type\":\"ImageObject\",\"inLanguage\":\"en-US\",\"@id\":\"https:\\\/\\\/www.organisator.ch\\\/#\\\/schema\\\/logo\\\/image\\\/\",\"url\":\"https:\\\/\\\/www.organisator.ch\\\/wp-content\\\/uploads\\\/2022\\\/01\\\/Logo_Organisator_Website.png\",\"contentUrl\":\"https:\\\/\\\/www.organisator.ch\\\/wp-content\\\/uploads\\\/2022\\\/01\\\/Logo_Organisator_Website.png\",\"width\":800,\"height\":77,\"caption\":\"Organisator\"},\"image\":{\"@id\":\"https:\\\/\\\/www.organisator.ch\\\/#\\\/schema\\\/logo\\\/image\\\/\"},\"sameAs\":[\"https:\\\/\\\/www.facebook.com\\\/OrganisatorFachmagazin\",\"https:\\\/\\\/www.linkedin.com\\\/showcase\\\/organisator-das-magazin-fr-kmu\",\"https:\\\/\\\/www.xing.com\\\/news\\\/pages\\\/organisator-ch-695\",\"https:\\\/\\\/www.youtube.com\\\/channel\\\/UCGP2Sq0iWaZwT3BdIAQFYpw\"]},{\"@type\":\"Person\",\"@id\":\"https:\\\/\\\/www.organisator.ch\\\/#\\\/schema\\\/person\\\/4e51799071cd2dd1232ac003643ef5f0\",\"name\":\"galledia\",\"image\":{\"@type\":\"ImageObject\",\"inLanguage\":\"en-US\",\"@id\":\"https:\\\/\\\/secure.gravatar.com\\\/avatar\\\/78a7f90c01fc2bfc875782a0d4922b37cde2cf184ce347b91316d23cd7f69a36?s=96&d=mm&r=g\",\"url\":\"https:\\\/\\\/secure.gravatar.com\\\/avatar\\\/78a7f90c01fc2bfc875782a0d4922b37cde2cf184ce347b91316d23cd7f69a36?s=96&d=mm&r=g\",\"contentUrl\":\"https:\\\/\\\/secure.gravatar.com\\\/avatar\\\/78a7f90c01fc2bfc875782a0d4922b37cde2cf184ce347b91316d23cd7f69a36?s=96&d=mm&r=g\",\"caption\":\"galledia\"},\"sameAs\":[\"https:\\\/\\\/x.com\\\/admin\"],\"url\":\"https:\\\/\\\/www.organisator.ch\\\/en\\\/author\\\/galledia\\\/\"}]}<\/script>\n<!-- \/ Yoast SEO plugin. -->","yoast_head_json":{"title":"Sarah Levy, Swisscom: \"Sovereignty accelerates AI innovation\" - Organizer","description":"Sarah Levy, Head of Swiss AI Platform at Swisscom, explains in a video podcast why digital sovereignty is crucial.","robots":{"index":"index","follow":"follow","max-snippet":"max-snippet:-1","max-image-preview":"max-image-preview:large","max-video-preview":"max-video-preview:-1"},"canonical":"https:\/\/www.organisator.ch\/en\/marketing\/2025-09-15\/sarah-levy-swisscom-souveraenitaet-beschleunigt-die-ki-innovation\/","og_locale":"en_US","og_type":"article","og_title":"Sarah Levy, Swisscom: \u00abSouver\u00e4nit\u00e4t beschleunigt die KI-Innovation\u00bb - Organisator","og_description":"Sarah Levy, Head Swiss AI Platform von Swisscom, erkl\u00e4rt in einem Video-Podcast, warum digitale Souver\u00e4nit\u00e4t entscheidend ist.","og_url":"https:\/\/www.organisator.ch\/en\/marketing\/2025-09-15\/sarah-levy-swisscom-souveraenitaet-beschleunigt-die-ki-innovation\/","og_site_name":"Organisator","article_publisher":"https:\/\/www.facebook.com\/OrganisatorFachmagazin","article_published_time":"2025-09-15T12:32:01+00:00","author":"galledia","twitter_card":"summary_large_image","twitter_creator":"@admin","schema":{"@context":"https:\/\/schema.org","@graph":[{"@type":"Article","@id":"https:\/\/www.organisator.ch\/marketing\/2025-09-15\/sarah-levy-swisscom-souveraenitaet-beschleunigt-die-ki-innovation\/#article","isPartOf":{"@id":"https:\/\/www.organisator.ch\/marketing\/2025-09-15\/sarah-levy-swisscom-souveraenitaet-beschleunigt-die-ki-innovation\/"},"author":{"name":"galledia","@id":"https:\/\/www.organisator.ch\/#\/schema\/person\/4e51799071cd2dd1232ac003643ef5f0"},"headline":"Sarah Levy, Swisscom: \u00abSouver\u00e4nit\u00e4t beschleunigt die KI-Innovation\u00bb","datePublished":"2025-09-15T12:32:01+00:00","mainEntityOfPage":{"@id":"https:\/\/www.organisator.ch\/marketing\/2025-09-15\/sarah-levy-swisscom-souveraenitaet-beschleunigt-die-ki-innovation\/"},"wordCount":386,"publisher":{"@id":"https:\/\/www.organisator.ch\/#organization"},"image":{"@id":"https:\/\/www.organisator.ch\/marketing\/2025-09-15\/sarah-levy-swisscom-souveraenitaet-beschleunigt-die-ki-innovation\/#primaryimage"},"thumbnailUrl":"https:\/\/www.markt-kom.com\/wp-content\/uploads\/2025\/09\/levy11200-scaled.png","keywords":["Big Picture","Digital","K\u00fcnstliche Intelligenz","MarKom","Swisscom"],"articleSection":["MARKETING"],"inLanguage":"en-US"},{"@type":"WebPage","@id":"https:\/\/www.organisator.ch\/marketing\/2025-09-15\/sarah-levy-swisscom-souveraenitaet-beschleunigt-die-ki-innovation\/","url":"https:\/\/www.organisator.ch\/marketing\/2025-09-15\/sarah-levy-swisscom-souveraenitaet-beschleunigt-die-ki-innovation\/","name":"Sarah Levy, Swisscom: \"Sovereignty accelerates AI innovation\" - Organizer","isPartOf":{"@id":"https:\/\/www.organisator.ch\/#website"},"primaryImageOfPage":{"@id":"https:\/\/www.organisator.ch\/marketing\/2025-09-15\/sarah-levy-swisscom-souveraenitaet-beschleunigt-die-ki-innovation\/#primaryimage"},"image":{"@id":"https:\/\/www.organisator.ch\/marketing\/2025-09-15\/sarah-levy-swisscom-souveraenitaet-beschleunigt-die-ki-innovation\/#primaryimage"},"thumbnailUrl":"https:\/\/www.markt-kom.com\/wp-content\/uploads\/2025\/09\/levy11200-scaled.png","datePublished":"2025-09-15T12:32:01+00:00","description":"Sarah Levy, Head of Swiss AI Platform at Swisscom, explains in a video podcast why digital sovereignty is crucial.","breadcrumb":{"@id":"https:\/\/www.organisator.ch\/marketing\/2025-09-15\/sarah-levy-swisscom-souveraenitaet-beschleunigt-die-ki-innovation\/#breadcrumb"},"inLanguage":"en-US","potentialAction":[{"@type":"ReadAction","target":["https:\/\/www.organisator.ch\/marketing\/2025-09-15\/sarah-levy-swisscom-souveraenitaet-beschleunigt-die-ki-innovation\/"]}]},{"@type":"ImageObject","inLanguage":"en-US","@id":"https:\/\/www.organisator.ch\/marketing\/2025-09-15\/sarah-levy-swisscom-souveraenitaet-beschleunigt-die-ki-innovation\/#primaryimage","url":"https:\/\/www.markt-kom.com\/wp-content\/uploads\/2025\/09\/levy11200-scaled.png","contentUrl":"https:\/\/www.markt-kom.com\/wp-content\/uploads\/2025\/09\/levy11200-scaled.png"},{"@type":"BreadcrumbList","@id":"https:\/\/www.organisator.ch\/marketing\/2025-09-15\/sarah-levy-swisscom-souveraenitaet-beschleunigt-die-ki-innovation\/#breadcrumb","itemListElement":[{"@type":"ListItem","position":1,"name":"Home","item":"https:\/\/www.organisator.ch\/"},{"@type":"ListItem","position":2,"name":"Sarah Levy, Swisscom: \u00abSouver\u00e4nit\u00e4t beschleunigt die KI-Innovation\u00bb"}]},{"@type":"WebSite","@id":"https:\/\/www.organisator.ch\/#website","url":"https:\/\/www.organisator.ch\/","name":"Organizer","description":"Competent. Practical. In 10 issues per year, ORGANISATOR presents the essential topics for managers of SMEs.","publisher":{"@id":"https:\/\/www.organisator.ch\/#organization"},"potentialAction":[{"@type":"SearchAction","target":{"@type":"EntryPoint","urlTemplate":"https:\/\/www.organisator.ch\/?s={search_term_string}"},"query-input":{"@type":"PropertyValueSpecification","valueRequired":true,"valueName":"search_term_string"}}],"inLanguage":"en-US"},{"@type":"Organization","@id":"https:\/\/www.organisator.ch\/#organization","name":"Organizer","url":"https:\/\/www.organisator.ch\/","logo":{"@type":"ImageObject","inLanguage":"en-US","@id":"https:\/\/www.organisator.ch\/#\/schema\/logo\/image\/","url":"https:\/\/www.organisator.ch\/wp-content\/uploads\/2022\/01\/Logo_Organisator_Website.png","contentUrl":"https:\/\/www.organisator.ch\/wp-content\/uploads\/2022\/01\/Logo_Organisator_Website.png","width":800,"height":77,"caption":"Organisator"},"image":{"@id":"https:\/\/www.organisator.ch\/#\/schema\/logo\/image\/"},"sameAs":["https:\/\/www.facebook.com\/OrganisatorFachmagazin","https:\/\/www.linkedin.com\/showcase\/organisator-das-magazin-fr-kmu","https:\/\/www.xing.com\/news\/pages\/organisator-ch-695","https:\/\/www.youtube.com\/channel\/UCGP2Sq0iWaZwT3BdIAQFYpw"]},{"@type":"Person","@id":"https:\/\/www.organisator.ch\/#\/schema\/person\/4e51799071cd2dd1232ac003643ef5f0","name":"galledia","image":{"@type":"ImageObject","inLanguage":"en-US","@id":"https:\/\/secure.gravatar.com\/avatar\/78a7f90c01fc2bfc875782a0d4922b37cde2cf184ce347b91316d23cd7f69a36?s=96&d=mm&r=g","url":"https:\/\/secure.gravatar.com\/avatar\/78a7f90c01fc2bfc875782a0d4922b37cde2cf184ce347b91316d23cd7f69a36?s=96&d=mm&r=g","contentUrl":"https:\/\/secure.gravatar.com\/avatar\/78a7f90c01fc2bfc875782a0d4922b37cde2cf184ce347b91316d23cd7f69a36?s=96&d=mm&r=g","caption":"galledia"},"sameAs":["https:\/\/x.com\/admin"],"url":"https:\/\/www.organisator.ch\/en\/author\/galledia\/"}]}},"_links":{"self":[{"href":"https:\/\/www.organisator.ch\/en\/wp-json\/wp\/v2\/posts\/40540","targetHints":{"allow":["GET"]}}],"collection":[{"href":"https:\/\/www.organisator.ch\/en\/wp-json\/wp\/v2\/posts"}],"about":[{"href":"https:\/\/www.organisator.ch\/en\/wp-json\/wp\/v2\/types\/post"}],"author":[{"embeddable":true,"href":"https:\/\/www.organisator.ch\/en\/wp-json\/wp\/v2\/users\/8"}],"replies":[{"embeddable":true,"href":"https:\/\/www.organisator.ch\/en\/wp-json\/wp\/v2\/comments?post=40540"}],"version-history":[{"count":7,"href":"https:\/\/www.organisator.ch\/en\/wp-json\/wp\/v2\/posts\/40540\/revisions"}],"predecessor-version":[{"id":40563,"href":"https:\/\/www.organisator.ch\/en\/wp-json\/wp\/v2\/posts\/40540\/revisions\/40563"}],"wp:attachment":[{"href":"https:\/\/www.organisator.ch\/en\/wp-json\/wp\/v2\/media?parent=40540"}],"wp:term":[{"taxonomy":"category","embeddable":true,"href":"https:\/\/www.organisator.ch\/en\/wp-json\/wp\/v2\/categories?post=40540"},{"taxonomy":"post_tag","embeddable":true,"href":"https:\/\/www.organisator.ch\/en\/wp-json\/wp\/v2\/tags?post=40540"}],"curies":[{"name":"wp","href":"https:\/\/api.w.org\/{rel}","templated":true}]}}