{"id":407,"date":"2016-11-04T15:49:58","date_gmt":"2016-11-04T14:49:58","guid":{"rendered":"http:\/\/dev.organisator.ch\/?p=407"},"modified":"2016-11-04T15:49:58","modified_gmt":"2016-11-04T14:49:58","slug":"ict-wirtschaft-wachstumschance-export","status":"publish","type":"post","link":"https:\/\/www.organisator.ch\/en\/management\/it\/2016-11-04\/ict-wirtschaft-wachstumschance-export\/","title":{"rendered":"ICT economy: export as a growth opportunity"},"content":{"rendered":"<figure id=\"attachment_408\" aria-describedby=\"caption-attachment-408\" style=\"width: 640px\" class=\"wp-caption alignnone\"><img loading=\"lazy\" decoding=\"async\" class=\"size-full wp-image-408\" src=\"https:\/\/www.organisator.ch\/wp-content\/uploads\/2016\/12\/ICT-Wirtschaft-Wachstumschance-Export-organisator.jpg\" alt=\"\" width=\"640\" height=\"409\" srcset=\"https:\/\/www.organisator.ch\/wp-content\/uploads\/2016\/12\/ICT-Wirtschaft-Wachstumschance-Export-organisator.jpg 640w, https:\/\/www.organisator.ch\/wp-content\/uploads\/2016\/12\/ICT-Wirtschaft-Wachstumschance-Export-organisator-16x10.jpg 16w, https:\/\/www.organisator.ch\/wp-content\/uploads\/2016\/12\/ICT-Wirtschaft-Wachstumschance-Export-organisator-274x175.jpg 274w, https:\/\/www.organisator.ch\/wp-content\/uploads\/2016\/12\/ICT-Wirtschaft-Wachstumschance-Export-organisator-548x350.jpg 548w, https:\/\/www.organisator.ch\/wp-content\/uploads\/2016\/12\/ICT-Wirtschaft-Wachstumschance-Export-organisator-300x192.jpg 300w\" sizes=\"auto, (max-width: 640px) 100vw, 640px\" \/><figcaption id=\"caption-attachment-408\" class=\"wp-caption-text\">Good prospects for the Swiss ICT industry? (Image: Fotolia.com)<\/figcaption><\/figure>\n<p>As part of the CNO Panel 2016 event, two studies commissioned by ICTswitzerland were presented in Bern on November 1, 2016. The new ICT Foreign Trade Study and the Software Industry Survey (SSIS) illustrate the increasing economic power of ICT.<\/p>\n<p><strong>Services export as growth driver<\/strong><\/p>\n<p>The ICT foreign trade study conducted by IWSB AG reveals several key findings for 2015. Firstly: The continuously growing ICT services sector remains Switzerland's fifth most important services export group with export sales of CHF 13.1 billion. Trade in computer services (CHF 9.0 billion) remains of substantial importance. Telecommunication services (CHF 2.4 billion) and information services (CHF 1.7 billion) are also very important. Exports of ICT goods have been declining for years (2010: CHF 7.3 billion; 2015: CHF 6.4 billion). Overall, Switzerland exported ICT goods and services worth CHF 19.5 billion. This means that ICT service exports are the real growth driver.<\/p>\n<p>On the other hand, net exports of ICT services are now virtually balanced (2010: CHF -2.1 billion; 2012: CHF -1.1 billion; 2015: CHF -0.2 billion). With the exception of the Americas, exports of Swiss ICT services to all country groups are higher than imports, which underscores the quality and competitiveness of Swiss ICT. With regard to ICT goods, however, net exports have hardly changed (2014: -5.8; 2015: -5.7 billion Swiss francs), resulting in a trade deficit for the ICT economy as a whole.<\/p>\n<p><strong>EU remains most important main destination<\/strong><\/p>\n<p>Europe remains Switzerland's most important trading partner with a services export share of 62%, followed by America with 24% and Asia with 10% export share. Within Europe, the United Kingdom (CHF 1.5 billion) and the Netherlands (CHF 0.5 billion) are important alongside neighbors Germany (CHF 2.6 billion) and France (CHF 0.9 billion).<\/p>\n<p><strong>Focus on internationalization<\/strong><\/p>\n<p>The Swiss Software Industry Survey SSIS, conducted annually by the University of Bern, provides information on developments in the Swiss software industry. In 2015, the survey focused on internationalization. The latest results show: The Swiss software industry remains profitable with an average EBIT margin of 7.5%, despite a decrease compared to the previous year (2014: 8.5%). The growth prospects for 2016 are also viewed positively - albeit somewhat subdued: On average, software companies expect revenue growth of 5% (2015: 12%). This picture is also reflected in spending on research and development and in expected employee growth: On average, Swiss software companies spend 12% of their revenue on future-oriented investments (2014: 14%). If the workforce was expanded by 12% in the previous year, companies in the software industry are planning to expand their workforce by 8.5% in 2016.<\/p>\n<p>Almost two-thirds of export sales are generated in Germany: In 2015, the Swiss software industry generated only 12% of its sales abroad. 62% of these exports are to Germany. Standard software manufacturers are more satisfied with their internationalization plans than manufacturers of individual software, which can be attributed to differences in internationalization strategies and the type of market entry.<\/p>\n<p><em>The complete studies are available for download at:<br \/>\n<a href=\"http:\/\/www.ictswitzerland.ch\/publikationen\/studien-ict-aussenhandel-und-ssis-2016\/\" data-cke-saved-href=\"http:\/\/www.ictswitzerland.ch\/publikationen\/studien-ict-aussenhandel-und-ssis-2016\/\">www.ictswitzerland.ch\/publikationen\/studien-ict-aussenhandel-und-ssis-2016\/<\/a><\/em><\/p>","protected":false},"excerpt":{"rendered":"<p>Im Rahmen der Veranstaltung CNO Panel 2016 wurden am 1. November 2016 in Bern\u00a0zwei von ICTswitzerland in Auftrag gegebenen Studien vorgestellt. Die neue ICT-Aussenhandelsstudie und der Software Industry Survey (SSIS) verdeutlichen die zunehmende Wirtschaftskraft der ICT. Dienstleistungsexport als Wachstumstreiber Die von der IWSB AG durchgef\u00fchrte ICT-Aussenhandelsstudie zeigt f\u00fcr das Jahr 2015\u00a0einige zentrale Ergebnisse. Zum\u00a0einen:\u00a0Der kontinuierlich [&hellip;]<\/p>\n","protected":false},"author":1,"featured_media":408,"comment_status":"open","ping_status":"open","sticky":false,"template":"","format":"standard","meta":{"_acf_changed":false,"_yoast_wpseo_focuskw":"ICT-Wirtschaft","_yoast_wpseo_metadesc":"Die aktuelle ICT-Aussenhandelsstudie der Dachorganisation ICTswitzerland zeigt: ICT-Dienste sind weiterhin die f\u00fcnftwichtigste Dienstleistungsexportgruppe der Schweiz.","articlekey":"","footnotes":""},"categories":[27],"tags":[288,340],"class_list":["post-407","post","type-post","status-publish","format-standard","has-post-thumbnail","hentry","category-it","tag-it-business-software","tag-maerkte"],"acf":[],"yoast_head":"<!-- This site is optimized with the Yoast SEO plugin v27.4 - https:\/\/yoast.com\/product\/yoast-seo-wordpress\/ -->\n<title>ICT-Wirtschaft: Wachstumschance Export - Organisator<\/title>\n<meta name=\"description\" content=\"Die aktuelle ICT-Aussenhandelsstudie der Dachorganisation ICTswitzerland zeigt: ICT-Dienste sind weiterhin die f\u00fcnftwichtigste Dienstleistungsexportgruppe der Schweiz.\" \/>\n<meta name=\"robots\" content=\"index, follow, max-snippet:-1, max-image-preview:large, max-video-preview:-1\" \/>\n<link rel=\"canonical\" href=\"https:\/\/www.organisator.ch\/en\/management\/it\/2016-11-04\/ict-wirtschaft-wachstumschance-export\/\" \/>\n<meta property=\"og:locale\" content=\"en_US\" \/>\n<meta property=\"og:type\" content=\"article\" \/>\n<meta property=\"og:title\" content=\"ICT-Wirtschaft: Wachstumschance Export\" \/>\n<meta property=\"og:description\" content=\"Die aktuelle ICT-Aussenhandelsstudie der Dachorganisation ICTswitzerland zeigt: ICT-Dienste sind weiterhin die f\u00fcnftwichtigste Dienstleistungsexportgruppe der Schweiz. Dank stetigem Wachstum ist die ICT-Dienstleistungshandelsbilanz der Schweiz mittlerweile quasi ausgeglichen.\" \/>\n<meta property=\"og:url\" content=\"https:\/\/www.organisator.ch\/en\/management\/it\/2016-11-04\/ict-wirtschaft-wachstumschance-export\/\" \/>\n<meta property=\"og:site_name\" content=\"Organisator\" \/>\n<meta property=\"article:publisher\" content=\"https:\/\/www.facebook.com\/OrganisatorFachmagazin\" \/>\n<meta property=\"article:published_time\" content=\"2016-11-04T14:49:58+00:00\" \/>\n<meta name=\"author\" content=\"admin\" \/>\n<meta name=\"twitter:card\" content=\"summary_large_image\" \/>\n<meta name=\"twitter:image\" content=\"https:\/\/www.organisator.ch\/wp-content\/uploads\/2016\/12\/ICT-Wirtschaft-Wachstumschance-Export-organisator.jpg\" \/>\n<script type=\"application\/ld+json\" class=\"yoast-schema-graph\">{\"@context\":\"https:\\\/\\\/schema.org\",\"@graph\":[{\"@type\":\"Article\",\"@id\":\"https:\\\/\\\/www.organisator.ch\\\/management\\\/it\\\/2016-11-04\\\/ict-wirtschaft-wachstumschance-export\\\/#article\",\"isPartOf\":{\"@id\":\"https:\\\/\\\/www.organisator.ch\\\/management\\\/it\\\/2016-11-04\\\/ict-wirtschaft-wachstumschance-export\\\/\"},\"author\":{\"name\":\"admin\",\"@id\":\"https:\\\/\\\/www.organisator.ch\\\/#\\\/schema\\\/person\\\/aa2bace6c5c5aad60102004a50c4eb1c\"},\"headline\":\"ICT-Wirtschaft: Wachstumschance Export\",\"datePublished\":\"2016-11-04T14:49:58+00:00\",\"mainEntityOfPage\":{\"@id\":\"https:\\\/\\\/www.organisator.ch\\\/management\\\/it\\\/2016-11-04\\\/ict-wirtschaft-wachstumschance-export\\\/\"},\"wordCount\":465,\"commentCount\":0,\"publisher\":{\"@id\":\"https:\\\/\\\/www.organisator.ch\\\/#organization\"},\"image\":{\"@id\":\"https:\\\/\\\/www.organisator.ch\\\/management\\\/it\\\/2016-11-04\\\/ict-wirtschaft-wachstumschance-export\\\/#primaryimage\"},\"thumbnailUrl\":\"https:\\\/\\\/www.organisator.ch\\\/wp-content\\\/uploads\\\/2016\\\/12\\\/ICT-Wirtschaft-Wachstumschance-Export-organisator.jpg\",\"keywords\":[\"IT &amp; Business Software\",\"M\u00e4rkte\"],\"articleSection\":[\"IT\"],\"inLanguage\":\"en-US\"},{\"@type\":\"WebPage\",\"@id\":\"https:\\\/\\\/www.organisator.ch\\\/management\\\/it\\\/2016-11-04\\\/ict-wirtschaft-wachstumschance-export\\\/\",\"url\":\"https:\\\/\\\/www.organisator.ch\\\/management\\\/it\\\/2016-11-04\\\/ict-wirtschaft-wachstumschance-export\\\/\",\"name\":\"ICT-Wirtschaft: Wachstumschance Export - Organisator\",\"isPartOf\":{\"@id\":\"https:\\\/\\\/www.organisator.ch\\\/#website\"},\"primaryImageOfPage\":{\"@id\":\"https:\\\/\\\/www.organisator.ch\\\/management\\\/it\\\/2016-11-04\\\/ict-wirtschaft-wachstumschance-export\\\/#primaryimage\"},\"image\":{\"@id\":\"https:\\\/\\\/www.organisator.ch\\\/management\\\/it\\\/2016-11-04\\\/ict-wirtschaft-wachstumschance-export\\\/#primaryimage\"},\"thumbnailUrl\":\"https:\\\/\\\/www.organisator.ch\\\/wp-content\\\/uploads\\\/2016\\\/12\\\/ICT-Wirtschaft-Wachstumschance-Export-organisator.jpg\",\"datePublished\":\"2016-11-04T14:49:58+00:00\",\"description\":\"Die aktuelle ICT-Aussenhandelsstudie der Dachorganisation ICTswitzerland zeigt: ICT-Dienste sind weiterhin die f\u00fcnftwichtigste Dienstleistungsexportgruppe der Schweiz.\",\"breadcrumb\":{\"@id\":\"https:\\\/\\\/www.organisator.ch\\\/management\\\/it\\\/2016-11-04\\\/ict-wirtschaft-wachstumschance-export\\\/#breadcrumb\"},\"inLanguage\":\"en-US\",\"potentialAction\":[{\"@type\":\"ReadAction\",\"target\":[\"https:\\\/\\\/www.organisator.ch\\\/management\\\/it\\\/2016-11-04\\\/ict-wirtschaft-wachstumschance-export\\\/\"]}]},{\"@type\":\"ImageObject\",\"inLanguage\":\"en-US\",\"@id\":\"https:\\\/\\\/www.organisator.ch\\\/management\\\/it\\\/2016-11-04\\\/ict-wirtschaft-wachstumschance-export\\\/#primaryimage\",\"url\":\"https:\\\/\\\/www.organisator.ch\\\/wp-content\\\/uploads\\\/2016\\\/12\\\/ICT-Wirtschaft-Wachstumschance-Export-organisator.jpg\",\"contentUrl\":\"https:\\\/\\\/www.organisator.ch\\\/wp-content\\\/uploads\\\/2016\\\/12\\\/ICT-Wirtschaft-Wachstumschance-Export-organisator.jpg\",\"width\":640,\"height\":409,\"caption\":\"Gute Aussichten f\u00fcr die Schweizer ICT-Branche? (Bild: Fotolia.com)\"},{\"@type\":\"BreadcrumbList\",\"@id\":\"https:\\\/\\\/www.organisator.ch\\\/management\\\/it\\\/2016-11-04\\\/ict-wirtschaft-wachstumschance-export\\\/#breadcrumb\",\"itemListElement\":[{\"@type\":\"ListItem\",\"position\":1,\"name\":\"Home\",\"item\":\"https:\\\/\\\/www.organisator.ch\\\/\"},{\"@type\":\"ListItem\",\"position\":2,\"name\":\"ICT-Wirtschaft: Wachstumschance Export\"}]},{\"@type\":\"WebSite\",\"@id\":\"https:\\\/\\\/www.organisator.ch\\\/#website\",\"url\":\"https:\\\/\\\/www.organisator.ch\\\/\",\"name\":\"Organisator\",\"description\":\"Kompetent. Praxisnah. Der ORGANISATOR bereitet in 10 Ausgaben pro Jahr die wesentlichen Themen f\u00fcr F\u00fchrungskr\u00e4fte von KMU auf.\",\"publisher\":{\"@id\":\"https:\\\/\\\/www.organisator.ch\\\/#organization\"},\"potentialAction\":[{\"@type\":\"SearchAction\",\"target\":{\"@type\":\"EntryPoint\",\"urlTemplate\":\"https:\\\/\\\/www.organisator.ch\\\/?s={search_term_string}\"},\"query-input\":{\"@type\":\"PropertyValueSpecification\",\"valueRequired\":true,\"valueName\":\"search_term_string\"}}],\"inLanguage\":\"en-US\"},{\"@type\":\"Organization\",\"@id\":\"https:\\\/\\\/www.organisator.ch\\\/#organization\",\"name\":\"Organisator\",\"url\":\"https:\\\/\\\/www.organisator.ch\\\/\",\"logo\":{\"@type\":\"ImageObject\",\"inLanguage\":\"en-US\",\"@id\":\"https:\\\/\\\/www.organisator.ch\\\/#\\\/schema\\\/logo\\\/image\\\/\",\"url\":\"https:\\\/\\\/www.organisator.ch\\\/wp-content\\\/uploads\\\/2022\\\/01\\\/Logo_Organisator_Website.png\",\"contentUrl\":\"https:\\\/\\\/www.organisator.ch\\\/wp-content\\\/uploads\\\/2022\\\/01\\\/Logo_Organisator_Website.png\",\"width\":800,\"height\":77,\"caption\":\"Organisator\"},\"image\":{\"@id\":\"https:\\\/\\\/www.organisator.ch\\\/#\\\/schema\\\/logo\\\/image\\\/\"},\"sameAs\":[\"https:\\\/\\\/www.facebook.com\\\/OrganisatorFachmagazin\",\"https:\\\/\\\/www.linkedin.com\\\/showcase\\\/organisator-das-magazin-fr-kmu\",\"https:\\\/\\\/www.xing.com\\\/news\\\/pages\\\/organisator-ch-695\",\"https:\\\/\\\/www.youtube.com\\\/channel\\\/UCGP2Sq0iWaZwT3BdIAQFYpw\"]},{\"@type\":\"Person\",\"@id\":\"https:\\\/\\\/www.organisator.ch\\\/#\\\/schema\\\/person\\\/aa2bace6c5c5aad60102004a50c4eb1c\",\"name\":\"admin\",\"image\":{\"@type\":\"ImageObject\",\"inLanguage\":\"en-US\",\"@id\":\"https:\\\/\\\/secure.gravatar.com\\\/avatar\\\/ae2f4d718e6c49043e314ce431e7e645d646302a24a5ef5a8bc8e3f5a032e319?s=96&d=mm&r=g\",\"url\":\"https:\\\/\\\/secure.gravatar.com\\\/avatar\\\/ae2f4d718e6c49043e314ce431e7e645d646302a24a5ef5a8bc8e3f5a032e319?s=96&d=mm&r=g\",\"contentUrl\":\"https:\\\/\\\/secure.gravatar.com\\\/avatar\\\/ae2f4d718e6c49043e314ce431e7e645d646302a24a5ef5a8bc8e3f5a032e319?s=96&d=mm&r=g\",\"caption\":\"admin\"},\"sameAs\":[\"https:\\\/\\\/www.organisator.ch\"],\"url\":\"https:\\\/\\\/www.organisator.ch\\\/en\\\/author\\\/admin\\\/\"}]}<\/script>\n<!-- \/ Yoast SEO plugin. -->","yoast_head_json":{"title":"ICT Economy: Growth Opportunity Export - Organizer","description":"The latest ICT foreign trade study by the umbrella organization ICTswitzerland shows: ICT services continue to be Switzerland's fifth most important service export group.","robots":{"index":"index","follow":"follow","max-snippet":"max-snippet:-1","max-image-preview":"max-image-preview:large","max-video-preview":"max-video-preview:-1"},"canonical":"https:\/\/www.organisator.ch\/en\/management\/it\/2016-11-04\/ict-wirtschaft-wachstumschance-export\/","og_locale":"en_US","og_type":"article","og_title":"ICT-Wirtschaft: Wachstumschance Export","og_description":"Die aktuelle ICT-Aussenhandelsstudie der Dachorganisation ICTswitzerland zeigt: ICT-Dienste sind weiterhin die f\u00fcnftwichtigste Dienstleistungsexportgruppe der Schweiz. Dank stetigem Wachstum ist die ICT-Dienstleistungshandelsbilanz der Schweiz mittlerweile quasi ausgeglichen.","og_url":"https:\/\/www.organisator.ch\/en\/management\/it\/2016-11-04\/ict-wirtschaft-wachstumschance-export\/","og_site_name":"Organisator","article_publisher":"https:\/\/www.facebook.com\/OrganisatorFachmagazin","article_published_time":"2016-11-04T14:49:58+00:00","author":"admin","twitter_card":"summary_large_image","twitter_image":"https:\/\/www.organisator.ch\/wp-content\/uploads\/2016\/12\/ICT-Wirtschaft-Wachstumschance-Export-organisator.jpg","schema":{"@context":"https:\/\/schema.org","@graph":[{"@type":"Article","@id":"https:\/\/www.organisator.ch\/management\/it\/2016-11-04\/ict-wirtschaft-wachstumschance-export\/#article","isPartOf":{"@id":"https:\/\/www.organisator.ch\/management\/it\/2016-11-04\/ict-wirtschaft-wachstumschance-export\/"},"author":{"name":"admin","@id":"https:\/\/www.organisator.ch\/#\/schema\/person\/aa2bace6c5c5aad60102004a50c4eb1c"},"headline":"ICT-Wirtschaft: Wachstumschance Export","datePublished":"2016-11-04T14:49:58+00:00","mainEntityOfPage":{"@id":"https:\/\/www.organisator.ch\/management\/it\/2016-11-04\/ict-wirtschaft-wachstumschance-export\/"},"wordCount":465,"commentCount":0,"publisher":{"@id":"https:\/\/www.organisator.ch\/#organization"},"image":{"@id":"https:\/\/www.organisator.ch\/management\/it\/2016-11-04\/ict-wirtschaft-wachstumschance-export\/#primaryimage"},"thumbnailUrl":"https:\/\/www.organisator.ch\/wp-content\/uploads\/2016\/12\/ICT-Wirtschaft-Wachstumschance-Export-organisator.jpg","keywords":["IT &amp; Business Software","M\u00e4rkte"],"articleSection":["IT"],"inLanguage":"en-US"},{"@type":"WebPage","@id":"https:\/\/www.organisator.ch\/management\/it\/2016-11-04\/ict-wirtschaft-wachstumschance-export\/","url":"https:\/\/www.organisator.ch\/management\/it\/2016-11-04\/ict-wirtschaft-wachstumschance-export\/","name":"ICT Economy: Growth Opportunity Export - Organizer","isPartOf":{"@id":"https:\/\/www.organisator.ch\/#website"},"primaryImageOfPage":{"@id":"https:\/\/www.organisator.ch\/management\/it\/2016-11-04\/ict-wirtschaft-wachstumschance-export\/#primaryimage"},"image":{"@id":"https:\/\/www.organisator.ch\/management\/it\/2016-11-04\/ict-wirtschaft-wachstumschance-export\/#primaryimage"},"thumbnailUrl":"https:\/\/www.organisator.ch\/wp-content\/uploads\/2016\/12\/ICT-Wirtschaft-Wachstumschance-Export-organisator.jpg","datePublished":"2016-11-04T14:49:58+00:00","description":"The latest ICT foreign trade study by the umbrella organization ICTswitzerland shows: ICT services continue to be Switzerland's fifth most important service export group.","breadcrumb":{"@id":"https:\/\/www.organisator.ch\/management\/it\/2016-11-04\/ict-wirtschaft-wachstumschance-export\/#breadcrumb"},"inLanguage":"en-US","potentialAction":[{"@type":"ReadAction","target":["https:\/\/www.organisator.ch\/management\/it\/2016-11-04\/ict-wirtschaft-wachstumschance-export\/"]}]},{"@type":"ImageObject","inLanguage":"en-US","@id":"https:\/\/www.organisator.ch\/management\/it\/2016-11-04\/ict-wirtschaft-wachstumschance-export\/#primaryimage","url":"https:\/\/www.organisator.ch\/wp-content\/uploads\/2016\/12\/ICT-Wirtschaft-Wachstumschance-Export-organisator.jpg","contentUrl":"https:\/\/www.organisator.ch\/wp-content\/uploads\/2016\/12\/ICT-Wirtschaft-Wachstumschance-Export-organisator.jpg","width":640,"height":409,"caption":"Gute Aussichten f\u00fcr die Schweizer ICT-Branche? (Bild: Fotolia.com)"},{"@type":"BreadcrumbList","@id":"https:\/\/www.organisator.ch\/management\/it\/2016-11-04\/ict-wirtschaft-wachstumschance-export\/#breadcrumb","itemListElement":[{"@type":"ListItem","position":1,"name":"Home","item":"https:\/\/www.organisator.ch\/"},{"@type":"ListItem","position":2,"name":"ICT-Wirtschaft: Wachstumschance Export"}]},{"@type":"WebSite","@id":"https:\/\/www.organisator.ch\/#website","url":"https:\/\/www.organisator.ch\/","name":"Organizer","description":"Competent. Practical. In 10 issues per year, ORGANISATOR presents the essential topics for managers of SMEs.","publisher":{"@id":"https:\/\/www.organisator.ch\/#organization"},"potentialAction":[{"@type":"SearchAction","target":{"@type":"EntryPoint","urlTemplate":"https:\/\/www.organisator.ch\/?s={search_term_string}"},"query-input":{"@type":"PropertyValueSpecification","valueRequired":true,"valueName":"search_term_string"}}],"inLanguage":"en-US"},{"@type":"Organization","@id":"https:\/\/www.organisator.ch\/#organization","name":"Organizer","url":"https:\/\/www.organisator.ch\/","logo":{"@type":"ImageObject","inLanguage":"en-US","@id":"https:\/\/www.organisator.ch\/#\/schema\/logo\/image\/","url":"https:\/\/www.organisator.ch\/wp-content\/uploads\/2022\/01\/Logo_Organisator_Website.png","contentUrl":"https:\/\/www.organisator.ch\/wp-content\/uploads\/2022\/01\/Logo_Organisator_Website.png","width":800,"height":77,"caption":"Organisator"},"image":{"@id":"https:\/\/www.organisator.ch\/#\/schema\/logo\/image\/"},"sameAs":["https:\/\/www.facebook.com\/OrganisatorFachmagazin","https:\/\/www.linkedin.com\/showcase\/organisator-das-magazin-fr-kmu","https:\/\/www.xing.com\/news\/pages\/organisator-ch-695","https:\/\/www.youtube.com\/channel\/UCGP2Sq0iWaZwT3BdIAQFYpw"]},{"@type":"Person","@id":"https:\/\/www.organisator.ch\/#\/schema\/person\/aa2bace6c5c5aad60102004a50c4eb1c","name":"admin","image":{"@type":"ImageObject","inLanguage":"en-US","@id":"https:\/\/secure.gravatar.com\/avatar\/ae2f4d718e6c49043e314ce431e7e645d646302a24a5ef5a8bc8e3f5a032e319?s=96&d=mm&r=g","url":"https:\/\/secure.gravatar.com\/avatar\/ae2f4d718e6c49043e314ce431e7e645d646302a24a5ef5a8bc8e3f5a032e319?s=96&d=mm&r=g","contentUrl":"https:\/\/secure.gravatar.com\/avatar\/ae2f4d718e6c49043e314ce431e7e645d646302a24a5ef5a8bc8e3f5a032e319?s=96&d=mm&r=g","caption":"admin"},"sameAs":["https:\/\/www.organisator.ch"],"url":"https:\/\/www.organisator.ch\/en\/author\/admin\/"}]}},"_links":{"self":[{"href":"https:\/\/www.organisator.ch\/en\/wp-json\/wp\/v2\/posts\/407","targetHints":{"allow":["GET"]}}],"collection":[{"href":"https:\/\/www.organisator.ch\/en\/wp-json\/wp\/v2\/posts"}],"about":[{"href":"https:\/\/www.organisator.ch\/en\/wp-json\/wp\/v2\/types\/post"}],"author":[{"embeddable":true,"href":"https:\/\/www.organisator.ch\/en\/wp-json\/wp\/v2\/users\/1"}],"replies":[{"embeddable":true,"href":"https:\/\/www.organisator.ch\/en\/wp-json\/wp\/v2\/comments?post=407"}],"version-history":[{"count":0,"href":"https:\/\/www.organisator.ch\/en\/wp-json\/wp\/v2\/posts\/407\/revisions"}],"wp:featuredmedia":[{"embeddable":true,"href":"https:\/\/www.organisator.ch\/en\/wp-json\/wp\/v2\/media\/408"}],"wp:attachment":[{"href":"https:\/\/www.organisator.ch\/en\/wp-json\/wp\/v2\/media?parent=407"}],"wp:term":[{"taxonomy":"category","embeddable":true,"href":"https:\/\/www.organisator.ch\/en\/wp-json\/wp\/v2\/categories?post=407"},{"taxonomy":"post_tag","embeddable":true,"href":"https:\/\/www.organisator.ch\/en\/wp-json\/wp\/v2\/tags?post=407"}],"curies":[{"name":"wp","href":"https:\/\/api.w.org\/{rel}","templated":true}]}}