{"id":40700,"date":"2025-09-24T15:00:11","date_gmt":"2025-09-24T13:00:11","guid":{"rendered":"https:\/\/www.organisator.ch\/?p=40700"},"modified":"2025-09-24T15:00:11","modified_gmt":"2025-09-24T13:00:11","slug":"logistik-und-mobilitaet-der-zukunft","status":"publish","type":"post","link":"https:\/\/www.organisator.ch\/en\/management\/2025-09-24\/logistik-und-mobilitaet-der-zukunft\/","title":{"rendered":"Logistics and mobility of the future"},"content":{"rendered":"<figure id=\"attachment_40702\" aria-describedby=\"caption-attachment-40702\" style=\"width: 680px\" class=\"wp-caption alignnone\"><img loading=\"lazy\" decoding=\"async\" class=\"size-full wp-image-40702\" src=\"https:\/\/www.organisator.ch\/wp-content\/uploads\/2025\/09\/Logistik-und-Mobilitaet-der-Zukunft-2_Organisator.jpg\" alt=\"\" width=\"680\" height=\"452\" srcset=\"https:\/\/www.organisator.ch\/wp-content\/uploads\/2025\/09\/Logistik-und-Mobilitaet-der-Zukunft-2_Organisator.jpg 680w, https:\/\/www.organisator.ch\/wp-content\/uploads\/2025\/09\/Logistik-und-Mobilitaet-der-Zukunft-2_Organisator-18x12.jpg 18w, https:\/\/www.organisator.ch\/wp-content\/uploads\/2025\/09\/Logistik-und-Mobilitaet-der-Zukunft-2_Organisator-375x249.jpg 375w, https:\/\/www.organisator.ch\/wp-content\/uploads\/2025\/09\/Logistik-und-Mobilitaet-der-Zukunft-2_Organisator-527x350.jpg 527w\" sizes=\"auto, (max-width: 680px) 100vw, 680px\" \/><figcaption id=\"caption-attachment-40702\" class=\"wp-caption-text\">Stefan Hohm used various examples to show the role that technology plays in logistics. (Image: zVg \/ Dachser)<\/figcaption><\/figure>\n<p>Digitalization, new mobility solutions and changing social needs are changing markets and business models. Experts discussed the challenges and solutions companies are using to tackle these changes at a best practice event organized by the <a href=\"https:\/\/swiss-export.com\/\">Swiss Export Association<\/a> in cooperation with the logistics company <a href=\"https:\/\/www.dachser.ch\/de\/\">Dachser<\/a>. Around 90 participants made their way to the Switzerland Innovation Park in D\u00fcbendorf.<\/p>\n<h3><strong>When AI promotes the average<\/strong><\/h3>\n<p>Artificial intelligence is currently seen as the main driver of digitalization. \"Are you still leading - or are you already following?\" asked Prof. Dr. Raphael Boemelburg from the University of Applied Sciences Northwestern Switzerland with regard to the development of generative AI (Gen AI). He noted that there is still a lot of experimentation going on without the question of ROI being answered. Increases in efficiency can be achieved with the help of AI, but the business impact is often lower than hoped, according to Boemelburg. Many companies are still working according to the \"bring your own AI\" principle. Because if employees prefer to use their own AI tools rather than those provided by the company, the impact of AI use can hardly be measured. The speaker also refuted the idea that humans are superior to AI when it comes to creativity. This is because studies have shown that the use of Gen AI increases quality by 40 percent. However, the ideas created by AI are similar: \"In the long run, many things develop into a uniform mash,\" the speaker stated. He also pointed out the danger that control would become increasingly superficial as speed increases. More robust systems are therefore needed to ensure the quality of Gen AI. It could become particularly difficult if employees make decisions based on AI-supported data analyses and fall into the trap of blindly trusting the technology.<\/p>\n<h3><strong>With robots on the \"last mile\"<\/strong><\/h3>\n<p>Robotics is another field of technology that is making a lot of progress. Marko Bjelonic, CEO &amp; Co-Founder of RIVR, took the audience on a journey into AI applications in the physical world. Specifically, he presented walking robots that deliver goods directly to the front door. The combination of legs and wheels makes these devices flexible enough to fulfill their mission even in topographically difficult terrain. However, the robots also need to be trained, using data from the \"real world\" combined with simulation.<\/p>\n<p>FELFEL could probably do with such robots: the company, which was founded in 2014, has now become an established provider of high-quality workplace catering. The intelligent FELFEL fridges calculate when which menus need to be reordered based on demand and expiry date. The menus are picked in the company's own logistics center and delivered at night. This could potentially be an application for robots. However, as FELFEL's fridges are often located in places that require special access regulations, the delivery process remains a human domain for the time being, as FELFEL COO Hanne Dinkel explained in her presentation.<\/p>\n<h3><strong>Learning to deal with complexity<\/strong><\/h3>\n<p>Managing complexity better and exploiting optimization opportunities: The subsequent panel discussion with Prof. Dr.-Ing. Herbert Ruile, President of the Swiss Logistics Network Association, Alexander Hefele, CEO of AMZ Racing, and Andrea Claudio Th\u00f6ny, Head of Real Estate Development at HRS Real Estate AG, focused on sustainable transport, logistics and value creation systems. In other words, it was all about different forms of complexity: while AMZ Racing is about developing a racing car from scratch every year with a completely new team, real estate development - specifically shown at the D\u00fcbendorf Innovation Park - is about strong dependencies on a wide variety of stakeholders. You have to think in different scenarios, says Andrea Claudio Th\u00f6ny. The trick is to manage the contrast between stability and change. Herbert Ruile could only agree with this. \"This also applies to the supply chain\". The panel agreed that dealing with complexity is a question of mindset. Herbert Ruile recommends consistently outsourcing simple processes. Alexander Hefele's experience is to hand over a lot of responsibility directly to the team. And Andrea Claudio Th\u00f6ny considers systemic thinking to be particularly important. \"Specialists don't solve problems, they often cause more chaos.\"<\/p>\n<figure id=\"attachment_40701\" aria-describedby=\"caption-attachment-40701\" style=\"width: 680px\" class=\"wp-caption alignnone\"><img loading=\"lazy\" decoding=\"async\" class=\"size-full wp-image-40701\" src=\"https:\/\/www.organisator.ch\/wp-content\/uploads\/2025\/09\/Logistik-und-Mobilitaet-der-Zukunft-1_Organisator.jpg\" alt=\"\" width=\"680\" height=\"453\" srcset=\"https:\/\/www.organisator.ch\/wp-content\/uploads\/2025\/09\/Logistik-und-Mobilitaet-der-Zukunft-1_Organisator.jpg 680w, https:\/\/www.organisator.ch\/wp-content\/uploads\/2025\/09\/Logistik-und-Mobilitaet-der-Zukunft-1_Organisator-18x12.jpg 18w, https:\/\/www.organisator.ch\/wp-content\/uploads\/2025\/09\/Logistik-und-Mobilitaet-der-Zukunft-1_Organisator-375x250.jpg 375w, https:\/\/www.organisator.ch\/wp-content\/uploads\/2025\/09\/Logistik-und-Mobilitaet-der-Zukunft-1_Organisator-525x350.jpg 525w\" sizes=\"auto, (max-width: 680px) 100vw, 680px\" \/><figcaption id=\"caption-attachment-40701\" class=\"wp-caption-text\">An interested audience at a specialist event organized by Swiss Export and Dachser at the Switzerland Innovation Park. (Image: zVg \/ Dachser)<\/figcaption><\/figure>\n<h3><strong>Technology-driven logistics<\/strong><\/h3>\n<p>Stefan Hohm, Chief Development Officer (CDO) and member of the Management Board of DACHSER SE, concluded the event. He showed how technology has changed and will continue to change logistics processes. Dachser invested around EUR 500 million in 2024, a large part of which was also invested in IT. \"AI is everywhere, but not in the contribution margin,\" Stefan Hohm also revealed. And despite all the technology, logistics remains a people business. Using various examples - e.g. exoskeletons for easier lifting of loads or the use of digital twins for optimal utilization of warehouse space - Stefan Hohm demonstrated the diverse use of technology at Dachser. Much of this was developed together with partners. Dachser is tapping into the potential of AI, because: \"Logistics companies that do not address AI will not survive in the market,\" says Stefan Hohm. Nevertheless, the risks must also be kept in mind: Data protection, ethical and legal issues. Stefan Hohm also warned against becoming too dependent on technology.<\/p>\n<p>The conclusion - also for the entire conference - was that clarity, courage and cooperation are needed to tackle the challenges of the future, and not just in the logistics sector.<\/p>","protected":false},"excerpt":{"rendered":"<p>Digital technologies are changing mobility and logistics for good. What solutions are already available today and what challenges still await us was the topic of a specialist event in D\u00fcbendorf on September 19, 2025.<\/p>","protected":false},"author":4,"featured_media":40702,"comment_status":"closed","ping_status":"closed","sticky":false,"template":"","format":"standard","meta":{"_acf_changed":false,"_yoast_wpseo_focuskw":"Mobilit\u00e4t","_yoast_wpseo_metadesc":"Digitale Technologien sind dabei, die Mobilit\u00e4t und die Logistik nachhaltig zu ver\u00e4ndern. Eine Fachveranstaltung widmete sich diesen Themen.","articlekey":"","footnotes":""},"categories":[28],"tags":[156,328,492,502,503],"class_list":["post-40700","post","type-post","status-publish","format-standard","has-post-thumbnail","hentry","category-management","tag-digitalisierung","tag-logistik","tag-unternehmen","tag-veranstaltungen","tag-verbaende"],"acf":[],"yoast_head":"<!-- This site is optimized with the Yoast SEO plugin v27.4 - https:\/\/yoast.com\/product\/yoast-seo-wordpress\/ -->\n<title>Logistik und Mobilit\u00e4t der Zukunft - Organisator<\/title>\n<meta name=\"description\" content=\"Digitale Technologien sind dabei, die Mobilit\u00e4t und die Logistik nachhaltig zu ver\u00e4ndern. Eine Fachveranstaltung widmete sich diesen Themen.\" \/>\n<meta name=\"robots\" content=\"index, follow, max-snippet:-1, max-image-preview:large, max-video-preview:-1\" \/>\n<link rel=\"canonical\" href=\"https:\/\/www.organisator.ch\/en\/management\/2025-09-24\/logistik-und-mobilitaet-der-zukunft\/\" \/>\n<meta property=\"og:locale\" content=\"en_US\" \/>\n<meta property=\"og:type\" content=\"article\" \/>\n<meta property=\"og:title\" content=\"Logistik und Mobilit\u00e4t der Zukunft\" \/>\n<meta property=\"og:description\" content=\"Digitale Technologien sind dabei, die Mobilit\u00e4t und die Logistik nachhaltig zu ver\u00e4ndern. Eine Fachveranstaltung widmete sich diesen Themen.\" \/>\n<meta property=\"og:url\" content=\"https:\/\/www.organisator.ch\/en\/management\/2025-09-24\/logistik-und-mobilitaet-der-zukunft\/\" \/>\n<meta property=\"og:site_name\" content=\"Organisator\" \/>\n<meta property=\"article:publisher\" content=\"https:\/\/www.facebook.com\/OrganisatorFachmagazin\" \/>\n<meta property=\"article:published_time\" content=\"2025-09-24T13:00:11+00:00\" \/>\n<meta property=\"og:image\" content=\"https:\/\/www.organisator.ch\/wp-content\/uploads\/2025\/09\/Logistik-und-Mobilitaet-der-Zukunft-2_Organisator.jpg\" \/>\n\t<meta property=\"og:image:width\" content=\"680\" \/>\n\t<meta property=\"og:image:height\" content=\"452\" \/>\n\t<meta property=\"og:image:type\" content=\"image\/jpeg\" \/>\n<meta name=\"author\" content=\"thomas.berner\" \/>\n<meta name=\"twitter:card\" content=\"summary_large_image\" \/>\n<meta name=\"twitter:title\" content=\"#Logistik und #Mobilit\u00e4t der Zukunft\" \/>\n<meta name=\"twitter:description\" content=\"Digitale Technologien sind dabei, die #Mobilit\u00e4t und die Logistik nachhaltig zu ver\u00e4ndern. Eine #Fachveranstaltung widmete sich diesen Themen.\" \/>\n<meta name=\"twitter:image\" content=\"https:\/\/www.organisator.ch\/wp-content\/uploads\/2025\/09\/Logistik-und-Mobilitaet-der-Zukunft-2_Organisator.jpg\" \/>\n<script type=\"application\/ld+json\" class=\"yoast-schema-graph\">{\"@context\":\"https:\\\/\\\/schema.org\",\"@graph\":[{\"@type\":\"Article\",\"@id\":\"https:\\\/\\\/www.organisator.ch\\\/management\\\/2025-09-24\\\/logistik-und-mobilitaet-der-zukunft\\\/#article\",\"isPartOf\":{\"@id\":\"https:\\\/\\\/www.organisator.ch\\\/management\\\/2025-09-24\\\/logistik-und-mobilitaet-der-zukunft\\\/\"},\"author\":{\"name\":\"thomas.berner\",\"@id\":\"https:\\\/\\\/www.organisator.ch\\\/#\\\/schema\\\/person\\\/6f650f90b2842cd4c0cc334b4e36f67e\"},\"headline\":\"Logistik und Mobilit\u00e4t der Zukunft\",\"datePublished\":\"2025-09-24T13:00:11+00:00\",\"mainEntityOfPage\":{\"@id\":\"https:\\\/\\\/www.organisator.ch\\\/management\\\/2025-09-24\\\/logistik-und-mobilitaet-der-zukunft\\\/\"},\"wordCount\":950,\"publisher\":{\"@id\":\"https:\\\/\\\/www.organisator.ch\\\/#organization\"},\"image\":{\"@id\":\"https:\\\/\\\/www.organisator.ch\\\/management\\\/2025-09-24\\\/logistik-und-mobilitaet-der-zukunft\\\/#primaryimage\"},\"thumbnailUrl\":\"https:\\\/\\\/www.organisator.ch\\\/wp-content\\\/uploads\\\/2025\\\/09\\\/Logistik-und-Mobilitaet-der-Zukunft-2_Organisator.jpg\",\"keywords\":[\"Digitalisierung\",\"Logistik\",\"Unternehmen\",\"Veranstaltungen\",\"Verb\u00e4nde\"],\"articleSection\":[\"MANAGEMENT\"],\"inLanguage\":\"en-US\"},{\"@type\":\"WebPage\",\"@id\":\"https:\\\/\\\/www.organisator.ch\\\/management\\\/2025-09-24\\\/logistik-und-mobilitaet-der-zukunft\\\/\",\"url\":\"https:\\\/\\\/www.organisator.ch\\\/management\\\/2025-09-24\\\/logistik-und-mobilitaet-der-zukunft\\\/\",\"name\":\"Logistik und Mobilit\u00e4t der Zukunft - Organisator\",\"isPartOf\":{\"@id\":\"https:\\\/\\\/www.organisator.ch\\\/#website\"},\"primaryImageOfPage\":{\"@id\":\"https:\\\/\\\/www.organisator.ch\\\/management\\\/2025-09-24\\\/logistik-und-mobilitaet-der-zukunft\\\/#primaryimage\"},\"image\":{\"@id\":\"https:\\\/\\\/www.organisator.ch\\\/management\\\/2025-09-24\\\/logistik-und-mobilitaet-der-zukunft\\\/#primaryimage\"},\"thumbnailUrl\":\"https:\\\/\\\/www.organisator.ch\\\/wp-content\\\/uploads\\\/2025\\\/09\\\/Logistik-und-Mobilitaet-der-Zukunft-2_Organisator.jpg\",\"datePublished\":\"2025-09-24T13:00:11+00:00\",\"description\":\"Digitale Technologien sind dabei, die Mobilit\u00e4t und die Logistik nachhaltig zu ver\u00e4ndern. Eine Fachveranstaltung widmete sich diesen Themen.\",\"breadcrumb\":{\"@id\":\"https:\\\/\\\/www.organisator.ch\\\/management\\\/2025-09-24\\\/logistik-und-mobilitaet-der-zukunft\\\/#breadcrumb\"},\"inLanguage\":\"en-US\",\"potentialAction\":[{\"@type\":\"ReadAction\",\"target\":[\"https:\\\/\\\/www.organisator.ch\\\/management\\\/2025-09-24\\\/logistik-und-mobilitaet-der-zukunft\\\/\"]}]},{\"@type\":\"ImageObject\",\"inLanguage\":\"en-US\",\"@id\":\"https:\\\/\\\/www.organisator.ch\\\/management\\\/2025-09-24\\\/logistik-und-mobilitaet-der-zukunft\\\/#primaryimage\",\"url\":\"https:\\\/\\\/www.organisator.ch\\\/wp-content\\\/uploads\\\/2025\\\/09\\\/Logistik-und-Mobilitaet-der-Zukunft-2_Organisator.jpg\",\"contentUrl\":\"https:\\\/\\\/www.organisator.ch\\\/wp-content\\\/uploads\\\/2025\\\/09\\\/Logistik-und-Mobilitaet-der-Zukunft-2_Organisator.jpg\",\"width\":680,\"height\":452,\"caption\":\"Stefan Hohm zeigte anhand verschiedener Beispiele, welche Rolle die Technologie in der Logistik \u00fcbernimmt. (Bild: zVg \\\/ Dachser)\"},{\"@type\":\"BreadcrumbList\",\"@id\":\"https:\\\/\\\/www.organisator.ch\\\/management\\\/2025-09-24\\\/logistik-und-mobilitaet-der-zukunft\\\/#breadcrumb\",\"itemListElement\":[{\"@type\":\"ListItem\",\"position\":1,\"name\":\"Home\",\"item\":\"https:\\\/\\\/www.organisator.ch\\\/\"},{\"@type\":\"ListItem\",\"position\":2,\"name\":\"Logistik und Mobilit\u00e4t der Zukunft\"}]},{\"@type\":\"WebSite\",\"@id\":\"https:\\\/\\\/www.organisator.ch\\\/#website\",\"url\":\"https:\\\/\\\/www.organisator.ch\\\/\",\"name\":\"Organisator\",\"description\":\"Kompetent. Praxisnah. Der ORGANISATOR bereitet in 10 Ausgaben pro Jahr die wesentlichen Themen f\u00fcr F\u00fchrungskr\u00e4fte von KMU auf.\",\"publisher\":{\"@id\":\"https:\\\/\\\/www.organisator.ch\\\/#organization\"},\"potentialAction\":[{\"@type\":\"SearchAction\",\"target\":{\"@type\":\"EntryPoint\",\"urlTemplate\":\"https:\\\/\\\/www.organisator.ch\\\/?s={search_term_string}\"},\"query-input\":{\"@type\":\"PropertyValueSpecification\",\"valueRequired\":true,\"valueName\":\"search_term_string\"}}],\"inLanguage\":\"en-US\"},{\"@type\":\"Organization\",\"@id\":\"https:\\\/\\\/www.organisator.ch\\\/#organization\",\"name\":\"Organisator\",\"url\":\"https:\\\/\\\/www.organisator.ch\\\/\",\"logo\":{\"@type\":\"ImageObject\",\"inLanguage\":\"en-US\",\"@id\":\"https:\\\/\\\/www.organisator.ch\\\/#\\\/schema\\\/logo\\\/image\\\/\",\"url\":\"https:\\\/\\\/www.organisator.ch\\\/wp-content\\\/uploads\\\/2022\\\/01\\\/Logo_Organisator_Website.png\",\"contentUrl\":\"https:\\\/\\\/www.organisator.ch\\\/wp-content\\\/uploads\\\/2022\\\/01\\\/Logo_Organisator_Website.png\",\"width\":800,\"height\":77,\"caption\":\"Organisator\"},\"image\":{\"@id\":\"https:\\\/\\\/www.organisator.ch\\\/#\\\/schema\\\/logo\\\/image\\\/\"},\"sameAs\":[\"https:\\\/\\\/www.facebook.com\\\/OrganisatorFachmagazin\",\"https:\\\/\\\/www.linkedin.com\\\/showcase\\\/organisator-das-magazin-fr-kmu\",\"https:\\\/\\\/www.xing.com\\\/news\\\/pages\\\/organisator-ch-695\",\"https:\\\/\\\/www.youtube.com\\\/channel\\\/UCGP2Sq0iWaZwT3BdIAQFYpw\"]},{\"@type\":\"Person\",\"@id\":\"https:\\\/\\\/www.organisator.ch\\\/#\\\/schema\\\/person\\\/6f650f90b2842cd4c0cc334b4e36f67e\",\"name\":\"thomas.berner\",\"image\":{\"@type\":\"ImageObject\",\"inLanguage\":\"en-US\",\"@id\":\"https:\\\/\\\/secure.gravatar.com\\\/avatar\\\/ac5001d2a36cb6c6cd3e50789007ffca834b477b74a2144564522e944eabff61?s=96&d=mm&r=g\",\"url\":\"https:\\\/\\\/secure.gravatar.com\\\/avatar\\\/ac5001d2a36cb6c6cd3e50789007ffca834b477b74a2144564522e944eabff61?s=96&d=mm&r=g\",\"contentUrl\":\"https:\\\/\\\/secure.gravatar.com\\\/avatar\\\/ac5001d2a36cb6c6cd3e50789007ffca834b477b74a2144564522e944eabff61?s=96&d=mm&r=g\",\"caption\":\"thomas.berner\"},\"url\":\"https:\\\/\\\/www.organisator.ch\\\/en\\\/author\\\/thomas-berner\\\/\"}]}<\/script>\n<!-- \/ Yoast SEO plugin. -->","yoast_head_json":{"title":"Logistics and mobility of the future - Organizer","description":"Digital technologies are changing mobility and logistics in the long term. A specialist event was dedicated to these topics.","robots":{"index":"index","follow":"follow","max-snippet":"max-snippet:-1","max-image-preview":"max-image-preview:large","max-video-preview":"max-video-preview:-1"},"canonical":"https:\/\/www.organisator.ch\/en\/management\/2025-09-24\/logistik-und-mobilitaet-der-zukunft\/","og_locale":"en_US","og_type":"article","og_title":"Logistik und Mobilit\u00e4t der Zukunft","og_description":"Digitale Technologien sind dabei, die Mobilit\u00e4t und die Logistik nachhaltig zu ver\u00e4ndern. Eine Fachveranstaltung widmete sich diesen Themen.","og_url":"https:\/\/www.organisator.ch\/en\/management\/2025-09-24\/logistik-und-mobilitaet-der-zukunft\/","og_site_name":"Organisator","article_publisher":"https:\/\/www.facebook.com\/OrganisatorFachmagazin","article_published_time":"2025-09-24T13:00:11+00:00","og_image":[{"width":680,"height":452,"url":"https:\/\/www.organisator.ch\/wp-content\/uploads\/2025\/09\/Logistik-und-Mobilitaet-der-Zukunft-2_Organisator.jpg","type":"image\/jpeg"}],"author":"thomas.berner","twitter_card":"summary_large_image","twitter_title":"#Logistik und #Mobilit\u00e4t der Zukunft","twitter_description":"Digitale Technologien sind dabei, die #Mobilit\u00e4t und die Logistik nachhaltig zu ver\u00e4ndern. Eine #Fachveranstaltung widmete sich diesen Themen.","twitter_image":"https:\/\/www.organisator.ch\/wp-content\/uploads\/2025\/09\/Logistik-und-Mobilitaet-der-Zukunft-2_Organisator.jpg","schema":{"@context":"https:\/\/schema.org","@graph":[{"@type":"Article","@id":"https:\/\/www.organisator.ch\/management\/2025-09-24\/logistik-und-mobilitaet-der-zukunft\/#article","isPartOf":{"@id":"https:\/\/www.organisator.ch\/management\/2025-09-24\/logistik-und-mobilitaet-der-zukunft\/"},"author":{"name":"thomas.berner","@id":"https:\/\/www.organisator.ch\/#\/schema\/person\/6f650f90b2842cd4c0cc334b4e36f67e"},"headline":"Logistik und Mobilit\u00e4t der Zukunft","datePublished":"2025-09-24T13:00:11+00:00","mainEntityOfPage":{"@id":"https:\/\/www.organisator.ch\/management\/2025-09-24\/logistik-und-mobilitaet-der-zukunft\/"},"wordCount":950,"publisher":{"@id":"https:\/\/www.organisator.ch\/#organization"},"image":{"@id":"https:\/\/www.organisator.ch\/management\/2025-09-24\/logistik-und-mobilitaet-der-zukunft\/#primaryimage"},"thumbnailUrl":"https:\/\/www.organisator.ch\/wp-content\/uploads\/2025\/09\/Logistik-und-Mobilitaet-der-Zukunft-2_Organisator.jpg","keywords":["Digitalisierung","Logistik","Unternehmen","Veranstaltungen","Verb\u00e4nde"],"articleSection":["MANAGEMENT"],"inLanguage":"en-US"},{"@type":"WebPage","@id":"https:\/\/www.organisator.ch\/management\/2025-09-24\/logistik-und-mobilitaet-der-zukunft\/","url":"https:\/\/www.organisator.ch\/management\/2025-09-24\/logistik-und-mobilitaet-der-zukunft\/","name":"Logistics and mobility of the future - Organizer","isPartOf":{"@id":"https:\/\/www.organisator.ch\/#website"},"primaryImageOfPage":{"@id":"https:\/\/www.organisator.ch\/management\/2025-09-24\/logistik-und-mobilitaet-der-zukunft\/#primaryimage"},"image":{"@id":"https:\/\/www.organisator.ch\/management\/2025-09-24\/logistik-und-mobilitaet-der-zukunft\/#primaryimage"},"thumbnailUrl":"https:\/\/www.organisator.ch\/wp-content\/uploads\/2025\/09\/Logistik-und-Mobilitaet-der-Zukunft-2_Organisator.jpg","datePublished":"2025-09-24T13:00:11+00:00","description":"Digital technologies are changing mobility and logistics in the long term. A specialist event was dedicated to these topics.","breadcrumb":{"@id":"https:\/\/www.organisator.ch\/management\/2025-09-24\/logistik-und-mobilitaet-der-zukunft\/#breadcrumb"},"inLanguage":"en-US","potentialAction":[{"@type":"ReadAction","target":["https:\/\/www.organisator.ch\/management\/2025-09-24\/logistik-und-mobilitaet-der-zukunft\/"]}]},{"@type":"ImageObject","inLanguage":"en-US","@id":"https:\/\/www.organisator.ch\/management\/2025-09-24\/logistik-und-mobilitaet-der-zukunft\/#primaryimage","url":"https:\/\/www.organisator.ch\/wp-content\/uploads\/2025\/09\/Logistik-und-Mobilitaet-der-Zukunft-2_Organisator.jpg","contentUrl":"https:\/\/www.organisator.ch\/wp-content\/uploads\/2025\/09\/Logistik-und-Mobilitaet-der-Zukunft-2_Organisator.jpg","width":680,"height":452,"caption":"Stefan Hohm zeigte anhand verschiedener Beispiele, welche Rolle die Technologie in der Logistik \u00fcbernimmt. (Bild: zVg \/ Dachser)"},{"@type":"BreadcrumbList","@id":"https:\/\/www.organisator.ch\/management\/2025-09-24\/logistik-und-mobilitaet-der-zukunft\/#breadcrumb","itemListElement":[{"@type":"ListItem","position":1,"name":"Home","item":"https:\/\/www.organisator.ch\/"},{"@type":"ListItem","position":2,"name":"Logistik und Mobilit\u00e4t der Zukunft"}]},{"@type":"WebSite","@id":"https:\/\/www.organisator.ch\/#website","url":"https:\/\/www.organisator.ch\/","name":"Organizer","description":"Competent. Practical. In 10 issues per year, ORGANISATOR presents the essential topics for managers of SMEs.","publisher":{"@id":"https:\/\/www.organisator.ch\/#organization"},"potentialAction":[{"@type":"SearchAction","target":{"@type":"EntryPoint","urlTemplate":"https:\/\/www.organisator.ch\/?s={search_term_string}"},"query-input":{"@type":"PropertyValueSpecification","valueRequired":true,"valueName":"search_term_string"}}],"inLanguage":"en-US"},{"@type":"Organization","@id":"https:\/\/www.organisator.ch\/#organization","name":"Organizer","url":"https:\/\/www.organisator.ch\/","logo":{"@type":"ImageObject","inLanguage":"en-US","@id":"https:\/\/www.organisator.ch\/#\/schema\/logo\/image\/","url":"https:\/\/www.organisator.ch\/wp-content\/uploads\/2022\/01\/Logo_Organisator_Website.png","contentUrl":"https:\/\/www.organisator.ch\/wp-content\/uploads\/2022\/01\/Logo_Organisator_Website.png","width":800,"height":77,"caption":"Organisator"},"image":{"@id":"https:\/\/www.organisator.ch\/#\/schema\/logo\/image\/"},"sameAs":["https:\/\/www.facebook.com\/OrganisatorFachmagazin","https:\/\/www.linkedin.com\/showcase\/organisator-das-magazin-fr-kmu","https:\/\/www.xing.com\/news\/pages\/organisator-ch-695","https:\/\/www.youtube.com\/channel\/UCGP2Sq0iWaZwT3BdIAQFYpw"]},{"@type":"Person","@id":"https:\/\/www.organisator.ch\/#\/schema\/person\/6f650f90b2842cd4c0cc334b4e36f67e","name":"thomas.berner","image":{"@type":"ImageObject","inLanguage":"en-US","@id":"https:\/\/secure.gravatar.com\/avatar\/ac5001d2a36cb6c6cd3e50789007ffca834b477b74a2144564522e944eabff61?s=96&d=mm&r=g","url":"https:\/\/secure.gravatar.com\/avatar\/ac5001d2a36cb6c6cd3e50789007ffca834b477b74a2144564522e944eabff61?s=96&d=mm&r=g","contentUrl":"https:\/\/secure.gravatar.com\/avatar\/ac5001d2a36cb6c6cd3e50789007ffca834b477b74a2144564522e944eabff61?s=96&d=mm&r=g","caption":"thomas.berner"},"url":"https:\/\/www.organisator.ch\/en\/author\/thomas-berner\/"}]}},"_links":{"self":[{"href":"https:\/\/www.organisator.ch\/en\/wp-json\/wp\/v2\/posts\/40700","targetHints":{"allow":["GET"]}}],"collection":[{"href":"https:\/\/www.organisator.ch\/en\/wp-json\/wp\/v2\/posts"}],"about":[{"href":"https:\/\/www.organisator.ch\/en\/wp-json\/wp\/v2\/types\/post"}],"author":[{"embeddable":true,"href":"https:\/\/www.organisator.ch\/en\/wp-json\/wp\/v2\/users\/4"}],"replies":[{"embeddable":true,"href":"https:\/\/www.organisator.ch\/en\/wp-json\/wp\/v2\/comments?post=40700"}],"version-history":[{"count":4,"href":"https:\/\/www.organisator.ch\/en\/wp-json\/wp\/v2\/posts\/40700\/revisions"}],"predecessor-version":[{"id":40769,"href":"https:\/\/www.organisator.ch\/en\/wp-json\/wp\/v2\/posts\/40700\/revisions\/40769"}],"wp:featuredmedia":[{"embeddable":true,"href":"https:\/\/www.organisator.ch\/en\/wp-json\/wp\/v2\/media\/40702"}],"wp:attachment":[{"href":"https:\/\/www.organisator.ch\/en\/wp-json\/wp\/v2\/media?parent=40700"}],"wp:term":[{"taxonomy":"category","embeddable":true,"href":"https:\/\/www.organisator.ch\/en\/wp-json\/wp\/v2\/categories?post=40700"},{"taxonomy":"post_tag","embeddable":true,"href":"https:\/\/www.organisator.ch\/en\/wp-json\/wp\/v2\/tags?post=40700"}],"curies":[{"name":"wp","href":"https:\/\/api.w.org\/{rel}","templated":true}]}}