{"id":40777,"date":"2025-09-29T11:50:53","date_gmt":"2025-09-29T09:50:53","guid":{"rendered":"https:\/\/www.markt-kom.com\/?p=241645"},"modified":"2025-09-29T11:49:01","modified_gmt":"2025-09-29T09:49:01","slug":"seine-roboter-liefern-pakete-und-essen-aus-marko-bjelonic-ceo-rivr-ai-im-podcast","status":"publish","type":"post","link":"https:\/\/www.organisator.ch\/en\/management\/2025-09-29\/seine-roboter-liefern-pakete-und-essen-aus-marko-bjelonic-ceo-rivr-ai-im-podcast\/","title":{"rendered":"His robots deliver parcels and food: Marko Bjelonic, CEO Rivr.ai, in the podcast"},"content":{"rendered":"<p><iframe title=\"*30 | Robotics as a job engine? | Guest: Marko Bjelonic, CEO RIVR\" src=\"https:\/\/www.youtube.com\/embed\/mmnPEMwJmZU?feature=oembed\" width=\"768\" height=\"432\" frameborder=\"0\" allowfullscreen=\"allowfullscreen\"><\/iframe><\/p>\r\n<p>Autonomous robots are no longer a dream of the future in Zurich. What sounds like science fiction is becoming visible in everyday life: in Oerlikon and Regensdorf, robotic helpers deliver food and parcels to your doorstep. In the podcast \"AI and Society - Paths into the New World\" by the Swiss Text Academy, Marko Bjelonic, co-founder of Rivr.ai and ETH graduate, talks about the opportunities, hurdles and visions of this technology.<\/p>\r\n<p>Bjelonic explains how his team has already implemented specific projects with partners such as SwissPost and JustEat. Pilot trials also encounter regulatory issues, but in close coordination with the authorities, hurdles can often be overcome more quickly than in other countries.<\/p>\r\n<p>Switzerland is therefore becoming an ideal testing ground for robotics in everyday life. The investment by Jeff Bezos marked a special milestone. With the trust of the Amazon founder, Rivr.ai not only gained capital, but also international attention. \"We are part of the first wave of robots on the streets,\" says Bjelonic. \"It's not just about technology, but about the benefits for society.\"<\/p>\r\n<p><img class=\"alignnone size-full wp-image-241648\" src=\"https:\/\/www.markt-kom.com\/wp-content\/uploads\/2025\/09\/DZz56GShKB9B8whVMN6AE2-scaled.jpg\" sizes=\"(max-width: 1400px) 100vw, 1400px\" srcset=\"https:\/\/www.markt-kom.com\/wp-content\/uploads\/2025\/09\/DZz56GShKB9B8whVMN6AE2-scaled.jpg 1300w, https:\/\/www.markt-kom.com\/wp-content\/uploads\/2025\/09\/DZz56GShKB9B8whVMN6AE2-600x431.jpg 600w, https:\/\/www.markt-kom.com\/wp-content\/uploads\/2025\/09\/DZz56GShKB9B8whVMN6AE2-1024x735.jpg 1024w, https:\/\/www.markt-kom.com\/wp-content\/uploads\/2025\/09\/DZz56GShKB9B8whVMN6AE2-768x551.jpg 768w, https:\/\/www.markt-kom.com\/wp-content\/uploads\/2025\/09\/DZz56GShKB9B8whVMN6AE2-1536x1103.jpg 1536w, https:\/\/www.markt-kom.com\/wp-content\/uploads\/2025\/09\/DZz56GShKB9B8whVMN6AE2-18x12.jpg 18w, https:\/\/www.markt-kom.com\/wp-content\/uploads\/2025\/09\/DZz56GShKB9B8whVMN6AE2-244x175.jpg 244w, https:\/\/www.markt-kom.com\/wp-content\/uploads\/2025\/09\/DZz56GShKB9B8whVMN6AE2-488x350.jpg 488w, https:\/\/www.markt-kom.com\/wp-content\/uploads\/2025\/09\/DZz56GShKB9B8whVMN6AE2-1000x718.jpg 1000w\" alt=\"\" width=\"1400\" height=\"1005\" \/><\/p>\r\n<p>The question of jobs is also central to this. Robotics is not a job killer, emphasizes Bjelonic, but a stimulus for new occupational fields such as robot management. Delivery work is relieved by intelligent systems, while new opportunities are created at the same time.<\/p>\r\n<p>Rivr.ai's vision for the future extends far beyond Zurich. The plan is for multimodal robots that can move in different environments, right up to international scaling. The start-up from ETH Zurich not only wants to change the logistics industry, but also help shape the global discourse on the social integration of robotics.<\/p>\r\n<p><img class=\"alignnone size-full wp-image-241647\" src=\"https:\/\/www.markt-kom.com\/wp-content\/uploads\/2025\/09\/21195124-v1-20250903110458792.avif\" sizes=\"(max-width: 640px) 100vw, 640px\" srcset=\"https:\/\/www.markt-kom.com\/wp-content\/uploads\/2025\/09\/21195124-v1-20250903110458792.avif 640w, https:\/\/www.markt-kom.com\/wp-content\/uploads\/2025\/09\/21195124-v1-20250903110458792-600x450.avif 600w, https:\/\/www.markt-kom.com\/wp-content\/uploads\/2025\/09\/21195124-v1-20250903110458792-16x12.avif 16w, https:\/\/www.markt-kom.com\/wp-content\/uploads\/2025\/09\/21195124-v1-20250903110458792-233x175.avif 233w, https:\/\/www.markt-kom.com\/wp-content\/uploads\/2025\/09\/21195124-v1-20250903110458792-467x350.avif 467w\" alt=\"\" width=\"640\" height=\"480\" \/><\/p>\r\n<hr \/>\r\n<p><em>The video podcast \"AI and Society - Paths into the New World\" is produced by the Text Academy Foundation. Two episodes are released monthly, on Spotify ( https:\/\/open.spotify.com\/show\/4mSsEJuaShBuanBfBjoAeM?si=01b4363426db4d28) , Youtube <\/em><a href=\"https:\/\/youtube.com\/playlist?list=PL4InE9vz-QptAjyy0QXyk6lWFKXreWEh2&amp;feature=shared\"><em>https:\/\/youtube.com\/playlist?list=PL4InE9vz-QptAjyy0QXyk6lWFKXreWEh2&amp;feature=shared<\/em><\/a><em>\u00a0and other podcast platforms.<\/em><\/p>\r\n<p><em>Marko Bjelonic was also a guest at a Swiss Export symposium, <a href=\"https:\/\/www.organisator.ch\/de\/management\/2025-09-24\/logistik-und-mobilitaet-der-zukunft\/\">about which we reported here<\/a> have<\/em><\/p>","protected":false},"excerpt":{"rendered":"<p>A robot-like dog delivers food and parcels in Zurich. Marko Bjelonic explains how he is revolutionizing logistics with Rivr.ai. He is co-founder and CEO of the Swiss robotics company, in which Jeff Bezos is also investing heavily.<\/p>","protected":false},"author":8,"featured_media":0,"comment_status":"closed","ping_status":"closed","sticky":false,"template":"","format":"standard","meta":{"_acf_changed":false,"_yoast_wpseo_focuskw":"Marko Bjelonic","_yoast_wpseo_metadesc":"Ein roboter\u00e4hnlicher Hund liefert Essen und Pakete in Z\u00fcrich. Marko Bjelonic sagt, wie er mit Rivr.ai die Logistik revolutioniert.","articlekey":"","footnotes":""},"categories":[28],"tags":[4345,151,5547,5548,328,2645,5549,5450],"class_list":["post-40777","post","type-post","status-publish","format-standard","hentry","category-management","tag-business","tag-digital","tag-jeff-bezos","tag-just-eat","tag-logistik","tag-podcast","tag-rivr-ai","tag-stiftung-text-akademie"],"acf":[],"yoast_head":"<!-- This site is optimized with the Yoast SEO plugin v27.4 - https:\/\/yoast.com\/product\/yoast-seo-wordpress\/ -->\n<title>Seine Roboter liefern Pakete und Essen aus: Marko Bjelonic, CEO Rivr.ai, im Podcast - Organisator<\/title>\n<meta name=\"description\" content=\"Ein roboter\u00e4hnlicher Hund liefert Essen und Pakete in Z\u00fcrich. Marko Bjelonic sagt, wie er mit Rivr.ai die Logistik revolutioniert.\" \/>\n<meta name=\"robots\" content=\"index, follow, max-snippet:-1, max-image-preview:large, max-video-preview:-1\" \/>\n<link rel=\"canonical\" href=\"https:\/\/www.organisator.ch\/en\/management\/2025-09-29\/seine-roboter-liefern-pakete-und-essen-aus-marko-bjelonic-ceo-rivr-ai-im-podcast\/\" \/>\n<meta property=\"og:locale\" content=\"en_US\" \/>\n<meta property=\"og:type\" content=\"article\" \/>\n<meta property=\"og:title\" content=\"Seine Roboter liefern Pakete und Essen aus: Marko Bjelonic, CEO Rivr.ai, im Podcast - Organisator\" \/>\n<meta property=\"og:description\" content=\"Ein roboter\u00e4hnlicher Hund liefert Essen und Pakete in Z\u00fcrich. Marko Bjelonic sagt, wie er mit Rivr.ai die Logistik revolutioniert.\" \/>\n<meta property=\"og:url\" content=\"https:\/\/www.organisator.ch\/en\/management\/2025-09-29\/seine-roboter-liefern-pakete-und-essen-aus-marko-bjelonic-ceo-rivr-ai-im-podcast\/\" \/>\n<meta property=\"og:site_name\" content=\"Organisator\" \/>\n<meta property=\"article:publisher\" content=\"https:\/\/www.facebook.com\/OrganisatorFachmagazin\" \/>\n<meta property=\"article:published_time\" content=\"2025-09-29T09:50:53+00:00\" \/>\n<meta name=\"author\" content=\"galledia\" \/>\n<meta name=\"twitter:card\" content=\"summary_large_image\" \/>\n<meta name=\"twitter:creator\" content=\"@admin\" \/>\n<script type=\"application\/ld+json\" class=\"yoast-schema-graph\">{\"@context\":\"https:\\\/\\\/schema.org\",\"@graph\":[{\"@type\":\"Article\",\"@id\":\"https:\\\/\\\/www.organisator.ch\\\/management\\\/2025-09-29\\\/seine-roboter-liefern-pakete-und-essen-aus-marko-bjelonic-ceo-rivr-ai-im-podcast\\\/#article\",\"isPartOf\":{\"@id\":\"https:\\\/\\\/www.organisator.ch\\\/management\\\/2025-09-29\\\/seine-roboter-liefern-pakete-und-essen-aus-marko-bjelonic-ceo-rivr-ai-im-podcast\\\/\"},\"author\":{\"name\":\"galledia\",\"@id\":\"https:\\\/\\\/www.organisator.ch\\\/#\\\/schema\\\/person\\\/4e51799071cd2dd1232ac003643ef5f0\"},\"headline\":\"Seine Roboter liefern Pakete und Essen aus: Marko Bjelonic, CEO Rivr.ai, im Podcast\",\"datePublished\":\"2025-09-29T09:50:53+00:00\",\"mainEntityOfPage\":{\"@id\":\"https:\\\/\\\/www.organisator.ch\\\/management\\\/2025-09-29\\\/seine-roboter-liefern-pakete-und-essen-aus-marko-bjelonic-ceo-rivr-ai-im-podcast\\\/\"},\"wordCount\":342,\"publisher\":{\"@id\":\"https:\\\/\\\/www.organisator.ch\\\/#organization\"},\"image\":{\"@id\":\"https:\\\/\\\/www.organisator.ch\\\/management\\\/2025-09-29\\\/seine-roboter-liefern-pakete-und-essen-aus-marko-bjelonic-ceo-rivr-ai-im-podcast\\\/#primaryimage\"},\"thumbnailUrl\":\"https:\\\/\\\/www.markt-kom.com\\\/wp-content\\\/uploads\\\/2025\\\/09\\\/DZz56GShKB9B8whVMN6AE2-scaled.jpg\",\"keywords\":[\"Business\",\"Digital\",\"Jeff Bezos\",\"Just Eat\",\"Logistik\",\"Podcast\",\"Rivr.ai\",\"Stiftung Text Akademie\"],\"articleSection\":[\"MANAGEMENT\"],\"inLanguage\":\"en-US\"},{\"@type\":\"WebPage\",\"@id\":\"https:\\\/\\\/www.organisator.ch\\\/management\\\/2025-09-29\\\/seine-roboter-liefern-pakete-und-essen-aus-marko-bjelonic-ceo-rivr-ai-im-podcast\\\/\",\"url\":\"https:\\\/\\\/www.organisator.ch\\\/management\\\/2025-09-29\\\/seine-roboter-liefern-pakete-und-essen-aus-marko-bjelonic-ceo-rivr-ai-im-podcast\\\/\",\"name\":\"Seine Roboter liefern Pakete und Essen aus: Marko Bjelonic, CEO Rivr.ai, im Podcast - Organisator\",\"isPartOf\":{\"@id\":\"https:\\\/\\\/www.organisator.ch\\\/#website\"},\"primaryImageOfPage\":{\"@id\":\"https:\\\/\\\/www.organisator.ch\\\/management\\\/2025-09-29\\\/seine-roboter-liefern-pakete-und-essen-aus-marko-bjelonic-ceo-rivr-ai-im-podcast\\\/#primaryimage\"},\"image\":{\"@id\":\"https:\\\/\\\/www.organisator.ch\\\/management\\\/2025-09-29\\\/seine-roboter-liefern-pakete-und-essen-aus-marko-bjelonic-ceo-rivr-ai-im-podcast\\\/#primaryimage\"},\"thumbnailUrl\":\"https:\\\/\\\/www.markt-kom.com\\\/wp-content\\\/uploads\\\/2025\\\/09\\\/DZz56GShKB9B8whVMN6AE2-scaled.jpg\",\"datePublished\":\"2025-09-29T09:50:53+00:00\",\"description\":\"Ein roboter\u00e4hnlicher Hund liefert Essen und Pakete in Z\u00fcrich. Marko Bjelonic sagt, wie er mit Rivr.ai die Logistik revolutioniert.\",\"breadcrumb\":{\"@id\":\"https:\\\/\\\/www.organisator.ch\\\/management\\\/2025-09-29\\\/seine-roboter-liefern-pakete-und-essen-aus-marko-bjelonic-ceo-rivr-ai-im-podcast\\\/#breadcrumb\"},\"inLanguage\":\"en-US\",\"potentialAction\":[{\"@type\":\"ReadAction\",\"target\":[\"https:\\\/\\\/www.organisator.ch\\\/management\\\/2025-09-29\\\/seine-roboter-liefern-pakete-und-essen-aus-marko-bjelonic-ceo-rivr-ai-im-podcast\\\/\"]}]},{\"@type\":\"ImageObject\",\"inLanguage\":\"en-US\",\"@id\":\"https:\\\/\\\/www.organisator.ch\\\/management\\\/2025-09-29\\\/seine-roboter-liefern-pakete-und-essen-aus-marko-bjelonic-ceo-rivr-ai-im-podcast\\\/#primaryimage\",\"url\":\"https:\\\/\\\/www.markt-kom.com\\\/wp-content\\\/uploads\\\/2025\\\/09\\\/DZz56GShKB9B8whVMN6AE2-scaled.jpg\",\"contentUrl\":\"https:\\\/\\\/www.markt-kom.com\\\/wp-content\\\/uploads\\\/2025\\\/09\\\/DZz56GShKB9B8whVMN6AE2-scaled.jpg\"},{\"@type\":\"BreadcrumbList\",\"@id\":\"https:\\\/\\\/www.organisator.ch\\\/management\\\/2025-09-29\\\/seine-roboter-liefern-pakete-und-essen-aus-marko-bjelonic-ceo-rivr-ai-im-podcast\\\/#breadcrumb\",\"itemListElement\":[{\"@type\":\"ListItem\",\"position\":1,\"name\":\"Home\",\"item\":\"https:\\\/\\\/www.organisator.ch\\\/\"},{\"@type\":\"ListItem\",\"position\":2,\"name\":\"Seine Roboter liefern Pakete und Essen aus: Marko Bjelonic, CEO Rivr.ai, im Podcast\"}]},{\"@type\":\"WebSite\",\"@id\":\"https:\\\/\\\/www.organisator.ch\\\/#website\",\"url\":\"https:\\\/\\\/www.organisator.ch\\\/\",\"name\":\"Organisator\",\"description\":\"Kompetent. Praxisnah. Der ORGANISATOR bereitet in 10 Ausgaben pro Jahr die wesentlichen Themen f\u00fcr F\u00fchrungskr\u00e4fte von KMU auf.\",\"publisher\":{\"@id\":\"https:\\\/\\\/www.organisator.ch\\\/#organization\"},\"potentialAction\":[{\"@type\":\"SearchAction\",\"target\":{\"@type\":\"EntryPoint\",\"urlTemplate\":\"https:\\\/\\\/www.organisator.ch\\\/?s={search_term_string}\"},\"query-input\":{\"@type\":\"PropertyValueSpecification\",\"valueRequired\":true,\"valueName\":\"search_term_string\"}}],\"inLanguage\":\"en-US\"},{\"@type\":\"Organization\",\"@id\":\"https:\\\/\\\/www.organisator.ch\\\/#organization\",\"name\":\"Organisator\",\"url\":\"https:\\\/\\\/www.organisator.ch\\\/\",\"logo\":{\"@type\":\"ImageObject\",\"inLanguage\":\"en-US\",\"@id\":\"https:\\\/\\\/www.organisator.ch\\\/#\\\/schema\\\/logo\\\/image\\\/\",\"url\":\"https:\\\/\\\/www.organisator.ch\\\/wp-content\\\/uploads\\\/2022\\\/01\\\/Logo_Organisator_Website.png\",\"contentUrl\":\"https:\\\/\\\/www.organisator.ch\\\/wp-content\\\/uploads\\\/2022\\\/01\\\/Logo_Organisator_Website.png\",\"width\":800,\"height\":77,\"caption\":\"Organisator\"},\"image\":{\"@id\":\"https:\\\/\\\/www.organisator.ch\\\/#\\\/schema\\\/logo\\\/image\\\/\"},\"sameAs\":[\"https:\\\/\\\/www.facebook.com\\\/OrganisatorFachmagazin\",\"https:\\\/\\\/www.linkedin.com\\\/showcase\\\/organisator-das-magazin-fr-kmu\",\"https:\\\/\\\/www.xing.com\\\/news\\\/pages\\\/organisator-ch-695\",\"https:\\\/\\\/www.youtube.com\\\/channel\\\/UCGP2Sq0iWaZwT3BdIAQFYpw\"]},{\"@type\":\"Person\",\"@id\":\"https:\\\/\\\/www.organisator.ch\\\/#\\\/schema\\\/person\\\/4e51799071cd2dd1232ac003643ef5f0\",\"name\":\"galledia\",\"image\":{\"@type\":\"ImageObject\",\"inLanguage\":\"en-US\",\"@id\":\"https:\\\/\\\/secure.gravatar.com\\\/avatar\\\/78a7f90c01fc2bfc875782a0d4922b37cde2cf184ce347b91316d23cd7f69a36?s=96&d=mm&r=g\",\"url\":\"https:\\\/\\\/secure.gravatar.com\\\/avatar\\\/78a7f90c01fc2bfc875782a0d4922b37cde2cf184ce347b91316d23cd7f69a36?s=96&d=mm&r=g\",\"contentUrl\":\"https:\\\/\\\/secure.gravatar.com\\\/avatar\\\/78a7f90c01fc2bfc875782a0d4922b37cde2cf184ce347b91316d23cd7f69a36?s=96&d=mm&r=g\",\"caption\":\"galledia\"},\"sameAs\":[\"https:\\\/\\\/x.com\\\/admin\"],\"url\":\"https:\\\/\\\/www.organisator.ch\\\/en\\\/author\\\/galledia\\\/\"}]}<\/script>\n<!-- \/ Yoast SEO plugin. -->","yoast_head_json":{"title":"His robots deliver parcels and food: Marko Bjelonic, CEO Rivr.ai, in the podcast - Organizer","description":"A robot-like dog delivers food and parcels in Zurich. Marko Bjelonic explains how he is revolutionizing logistics with Rivr.ai.","robots":{"index":"index","follow":"follow","max-snippet":"max-snippet:-1","max-image-preview":"max-image-preview:large","max-video-preview":"max-video-preview:-1"},"canonical":"https:\/\/www.organisator.ch\/en\/management\/2025-09-29\/seine-roboter-liefern-pakete-und-essen-aus-marko-bjelonic-ceo-rivr-ai-im-podcast\/","og_locale":"en_US","og_type":"article","og_title":"Seine Roboter liefern Pakete und Essen aus: Marko Bjelonic, CEO Rivr.ai, im Podcast - Organisator","og_description":"Ein roboter\u00e4hnlicher Hund liefert Essen und Pakete in Z\u00fcrich. Marko Bjelonic sagt, wie er mit Rivr.ai die Logistik revolutioniert.","og_url":"https:\/\/www.organisator.ch\/en\/management\/2025-09-29\/seine-roboter-liefern-pakete-und-essen-aus-marko-bjelonic-ceo-rivr-ai-im-podcast\/","og_site_name":"Organisator","article_publisher":"https:\/\/www.facebook.com\/OrganisatorFachmagazin","article_published_time":"2025-09-29T09:50:53+00:00","author":"galledia","twitter_card":"summary_large_image","twitter_creator":"@admin","schema":{"@context":"https:\/\/schema.org","@graph":[{"@type":"Article","@id":"https:\/\/www.organisator.ch\/management\/2025-09-29\/seine-roboter-liefern-pakete-und-essen-aus-marko-bjelonic-ceo-rivr-ai-im-podcast\/#article","isPartOf":{"@id":"https:\/\/www.organisator.ch\/management\/2025-09-29\/seine-roboter-liefern-pakete-und-essen-aus-marko-bjelonic-ceo-rivr-ai-im-podcast\/"},"author":{"name":"galledia","@id":"https:\/\/www.organisator.ch\/#\/schema\/person\/4e51799071cd2dd1232ac003643ef5f0"},"headline":"Seine Roboter liefern Pakete und Essen aus: Marko Bjelonic, CEO Rivr.ai, im Podcast","datePublished":"2025-09-29T09:50:53+00:00","mainEntityOfPage":{"@id":"https:\/\/www.organisator.ch\/management\/2025-09-29\/seine-roboter-liefern-pakete-und-essen-aus-marko-bjelonic-ceo-rivr-ai-im-podcast\/"},"wordCount":342,"publisher":{"@id":"https:\/\/www.organisator.ch\/#organization"},"image":{"@id":"https:\/\/www.organisator.ch\/management\/2025-09-29\/seine-roboter-liefern-pakete-und-essen-aus-marko-bjelonic-ceo-rivr-ai-im-podcast\/#primaryimage"},"thumbnailUrl":"https:\/\/www.markt-kom.com\/wp-content\/uploads\/2025\/09\/DZz56GShKB9B8whVMN6AE2-scaled.jpg","keywords":["Business","Digital","Jeff Bezos","Just Eat","Logistik","Podcast","Rivr.ai","Stiftung Text Akademie"],"articleSection":["MANAGEMENT"],"inLanguage":"en-US"},{"@type":"WebPage","@id":"https:\/\/www.organisator.ch\/management\/2025-09-29\/seine-roboter-liefern-pakete-und-essen-aus-marko-bjelonic-ceo-rivr-ai-im-podcast\/","url":"https:\/\/www.organisator.ch\/management\/2025-09-29\/seine-roboter-liefern-pakete-und-essen-aus-marko-bjelonic-ceo-rivr-ai-im-podcast\/","name":"His robots deliver parcels and food: Marko Bjelonic, CEO Rivr.ai, in the podcast - Organizer","isPartOf":{"@id":"https:\/\/www.organisator.ch\/#website"},"primaryImageOfPage":{"@id":"https:\/\/www.organisator.ch\/management\/2025-09-29\/seine-roboter-liefern-pakete-und-essen-aus-marko-bjelonic-ceo-rivr-ai-im-podcast\/#primaryimage"},"image":{"@id":"https:\/\/www.organisator.ch\/management\/2025-09-29\/seine-roboter-liefern-pakete-und-essen-aus-marko-bjelonic-ceo-rivr-ai-im-podcast\/#primaryimage"},"thumbnailUrl":"https:\/\/www.markt-kom.com\/wp-content\/uploads\/2025\/09\/DZz56GShKB9B8whVMN6AE2-scaled.jpg","datePublished":"2025-09-29T09:50:53+00:00","description":"A robot-like dog delivers food and parcels in Zurich. Marko Bjelonic explains how he is revolutionizing logistics with Rivr.ai.","breadcrumb":{"@id":"https:\/\/www.organisator.ch\/management\/2025-09-29\/seine-roboter-liefern-pakete-und-essen-aus-marko-bjelonic-ceo-rivr-ai-im-podcast\/#breadcrumb"},"inLanguage":"en-US","potentialAction":[{"@type":"ReadAction","target":["https:\/\/www.organisator.ch\/management\/2025-09-29\/seine-roboter-liefern-pakete-und-essen-aus-marko-bjelonic-ceo-rivr-ai-im-podcast\/"]}]},{"@type":"ImageObject","inLanguage":"en-US","@id":"https:\/\/www.organisator.ch\/management\/2025-09-29\/seine-roboter-liefern-pakete-und-essen-aus-marko-bjelonic-ceo-rivr-ai-im-podcast\/#primaryimage","url":"https:\/\/www.markt-kom.com\/wp-content\/uploads\/2025\/09\/DZz56GShKB9B8whVMN6AE2-scaled.jpg","contentUrl":"https:\/\/www.markt-kom.com\/wp-content\/uploads\/2025\/09\/DZz56GShKB9B8whVMN6AE2-scaled.jpg"},{"@type":"BreadcrumbList","@id":"https:\/\/www.organisator.ch\/management\/2025-09-29\/seine-roboter-liefern-pakete-und-essen-aus-marko-bjelonic-ceo-rivr-ai-im-podcast\/#breadcrumb","itemListElement":[{"@type":"ListItem","position":1,"name":"Home","item":"https:\/\/www.organisator.ch\/"},{"@type":"ListItem","position":2,"name":"Seine Roboter liefern Pakete und Essen aus: Marko Bjelonic, CEO Rivr.ai, im Podcast"}]},{"@type":"WebSite","@id":"https:\/\/www.organisator.ch\/#website","url":"https:\/\/www.organisator.ch\/","name":"Organizer","description":"Competent. Practical. In 10 issues per year, ORGANISATOR presents the essential topics for managers of SMEs.","publisher":{"@id":"https:\/\/www.organisator.ch\/#organization"},"potentialAction":[{"@type":"SearchAction","target":{"@type":"EntryPoint","urlTemplate":"https:\/\/www.organisator.ch\/?s={search_term_string}"},"query-input":{"@type":"PropertyValueSpecification","valueRequired":true,"valueName":"search_term_string"}}],"inLanguage":"en-US"},{"@type":"Organization","@id":"https:\/\/www.organisator.ch\/#organization","name":"Organizer","url":"https:\/\/www.organisator.ch\/","logo":{"@type":"ImageObject","inLanguage":"en-US","@id":"https:\/\/www.organisator.ch\/#\/schema\/logo\/image\/","url":"https:\/\/www.organisator.ch\/wp-content\/uploads\/2022\/01\/Logo_Organisator_Website.png","contentUrl":"https:\/\/www.organisator.ch\/wp-content\/uploads\/2022\/01\/Logo_Organisator_Website.png","width":800,"height":77,"caption":"Organisator"},"image":{"@id":"https:\/\/www.organisator.ch\/#\/schema\/logo\/image\/"},"sameAs":["https:\/\/www.facebook.com\/OrganisatorFachmagazin","https:\/\/www.linkedin.com\/showcase\/organisator-das-magazin-fr-kmu","https:\/\/www.xing.com\/news\/pages\/organisator-ch-695","https:\/\/www.youtube.com\/channel\/UCGP2Sq0iWaZwT3BdIAQFYpw"]},{"@type":"Person","@id":"https:\/\/www.organisator.ch\/#\/schema\/person\/4e51799071cd2dd1232ac003643ef5f0","name":"galledia","image":{"@type":"ImageObject","inLanguage":"en-US","@id":"https:\/\/secure.gravatar.com\/avatar\/78a7f90c01fc2bfc875782a0d4922b37cde2cf184ce347b91316d23cd7f69a36?s=96&d=mm&r=g","url":"https:\/\/secure.gravatar.com\/avatar\/78a7f90c01fc2bfc875782a0d4922b37cde2cf184ce347b91316d23cd7f69a36?s=96&d=mm&r=g","contentUrl":"https:\/\/secure.gravatar.com\/avatar\/78a7f90c01fc2bfc875782a0d4922b37cde2cf184ce347b91316d23cd7f69a36?s=96&d=mm&r=g","caption":"galledia"},"sameAs":["https:\/\/x.com\/admin"],"url":"https:\/\/www.organisator.ch\/en\/author\/galledia\/"}]}},"_links":{"self":[{"href":"https:\/\/www.organisator.ch\/en\/wp-json\/wp\/v2\/posts\/40777","targetHints":{"allow":["GET"]}}],"collection":[{"href":"https:\/\/www.organisator.ch\/en\/wp-json\/wp\/v2\/posts"}],"about":[{"href":"https:\/\/www.organisator.ch\/en\/wp-json\/wp\/v2\/types\/post"}],"author":[{"embeddable":true,"href":"https:\/\/www.organisator.ch\/en\/wp-json\/wp\/v2\/users\/8"}],"replies":[{"embeddable":true,"href":"https:\/\/www.organisator.ch\/en\/wp-json\/wp\/v2\/comments?post=40777"}],"version-history":[{"count":11,"href":"https:\/\/www.organisator.ch\/en\/wp-json\/wp\/v2\/posts\/40777\/revisions"}],"predecessor-version":[{"id":40797,"href":"https:\/\/www.organisator.ch\/en\/wp-json\/wp\/v2\/posts\/40777\/revisions\/40797"}],"wp:attachment":[{"href":"https:\/\/www.organisator.ch\/en\/wp-json\/wp\/v2\/media?parent=40777"}],"wp:term":[{"taxonomy":"category","embeddable":true,"href":"https:\/\/www.organisator.ch\/en\/wp-json\/wp\/v2\/categories?post=40777"},{"taxonomy":"post_tag","embeddable":true,"href":"https:\/\/www.organisator.ch\/en\/wp-json\/wp\/v2\/tags?post=40777"}],"curies":[{"name":"wp","href":"https:\/\/api.w.org\/{rel}","templated":true}]}}