{"id":40828,"date":"2025-09-30T17:13:03","date_gmt":"2025-09-30T15:13:03","guid":{"rendered":"https:\/\/www.markt-kom.com\/?p=241942"},"modified":"2025-10-20T16:18:43","modified_gmt":"2025-10-20T14:18:43","slug":"uebrigens-manche-marken-sterben-nicht-an-bedeutungsverlust-sondern-an-beziehungslosigkeit","status":"publish","type":"post","link":"https:\/\/www.organisator.ch\/en\/marketing\/2025-09-30\/uebrigens-manche-marken-sterben-nicht-an-bedeutungsverlust-sondern-an-beziehungslosigkeit\/","title":{"rendered":"By the way ... Some brands don't die from a loss of significance, but from a lack of relationships"},"content":{"rendered":"<p><img class=\"alignnone size-medium wp-image-40831\" src=\"https:\/\/www.organisator.ch\/wp-content\/uploads\/2025\/09\/natalia-blauth-kucpwLmInxU-unsplash-scaled-1-680x453.jpg\" alt=\"\" width=\"680\" height=\"453\" \/><\/p>\r\n<p>There is this moment that nobody plans. It doesn't come with a bang, but with a hush. Campaigns are running, touchpoints have been used, the budget has been released - and yet there is no response. Not just in the click rate. But deeper. Where something should actually be happening.<\/p>\r\n<p>Many brands experience this without naming it as such. Instead, they optimize, rebrand and reposition. As if the loss of resonance were a technical fault, not a relationship crisis.<\/p>\r\n<p>But that's exactly what it is: a silent relationship crisis. Brands that once created a sense of belonging now often seem like transmitters without a counterpart. You hear them, but you no longer feel them. The consumer is not necessarily <u>un<\/u>satisfied - he is inwardly absent.<\/p>\r\n<p>And this \"inner absence\" is not a short-term reaction, but a slow process. It arises where communication becomes a tool. Where campaigns no longer arise from a want, but from a need. Where language loses its function because it no longer leaves a trace.<\/p>\r\n<h3><strong>How it gets this far<\/strong><\/h3>\r\n<p>In a world that communicates incessantly, falling silent is difficult to notice. It is not a failure of volume, but of touch. When language is only directed at target groups, not people. When personalization becomes a mathematical trick instead of a gesture of genuine interest.<\/p>\r\n<p>Brands do not lose people through mistakes. They lose them through indifference - often unintentionally, but systematically. It is not a lack of knowledge, but a lack of closeness.<\/p>\r\n<p>The tools are sophisticated, the teams are committed - but the relationship level remains untouched. Perhaps because it is not even mentioned in the briefings. Or - because there is no KPI for \"coherence\".<\/p>\r\n<h3><strong>What happens next<\/strong><\/h3>\r\n<p>The loss of resonance rarely remains without consequences. Brands are still bought, but no longer meant. They mutate into a function, an option in the drop-down menu. Interchangeable. And at some point irrelevant.<\/p>\r\n<p>Then the usual reaction patterns kick in: more analysis, more tests, more data. You ask yourself: What's missing? But you rarely ask: Who have we lost?<\/p>\r\n<p>And this creates a dangerous standstill behind the hustle and bustle.<\/p>\r\n<h3><strong>What is needed now<\/strong><\/h3>\r\n<p>Brands don't need a new claim. They need a different ear. Not better targeting, but a different attitude. It's not about attention, but about responsiveness. Not about the next viral moment - but about quietly reconnecting with what used to be: a relationship.<\/p>\r\n<p>You can do this with <em>Consumer Listening<\/em> call it. Or simply call it listening. The decisive factor is not the method, but the space: a space in which consumers are not questioned, but listened to.<\/p>\r\n<p>And this space doesn't start with tools. It starts with the honest question: Who are we - from the perspective of our customers and consumers?<\/p>\r\n<p>By the way ...<br \/>\r\nSome brands do not die from a loss of significance, but from a lack of relationships.<\/p>","protected":false},"excerpt":{"rendered":"<p>In our \"By the way...\" column, Laura Colledani and Klaus Ammon from Management Tools take it in turns to reflect on the issues of our time. This time: Bought but not heard - Why the customer has long since moved on.<\/p>","protected":false},"author":8,"featured_media":40831,"comment_status":"closed","ping_status":"closed","sticky":false,"template":"","format":"standard","meta":{"_acf_changed":false,"_yoast_wpseo_focuskw":"Bedeutungsverlust","_yoast_wpseo_metadesc":"In der Kolumne \u00ab\u00dcbrigens...\u00bb sinnieren abwechselnd Laura Colledani und Klaus Ammon von Management Tools \u00fcber Themen unserer Zeit.","articlekey":"","footnotes":""},"categories":[29],"tags":[306,2617,4343],"class_list":["post-40828","post","type-post","status-publish","format-standard","has-post-thumbnail","hentry","category-marketing","tag-kolumne","tag-marken","tag-markom"],"acf":[],"yoast_head":"<!-- This site is optimized with the Yoast SEO plugin v27.4 - https:\/\/yoast.com\/product\/yoast-seo-wordpress\/ -->\n<title>\u00dcbrigens \u2026 Manche Marken sterben nicht an Bedeutungsverlust, sondern an Beziehungslosigkeit - Organisator<\/title>\n<meta name=\"description\" content=\"In der Kolumne \u00ab\u00dcbrigens...\u00bb sinnieren abwechselnd Laura Colledani und Klaus Ammon von Management Tools \u00fcber Themen unserer Zeit.\" \/>\n<meta name=\"robots\" content=\"index, follow, max-snippet:-1, max-image-preview:large, max-video-preview:-1\" \/>\n<link rel=\"canonical\" href=\"https:\/\/www.organisator.ch\/en\/marketing\/2025-09-30\/uebrigens-manche-marken-sterben-nicht-an-bedeutungsverlust-sondern-an-beziehungslosigkeit\/\" \/>\n<meta property=\"og:locale\" content=\"en_US\" \/>\n<meta property=\"og:type\" content=\"article\" \/>\n<meta property=\"og:title\" content=\"\u00dcbrigens \u2026 Manche Marken sterben nicht an Bedeutungsverlust, sondern an Beziehungslosigkeit - Organisator\" \/>\n<meta property=\"og:description\" content=\"In der Kolumne \u00ab\u00dcbrigens...\u00bb sinnieren abwechselnd Laura Colledani und Klaus Ammon von Management Tools \u00fcber Themen unserer Zeit.\" \/>\n<meta property=\"og:url\" content=\"https:\/\/www.organisator.ch\/en\/marketing\/2025-09-30\/uebrigens-manche-marken-sterben-nicht-an-bedeutungsverlust-sondern-an-beziehungslosigkeit\/\" \/>\n<meta property=\"og:site_name\" content=\"Organisator\" \/>\n<meta property=\"article:publisher\" content=\"https:\/\/www.facebook.com\/OrganisatorFachmagazin\" \/>\n<meta property=\"article:published_time\" content=\"2025-09-30T15:13:03+00:00\" \/>\n<meta property=\"article:modified_time\" content=\"2025-10-20T14:18:43+00:00\" \/>\n<meta property=\"og:image\" content=\"https:\/\/www.organisator.ch\/wp-content\/uploads\/2025\/09\/natalia-blauth-kucpwLmInxU-unsplash-scaled-1.jpg\" \/>\n\t<meta property=\"og:image:width\" content=\"1400\" \/>\n\t<meta property=\"og:image:height\" content=\"933\" \/>\n\t<meta property=\"og:image:type\" content=\"image\/jpeg\" \/>\n<meta name=\"author\" content=\"galledia\" \/>\n<meta name=\"twitter:card\" content=\"summary_large_image\" \/>\n<meta name=\"twitter:creator\" content=\"@admin\" \/>\n<script type=\"application\/ld+json\" class=\"yoast-schema-graph\">{\"@context\":\"https:\\\/\\\/schema.org\",\"@graph\":[{\"@type\":\"Article\",\"@id\":\"https:\\\/\\\/www.organisator.ch\\\/marketing\\\/2025-09-30\\\/uebrigens-manche-marken-sterben-nicht-an-bedeutungsverlust-sondern-an-beziehungslosigkeit\\\/#article\",\"isPartOf\":{\"@id\":\"https:\\\/\\\/www.organisator.ch\\\/marketing\\\/2025-09-30\\\/uebrigens-manche-marken-sterben-nicht-an-bedeutungsverlust-sondern-an-beziehungslosigkeit\\\/\"},\"author\":{\"name\":\"galledia\",\"@id\":\"https:\\\/\\\/www.organisator.ch\\\/#\\\/schema\\\/person\\\/4e51799071cd2dd1232ac003643ef5f0\"},\"headline\":\"\u00dcbrigens \u2026 Manche Marken sterben nicht an Bedeutungsverlust, sondern an Beziehungslosigkeit\",\"datePublished\":\"2025-09-30T15:13:03+00:00\",\"dateModified\":\"2025-10-20T14:18:43+00:00\",\"mainEntityOfPage\":{\"@id\":\"https:\\\/\\\/www.organisator.ch\\\/marketing\\\/2025-09-30\\\/uebrigens-manche-marken-sterben-nicht-an-bedeutungsverlust-sondern-an-beziehungslosigkeit\\\/\"},\"wordCount\":460,\"publisher\":{\"@id\":\"https:\\\/\\\/www.organisator.ch\\\/#organization\"},\"image\":{\"@id\":\"https:\\\/\\\/www.organisator.ch\\\/marketing\\\/2025-09-30\\\/uebrigens-manche-marken-sterben-nicht-an-bedeutungsverlust-sondern-an-beziehungslosigkeit\\\/#primaryimage\"},\"thumbnailUrl\":\"https:\\\/\\\/www.organisator.ch\\\/wp-content\\\/uploads\\\/2025\\\/09\\\/natalia-blauth-kucpwLmInxU-unsplash-scaled-1.jpg\",\"keywords\":[\"Kolumne\",\"Marken\",\"MarKom\"],\"articleSection\":[\"MARKETING\"],\"inLanguage\":\"en-US\"},{\"@type\":\"WebPage\",\"@id\":\"https:\\\/\\\/www.organisator.ch\\\/marketing\\\/2025-09-30\\\/uebrigens-manche-marken-sterben-nicht-an-bedeutungsverlust-sondern-an-beziehungslosigkeit\\\/\",\"url\":\"https:\\\/\\\/www.organisator.ch\\\/marketing\\\/2025-09-30\\\/uebrigens-manche-marken-sterben-nicht-an-bedeutungsverlust-sondern-an-beziehungslosigkeit\\\/\",\"name\":\"\u00dcbrigens \u2026 Manche Marken sterben nicht an Bedeutungsverlust, sondern an Beziehungslosigkeit - Organisator\",\"isPartOf\":{\"@id\":\"https:\\\/\\\/www.organisator.ch\\\/#website\"},\"primaryImageOfPage\":{\"@id\":\"https:\\\/\\\/www.organisator.ch\\\/marketing\\\/2025-09-30\\\/uebrigens-manche-marken-sterben-nicht-an-bedeutungsverlust-sondern-an-beziehungslosigkeit\\\/#primaryimage\"},\"image\":{\"@id\":\"https:\\\/\\\/www.organisator.ch\\\/marketing\\\/2025-09-30\\\/uebrigens-manche-marken-sterben-nicht-an-bedeutungsverlust-sondern-an-beziehungslosigkeit\\\/#primaryimage\"},\"thumbnailUrl\":\"https:\\\/\\\/www.organisator.ch\\\/wp-content\\\/uploads\\\/2025\\\/09\\\/natalia-blauth-kucpwLmInxU-unsplash-scaled-1.jpg\",\"datePublished\":\"2025-09-30T15:13:03+00:00\",\"dateModified\":\"2025-10-20T14:18:43+00:00\",\"description\":\"In der Kolumne \u00ab\u00dcbrigens...\u00bb sinnieren abwechselnd Laura Colledani und Klaus Ammon von Management Tools \u00fcber Themen unserer Zeit.\",\"breadcrumb\":{\"@id\":\"https:\\\/\\\/www.organisator.ch\\\/marketing\\\/2025-09-30\\\/uebrigens-manche-marken-sterben-nicht-an-bedeutungsverlust-sondern-an-beziehungslosigkeit\\\/#breadcrumb\"},\"inLanguage\":\"en-US\",\"potentialAction\":[{\"@type\":\"ReadAction\",\"target\":[\"https:\\\/\\\/www.organisator.ch\\\/marketing\\\/2025-09-30\\\/uebrigens-manche-marken-sterben-nicht-an-bedeutungsverlust-sondern-an-beziehungslosigkeit\\\/\"]}]},{\"@type\":\"ImageObject\",\"inLanguage\":\"en-US\",\"@id\":\"https:\\\/\\\/www.organisator.ch\\\/marketing\\\/2025-09-30\\\/uebrigens-manche-marken-sterben-nicht-an-bedeutungsverlust-sondern-an-beziehungslosigkeit\\\/#primaryimage\",\"url\":\"https:\\\/\\\/www.organisator.ch\\\/wp-content\\\/uploads\\\/2025\\\/09\\\/natalia-blauth-kucpwLmInxU-unsplash-scaled-1.jpg\",\"contentUrl\":\"https:\\\/\\\/www.organisator.ch\\\/wp-content\\\/uploads\\\/2025\\\/09\\\/natalia-blauth-kucpwLmInxU-unsplash-scaled-1.jpg\",\"width\":1400,\"height\":933},{\"@type\":\"BreadcrumbList\",\"@id\":\"https:\\\/\\\/www.organisator.ch\\\/marketing\\\/2025-09-30\\\/uebrigens-manche-marken-sterben-nicht-an-bedeutungsverlust-sondern-an-beziehungslosigkeit\\\/#breadcrumb\",\"itemListElement\":[{\"@type\":\"ListItem\",\"position\":1,\"name\":\"Home\",\"item\":\"https:\\\/\\\/www.organisator.ch\\\/\"},{\"@type\":\"ListItem\",\"position\":2,\"name\":\"\u00dcbrigens \u2026 Manche Marken sterben nicht an Bedeutungsverlust, sondern an Beziehungslosigkeit\"}]},{\"@type\":\"WebSite\",\"@id\":\"https:\\\/\\\/www.organisator.ch\\\/#website\",\"url\":\"https:\\\/\\\/www.organisator.ch\\\/\",\"name\":\"Organisator\",\"description\":\"Kompetent. Praxisnah. Der ORGANISATOR bereitet in 10 Ausgaben pro Jahr die wesentlichen Themen f\u00fcr F\u00fchrungskr\u00e4fte von KMU auf.\",\"publisher\":{\"@id\":\"https:\\\/\\\/www.organisator.ch\\\/#organization\"},\"potentialAction\":[{\"@type\":\"SearchAction\",\"target\":{\"@type\":\"EntryPoint\",\"urlTemplate\":\"https:\\\/\\\/www.organisator.ch\\\/?s={search_term_string}\"},\"query-input\":{\"@type\":\"PropertyValueSpecification\",\"valueRequired\":true,\"valueName\":\"search_term_string\"}}],\"inLanguage\":\"en-US\"},{\"@type\":\"Organization\",\"@id\":\"https:\\\/\\\/www.organisator.ch\\\/#organization\",\"name\":\"Organisator\",\"url\":\"https:\\\/\\\/www.organisator.ch\\\/\",\"logo\":{\"@type\":\"ImageObject\",\"inLanguage\":\"en-US\",\"@id\":\"https:\\\/\\\/www.organisator.ch\\\/#\\\/schema\\\/logo\\\/image\\\/\",\"url\":\"https:\\\/\\\/www.organisator.ch\\\/wp-content\\\/uploads\\\/2022\\\/01\\\/Logo_Organisator_Website.png\",\"contentUrl\":\"https:\\\/\\\/www.organisator.ch\\\/wp-content\\\/uploads\\\/2022\\\/01\\\/Logo_Organisator_Website.png\",\"width\":800,\"height\":77,\"caption\":\"Organisator\"},\"image\":{\"@id\":\"https:\\\/\\\/www.organisator.ch\\\/#\\\/schema\\\/logo\\\/image\\\/\"},\"sameAs\":[\"https:\\\/\\\/www.facebook.com\\\/OrganisatorFachmagazin\",\"https:\\\/\\\/www.linkedin.com\\\/showcase\\\/organisator-das-magazin-fr-kmu\",\"https:\\\/\\\/www.xing.com\\\/news\\\/pages\\\/organisator-ch-695\",\"https:\\\/\\\/www.youtube.com\\\/channel\\\/UCGP2Sq0iWaZwT3BdIAQFYpw\"]},{\"@type\":\"Person\",\"@id\":\"https:\\\/\\\/www.organisator.ch\\\/#\\\/schema\\\/person\\\/4e51799071cd2dd1232ac003643ef5f0\",\"name\":\"galledia\",\"image\":{\"@type\":\"ImageObject\",\"inLanguage\":\"en-US\",\"@id\":\"https:\\\/\\\/secure.gravatar.com\\\/avatar\\\/78a7f90c01fc2bfc875782a0d4922b37cde2cf184ce347b91316d23cd7f69a36?s=96&d=mm&r=g\",\"url\":\"https:\\\/\\\/secure.gravatar.com\\\/avatar\\\/78a7f90c01fc2bfc875782a0d4922b37cde2cf184ce347b91316d23cd7f69a36?s=96&d=mm&r=g\",\"contentUrl\":\"https:\\\/\\\/secure.gravatar.com\\\/avatar\\\/78a7f90c01fc2bfc875782a0d4922b37cde2cf184ce347b91316d23cd7f69a36?s=96&d=mm&r=g\",\"caption\":\"galledia\"},\"sameAs\":[\"https:\\\/\\\/x.com\\\/admin\"],\"url\":\"https:\\\/\\\/www.organisator.ch\\\/en\\\/author\\\/galledia\\\/\"}]}<\/script>\n<!-- \/ Yoast SEO plugin. -->","yoast_head_json":{"title":"By the way ... Some brands don't die from a loss of significance, but from a lack of relationships - Organizer","description":"In the \"By the way...\" column, Laura Colledani and Klaus Ammon from Management Tools take it in turns to reflect on the issues of our time.","robots":{"index":"index","follow":"follow","max-snippet":"max-snippet:-1","max-image-preview":"max-image-preview:large","max-video-preview":"max-video-preview:-1"},"canonical":"https:\/\/www.organisator.ch\/en\/marketing\/2025-09-30\/uebrigens-manche-marken-sterben-nicht-an-bedeutungsverlust-sondern-an-beziehungslosigkeit\/","og_locale":"en_US","og_type":"article","og_title":"\u00dcbrigens \u2026 Manche Marken sterben nicht an Bedeutungsverlust, sondern an Beziehungslosigkeit - Organisator","og_description":"In der Kolumne \u00ab\u00dcbrigens...\u00bb sinnieren abwechselnd Laura Colledani und Klaus Ammon von Management Tools \u00fcber Themen unserer Zeit.","og_url":"https:\/\/www.organisator.ch\/en\/marketing\/2025-09-30\/uebrigens-manche-marken-sterben-nicht-an-bedeutungsverlust-sondern-an-beziehungslosigkeit\/","og_site_name":"Organisator","article_publisher":"https:\/\/www.facebook.com\/OrganisatorFachmagazin","article_published_time":"2025-09-30T15:13:03+00:00","article_modified_time":"2025-10-20T14:18:43+00:00","og_image":[{"width":1400,"height":933,"url":"https:\/\/www.organisator.ch\/wp-content\/uploads\/2025\/09\/natalia-blauth-kucpwLmInxU-unsplash-scaled-1.jpg","type":"image\/jpeg"}],"author":"galledia","twitter_card":"summary_large_image","twitter_creator":"@admin","schema":{"@context":"https:\/\/schema.org","@graph":[{"@type":"Article","@id":"https:\/\/www.organisator.ch\/marketing\/2025-09-30\/uebrigens-manche-marken-sterben-nicht-an-bedeutungsverlust-sondern-an-beziehungslosigkeit\/#article","isPartOf":{"@id":"https:\/\/www.organisator.ch\/marketing\/2025-09-30\/uebrigens-manche-marken-sterben-nicht-an-bedeutungsverlust-sondern-an-beziehungslosigkeit\/"},"author":{"name":"galledia","@id":"https:\/\/www.organisator.ch\/#\/schema\/person\/4e51799071cd2dd1232ac003643ef5f0"},"headline":"\u00dcbrigens \u2026 Manche Marken sterben nicht an Bedeutungsverlust, sondern an Beziehungslosigkeit","datePublished":"2025-09-30T15:13:03+00:00","dateModified":"2025-10-20T14:18:43+00:00","mainEntityOfPage":{"@id":"https:\/\/www.organisator.ch\/marketing\/2025-09-30\/uebrigens-manche-marken-sterben-nicht-an-bedeutungsverlust-sondern-an-beziehungslosigkeit\/"},"wordCount":460,"publisher":{"@id":"https:\/\/www.organisator.ch\/#organization"},"image":{"@id":"https:\/\/www.organisator.ch\/marketing\/2025-09-30\/uebrigens-manche-marken-sterben-nicht-an-bedeutungsverlust-sondern-an-beziehungslosigkeit\/#primaryimage"},"thumbnailUrl":"https:\/\/www.organisator.ch\/wp-content\/uploads\/2025\/09\/natalia-blauth-kucpwLmInxU-unsplash-scaled-1.jpg","keywords":["Kolumne","Marken","MarKom"],"articleSection":["MARKETING"],"inLanguage":"en-US"},{"@type":"WebPage","@id":"https:\/\/www.organisator.ch\/marketing\/2025-09-30\/uebrigens-manche-marken-sterben-nicht-an-bedeutungsverlust-sondern-an-beziehungslosigkeit\/","url":"https:\/\/www.organisator.ch\/marketing\/2025-09-30\/uebrigens-manche-marken-sterben-nicht-an-bedeutungsverlust-sondern-an-beziehungslosigkeit\/","name":"By the way ... Some brands don't die from a loss of significance, but from a lack of relationships - Organizer","isPartOf":{"@id":"https:\/\/www.organisator.ch\/#website"},"primaryImageOfPage":{"@id":"https:\/\/www.organisator.ch\/marketing\/2025-09-30\/uebrigens-manche-marken-sterben-nicht-an-bedeutungsverlust-sondern-an-beziehungslosigkeit\/#primaryimage"},"image":{"@id":"https:\/\/www.organisator.ch\/marketing\/2025-09-30\/uebrigens-manche-marken-sterben-nicht-an-bedeutungsverlust-sondern-an-beziehungslosigkeit\/#primaryimage"},"thumbnailUrl":"https:\/\/www.organisator.ch\/wp-content\/uploads\/2025\/09\/natalia-blauth-kucpwLmInxU-unsplash-scaled-1.jpg","datePublished":"2025-09-30T15:13:03+00:00","dateModified":"2025-10-20T14:18:43+00:00","description":"In the \"By the way...\" column, Laura Colledani and Klaus Ammon from Management Tools take it in turns to reflect on the issues of our time.","breadcrumb":{"@id":"https:\/\/www.organisator.ch\/marketing\/2025-09-30\/uebrigens-manche-marken-sterben-nicht-an-bedeutungsverlust-sondern-an-beziehungslosigkeit\/#breadcrumb"},"inLanguage":"en-US","potentialAction":[{"@type":"ReadAction","target":["https:\/\/www.organisator.ch\/marketing\/2025-09-30\/uebrigens-manche-marken-sterben-nicht-an-bedeutungsverlust-sondern-an-beziehungslosigkeit\/"]}]},{"@type":"ImageObject","inLanguage":"en-US","@id":"https:\/\/www.organisator.ch\/marketing\/2025-09-30\/uebrigens-manche-marken-sterben-nicht-an-bedeutungsverlust-sondern-an-beziehungslosigkeit\/#primaryimage","url":"https:\/\/www.organisator.ch\/wp-content\/uploads\/2025\/09\/natalia-blauth-kucpwLmInxU-unsplash-scaled-1.jpg","contentUrl":"https:\/\/www.organisator.ch\/wp-content\/uploads\/2025\/09\/natalia-blauth-kucpwLmInxU-unsplash-scaled-1.jpg","width":1400,"height":933},{"@type":"BreadcrumbList","@id":"https:\/\/www.organisator.ch\/marketing\/2025-09-30\/uebrigens-manche-marken-sterben-nicht-an-bedeutungsverlust-sondern-an-beziehungslosigkeit\/#breadcrumb","itemListElement":[{"@type":"ListItem","position":1,"name":"Home","item":"https:\/\/www.organisator.ch\/"},{"@type":"ListItem","position":2,"name":"\u00dcbrigens \u2026 Manche Marken sterben nicht an Bedeutungsverlust, sondern an Beziehungslosigkeit"}]},{"@type":"WebSite","@id":"https:\/\/www.organisator.ch\/#website","url":"https:\/\/www.organisator.ch\/","name":"Organizer","description":"Competent. Practical. In 10 issues per year, ORGANISATOR presents the essential topics for managers of SMEs.","publisher":{"@id":"https:\/\/www.organisator.ch\/#organization"},"potentialAction":[{"@type":"SearchAction","target":{"@type":"EntryPoint","urlTemplate":"https:\/\/www.organisator.ch\/?s={search_term_string}"},"query-input":{"@type":"PropertyValueSpecification","valueRequired":true,"valueName":"search_term_string"}}],"inLanguage":"en-US"},{"@type":"Organization","@id":"https:\/\/www.organisator.ch\/#organization","name":"Organizer","url":"https:\/\/www.organisator.ch\/","logo":{"@type":"ImageObject","inLanguage":"en-US","@id":"https:\/\/www.organisator.ch\/#\/schema\/logo\/image\/","url":"https:\/\/www.organisator.ch\/wp-content\/uploads\/2022\/01\/Logo_Organisator_Website.png","contentUrl":"https:\/\/www.organisator.ch\/wp-content\/uploads\/2022\/01\/Logo_Organisator_Website.png","width":800,"height":77,"caption":"Organisator"},"image":{"@id":"https:\/\/www.organisator.ch\/#\/schema\/logo\/image\/"},"sameAs":["https:\/\/www.facebook.com\/OrganisatorFachmagazin","https:\/\/www.linkedin.com\/showcase\/organisator-das-magazin-fr-kmu","https:\/\/www.xing.com\/news\/pages\/organisator-ch-695","https:\/\/www.youtube.com\/channel\/UCGP2Sq0iWaZwT3BdIAQFYpw"]},{"@type":"Person","@id":"https:\/\/www.organisator.ch\/#\/schema\/person\/4e51799071cd2dd1232ac003643ef5f0","name":"galledia","image":{"@type":"ImageObject","inLanguage":"en-US","@id":"https:\/\/secure.gravatar.com\/avatar\/78a7f90c01fc2bfc875782a0d4922b37cde2cf184ce347b91316d23cd7f69a36?s=96&d=mm&r=g","url":"https:\/\/secure.gravatar.com\/avatar\/78a7f90c01fc2bfc875782a0d4922b37cde2cf184ce347b91316d23cd7f69a36?s=96&d=mm&r=g","contentUrl":"https:\/\/secure.gravatar.com\/avatar\/78a7f90c01fc2bfc875782a0d4922b37cde2cf184ce347b91316d23cd7f69a36?s=96&d=mm&r=g","caption":"galledia"},"sameAs":["https:\/\/x.com\/admin"],"url":"https:\/\/www.organisator.ch\/en\/author\/galledia\/"}]}},"_links":{"self":[{"href":"https:\/\/www.organisator.ch\/en\/wp-json\/wp\/v2\/posts\/40828","targetHints":{"allow":["GET"]}}],"collection":[{"href":"https:\/\/www.organisator.ch\/en\/wp-json\/wp\/v2\/posts"}],"about":[{"href":"https:\/\/www.organisator.ch\/en\/wp-json\/wp\/v2\/types\/post"}],"author":[{"embeddable":true,"href":"https:\/\/www.organisator.ch\/en\/wp-json\/wp\/v2\/users\/8"}],"replies":[{"embeddable":true,"href":"https:\/\/www.organisator.ch\/en\/wp-json\/wp\/v2\/comments?post=40828"}],"version-history":[{"count":7,"href":"https:\/\/www.organisator.ch\/en\/wp-json\/wp\/v2\/posts\/40828\/revisions"}],"predecessor-version":[{"id":40833,"href":"https:\/\/www.organisator.ch\/en\/wp-json\/wp\/v2\/posts\/40828\/revisions\/40833"}],"wp:featuredmedia":[{"embeddable":true,"href":"https:\/\/www.organisator.ch\/en\/wp-json\/wp\/v2\/media\/40831"}],"wp:attachment":[{"href":"https:\/\/www.organisator.ch\/en\/wp-json\/wp\/v2\/media?parent=40828"}],"wp:term":[{"taxonomy":"category","embeddable":true,"href":"https:\/\/www.organisator.ch\/en\/wp-json\/wp\/v2\/categories?post=40828"},{"taxonomy":"post_tag","embeddable":true,"href":"https:\/\/www.organisator.ch\/en\/wp-json\/wp\/v2\/tags?post=40828"}],"curies":[{"name":"wp","href":"https:\/\/api.w.org\/{rel}","templated":true}]}}