{"id":40892,"date":"2025-10-02T16:37:55","date_gmt":"2025-10-02T14:37:55","guid":{"rendered":"https:\/\/www.organisator.ch\/?p=40892"},"modified":"2025-10-02T16:37:55","modified_gmt":"2025-10-02T14:37:55","slug":"wie-carsharing-fahrzeuge-einen-beitrag-zur-energiewende-leisten-koennen","status":"publish","type":"post","link":"https:\/\/www.organisator.ch\/en\/sustainability\/2025-10-02\/wie-carsharing-fahrzeuge-einen-beitrag-zur-energiewende-leisten-koennen\/","title":{"rendered":"How car-sharing vehicles can contribute to the energy transition"},"content":{"rendered":"<figure id=\"attachment_40893\" aria-describedby=\"caption-attachment-40893\" style=\"width: 680px\" class=\"wp-caption alignnone\"><img loading=\"lazy\" decoding=\"async\" class=\"size-full wp-image-40893\" src=\"https:\/\/www.organisator.ch\/wp-content\/uploads\/2025\/10\/Wie-Carsharing-Fahrzeuge-einen-Beitrag-zur-Energiewende-leisten-koennen_Organisator.jpg\" alt=\"\" width=\"680\" height=\"409\" srcset=\"https:\/\/www.organisator.ch\/wp-content\/uploads\/2025\/10\/Wie-Carsharing-Fahrzeuge-einen-Beitrag-zur-Energiewende-leisten-koennen_Organisator.jpg 680w, https:\/\/www.organisator.ch\/wp-content\/uploads\/2025\/10\/Wie-Carsharing-Fahrzeuge-einen-Beitrag-zur-Energiewende-leisten-koennen_Organisator-18x12.jpg 18w, https:\/\/www.organisator.ch\/wp-content\/uploads\/2025\/10\/Wie-Carsharing-Fahrzeuge-einen-Beitrag-zur-Energiewende-leisten-koennen_Organisator-375x226.jpg 375w, https:\/\/www.organisator.ch\/wp-content\/uploads\/2025\/10\/Wie-Carsharing-Fahrzeuge-einen-Beitrag-zur-Energiewende-leisten-koennen_Organisator-582x350.jpg 582w\" sizes=\"auto, (max-width: 680px) 100vw, 680px\" \/><figcaption id=\"caption-attachment-40893\" class=\"wp-caption-text\">Electric cars can support the power grid as flexible energy storage systems. The prerequisite is bidirectional charging. (Image: Unsplash.com)<\/figcaption><\/figure>\n<p>An innovation project by the University of Applied Sciences Northwestern Switzerland FHNW and the OST - Ostschweizer Fachhochschule shows for the first time how car-sharing fleets can contribute to grid stabilization as flexible energy storage systems. Together with the energy suppliers AEM, ewz and Primeo Energie as well as the Mobility Cooperative, they investigated how bidirectional charging can be integrated into existing electricity grids in a technically and economically viable way. The conclusion: bidirectional charging electric cars are a practicable and worthwhile building block for the energy transition - both for grid operators and for vehicle fleet operators.<\/p>\n<h3><strong>From car to active network participant<\/strong><\/h3>\n<p>The core question of the project was: Can electric vehicles not only draw electricity from the grid, but also feed it back into the grid in a targeted manner - and thus reduce the load on the power grid? The answer is yes - and not just in theory. In several real field tests, Mobility vehicles were controlled in such a way that they postponed their charging processes at certain times in order to feed electricity back into the local distribution grid in a targeted manner. Result: In up to 60 % of cases, grid loads were successfully reduced. Flexible control proves to be a valuable lever, especially in times of high demand or high PV surplus.<\/p>\n<h3><strong>Intelligent forecasts with machine learning<\/strong><\/h3>\n<p>Intelligent forecasting models predict when and for how long a vehicle will be available - based on millions of real booking data from the car sharing system. In addition, the state of charge of the vehicle batteries was analyzed to find out how much energy can be stored or fed back into the system. On average, around 9 to 12 kWh of usable flexibility was available per vehicle - enough to buffer relevant grid loads with several vehicles in total or to store PV electricity temporarily in a meaningful way.<\/p>\n<h3><strong>Easy integration into the power grid possible<\/strong><\/h3>\n<p>The product model developed for marketing charging flexibility is a particularly practical success of the project: it can be easily integrated into existing systems of distribution grid operators, can be standardized throughout Switzerland and focuses on two applications:<\/p>\n<ul>\n<li>\"Charging when there is excess electricity\" (e.g. during high PV generation)<\/li>\n<li>\"Regenerative power supply for grid load peaks\"<\/li>\n<\/ul>\n<p>Distribution grid operators can use various types of control systems to activate the flexible power - from existing ripple control systems to modern load control systems. The model provides for remuneration for both the provision and the actual use of flexibility and works on a quarter-hourly basis - adapted to grid requirements. This represents a decisive step towards the market-driven integration of e-mobility and electricity supply.<\/p>\n<h3><strong>Added value for everyone: the environment, grid operators and users<\/strong><\/h3>\n<p>The project clearly shows that decentralized e-vehicles are more than just a means of transport. They are mobile, controllable energy storage systems - and therefore a key to successful sector coupling of mobility and energy. For grid operators, this means lower costs due to peak load reduction and grid stabilization. For society, it means progress towards a climate-friendly, decentralized energy landscape. And for car sharing providers such as Mobility, it opens up new business models in the area of grid-supporting services.<\/p>\n<p><em>Source: <a href=\"http:\/\/www.fhnw.ch\/htu\">FHNW School of Engineering and Environment<\/a><\/em><\/p>","protected":false},"excerpt":{"rendered":"<p>Electric cars can not only drive - they can also store and feed electricity back into the grid. A research project by the FHNW School of Engineering and Environment and the OST - Eastern Switzerland University of Applied Sciences shows how this can support the energy transition.<\/p>","protected":false},"author":4,"featured_media":40893,"comment_status":"closed","ping_status":"closed","sticky":false,"template":"","format":"standard","meta":{"_acf_changed":false,"_yoast_wpseo_focuskw":"Carsharing-Fahrzeuge","_yoast_wpseo_metadesc":"Elektroautos, z. B. Carsharing-Fahrzeuge, k\u00f6nnen nicht nur fahren \u2013 sie k\u00f6nnen auch Strom speichern und zur\u00fcckspeisen.","articlekey":"","footnotes":""},"categories":[580],"tags":[1095,192,218,358],"class_list":["post-40892","post","type-post","status-publish","format-standard","has-post-thumbnail","hentry","category-sustainability","tag-energiewende","tag-fachhochschulen","tag-forschung","tag-nachhaltige-wirtschaft"],"acf":[],"yoast_head":"<!-- This site is optimized with the Yoast SEO plugin v27.4 - https:\/\/yoast.com\/product\/yoast-seo-wordpress\/ -->\n<title>Wie Carsharing-Fahrzeuge einen Beitrag zur Energiewende leisten k\u00f6nnen - Organisator<\/title>\n<meta name=\"description\" content=\"Elektroautos, z. B. Carsharing-Fahrzeuge, k\u00f6nnen nicht nur fahren \u2013 sie k\u00f6nnen auch Strom speichern und zur\u00fcckspeisen.\" \/>\n<meta name=\"robots\" content=\"index, follow, max-snippet:-1, max-image-preview:large, max-video-preview:-1\" \/>\n<link rel=\"canonical\" href=\"https:\/\/www.organisator.ch\/en\/sustainability\/2025-10-02\/wie-carsharing-fahrzeuge-einen-beitrag-zur-energiewende-leisten-koennen\/\" \/>\n<meta property=\"og:locale\" content=\"en_US\" \/>\n<meta property=\"og:type\" content=\"article\" \/>\n<meta property=\"og:title\" content=\"Wie Carsharing-Fahrzeuge einen Beitrag zur Energiewende leisten k\u00f6nnen\" \/>\n<meta property=\"og:description\" content=\"Elektroautos, z. B. Carsharing-Fahrzeuge, k\u00f6nnen nicht nur fahren \u2013 sie k\u00f6nnen auch Strom speichern und zur\u00fcckspeisen.\" \/>\n<meta property=\"og:url\" content=\"https:\/\/www.organisator.ch\/en\/sustainability\/2025-10-02\/wie-carsharing-fahrzeuge-einen-beitrag-zur-energiewende-leisten-koennen\/\" \/>\n<meta property=\"og:site_name\" content=\"Organisator\" \/>\n<meta property=\"article:publisher\" content=\"https:\/\/www.facebook.com\/OrganisatorFachmagazin\" \/>\n<meta property=\"article:published_time\" content=\"2025-10-02T14:37:55+00:00\" \/>\n<meta property=\"og:image\" content=\"https:\/\/www.organisator.ch\/wp-content\/uploads\/2025\/10\/Wie-Carsharing-Fahrzeuge-einen-Beitrag-zur-Energiewende-leisten-koennen_Organisator.jpg\" \/>\n\t<meta property=\"og:image:width\" content=\"680\" \/>\n\t<meta property=\"og:image:height\" content=\"409\" \/>\n\t<meta property=\"og:image:type\" content=\"image\/jpeg\" \/>\n<meta name=\"author\" content=\"thomas.berner\" \/>\n<meta name=\"twitter:card\" content=\"summary_large_image\" \/>\n<meta name=\"twitter:title\" content=\"Wie #Carsharing-Fahrzeuge einen Beitrag zur #Energiewende leisten k\u00f6nnen\" \/>\n<meta name=\"twitter:description\" content=\"#Elektroautos, z. B. #Carsharing-Fahrzeuge, k\u00f6nnen nicht nur fahren \u2013 sie k\u00f6nnen auch Strom speichern und zur\u00fcckspeisen.\" \/>\n<meta name=\"twitter:image\" content=\"https:\/\/www.organisator.ch\/wp-content\/uploads\/2025\/10\/Wie-Carsharing-Fahrzeuge-einen-Beitrag-zur-Energiewende-leisten-koennen_Organisator.jpg\" \/>\n<script type=\"application\/ld+json\" class=\"yoast-schema-graph\">{\"@context\":\"https:\\\/\\\/schema.org\",\"@graph\":[{\"@type\":\"Article\",\"@id\":\"https:\\\/\\\/www.organisator.ch\\\/sustainability\\\/2025-10-02\\\/wie-carsharing-fahrzeuge-einen-beitrag-zur-energiewende-leisten-koennen\\\/#article\",\"isPartOf\":{\"@id\":\"https:\\\/\\\/www.organisator.ch\\\/sustainability\\\/2025-10-02\\\/wie-carsharing-fahrzeuge-einen-beitrag-zur-energiewende-leisten-koennen\\\/\"},\"author\":{\"name\":\"thomas.berner\",\"@id\":\"https:\\\/\\\/www.organisator.ch\\\/#\\\/schema\\\/person\\\/6f650f90b2842cd4c0cc334b4e36f67e\"},\"headline\":\"Wie Carsharing-Fahrzeuge einen Beitrag zur Energiewende leisten k\u00f6nnen\",\"datePublished\":\"2025-10-02T14:37:55+00:00\",\"mainEntityOfPage\":{\"@id\":\"https:\\\/\\\/www.organisator.ch\\\/sustainability\\\/2025-10-02\\\/wie-carsharing-fahrzeuge-einen-beitrag-zur-energiewende-leisten-koennen\\\/\"},\"wordCount\":492,\"publisher\":{\"@id\":\"https:\\\/\\\/www.organisator.ch\\\/#organization\"},\"image\":{\"@id\":\"https:\\\/\\\/www.organisator.ch\\\/sustainability\\\/2025-10-02\\\/wie-carsharing-fahrzeuge-einen-beitrag-zur-energiewende-leisten-koennen\\\/#primaryimage\"},\"thumbnailUrl\":\"https:\\\/\\\/www.organisator.ch\\\/wp-content\\\/uploads\\\/2025\\\/10\\\/Wie-Carsharing-Fahrzeuge-einen-Beitrag-zur-Energiewende-leisten-koennen_Organisator.jpg\",\"keywords\":[\"Energiewende\",\"Fachhochschulen\",\"Forschung\",\"Nachhaltige Wirtschaft\"],\"articleSection\":[\"SUSTAINABILITY\"],\"inLanguage\":\"en-US\"},{\"@type\":\"WebPage\",\"@id\":\"https:\\\/\\\/www.organisator.ch\\\/sustainability\\\/2025-10-02\\\/wie-carsharing-fahrzeuge-einen-beitrag-zur-energiewende-leisten-koennen\\\/\",\"url\":\"https:\\\/\\\/www.organisator.ch\\\/sustainability\\\/2025-10-02\\\/wie-carsharing-fahrzeuge-einen-beitrag-zur-energiewende-leisten-koennen\\\/\",\"name\":\"Wie Carsharing-Fahrzeuge einen Beitrag zur Energiewende leisten k\u00f6nnen - Organisator\",\"isPartOf\":{\"@id\":\"https:\\\/\\\/www.organisator.ch\\\/#website\"},\"primaryImageOfPage\":{\"@id\":\"https:\\\/\\\/www.organisator.ch\\\/sustainability\\\/2025-10-02\\\/wie-carsharing-fahrzeuge-einen-beitrag-zur-energiewende-leisten-koennen\\\/#primaryimage\"},\"image\":{\"@id\":\"https:\\\/\\\/www.organisator.ch\\\/sustainability\\\/2025-10-02\\\/wie-carsharing-fahrzeuge-einen-beitrag-zur-energiewende-leisten-koennen\\\/#primaryimage\"},\"thumbnailUrl\":\"https:\\\/\\\/www.organisator.ch\\\/wp-content\\\/uploads\\\/2025\\\/10\\\/Wie-Carsharing-Fahrzeuge-einen-Beitrag-zur-Energiewende-leisten-koennen_Organisator.jpg\",\"datePublished\":\"2025-10-02T14:37:55+00:00\",\"description\":\"Elektroautos, z. B. Carsharing-Fahrzeuge, k\u00f6nnen nicht nur fahren \u2013 sie k\u00f6nnen auch Strom speichern und zur\u00fcckspeisen.\",\"breadcrumb\":{\"@id\":\"https:\\\/\\\/www.organisator.ch\\\/sustainability\\\/2025-10-02\\\/wie-carsharing-fahrzeuge-einen-beitrag-zur-energiewende-leisten-koennen\\\/#breadcrumb\"},\"inLanguage\":\"en-US\",\"potentialAction\":[{\"@type\":\"ReadAction\",\"target\":[\"https:\\\/\\\/www.organisator.ch\\\/sustainability\\\/2025-10-02\\\/wie-carsharing-fahrzeuge-einen-beitrag-zur-energiewende-leisten-koennen\\\/\"]}]},{\"@type\":\"ImageObject\",\"inLanguage\":\"en-US\",\"@id\":\"https:\\\/\\\/www.organisator.ch\\\/sustainability\\\/2025-10-02\\\/wie-carsharing-fahrzeuge-einen-beitrag-zur-energiewende-leisten-koennen\\\/#primaryimage\",\"url\":\"https:\\\/\\\/www.organisator.ch\\\/wp-content\\\/uploads\\\/2025\\\/10\\\/Wie-Carsharing-Fahrzeuge-einen-Beitrag-zur-Energiewende-leisten-koennen_Organisator.jpg\",\"contentUrl\":\"https:\\\/\\\/www.organisator.ch\\\/wp-content\\\/uploads\\\/2025\\\/10\\\/Wie-Carsharing-Fahrzeuge-einen-Beitrag-zur-Energiewende-leisten-koennen_Organisator.jpg\",\"width\":680,\"height\":409,\"caption\":\"Elektroautos k\u00f6nnen das Stromnetz als flexible Energiespeicher unterst\u00fctzen. Voraussetzung ist bidirektionales Laden. (Bild: Unsplash.com)\"},{\"@type\":\"BreadcrumbList\",\"@id\":\"https:\\\/\\\/www.organisator.ch\\\/sustainability\\\/2025-10-02\\\/wie-carsharing-fahrzeuge-einen-beitrag-zur-energiewende-leisten-koennen\\\/#breadcrumb\",\"itemListElement\":[{\"@type\":\"ListItem\",\"position\":1,\"name\":\"Home\",\"item\":\"https:\\\/\\\/www.organisator.ch\\\/\"},{\"@type\":\"ListItem\",\"position\":2,\"name\":\"Wie Carsharing-Fahrzeuge einen Beitrag zur Energiewende leisten k\u00f6nnen\"}]},{\"@type\":\"WebSite\",\"@id\":\"https:\\\/\\\/www.organisator.ch\\\/#website\",\"url\":\"https:\\\/\\\/www.organisator.ch\\\/\",\"name\":\"Organisator\",\"description\":\"Kompetent. Praxisnah. Der ORGANISATOR bereitet in 10 Ausgaben pro Jahr die wesentlichen Themen f\u00fcr F\u00fchrungskr\u00e4fte von KMU auf.\",\"publisher\":{\"@id\":\"https:\\\/\\\/www.organisator.ch\\\/#organization\"},\"potentialAction\":[{\"@type\":\"SearchAction\",\"target\":{\"@type\":\"EntryPoint\",\"urlTemplate\":\"https:\\\/\\\/www.organisator.ch\\\/?s={search_term_string}\"},\"query-input\":{\"@type\":\"PropertyValueSpecification\",\"valueRequired\":true,\"valueName\":\"search_term_string\"}}],\"inLanguage\":\"en-US\"},{\"@type\":\"Organization\",\"@id\":\"https:\\\/\\\/www.organisator.ch\\\/#organization\",\"name\":\"Organisator\",\"url\":\"https:\\\/\\\/www.organisator.ch\\\/\",\"logo\":{\"@type\":\"ImageObject\",\"inLanguage\":\"en-US\",\"@id\":\"https:\\\/\\\/www.organisator.ch\\\/#\\\/schema\\\/logo\\\/image\\\/\",\"url\":\"https:\\\/\\\/www.organisator.ch\\\/wp-content\\\/uploads\\\/2022\\\/01\\\/Logo_Organisator_Website.png\",\"contentUrl\":\"https:\\\/\\\/www.organisator.ch\\\/wp-content\\\/uploads\\\/2022\\\/01\\\/Logo_Organisator_Website.png\",\"width\":800,\"height\":77,\"caption\":\"Organisator\"},\"image\":{\"@id\":\"https:\\\/\\\/www.organisator.ch\\\/#\\\/schema\\\/logo\\\/image\\\/\"},\"sameAs\":[\"https:\\\/\\\/www.facebook.com\\\/OrganisatorFachmagazin\",\"https:\\\/\\\/www.linkedin.com\\\/showcase\\\/organisator-das-magazin-fr-kmu\",\"https:\\\/\\\/www.xing.com\\\/news\\\/pages\\\/organisator-ch-695\",\"https:\\\/\\\/www.youtube.com\\\/channel\\\/UCGP2Sq0iWaZwT3BdIAQFYpw\"]},{\"@type\":\"Person\",\"@id\":\"https:\\\/\\\/www.organisator.ch\\\/#\\\/schema\\\/person\\\/6f650f90b2842cd4c0cc334b4e36f67e\",\"name\":\"thomas.berner\",\"image\":{\"@type\":\"ImageObject\",\"inLanguage\":\"en-US\",\"@id\":\"https:\\\/\\\/secure.gravatar.com\\\/avatar\\\/ac5001d2a36cb6c6cd3e50789007ffca834b477b74a2144564522e944eabff61?s=96&d=mm&r=g\",\"url\":\"https:\\\/\\\/secure.gravatar.com\\\/avatar\\\/ac5001d2a36cb6c6cd3e50789007ffca834b477b74a2144564522e944eabff61?s=96&d=mm&r=g\",\"contentUrl\":\"https:\\\/\\\/secure.gravatar.com\\\/avatar\\\/ac5001d2a36cb6c6cd3e50789007ffca834b477b74a2144564522e944eabff61?s=96&d=mm&r=g\",\"caption\":\"thomas.berner\"},\"url\":\"https:\\\/\\\/www.organisator.ch\\\/en\\\/author\\\/thomas-berner\\\/\"}]}<\/script>\n<!-- \/ Yoast SEO plugin. -->","yoast_head_json":{"title":"How car-sharing vehicles can contribute to the energy transition - Organizer","description":"Electric cars, e.g. car-sharing vehicles, can not only drive - they can also store and feed electricity back into the grid.","robots":{"index":"index","follow":"follow","max-snippet":"max-snippet:-1","max-image-preview":"max-image-preview:large","max-video-preview":"max-video-preview:-1"},"canonical":"https:\/\/www.organisator.ch\/en\/sustainability\/2025-10-02\/wie-carsharing-fahrzeuge-einen-beitrag-zur-energiewende-leisten-koennen\/","og_locale":"en_US","og_type":"article","og_title":"Wie Carsharing-Fahrzeuge einen Beitrag zur Energiewende leisten k\u00f6nnen","og_description":"Elektroautos, z. B. Carsharing-Fahrzeuge, k\u00f6nnen nicht nur fahren \u2013 sie k\u00f6nnen auch Strom speichern und zur\u00fcckspeisen.","og_url":"https:\/\/www.organisator.ch\/en\/sustainability\/2025-10-02\/wie-carsharing-fahrzeuge-einen-beitrag-zur-energiewende-leisten-koennen\/","og_site_name":"Organisator","article_publisher":"https:\/\/www.facebook.com\/OrganisatorFachmagazin","article_published_time":"2025-10-02T14:37:55+00:00","og_image":[{"width":680,"height":409,"url":"https:\/\/www.organisator.ch\/wp-content\/uploads\/2025\/10\/Wie-Carsharing-Fahrzeuge-einen-Beitrag-zur-Energiewende-leisten-koennen_Organisator.jpg","type":"image\/jpeg"}],"author":"thomas.berner","twitter_card":"summary_large_image","twitter_title":"Wie #Carsharing-Fahrzeuge einen Beitrag zur #Energiewende leisten k\u00f6nnen","twitter_description":"#Elektroautos, z. B. #Carsharing-Fahrzeuge, k\u00f6nnen nicht nur fahren \u2013 sie k\u00f6nnen auch Strom speichern und zur\u00fcckspeisen.","twitter_image":"https:\/\/www.organisator.ch\/wp-content\/uploads\/2025\/10\/Wie-Carsharing-Fahrzeuge-einen-Beitrag-zur-Energiewende-leisten-koennen_Organisator.jpg","schema":{"@context":"https:\/\/schema.org","@graph":[{"@type":"Article","@id":"https:\/\/www.organisator.ch\/sustainability\/2025-10-02\/wie-carsharing-fahrzeuge-einen-beitrag-zur-energiewende-leisten-koennen\/#article","isPartOf":{"@id":"https:\/\/www.organisator.ch\/sustainability\/2025-10-02\/wie-carsharing-fahrzeuge-einen-beitrag-zur-energiewende-leisten-koennen\/"},"author":{"name":"thomas.berner","@id":"https:\/\/www.organisator.ch\/#\/schema\/person\/6f650f90b2842cd4c0cc334b4e36f67e"},"headline":"Wie Carsharing-Fahrzeuge einen Beitrag zur Energiewende leisten k\u00f6nnen","datePublished":"2025-10-02T14:37:55+00:00","mainEntityOfPage":{"@id":"https:\/\/www.organisator.ch\/sustainability\/2025-10-02\/wie-carsharing-fahrzeuge-einen-beitrag-zur-energiewende-leisten-koennen\/"},"wordCount":492,"publisher":{"@id":"https:\/\/www.organisator.ch\/#organization"},"image":{"@id":"https:\/\/www.organisator.ch\/sustainability\/2025-10-02\/wie-carsharing-fahrzeuge-einen-beitrag-zur-energiewende-leisten-koennen\/#primaryimage"},"thumbnailUrl":"https:\/\/www.organisator.ch\/wp-content\/uploads\/2025\/10\/Wie-Carsharing-Fahrzeuge-einen-Beitrag-zur-Energiewende-leisten-koennen_Organisator.jpg","keywords":["Energiewende","Fachhochschulen","Forschung","Nachhaltige Wirtschaft"],"articleSection":["SUSTAINABILITY"],"inLanguage":"en-US"},{"@type":"WebPage","@id":"https:\/\/www.organisator.ch\/sustainability\/2025-10-02\/wie-carsharing-fahrzeuge-einen-beitrag-zur-energiewende-leisten-koennen\/","url":"https:\/\/www.organisator.ch\/sustainability\/2025-10-02\/wie-carsharing-fahrzeuge-einen-beitrag-zur-energiewende-leisten-koennen\/","name":"How car-sharing vehicles can contribute to the energy transition - Organizer","isPartOf":{"@id":"https:\/\/www.organisator.ch\/#website"},"primaryImageOfPage":{"@id":"https:\/\/www.organisator.ch\/sustainability\/2025-10-02\/wie-carsharing-fahrzeuge-einen-beitrag-zur-energiewende-leisten-koennen\/#primaryimage"},"image":{"@id":"https:\/\/www.organisator.ch\/sustainability\/2025-10-02\/wie-carsharing-fahrzeuge-einen-beitrag-zur-energiewende-leisten-koennen\/#primaryimage"},"thumbnailUrl":"https:\/\/www.organisator.ch\/wp-content\/uploads\/2025\/10\/Wie-Carsharing-Fahrzeuge-einen-Beitrag-zur-Energiewende-leisten-koennen_Organisator.jpg","datePublished":"2025-10-02T14:37:55+00:00","description":"Electric cars, e.g. car-sharing vehicles, can not only drive - they can also store and feed electricity back into the grid.","breadcrumb":{"@id":"https:\/\/www.organisator.ch\/sustainability\/2025-10-02\/wie-carsharing-fahrzeuge-einen-beitrag-zur-energiewende-leisten-koennen\/#breadcrumb"},"inLanguage":"en-US","potentialAction":[{"@type":"ReadAction","target":["https:\/\/www.organisator.ch\/sustainability\/2025-10-02\/wie-carsharing-fahrzeuge-einen-beitrag-zur-energiewende-leisten-koennen\/"]}]},{"@type":"ImageObject","inLanguage":"en-US","@id":"https:\/\/www.organisator.ch\/sustainability\/2025-10-02\/wie-carsharing-fahrzeuge-einen-beitrag-zur-energiewende-leisten-koennen\/#primaryimage","url":"https:\/\/www.organisator.ch\/wp-content\/uploads\/2025\/10\/Wie-Carsharing-Fahrzeuge-einen-Beitrag-zur-Energiewende-leisten-koennen_Organisator.jpg","contentUrl":"https:\/\/www.organisator.ch\/wp-content\/uploads\/2025\/10\/Wie-Carsharing-Fahrzeuge-einen-Beitrag-zur-Energiewende-leisten-koennen_Organisator.jpg","width":680,"height":409,"caption":"Elektroautos k\u00f6nnen das Stromnetz als flexible Energiespeicher unterst\u00fctzen. Voraussetzung ist bidirektionales Laden. (Bild: Unsplash.com)"},{"@type":"BreadcrumbList","@id":"https:\/\/www.organisator.ch\/sustainability\/2025-10-02\/wie-carsharing-fahrzeuge-einen-beitrag-zur-energiewende-leisten-koennen\/#breadcrumb","itemListElement":[{"@type":"ListItem","position":1,"name":"Home","item":"https:\/\/www.organisator.ch\/"},{"@type":"ListItem","position":2,"name":"Wie Carsharing-Fahrzeuge einen Beitrag zur Energiewende leisten k\u00f6nnen"}]},{"@type":"WebSite","@id":"https:\/\/www.organisator.ch\/#website","url":"https:\/\/www.organisator.ch\/","name":"Organizer","description":"Competent. Practical. In 10 issues per year, ORGANISATOR presents the essential topics for managers of SMEs.","publisher":{"@id":"https:\/\/www.organisator.ch\/#organization"},"potentialAction":[{"@type":"SearchAction","target":{"@type":"EntryPoint","urlTemplate":"https:\/\/www.organisator.ch\/?s={search_term_string}"},"query-input":{"@type":"PropertyValueSpecification","valueRequired":true,"valueName":"search_term_string"}}],"inLanguage":"en-US"},{"@type":"Organization","@id":"https:\/\/www.organisator.ch\/#organization","name":"Organizer","url":"https:\/\/www.organisator.ch\/","logo":{"@type":"ImageObject","inLanguage":"en-US","@id":"https:\/\/www.organisator.ch\/#\/schema\/logo\/image\/","url":"https:\/\/www.organisator.ch\/wp-content\/uploads\/2022\/01\/Logo_Organisator_Website.png","contentUrl":"https:\/\/www.organisator.ch\/wp-content\/uploads\/2022\/01\/Logo_Organisator_Website.png","width":800,"height":77,"caption":"Organisator"},"image":{"@id":"https:\/\/www.organisator.ch\/#\/schema\/logo\/image\/"},"sameAs":["https:\/\/www.facebook.com\/OrganisatorFachmagazin","https:\/\/www.linkedin.com\/showcase\/organisator-das-magazin-fr-kmu","https:\/\/www.xing.com\/news\/pages\/organisator-ch-695","https:\/\/www.youtube.com\/channel\/UCGP2Sq0iWaZwT3BdIAQFYpw"]},{"@type":"Person","@id":"https:\/\/www.organisator.ch\/#\/schema\/person\/6f650f90b2842cd4c0cc334b4e36f67e","name":"thomas.berner","image":{"@type":"ImageObject","inLanguage":"en-US","@id":"https:\/\/secure.gravatar.com\/avatar\/ac5001d2a36cb6c6cd3e50789007ffca834b477b74a2144564522e944eabff61?s=96&d=mm&r=g","url":"https:\/\/secure.gravatar.com\/avatar\/ac5001d2a36cb6c6cd3e50789007ffca834b477b74a2144564522e944eabff61?s=96&d=mm&r=g","contentUrl":"https:\/\/secure.gravatar.com\/avatar\/ac5001d2a36cb6c6cd3e50789007ffca834b477b74a2144564522e944eabff61?s=96&d=mm&r=g","caption":"thomas.berner"},"url":"https:\/\/www.organisator.ch\/en\/author\/thomas-berner\/"}]}},"_links":{"self":[{"href":"https:\/\/www.organisator.ch\/en\/wp-json\/wp\/v2\/posts\/40892","targetHints":{"allow":["GET"]}}],"collection":[{"href":"https:\/\/www.organisator.ch\/en\/wp-json\/wp\/v2\/posts"}],"about":[{"href":"https:\/\/www.organisator.ch\/en\/wp-json\/wp\/v2\/types\/post"}],"author":[{"embeddable":true,"href":"https:\/\/www.organisator.ch\/en\/wp-json\/wp\/v2\/users\/4"}],"replies":[{"embeddable":true,"href":"https:\/\/www.organisator.ch\/en\/wp-json\/wp\/v2\/comments?post=40892"}],"version-history":[{"count":4,"href":"https:\/\/www.organisator.ch\/en\/wp-json\/wp\/v2\/posts\/40892\/revisions"}],"predecessor-version":[{"id":40923,"href":"https:\/\/www.organisator.ch\/en\/wp-json\/wp\/v2\/posts\/40892\/revisions\/40923"}],"wp:featuredmedia":[{"embeddable":true,"href":"https:\/\/www.organisator.ch\/en\/wp-json\/wp\/v2\/media\/40893"}],"wp:attachment":[{"href":"https:\/\/www.organisator.ch\/en\/wp-json\/wp\/v2\/media?parent=40892"}],"wp:term":[{"taxonomy":"category","embeddable":true,"href":"https:\/\/www.organisator.ch\/en\/wp-json\/wp\/v2\/categories?post=40892"},{"taxonomy":"post_tag","embeddable":true,"href":"https:\/\/www.organisator.ch\/en\/wp-json\/wp\/v2\/tags?post=40892"}],"curies":[{"name":"wp","href":"https:\/\/api.w.org\/{rel}","templated":true}]}}