{"id":40906,"date":"2025-10-03T07:35:17","date_gmt":"2025-10-03T05:35:17","guid":{"rendered":"https:\/\/www.organisator.ch\/?p=40906"},"modified":"2025-10-20T16:18:14","modified_gmt":"2025-10-20T14:18:14","slug":"wachstum-bricht-2026-durch-handelskrieg-deutlich-ein","status":"publish","type":"post","link":"https:\/\/www.organisator.ch\/en\/management\/2025-10-03\/wachstum-bricht-2026-durch-handelskrieg-deutlich-ein\/","title":{"rendered":"Growth slumps significantly in 2026 due to trade war"},"content":{"rendered":"<figure id=\"attachment_40907\" aria-describedby=\"caption-attachment-40907\" style=\"width: 680px\" class=\"wp-caption alignnone\"><img loading=\"lazy\" decoding=\"async\" class=\"size-full wp-image-40907\" src=\"https:\/\/www.organisator.ch\/wp-content\/uploads\/2025\/10\/Wachstum-bricht-2026-durch-Handelskrieg-deutlich-ein_Organisator.jpg\" alt=\"\" width=\"680\" height=\"453\" srcset=\"https:\/\/www.organisator.ch\/wp-content\/uploads\/2025\/10\/Wachstum-bricht-2026-durch-Handelskrieg-deutlich-ein_Organisator.jpg 680w, https:\/\/www.organisator.ch\/wp-content\/uploads\/2025\/10\/Wachstum-bricht-2026-durch-Handelskrieg-deutlich-ein_Organisator-18x12.jpg 18w, https:\/\/www.organisator.ch\/wp-content\/uploads\/2025\/10\/Wachstum-bricht-2026-durch-Handelskrieg-deutlich-ein_Organisator-375x250.jpg 375w, https:\/\/www.organisator.ch\/wp-content\/uploads\/2025\/10\/Wachstum-bricht-2026-durch-Handelskrieg-deutlich-ein_Organisator-525x350.jpg 525w\" sizes=\"auto, (max-width: 680px) 100vw, 680px\" \/><figcaption id=\"caption-attachment-40907\" class=\"wp-caption-text\">Bad prospects for global trade: US tariffs will take full effect in 2026. (Image: Kurt Cotoaga \/ Unsplash.com)<\/figcaption><\/figure>\n<p>According to Allianz Trade's \"Economic Outlook\", global trade in goods and services is likely to slow from +2 % in 2025 to +0.6 % in 2026 due to the delayed effects of the trade war - a decline of around two thirds. Only in 2027 will there be a slight recovery again, with an expected increase of 1.8 %. The global economy will also continue to operate with the handbrake on: global gross domestic product will grow by a meagre 2.7 % in 2025 and 2.5 % in 2026, which is well below average. At the same time, stagflation risks remain with inflation remaining high at 3.9 % (2025) and 3.6 % (2026).<\/p>\n<h3><strong>The customs receipt arrives in 2026<\/strong><\/h3>\n<p>\"Unfortunately, postponed is not canceled,\" says Milo Bogaerts, CEO of credit insurer Allianz Trade in Germany, Austria and Switzerland. \"2025 was characterized by early deliveries and US hamster purchases, shifts in trade flows and significant investments in artificial intelligence. This supported global trade. In 2026, however, the trade war is likely to hit and global trade growth is likely to slump significantly.\"<\/p>\n<p>This development is not leaving most industrialized nations unscathed - they are facing the lowest growth rates since 2008, and the US economy itself is also treading water: GDP in the US is expected to grow by +1.8 % in 2025 and +1.6 % in 2026, which is one of the lowest growth rates since the beginning of the century and below its potential. At the same time, US companies only pay the bill for the additional tariff costs for around a quarter of imported products. For more than three quarters of all products, this falls on either US consumers or foreign exporters.<\/p>\n<h3><strong>Buffer for the US economy: AI investments, interest rate cuts, fiscal stimulus<\/strong><\/h3>\n<p>\"So far, political uncertainties and tariff increases have not fully impacted the US economy. The strong increase in AI-related investments such as data centers, but also software and hardware, as well as relatively robust consumption have acted as a buffer,\" says Ana Boata, Head of Economic Research at Allianz Trade. \"In 2026, tariffs are likely to have a gradual impact on consumer prices and weigh on consumption - cushioned by lower interest rates and further fiscal stimulus from the US government to boost the economy. Overall, we expect a decline in growth, but not a drastic slump.\"<\/p>\n<p>The eurozone is also barely budging, with a further slowdown in growth from 1.2 % in 2025 to +0.9 % in the coming year. For Switzerland, Allianz Trade expects growth of +1 % for 2025, but this has been revised downwards due to the high tariffs, which are particularly detrimental to Swiss exports. Growth of +1.1 % is expected for 2026 and +1.5 % for 2027. Inflation expectations are 0.2 % for 2025, 0.55 % for 2026 and 0.7 % for 2027.<\/p>\n<h3><strong>Downside risks lurk: protectionism, de-dollarization, sovereign debt and geopolitics<\/strong><\/h3>\n<p>While global trade has to digest the low blow from the tariffs in 2026, other - not unlikely - downside risks are already lurking, above all a further escalation of tariffs. \"Another spiral of tariffs could, at worst, plunge global trade into a recession,\" says Boata. \"The probability of this happening is relatively high at 45 %.\" Three scenarios would have to occur for this to happen: the escalation of tariffs by President Trump as part of the Section 232 measures, the removal of product exemptions and the end of the current \"tariff truce\" with China. There is then a risk of serious negative effects on global growth and a sharp rise in inflation in the US. Outside the US, lower demand from the US would lead to oversupply and rising inventories, particularly in Asia, which would put massive pressure on global prices.<\/p>\n<p>Other downside risks include a possible de-dollarization shock in US monetary policy (35 % probability), a sovereign debt crisis (20 % probability) that could constrain fiscal policy in France, Italy, the UK and the US, and a further increase in geopolitical tensions - in particular a conflict between NATO and Russia, an escalation in the Middle East and an open conflict between China and Taiwan.<\/p>\n<p><em>Source: <a href=\"http:\/\/www.allianz-trade.ch\">Alliance Trade<\/a><\/em><\/p>","protected":false},"excerpt":{"rendered":"<p>So far, global trade has fared better than expected despite the trade war. However, the consequences are likely to become more noticeable in 2026. This is shown by analyses from the world's leading credit insurer Allianz Trade in the current \"Economic Outlook\".<\/p>","protected":false},"author":4,"featured_media":40907,"comment_status":"closed","ping_status":"closed","sticky":false,"template":"","format":"standard","meta":{"_acf_changed":false,"_yoast_wpseo_focuskw":"Handelskrieg","_yoast_wpseo_metadesc":"Bisher schlug sich der Welthandel trotz Handelskrieg besser als gedacht. Doch 2026 d\u00fcrften die Folgen nun deutlicher sp\u00fcrbar werden.","articlekey":"","footnotes":""},"categories":[28],"tags":[5467,5561,531],"class_list":["post-40906","post","type-post","status-publish","format-standard","has-post-thumbnail","hentry","category-management","tag-us-zoelle","tag-welthandel","tag-wirtschaftspolitik"],"acf":[],"yoast_head":"<!-- This site is optimized with the Yoast SEO plugin v27.4 - https:\/\/yoast.com\/product\/yoast-seo-wordpress\/ -->\n<title>Wachstum bricht 2026 durch Handelskrieg deutlich ein - Organisator<\/title>\n<meta name=\"description\" content=\"Bisher schlug sich der Welthandel trotz Handelskrieg besser als gedacht. Doch 2026 d\u00fcrften die Folgen nun deutlicher sp\u00fcrbar werden.\" \/>\n<meta name=\"robots\" content=\"index, follow, max-snippet:-1, max-image-preview:large, max-video-preview:-1\" \/>\n<link rel=\"canonical\" href=\"https:\/\/www.organisator.ch\/en\/management\/2025-10-03\/wachstum-bricht-2026-durch-handelskrieg-deutlich-ein\/\" \/>\n<meta property=\"og:locale\" content=\"en_US\" \/>\n<meta property=\"og:type\" content=\"article\" \/>\n<meta property=\"og:title\" content=\"Wachstum bricht 2026 durch Handelskrieg deutlich ein\" \/>\n<meta property=\"og:description\" content=\"Bisher schlug sich der Welthandel trotz Handelskrieg besser als gedacht. Doch 2026 d\u00fcrften die Folgen nun deutlicher sp\u00fcrbar werden.\" \/>\n<meta property=\"og:url\" content=\"https:\/\/www.organisator.ch\/en\/management\/2025-10-03\/wachstum-bricht-2026-durch-handelskrieg-deutlich-ein\/\" \/>\n<meta property=\"og:site_name\" content=\"Organisator\" \/>\n<meta property=\"article:publisher\" content=\"https:\/\/www.facebook.com\/OrganisatorFachmagazin\" \/>\n<meta property=\"article:published_time\" content=\"2025-10-03T05:35:17+00:00\" \/>\n<meta property=\"article:modified_time\" content=\"2025-10-20T14:18:14+00:00\" \/>\n<meta property=\"og:image\" content=\"https:\/\/www.organisator.ch\/wp-content\/uploads\/2025\/10\/Wachstum-bricht-2026-durch-Handelskrieg-deutlich-ein_Organisator.jpg\" \/>\n\t<meta property=\"og:image:width\" content=\"680\" \/>\n\t<meta property=\"og:image:height\" content=\"453\" \/>\n\t<meta property=\"og:image:type\" content=\"image\/jpeg\" \/>\n<meta name=\"author\" content=\"thomas.berner\" \/>\n<meta name=\"twitter:card\" content=\"summary_large_image\" \/>\n<meta name=\"twitter:title\" content=\"#Wachstum bricht 2026 durch #Handelskrieg deutlich ein\" \/>\n<meta name=\"twitter:description\" content=\"Bisher schlug sich der #Welthandel trotz #Handelskrieg besser als gedacht. Doch 2026 d\u00fcrften die Folgen nun deutlicher sp\u00fcrbar werden.\" \/>\n<meta name=\"twitter:image\" content=\"https:\/\/www.organisator.ch\/wp-content\/uploads\/2025\/10\/Wachstum-bricht-2026-durch-Handelskrieg-deutlich-ein_Organisator.jpg\" \/>\n<script type=\"application\/ld+json\" class=\"yoast-schema-graph\">{\"@context\":\"https:\\\/\\\/schema.org\",\"@graph\":[{\"@type\":\"Article\",\"@id\":\"https:\\\/\\\/www.organisator.ch\\\/management\\\/2025-10-03\\\/wachstum-bricht-2026-durch-handelskrieg-deutlich-ein\\\/#article\",\"isPartOf\":{\"@id\":\"https:\\\/\\\/www.organisator.ch\\\/management\\\/2025-10-03\\\/wachstum-bricht-2026-durch-handelskrieg-deutlich-ein\\\/\"},\"author\":{\"name\":\"thomas.berner\",\"@id\":\"https:\\\/\\\/www.organisator.ch\\\/#\\\/schema\\\/person\\\/6f650f90b2842cd4c0cc334b4e36f67e\"},\"headline\":\"Wachstum bricht 2026 durch Handelskrieg deutlich ein\",\"datePublished\":\"2025-10-03T05:35:17+00:00\",\"dateModified\":\"2025-10-20T14:18:14+00:00\",\"mainEntityOfPage\":{\"@id\":\"https:\\\/\\\/www.organisator.ch\\\/management\\\/2025-10-03\\\/wachstum-bricht-2026-durch-handelskrieg-deutlich-ein\\\/\"},\"wordCount\":642,\"publisher\":{\"@id\":\"https:\\\/\\\/www.organisator.ch\\\/#organization\"},\"image\":{\"@id\":\"https:\\\/\\\/www.organisator.ch\\\/management\\\/2025-10-03\\\/wachstum-bricht-2026-durch-handelskrieg-deutlich-ein\\\/#primaryimage\"},\"thumbnailUrl\":\"https:\\\/\\\/www.organisator.ch\\\/wp-content\\\/uploads\\\/2025\\\/10\\\/Wachstum-bricht-2026-durch-Handelskrieg-deutlich-ein_Organisator.jpg\",\"keywords\":[\"US-Z\u00f6lle\",\"Welthandel\",\"Wirtschaftspolitik\"],\"articleSection\":[\"MANAGEMENT\"],\"inLanguage\":\"en-US\"},{\"@type\":\"WebPage\",\"@id\":\"https:\\\/\\\/www.organisator.ch\\\/management\\\/2025-10-03\\\/wachstum-bricht-2026-durch-handelskrieg-deutlich-ein\\\/\",\"url\":\"https:\\\/\\\/www.organisator.ch\\\/management\\\/2025-10-03\\\/wachstum-bricht-2026-durch-handelskrieg-deutlich-ein\\\/\",\"name\":\"Wachstum bricht 2026 durch Handelskrieg deutlich ein - Organisator\",\"isPartOf\":{\"@id\":\"https:\\\/\\\/www.organisator.ch\\\/#website\"},\"primaryImageOfPage\":{\"@id\":\"https:\\\/\\\/www.organisator.ch\\\/management\\\/2025-10-03\\\/wachstum-bricht-2026-durch-handelskrieg-deutlich-ein\\\/#primaryimage\"},\"image\":{\"@id\":\"https:\\\/\\\/www.organisator.ch\\\/management\\\/2025-10-03\\\/wachstum-bricht-2026-durch-handelskrieg-deutlich-ein\\\/#primaryimage\"},\"thumbnailUrl\":\"https:\\\/\\\/www.organisator.ch\\\/wp-content\\\/uploads\\\/2025\\\/10\\\/Wachstum-bricht-2026-durch-Handelskrieg-deutlich-ein_Organisator.jpg\",\"datePublished\":\"2025-10-03T05:35:17+00:00\",\"dateModified\":\"2025-10-20T14:18:14+00:00\",\"description\":\"Bisher schlug sich der Welthandel trotz Handelskrieg besser als gedacht. Doch 2026 d\u00fcrften die Folgen nun deutlicher sp\u00fcrbar werden.\",\"breadcrumb\":{\"@id\":\"https:\\\/\\\/www.organisator.ch\\\/management\\\/2025-10-03\\\/wachstum-bricht-2026-durch-handelskrieg-deutlich-ein\\\/#breadcrumb\"},\"inLanguage\":\"en-US\",\"potentialAction\":[{\"@type\":\"ReadAction\",\"target\":[\"https:\\\/\\\/www.organisator.ch\\\/management\\\/2025-10-03\\\/wachstum-bricht-2026-durch-handelskrieg-deutlich-ein\\\/\"]}]},{\"@type\":\"ImageObject\",\"inLanguage\":\"en-US\",\"@id\":\"https:\\\/\\\/www.organisator.ch\\\/management\\\/2025-10-03\\\/wachstum-bricht-2026-durch-handelskrieg-deutlich-ein\\\/#primaryimage\",\"url\":\"https:\\\/\\\/www.organisator.ch\\\/wp-content\\\/uploads\\\/2025\\\/10\\\/Wachstum-bricht-2026-durch-Handelskrieg-deutlich-ein_Organisator.jpg\",\"contentUrl\":\"https:\\\/\\\/www.organisator.ch\\\/wp-content\\\/uploads\\\/2025\\\/10\\\/Wachstum-bricht-2026-durch-Handelskrieg-deutlich-ein_Organisator.jpg\",\"width\":680,\"height\":453,\"caption\":\"Schlechte Aussichten f\u00fcr den Welthandel: 2026 werden sich die US-Z\u00f6lle mit voller Kraft auswirken. (Bild: Kurt Cotoaga \\\/ Unsplash.com)\"},{\"@type\":\"BreadcrumbList\",\"@id\":\"https:\\\/\\\/www.organisator.ch\\\/management\\\/2025-10-03\\\/wachstum-bricht-2026-durch-handelskrieg-deutlich-ein\\\/#breadcrumb\",\"itemListElement\":[{\"@type\":\"ListItem\",\"position\":1,\"name\":\"Home\",\"item\":\"https:\\\/\\\/www.organisator.ch\\\/\"},{\"@type\":\"ListItem\",\"position\":2,\"name\":\"Wachstum bricht 2026 durch Handelskrieg deutlich ein\"}]},{\"@type\":\"WebSite\",\"@id\":\"https:\\\/\\\/www.organisator.ch\\\/#website\",\"url\":\"https:\\\/\\\/www.organisator.ch\\\/\",\"name\":\"Organisator\",\"description\":\"Kompetent. Praxisnah. Der ORGANISATOR bereitet in 10 Ausgaben pro Jahr die wesentlichen Themen f\u00fcr F\u00fchrungskr\u00e4fte von KMU auf.\",\"publisher\":{\"@id\":\"https:\\\/\\\/www.organisator.ch\\\/#organization\"},\"potentialAction\":[{\"@type\":\"SearchAction\",\"target\":{\"@type\":\"EntryPoint\",\"urlTemplate\":\"https:\\\/\\\/www.organisator.ch\\\/?s={search_term_string}\"},\"query-input\":{\"@type\":\"PropertyValueSpecification\",\"valueRequired\":true,\"valueName\":\"search_term_string\"}}],\"inLanguage\":\"en-US\"},{\"@type\":\"Organization\",\"@id\":\"https:\\\/\\\/www.organisator.ch\\\/#organization\",\"name\":\"Organisator\",\"url\":\"https:\\\/\\\/www.organisator.ch\\\/\",\"logo\":{\"@type\":\"ImageObject\",\"inLanguage\":\"en-US\",\"@id\":\"https:\\\/\\\/www.organisator.ch\\\/#\\\/schema\\\/logo\\\/image\\\/\",\"url\":\"https:\\\/\\\/www.organisator.ch\\\/wp-content\\\/uploads\\\/2022\\\/01\\\/Logo_Organisator_Website.png\",\"contentUrl\":\"https:\\\/\\\/www.organisator.ch\\\/wp-content\\\/uploads\\\/2022\\\/01\\\/Logo_Organisator_Website.png\",\"width\":800,\"height\":77,\"caption\":\"Organisator\"},\"image\":{\"@id\":\"https:\\\/\\\/www.organisator.ch\\\/#\\\/schema\\\/logo\\\/image\\\/\"},\"sameAs\":[\"https:\\\/\\\/www.facebook.com\\\/OrganisatorFachmagazin\",\"https:\\\/\\\/www.linkedin.com\\\/showcase\\\/organisator-das-magazin-fr-kmu\",\"https:\\\/\\\/www.xing.com\\\/news\\\/pages\\\/organisator-ch-695\",\"https:\\\/\\\/www.youtube.com\\\/channel\\\/UCGP2Sq0iWaZwT3BdIAQFYpw\"]},{\"@type\":\"Person\",\"@id\":\"https:\\\/\\\/www.organisator.ch\\\/#\\\/schema\\\/person\\\/6f650f90b2842cd4c0cc334b4e36f67e\",\"name\":\"thomas.berner\",\"image\":{\"@type\":\"ImageObject\",\"inLanguage\":\"en-US\",\"@id\":\"https:\\\/\\\/secure.gravatar.com\\\/avatar\\\/ac5001d2a36cb6c6cd3e50789007ffca834b477b74a2144564522e944eabff61?s=96&d=mm&r=g\",\"url\":\"https:\\\/\\\/secure.gravatar.com\\\/avatar\\\/ac5001d2a36cb6c6cd3e50789007ffca834b477b74a2144564522e944eabff61?s=96&d=mm&r=g\",\"contentUrl\":\"https:\\\/\\\/secure.gravatar.com\\\/avatar\\\/ac5001d2a36cb6c6cd3e50789007ffca834b477b74a2144564522e944eabff61?s=96&d=mm&r=g\",\"caption\":\"thomas.berner\"},\"url\":\"https:\\\/\\\/www.organisator.ch\\\/en\\\/author\\\/thomas-berner\\\/\"}]}<\/script>\n<!-- \/ Yoast SEO plugin. -->","yoast_head_json":{"title":"Growth slumps significantly in 2026 due to trade war - Organizer","description":"So far, global trade has fared better than expected despite the trade war. However, the consequences are likely to become more noticeable in 2026.","robots":{"index":"index","follow":"follow","max-snippet":"max-snippet:-1","max-image-preview":"max-image-preview:large","max-video-preview":"max-video-preview:-1"},"canonical":"https:\/\/www.organisator.ch\/en\/management\/2025-10-03\/wachstum-bricht-2026-durch-handelskrieg-deutlich-ein\/","og_locale":"en_US","og_type":"article","og_title":"Wachstum bricht 2026 durch Handelskrieg deutlich ein","og_description":"Bisher schlug sich der Welthandel trotz Handelskrieg besser als gedacht. Doch 2026 d\u00fcrften die Folgen nun deutlicher sp\u00fcrbar werden.","og_url":"https:\/\/www.organisator.ch\/en\/management\/2025-10-03\/wachstum-bricht-2026-durch-handelskrieg-deutlich-ein\/","og_site_name":"Organisator","article_publisher":"https:\/\/www.facebook.com\/OrganisatorFachmagazin","article_published_time":"2025-10-03T05:35:17+00:00","article_modified_time":"2025-10-20T14:18:14+00:00","og_image":[{"width":680,"height":453,"url":"https:\/\/www.organisator.ch\/wp-content\/uploads\/2025\/10\/Wachstum-bricht-2026-durch-Handelskrieg-deutlich-ein_Organisator.jpg","type":"image\/jpeg"}],"author":"thomas.berner","twitter_card":"summary_large_image","twitter_title":"#Wachstum bricht 2026 durch #Handelskrieg deutlich ein","twitter_description":"Bisher schlug sich der #Welthandel trotz #Handelskrieg besser als gedacht. Doch 2026 d\u00fcrften die Folgen nun deutlicher sp\u00fcrbar werden.","twitter_image":"https:\/\/www.organisator.ch\/wp-content\/uploads\/2025\/10\/Wachstum-bricht-2026-durch-Handelskrieg-deutlich-ein_Organisator.jpg","schema":{"@context":"https:\/\/schema.org","@graph":[{"@type":"Article","@id":"https:\/\/www.organisator.ch\/management\/2025-10-03\/wachstum-bricht-2026-durch-handelskrieg-deutlich-ein\/#article","isPartOf":{"@id":"https:\/\/www.organisator.ch\/management\/2025-10-03\/wachstum-bricht-2026-durch-handelskrieg-deutlich-ein\/"},"author":{"name":"thomas.berner","@id":"https:\/\/www.organisator.ch\/#\/schema\/person\/6f650f90b2842cd4c0cc334b4e36f67e"},"headline":"Wachstum bricht 2026 durch Handelskrieg deutlich ein","datePublished":"2025-10-03T05:35:17+00:00","dateModified":"2025-10-20T14:18:14+00:00","mainEntityOfPage":{"@id":"https:\/\/www.organisator.ch\/management\/2025-10-03\/wachstum-bricht-2026-durch-handelskrieg-deutlich-ein\/"},"wordCount":642,"publisher":{"@id":"https:\/\/www.organisator.ch\/#organization"},"image":{"@id":"https:\/\/www.organisator.ch\/management\/2025-10-03\/wachstum-bricht-2026-durch-handelskrieg-deutlich-ein\/#primaryimage"},"thumbnailUrl":"https:\/\/www.organisator.ch\/wp-content\/uploads\/2025\/10\/Wachstum-bricht-2026-durch-Handelskrieg-deutlich-ein_Organisator.jpg","keywords":["US-Z\u00f6lle","Welthandel","Wirtschaftspolitik"],"articleSection":["MANAGEMENT"],"inLanguage":"en-US"},{"@type":"WebPage","@id":"https:\/\/www.organisator.ch\/management\/2025-10-03\/wachstum-bricht-2026-durch-handelskrieg-deutlich-ein\/","url":"https:\/\/www.organisator.ch\/management\/2025-10-03\/wachstum-bricht-2026-durch-handelskrieg-deutlich-ein\/","name":"Growth slumps significantly in 2026 due to trade war - Organizer","isPartOf":{"@id":"https:\/\/www.organisator.ch\/#website"},"primaryImageOfPage":{"@id":"https:\/\/www.organisator.ch\/management\/2025-10-03\/wachstum-bricht-2026-durch-handelskrieg-deutlich-ein\/#primaryimage"},"image":{"@id":"https:\/\/www.organisator.ch\/management\/2025-10-03\/wachstum-bricht-2026-durch-handelskrieg-deutlich-ein\/#primaryimage"},"thumbnailUrl":"https:\/\/www.organisator.ch\/wp-content\/uploads\/2025\/10\/Wachstum-bricht-2026-durch-Handelskrieg-deutlich-ein_Organisator.jpg","datePublished":"2025-10-03T05:35:17+00:00","dateModified":"2025-10-20T14:18:14+00:00","description":"So far, global trade has fared better than expected despite the trade war. However, the consequences are likely to become more noticeable in 2026.","breadcrumb":{"@id":"https:\/\/www.organisator.ch\/management\/2025-10-03\/wachstum-bricht-2026-durch-handelskrieg-deutlich-ein\/#breadcrumb"},"inLanguage":"en-US","potentialAction":[{"@type":"ReadAction","target":["https:\/\/www.organisator.ch\/management\/2025-10-03\/wachstum-bricht-2026-durch-handelskrieg-deutlich-ein\/"]}]},{"@type":"ImageObject","inLanguage":"en-US","@id":"https:\/\/www.organisator.ch\/management\/2025-10-03\/wachstum-bricht-2026-durch-handelskrieg-deutlich-ein\/#primaryimage","url":"https:\/\/www.organisator.ch\/wp-content\/uploads\/2025\/10\/Wachstum-bricht-2026-durch-Handelskrieg-deutlich-ein_Organisator.jpg","contentUrl":"https:\/\/www.organisator.ch\/wp-content\/uploads\/2025\/10\/Wachstum-bricht-2026-durch-Handelskrieg-deutlich-ein_Organisator.jpg","width":680,"height":453,"caption":"Schlechte Aussichten f\u00fcr den Welthandel: 2026 werden sich die US-Z\u00f6lle mit voller Kraft auswirken. (Bild: Kurt Cotoaga \/ Unsplash.com)"},{"@type":"BreadcrumbList","@id":"https:\/\/www.organisator.ch\/management\/2025-10-03\/wachstum-bricht-2026-durch-handelskrieg-deutlich-ein\/#breadcrumb","itemListElement":[{"@type":"ListItem","position":1,"name":"Home","item":"https:\/\/www.organisator.ch\/"},{"@type":"ListItem","position":2,"name":"Wachstum bricht 2026 durch Handelskrieg deutlich ein"}]},{"@type":"WebSite","@id":"https:\/\/www.organisator.ch\/#website","url":"https:\/\/www.organisator.ch\/","name":"Organizer","description":"Competent. Practical. In 10 issues per year, ORGANISATOR presents the essential topics for managers of SMEs.","publisher":{"@id":"https:\/\/www.organisator.ch\/#organization"},"potentialAction":[{"@type":"SearchAction","target":{"@type":"EntryPoint","urlTemplate":"https:\/\/www.organisator.ch\/?s={search_term_string}"},"query-input":{"@type":"PropertyValueSpecification","valueRequired":true,"valueName":"search_term_string"}}],"inLanguage":"en-US"},{"@type":"Organization","@id":"https:\/\/www.organisator.ch\/#organization","name":"Organizer","url":"https:\/\/www.organisator.ch\/","logo":{"@type":"ImageObject","inLanguage":"en-US","@id":"https:\/\/www.organisator.ch\/#\/schema\/logo\/image\/","url":"https:\/\/www.organisator.ch\/wp-content\/uploads\/2022\/01\/Logo_Organisator_Website.png","contentUrl":"https:\/\/www.organisator.ch\/wp-content\/uploads\/2022\/01\/Logo_Organisator_Website.png","width":800,"height":77,"caption":"Organisator"},"image":{"@id":"https:\/\/www.organisator.ch\/#\/schema\/logo\/image\/"},"sameAs":["https:\/\/www.facebook.com\/OrganisatorFachmagazin","https:\/\/www.linkedin.com\/showcase\/organisator-das-magazin-fr-kmu","https:\/\/www.xing.com\/news\/pages\/organisator-ch-695","https:\/\/www.youtube.com\/channel\/UCGP2Sq0iWaZwT3BdIAQFYpw"]},{"@type":"Person","@id":"https:\/\/www.organisator.ch\/#\/schema\/person\/6f650f90b2842cd4c0cc334b4e36f67e","name":"thomas.berner","image":{"@type":"ImageObject","inLanguage":"en-US","@id":"https:\/\/secure.gravatar.com\/avatar\/ac5001d2a36cb6c6cd3e50789007ffca834b477b74a2144564522e944eabff61?s=96&d=mm&r=g","url":"https:\/\/secure.gravatar.com\/avatar\/ac5001d2a36cb6c6cd3e50789007ffca834b477b74a2144564522e944eabff61?s=96&d=mm&r=g","contentUrl":"https:\/\/secure.gravatar.com\/avatar\/ac5001d2a36cb6c6cd3e50789007ffca834b477b74a2144564522e944eabff61?s=96&d=mm&r=g","caption":"thomas.berner"},"url":"https:\/\/www.organisator.ch\/en\/author\/thomas-berner\/"}]}},"_links":{"self":[{"href":"https:\/\/www.organisator.ch\/en\/wp-json\/wp\/v2\/posts\/40906","targetHints":{"allow":["GET"]}}],"collection":[{"href":"https:\/\/www.organisator.ch\/en\/wp-json\/wp\/v2\/posts"}],"about":[{"href":"https:\/\/www.organisator.ch\/en\/wp-json\/wp\/v2\/types\/post"}],"author":[{"embeddable":true,"href":"https:\/\/www.organisator.ch\/en\/wp-json\/wp\/v2\/users\/4"}],"replies":[{"embeddable":true,"href":"https:\/\/www.organisator.ch\/en\/wp-json\/wp\/v2\/comments?post=40906"}],"version-history":[{"count":4,"href":"https:\/\/www.organisator.ch\/en\/wp-json\/wp\/v2\/posts\/40906\/revisions"}],"predecessor-version":[{"id":40960,"href":"https:\/\/www.organisator.ch\/en\/wp-json\/wp\/v2\/posts\/40906\/revisions\/40960"}],"wp:featuredmedia":[{"embeddable":true,"href":"https:\/\/www.organisator.ch\/en\/wp-json\/wp\/v2\/media\/40907"}],"wp:attachment":[{"href":"https:\/\/www.organisator.ch\/en\/wp-json\/wp\/v2\/media?parent=40906"}],"wp:term":[{"taxonomy":"category","embeddable":true,"href":"https:\/\/www.organisator.ch\/en\/wp-json\/wp\/v2\/categories?post=40906"},{"taxonomy":"post_tag","embeddable":true,"href":"https:\/\/www.organisator.ch\/en\/wp-json\/wp\/v2\/tags?post=40906"}],"curies":[{"name":"wp","href":"https:\/\/api.w.org\/{rel}","templated":true}]}}