{"id":410,"date":"2016-11-04T15:52:07","date_gmt":"2016-11-04T14:52:07","guid":{"rendered":"http:\/\/dev.organisator.ch\/?p=410"},"modified":"2016-11-04T15:52:07","modified_gmt":"2016-11-04T14:52:07","slug":"digitale-transformation-schweizer-fuehrungskraefte-sehen-geschaeftsmodelle-in-gefahr","status":"publish","type":"post","link":"https:\/\/www.organisator.ch\/en\/management\/2016-11-04\/digitale-transformation-schweizer-fuehrungskraefte-sehen-geschaeftsmodelle-in-gefahr\/","title":{"rendered":"Digital transformation: Swiss executives see business models in danger"},"content":{"rendered":"<figure id=\"attachment_411\" aria-describedby=\"caption-attachment-411\" style=\"width: 680px\" class=\"wp-caption alignnone\"><img loading=\"lazy\" decoding=\"async\" class=\"size-medium wp-image-411\" src=\"https:\/\/organisator.ch\/wp-content\/uploads\/2016\/12\/Digitale-Transformation-Schweizer-F\u00fchrungskr\u00e4fte-sehen-Gesch\u00e4ftsmodelle-in-Gefahr-organisator.jpg\" alt=\"\" width=\"680\" height=\"408\" \/><figcaption id=\"caption-attachment-411\" class=\"wp-caption-text\">Digital transformation stirs up fears. (Graphic: Coloures-pic - Fotolia.com)<\/figcaption><\/figure>\n<p>Around 4,000 study participants from 16 countries expressed their opinion on the fourth industrial revolution in a survey conducted worldwide by Dell Technologies; in Switzerland, there were 200 respondents. According to the survey, 93 percent of all Swiss managers (78 percent worldwide) see digital startups as a threat to their own business. Worldwide, 45 percent of study participants worry that their current business models could be obsolete in competition against natively digital startups in five years at the latest - with a survey result of 60 percent, Switzerland is even significantly above this figure. In Switzerland in particular, many companies are already feeling the pressure to act: 71 percent of Swiss respondents report massive market changes in the past three years in connection with advancing digitization and new applications in the Internet of Things - here, too, a discrepancy with the global survey figures (52 percent) is visible.<\/p>\n<p><strong>Challenges of the Digital Transformation<\/strong><\/p>\n<p>Only a few companies have already largely completed the digital transformation in their own organization. Accordingly, most companies do not yet have a holistic solution approach with which they can tackle the digital challenge. In order to successfully drive forward digitization in this country in the future, 74 percent of the Swiss and 73 percent of the remaining study participants believe that digital transformation must be driven forward across the entire company on a broader front.<\/p>\n<p>By their own admission, only 38 percent of Swiss companies (36 percent worldwide) are currently meeting key customer requirements in terms of improved security, round-the-clock services and faster access to information. 62 percent (64 percent worldwide) do not yet operate on the basis of real-time insights. According to the authors of the study, these are the key success factors in the digital era. If they are missed, this could be the beginning of a digital crisis.<\/p>\n<p>According to 71 percent of Swiss business decision-makers, digital change is driven by competitors and startups; the pressure from board staff and management (46 percent) and from customers (33 percent) is somewhat less pronounced. This contrasts with the global results of the study: Worldwide, 56 percent stated that they are under significant pressure to change from their customers; competitors\/start-ups (46 percent) and board staff\/management (41 percent) were cited second and third most frequently as factors.<\/p>\n<p><strong>Digital rescue plan<\/strong><\/p>\n<p>The fact that there are still some obstacles on the road to digital success is confirmed by the other results of the Dell-EMC study. Only 16 percent of the Swiss study participants have already established a digital profit and loss statement. This means that Swiss companies are clearly lagging behind in the global environment (36 percent worldwide). Only 32 percent (46 percent worldwide) have now established their digitization goals in all departmental and staff policies. On the other hand, every second company (35 percent worldwide) cooperates with startups and adapts their open innovation model. 54 percent of Swiss companies (38 percent worldwide) have even appointed a management committee to evaluate digital progress.<\/p>\n<p>In light of changing market requirements, Swiss companies have begun to increase the pace of their transformation: 72 percent (73 percent globally) agree that they need to give higher priority to a centralized technology strategy within the company. 70 percent (66 percent globally) plan to invest in infrastructure and increase digital skills development. In addition, 65 percent (72 percent globally) plan to expand their software development capabilities. IT investments are planned in Switzerland in the following four areas, in order of priority: Internet-of-Things technologies, converged infrastructures, ultra-high-performance solutions and Big Data analytics.<\/p>\n<p><strong>What \"digitization status\" are companies at?<\/strong><\/p>\n<p>The study results are rounded off by a Digital Transformation Index, which is based on the self-assessment of the participants and reflects the digital maturity level of the companies surveyed. According to this, worldwide:<\/p>\n<ul>\n<li>5 percent (none of the companies surveyed in Switzerland) are digital leaders: for this group, digital transformation is anchored in the corporate DNA, as it were.<\/li>\n<li>14 percent (4 percent in Switzerland) are digital adopters who already have a mature transformation plan and corresponding investment funds.<\/li>\n<li>34 percent (54 percent in Switzerland) belong to the group of digital evaluators who are cautiously approaching transformation and planning related initiatives and investments for the future.<\/li>\n<li>32 percent (29 percent in Switzerland) are digital followers. There has hardly been any digitization investment among this group so far; corresponding future plans are currently still very preliminary in nature.<\/li>\n<li>15 percent (13 percent in Switzerland) belong to the digital laggards, the latecomers without a dedicated digitization plan who have allocated virtually no corresponding investment funds.<\/li>\n<\/ul>\n<p><em>Source: <a href=\"http:\/\/www.dellemc.com\" target=\"_blank\" rel=\"noreferrer noopener\" data-cke-saved-href=\"http:\/\/www.dellemc.com\">Dell EMC<\/a><\/em><\/p>","protected":false},"excerpt":{"rendered":"<p>Rund 4.000 Studienteilnehmer aus 16 L\u00e4ndern \u00e4usserten\u00a0in einer weltweit durchgef\u00fchrten Umfrage von Dell Technologies\u00a0ihre Meinung zur vierten industriellen Revolution; in der Schweiz waren es 200 Befragte. Demnach sehen 93 Prozent aller Schweizer Manager (weltweit 78 Prozent) digitale Start-ups als Bedrohung f\u00fcr das eigene Gesch\u00e4ft. Weltweit sorgen sich 45 Prozent der Studienteilnehmer, dass ihre heutigen Gesch\u00e4ftsmodelle [&hellip;]<\/p>\n","protected":false},"author":1,"featured_media":411,"comment_status":"open","ping_status":"open","sticky":false,"template":"","format":"standard","meta":{"_acf_changed":false,"_yoast_wpseo_focuskw":"Digitale Transformation","_yoast_wpseo_metadesc":"Laut einer Studie von Dell EMC beurteilen fast alle befragten Schweizer Businessentscheider (96 Prozent) ihren digitalen Reifegrad eher zur\u00fcckhaltend.","articlekey":"","footnotes":""},"categories":[28],"tags":[288,335],"class_list":["post-410","post","type-post","status-publish","format-standard","has-post-thumbnail","hentry","category-management","tag-it-business-software","tag-management-und-unternehmensfuehrung"],"acf":[],"yoast_head":"<!-- This site is optimized with the Yoast SEO plugin v27.5 - https:\/\/yoast.com\/product\/yoast-seo-wordpress\/ -->\n<title>Digitale Transformation: Schweizer F\u00fchrungskr\u00e4fte sehen Gesch\u00e4ftsmodelle in Gefahr - Organisator<\/title>\n<meta name=\"description\" content=\"Laut einer Studie von Dell EMC beurteilen fast alle befragten Schweizer Businessentscheider (96 Prozent) ihren digitalen Reifegrad eher zur\u00fcckhaltend.\" \/>\n<meta name=\"robots\" content=\"index, follow, max-snippet:-1, max-image-preview:large, max-video-preview:-1\" \/>\n<link rel=\"canonical\" href=\"https:\/\/www.organisator.ch\/en\/management\/2016-11-04\/digitale-transformation-schweizer-fuehrungskraefte-sehen-geschaeftsmodelle-in-gefahr\/\" \/>\n<meta property=\"og:locale\" content=\"en_US\" \/>\n<meta property=\"og:type\" content=\"article\" \/>\n<meta property=\"og:title\" content=\"Digitale Transformation: Schweizer F\u00fchrungskr\u00e4fte sehen Gesch\u00e4ftsmodelle in Gefahr\" \/>\n<meta property=\"og:description\" content=\"Laut einer aktuellen Studie von Dell EMC beurteilen fast alle befragten Schweizer Businessentscheider (96 Prozent) ihren digitalen Reifegrad eher zur\u00fcckhaltend. Nur gerade 4 Prozent sehen sich in der Rolle der Digital Adopters; kein Unternehmen f\u00fchlt sich der Digital-Leader-Gruppe angeh\u00f6rig. Und auch die weltweit gesammelten Ergebnisse der Studie best\u00e4tigen: Es zeichnen sich vielf\u00e4ltige digitale Ver\u00e4nderungen ab.\" \/>\n<meta property=\"og:url\" content=\"https:\/\/www.organisator.ch\/en\/management\/2016-11-04\/digitale-transformation-schweizer-fuehrungskraefte-sehen-geschaeftsmodelle-in-gefahr\/\" \/>\n<meta property=\"og:site_name\" content=\"Organisator\" \/>\n<meta property=\"article:publisher\" content=\"https:\/\/www.facebook.com\/OrganisatorFachmagazin\" \/>\n<meta property=\"article:published_time\" content=\"2016-11-04T14:52:07+00:00\" \/>\n<meta name=\"author\" content=\"admin\" \/>\n<meta name=\"twitter:card\" content=\"summary_large_image\" \/>\n<meta name=\"twitter:image\" content=\"https:\/\/www.organisator.ch\/wp-content\/uploads\/2016\/12\/Digitale-Transformation-Schweizer-Fuehrungskraefte-sehen-Geschaeftsmodelle-in-Gefahr-organisator.jpg\" \/>\n<script type=\"application\/ld+json\" class=\"yoast-schema-graph\">{\"@context\":\"https:\\\/\\\/schema.org\",\"@graph\":[{\"@type\":\"Article\",\"@id\":\"https:\\\/\\\/www.organisator.ch\\\/management\\\/2016-11-04\\\/digitale-transformation-schweizer-fuehrungskraefte-sehen-geschaeftsmodelle-in-gefahr\\\/#article\",\"isPartOf\":{\"@id\":\"https:\\\/\\\/www.organisator.ch\\\/management\\\/2016-11-04\\\/digitale-transformation-schweizer-fuehrungskraefte-sehen-geschaeftsmodelle-in-gefahr\\\/\"},\"author\":{\"name\":\"admin\",\"@id\":\"https:\\\/\\\/www.organisator.ch\\\/#\\\/schema\\\/person\\\/aa2bace6c5c5aad60102004a50c4eb1c\"},\"headline\":\"Digitale Transformation: Schweizer F\u00fchrungskr\u00e4fte sehen Gesch\u00e4ftsmodelle in Gefahr\",\"datePublished\":\"2016-11-04T14:52:07+00:00\",\"mainEntityOfPage\":{\"@id\":\"https:\\\/\\\/www.organisator.ch\\\/management\\\/2016-11-04\\\/digitale-transformation-schweizer-fuehrungskraefte-sehen-geschaeftsmodelle-in-gefahr\\\/\"},\"wordCount\":721,\"commentCount\":0,\"publisher\":{\"@id\":\"https:\\\/\\\/www.organisator.ch\\\/#organization\"},\"image\":{\"@id\":\"https:\\\/\\\/www.organisator.ch\\\/management\\\/2016-11-04\\\/digitale-transformation-schweizer-fuehrungskraefte-sehen-geschaeftsmodelle-in-gefahr\\\/#primaryimage\"},\"thumbnailUrl\":\"https:\\\/\\\/www.organisator.ch\\\/wp-content\\\/uploads\\\/2016\\\/12\\\/Digitale-Transformation-Schweizer-Fuehrungskraefte-sehen-Geschaeftsmodelle-in-Gefahr-organisator.jpg\",\"keywords\":[\"IT &amp; Business Software\",\"Management und Unternehmensf\u00fchrung\"],\"articleSection\":[\"MANAGEMENT\"],\"inLanguage\":\"en-US\"},{\"@type\":\"WebPage\",\"@id\":\"https:\\\/\\\/www.organisator.ch\\\/management\\\/2016-11-04\\\/digitale-transformation-schweizer-fuehrungskraefte-sehen-geschaeftsmodelle-in-gefahr\\\/\",\"url\":\"https:\\\/\\\/www.organisator.ch\\\/management\\\/2016-11-04\\\/digitale-transformation-schweizer-fuehrungskraefte-sehen-geschaeftsmodelle-in-gefahr\\\/\",\"name\":\"Digitale Transformation: Schweizer F\u00fchrungskr\u00e4fte sehen Gesch\u00e4ftsmodelle in Gefahr - Organisator\",\"isPartOf\":{\"@id\":\"https:\\\/\\\/www.organisator.ch\\\/#website\"},\"primaryImageOfPage\":{\"@id\":\"https:\\\/\\\/www.organisator.ch\\\/management\\\/2016-11-04\\\/digitale-transformation-schweizer-fuehrungskraefte-sehen-geschaeftsmodelle-in-gefahr\\\/#primaryimage\"},\"image\":{\"@id\":\"https:\\\/\\\/www.organisator.ch\\\/management\\\/2016-11-04\\\/digitale-transformation-schweizer-fuehrungskraefte-sehen-geschaeftsmodelle-in-gefahr\\\/#primaryimage\"},\"thumbnailUrl\":\"https:\\\/\\\/www.organisator.ch\\\/wp-content\\\/uploads\\\/2016\\\/12\\\/Digitale-Transformation-Schweizer-Fuehrungskraefte-sehen-Geschaeftsmodelle-in-Gefahr-organisator.jpg\",\"datePublished\":\"2016-11-04T14:52:07+00:00\",\"description\":\"Laut einer Studie von Dell EMC beurteilen fast alle befragten Schweizer Businessentscheider (96 Prozent) ihren digitalen Reifegrad eher zur\u00fcckhaltend.\",\"breadcrumb\":{\"@id\":\"https:\\\/\\\/www.organisator.ch\\\/management\\\/2016-11-04\\\/digitale-transformation-schweizer-fuehrungskraefte-sehen-geschaeftsmodelle-in-gefahr\\\/#breadcrumb\"},\"inLanguage\":\"en-US\",\"potentialAction\":[{\"@type\":\"ReadAction\",\"target\":[\"https:\\\/\\\/www.organisator.ch\\\/management\\\/2016-11-04\\\/digitale-transformation-schweizer-fuehrungskraefte-sehen-geschaeftsmodelle-in-gefahr\\\/\"]}]},{\"@type\":\"ImageObject\",\"inLanguage\":\"en-US\",\"@id\":\"https:\\\/\\\/www.organisator.ch\\\/management\\\/2016-11-04\\\/digitale-transformation-schweizer-fuehrungskraefte-sehen-geschaeftsmodelle-in-gefahr\\\/#primaryimage\",\"url\":\"https:\\\/\\\/www.organisator.ch\\\/wp-content\\\/uploads\\\/2016\\\/12\\\/Digitale-Transformation-Schweizer-Fuehrungskraefte-sehen-Geschaeftsmodelle-in-Gefahr-organisator.jpg\",\"contentUrl\":\"https:\\\/\\\/www.organisator.ch\\\/wp-content\\\/uploads\\\/2016\\\/12\\\/Digitale-Transformation-Schweizer-Fuehrungskraefte-sehen-Geschaeftsmodelle-in-Gefahr-organisator.jpg\",\"width\":894,\"height\":537,\"caption\":\"Der digitale Wandel sch\u00fcrt Bef\u00fcrchtungen. (Grafik: Coloures-pic - Fotolia.com)\"},{\"@type\":\"BreadcrumbList\",\"@id\":\"https:\\\/\\\/www.organisator.ch\\\/management\\\/2016-11-04\\\/digitale-transformation-schweizer-fuehrungskraefte-sehen-geschaeftsmodelle-in-gefahr\\\/#breadcrumb\",\"itemListElement\":[{\"@type\":\"ListItem\",\"position\":1,\"name\":\"Home\",\"item\":\"https:\\\/\\\/www.organisator.ch\\\/\"},{\"@type\":\"ListItem\",\"position\":2,\"name\":\"Digitale Transformation: Schweizer F\u00fchrungskr\u00e4fte sehen Gesch\u00e4ftsmodelle in Gefahr\"}]},{\"@type\":\"WebSite\",\"@id\":\"https:\\\/\\\/www.organisator.ch\\\/#website\",\"url\":\"https:\\\/\\\/www.organisator.ch\\\/\",\"name\":\"Organisator\",\"description\":\"Kompetent. Praxisnah. Der ORGANISATOR bereitet in 10 Ausgaben pro Jahr die wesentlichen Themen f\u00fcr F\u00fchrungskr\u00e4fte von KMU auf.\",\"publisher\":{\"@id\":\"https:\\\/\\\/www.organisator.ch\\\/#organization\"},\"potentialAction\":[{\"@type\":\"SearchAction\",\"target\":{\"@type\":\"EntryPoint\",\"urlTemplate\":\"https:\\\/\\\/www.organisator.ch\\\/?s={search_term_string}\"},\"query-input\":{\"@type\":\"PropertyValueSpecification\",\"valueRequired\":true,\"valueName\":\"search_term_string\"}}],\"inLanguage\":\"en-US\"},{\"@type\":\"Organization\",\"@id\":\"https:\\\/\\\/www.organisator.ch\\\/#organization\",\"name\":\"Organisator\",\"url\":\"https:\\\/\\\/www.organisator.ch\\\/\",\"logo\":{\"@type\":\"ImageObject\",\"inLanguage\":\"en-US\",\"@id\":\"https:\\\/\\\/www.organisator.ch\\\/#\\\/schema\\\/logo\\\/image\\\/\",\"url\":\"https:\\\/\\\/www.organisator.ch\\\/wp-content\\\/uploads\\\/2022\\\/01\\\/Logo_Organisator_Website.png\",\"contentUrl\":\"https:\\\/\\\/www.organisator.ch\\\/wp-content\\\/uploads\\\/2022\\\/01\\\/Logo_Organisator_Website.png\",\"width\":800,\"height\":77,\"caption\":\"Organisator\"},\"image\":{\"@id\":\"https:\\\/\\\/www.organisator.ch\\\/#\\\/schema\\\/logo\\\/image\\\/\"},\"sameAs\":[\"https:\\\/\\\/www.facebook.com\\\/OrganisatorFachmagazin\",\"https:\\\/\\\/www.linkedin.com\\\/showcase\\\/organisator-das-magazin-fr-kmu\",\"https:\\\/\\\/www.xing.com\\\/news\\\/pages\\\/organisator-ch-695\",\"https:\\\/\\\/www.youtube.com\\\/channel\\\/UCGP2Sq0iWaZwT3BdIAQFYpw\"]},{\"@type\":\"Person\",\"@id\":\"https:\\\/\\\/www.organisator.ch\\\/#\\\/schema\\\/person\\\/aa2bace6c5c5aad60102004a50c4eb1c\",\"name\":\"admin\",\"image\":{\"@type\":\"ImageObject\",\"inLanguage\":\"en-US\",\"@id\":\"https:\\\/\\\/secure.gravatar.com\\\/avatar\\\/ae2f4d718e6c49043e314ce431e7e645d646302a24a5ef5a8bc8e3f5a032e319?s=96&d=mm&r=g\",\"url\":\"https:\\\/\\\/secure.gravatar.com\\\/avatar\\\/ae2f4d718e6c49043e314ce431e7e645d646302a24a5ef5a8bc8e3f5a032e319?s=96&d=mm&r=g\",\"contentUrl\":\"https:\\\/\\\/secure.gravatar.com\\\/avatar\\\/ae2f4d718e6c49043e314ce431e7e645d646302a24a5ef5a8bc8e3f5a032e319?s=96&d=mm&r=g\",\"caption\":\"admin\"},\"sameAs\":[\"https:\\\/\\\/www.organisator.ch\"],\"url\":\"https:\\\/\\\/www.organisator.ch\\\/en\\\/author\\\/admin\\\/\"}]}<\/script>\n<!-- \/ Yoast SEO plugin. -->","yoast_head_json":{"title":"Digital transformation: Swiss executives see business models in danger - Organizer","description":"According to a study by Dell EMC, almost all of the Swiss business decision-makers surveyed (96 percent) were rather reserved in their assessment of their level of digital maturity.","robots":{"index":"index","follow":"follow","max-snippet":"max-snippet:-1","max-image-preview":"max-image-preview:large","max-video-preview":"max-video-preview:-1"},"canonical":"https:\/\/www.organisator.ch\/en\/management\/2016-11-04\/digitale-transformation-schweizer-fuehrungskraefte-sehen-geschaeftsmodelle-in-gefahr\/","og_locale":"en_US","og_type":"article","og_title":"Digitale Transformation: Schweizer F\u00fchrungskr\u00e4fte sehen Gesch\u00e4ftsmodelle in Gefahr","og_description":"Laut einer aktuellen Studie von Dell EMC beurteilen fast alle befragten Schweizer Businessentscheider (96 Prozent) ihren digitalen Reifegrad eher zur\u00fcckhaltend. Nur gerade 4 Prozent sehen sich in der Rolle der Digital Adopters; kein Unternehmen f\u00fchlt sich der Digital-Leader-Gruppe angeh\u00f6rig. Und auch die weltweit gesammelten Ergebnisse der Studie best\u00e4tigen: Es zeichnen sich vielf\u00e4ltige digitale Ver\u00e4nderungen ab.","og_url":"https:\/\/www.organisator.ch\/en\/management\/2016-11-04\/digitale-transformation-schweizer-fuehrungskraefte-sehen-geschaeftsmodelle-in-gefahr\/","og_site_name":"Organisator","article_publisher":"https:\/\/www.facebook.com\/OrganisatorFachmagazin","article_published_time":"2016-11-04T14:52:07+00:00","author":"admin","twitter_card":"summary_large_image","twitter_image":"https:\/\/www.organisator.ch\/wp-content\/uploads\/2016\/12\/Digitale-Transformation-Schweizer-Fuehrungskraefte-sehen-Geschaeftsmodelle-in-Gefahr-organisator.jpg","schema":{"@context":"https:\/\/schema.org","@graph":[{"@type":"Article","@id":"https:\/\/www.organisator.ch\/management\/2016-11-04\/digitale-transformation-schweizer-fuehrungskraefte-sehen-geschaeftsmodelle-in-gefahr\/#article","isPartOf":{"@id":"https:\/\/www.organisator.ch\/management\/2016-11-04\/digitale-transformation-schweizer-fuehrungskraefte-sehen-geschaeftsmodelle-in-gefahr\/"},"author":{"name":"admin","@id":"https:\/\/www.organisator.ch\/#\/schema\/person\/aa2bace6c5c5aad60102004a50c4eb1c"},"headline":"Digitale Transformation: Schweizer F\u00fchrungskr\u00e4fte sehen Gesch\u00e4ftsmodelle in Gefahr","datePublished":"2016-11-04T14:52:07+00:00","mainEntityOfPage":{"@id":"https:\/\/www.organisator.ch\/management\/2016-11-04\/digitale-transformation-schweizer-fuehrungskraefte-sehen-geschaeftsmodelle-in-gefahr\/"},"wordCount":721,"commentCount":0,"publisher":{"@id":"https:\/\/www.organisator.ch\/#organization"},"image":{"@id":"https:\/\/www.organisator.ch\/management\/2016-11-04\/digitale-transformation-schweizer-fuehrungskraefte-sehen-geschaeftsmodelle-in-gefahr\/#primaryimage"},"thumbnailUrl":"https:\/\/www.organisator.ch\/wp-content\/uploads\/2016\/12\/Digitale-Transformation-Schweizer-Fuehrungskraefte-sehen-Geschaeftsmodelle-in-Gefahr-organisator.jpg","keywords":["IT &amp; Business Software","Management und Unternehmensf\u00fchrung"],"articleSection":["MANAGEMENT"],"inLanguage":"en-US"},{"@type":"WebPage","@id":"https:\/\/www.organisator.ch\/management\/2016-11-04\/digitale-transformation-schweizer-fuehrungskraefte-sehen-geschaeftsmodelle-in-gefahr\/","url":"https:\/\/www.organisator.ch\/management\/2016-11-04\/digitale-transformation-schweizer-fuehrungskraefte-sehen-geschaeftsmodelle-in-gefahr\/","name":"Digital transformation: Swiss executives see business models in danger - Organizer","isPartOf":{"@id":"https:\/\/www.organisator.ch\/#website"},"primaryImageOfPage":{"@id":"https:\/\/www.organisator.ch\/management\/2016-11-04\/digitale-transformation-schweizer-fuehrungskraefte-sehen-geschaeftsmodelle-in-gefahr\/#primaryimage"},"image":{"@id":"https:\/\/www.organisator.ch\/management\/2016-11-04\/digitale-transformation-schweizer-fuehrungskraefte-sehen-geschaeftsmodelle-in-gefahr\/#primaryimage"},"thumbnailUrl":"https:\/\/www.organisator.ch\/wp-content\/uploads\/2016\/12\/Digitale-Transformation-Schweizer-Fuehrungskraefte-sehen-Geschaeftsmodelle-in-Gefahr-organisator.jpg","datePublished":"2016-11-04T14:52:07+00:00","description":"According to a study by Dell EMC, almost all of the Swiss business decision-makers surveyed (96 percent) were rather reserved in their assessment of their level of digital maturity.","breadcrumb":{"@id":"https:\/\/www.organisator.ch\/management\/2016-11-04\/digitale-transformation-schweizer-fuehrungskraefte-sehen-geschaeftsmodelle-in-gefahr\/#breadcrumb"},"inLanguage":"en-US","potentialAction":[{"@type":"ReadAction","target":["https:\/\/www.organisator.ch\/management\/2016-11-04\/digitale-transformation-schweizer-fuehrungskraefte-sehen-geschaeftsmodelle-in-gefahr\/"]}]},{"@type":"ImageObject","inLanguage":"en-US","@id":"https:\/\/www.organisator.ch\/management\/2016-11-04\/digitale-transformation-schweizer-fuehrungskraefte-sehen-geschaeftsmodelle-in-gefahr\/#primaryimage","url":"https:\/\/www.organisator.ch\/wp-content\/uploads\/2016\/12\/Digitale-Transformation-Schweizer-Fuehrungskraefte-sehen-Geschaeftsmodelle-in-Gefahr-organisator.jpg","contentUrl":"https:\/\/www.organisator.ch\/wp-content\/uploads\/2016\/12\/Digitale-Transformation-Schweizer-Fuehrungskraefte-sehen-Geschaeftsmodelle-in-Gefahr-organisator.jpg","width":894,"height":537,"caption":"Der digitale Wandel sch\u00fcrt Bef\u00fcrchtungen. (Grafik: Coloures-pic - Fotolia.com)"},{"@type":"BreadcrumbList","@id":"https:\/\/www.organisator.ch\/management\/2016-11-04\/digitale-transformation-schweizer-fuehrungskraefte-sehen-geschaeftsmodelle-in-gefahr\/#breadcrumb","itemListElement":[{"@type":"ListItem","position":1,"name":"Home","item":"https:\/\/www.organisator.ch\/"},{"@type":"ListItem","position":2,"name":"Digitale Transformation: Schweizer F\u00fchrungskr\u00e4fte sehen Gesch\u00e4ftsmodelle in Gefahr"}]},{"@type":"WebSite","@id":"https:\/\/www.organisator.ch\/#website","url":"https:\/\/www.organisator.ch\/","name":"Organizer","description":"Competent. Practical. In 10 issues per year, ORGANISATOR presents the essential topics for managers of SMEs.","publisher":{"@id":"https:\/\/www.organisator.ch\/#organization"},"potentialAction":[{"@type":"SearchAction","target":{"@type":"EntryPoint","urlTemplate":"https:\/\/www.organisator.ch\/?s={search_term_string}"},"query-input":{"@type":"PropertyValueSpecification","valueRequired":true,"valueName":"search_term_string"}}],"inLanguage":"en-US"},{"@type":"Organization","@id":"https:\/\/www.organisator.ch\/#organization","name":"Organizer","url":"https:\/\/www.organisator.ch\/","logo":{"@type":"ImageObject","inLanguage":"en-US","@id":"https:\/\/www.organisator.ch\/#\/schema\/logo\/image\/","url":"https:\/\/www.organisator.ch\/wp-content\/uploads\/2022\/01\/Logo_Organisator_Website.png","contentUrl":"https:\/\/www.organisator.ch\/wp-content\/uploads\/2022\/01\/Logo_Organisator_Website.png","width":800,"height":77,"caption":"Organisator"},"image":{"@id":"https:\/\/www.organisator.ch\/#\/schema\/logo\/image\/"},"sameAs":["https:\/\/www.facebook.com\/OrganisatorFachmagazin","https:\/\/www.linkedin.com\/showcase\/organisator-das-magazin-fr-kmu","https:\/\/www.xing.com\/news\/pages\/organisator-ch-695","https:\/\/www.youtube.com\/channel\/UCGP2Sq0iWaZwT3BdIAQFYpw"]},{"@type":"Person","@id":"https:\/\/www.organisator.ch\/#\/schema\/person\/aa2bace6c5c5aad60102004a50c4eb1c","name":"admin","image":{"@type":"ImageObject","inLanguage":"en-US","@id":"https:\/\/secure.gravatar.com\/avatar\/ae2f4d718e6c49043e314ce431e7e645d646302a24a5ef5a8bc8e3f5a032e319?s=96&d=mm&r=g","url":"https:\/\/secure.gravatar.com\/avatar\/ae2f4d718e6c49043e314ce431e7e645d646302a24a5ef5a8bc8e3f5a032e319?s=96&d=mm&r=g","contentUrl":"https:\/\/secure.gravatar.com\/avatar\/ae2f4d718e6c49043e314ce431e7e645d646302a24a5ef5a8bc8e3f5a032e319?s=96&d=mm&r=g","caption":"admin"},"sameAs":["https:\/\/www.organisator.ch"],"url":"https:\/\/www.organisator.ch\/en\/author\/admin\/"}]}},"_links":{"self":[{"href":"https:\/\/www.organisator.ch\/en\/wp-json\/wp\/v2\/posts\/410","targetHints":{"allow":["GET"]}}],"collection":[{"href":"https:\/\/www.organisator.ch\/en\/wp-json\/wp\/v2\/posts"}],"about":[{"href":"https:\/\/www.organisator.ch\/en\/wp-json\/wp\/v2\/types\/post"}],"author":[{"embeddable":true,"href":"https:\/\/www.organisator.ch\/en\/wp-json\/wp\/v2\/users\/1"}],"replies":[{"embeddable":true,"href":"https:\/\/www.organisator.ch\/en\/wp-json\/wp\/v2\/comments?post=410"}],"version-history":[{"count":0,"href":"https:\/\/www.organisator.ch\/en\/wp-json\/wp\/v2\/posts\/410\/revisions"}],"wp:featuredmedia":[{"embeddable":true,"href":"https:\/\/www.organisator.ch\/en\/wp-json\/wp\/v2\/media\/411"}],"wp:attachment":[{"href":"https:\/\/www.organisator.ch\/en\/wp-json\/wp\/v2\/media?parent=410"}],"wp:term":[{"taxonomy":"category","embeddable":true,"href":"https:\/\/www.organisator.ch\/en\/wp-json\/wp\/v2\/categories?post=410"},{"taxonomy":"post_tag","embeddable":true,"href":"https:\/\/www.organisator.ch\/en\/wp-json\/wp\/v2\/tags?post=410"}],"curies":[{"name":"wp","href":"https:\/\/api.w.org\/{rel}","templated":true}]}}