{"id":41256,"date":"2025-10-21T00:50:28","date_gmt":"2025-10-20T22:50:28","guid":{"rendered":"https:\/\/www.organisator.ch\/de\/?p=41256"},"modified":"2025-10-20T10:54:28","modified_gmt":"2025-10-20T08:54:28","slug":"sechs-wirkhebel-fuer-verwaltungsraete","status":"publish","type":"post","link":"https:\/\/www.organisator.ch\/en\/management\/2025-10-21\/sechs-wirkhebel-fuer-verwaltungsraete\/","title":{"rendered":"Six levers of action for boards of directors"},"content":{"rendered":"<div class=\"swpm-post-not-logged-in-msg\">You need to be logged in to view this content. Please <a class=\"swpm-login-link\" href=\"https:\/\/www.organisator.ch\/login\/\">Log In<\/a>. Not a Member? <a href=\"https:\/\/www.organisator.ch\/shop\/\">Join Us<\/a><\/div>","protected":false},"excerpt":{"rendered":"<p>For the Board of Directors, time is a precious commodity and at the same time its most effective means of organization.  But is it invested wisely? Committees that reflect on their influence and focus on key levers create substantial added value.<\/p>","protected":false},"author":1,"featured_media":41254,"comment_status":"closed","ping_status":"closed","sticky":false,"template":"","format":"standard","meta":{"_acf_changed":false,"_yoast_wpseo_focuskw":"Verwaltungsr\u00e4te","_yoast_wpseo_metadesc":"F\u00fcr den Verwaltungsrat ist Zeit ein kostbares Gut und zugleich sein wirksamstes Mittel zur Gestaltung. Der Autor zeigt sechs Wirkhebel.","articlekey":"178725","footnotes":""},"categories":[578,28],"tags":[115,320,335,513],"class_list":["post-41256","post","type-post","status-publish","format-standard","has-post-thumbnail","hentry","category-abo","category-management","tag-checklisten","tag-leadership","tag-management-und-unternehmensfuehrung","tag-verwaltungsraete"],"acf":[],"yoast_head":"<!-- This site is optimized with the Yoast SEO plugin v27.5 - https:\/\/yoast.com\/product\/yoast-seo-wordpress\/ -->\n<title>Sechs Wirkhebel f\u00fcr Verwaltungsr\u00e4te - Organisator<\/title>\n<meta name=\"description\" content=\"F\u00fcr den Verwaltungsrat ist Zeit ein kostbares Gut und zugleich sein wirksamstes Mittel zur Gestaltung. Der Autor zeigt sechs Wirkhebel.\" \/>\n<meta name=\"robots\" content=\"index, follow, max-snippet:-1, max-image-preview:large, max-video-preview:-1\" \/>\n<link rel=\"canonical\" href=\"https:\/\/www.organisator.ch\/en\/management\/2025-10-21\/sechs-wirkhebel-fuer-verwaltungsraete\/\" \/>\n<meta property=\"og:locale\" content=\"en_US\" \/>\n<meta property=\"og:type\" content=\"article\" \/>\n<meta property=\"og:title\" content=\"Sechs Wirkhebel f\u00fcr Verwaltungsr\u00e4te - Organisator\" \/>\n<meta property=\"og:description\" content=\"F\u00fcr den Verwaltungsrat ist Zeit ein kostbares Gut und zugleich sein wirksamstes Mittel zur Gestaltung. Der Autor zeigt sechs Wirkhebel.\" \/>\n<meta property=\"og:url\" content=\"https:\/\/www.organisator.ch\/en\/management\/2025-10-21\/sechs-wirkhebel-fuer-verwaltungsraete\/\" \/>\n<meta property=\"og:site_name\" content=\"Organisator\" \/>\n<meta property=\"article:publisher\" content=\"https:\/\/www.facebook.com\/OrganisatorFachmagazin\" \/>\n<meta property=\"article:published_time\" content=\"2025-10-20T22:50:28+00:00\" \/>\n<meta property=\"og:image\" content=\"https:\/\/www.organisator.ch\/wp-content\/uploads\/2025\/10\/Management_Wuethrich_Bild_organisator_179413-scaled.jpg\" \/>\n\t<meta property=\"og:image:width\" content=\"1400\" \/>\n\t<meta property=\"og:image:height\" content=\"963\" \/>\n\t<meta property=\"og:image:type\" content=\"image\/jpeg\" \/>\n<meta name=\"author\" content=\"admin\" \/>\n<meta name=\"twitter:card\" content=\"summary_large_image\" \/>\n<script type=\"application\/ld+json\" class=\"yoast-schema-graph\">{\"@context\":\"https:\\\/\\\/schema.org\",\"@graph\":[{\"@type\":\"Article\",\"@id\":\"https:\\\/\\\/www.organisator.ch\\\/management\\\/2025-10-21\\\/sechs-wirkhebel-fuer-verwaltungsraete\\\/#article\",\"isPartOf\":{\"@id\":\"https:\\\/\\\/www.organisator.ch\\\/management\\\/2025-10-21\\\/sechs-wirkhebel-fuer-verwaltungsraete\\\/\"},\"author\":{\"name\":\"admin\",\"@id\":\"https:\\\/\\\/www.organisator.ch\\\/#\\\/schema\\\/person\\\/aa2bace6c5c5aad60102004a50c4eb1c\"},\"headline\":\"Sechs Wirkhebel f\u00fcr Verwaltungsr\u00e4te\",\"datePublished\":\"2025-10-20T22:50:28+00:00\",\"mainEntityOfPage\":{\"@id\":\"https:\\\/\\\/www.organisator.ch\\\/management\\\/2025-10-21\\\/sechs-wirkhebel-fuer-verwaltungsraete\\\/\"},\"wordCount\":1674,\"publisher\":{\"@id\":\"https:\\\/\\\/www.organisator.ch\\\/#organization\"},\"image\":{\"@id\":\"https:\\\/\\\/www.organisator.ch\\\/management\\\/2025-10-21\\\/sechs-wirkhebel-fuer-verwaltungsraete\\\/#primaryimage\"},\"thumbnailUrl\":\"https:\\\/\\\/www.organisator.ch\\\/wp-content\\\/uploads\\\/2025\\\/10\\\/Management_Wuethrich_Bild_organisator_179413-scaled.jpg\",\"keywords\":[\"Checklisten\",\"Leadership\",\"Management und Unternehmensf\u00fchrung\",\"Verwaltungsr\u00e4te\"],\"articleSection\":[\"ABO+\",\"MANAGEMENT\"],\"inLanguage\":\"en-US\"},{\"@type\":\"WebPage\",\"@id\":\"https:\\\/\\\/www.organisator.ch\\\/management\\\/2025-10-21\\\/sechs-wirkhebel-fuer-verwaltungsraete\\\/\",\"url\":\"https:\\\/\\\/www.organisator.ch\\\/management\\\/2025-10-21\\\/sechs-wirkhebel-fuer-verwaltungsraete\\\/\",\"name\":\"Sechs Wirkhebel f\u00fcr Verwaltungsr\u00e4te - Organisator\",\"isPartOf\":{\"@id\":\"https:\\\/\\\/www.organisator.ch\\\/#website\"},\"primaryImageOfPage\":{\"@id\":\"https:\\\/\\\/www.organisator.ch\\\/management\\\/2025-10-21\\\/sechs-wirkhebel-fuer-verwaltungsraete\\\/#primaryimage\"},\"image\":{\"@id\":\"https:\\\/\\\/www.organisator.ch\\\/management\\\/2025-10-21\\\/sechs-wirkhebel-fuer-verwaltungsraete\\\/#primaryimage\"},\"thumbnailUrl\":\"https:\\\/\\\/www.organisator.ch\\\/wp-content\\\/uploads\\\/2025\\\/10\\\/Management_Wuethrich_Bild_organisator_179413-scaled.jpg\",\"datePublished\":\"2025-10-20T22:50:28+00:00\",\"description\":\"F\u00fcr den Verwaltungsrat ist Zeit ein kostbares Gut und zugleich sein wirksamstes Mittel zur Gestaltung. Der Autor zeigt sechs Wirkhebel.\",\"breadcrumb\":{\"@id\":\"https:\\\/\\\/www.organisator.ch\\\/management\\\/2025-10-21\\\/sechs-wirkhebel-fuer-verwaltungsraete\\\/#breadcrumb\"},\"inLanguage\":\"en-US\",\"potentialAction\":[{\"@type\":\"ReadAction\",\"target\":[\"https:\\\/\\\/www.organisator.ch\\\/management\\\/2025-10-21\\\/sechs-wirkhebel-fuer-verwaltungsraete\\\/\"]}]},{\"@type\":\"ImageObject\",\"inLanguage\":\"en-US\",\"@id\":\"https:\\\/\\\/www.organisator.ch\\\/management\\\/2025-10-21\\\/sechs-wirkhebel-fuer-verwaltungsraete\\\/#primaryimage\",\"url\":\"https:\\\/\\\/www.organisator.ch\\\/wp-content\\\/uploads\\\/2025\\\/10\\\/Management_Wuethrich_Bild_organisator_179413-scaled.jpg\",\"contentUrl\":\"https:\\\/\\\/www.organisator.ch\\\/wp-content\\\/uploads\\\/2025\\\/10\\\/Management_Wuethrich_Bild_organisator_179413-scaled.jpg\",\"width\":1400,\"height\":963,\"caption\":\"Moderne Verwaltungsratsgremien setzen auf Vielfalt statt auf allwissende \u00abSilberr\u00fccken\u00bb. \u00a9 Depositphotos.com\"},{\"@type\":\"BreadcrumbList\",\"@id\":\"https:\\\/\\\/www.organisator.ch\\\/management\\\/2025-10-21\\\/sechs-wirkhebel-fuer-verwaltungsraete\\\/#breadcrumb\",\"itemListElement\":[{\"@type\":\"ListItem\",\"position\":1,\"name\":\"Home\",\"item\":\"https:\\\/\\\/www.organisator.ch\\\/\"},{\"@type\":\"ListItem\",\"position\":2,\"name\":\"Sechs Wirkhebel f\u00fcr Verwaltungsr\u00e4te\"}]},{\"@type\":\"WebSite\",\"@id\":\"https:\\\/\\\/www.organisator.ch\\\/#website\",\"url\":\"https:\\\/\\\/www.organisator.ch\\\/\",\"name\":\"Organisator\",\"description\":\"Kompetent. Praxisnah. Der ORGANISATOR bereitet in 10 Ausgaben pro Jahr die wesentlichen Themen f\u00fcr F\u00fchrungskr\u00e4fte von KMU auf.\",\"publisher\":{\"@id\":\"https:\\\/\\\/www.organisator.ch\\\/#organization\"},\"potentialAction\":[{\"@type\":\"SearchAction\",\"target\":{\"@type\":\"EntryPoint\",\"urlTemplate\":\"https:\\\/\\\/www.organisator.ch\\\/?s={search_term_string}\"},\"query-input\":{\"@type\":\"PropertyValueSpecification\",\"valueRequired\":true,\"valueName\":\"search_term_string\"}}],\"inLanguage\":\"en-US\"},{\"@type\":\"Organization\",\"@id\":\"https:\\\/\\\/www.organisator.ch\\\/#organization\",\"name\":\"Organisator\",\"url\":\"https:\\\/\\\/www.organisator.ch\\\/\",\"logo\":{\"@type\":\"ImageObject\",\"inLanguage\":\"en-US\",\"@id\":\"https:\\\/\\\/www.organisator.ch\\\/#\\\/schema\\\/logo\\\/image\\\/\",\"url\":\"https:\\\/\\\/www.organisator.ch\\\/wp-content\\\/uploads\\\/2022\\\/01\\\/Logo_Organisator_Website.png\",\"contentUrl\":\"https:\\\/\\\/www.organisator.ch\\\/wp-content\\\/uploads\\\/2022\\\/01\\\/Logo_Organisator_Website.png\",\"width\":800,\"height\":77,\"caption\":\"Organisator\"},\"image\":{\"@id\":\"https:\\\/\\\/www.organisator.ch\\\/#\\\/schema\\\/logo\\\/image\\\/\"},\"sameAs\":[\"https:\\\/\\\/www.facebook.com\\\/OrganisatorFachmagazin\",\"https:\\\/\\\/www.linkedin.com\\\/showcase\\\/organisator-das-magazin-fr-kmu\",\"https:\\\/\\\/www.xing.com\\\/news\\\/pages\\\/organisator-ch-695\",\"https:\\\/\\\/www.youtube.com\\\/channel\\\/UCGP2Sq0iWaZwT3BdIAQFYpw\"]},{\"@type\":\"Person\",\"@id\":\"https:\\\/\\\/www.organisator.ch\\\/#\\\/schema\\\/person\\\/aa2bace6c5c5aad60102004a50c4eb1c\",\"name\":\"admin\",\"image\":{\"@type\":\"ImageObject\",\"inLanguage\":\"en-US\",\"@id\":\"https:\\\/\\\/secure.gravatar.com\\\/avatar\\\/ae2f4d718e6c49043e314ce431e7e645d646302a24a5ef5a8bc8e3f5a032e319?s=96&d=mm&r=g\",\"url\":\"https:\\\/\\\/secure.gravatar.com\\\/avatar\\\/ae2f4d718e6c49043e314ce431e7e645d646302a24a5ef5a8bc8e3f5a032e319?s=96&d=mm&r=g\",\"contentUrl\":\"https:\\\/\\\/secure.gravatar.com\\\/avatar\\\/ae2f4d718e6c49043e314ce431e7e645d646302a24a5ef5a8bc8e3f5a032e319?s=96&d=mm&r=g\",\"caption\":\"admin\"},\"sameAs\":[\"https:\\\/\\\/www.organisator.ch\"],\"url\":\"https:\\\/\\\/www.organisator.ch\\\/en\\\/author\\\/admin\\\/\"}]}<\/script>\n<!-- \/ Yoast SEO plugin. -->","yoast_head_json":{"title":"Six levers of action for board members - Organizer","description":"For the Board of Directors, time is a precious commodity and at the same time its most effective means of organization. The author shows six levers.","robots":{"index":"index","follow":"follow","max-snippet":"max-snippet:-1","max-image-preview":"max-image-preview:large","max-video-preview":"max-video-preview:-1"},"canonical":"https:\/\/www.organisator.ch\/en\/management\/2025-10-21\/sechs-wirkhebel-fuer-verwaltungsraete\/","og_locale":"en_US","og_type":"article","og_title":"Sechs Wirkhebel f\u00fcr Verwaltungsr\u00e4te - Organisator","og_description":"F\u00fcr den Verwaltungsrat ist Zeit ein kostbares Gut und zugleich sein wirksamstes Mittel zur Gestaltung. Der Autor zeigt sechs Wirkhebel.","og_url":"https:\/\/www.organisator.ch\/en\/management\/2025-10-21\/sechs-wirkhebel-fuer-verwaltungsraete\/","og_site_name":"Organisator","article_publisher":"https:\/\/www.facebook.com\/OrganisatorFachmagazin","article_published_time":"2025-10-20T22:50:28+00:00","og_image":[{"width":1400,"height":963,"url":"https:\/\/www.organisator.ch\/wp-content\/uploads\/2025\/10\/Management_Wuethrich_Bild_organisator_179413-scaled.jpg","type":"image\/jpeg"}],"author":"admin","twitter_card":"summary_large_image","schema":{"@context":"https:\/\/schema.org","@graph":[{"@type":"Article","@id":"https:\/\/www.organisator.ch\/management\/2025-10-21\/sechs-wirkhebel-fuer-verwaltungsraete\/#article","isPartOf":{"@id":"https:\/\/www.organisator.ch\/management\/2025-10-21\/sechs-wirkhebel-fuer-verwaltungsraete\/"},"author":{"name":"admin","@id":"https:\/\/www.organisator.ch\/#\/schema\/person\/aa2bace6c5c5aad60102004a50c4eb1c"},"headline":"Sechs Wirkhebel f\u00fcr Verwaltungsr\u00e4te","datePublished":"2025-10-20T22:50:28+00:00","mainEntityOfPage":{"@id":"https:\/\/www.organisator.ch\/management\/2025-10-21\/sechs-wirkhebel-fuer-verwaltungsraete\/"},"wordCount":1674,"publisher":{"@id":"https:\/\/www.organisator.ch\/#organization"},"image":{"@id":"https:\/\/www.organisator.ch\/management\/2025-10-21\/sechs-wirkhebel-fuer-verwaltungsraete\/#primaryimage"},"thumbnailUrl":"https:\/\/www.organisator.ch\/wp-content\/uploads\/2025\/10\/Management_Wuethrich_Bild_organisator_179413-scaled.jpg","keywords":["Checklisten","Leadership","Management und Unternehmensf\u00fchrung","Verwaltungsr\u00e4te"],"articleSection":["ABO+","MANAGEMENT"],"inLanguage":"en-US"},{"@type":"WebPage","@id":"https:\/\/www.organisator.ch\/management\/2025-10-21\/sechs-wirkhebel-fuer-verwaltungsraete\/","url":"https:\/\/www.organisator.ch\/management\/2025-10-21\/sechs-wirkhebel-fuer-verwaltungsraete\/","name":"Six levers of action for board members - Organizer","isPartOf":{"@id":"https:\/\/www.organisator.ch\/#website"},"primaryImageOfPage":{"@id":"https:\/\/www.organisator.ch\/management\/2025-10-21\/sechs-wirkhebel-fuer-verwaltungsraete\/#primaryimage"},"image":{"@id":"https:\/\/www.organisator.ch\/management\/2025-10-21\/sechs-wirkhebel-fuer-verwaltungsraete\/#primaryimage"},"thumbnailUrl":"https:\/\/www.organisator.ch\/wp-content\/uploads\/2025\/10\/Management_Wuethrich_Bild_organisator_179413-scaled.jpg","datePublished":"2025-10-20T22:50:28+00:00","description":"For the Board of Directors, time is a precious commodity and at the same time its most effective means of organization. The author shows six levers.","breadcrumb":{"@id":"https:\/\/www.organisator.ch\/management\/2025-10-21\/sechs-wirkhebel-fuer-verwaltungsraete\/#breadcrumb"},"inLanguage":"en-US","potentialAction":[{"@type":"ReadAction","target":["https:\/\/www.organisator.ch\/management\/2025-10-21\/sechs-wirkhebel-fuer-verwaltungsraete\/"]}]},{"@type":"ImageObject","inLanguage":"en-US","@id":"https:\/\/www.organisator.ch\/management\/2025-10-21\/sechs-wirkhebel-fuer-verwaltungsraete\/#primaryimage","url":"https:\/\/www.organisator.ch\/wp-content\/uploads\/2025\/10\/Management_Wuethrich_Bild_organisator_179413-scaled.jpg","contentUrl":"https:\/\/www.organisator.ch\/wp-content\/uploads\/2025\/10\/Management_Wuethrich_Bild_organisator_179413-scaled.jpg","width":1400,"height":963,"caption":"Moderne Verwaltungsratsgremien setzen auf Vielfalt statt auf allwissende \u00abSilberr\u00fccken\u00bb. \u00a9 Depositphotos.com"},{"@type":"BreadcrumbList","@id":"https:\/\/www.organisator.ch\/management\/2025-10-21\/sechs-wirkhebel-fuer-verwaltungsraete\/#breadcrumb","itemListElement":[{"@type":"ListItem","position":1,"name":"Home","item":"https:\/\/www.organisator.ch\/"},{"@type":"ListItem","position":2,"name":"Sechs Wirkhebel f\u00fcr Verwaltungsr\u00e4te"}]},{"@type":"WebSite","@id":"https:\/\/www.organisator.ch\/#website","url":"https:\/\/www.organisator.ch\/","name":"Organizer","description":"Competent. Practical. In 10 issues per year, ORGANISATOR presents the essential topics for managers of SMEs.","publisher":{"@id":"https:\/\/www.organisator.ch\/#organization"},"potentialAction":[{"@type":"SearchAction","target":{"@type":"EntryPoint","urlTemplate":"https:\/\/www.organisator.ch\/?s={search_term_string}"},"query-input":{"@type":"PropertyValueSpecification","valueRequired":true,"valueName":"search_term_string"}}],"inLanguage":"en-US"},{"@type":"Organization","@id":"https:\/\/www.organisator.ch\/#organization","name":"Organizer","url":"https:\/\/www.organisator.ch\/","logo":{"@type":"ImageObject","inLanguage":"en-US","@id":"https:\/\/www.organisator.ch\/#\/schema\/logo\/image\/","url":"https:\/\/www.organisator.ch\/wp-content\/uploads\/2022\/01\/Logo_Organisator_Website.png","contentUrl":"https:\/\/www.organisator.ch\/wp-content\/uploads\/2022\/01\/Logo_Organisator_Website.png","width":800,"height":77,"caption":"Organisator"},"image":{"@id":"https:\/\/www.organisator.ch\/#\/schema\/logo\/image\/"},"sameAs":["https:\/\/www.facebook.com\/OrganisatorFachmagazin","https:\/\/www.linkedin.com\/showcase\/organisator-das-magazin-fr-kmu","https:\/\/www.xing.com\/news\/pages\/organisator-ch-695","https:\/\/www.youtube.com\/channel\/UCGP2Sq0iWaZwT3BdIAQFYpw"]},{"@type":"Person","@id":"https:\/\/www.organisator.ch\/#\/schema\/person\/aa2bace6c5c5aad60102004a50c4eb1c","name":"admin","image":{"@type":"ImageObject","inLanguage":"en-US","@id":"https:\/\/secure.gravatar.com\/avatar\/ae2f4d718e6c49043e314ce431e7e645d646302a24a5ef5a8bc8e3f5a032e319?s=96&d=mm&r=g","url":"https:\/\/secure.gravatar.com\/avatar\/ae2f4d718e6c49043e314ce431e7e645d646302a24a5ef5a8bc8e3f5a032e319?s=96&d=mm&r=g","contentUrl":"https:\/\/secure.gravatar.com\/avatar\/ae2f4d718e6c49043e314ce431e7e645d646302a24a5ef5a8bc8e3f5a032e319?s=96&d=mm&r=g","caption":"admin"},"sameAs":["https:\/\/www.organisator.ch"],"url":"https:\/\/www.organisator.ch\/en\/author\/admin\/"}]}},"_links":{"self":[{"href":"https:\/\/www.organisator.ch\/en\/wp-json\/wp\/v2\/posts\/41256","targetHints":{"allow":["GET"]}}],"collection":[{"href":"https:\/\/www.organisator.ch\/en\/wp-json\/wp\/v2\/posts"}],"about":[{"href":"https:\/\/www.organisator.ch\/en\/wp-json\/wp\/v2\/types\/post"}],"author":[{"embeddable":true,"href":"https:\/\/www.organisator.ch\/en\/wp-json\/wp\/v2\/users\/1"}],"replies":[{"embeddable":true,"href":"https:\/\/www.organisator.ch\/en\/wp-json\/wp\/v2\/comments?post=41256"}],"version-history":[{"count":2,"href":"https:\/\/www.organisator.ch\/en\/wp-json\/wp\/v2\/posts\/41256\/revisions"}],"predecessor-version":[{"id":41270,"href":"https:\/\/www.organisator.ch\/en\/wp-json\/wp\/v2\/posts\/41256\/revisions\/41270"}],"wp:featuredmedia":[{"embeddable":true,"href":"https:\/\/www.organisator.ch\/en\/wp-json\/wp\/v2\/media\/41254"}],"wp:attachment":[{"href":"https:\/\/www.organisator.ch\/en\/wp-json\/wp\/v2\/media?parent=41256"}],"wp:term":[{"taxonomy":"category","embeddable":true,"href":"https:\/\/www.organisator.ch\/en\/wp-json\/wp\/v2\/categories?post=41256"},{"taxonomy":"post_tag","embeddable":true,"href":"https:\/\/www.organisator.ch\/en\/wp-json\/wp\/v2\/tags?post=41256"}],"curies":[{"name":"wp","href":"https:\/\/api.w.org\/{rel}","templated":true}]}}