{"id":4140,"date":"2018-08-30T07:55:38","date_gmt":"2018-08-30T05:55:38","guid":{"rendered":"https:\/\/www.organisator.ch\/?p=4140"},"modified":"2018-08-30T07:55:38","modified_gmt":"2018-08-30T05:55:38","slug":"nachfrage-nach-spezialisten-zieht-weiter-an","status":"publish","type":"post","link":"https:\/\/www.organisator.ch\/en\/human-resources\/hrm\/2018-08-30\/nachfrage-nach-spezialisten-zieht-weiter-an\/","title":{"rendered":"Demand for specialists continues to rise"},"content":{"rendered":"<figure id=\"attachment_4141\" aria-describedby=\"caption-attachment-4141\" style=\"width: 680px\" class=\"wp-caption alignnone\"><img loading=\"lazy\" decoding=\"async\" class=\"size-medium wp-image-4141\" src=\"https:\/\/www.organisator.ch\/wp-content\/uploads\/2018\/08\/Nachfrage-nach-Spezialisten-zieht-weiter-an_Organisator.jpg\" alt=\"\" width=\"680\" height=\"187\" srcset=\"https:\/\/www.organisator.ch\/wp-content\/uploads\/2018\/08\/Nachfrage-nach-Spezialisten-zieht-weiter-an_Organisator.jpg 800w, https:\/\/www.organisator.ch\/wp-content\/uploads\/2018\/08\/Nachfrage-nach-Spezialisten-zieht-weiter-an_Organisator-680x187.jpg 680w, https:\/\/www.organisator.ch\/wp-content\/uploads\/2018\/08\/Nachfrage-nach-Spezialisten-zieht-weiter-an_Organisator-768x211.jpg 768w, https:\/\/www.organisator.ch\/wp-content\/uploads\/2018\/08\/Nachfrage-nach-Spezialisten-zieht-weiter-an_Organisator-16x4.jpg 16w, https:\/\/www.organisator.ch\/wp-content\/uploads\/2018\/08\/Nachfrage-nach-Spezialisten-zieht-weiter-an_Organisator-375x103.jpg 375w, https:\/\/www.organisator.ch\/wp-content\/uploads\/2018\/08\/Nachfrage-nach-Spezialisten-zieht-weiter-an_Organisator-760x209.jpg 760w, https:\/\/www.organisator.ch\/wp-content\/uploads\/2018\/08\/Nachfrage-nach-Spezialisten-zieht-weiter-an_Organisator-300x83.jpg 300w\" sizes=\"auto, (max-width: 680px) 100vw, 680px\" \/><figcaption id=\"caption-attachment-4141\" class=\"wp-caption-text\">Demand for specialists, for example, has increased in recent quarters. (Graphic: Hays)<\/figcaption><\/figure>\n<p>The Hays Fachkr\u00e4fte Index (FKI) is based on a quarterly evaluation by index Internet und Mediaforschung GmbH for Hays. It includes job advertisements from the busiest online job exchanges, daily newspapers, and the XING business network. The index has been established in Switzerland since 2011 and was relaunched this year. In addition to the individual sector evaluations, it now offers an overarching index for overall demand twice a year. The reference value is the first quarter of 2015. On average, demand in Switzerland has since doubled in the areas covered. This strong growth is unique internationally. In the current year, for example, the index in Germany fell from 154 in Q1 to 149 in Q2, while in Switzerland it rose from 181 to 197.<\/p>\n<h2>Implementation of the mass immigration initiative shows effects<\/h2>\n<p>One reason for the increased shortage of skilled workers could be that vacancies in this country are no longer so easy to fill following the adoption of the mass immigration initiative. Although the popular initiative was only implemented in a weakened form, the psychological barrier to moving to Switzerland from abroad rose. At the same time, earning and promotion opportunities in Switzerland's neighboring countries have become much better, and the Swiss franc has lost value against the euro. A move to Switzerland is therefore less worthwhile today from a financial perspective than it was a few years ago.<\/p>\n<h2>Shortage of skilled workers in almost all industries<\/h2>\n<p>The often cited shortage of skilled workers can be quantified and visualized in the FKI. In the engineering sector, the index rose from 186 points previously to 192 points in Q2. In absolute figures, this means that 4429 engineers were sought in Switzerland in the second quarter of 2018. This includes 931 development engineers (e.g. for drive technology, automation, electrical engineering, hardware, mechanical engineering and mechatronics) and 939 electrical engineers. The effects of digitalization are reflected here.<\/p>\n<p><span style=\"color: #000000; font-family: Arial; font-size: small;\">\u00a0<\/span>In the FKI, the term finance refers to academic employees in corporate and bank accounting, but not to the banking sector as such. Demand has also risen in this skill segment, almost doubling over the three-year period. Digitalization has apparently not yet made itself felt in this segment in the form of major job cuts.<\/p>\n<h2>Specialists for IT and life science particularly in demand<\/h2>\n<p>IT specialization is the most sought-after professional group. In Q2 2018, 18,715 open graduate positions were registered. Here, the demand for database developers and security specialists has increased the most in the last three years (factor 2.7), reflecting the importance of the currently particularly topical issues of big data and security.<\/p>\n<p>There has also been a doubling of demand in the life science sector over the last three years. This index is the smallest in absolute terms. The qualifications of chemists and life scientists are also newly reported, with the latter seeing a 323 percent growth in demand since 2015.<\/p>\n<p>Hays recorded the demand for qualified employees in Sales &amp; Marketing for Switzerland for the first time. Analogous to the development of the overall index, the demand for specialists has almost doubled here as well. Due to digitalization and new sales channels, the number of online marketing managers sought has even almost tripled since 2015.<\/p>\n<p><em>More information: <a href=\"http:\/\/www.hays.ch\/\">www.hays.ch<\/a><\/em><\/p>\n<p>&nbsp;<\/p>","protected":false},"excerpt":{"rendered":"<p>Der Hays-Fachkr\u00e4fte-Index (FKI) basiert auf einer quartalsweisen Auswertung der index Internet und Mediaforschung GmbH f\u00fcr Hays. Einbezogen werden Stellenanzeigen der meistfrequentierten Online-Jobb\u00f6rsen, von Tageszeitungen sowie dem Business-Netzwerk XING. In der Schweiz\u00a0ist der Index seit\u00a02011 etabliert\u00a0und wurde dieses Jahr neu aufgestellt. Er bietet nun zus\u00e4tzlich zu den einzelnen Branchenauswertungen zweimal j\u00e4hrlich einen \u00fcbergreifenden Index f\u00fcr die [&hellip;]<\/p>\n","protected":false},"author":4,"featured_media":4141,"comment_status":"open","ping_status":"open","sticky":false,"template":"","format":"standard","meta":{"_acf_changed":false,"_yoast_wpseo_focuskw":"Spezialisten","_yoast_wpseo_metadesc":"Die Nachfrage nach Spezialisten hat weiter zugenommen. Dies besagt der j\u00fcngste Fachkr\u00e4fte-Index des Personaldienstleisters Hays.","articlekey":"","footnotes":""},"categories":[26],"tags":[194,254,411,459],"class_list":["post-4140","post","type-post","status-publish","format-standard","has-post-thumbnail","hentry","category-hrm","tag-fachkraeftemangel","tag-hrm","tag-rekrutierung","tag-studie"],"acf":[],"yoast_head":"<!-- This site is optimized with the Yoast SEO plugin v27.5 - https:\/\/yoast.com\/product\/yoast-seo-wordpress\/ -->\n<title>Nachfrage nach Spezialisten zieht weiter an - Organisator<\/title>\n<meta name=\"description\" content=\"Die Nachfrage nach Spezialisten hat weiter zugenommen. Dies besagt der j\u00fcngste Fachkr\u00e4fte-Index des Personaldienstleisters Hays.\" \/>\n<meta name=\"robots\" content=\"index, follow, max-snippet:-1, max-image-preview:large, max-video-preview:-1\" \/>\n<link rel=\"canonical\" href=\"https:\/\/www.organisator.ch\/en\/human-resources\/hrm\/2018-08-30\/nachfrage-nach-spezialisten-zieht-weiter-an\/\" \/>\n<meta property=\"og:locale\" content=\"en_US\" \/>\n<meta property=\"og:type\" content=\"article\" \/>\n<meta property=\"og:title\" content=\"Nachfrage nach Spezialisten zieht weiter an\" \/>\n<meta property=\"og:description\" content=\"Die Nachfrage nach Spezialisten hat weiter zugenommen. Dies besagt der j\u00fcngste Fachkr\u00e4fte-Index des Personaldienstleisters Hays.\" \/>\n<meta property=\"og:url\" content=\"https:\/\/www.organisator.ch\/en\/human-resources\/hrm\/2018-08-30\/nachfrage-nach-spezialisten-zieht-weiter-an\/\" \/>\n<meta property=\"og:site_name\" content=\"Organisator\" \/>\n<meta property=\"article:publisher\" content=\"https:\/\/www.facebook.com\/OrganisatorFachmagazin\" \/>\n<meta property=\"article:published_time\" content=\"2018-08-30T05:55:38+00:00\" \/>\n<meta property=\"og:image\" content=\"https:\/\/www.organisator.ch\/wp-content\/uploads\/2018\/08\/Nachfrage-nach-Spezialisten-zieht-weiter-an_Organisator.jpg\" \/>\n\t<meta property=\"og:image:width\" content=\"800\" \/>\n\t<meta property=\"og:image:height\" content=\"220\" \/>\n\t<meta property=\"og:image:type\" content=\"image\/jpeg\" \/>\n<meta name=\"author\" content=\"thomas.berner\" \/>\n<meta name=\"twitter:card\" content=\"summary_large_image\" \/>\n<meta name=\"twitter:title\" content=\"Nachfrage nach #Spezialisten zieht weiter an\" \/>\n<meta name=\"twitter:description\" content=\"Die Nachfrage nach #Spezialisten hat weiter zugenommen. Dies besagt der j\u00fcngste #Fachkr\u00e4fte-Index des Personaldienstleisters Hays.\" \/>\n<meta name=\"twitter:image\" content=\"https:\/\/www.organisator.ch\/wp-content\/uploads\/2018\/08\/Nachfrage-nach-Spezialisten-zieht-weiter-an_Organisator.jpg\" \/>\n<script type=\"application\/ld+json\" class=\"yoast-schema-graph\">{\"@context\":\"https:\\\/\\\/schema.org\",\"@graph\":[{\"@type\":\"Article\",\"@id\":\"https:\\\/\\\/www.organisator.ch\\\/human-resources\\\/hrm\\\/2018-08-30\\\/nachfrage-nach-spezialisten-zieht-weiter-an\\\/#article\",\"isPartOf\":{\"@id\":\"https:\\\/\\\/www.organisator.ch\\\/human-resources\\\/hrm\\\/2018-08-30\\\/nachfrage-nach-spezialisten-zieht-weiter-an\\\/\"},\"author\":{\"name\":\"thomas.berner\",\"@id\":\"https:\\\/\\\/www.organisator.ch\\\/#\\\/schema\\\/person\\\/6f650f90b2842cd4c0cc334b4e36f67e\"},\"headline\":\"Nachfrage nach Spezialisten zieht weiter an\",\"datePublished\":\"2018-08-30T05:55:38+00:00\",\"mainEntityOfPage\":{\"@id\":\"https:\\\/\\\/www.organisator.ch\\\/human-resources\\\/hrm\\\/2018-08-30\\\/nachfrage-nach-spezialisten-zieht-weiter-an\\\/\"},\"wordCount\":530,\"commentCount\":0,\"publisher\":{\"@id\":\"https:\\\/\\\/www.organisator.ch\\\/#organization\"},\"image\":{\"@id\":\"https:\\\/\\\/www.organisator.ch\\\/human-resources\\\/hrm\\\/2018-08-30\\\/nachfrage-nach-spezialisten-zieht-weiter-an\\\/#primaryimage\"},\"thumbnailUrl\":\"https:\\\/\\\/www.organisator.ch\\\/wp-content\\\/uploads\\\/2018\\\/08\\\/Nachfrage-nach-Spezialisten-zieht-weiter-an_Organisator.jpg\",\"keywords\":[\"Fachkr\u00e4ftemangel\",\"HRM\",\"Rekrutierung\",\"Studie\"],\"articleSection\":[\"HRM\"],\"inLanguage\":\"en-US\"},{\"@type\":\"WebPage\",\"@id\":\"https:\\\/\\\/www.organisator.ch\\\/human-resources\\\/hrm\\\/2018-08-30\\\/nachfrage-nach-spezialisten-zieht-weiter-an\\\/\",\"url\":\"https:\\\/\\\/www.organisator.ch\\\/human-resources\\\/hrm\\\/2018-08-30\\\/nachfrage-nach-spezialisten-zieht-weiter-an\\\/\",\"name\":\"Nachfrage nach Spezialisten zieht weiter an - Organisator\",\"isPartOf\":{\"@id\":\"https:\\\/\\\/www.organisator.ch\\\/#website\"},\"primaryImageOfPage\":{\"@id\":\"https:\\\/\\\/www.organisator.ch\\\/human-resources\\\/hrm\\\/2018-08-30\\\/nachfrage-nach-spezialisten-zieht-weiter-an\\\/#primaryimage\"},\"image\":{\"@id\":\"https:\\\/\\\/www.organisator.ch\\\/human-resources\\\/hrm\\\/2018-08-30\\\/nachfrage-nach-spezialisten-zieht-weiter-an\\\/#primaryimage\"},\"thumbnailUrl\":\"https:\\\/\\\/www.organisator.ch\\\/wp-content\\\/uploads\\\/2018\\\/08\\\/Nachfrage-nach-Spezialisten-zieht-weiter-an_Organisator.jpg\",\"datePublished\":\"2018-08-30T05:55:38+00:00\",\"description\":\"Die Nachfrage nach Spezialisten hat weiter zugenommen. Dies besagt der j\u00fcngste Fachkr\u00e4fte-Index des Personaldienstleisters Hays.\",\"breadcrumb\":{\"@id\":\"https:\\\/\\\/www.organisator.ch\\\/human-resources\\\/hrm\\\/2018-08-30\\\/nachfrage-nach-spezialisten-zieht-weiter-an\\\/#breadcrumb\"},\"inLanguage\":\"en-US\",\"potentialAction\":[{\"@type\":\"ReadAction\",\"target\":[\"https:\\\/\\\/www.organisator.ch\\\/human-resources\\\/hrm\\\/2018-08-30\\\/nachfrage-nach-spezialisten-zieht-weiter-an\\\/\"]}]},{\"@type\":\"ImageObject\",\"inLanguage\":\"en-US\",\"@id\":\"https:\\\/\\\/www.organisator.ch\\\/human-resources\\\/hrm\\\/2018-08-30\\\/nachfrage-nach-spezialisten-zieht-weiter-an\\\/#primaryimage\",\"url\":\"https:\\\/\\\/www.organisator.ch\\\/wp-content\\\/uploads\\\/2018\\\/08\\\/Nachfrage-nach-Spezialisten-zieht-weiter-an_Organisator.jpg\",\"contentUrl\":\"https:\\\/\\\/www.organisator.ch\\\/wp-content\\\/uploads\\\/2018\\\/08\\\/Nachfrage-nach-Spezialisten-zieht-weiter-an_Organisator.jpg\",\"width\":800,\"height\":220,\"caption\":\"So hat die Nachfrage nach Spezialisten in den letzten Quartalen zugenommen. (Grafik: Hays)\"},{\"@type\":\"BreadcrumbList\",\"@id\":\"https:\\\/\\\/www.organisator.ch\\\/human-resources\\\/hrm\\\/2018-08-30\\\/nachfrage-nach-spezialisten-zieht-weiter-an\\\/#breadcrumb\",\"itemListElement\":[{\"@type\":\"ListItem\",\"position\":1,\"name\":\"Home\",\"item\":\"https:\\\/\\\/www.organisator.ch\\\/\"},{\"@type\":\"ListItem\",\"position\":2,\"name\":\"Nachfrage nach Spezialisten zieht weiter an\"}]},{\"@type\":\"WebSite\",\"@id\":\"https:\\\/\\\/www.organisator.ch\\\/#website\",\"url\":\"https:\\\/\\\/www.organisator.ch\\\/\",\"name\":\"Organisator\",\"description\":\"Kompetent. Praxisnah. Der ORGANISATOR bereitet in 10 Ausgaben pro Jahr die wesentlichen Themen f\u00fcr F\u00fchrungskr\u00e4fte von KMU auf.\",\"publisher\":{\"@id\":\"https:\\\/\\\/www.organisator.ch\\\/#organization\"},\"potentialAction\":[{\"@type\":\"SearchAction\",\"target\":{\"@type\":\"EntryPoint\",\"urlTemplate\":\"https:\\\/\\\/www.organisator.ch\\\/?s={search_term_string}\"},\"query-input\":{\"@type\":\"PropertyValueSpecification\",\"valueRequired\":true,\"valueName\":\"search_term_string\"}}],\"inLanguage\":\"en-US\"},{\"@type\":\"Organization\",\"@id\":\"https:\\\/\\\/www.organisator.ch\\\/#organization\",\"name\":\"Organisator\",\"url\":\"https:\\\/\\\/www.organisator.ch\\\/\",\"logo\":{\"@type\":\"ImageObject\",\"inLanguage\":\"en-US\",\"@id\":\"https:\\\/\\\/www.organisator.ch\\\/#\\\/schema\\\/logo\\\/image\\\/\",\"url\":\"https:\\\/\\\/www.organisator.ch\\\/wp-content\\\/uploads\\\/2022\\\/01\\\/Logo_Organisator_Website.png\",\"contentUrl\":\"https:\\\/\\\/www.organisator.ch\\\/wp-content\\\/uploads\\\/2022\\\/01\\\/Logo_Organisator_Website.png\",\"width\":800,\"height\":77,\"caption\":\"Organisator\"},\"image\":{\"@id\":\"https:\\\/\\\/www.organisator.ch\\\/#\\\/schema\\\/logo\\\/image\\\/\"},\"sameAs\":[\"https:\\\/\\\/www.facebook.com\\\/OrganisatorFachmagazin\",\"https:\\\/\\\/www.linkedin.com\\\/showcase\\\/organisator-das-magazin-fr-kmu\",\"https:\\\/\\\/www.xing.com\\\/news\\\/pages\\\/organisator-ch-695\",\"https:\\\/\\\/www.youtube.com\\\/channel\\\/UCGP2Sq0iWaZwT3BdIAQFYpw\"]},{\"@type\":\"Person\",\"@id\":\"https:\\\/\\\/www.organisator.ch\\\/#\\\/schema\\\/person\\\/6f650f90b2842cd4c0cc334b4e36f67e\",\"name\":\"thomas.berner\",\"image\":{\"@type\":\"ImageObject\",\"inLanguage\":\"en-US\",\"@id\":\"https:\\\/\\\/secure.gravatar.com\\\/avatar\\\/ac5001d2a36cb6c6cd3e50789007ffca834b477b74a2144564522e944eabff61?s=96&d=mm&r=g\",\"url\":\"https:\\\/\\\/secure.gravatar.com\\\/avatar\\\/ac5001d2a36cb6c6cd3e50789007ffca834b477b74a2144564522e944eabff61?s=96&d=mm&r=g\",\"contentUrl\":\"https:\\\/\\\/secure.gravatar.com\\\/avatar\\\/ac5001d2a36cb6c6cd3e50789007ffca834b477b74a2144564522e944eabff61?s=96&d=mm&r=g\",\"caption\":\"thomas.berner\"},\"url\":\"https:\\\/\\\/www.organisator.ch\\\/en\\\/author\\\/thomas-berner\\\/\"}]}<\/script>\n<!-- \/ Yoast SEO plugin. -->","yoast_head_json":{"title":"Demand for specialists continues to rise - organizer","description":"Demand for specialists has continued to rise. This is according to the latest specialist index from the personnel services provider Hays.","robots":{"index":"index","follow":"follow","max-snippet":"max-snippet:-1","max-image-preview":"max-image-preview:large","max-video-preview":"max-video-preview:-1"},"canonical":"https:\/\/www.organisator.ch\/en\/human-resources\/hrm\/2018-08-30\/nachfrage-nach-spezialisten-zieht-weiter-an\/","og_locale":"en_US","og_type":"article","og_title":"Nachfrage nach Spezialisten zieht weiter an","og_description":"Die Nachfrage nach Spezialisten hat weiter zugenommen. Dies besagt der j\u00fcngste Fachkr\u00e4fte-Index des Personaldienstleisters Hays.","og_url":"https:\/\/www.organisator.ch\/en\/human-resources\/hrm\/2018-08-30\/nachfrage-nach-spezialisten-zieht-weiter-an\/","og_site_name":"Organisator","article_publisher":"https:\/\/www.facebook.com\/OrganisatorFachmagazin","article_published_time":"2018-08-30T05:55:38+00:00","og_image":[{"width":800,"height":220,"url":"https:\/\/www.organisator.ch\/wp-content\/uploads\/2018\/08\/Nachfrage-nach-Spezialisten-zieht-weiter-an_Organisator.jpg","type":"image\/jpeg"}],"author":"thomas.berner","twitter_card":"summary_large_image","twitter_title":"Nachfrage nach #Spezialisten zieht weiter an","twitter_description":"Die Nachfrage nach #Spezialisten hat weiter zugenommen. Dies besagt der j\u00fcngste #Fachkr\u00e4fte-Index des Personaldienstleisters Hays.","twitter_image":"https:\/\/www.organisator.ch\/wp-content\/uploads\/2018\/08\/Nachfrage-nach-Spezialisten-zieht-weiter-an_Organisator.jpg","schema":{"@context":"https:\/\/schema.org","@graph":[{"@type":"Article","@id":"https:\/\/www.organisator.ch\/human-resources\/hrm\/2018-08-30\/nachfrage-nach-spezialisten-zieht-weiter-an\/#article","isPartOf":{"@id":"https:\/\/www.organisator.ch\/human-resources\/hrm\/2018-08-30\/nachfrage-nach-spezialisten-zieht-weiter-an\/"},"author":{"name":"thomas.berner","@id":"https:\/\/www.organisator.ch\/#\/schema\/person\/6f650f90b2842cd4c0cc334b4e36f67e"},"headline":"Nachfrage nach Spezialisten zieht weiter an","datePublished":"2018-08-30T05:55:38+00:00","mainEntityOfPage":{"@id":"https:\/\/www.organisator.ch\/human-resources\/hrm\/2018-08-30\/nachfrage-nach-spezialisten-zieht-weiter-an\/"},"wordCount":530,"commentCount":0,"publisher":{"@id":"https:\/\/www.organisator.ch\/#organization"},"image":{"@id":"https:\/\/www.organisator.ch\/human-resources\/hrm\/2018-08-30\/nachfrage-nach-spezialisten-zieht-weiter-an\/#primaryimage"},"thumbnailUrl":"https:\/\/www.organisator.ch\/wp-content\/uploads\/2018\/08\/Nachfrage-nach-Spezialisten-zieht-weiter-an_Organisator.jpg","keywords":["Fachkr\u00e4ftemangel","HRM","Rekrutierung","Studie"],"articleSection":["HRM"],"inLanguage":"en-US"},{"@type":"WebPage","@id":"https:\/\/www.organisator.ch\/human-resources\/hrm\/2018-08-30\/nachfrage-nach-spezialisten-zieht-weiter-an\/","url":"https:\/\/www.organisator.ch\/human-resources\/hrm\/2018-08-30\/nachfrage-nach-spezialisten-zieht-weiter-an\/","name":"Demand for specialists continues to rise - organizer","isPartOf":{"@id":"https:\/\/www.organisator.ch\/#website"},"primaryImageOfPage":{"@id":"https:\/\/www.organisator.ch\/human-resources\/hrm\/2018-08-30\/nachfrage-nach-spezialisten-zieht-weiter-an\/#primaryimage"},"image":{"@id":"https:\/\/www.organisator.ch\/human-resources\/hrm\/2018-08-30\/nachfrage-nach-spezialisten-zieht-weiter-an\/#primaryimage"},"thumbnailUrl":"https:\/\/www.organisator.ch\/wp-content\/uploads\/2018\/08\/Nachfrage-nach-Spezialisten-zieht-weiter-an_Organisator.jpg","datePublished":"2018-08-30T05:55:38+00:00","description":"Demand for specialists has continued to rise. This is according to the latest specialist index from the personnel services provider Hays.","breadcrumb":{"@id":"https:\/\/www.organisator.ch\/human-resources\/hrm\/2018-08-30\/nachfrage-nach-spezialisten-zieht-weiter-an\/#breadcrumb"},"inLanguage":"en-US","potentialAction":[{"@type":"ReadAction","target":["https:\/\/www.organisator.ch\/human-resources\/hrm\/2018-08-30\/nachfrage-nach-spezialisten-zieht-weiter-an\/"]}]},{"@type":"ImageObject","inLanguage":"en-US","@id":"https:\/\/www.organisator.ch\/human-resources\/hrm\/2018-08-30\/nachfrage-nach-spezialisten-zieht-weiter-an\/#primaryimage","url":"https:\/\/www.organisator.ch\/wp-content\/uploads\/2018\/08\/Nachfrage-nach-Spezialisten-zieht-weiter-an_Organisator.jpg","contentUrl":"https:\/\/www.organisator.ch\/wp-content\/uploads\/2018\/08\/Nachfrage-nach-Spezialisten-zieht-weiter-an_Organisator.jpg","width":800,"height":220,"caption":"So hat die Nachfrage nach Spezialisten in den letzten Quartalen zugenommen. (Grafik: Hays)"},{"@type":"BreadcrumbList","@id":"https:\/\/www.organisator.ch\/human-resources\/hrm\/2018-08-30\/nachfrage-nach-spezialisten-zieht-weiter-an\/#breadcrumb","itemListElement":[{"@type":"ListItem","position":1,"name":"Home","item":"https:\/\/www.organisator.ch\/"},{"@type":"ListItem","position":2,"name":"Nachfrage nach Spezialisten zieht weiter an"}]},{"@type":"WebSite","@id":"https:\/\/www.organisator.ch\/#website","url":"https:\/\/www.organisator.ch\/","name":"Organizer","description":"Competent. Practical. In 10 issues per year, ORGANISATOR presents the essential topics for managers of SMEs.","publisher":{"@id":"https:\/\/www.organisator.ch\/#organization"},"potentialAction":[{"@type":"SearchAction","target":{"@type":"EntryPoint","urlTemplate":"https:\/\/www.organisator.ch\/?s={search_term_string}"},"query-input":{"@type":"PropertyValueSpecification","valueRequired":true,"valueName":"search_term_string"}}],"inLanguage":"en-US"},{"@type":"Organization","@id":"https:\/\/www.organisator.ch\/#organization","name":"Organizer","url":"https:\/\/www.organisator.ch\/","logo":{"@type":"ImageObject","inLanguage":"en-US","@id":"https:\/\/www.organisator.ch\/#\/schema\/logo\/image\/","url":"https:\/\/www.organisator.ch\/wp-content\/uploads\/2022\/01\/Logo_Organisator_Website.png","contentUrl":"https:\/\/www.organisator.ch\/wp-content\/uploads\/2022\/01\/Logo_Organisator_Website.png","width":800,"height":77,"caption":"Organisator"},"image":{"@id":"https:\/\/www.organisator.ch\/#\/schema\/logo\/image\/"},"sameAs":["https:\/\/www.facebook.com\/OrganisatorFachmagazin","https:\/\/www.linkedin.com\/showcase\/organisator-das-magazin-fr-kmu","https:\/\/www.xing.com\/news\/pages\/organisator-ch-695","https:\/\/www.youtube.com\/channel\/UCGP2Sq0iWaZwT3BdIAQFYpw"]},{"@type":"Person","@id":"https:\/\/www.organisator.ch\/#\/schema\/person\/6f650f90b2842cd4c0cc334b4e36f67e","name":"thomas.berner","image":{"@type":"ImageObject","inLanguage":"en-US","@id":"https:\/\/secure.gravatar.com\/avatar\/ac5001d2a36cb6c6cd3e50789007ffca834b477b74a2144564522e944eabff61?s=96&d=mm&r=g","url":"https:\/\/secure.gravatar.com\/avatar\/ac5001d2a36cb6c6cd3e50789007ffca834b477b74a2144564522e944eabff61?s=96&d=mm&r=g","contentUrl":"https:\/\/secure.gravatar.com\/avatar\/ac5001d2a36cb6c6cd3e50789007ffca834b477b74a2144564522e944eabff61?s=96&d=mm&r=g","caption":"thomas.berner"},"url":"https:\/\/www.organisator.ch\/en\/author\/thomas-berner\/"}]}},"_links":{"self":[{"href":"https:\/\/www.organisator.ch\/en\/wp-json\/wp\/v2\/posts\/4140","targetHints":{"allow":["GET"]}}],"collection":[{"href":"https:\/\/www.organisator.ch\/en\/wp-json\/wp\/v2\/posts"}],"about":[{"href":"https:\/\/www.organisator.ch\/en\/wp-json\/wp\/v2\/types\/post"}],"author":[{"embeddable":true,"href":"https:\/\/www.organisator.ch\/en\/wp-json\/wp\/v2\/users\/4"}],"replies":[{"embeddable":true,"href":"https:\/\/www.organisator.ch\/en\/wp-json\/wp\/v2\/comments?post=4140"}],"version-history":[{"count":0,"href":"https:\/\/www.organisator.ch\/en\/wp-json\/wp\/v2\/posts\/4140\/revisions"}],"wp:featuredmedia":[{"embeddable":true,"href":"https:\/\/www.organisator.ch\/en\/wp-json\/wp\/v2\/media\/4141"}],"wp:attachment":[{"href":"https:\/\/www.organisator.ch\/en\/wp-json\/wp\/v2\/media?parent=4140"}],"wp:term":[{"taxonomy":"category","embeddable":true,"href":"https:\/\/www.organisator.ch\/en\/wp-json\/wp\/v2\/categories?post=4140"},{"taxonomy":"post_tag","embeddable":true,"href":"https:\/\/www.organisator.ch\/en\/wp-json\/wp\/v2\/tags?post=4140"}],"curies":[{"name":"wp","href":"https:\/\/api.w.org\/{rel}","templated":true}]}}