{"id":41430,"date":"2025-10-22T08:36:52","date_gmt":"2025-10-22T06:36:52","guid":{"rendered":"https:\/\/www.m-q.ch\/?p=22056"},"modified":"2025-10-22T09:53:24","modified_gmt":"2025-10-22T07:53:24","slug":"plm-nutzer-fuehren-bei-der-ki-adoption","status":"publish","type":"post","link":"https:\/\/www.organisator.ch\/en\/operational-excellence\/2025-10-22\/plm-nutzer-fuehren-bei-der-ki-adoption\/","title":{"rendered":"PLM users lead the way in AI adoption"},"content":{"rendered":"<figure id=\"attachment_22057\" class=\"wp-caption alignnone\" style=\"width: 680px;\" aria-describedby=\"caption-attachment-22057\"><img class=\"size-full wp-image-22057\" src=\"https:\/\/www.m-q.ch\/wp-content\/uploads\/2025\/10\/PLM-Nutzer-fuehren-bei-der-KI-Adoption_MQ.jpg\" sizes=\"(max-width: 680px) 100vw, 680px\" srcset=\"https:\/\/www.m-q.ch\/wp-content\/uploads\/2025\/10\/PLM-Nutzer-fuehren-bei-der-KI-Adoption_MQ.jpg 680w, https:\/\/www.m-q.ch\/wp-content\/uploads\/2025\/10\/PLM-Nutzer-fuehren-bei-der-KI-Adoption_MQ-18x9.jpg 18w, https:\/\/www.m-q.ch\/wp-content\/uploads\/2025\/10\/PLM-Nutzer-fuehren-bei-der-KI-Adoption_MQ-375x197.jpg 375w, https:\/\/www.m-q.ch\/wp-content\/uploads\/2025\/10\/PLM-Nutzer-fuehren-bei-der-KI-Adoption_MQ-665x350.jpg 665w\" alt=\"\" width=\"680\" height=\"358\" \/>\r\n<figcaption id=\"caption-attachment-22057\" class=\"wp-caption-text\">Sustainability makes companies successful. (Graphic: Aras)<\/figcaption>\r\n<\/figure>\r\n<p>Aras, a provider of product lifecycle management and digital thread solutions, conducted a study in January 2025 entitled \u201eThe future of product development - product lifecycle management in focus\u201c. It concludes - in line with the client's wishes, of course - that companies that use PLM systems are ahead of the game when it comes to integrating AI. According to the study, they are 28 percentage points ahead of their competitors. \u201eWe are witnessing the establishment of a new industrial hierarchy,\u201c explains Jens Rollenm\u00fcller, Regional Vice President at Aras. \u201eCompanies that have built their processes around flexible, networked PLM platforms benefit from a \u201asystemic advantage\u2018: they not only react to disruptions, but also turn them into competitive advantages.\u201c<\/p>\r\n<h3>Some findings in detail<\/h3>\r\n<p>The survey data reveals remarkable differences in key business areas, for example:<\/p>\r\n<ul>\r\n\t<li>Product development: While 87% of PLM users use AI in product development, this figure is only 59% for companies without PLM. PLM users benefit from optimized processes, predictive capabilities and accelerated innovation.<\/li>\r\n\t<li>Regulatory readiness: In view of Europe's Corporate Sustainability Reporting Directive and the upcoming requirements for digital product passports, 88 percent of PLM users are ready for compliance - compared to only 70 percent of companies without a PLM infrastructure.<\/li>\r\n\t<li>Digital thread competence: 59 percent of PLM users consider the digital thread to be business-critical, compared to only 35 percent of companies without a PLM infrastructure. This discrepancy reveals a significant gap in digital integration and future readiness.<\/li>\r\n<\/ul>\r\n<h3><strong>More than software: part of the strategic architecture<\/strong><\/h3>\r\n<p>Rollenm\u00fcller is convinced that companies gain organizational competence by implementing a PLM platform. \u201eThose who seamlessly link design with the manufacturing process, dovetail supplier data with compliance requirements and connect market requirements with the product strategy are operating on a completely different level,\u201c he says. According to the industry expert, the more complex the regulatory landscape becomes, the more important this systematic integration becomes.<\/p>\r\n<p>The survey results show: PLM users are significantly better at mastering both day-to-day business and future challenges. In important areas such as AI adoption, the implementation of digital threads and regulatory readiness, they have a continuously growing competitive advantage. Rollenm\u00fcller says: \u201eThey not only manage data, but also orchestrate decision-making processes, accelerate innovation cycles and create organizational intelligence that adapts to market changes in real time.\u201c<\/p>\r\n<p><em>Source: <a href=\"http:\/\/www.aras.com\/\">Aras<\/a><\/em><\/p>\n<p class=\"syndicated-attribution\">This article originally appeared on m-q.ch - <a href=\"https:\/\/www.m-q.ch\/de\/plm-nutzer-fuehren-bei-der-ki-adoption\/\" target=\"_blank\">https:\/\/www.m-q.ch\/de\/plm-nutzer-fuehren-bei-der-ki-adoption\/<\/a><\/p>","protected":false},"excerpt":{"rendered":"<p>Companies that use product lifecycle management (PLM) systems have a clear advantage when it comes to digital transformation. They demonstrate greater resilience, achieve sustainability goals faster and master regulatory challenges more confidently than companies that work with outdated stand-alone solutions.<\/p>","protected":false},"author":8,"featured_media":0,"comment_status":"closed","ping_status":"closed","sticky":false,"template":"","format":"standard","meta":{"_acf_changed":false,"_yoast_wpseo_focuskw":"PLM-Nutzer","_yoast_wpseo_metadesc":"Unternehmen, die Systeme zum Product Lifecycle Management (PLM) nutzen, sind bei der digitalen Transformation deutlich im Vorteil.","articlekey":"","footnotes":""},"categories":[582],"tags":[103,156,3952,459],"class_list":["post-41430","post","type-post","status-publish","format-standard","hentry","category-operational-excellence","tag-business-excellence","tag-digitalisierung","tag-product-lifecycle-management","tag-studie"],"acf":[],"yoast_head":"<!-- This site is optimized with the Yoast SEO plugin v27.5 - https:\/\/yoast.com\/product\/yoast-seo-wordpress\/ -->\n<title>PLM-Nutzer f\u00fchren bei der KI-Adoption - Organisator<\/title>\n<meta name=\"description\" content=\"Unternehmen, die Systeme zum Product Lifecycle Management (PLM) nutzen, sind bei der digitalen Transformation deutlich im Vorteil.\" \/>\n<meta name=\"robots\" content=\"index, follow, max-snippet:-1, max-image-preview:large, max-video-preview:-1\" \/>\n<link rel=\"canonical\" href=\"https:\/\/www.organisator.ch\/en\/operational-excellence\/2025-10-22\/plm-nutzer-fuehren-bei-der-ki-adoption\/\" \/>\n<meta property=\"og:locale\" content=\"en_US\" \/>\n<meta property=\"og:type\" content=\"article\" \/>\n<meta property=\"og:title\" content=\"PLM-Nutzer f\u00fchren bei der KI-Adoption - Organisator\" \/>\n<meta property=\"og:description\" content=\"Unternehmen, die Systeme zum Product Lifecycle Management (PLM) nutzen, sind bei der digitalen Transformation deutlich im Vorteil.\" \/>\n<meta property=\"og:url\" content=\"https:\/\/www.organisator.ch\/en\/operational-excellence\/2025-10-22\/plm-nutzer-fuehren-bei-der-ki-adoption\/\" \/>\n<meta property=\"og:site_name\" content=\"Organisator\" \/>\n<meta property=\"article:publisher\" content=\"https:\/\/www.facebook.com\/OrganisatorFachmagazin\" \/>\n<meta property=\"article:published_time\" content=\"2025-10-22T06:36:52+00:00\" \/>\n<meta property=\"article:modified_time\" content=\"2025-10-22T07:53:24+00:00\" \/>\n<meta name=\"author\" content=\"galledia\" \/>\n<meta name=\"twitter:card\" content=\"summary_large_image\" \/>\n<meta name=\"twitter:creator\" content=\"@admin\" \/>\n<script type=\"application\/ld+json\" class=\"yoast-schema-graph\">{\"@context\":\"https:\\\/\\\/schema.org\",\"@graph\":[{\"@type\":\"Article\",\"@id\":\"https:\\\/\\\/www.organisator.ch\\\/operational-excellence\\\/2025-10-22\\\/plm-nutzer-fuehren-bei-der-ki-adoption\\\/#article\",\"isPartOf\":{\"@id\":\"https:\\\/\\\/www.organisator.ch\\\/operational-excellence\\\/2025-10-22\\\/plm-nutzer-fuehren-bei-der-ki-adoption\\\/\"},\"author\":{\"name\":\"galledia\",\"@id\":\"https:\\\/\\\/www.organisator.ch\\\/#\\\/schema\\\/person\\\/4e51799071cd2dd1232ac003643ef5f0\"},\"headline\":\"PLM-Nutzer f\u00fchren bei der KI-Adoption\",\"datePublished\":\"2025-10-22T06:36:52+00:00\",\"dateModified\":\"2025-10-22T07:53:24+00:00\",\"mainEntityOfPage\":{\"@id\":\"https:\\\/\\\/www.organisator.ch\\\/operational-excellence\\\/2025-10-22\\\/plm-nutzer-fuehren-bei-der-ki-adoption\\\/\"},\"wordCount\":365,\"publisher\":{\"@id\":\"https:\\\/\\\/www.organisator.ch\\\/#organization\"},\"image\":{\"@id\":\"https:\\\/\\\/www.organisator.ch\\\/operational-excellence\\\/2025-10-22\\\/plm-nutzer-fuehren-bei-der-ki-adoption\\\/#primaryimage\"},\"thumbnailUrl\":\"https:\\\/\\\/www.m-q.ch\\\/wp-content\\\/uploads\\\/2025\\\/10\\\/PLM-Nutzer-fuehren-bei-der-KI-Adoption_MQ.jpg\",\"keywords\":[\"Business Excellence\",\"Digitalisierung\",\"Product Lifecycle Management\",\"Studie\"],\"articleSection\":[\"OPERATIONAL EXCELLENCE\"],\"inLanguage\":\"en-US\"},{\"@type\":\"WebPage\",\"@id\":\"https:\\\/\\\/www.organisator.ch\\\/operational-excellence\\\/2025-10-22\\\/plm-nutzer-fuehren-bei-der-ki-adoption\\\/\",\"url\":\"https:\\\/\\\/www.organisator.ch\\\/operational-excellence\\\/2025-10-22\\\/plm-nutzer-fuehren-bei-der-ki-adoption\\\/\",\"name\":\"PLM-Nutzer f\u00fchren bei der KI-Adoption - Organisator\",\"isPartOf\":{\"@id\":\"https:\\\/\\\/www.organisator.ch\\\/#website\"},\"primaryImageOfPage\":{\"@id\":\"https:\\\/\\\/www.organisator.ch\\\/operational-excellence\\\/2025-10-22\\\/plm-nutzer-fuehren-bei-der-ki-adoption\\\/#primaryimage\"},\"image\":{\"@id\":\"https:\\\/\\\/www.organisator.ch\\\/operational-excellence\\\/2025-10-22\\\/plm-nutzer-fuehren-bei-der-ki-adoption\\\/#primaryimage\"},\"thumbnailUrl\":\"https:\\\/\\\/www.m-q.ch\\\/wp-content\\\/uploads\\\/2025\\\/10\\\/PLM-Nutzer-fuehren-bei-der-KI-Adoption_MQ.jpg\",\"datePublished\":\"2025-10-22T06:36:52+00:00\",\"dateModified\":\"2025-10-22T07:53:24+00:00\",\"description\":\"Unternehmen, die Systeme zum Product Lifecycle Management (PLM) nutzen, sind bei der digitalen Transformation deutlich im Vorteil.\",\"breadcrumb\":{\"@id\":\"https:\\\/\\\/www.organisator.ch\\\/operational-excellence\\\/2025-10-22\\\/plm-nutzer-fuehren-bei-der-ki-adoption\\\/#breadcrumb\"},\"inLanguage\":\"en-US\",\"potentialAction\":[{\"@type\":\"ReadAction\",\"target\":[\"https:\\\/\\\/www.organisator.ch\\\/operational-excellence\\\/2025-10-22\\\/plm-nutzer-fuehren-bei-der-ki-adoption\\\/\"]}]},{\"@type\":\"ImageObject\",\"inLanguage\":\"en-US\",\"@id\":\"https:\\\/\\\/www.organisator.ch\\\/operational-excellence\\\/2025-10-22\\\/plm-nutzer-fuehren-bei-der-ki-adoption\\\/#primaryimage\",\"url\":\"https:\\\/\\\/www.m-q.ch\\\/wp-content\\\/uploads\\\/2025\\\/10\\\/PLM-Nutzer-fuehren-bei-der-KI-Adoption_MQ.jpg\",\"contentUrl\":\"https:\\\/\\\/www.m-q.ch\\\/wp-content\\\/uploads\\\/2025\\\/10\\\/PLM-Nutzer-fuehren-bei-der-KI-Adoption_MQ.jpg\"},{\"@type\":\"BreadcrumbList\",\"@id\":\"https:\\\/\\\/www.organisator.ch\\\/operational-excellence\\\/2025-10-22\\\/plm-nutzer-fuehren-bei-der-ki-adoption\\\/#breadcrumb\",\"itemListElement\":[{\"@type\":\"ListItem\",\"position\":1,\"name\":\"Home\",\"item\":\"https:\\\/\\\/www.organisator.ch\\\/\"},{\"@type\":\"ListItem\",\"position\":2,\"name\":\"PLM-Nutzer f\u00fchren bei der KI-Adoption\"}]},{\"@type\":\"WebSite\",\"@id\":\"https:\\\/\\\/www.organisator.ch\\\/#website\",\"url\":\"https:\\\/\\\/www.organisator.ch\\\/\",\"name\":\"Organisator\",\"description\":\"Kompetent. Praxisnah. Der ORGANISATOR bereitet in 10 Ausgaben pro Jahr die wesentlichen Themen f\u00fcr F\u00fchrungskr\u00e4fte von KMU auf.\",\"publisher\":{\"@id\":\"https:\\\/\\\/www.organisator.ch\\\/#organization\"},\"potentialAction\":[{\"@type\":\"SearchAction\",\"target\":{\"@type\":\"EntryPoint\",\"urlTemplate\":\"https:\\\/\\\/www.organisator.ch\\\/?s={search_term_string}\"},\"query-input\":{\"@type\":\"PropertyValueSpecification\",\"valueRequired\":true,\"valueName\":\"search_term_string\"}}],\"inLanguage\":\"en-US\"},{\"@type\":\"Organization\",\"@id\":\"https:\\\/\\\/www.organisator.ch\\\/#organization\",\"name\":\"Organisator\",\"url\":\"https:\\\/\\\/www.organisator.ch\\\/\",\"logo\":{\"@type\":\"ImageObject\",\"inLanguage\":\"en-US\",\"@id\":\"https:\\\/\\\/www.organisator.ch\\\/#\\\/schema\\\/logo\\\/image\\\/\",\"url\":\"https:\\\/\\\/www.organisator.ch\\\/wp-content\\\/uploads\\\/2022\\\/01\\\/Logo_Organisator_Website.png\",\"contentUrl\":\"https:\\\/\\\/www.organisator.ch\\\/wp-content\\\/uploads\\\/2022\\\/01\\\/Logo_Organisator_Website.png\",\"width\":800,\"height\":77,\"caption\":\"Organisator\"},\"image\":{\"@id\":\"https:\\\/\\\/www.organisator.ch\\\/#\\\/schema\\\/logo\\\/image\\\/\"},\"sameAs\":[\"https:\\\/\\\/www.facebook.com\\\/OrganisatorFachmagazin\",\"https:\\\/\\\/www.linkedin.com\\\/showcase\\\/organisator-das-magazin-fr-kmu\",\"https:\\\/\\\/www.xing.com\\\/news\\\/pages\\\/organisator-ch-695\",\"https:\\\/\\\/www.youtube.com\\\/channel\\\/UCGP2Sq0iWaZwT3BdIAQFYpw\"]},{\"@type\":\"Person\",\"@id\":\"https:\\\/\\\/www.organisator.ch\\\/#\\\/schema\\\/person\\\/4e51799071cd2dd1232ac003643ef5f0\",\"name\":\"galledia\",\"image\":{\"@type\":\"ImageObject\",\"inLanguage\":\"en-US\",\"@id\":\"https:\\\/\\\/secure.gravatar.com\\\/avatar\\\/78a7f90c01fc2bfc875782a0d4922b37cde2cf184ce347b91316d23cd7f69a36?s=96&d=mm&r=g\",\"url\":\"https:\\\/\\\/secure.gravatar.com\\\/avatar\\\/78a7f90c01fc2bfc875782a0d4922b37cde2cf184ce347b91316d23cd7f69a36?s=96&d=mm&r=g\",\"contentUrl\":\"https:\\\/\\\/secure.gravatar.com\\\/avatar\\\/78a7f90c01fc2bfc875782a0d4922b37cde2cf184ce347b91316d23cd7f69a36?s=96&d=mm&r=g\",\"caption\":\"galledia\"},\"sameAs\":[\"https:\\\/\\\/x.com\\\/admin\"],\"url\":\"https:\\\/\\\/www.organisator.ch\\\/en\\\/author\\\/galledia\\\/\"}]}<\/script>\n<!-- \/ Yoast SEO plugin. -->","yoast_head_json":{"title":"PLM users lead the way in AI adoption - Organizer","description":"Companies that use product lifecycle management (PLM) systems have a clear advantage when it comes to digital transformation.","robots":{"index":"index","follow":"follow","max-snippet":"max-snippet:-1","max-image-preview":"max-image-preview:large","max-video-preview":"max-video-preview:-1"},"canonical":"https:\/\/www.organisator.ch\/en\/operational-excellence\/2025-10-22\/plm-nutzer-fuehren-bei-der-ki-adoption\/","og_locale":"en_US","og_type":"article","og_title":"PLM-Nutzer f\u00fchren bei der KI-Adoption - Organisator","og_description":"Unternehmen, die Systeme zum Product Lifecycle Management (PLM) nutzen, sind bei der digitalen Transformation deutlich im Vorteil.","og_url":"https:\/\/www.organisator.ch\/en\/operational-excellence\/2025-10-22\/plm-nutzer-fuehren-bei-der-ki-adoption\/","og_site_name":"Organisator","article_publisher":"https:\/\/www.facebook.com\/OrganisatorFachmagazin","article_published_time":"2025-10-22T06:36:52+00:00","article_modified_time":"2025-10-22T07:53:24+00:00","author":"galledia","twitter_card":"summary_large_image","twitter_creator":"@admin","schema":{"@context":"https:\/\/schema.org","@graph":[{"@type":"Article","@id":"https:\/\/www.organisator.ch\/operational-excellence\/2025-10-22\/plm-nutzer-fuehren-bei-der-ki-adoption\/#article","isPartOf":{"@id":"https:\/\/www.organisator.ch\/operational-excellence\/2025-10-22\/plm-nutzer-fuehren-bei-der-ki-adoption\/"},"author":{"name":"galledia","@id":"https:\/\/www.organisator.ch\/#\/schema\/person\/4e51799071cd2dd1232ac003643ef5f0"},"headline":"PLM-Nutzer f\u00fchren bei der KI-Adoption","datePublished":"2025-10-22T06:36:52+00:00","dateModified":"2025-10-22T07:53:24+00:00","mainEntityOfPage":{"@id":"https:\/\/www.organisator.ch\/operational-excellence\/2025-10-22\/plm-nutzer-fuehren-bei-der-ki-adoption\/"},"wordCount":365,"publisher":{"@id":"https:\/\/www.organisator.ch\/#organization"},"image":{"@id":"https:\/\/www.organisator.ch\/operational-excellence\/2025-10-22\/plm-nutzer-fuehren-bei-der-ki-adoption\/#primaryimage"},"thumbnailUrl":"https:\/\/www.m-q.ch\/wp-content\/uploads\/2025\/10\/PLM-Nutzer-fuehren-bei-der-KI-Adoption_MQ.jpg","keywords":["Business Excellence","Digitalisierung","Product Lifecycle Management","Studie"],"articleSection":["OPERATIONAL EXCELLENCE"],"inLanguage":"en-US"},{"@type":"WebPage","@id":"https:\/\/www.organisator.ch\/operational-excellence\/2025-10-22\/plm-nutzer-fuehren-bei-der-ki-adoption\/","url":"https:\/\/www.organisator.ch\/operational-excellence\/2025-10-22\/plm-nutzer-fuehren-bei-der-ki-adoption\/","name":"PLM users lead the way in AI adoption - Organizer","isPartOf":{"@id":"https:\/\/www.organisator.ch\/#website"},"primaryImageOfPage":{"@id":"https:\/\/www.organisator.ch\/operational-excellence\/2025-10-22\/plm-nutzer-fuehren-bei-der-ki-adoption\/#primaryimage"},"image":{"@id":"https:\/\/www.organisator.ch\/operational-excellence\/2025-10-22\/plm-nutzer-fuehren-bei-der-ki-adoption\/#primaryimage"},"thumbnailUrl":"https:\/\/www.m-q.ch\/wp-content\/uploads\/2025\/10\/PLM-Nutzer-fuehren-bei-der-KI-Adoption_MQ.jpg","datePublished":"2025-10-22T06:36:52+00:00","dateModified":"2025-10-22T07:53:24+00:00","description":"Companies that use product lifecycle management (PLM) systems have a clear advantage when it comes to digital transformation.","breadcrumb":{"@id":"https:\/\/www.organisator.ch\/operational-excellence\/2025-10-22\/plm-nutzer-fuehren-bei-der-ki-adoption\/#breadcrumb"},"inLanguage":"en-US","potentialAction":[{"@type":"ReadAction","target":["https:\/\/www.organisator.ch\/operational-excellence\/2025-10-22\/plm-nutzer-fuehren-bei-der-ki-adoption\/"]}]},{"@type":"ImageObject","inLanguage":"en-US","@id":"https:\/\/www.organisator.ch\/operational-excellence\/2025-10-22\/plm-nutzer-fuehren-bei-der-ki-adoption\/#primaryimage","url":"https:\/\/www.m-q.ch\/wp-content\/uploads\/2025\/10\/PLM-Nutzer-fuehren-bei-der-KI-Adoption_MQ.jpg","contentUrl":"https:\/\/www.m-q.ch\/wp-content\/uploads\/2025\/10\/PLM-Nutzer-fuehren-bei-der-KI-Adoption_MQ.jpg"},{"@type":"BreadcrumbList","@id":"https:\/\/www.organisator.ch\/operational-excellence\/2025-10-22\/plm-nutzer-fuehren-bei-der-ki-adoption\/#breadcrumb","itemListElement":[{"@type":"ListItem","position":1,"name":"Home","item":"https:\/\/www.organisator.ch\/"},{"@type":"ListItem","position":2,"name":"PLM-Nutzer f\u00fchren bei der KI-Adoption"}]},{"@type":"WebSite","@id":"https:\/\/www.organisator.ch\/#website","url":"https:\/\/www.organisator.ch\/","name":"Organizer","description":"Competent. Practical. In 10 issues per year, ORGANISATOR presents the essential topics for managers of SMEs.","publisher":{"@id":"https:\/\/www.organisator.ch\/#organization"},"potentialAction":[{"@type":"SearchAction","target":{"@type":"EntryPoint","urlTemplate":"https:\/\/www.organisator.ch\/?s={search_term_string}"},"query-input":{"@type":"PropertyValueSpecification","valueRequired":true,"valueName":"search_term_string"}}],"inLanguage":"en-US"},{"@type":"Organization","@id":"https:\/\/www.organisator.ch\/#organization","name":"Organizer","url":"https:\/\/www.organisator.ch\/","logo":{"@type":"ImageObject","inLanguage":"en-US","@id":"https:\/\/www.organisator.ch\/#\/schema\/logo\/image\/","url":"https:\/\/www.organisator.ch\/wp-content\/uploads\/2022\/01\/Logo_Organisator_Website.png","contentUrl":"https:\/\/www.organisator.ch\/wp-content\/uploads\/2022\/01\/Logo_Organisator_Website.png","width":800,"height":77,"caption":"Organisator"},"image":{"@id":"https:\/\/www.organisator.ch\/#\/schema\/logo\/image\/"},"sameAs":["https:\/\/www.facebook.com\/OrganisatorFachmagazin","https:\/\/www.linkedin.com\/showcase\/organisator-das-magazin-fr-kmu","https:\/\/www.xing.com\/news\/pages\/organisator-ch-695","https:\/\/www.youtube.com\/channel\/UCGP2Sq0iWaZwT3BdIAQFYpw"]},{"@type":"Person","@id":"https:\/\/www.organisator.ch\/#\/schema\/person\/4e51799071cd2dd1232ac003643ef5f0","name":"galledia","image":{"@type":"ImageObject","inLanguage":"en-US","@id":"https:\/\/secure.gravatar.com\/avatar\/78a7f90c01fc2bfc875782a0d4922b37cde2cf184ce347b91316d23cd7f69a36?s=96&d=mm&r=g","url":"https:\/\/secure.gravatar.com\/avatar\/78a7f90c01fc2bfc875782a0d4922b37cde2cf184ce347b91316d23cd7f69a36?s=96&d=mm&r=g","contentUrl":"https:\/\/secure.gravatar.com\/avatar\/78a7f90c01fc2bfc875782a0d4922b37cde2cf184ce347b91316d23cd7f69a36?s=96&d=mm&r=g","caption":"galledia"},"sameAs":["https:\/\/x.com\/admin"],"url":"https:\/\/www.organisator.ch\/en\/author\/galledia\/"}]}},"_links":{"self":[{"href":"https:\/\/www.organisator.ch\/en\/wp-json\/wp\/v2\/posts\/41430","targetHints":{"allow":["GET"]}}],"collection":[{"href":"https:\/\/www.organisator.ch\/en\/wp-json\/wp\/v2\/posts"}],"about":[{"href":"https:\/\/www.organisator.ch\/en\/wp-json\/wp\/v2\/types\/post"}],"author":[{"embeddable":true,"href":"https:\/\/www.organisator.ch\/en\/wp-json\/wp\/v2\/users\/8"}],"replies":[{"embeddable":true,"href":"https:\/\/www.organisator.ch\/en\/wp-json\/wp\/v2\/comments?post=41430"}],"version-history":[{"count":9,"href":"https:\/\/www.organisator.ch\/en\/wp-json\/wp\/v2\/posts\/41430\/revisions"}],"predecessor-version":[{"id":41440,"href":"https:\/\/www.organisator.ch\/en\/wp-json\/wp\/v2\/posts\/41430\/revisions\/41440"}],"wp:attachment":[{"href":"https:\/\/www.organisator.ch\/en\/wp-json\/wp\/v2\/media?parent=41430"}],"wp:term":[{"taxonomy":"category","embeddable":true,"href":"https:\/\/www.organisator.ch\/en\/wp-json\/wp\/v2\/categories?post=41430"},{"taxonomy":"post_tag","embeddable":true,"href":"https:\/\/www.organisator.ch\/en\/wp-json\/wp\/v2\/tags?post=41430"}],"curies":[{"name":"wp","href":"https:\/\/api.w.org\/{rel}","templated":true}]}}