{"id":41612,"date":"2025-10-29T14:24:39","date_gmt":"2025-10-29T13:24:39","guid":{"rendered":"https:\/\/www.markt-kom.com\/?p=244713"},"modified":"2025-10-30T08:25:32","modified_gmt":"2025-10-30T07:25:32","slug":"pro-alps-verleiht-sbb-cargo-einen-schmaehpreis","status":"publish","type":"post","link":"https:\/\/www.organisator.ch\/en\/operational-excellence\/2025-10-29\/pro-alps-verleiht-sbb-cargo-einen-schmaehpreis\/","title":{"rendered":"Pro Alps awards SBB Cargo an invective prize\u00a0"},"content":{"rendered":"<h3><img class=\"alignnone size-medium wp-image-244714\" src=\"https:\/\/www.markt-kom.com\/wp-content\/uploads\/2025\/10\/Bildschirmfoto-2025-10-29-um-14.22.21-600x365.png\" sizes=\"(max-width: 600px) 100vw, 600px\" srcset=\"https:\/\/www.markt-kom.com\/wp-content\/uploads\/2025\/10\/Bildschirmfoto-2025-10-29-um-14.22.21-600x365.png 600w, https:\/\/www.markt-kom.com\/wp-content\/uploads\/2025\/10\/Bildschirmfoto-2025-10-29-um-14.22.21-18x12.png 18w, https:\/\/www.markt-kom.com\/wp-content\/uploads\/2025\/10\/Bildschirmfoto-2025-10-29-um-14.22.21-288x175.png 288w, https:\/\/www.markt-kom.com\/wp-content\/uploads\/2025\/10\/Bildschirmfoto-2025-10-29-um-14.22.21-576x350.png 576w, https:\/\/www.markt-kom.com\/wp-content\/uploads\/2025\/10\/Bildschirmfoto-2025-10-29-um-14.22.21.png 688w\" alt=\"\" width=\"600\" height=\"365\" \/><\/h3>\r\n<p>SBB Cargo is making losses and has therefore been seen as a drag on the SBB Group for years. With his current reduction program, Alexander Muhm, Head of Freight Transport at SBB since 2023, underlines SBB's view of the future role of rail in Swiss freight transport: profitability is the only thing that counts, with more trucks on Swiss roads being deliberately accepted. However, this calculation contradicts the interests of the population and the goals of Swiss transport policy. This is why the management of SBB Cargo was awarded the \u00abDevil's Stone\u00bb in front of its headquarters in Olten on Wednesday morning.<\/p>\r\n<h3><strong>Hundreds of millions in subsidies and yet cutbacks<\/strong><\/h3>\r\n<p>As part of the revision of the Freight Transport Act (G\u00fcTG) in spring 2025, politicians granted hundreds of millions of francs in subsidies to SBB Cargo to promote and strengthen rail freight transport in Switzerland over the next eight years. This is actually a clear mandate. Nevertheless, Muhm is still trying to reconcile two opposing positions: He is taking hundreds of millions of francs of taxpayers' money - intended to strengthen the railways - and at the same time declaring that this does not involve a mandate to shift national freight traffic and is cutting back. A nonsensical balancing act that Pro Alps sharply criticizes.<\/p>\r\n<h3><strong>Motion calls for SBB Cargo services to be maintained<\/strong><\/h3>\r\n<p>Voices are also becoming louder in politics that do not approve of the course taken by Muhm and Co. In the fall session, Eva Herzog, a member of the Council of States from Basel, submitted a motion 25.4147 aimed at securing SBB Cargo's performance level and maintaining the core network in combined freight transport. The motion was co-signed by important representatives of all parties in the Federal Council. Pro Alps will continue to campaign for the adoption of this motion.<\/p>\r\n<h3>Abusive prize awarded for 20 years<\/h3>\r\n<p>Pro Alps has been awarding the \u00abDevil's Stone\u00bb for transportation nonsense for over 20 years. The parent company - SBB - already received it in 2018 for a fa\u00e7ade made of German stone, which was processed in China and installed on an SBB building in Europaallee in Zurich. Today's presentation of the award by the President of Pro Alps, Nara Valsangiacomo, to the Head of Freight Transport at SBB Cargo, Alexander Muhm, therefore had a special flavor.<\/p>\r\n<p>Nara Valsangiacomo, President of Pro Alps, says: \u00abThe fact that there is no transfer mandate for SBB Cargo is only half the truth. Why else would Parliament subsidize SBB Cargo if not to keep traffic on the rails and relieve the roads?\u00bb David Roth, board member of Pro Alps and member of the National Council's Transport Committee, adds: \u00abAt the beginning of this year, Parliament allocated hundreds of millions of francs in subsidies to strengthen Swiss rail freight transport. Instead, SBB Cargo is using the money to finance a downsizing program. That is highly problematic.\u00bb<\/p>","protected":false},"excerpt":{"rendered":"<p>SBB Cargo is jeopardizing the future of Swiss rail freight transport with its clear-cutting. Pro Alps awards SBB Cargo's management the \u00abDevil's Stone\u00bb invective prize.\u00a0<\/p>","protected":false},"author":8,"featured_media":0,"comment_status":"closed","ping_status":"closed","sticky":false,"template":"","format":"standard","meta":{"_acf_changed":false,"_yoast_wpseo_focuskw":"Schm\u00e4hpreis","_yoast_wpseo_metadesc":"Mit dem Kahl\u00adschlag gef\u00e4hrde SBB Cargo die Zukunft des Schweizer Schienen\u00adg\u00fcter\u00adverkehrs. Daf\u00fcr erh\u00e4lt sie den Schm\u00e4h\u00adpreis \u00abTeufels\u00adstein\u00bb.","articlekey":"","footnotes":""},"categories":[582],"tags":[66,4345,1337,1677,5636,2055,5637,5640],"class_list":["post-41612","post","type-post","status-publish","format-standard","hentry","category-operational-excellence","tag-awards","tag-business","tag-gueterverkehr","tag-medien","tag-pro-alps","tag-sbb","tag-sbb-cargo","tag-schmaehpreis"],"acf":[],"yoast_head":"<!-- This site is optimized with the Yoast SEO plugin v27.5 - https:\/\/yoast.com\/product\/yoast-seo-wordpress\/ -->\n<title>Pro Alps verleiht SBB Cargo einen Schm\u00e4hpreis\u00a0 - Organisator<\/title>\n<meta name=\"description\" content=\"Mit dem Kahl\u00adschlag gef\u00e4hrde SBB Cargo die Zukunft des Schweizer Schienen\u00adg\u00fcter\u00adverkehrs. Daf\u00fcr erh\u00e4lt sie den Schm\u00e4h\u00adpreis \u00abTeufels\u00adstein\u00bb.\" \/>\n<meta name=\"robots\" content=\"index, follow, max-snippet:-1, max-image-preview:large, max-video-preview:-1\" \/>\n<link rel=\"canonical\" href=\"https:\/\/www.organisator.ch\/en\/operational-excellence\/2025-10-29\/pro-alps-verleiht-sbb-cargo-einen-schmaehpreis\/\" \/>\n<meta property=\"og:locale\" content=\"en_US\" \/>\n<meta property=\"og:type\" content=\"article\" \/>\n<meta property=\"og:title\" content=\"Pro Alps verleiht SBB Cargo einen Schm\u00e4hpreis\u00a0 - Organisator\" \/>\n<meta property=\"og:description\" content=\"Mit dem Kahl\u00adschlag gef\u00e4hrde SBB Cargo die Zukunft des Schweizer Schienen\u00adg\u00fcter\u00adverkehrs. Daf\u00fcr erh\u00e4lt sie den Schm\u00e4h\u00adpreis \u00abTeufels\u00adstein\u00bb.\" \/>\n<meta property=\"og:url\" content=\"https:\/\/www.organisator.ch\/en\/operational-excellence\/2025-10-29\/pro-alps-verleiht-sbb-cargo-einen-schmaehpreis\/\" \/>\n<meta property=\"og:site_name\" content=\"Organisator\" \/>\n<meta property=\"article:publisher\" content=\"https:\/\/www.facebook.com\/OrganisatorFachmagazin\" \/>\n<meta property=\"article:published_time\" content=\"2025-10-29T13:24:39+00:00\" \/>\n<meta property=\"article:modified_time\" content=\"2025-10-30T07:25:32+00:00\" \/>\n<meta name=\"author\" content=\"galledia\" \/>\n<meta name=\"twitter:card\" content=\"summary_large_image\" \/>\n<meta name=\"twitter:creator\" content=\"@admin\" \/>\n<script type=\"application\/ld+json\" class=\"yoast-schema-graph\">{\"@context\":\"https:\\\/\\\/schema.org\",\"@graph\":[{\"@type\":\"Article\",\"@id\":\"https:\\\/\\\/www.organisator.ch\\\/operational-excellence\\\/2025-10-29\\\/pro-alps-verleiht-sbb-cargo-einen-schmaehpreis\\\/#article\",\"isPartOf\":{\"@id\":\"https:\\\/\\\/www.organisator.ch\\\/operational-excellence\\\/2025-10-29\\\/pro-alps-verleiht-sbb-cargo-einen-schmaehpreis\\\/\"},\"author\":{\"name\":\"galledia\",\"@id\":\"https:\\\/\\\/www.organisator.ch\\\/#\\\/schema\\\/person\\\/4e51799071cd2dd1232ac003643ef5f0\"},\"headline\":\"Pro Alps verleiht SBB Cargo einen Schm\u00e4hpreis\u00a0\",\"datePublished\":\"2025-10-29T13:24:39+00:00\",\"dateModified\":\"2025-10-30T07:25:32+00:00\",\"mainEntityOfPage\":{\"@id\":\"https:\\\/\\\/www.organisator.ch\\\/operational-excellence\\\/2025-10-29\\\/pro-alps-verleiht-sbb-cargo-einen-schmaehpreis\\\/\"},\"wordCount\":524,\"publisher\":{\"@id\":\"https:\\\/\\\/www.organisator.ch\\\/#organization\"},\"image\":{\"@id\":\"https:\\\/\\\/www.organisator.ch\\\/operational-excellence\\\/2025-10-29\\\/pro-alps-verleiht-sbb-cargo-einen-schmaehpreis\\\/#primaryimage\"},\"thumbnailUrl\":\"https:\\\/\\\/www.markt-kom.com\\\/wp-content\\\/uploads\\\/2025\\\/10\\\/Bildschirmfoto-2025-10-29-um-14.22.21-600x365.png\",\"keywords\":[\"Awards\",\"Business\",\"G\u00fcterverkehr\",\"Medien\",\"Pro Alps\",\"SBB\",\"SBB Cargo\",\"Schm\u00e4hpreis\"],\"articleSection\":[\"OPERATIONAL EXCELLENCE\"],\"inLanguage\":\"en-US\"},{\"@type\":\"WebPage\",\"@id\":\"https:\\\/\\\/www.organisator.ch\\\/operational-excellence\\\/2025-10-29\\\/pro-alps-verleiht-sbb-cargo-einen-schmaehpreis\\\/\",\"url\":\"https:\\\/\\\/www.organisator.ch\\\/operational-excellence\\\/2025-10-29\\\/pro-alps-verleiht-sbb-cargo-einen-schmaehpreis\\\/\",\"name\":\"Pro Alps verleiht SBB Cargo einen Schm\u00e4hpreis\u00a0 - Organisator\",\"isPartOf\":{\"@id\":\"https:\\\/\\\/www.organisator.ch\\\/#website\"},\"primaryImageOfPage\":{\"@id\":\"https:\\\/\\\/www.organisator.ch\\\/operational-excellence\\\/2025-10-29\\\/pro-alps-verleiht-sbb-cargo-einen-schmaehpreis\\\/#primaryimage\"},\"image\":{\"@id\":\"https:\\\/\\\/www.organisator.ch\\\/operational-excellence\\\/2025-10-29\\\/pro-alps-verleiht-sbb-cargo-einen-schmaehpreis\\\/#primaryimage\"},\"thumbnailUrl\":\"https:\\\/\\\/www.markt-kom.com\\\/wp-content\\\/uploads\\\/2025\\\/10\\\/Bildschirmfoto-2025-10-29-um-14.22.21-600x365.png\",\"datePublished\":\"2025-10-29T13:24:39+00:00\",\"dateModified\":\"2025-10-30T07:25:32+00:00\",\"description\":\"Mit dem Kahl\u00adschlag gef\u00e4hrde SBB Cargo die Zukunft des Schweizer Schienen\u00adg\u00fcter\u00adverkehrs. Daf\u00fcr erh\u00e4lt sie den Schm\u00e4h\u00adpreis \u00abTeufels\u00adstein\u00bb.\",\"breadcrumb\":{\"@id\":\"https:\\\/\\\/www.organisator.ch\\\/operational-excellence\\\/2025-10-29\\\/pro-alps-verleiht-sbb-cargo-einen-schmaehpreis\\\/#breadcrumb\"},\"inLanguage\":\"en-US\",\"potentialAction\":[{\"@type\":\"ReadAction\",\"target\":[\"https:\\\/\\\/www.organisator.ch\\\/operational-excellence\\\/2025-10-29\\\/pro-alps-verleiht-sbb-cargo-einen-schmaehpreis\\\/\"]}]},{\"@type\":\"ImageObject\",\"inLanguage\":\"en-US\",\"@id\":\"https:\\\/\\\/www.organisator.ch\\\/operational-excellence\\\/2025-10-29\\\/pro-alps-verleiht-sbb-cargo-einen-schmaehpreis\\\/#primaryimage\",\"url\":\"https:\\\/\\\/www.markt-kom.com\\\/wp-content\\\/uploads\\\/2025\\\/10\\\/Bildschirmfoto-2025-10-29-um-14.22.21-600x365.png\",\"contentUrl\":\"https:\\\/\\\/www.markt-kom.com\\\/wp-content\\\/uploads\\\/2025\\\/10\\\/Bildschirmfoto-2025-10-29-um-14.22.21-600x365.png\"},{\"@type\":\"BreadcrumbList\",\"@id\":\"https:\\\/\\\/www.organisator.ch\\\/operational-excellence\\\/2025-10-29\\\/pro-alps-verleiht-sbb-cargo-einen-schmaehpreis\\\/#breadcrumb\",\"itemListElement\":[{\"@type\":\"ListItem\",\"position\":1,\"name\":\"Home\",\"item\":\"https:\\\/\\\/www.organisator.ch\\\/\"},{\"@type\":\"ListItem\",\"position\":2,\"name\":\"Pro Alps verleiht SBB Cargo einen Schm\u00e4hpreis\u00a0\"}]},{\"@type\":\"WebSite\",\"@id\":\"https:\\\/\\\/www.organisator.ch\\\/#website\",\"url\":\"https:\\\/\\\/www.organisator.ch\\\/\",\"name\":\"Organisator\",\"description\":\"Kompetent. Praxisnah. Der ORGANISATOR bereitet in 10 Ausgaben pro Jahr die wesentlichen Themen f\u00fcr F\u00fchrungskr\u00e4fte von KMU auf.\",\"publisher\":{\"@id\":\"https:\\\/\\\/www.organisator.ch\\\/#organization\"},\"potentialAction\":[{\"@type\":\"SearchAction\",\"target\":{\"@type\":\"EntryPoint\",\"urlTemplate\":\"https:\\\/\\\/www.organisator.ch\\\/?s={search_term_string}\"},\"query-input\":{\"@type\":\"PropertyValueSpecification\",\"valueRequired\":true,\"valueName\":\"search_term_string\"}}],\"inLanguage\":\"en-US\"},{\"@type\":\"Organization\",\"@id\":\"https:\\\/\\\/www.organisator.ch\\\/#organization\",\"name\":\"Organisator\",\"url\":\"https:\\\/\\\/www.organisator.ch\\\/\",\"logo\":{\"@type\":\"ImageObject\",\"inLanguage\":\"en-US\",\"@id\":\"https:\\\/\\\/www.organisator.ch\\\/#\\\/schema\\\/logo\\\/image\\\/\",\"url\":\"https:\\\/\\\/www.organisator.ch\\\/wp-content\\\/uploads\\\/2022\\\/01\\\/Logo_Organisator_Website.png\",\"contentUrl\":\"https:\\\/\\\/www.organisator.ch\\\/wp-content\\\/uploads\\\/2022\\\/01\\\/Logo_Organisator_Website.png\",\"width\":800,\"height\":77,\"caption\":\"Organisator\"},\"image\":{\"@id\":\"https:\\\/\\\/www.organisator.ch\\\/#\\\/schema\\\/logo\\\/image\\\/\"},\"sameAs\":[\"https:\\\/\\\/www.facebook.com\\\/OrganisatorFachmagazin\",\"https:\\\/\\\/www.linkedin.com\\\/showcase\\\/organisator-das-magazin-fr-kmu\",\"https:\\\/\\\/www.xing.com\\\/news\\\/pages\\\/organisator-ch-695\",\"https:\\\/\\\/www.youtube.com\\\/channel\\\/UCGP2Sq0iWaZwT3BdIAQFYpw\"]},{\"@type\":\"Person\",\"@id\":\"https:\\\/\\\/www.organisator.ch\\\/#\\\/schema\\\/person\\\/4e51799071cd2dd1232ac003643ef5f0\",\"name\":\"galledia\",\"image\":{\"@type\":\"ImageObject\",\"inLanguage\":\"en-US\",\"@id\":\"https:\\\/\\\/secure.gravatar.com\\\/avatar\\\/78a7f90c01fc2bfc875782a0d4922b37cde2cf184ce347b91316d23cd7f69a36?s=96&d=mm&r=g\",\"url\":\"https:\\\/\\\/secure.gravatar.com\\\/avatar\\\/78a7f90c01fc2bfc875782a0d4922b37cde2cf184ce347b91316d23cd7f69a36?s=96&d=mm&r=g\",\"contentUrl\":\"https:\\\/\\\/secure.gravatar.com\\\/avatar\\\/78a7f90c01fc2bfc875782a0d4922b37cde2cf184ce347b91316d23cd7f69a36?s=96&d=mm&r=g\",\"caption\":\"galledia\"},\"sameAs\":[\"https:\\\/\\\/x.com\\\/admin\"],\"url\":\"https:\\\/\\\/www.organisator.ch\\\/en\\\/author\\\/galledia\\\/\"}]}<\/script>\n<!-- \/ Yoast SEO plugin. -->","yoast_head_json":{"title":"Pro Alps presents SBB Cargo with an invective award - organizer","description":"SBB Cargo is jeopardizing the future of Swiss rail freight transport with this cutback. For this, it receives the \u00abDevil's Stone\u00bb invective award.","robots":{"index":"index","follow":"follow","max-snippet":"max-snippet:-1","max-image-preview":"max-image-preview:large","max-video-preview":"max-video-preview:-1"},"canonical":"https:\/\/www.organisator.ch\/en\/operational-excellence\/2025-10-29\/pro-alps-verleiht-sbb-cargo-einen-schmaehpreis\/","og_locale":"en_US","og_type":"article","og_title":"Pro Alps verleiht SBB Cargo einen Schm\u00e4hpreis\u00a0 - Organisator","og_description":"Mit dem Kahl\u00adschlag gef\u00e4hrde SBB Cargo die Zukunft des Schweizer Schienen\u00adg\u00fcter\u00adverkehrs. Daf\u00fcr erh\u00e4lt sie den Schm\u00e4h\u00adpreis \u00abTeufels\u00adstein\u00bb.","og_url":"https:\/\/www.organisator.ch\/en\/operational-excellence\/2025-10-29\/pro-alps-verleiht-sbb-cargo-einen-schmaehpreis\/","og_site_name":"Organisator","article_publisher":"https:\/\/www.facebook.com\/OrganisatorFachmagazin","article_published_time":"2025-10-29T13:24:39+00:00","article_modified_time":"2025-10-30T07:25:32+00:00","author":"galledia","twitter_card":"summary_large_image","twitter_creator":"@admin","schema":{"@context":"https:\/\/schema.org","@graph":[{"@type":"Article","@id":"https:\/\/www.organisator.ch\/operational-excellence\/2025-10-29\/pro-alps-verleiht-sbb-cargo-einen-schmaehpreis\/#article","isPartOf":{"@id":"https:\/\/www.organisator.ch\/operational-excellence\/2025-10-29\/pro-alps-verleiht-sbb-cargo-einen-schmaehpreis\/"},"author":{"name":"galledia","@id":"https:\/\/www.organisator.ch\/#\/schema\/person\/4e51799071cd2dd1232ac003643ef5f0"},"headline":"Pro Alps verleiht SBB Cargo einen Schm\u00e4hpreis\u00a0","datePublished":"2025-10-29T13:24:39+00:00","dateModified":"2025-10-30T07:25:32+00:00","mainEntityOfPage":{"@id":"https:\/\/www.organisator.ch\/operational-excellence\/2025-10-29\/pro-alps-verleiht-sbb-cargo-einen-schmaehpreis\/"},"wordCount":524,"publisher":{"@id":"https:\/\/www.organisator.ch\/#organization"},"image":{"@id":"https:\/\/www.organisator.ch\/operational-excellence\/2025-10-29\/pro-alps-verleiht-sbb-cargo-einen-schmaehpreis\/#primaryimage"},"thumbnailUrl":"https:\/\/www.markt-kom.com\/wp-content\/uploads\/2025\/10\/Bildschirmfoto-2025-10-29-um-14.22.21-600x365.png","keywords":["Awards","Business","G\u00fcterverkehr","Medien","Pro Alps","SBB","SBB Cargo","Schm\u00e4hpreis"],"articleSection":["OPERATIONAL EXCELLENCE"],"inLanguage":"en-US"},{"@type":"WebPage","@id":"https:\/\/www.organisator.ch\/operational-excellence\/2025-10-29\/pro-alps-verleiht-sbb-cargo-einen-schmaehpreis\/","url":"https:\/\/www.organisator.ch\/operational-excellence\/2025-10-29\/pro-alps-verleiht-sbb-cargo-einen-schmaehpreis\/","name":"Pro Alps presents SBB Cargo with an invective award - organizer","isPartOf":{"@id":"https:\/\/www.organisator.ch\/#website"},"primaryImageOfPage":{"@id":"https:\/\/www.organisator.ch\/operational-excellence\/2025-10-29\/pro-alps-verleiht-sbb-cargo-einen-schmaehpreis\/#primaryimage"},"image":{"@id":"https:\/\/www.organisator.ch\/operational-excellence\/2025-10-29\/pro-alps-verleiht-sbb-cargo-einen-schmaehpreis\/#primaryimage"},"thumbnailUrl":"https:\/\/www.markt-kom.com\/wp-content\/uploads\/2025\/10\/Bildschirmfoto-2025-10-29-um-14.22.21-600x365.png","datePublished":"2025-10-29T13:24:39+00:00","dateModified":"2025-10-30T07:25:32+00:00","description":"SBB Cargo is jeopardizing the future of Swiss rail freight transport with this cutback. For this, it receives the \u00abDevil's Stone\u00bb invective award.","breadcrumb":{"@id":"https:\/\/www.organisator.ch\/operational-excellence\/2025-10-29\/pro-alps-verleiht-sbb-cargo-einen-schmaehpreis\/#breadcrumb"},"inLanguage":"en-US","potentialAction":[{"@type":"ReadAction","target":["https:\/\/www.organisator.ch\/operational-excellence\/2025-10-29\/pro-alps-verleiht-sbb-cargo-einen-schmaehpreis\/"]}]},{"@type":"ImageObject","inLanguage":"en-US","@id":"https:\/\/www.organisator.ch\/operational-excellence\/2025-10-29\/pro-alps-verleiht-sbb-cargo-einen-schmaehpreis\/#primaryimage","url":"https:\/\/www.markt-kom.com\/wp-content\/uploads\/2025\/10\/Bildschirmfoto-2025-10-29-um-14.22.21-600x365.png","contentUrl":"https:\/\/www.markt-kom.com\/wp-content\/uploads\/2025\/10\/Bildschirmfoto-2025-10-29-um-14.22.21-600x365.png"},{"@type":"BreadcrumbList","@id":"https:\/\/www.organisator.ch\/operational-excellence\/2025-10-29\/pro-alps-verleiht-sbb-cargo-einen-schmaehpreis\/#breadcrumb","itemListElement":[{"@type":"ListItem","position":1,"name":"Home","item":"https:\/\/www.organisator.ch\/"},{"@type":"ListItem","position":2,"name":"Pro Alps verleiht SBB Cargo einen Schm\u00e4hpreis\u00a0"}]},{"@type":"WebSite","@id":"https:\/\/www.organisator.ch\/#website","url":"https:\/\/www.organisator.ch\/","name":"Organizer","description":"Competent. Practical. In 10 issues per year, ORGANISATOR presents the essential topics for managers of SMEs.","publisher":{"@id":"https:\/\/www.organisator.ch\/#organization"},"potentialAction":[{"@type":"SearchAction","target":{"@type":"EntryPoint","urlTemplate":"https:\/\/www.organisator.ch\/?s={search_term_string}"},"query-input":{"@type":"PropertyValueSpecification","valueRequired":true,"valueName":"search_term_string"}}],"inLanguage":"en-US"},{"@type":"Organization","@id":"https:\/\/www.organisator.ch\/#organization","name":"Organizer","url":"https:\/\/www.organisator.ch\/","logo":{"@type":"ImageObject","inLanguage":"en-US","@id":"https:\/\/www.organisator.ch\/#\/schema\/logo\/image\/","url":"https:\/\/www.organisator.ch\/wp-content\/uploads\/2022\/01\/Logo_Organisator_Website.png","contentUrl":"https:\/\/www.organisator.ch\/wp-content\/uploads\/2022\/01\/Logo_Organisator_Website.png","width":800,"height":77,"caption":"Organisator"},"image":{"@id":"https:\/\/www.organisator.ch\/#\/schema\/logo\/image\/"},"sameAs":["https:\/\/www.facebook.com\/OrganisatorFachmagazin","https:\/\/www.linkedin.com\/showcase\/organisator-das-magazin-fr-kmu","https:\/\/www.xing.com\/news\/pages\/organisator-ch-695","https:\/\/www.youtube.com\/channel\/UCGP2Sq0iWaZwT3BdIAQFYpw"]},{"@type":"Person","@id":"https:\/\/www.organisator.ch\/#\/schema\/person\/4e51799071cd2dd1232ac003643ef5f0","name":"galledia","image":{"@type":"ImageObject","inLanguage":"en-US","@id":"https:\/\/secure.gravatar.com\/avatar\/78a7f90c01fc2bfc875782a0d4922b37cde2cf184ce347b91316d23cd7f69a36?s=96&d=mm&r=g","url":"https:\/\/secure.gravatar.com\/avatar\/78a7f90c01fc2bfc875782a0d4922b37cde2cf184ce347b91316d23cd7f69a36?s=96&d=mm&r=g","contentUrl":"https:\/\/secure.gravatar.com\/avatar\/78a7f90c01fc2bfc875782a0d4922b37cde2cf184ce347b91316d23cd7f69a36?s=96&d=mm&r=g","caption":"galledia"},"sameAs":["https:\/\/x.com\/admin"],"url":"https:\/\/www.organisator.ch\/en\/author\/galledia\/"}]}},"_links":{"self":[{"href":"https:\/\/www.organisator.ch\/en\/wp-json\/wp\/v2\/posts\/41612","targetHints":{"allow":["GET"]}}],"collection":[{"href":"https:\/\/www.organisator.ch\/en\/wp-json\/wp\/v2\/posts"}],"about":[{"href":"https:\/\/www.organisator.ch\/en\/wp-json\/wp\/v2\/types\/post"}],"author":[{"embeddable":true,"href":"https:\/\/www.organisator.ch\/en\/wp-json\/wp\/v2\/users\/8"}],"replies":[{"embeddable":true,"href":"https:\/\/www.organisator.ch\/en\/wp-json\/wp\/v2\/comments?post=41612"}],"version-history":[{"count":5,"href":"https:\/\/www.organisator.ch\/en\/wp-json\/wp\/v2\/posts\/41612\/revisions"}],"predecessor-version":[{"id":41630,"href":"https:\/\/www.organisator.ch\/en\/wp-json\/wp\/v2\/posts\/41612\/revisions\/41630"}],"wp:attachment":[{"href":"https:\/\/www.organisator.ch\/en\/wp-json\/wp\/v2\/media?parent=41612"}],"wp:term":[{"taxonomy":"category","embeddable":true,"href":"https:\/\/www.organisator.ch\/en\/wp-json\/wp\/v2\/categories?post=41612"},{"taxonomy":"post_tag","embeddable":true,"href":"https:\/\/www.organisator.ch\/en\/wp-json\/wp\/v2\/tags?post=41612"}],"curies":[{"name":"wp","href":"https:\/\/api.w.org\/{rel}","templated":true}]}}