{"id":4182,"date":"2018-09-05T12:02:55","date_gmt":"2018-09-05T10:02:55","guid":{"rendered":"https:\/\/www.organisator.ch\/?p=4182"},"modified":"2018-09-05T12:02:55","modified_gmt":"2018-09-05T10:02:55","slug":"kummli-talk-am-passione-engadina","status":"publish","type":"post","link":"https:\/\/www.organisator.ch\/en\/allgemein\/2018-09-05\/kummli-talk-am-passione-engadina\/","title":{"rendered":"Kummli Talk at Passione Engadina"},"content":{"rendered":"<figure id=\"attachment_4184\" aria-describedby=\"caption-attachment-4184\" style=\"width: 640px\" class=\"wp-caption alignnone\"><img loading=\"lazy\" decoding=\"async\" class=\"size-full wp-image-4184\" src=\"https:\/\/www.organisator.ch\/wp-content\/uploads\/2018\/09\/Kummli-Talk-am-Passione-Engadina-1_Organisator.jpg\" alt=\"\" width=\"640\" height=\"380\" srcset=\"https:\/\/www.organisator.ch\/wp-content\/uploads\/2018\/09\/Kummli-Talk-am-Passione-Engadina-1_Organisator.jpg 640w, https:\/\/www.organisator.ch\/wp-content\/uploads\/2018\/09\/Kummli-Talk-am-Passione-Engadina-1_Organisator-16x10.jpg 16w, https:\/\/www.organisator.ch\/wp-content\/uploads\/2018\/09\/Kummli-Talk-am-Passione-Engadina-1_Organisator-295x175.jpg 295w, https:\/\/www.organisator.ch\/wp-content\/uploads\/2018\/09\/Kummli-Talk-am-Passione-Engadina-1_Organisator-589x350.jpg 589w, https:\/\/www.organisator.ch\/wp-content\/uploads\/2018\/09\/Kummli-Talk-am-Passione-Engadina-1_Organisator-300x178.jpg 300w\" sizes=\"auto, (max-width: 640px) 100vw, 640px\" \/><figcaption id=\"caption-attachment-4184\" class=\"wp-caption-text\">Participants of the \"Kummli Talk\" at Passione Engadina, with host Piergiorgio Cecco of Maserati Switzerland (back row, 4th from left), Michelle R\u00fctti-Kummli (center) and Rolf Kummli (3rd from right). (Picture: Thomas Berner)<\/figcaption><\/figure>\n<p align=\"LEFT\">Decision-makers meet decision-makers: This is the motto of the entrepreneur network MCT-KUMMLI, founded by Rolf Kummli and today continued by his daughter Michelle R\u00fctti-Kummli. The network has become known throughout the country, for example, with the twice-yearly entrepreneurial forum\u00a0<a href=\"http:\/\/www.mct-kummli.com\/de\/know_how_place\">KNOW HOW PLACE<\/a> in Sempach. The idea: to network decision-makers from SMEs to global players at exclusive events - by personal invitation. In addition to the above-mentioned events in Sempach, MCT-KUMMLI also organizes smaller events throughout the year, the so-called \"Kummli-Talks\". Participants are regularly invited to companies with which the network maintains mutually beneficial partnerships.<\/p>\n<h2 align=\"LEFT\">Under the sign of Maserati<\/h2>\n<p align=\"LEFT\">With this in mind, a good dozen decision-makers met for another \"Kummli Talk\" on August 26, exclusively at the <a href=\"http:\/\/www.passione-engadina.ch\/\">Passione Engadina<\/a> in St.Moritz. This visit was made possible by MCT-KUMMLI's long-standing partnership with Maserati Switzerland. Maserati was this year's main sponsor of the traditional meeting of old- and youngtimers of Italian provenance, which was held for the seventh time in the Upper Engadine. Fans and drivers of historic vehicles from Lancia, Alfa Romeo, Fiat and, of course, from the noble brands such as Ferrari and Maserati celebrated a weekend full of Italian lifestyle. Maserati in particular is a good example of this \"Italianit\u00e0\": some people immediately associate the brand with names like Bora, Ghibli or Khamsin. These models, built in the 1960s and 1970s, are considered by many to be among the most beautiful sports cars ever built. In fact, Maserati has always been able to secure the collaboration of renowned Italian constructors and designers: Vignale, Bertone or also Pininfarina are to be mentioned here. However, other automotive connoisseurs also see the long-standing problems that the House of Maserati has had. Especially in the 1980s, the name did not necessarily stand for high production quality and operational reliability. Tempi passati: Since Fiat and Ferrari took the brand under their wings in 1994, things have been looking up again. Today, Maserati is a force to be reckoned with in the high-performance sports car segment.<\/p>\n<figure id=\"attachment_4185\" aria-describedby=\"caption-attachment-4185\" style=\"width: 640px\" class=\"wp-caption alignnone\"><img loading=\"lazy\" decoding=\"async\" class=\"size-full wp-image-4185\" src=\"https:\/\/www.organisator.ch\/wp-content\/uploads\/2018\/09\/Kummli-Talk-am-Passione-Engadina-2_Organisator.jpg\" alt=\"\" width=\"640\" height=\"474\" srcset=\"https:\/\/www.organisator.ch\/wp-content\/uploads\/2018\/09\/Kummli-Talk-am-Passione-Engadina-2_Organisator.jpg 640w, https:\/\/www.organisator.ch\/wp-content\/uploads\/2018\/09\/Kummli-Talk-am-Passione-Engadina-2_Organisator-16x12.jpg 16w, https:\/\/www.organisator.ch\/wp-content\/uploads\/2018\/09\/Kummli-Talk-am-Passione-Engadina-2_Organisator-236x175.jpg 236w, https:\/\/www.organisator.ch\/wp-content\/uploads\/2018\/09\/Kummli-Talk-am-Passione-Engadina-2_Organisator-473x350.jpg 473w, https:\/\/www.organisator.ch\/wp-content\/uploads\/2018\/09\/Kummli-Talk-am-Passione-Engadina-2_Organisator-300x222.jpg 300w\" sizes=\"auto, (max-width: 640px) 100vw, 640px\" \/><figcaption id=\"caption-attachment-4185\" class=\"wp-caption-text\">Classics of the cult brand Maserati: Mexico, Ghibli, Khamsin (from front to back). (Image: Thomas Berner)<\/figcaption><\/figure>\n<h2 align=\"LEFT\">Networking in a small but nice setting<\/h2>\n<p align=\"LEFT\">The participants of MCT-KUMMLI learned this at first hand. Under the guidance of Piergiorgio Cecco, Country Manager DACH, they received a lot of interesting and detailed information about this cult brand. Last but not least, they were also allowed to extensively test drive some of the current Maserati models - an opportunity that was, of course, gladly taken.<\/p>\n<figure id=\"attachment_4186\" aria-describedby=\"caption-attachment-4186\" style=\"width: 480px\" class=\"wp-caption alignnone\"><img loading=\"lazy\" decoding=\"async\" class=\"size-full wp-image-4186\" src=\"https:\/\/www.organisator.ch\/wp-content\/uploads\/2018\/09\/Kummli-Talk-am-Passione-Engadina-3_Organisator.jpg\" alt=\"\" width=\"480\" height=\"503\" srcset=\"https:\/\/www.organisator.ch\/wp-content\/uploads\/2018\/09\/Kummli-Talk-am-Passione-Engadina-3_Organisator.jpg 480w, https:\/\/www.organisator.ch\/wp-content\/uploads\/2018\/09\/Kummli-Talk-am-Passione-Engadina-3_Organisator-11x12.jpg 11w, https:\/\/www.organisator.ch\/wp-content\/uploads\/2018\/09\/Kummli-Talk-am-Passione-Engadina-3_Organisator-167x175.jpg 167w, https:\/\/www.organisator.ch\/wp-content\/uploads\/2018\/09\/Kummli-Talk-am-Passione-Engadina-3_Organisator-334x350.jpg 334w, https:\/\/www.organisator.ch\/wp-content\/uploads\/2018\/09\/Kummli-Talk-am-Passione-Engadina-3_Organisator-300x314.jpg 300w\" sizes=\"auto, (max-width: 480px) 100vw, 480px\" \/><figcaption id=\"caption-attachment-4186\" class=\"wp-caption-text\">Piergiorgio Cecco with Michelle R\u00fctti-Kummli. (Image: Thomas Berner)<\/figcaption><\/figure>\n<p align=\"LEFT\">In St.Moritz, however, it was not just about cars. The \"Kummli Talk\" offered an excellent opportunity to talk about work, business and hobbies in an informal setting. This is an opportunity that is rarely found at large SME events - the Kummli family's claim to ensure a \"hand-picked\" mix of industries and participants at their events guarantees this.<\/p>\n<p align=\"LEFT\"><em>For more information on becoming a member of MCT-KUMMLI: <\/em><a href=\"http:\/\/www.mct-kummli.com\"><em>www.mct-kummli.com<\/em><\/a><\/p>\n<p>&nbsp;<\/p>\n<p>&nbsp;<\/p>","protected":false},"excerpt":{"rendered":"<p>Entscheider begegnen Entscheidern: Das ist das tragende Motto des Unternehmer-Netzwerks MCT-KUMMLI, begr\u00fcndet von Rolf Kummli, heute weitergef\u00fchrt durch seine Tochter Michelle R\u00fctti-Kummli. Landesweite Bekanntheit erlangt hat das Netzwerk etwa mit dem zweimal j\u00e4hrlich durchgef\u00fchrten Unternehmer-Forums\u00a0KNOW HOW PLACE in Sempach. Die Idee: Entscheider aus KMU bis Global Player an exklusiven Anl\u00e4ssen zu vernetzen \u2013 auf pers\u00f6nliche [&hellip;]<\/p>\n","protected":false},"author":4,"featured_media":4185,"comment_status":"open","ping_status":"open","sticky":false,"template":"","format":"standard","meta":{"_acf_changed":false,"_yoast_wpseo_focuskw":"Kummli-Talk","_yoast_wpseo_metadesc":"Am 26. August trafen sich gut ein Dutzend Entscheider zum \"Kummli-Talk\" am Passione Engadina in St.Moritz, erm\u00f6glicht durch Maserati Schweiz.","articlekey":"","footnotes":""},"categories":[1],"tags":[334,492,502,508],"class_list":["post-4182","post","type-post","status-publish","format-standard","has-post-thumbnail","hentry","category-allgemein","tag-management","tag-unternehmen","tag-veranstaltungen","tag-vermischtes"],"acf":[],"yoast_head":"<!-- This site is optimized with the Yoast SEO plugin v27.5 - https:\/\/yoast.com\/product\/yoast-seo-wordpress\/ -->\n<title>Kummli-Talk am Passione Engadina - Organisator<\/title>\n<meta name=\"description\" content=\"Am 26. August trafen sich gut ein Dutzend Entscheider zum &quot;Kummli-Talk&quot; am Passione Engadina in St.Moritz, erm\u00f6glicht durch Maserati Schweiz.\" \/>\n<meta name=\"robots\" content=\"index, follow, max-snippet:-1, max-image-preview:large, max-video-preview:-1\" \/>\n<link rel=\"canonical\" href=\"https:\/\/www.organisator.ch\/en\/general\/2018-09-05\/kummli-talk-am-passione-engadina\/\" \/>\n<meta property=\"og:locale\" content=\"en_US\" \/>\n<meta property=\"og:type\" content=\"article\" \/>\n<meta property=\"og:title\" content=\"Kummli-Talk am Passione Engadina\" \/>\n<meta property=\"og:description\" content=\"Am 26. August trafen sich gut ein Dutzend Entscheider zum &quot;Kummli-Talk&quot; am Passione Engadina in St.Moritz, erm\u00f6glicht durch Maserati Schweiz.\" \/>\n<meta property=\"og:url\" content=\"https:\/\/www.organisator.ch\/en\/general\/2018-09-05\/kummli-talk-am-passione-engadina\/\" \/>\n<meta property=\"og:site_name\" content=\"Organisator\" \/>\n<meta property=\"article:publisher\" content=\"https:\/\/www.facebook.com\/OrganisatorFachmagazin\" \/>\n<meta property=\"article:published_time\" content=\"2018-09-05T10:02:55+00:00\" \/>\n<meta property=\"og:image\" content=\"https:\/\/www.organisator.ch\/wp-content\/uploads\/2018\/09\/Kummli-Talk-am-Passione-Engadina-2_Organisator.jpg\" \/>\n\t<meta property=\"og:image:width\" content=\"640\" \/>\n\t<meta property=\"og:image:height\" content=\"474\" \/>\n\t<meta property=\"og:image:type\" content=\"image\/jpeg\" \/>\n<meta name=\"author\" content=\"thomas.berner\" \/>\n<meta name=\"twitter:card\" content=\"summary_large_image\" \/>\n<meta name=\"twitter:title\" content=\"#Kummli-Talk am Passione Engadina\" \/>\n<meta name=\"twitter:description\" content=\"Am 26. August trafen sich gut ein Dutzend Entscheider zum &quot;Kummli-Talk&quot; am Passione Engadina in #St.Moritz, erm\u00f6glicht durch #Maserati Schweiz.\" \/>\n<meta name=\"twitter:image\" content=\"https:\/\/www.organisator.ch\/wp-content\/uploads\/2018\/09\/Kummli-Talk-am-Passione-Engadina-2_Organisator.jpg\" \/>\n<script type=\"application\/ld+json\" class=\"yoast-schema-graph\">{\"@context\":\"https:\\\/\\\/schema.org\",\"@graph\":[{\"@type\":\"Article\",\"@id\":\"https:\\\/\\\/www.organisator.ch\\\/de\\\/allgemein\\\/2018-09-05\\\/kummli-talk-am-passione-engadina\\\/#article\",\"isPartOf\":{\"@id\":\"https:\\\/\\\/www.organisator.ch\\\/de\\\/allgemein\\\/2018-09-05\\\/kummli-talk-am-passione-engadina\\\/\"},\"author\":{\"name\":\"thomas.berner\",\"@id\":\"https:\\\/\\\/www.organisator.ch\\\/#\\\/schema\\\/person\\\/6f650f90b2842cd4c0cc334b4e36f67e\"},\"headline\":\"Kummli-Talk am Passione Engadina\",\"datePublished\":\"2018-09-05T10:02:55+00:00\",\"mainEntityOfPage\":{\"@id\":\"https:\\\/\\\/www.organisator.ch\\\/de\\\/allgemein\\\/2018-09-05\\\/kummli-talk-am-passione-engadina\\\/\"},\"wordCount\":543,\"commentCount\":0,\"publisher\":{\"@id\":\"https:\\\/\\\/www.organisator.ch\\\/#organization\"},\"image\":{\"@id\":\"https:\\\/\\\/www.organisator.ch\\\/de\\\/allgemein\\\/2018-09-05\\\/kummli-talk-am-passione-engadina\\\/#primaryimage\"},\"thumbnailUrl\":\"https:\\\/\\\/www.organisator.ch\\\/wp-content\\\/uploads\\\/2018\\\/09\\\/Kummli-Talk-am-Passione-Engadina-2_Organisator.jpg\",\"keywords\":[\"Management\",\"Unternehmen\",\"Veranstaltungen\",\"Vermischtes\"],\"articleSection\":[\"Allgemein\"],\"inLanguage\":\"en-US\"},{\"@type\":\"WebPage\",\"@id\":\"https:\\\/\\\/www.organisator.ch\\\/de\\\/allgemein\\\/2018-09-05\\\/kummli-talk-am-passione-engadina\\\/\",\"url\":\"https:\\\/\\\/www.organisator.ch\\\/de\\\/allgemein\\\/2018-09-05\\\/kummli-talk-am-passione-engadina\\\/\",\"name\":\"Kummli-Talk am Passione Engadina - Organisator\",\"isPartOf\":{\"@id\":\"https:\\\/\\\/www.organisator.ch\\\/#website\"},\"primaryImageOfPage\":{\"@id\":\"https:\\\/\\\/www.organisator.ch\\\/de\\\/allgemein\\\/2018-09-05\\\/kummli-talk-am-passione-engadina\\\/#primaryimage\"},\"image\":{\"@id\":\"https:\\\/\\\/www.organisator.ch\\\/de\\\/allgemein\\\/2018-09-05\\\/kummli-talk-am-passione-engadina\\\/#primaryimage\"},\"thumbnailUrl\":\"https:\\\/\\\/www.organisator.ch\\\/wp-content\\\/uploads\\\/2018\\\/09\\\/Kummli-Talk-am-Passione-Engadina-2_Organisator.jpg\",\"datePublished\":\"2018-09-05T10:02:55+00:00\",\"description\":\"Am 26. August trafen sich gut ein Dutzend Entscheider zum \\\"Kummli-Talk\\\" am Passione Engadina in St.Moritz, erm\u00f6glicht durch Maserati Schweiz.\",\"breadcrumb\":{\"@id\":\"https:\\\/\\\/www.organisator.ch\\\/de\\\/allgemein\\\/2018-09-05\\\/kummli-talk-am-passione-engadina\\\/#breadcrumb\"},\"inLanguage\":\"en-US\",\"potentialAction\":[{\"@type\":\"ReadAction\",\"target\":[\"https:\\\/\\\/www.organisator.ch\\\/de\\\/allgemein\\\/2018-09-05\\\/kummli-talk-am-passione-engadina\\\/\"]}]},{\"@type\":\"ImageObject\",\"inLanguage\":\"en-US\",\"@id\":\"https:\\\/\\\/www.organisator.ch\\\/de\\\/allgemein\\\/2018-09-05\\\/kummli-talk-am-passione-engadina\\\/#primaryimage\",\"url\":\"https:\\\/\\\/www.organisator.ch\\\/wp-content\\\/uploads\\\/2018\\\/09\\\/Kummli-Talk-am-Passione-Engadina-2_Organisator.jpg\",\"contentUrl\":\"https:\\\/\\\/www.organisator.ch\\\/wp-content\\\/uploads\\\/2018\\\/09\\\/Kummli-Talk-am-Passione-Engadina-2_Organisator.jpg\",\"width\":640,\"height\":474,\"caption\":\"Klassiker der Kultmarke Maserati: Mexico, Ghibli, Khamsin (von vorne nach hinten). (Bild: Thomas Berner)\"},{\"@type\":\"BreadcrumbList\",\"@id\":\"https:\\\/\\\/www.organisator.ch\\\/de\\\/allgemein\\\/2018-09-05\\\/kummli-talk-am-passione-engadina\\\/#breadcrumb\",\"itemListElement\":[{\"@type\":\"ListItem\",\"position\":1,\"name\":\"Home\",\"item\":\"https:\\\/\\\/www.organisator.ch\\\/\"},{\"@type\":\"ListItem\",\"position\":2,\"name\":\"Kummli-Talk am Passione Engadina\"}]},{\"@type\":\"WebSite\",\"@id\":\"https:\\\/\\\/www.organisator.ch\\\/#website\",\"url\":\"https:\\\/\\\/www.organisator.ch\\\/\",\"name\":\"Organisator\",\"description\":\"Kompetent. Praxisnah. Der ORGANISATOR bereitet in 10 Ausgaben pro Jahr die wesentlichen Themen f\u00fcr F\u00fchrungskr\u00e4fte von KMU auf.\",\"publisher\":{\"@id\":\"https:\\\/\\\/www.organisator.ch\\\/#organization\"},\"potentialAction\":[{\"@type\":\"SearchAction\",\"target\":{\"@type\":\"EntryPoint\",\"urlTemplate\":\"https:\\\/\\\/www.organisator.ch\\\/?s={search_term_string}\"},\"query-input\":{\"@type\":\"PropertyValueSpecification\",\"valueRequired\":true,\"valueName\":\"search_term_string\"}}],\"inLanguage\":\"en-US\"},{\"@type\":\"Organization\",\"@id\":\"https:\\\/\\\/www.organisator.ch\\\/#organization\",\"name\":\"Organisator\",\"url\":\"https:\\\/\\\/www.organisator.ch\\\/\",\"logo\":{\"@type\":\"ImageObject\",\"inLanguage\":\"en-US\",\"@id\":\"https:\\\/\\\/www.organisator.ch\\\/#\\\/schema\\\/logo\\\/image\\\/\",\"url\":\"https:\\\/\\\/www.organisator.ch\\\/wp-content\\\/uploads\\\/2022\\\/01\\\/Logo_Organisator_Website.png\",\"contentUrl\":\"https:\\\/\\\/www.organisator.ch\\\/wp-content\\\/uploads\\\/2022\\\/01\\\/Logo_Organisator_Website.png\",\"width\":800,\"height\":77,\"caption\":\"Organisator\"},\"image\":{\"@id\":\"https:\\\/\\\/www.organisator.ch\\\/#\\\/schema\\\/logo\\\/image\\\/\"},\"sameAs\":[\"https:\\\/\\\/www.facebook.com\\\/OrganisatorFachmagazin\",\"https:\\\/\\\/www.linkedin.com\\\/showcase\\\/organisator-das-magazin-fr-kmu\",\"https:\\\/\\\/www.xing.com\\\/news\\\/pages\\\/organisator-ch-695\",\"https:\\\/\\\/www.youtube.com\\\/channel\\\/UCGP2Sq0iWaZwT3BdIAQFYpw\"]},{\"@type\":\"Person\",\"@id\":\"https:\\\/\\\/www.organisator.ch\\\/#\\\/schema\\\/person\\\/6f650f90b2842cd4c0cc334b4e36f67e\",\"name\":\"thomas.berner\",\"image\":{\"@type\":\"ImageObject\",\"inLanguage\":\"en-US\",\"@id\":\"https:\\\/\\\/secure.gravatar.com\\\/avatar\\\/ac5001d2a36cb6c6cd3e50789007ffca834b477b74a2144564522e944eabff61?s=96&d=mm&r=g\",\"url\":\"https:\\\/\\\/secure.gravatar.com\\\/avatar\\\/ac5001d2a36cb6c6cd3e50789007ffca834b477b74a2144564522e944eabff61?s=96&d=mm&r=g\",\"contentUrl\":\"https:\\\/\\\/secure.gravatar.com\\\/avatar\\\/ac5001d2a36cb6c6cd3e50789007ffca834b477b74a2144564522e944eabff61?s=96&d=mm&r=g\",\"caption\":\"thomas.berner\"},\"url\":\"https:\\\/\\\/www.organisator.ch\\\/en\\\/author\\\/thomas-berner\\\/\"}]}<\/script>\n<!-- \/ Yoast SEO plugin. -->","yoast_head_json":{"title":"Kummli Talk at Passione Engadina - Organizer","description":"On August 26, a good dozen decision-makers met for the \"Kummli Talk\" at Passione Engadina in St.Moritz, made possible by Maserati Switzerland.","robots":{"index":"index","follow":"follow","max-snippet":"max-snippet:-1","max-image-preview":"max-image-preview:large","max-video-preview":"max-video-preview:-1"},"canonical":"https:\/\/www.organisator.ch\/en\/general\/2018-09-05\/kummli-talk-am-passione-engadina\/","og_locale":"en_US","og_type":"article","og_title":"Kummli-Talk am Passione Engadina","og_description":"Am 26. August trafen sich gut ein Dutzend Entscheider zum \"Kummli-Talk\" am Passione Engadina in St.Moritz, erm\u00f6glicht durch Maserati Schweiz.","og_url":"https:\/\/www.organisator.ch\/en\/general\/2018-09-05\/kummli-talk-am-passione-engadina\/","og_site_name":"Organisator","article_publisher":"https:\/\/www.facebook.com\/OrganisatorFachmagazin","article_published_time":"2018-09-05T10:02:55+00:00","og_image":[{"width":640,"height":474,"url":"https:\/\/www.organisator.ch\/wp-content\/uploads\/2018\/09\/Kummli-Talk-am-Passione-Engadina-2_Organisator.jpg","type":"image\/jpeg"}],"author":"thomas.berner","twitter_card":"summary_large_image","twitter_title":"#Kummli-Talk am Passione Engadina","twitter_description":"Am 26. August trafen sich gut ein Dutzend Entscheider zum \"Kummli-Talk\" am Passione Engadina in #St.Moritz, erm\u00f6glicht durch #Maserati Schweiz.","twitter_image":"https:\/\/www.organisator.ch\/wp-content\/uploads\/2018\/09\/Kummli-Talk-am-Passione-Engadina-2_Organisator.jpg","schema":{"@context":"https:\/\/schema.org","@graph":[{"@type":"Article","@id":"https:\/\/www.organisator.ch\/de\/allgemein\/2018-09-05\/kummli-talk-am-passione-engadina\/#article","isPartOf":{"@id":"https:\/\/www.organisator.ch\/de\/allgemein\/2018-09-05\/kummli-talk-am-passione-engadina\/"},"author":{"name":"thomas.berner","@id":"https:\/\/www.organisator.ch\/#\/schema\/person\/6f650f90b2842cd4c0cc334b4e36f67e"},"headline":"Kummli-Talk am Passione Engadina","datePublished":"2018-09-05T10:02:55+00:00","mainEntityOfPage":{"@id":"https:\/\/www.organisator.ch\/de\/allgemein\/2018-09-05\/kummli-talk-am-passione-engadina\/"},"wordCount":543,"commentCount":0,"publisher":{"@id":"https:\/\/www.organisator.ch\/#organization"},"image":{"@id":"https:\/\/www.organisator.ch\/de\/allgemein\/2018-09-05\/kummli-talk-am-passione-engadina\/#primaryimage"},"thumbnailUrl":"https:\/\/www.organisator.ch\/wp-content\/uploads\/2018\/09\/Kummli-Talk-am-Passione-Engadina-2_Organisator.jpg","keywords":["Management","Unternehmen","Veranstaltungen","Vermischtes"],"articleSection":["Allgemein"],"inLanguage":"en-US"},{"@type":"WebPage","@id":"https:\/\/www.organisator.ch\/de\/allgemein\/2018-09-05\/kummli-talk-am-passione-engadina\/","url":"https:\/\/www.organisator.ch\/de\/allgemein\/2018-09-05\/kummli-talk-am-passione-engadina\/","name":"Kummli Talk at Passione Engadina - Organizer","isPartOf":{"@id":"https:\/\/www.organisator.ch\/#website"},"primaryImageOfPage":{"@id":"https:\/\/www.organisator.ch\/de\/allgemein\/2018-09-05\/kummli-talk-am-passione-engadina\/#primaryimage"},"image":{"@id":"https:\/\/www.organisator.ch\/de\/allgemein\/2018-09-05\/kummli-talk-am-passione-engadina\/#primaryimage"},"thumbnailUrl":"https:\/\/www.organisator.ch\/wp-content\/uploads\/2018\/09\/Kummli-Talk-am-Passione-Engadina-2_Organisator.jpg","datePublished":"2018-09-05T10:02:55+00:00","description":"On August 26, a good dozen decision-makers met for the \"Kummli Talk\" at Passione Engadina in St.Moritz, made possible by Maserati Switzerland.","breadcrumb":{"@id":"https:\/\/www.organisator.ch\/de\/allgemein\/2018-09-05\/kummli-talk-am-passione-engadina\/#breadcrumb"},"inLanguage":"en-US","potentialAction":[{"@type":"ReadAction","target":["https:\/\/www.organisator.ch\/de\/allgemein\/2018-09-05\/kummli-talk-am-passione-engadina\/"]}]},{"@type":"ImageObject","inLanguage":"en-US","@id":"https:\/\/www.organisator.ch\/de\/allgemein\/2018-09-05\/kummli-talk-am-passione-engadina\/#primaryimage","url":"https:\/\/www.organisator.ch\/wp-content\/uploads\/2018\/09\/Kummli-Talk-am-Passione-Engadina-2_Organisator.jpg","contentUrl":"https:\/\/www.organisator.ch\/wp-content\/uploads\/2018\/09\/Kummli-Talk-am-Passione-Engadina-2_Organisator.jpg","width":640,"height":474,"caption":"Klassiker der Kultmarke Maserati: Mexico, Ghibli, Khamsin (von vorne nach hinten). (Bild: Thomas Berner)"},{"@type":"BreadcrumbList","@id":"https:\/\/www.organisator.ch\/de\/allgemein\/2018-09-05\/kummli-talk-am-passione-engadina\/#breadcrumb","itemListElement":[{"@type":"ListItem","position":1,"name":"Home","item":"https:\/\/www.organisator.ch\/"},{"@type":"ListItem","position":2,"name":"Kummli-Talk am Passione Engadina"}]},{"@type":"WebSite","@id":"https:\/\/www.organisator.ch\/#website","url":"https:\/\/www.organisator.ch\/","name":"Organizer","description":"Competent. Practical. In 10 issues per year, ORGANISATOR presents the essential topics for managers of SMEs.","publisher":{"@id":"https:\/\/www.organisator.ch\/#organization"},"potentialAction":[{"@type":"SearchAction","target":{"@type":"EntryPoint","urlTemplate":"https:\/\/www.organisator.ch\/?s={search_term_string}"},"query-input":{"@type":"PropertyValueSpecification","valueRequired":true,"valueName":"search_term_string"}}],"inLanguage":"en-US"},{"@type":"Organization","@id":"https:\/\/www.organisator.ch\/#organization","name":"Organizer","url":"https:\/\/www.organisator.ch\/","logo":{"@type":"ImageObject","inLanguage":"en-US","@id":"https:\/\/www.organisator.ch\/#\/schema\/logo\/image\/","url":"https:\/\/www.organisator.ch\/wp-content\/uploads\/2022\/01\/Logo_Organisator_Website.png","contentUrl":"https:\/\/www.organisator.ch\/wp-content\/uploads\/2022\/01\/Logo_Organisator_Website.png","width":800,"height":77,"caption":"Organisator"},"image":{"@id":"https:\/\/www.organisator.ch\/#\/schema\/logo\/image\/"},"sameAs":["https:\/\/www.facebook.com\/OrganisatorFachmagazin","https:\/\/www.linkedin.com\/showcase\/organisator-das-magazin-fr-kmu","https:\/\/www.xing.com\/news\/pages\/organisator-ch-695","https:\/\/www.youtube.com\/channel\/UCGP2Sq0iWaZwT3BdIAQFYpw"]},{"@type":"Person","@id":"https:\/\/www.organisator.ch\/#\/schema\/person\/6f650f90b2842cd4c0cc334b4e36f67e","name":"thomas.berner","image":{"@type":"ImageObject","inLanguage":"en-US","@id":"https:\/\/secure.gravatar.com\/avatar\/ac5001d2a36cb6c6cd3e50789007ffca834b477b74a2144564522e944eabff61?s=96&d=mm&r=g","url":"https:\/\/secure.gravatar.com\/avatar\/ac5001d2a36cb6c6cd3e50789007ffca834b477b74a2144564522e944eabff61?s=96&d=mm&r=g","contentUrl":"https:\/\/secure.gravatar.com\/avatar\/ac5001d2a36cb6c6cd3e50789007ffca834b477b74a2144564522e944eabff61?s=96&d=mm&r=g","caption":"thomas.berner"},"url":"https:\/\/www.organisator.ch\/en\/author\/thomas-berner\/"}]}},"_links":{"self":[{"href":"https:\/\/www.organisator.ch\/en\/wp-json\/wp\/v2\/posts\/4182","targetHints":{"allow":["GET"]}}],"collection":[{"href":"https:\/\/www.organisator.ch\/en\/wp-json\/wp\/v2\/posts"}],"about":[{"href":"https:\/\/www.organisator.ch\/en\/wp-json\/wp\/v2\/types\/post"}],"author":[{"embeddable":true,"href":"https:\/\/www.organisator.ch\/en\/wp-json\/wp\/v2\/users\/4"}],"replies":[{"embeddable":true,"href":"https:\/\/www.organisator.ch\/en\/wp-json\/wp\/v2\/comments?post=4182"}],"version-history":[{"count":0,"href":"https:\/\/www.organisator.ch\/en\/wp-json\/wp\/v2\/posts\/4182\/revisions"}],"wp:featuredmedia":[{"embeddable":true,"href":"https:\/\/www.organisator.ch\/en\/wp-json\/wp\/v2\/media\/4185"}],"wp:attachment":[{"href":"https:\/\/www.organisator.ch\/en\/wp-json\/wp\/v2\/media?parent=4182"}],"wp:term":[{"taxonomy":"category","embeddable":true,"href":"https:\/\/www.organisator.ch\/en\/wp-json\/wp\/v2\/categories?post=4182"},{"taxonomy":"post_tag","embeddable":true,"href":"https:\/\/www.organisator.ch\/en\/wp-json\/wp\/v2\/tags?post=4182"}],"curies":[{"name":"wp","href":"https:\/\/api.w.org\/{rel}","templated":true}]}}