{"id":41840,"date":"2025-11-10T08:02:27","date_gmt":"2025-11-10T07:02:27","guid":{"rendered":"https:\/\/www.organisator.ch\/?p=41840"},"modified":"2025-11-10T08:02:27","modified_gmt":"2025-11-10T07:02:27","slug":"digitale-barrieren-abbauen-konkrete-tipps-fuer-den-berufsbildungsalltag","status":"publish","type":"post","link":"https:\/\/www.organisator.ch\/en\/weiterbildung\/2025-11-10\/digitale-barrieren-abbauen-konkrete-tipps-fuer-den-berufsbildungsalltag\/","title":{"rendered":"Breaking down digital barriers: Concrete tips for everyday vocational training"},"content":{"rendered":"<figure id=\"attachment_41841\" aria-describedby=\"caption-attachment-41841\" style=\"width: 680px\" class=\"wp-caption alignnone\"><img loading=\"lazy\" decoding=\"async\" class=\"size-full wp-image-41841\" src=\"https:\/\/www.organisator.ch\/wp-content\/uploads\/2025\/11\/Digitale-Barrieren-abbauen-Konkrete-Tipps-fuer-den-Berufsbildungsalltag_Organisator.jpg\" alt=\"\" width=\"680\" height=\"522\" srcset=\"https:\/\/www.organisator.ch\/wp-content\/uploads\/2025\/11\/Digitale-Barrieren-abbauen-Konkrete-Tipps-fuer-den-Berufsbildungsalltag_Organisator.jpg 680w, https:\/\/www.organisator.ch\/wp-content\/uploads\/2025\/11\/Digitale-Barrieren-abbauen-Konkrete-Tipps-fuer-den-Berufsbildungsalltag_Organisator-16x12.jpg 16w, https:\/\/www.organisator.ch\/wp-content\/uploads\/2025\/11\/Digitale-Barrieren-abbauen-Konkrete-Tipps-fuer-den-Berufsbildungsalltag_Organisator-375x288.jpg 375w, https:\/\/www.organisator.ch\/wp-content\/uploads\/2025\/11\/Digitale-Barrieren-abbauen-Konkrete-Tipps-fuer-den-Berufsbildungsalltag_Organisator-456x350.jpg 456w\" sizes=\"auto, (max-width: 680px) 100vw, 680px\" \/><figcaption id=\"caption-attachment-41841\" class=\"wp-caption-text\">Information poster on digital participation (excerpt; source: FHNW\/Indre Grumbinaite)<\/figcaption><\/figure>\n<p>The FHNW School of Social Work has published a practice-oriented guide with many suggestions on how to break down digital barriers for learners with a disability. The \u00abOrientierungsrahmen Digitale Teilhabe\u00bb will be available to download free of charge from November 10, 2025.<\/p>\n<h3>Project of the National Research Program NRP77<\/h3>\n<p>Digital technologies can break down barriers and make it easier for people with disabilities to access vocational training - this has been clearly demonstrated by a broad-based project at the FHNW School of Social Work in various scientific publications. The project, called \u00abE-Inclusion\u00bb, is part of the Swiss National Science Foundation's National Research Program NRP77 \u00abDigital Transformation\u00bb, which comes to an end at the end of 2025.<\/p>\n<p>In five work packages, a team of employees from the Integration and Participation and Child and Youth Welfare institutes led by Gabriela Antener examined various issues relating to the digital participation of people with disabilities in the field of vocational education and training. Learners with disabilities, experts and educational organizations were surveyed in numerous interviews - the results impressively show the barriers that people with disabilities face in vocational education and training. For example, learners with disabilities do not have access to the relevant information on compensation for disadvantages, many learning platforms and software solutions are not accessible or inclusion is not structurally anchored.<\/p>\n<h3>Guidelines as a constructive conclusion to the project<\/h3>\n<p>At the end of NRP77, a handy guide entitled \u00abOrientierungsrahmen Digitale Teilhabe\u00bb (Digital Participation Framework) will be published on November 10, 2025, which provides constructive practical guidance on all the issues and problem areas raised. It is available to download free of charge and is intended for stakeholders from all areas of vocational education and training: it is aimed at teachers as well as managers and communication specialists from educational organizations and education policy makers. The \u00abOrientierungsrahmen Digitale Teilhabe\u00bb is divided into ten subject areas, with numerous examples and practical suggestions for potential improvements. The framework is published in German, French and Italian.<\/p>\n<p>In addition to the online publication, a poster will also be published, which interested professionals and educational institutions can request free of charge. It contains a compact, clear presentation of the ten subject areas with easy-to-understand illustrations.<br \/>\nAs a member of adis, the Swiss Digital Inclusion Alliance, the FHNW is committed to advancing digital inclusion in Switzerland and is presenting the Digital Participation Framework on National Digital Inclusion Day on November 21, 2025.<\/p>\n<p><em>Sources: <a href=\"http:\/\/www.fhnw.ch\/sozialearbeit\">FHNW<\/a>, <a href=\"http:\/\/www.adis.ch\">Alliance for Digital Inclusion (adis)<\/a><\/em><\/p>\n<p><em>Download guide: <a href=\"https:\/\/www.inclusion-digital.ch\">https:\/\/www.inclusion-digital.ch<\/a><\/em><\/p>","protected":false},"excerpt":{"rendered":"<p>Whether attending vocational school with a visual impairment or preparing for exams with dyslexia: learning with a disability shouldn't really be anything out of the ordinary. However, the hurdles for learners with disabilities in vocational education are often high - especially in the digital world. A new guide provides a remedy.<\/p>","protected":false},"author":4,"featured_media":41841,"comment_status":"closed","ping_status":"closed","sticky":false,"template":"","format":"standard","meta":{"_acf_changed":false,"_yoast_wpseo_focuskw":"Digitale Barrieren","_yoast_wpseo_metadesc":"Digitale Barrieren f\u00fcr Lernende mit Behinderung in der beruflichen Bildung sind oft hoch. Ein neuer Leitfaden schafft Abhilfe.","articlekey":"","footnotes":""},"categories":[30],"tags":[62,156,218,3490],"class_list":["post-41840","post","type-post","status-publish","format-standard","has-post-thumbnail","hentry","category-weiterbildung","tag-aus-weiterbildung","tag-digitalisierung","tag-forschung","tag-leitfaden"],"acf":[],"yoast_head":"<!-- This site is optimized with the Yoast SEO plugin v27.4 - https:\/\/yoast.com\/product\/yoast-seo-wordpress\/ -->\n<title>Digitale Barrieren abbauen: Konkrete Tipps f\u00fcr den Berufsbildungsalltag - Organisator<\/title>\n<meta name=\"description\" content=\"Digitale Barrieren f\u00fcr Lernende mit Behinderung in der beruflichen Bildung sind oft hoch. Ein neuer Leitfaden schafft Abhilfe.\" \/>\n<meta name=\"robots\" content=\"index, follow, max-snippet:-1, max-image-preview:large, max-video-preview:-1\" \/>\n<link rel=\"canonical\" href=\"https:\/\/www.organisator.ch\/en\/further-education\/2025-11-10\/digitale-barrieren-abbauen-konkrete-tipps-fuer-den-berufsbildungsalltag\/\" \/>\n<meta property=\"og:locale\" content=\"en_US\" \/>\n<meta property=\"og:type\" content=\"article\" \/>\n<meta property=\"og:title\" content=\"Digitale Barrieren abbauen: Konkrete Tipps f\u00fcr den Berufsbildungsalltag\" \/>\n<meta property=\"og:description\" content=\"Digitale Barrieren f\u00fcr Lernende mit Behinderung in der beruflichen Bildung sind oft hoch. Ein neuer Leitfaden schafft Abhilfe.\" \/>\n<meta property=\"og:url\" content=\"https:\/\/www.organisator.ch\/en\/further-education\/2025-11-10\/digitale-barrieren-abbauen-konkrete-tipps-fuer-den-berufsbildungsalltag\/\" \/>\n<meta property=\"og:site_name\" content=\"Organisator\" \/>\n<meta property=\"article:publisher\" content=\"https:\/\/www.facebook.com\/OrganisatorFachmagazin\" \/>\n<meta property=\"article:published_time\" content=\"2025-11-10T07:02:27+00:00\" \/>\n<meta property=\"og:image\" content=\"https:\/\/www.organisator.ch\/wp-content\/uploads\/2025\/11\/Digitale-Barrieren-abbauen-Konkrete-Tipps-fuer-den-Berufsbildungsalltag_Organisator.jpg\" \/>\n\t<meta property=\"og:image:width\" content=\"680\" \/>\n\t<meta property=\"og:image:height\" content=\"522\" \/>\n\t<meta property=\"og:image:type\" content=\"image\/jpeg\" \/>\n<meta name=\"author\" content=\"thomas.berner\" \/>\n<meta name=\"twitter:card\" content=\"summary_large_image\" \/>\n<meta name=\"twitter:title\" content=\"Digitale #Barrieren abbauen: Konkrete Tipps f\u00fcr den #Berufsbildungsalltag\" \/>\n<meta name=\"twitter:description\" content=\"Digitale Barrieren f\u00fcr Lernende mit Behinderung in der beruflichen Bildung sind oft hoch. Ein neuer #Leitfaden schafft Abhilfe.\" \/>\n<meta name=\"twitter:image\" content=\"https:\/\/www.organisator.ch\/wp-content\/uploads\/2025\/11\/Digitale-Barrieren-abbauen-Konkrete-Tipps-fuer-den-Berufsbildungsalltag_Organisator.jpg\" \/>\n<script type=\"application\/ld+json\" class=\"yoast-schema-graph\">{\"@context\":\"https:\\\/\\\/schema.org\",\"@graph\":[{\"@type\":\"Article\",\"@id\":\"https:\\\/\\\/www.organisator.ch\\\/weiterbildung\\\/2025-11-10\\\/digitale-barrieren-abbauen-konkrete-tipps-fuer-den-berufsbildungsalltag\\\/#article\",\"isPartOf\":{\"@id\":\"https:\\\/\\\/www.organisator.ch\\\/weiterbildung\\\/2025-11-10\\\/digitale-barrieren-abbauen-konkrete-tipps-fuer-den-berufsbildungsalltag\\\/\"},\"author\":{\"name\":\"thomas.berner\",\"@id\":\"https:\\\/\\\/www.organisator.ch\\\/#\\\/schema\\\/person\\\/6f650f90b2842cd4c0cc334b4e36f67e\"},\"headline\":\"Digitale Barrieren abbauen: Konkrete Tipps f\u00fcr den Berufsbildungsalltag\",\"datePublished\":\"2025-11-10T07:02:27+00:00\",\"mainEntityOfPage\":{\"@id\":\"https:\\\/\\\/www.organisator.ch\\\/weiterbildung\\\/2025-11-10\\\/digitale-barrieren-abbauen-konkrete-tipps-fuer-den-berufsbildungsalltag\\\/\"},\"wordCount\":416,\"publisher\":{\"@id\":\"https:\\\/\\\/www.organisator.ch\\\/#organization\"},\"image\":{\"@id\":\"https:\\\/\\\/www.organisator.ch\\\/weiterbildung\\\/2025-11-10\\\/digitale-barrieren-abbauen-konkrete-tipps-fuer-den-berufsbildungsalltag\\\/#primaryimage\"},\"thumbnailUrl\":\"https:\\\/\\\/www.organisator.ch\\\/wp-content\\\/uploads\\\/2025\\\/11\\\/Digitale-Barrieren-abbauen-Konkrete-Tipps-fuer-den-Berufsbildungsalltag_Organisator.jpg\",\"keywords\":[\"Aus-\\\/Weiterbildung\",\"Digitalisierung\",\"Forschung\",\"Leitfaden\"],\"articleSection\":[\"WEITERBILDUNG\"],\"inLanguage\":\"en-US\"},{\"@type\":\"WebPage\",\"@id\":\"https:\\\/\\\/www.organisator.ch\\\/weiterbildung\\\/2025-11-10\\\/digitale-barrieren-abbauen-konkrete-tipps-fuer-den-berufsbildungsalltag\\\/\",\"url\":\"https:\\\/\\\/www.organisator.ch\\\/weiterbildung\\\/2025-11-10\\\/digitale-barrieren-abbauen-konkrete-tipps-fuer-den-berufsbildungsalltag\\\/\",\"name\":\"Digitale Barrieren abbauen: Konkrete Tipps f\u00fcr den Berufsbildungsalltag - Organisator\",\"isPartOf\":{\"@id\":\"https:\\\/\\\/www.organisator.ch\\\/#website\"},\"primaryImageOfPage\":{\"@id\":\"https:\\\/\\\/www.organisator.ch\\\/weiterbildung\\\/2025-11-10\\\/digitale-barrieren-abbauen-konkrete-tipps-fuer-den-berufsbildungsalltag\\\/#primaryimage\"},\"image\":{\"@id\":\"https:\\\/\\\/www.organisator.ch\\\/weiterbildung\\\/2025-11-10\\\/digitale-barrieren-abbauen-konkrete-tipps-fuer-den-berufsbildungsalltag\\\/#primaryimage\"},\"thumbnailUrl\":\"https:\\\/\\\/www.organisator.ch\\\/wp-content\\\/uploads\\\/2025\\\/11\\\/Digitale-Barrieren-abbauen-Konkrete-Tipps-fuer-den-Berufsbildungsalltag_Organisator.jpg\",\"datePublished\":\"2025-11-10T07:02:27+00:00\",\"description\":\"Digitale Barrieren f\u00fcr Lernende mit Behinderung in der beruflichen Bildung sind oft hoch. Ein neuer Leitfaden schafft Abhilfe.\",\"breadcrumb\":{\"@id\":\"https:\\\/\\\/www.organisator.ch\\\/weiterbildung\\\/2025-11-10\\\/digitale-barrieren-abbauen-konkrete-tipps-fuer-den-berufsbildungsalltag\\\/#breadcrumb\"},\"inLanguage\":\"en-US\",\"potentialAction\":[{\"@type\":\"ReadAction\",\"target\":[\"https:\\\/\\\/www.organisator.ch\\\/weiterbildung\\\/2025-11-10\\\/digitale-barrieren-abbauen-konkrete-tipps-fuer-den-berufsbildungsalltag\\\/\"]}]},{\"@type\":\"ImageObject\",\"inLanguage\":\"en-US\",\"@id\":\"https:\\\/\\\/www.organisator.ch\\\/weiterbildung\\\/2025-11-10\\\/digitale-barrieren-abbauen-konkrete-tipps-fuer-den-berufsbildungsalltag\\\/#primaryimage\",\"url\":\"https:\\\/\\\/www.organisator.ch\\\/wp-content\\\/uploads\\\/2025\\\/11\\\/Digitale-Barrieren-abbauen-Konkrete-Tipps-fuer-den-Berufsbildungsalltag_Organisator.jpg\",\"contentUrl\":\"https:\\\/\\\/www.organisator.ch\\\/wp-content\\\/uploads\\\/2025\\\/11\\\/Digitale-Barrieren-abbauen-Konkrete-Tipps-fuer-den-Berufsbildungsalltag_Organisator.jpg\",\"width\":680,\"height\":522,\"caption\":\"Informationsplakat zur digitalen Teilhabe (Ausschnitt; Quelle: FHNW\\\/Indre Grumbinaite)\"},{\"@type\":\"BreadcrumbList\",\"@id\":\"https:\\\/\\\/www.organisator.ch\\\/weiterbildung\\\/2025-11-10\\\/digitale-barrieren-abbauen-konkrete-tipps-fuer-den-berufsbildungsalltag\\\/#breadcrumb\",\"itemListElement\":[{\"@type\":\"ListItem\",\"position\":1,\"name\":\"Home\",\"item\":\"https:\\\/\\\/www.organisator.ch\\\/\"},{\"@type\":\"ListItem\",\"position\":2,\"name\":\"Digitale Barrieren abbauen: Konkrete Tipps f\u00fcr den Berufsbildungsalltag\"}]},{\"@type\":\"WebSite\",\"@id\":\"https:\\\/\\\/www.organisator.ch\\\/#website\",\"url\":\"https:\\\/\\\/www.organisator.ch\\\/\",\"name\":\"Organisator\",\"description\":\"Kompetent. Praxisnah. Der ORGANISATOR bereitet in 10 Ausgaben pro Jahr die wesentlichen Themen f\u00fcr F\u00fchrungskr\u00e4fte von KMU auf.\",\"publisher\":{\"@id\":\"https:\\\/\\\/www.organisator.ch\\\/#organization\"},\"potentialAction\":[{\"@type\":\"SearchAction\",\"target\":{\"@type\":\"EntryPoint\",\"urlTemplate\":\"https:\\\/\\\/www.organisator.ch\\\/?s={search_term_string}\"},\"query-input\":{\"@type\":\"PropertyValueSpecification\",\"valueRequired\":true,\"valueName\":\"search_term_string\"}}],\"inLanguage\":\"en-US\"},{\"@type\":\"Organization\",\"@id\":\"https:\\\/\\\/www.organisator.ch\\\/#organization\",\"name\":\"Organisator\",\"url\":\"https:\\\/\\\/www.organisator.ch\\\/\",\"logo\":{\"@type\":\"ImageObject\",\"inLanguage\":\"en-US\",\"@id\":\"https:\\\/\\\/www.organisator.ch\\\/#\\\/schema\\\/logo\\\/image\\\/\",\"url\":\"https:\\\/\\\/www.organisator.ch\\\/wp-content\\\/uploads\\\/2022\\\/01\\\/Logo_Organisator_Website.png\",\"contentUrl\":\"https:\\\/\\\/www.organisator.ch\\\/wp-content\\\/uploads\\\/2022\\\/01\\\/Logo_Organisator_Website.png\",\"width\":800,\"height\":77,\"caption\":\"Organisator\"},\"image\":{\"@id\":\"https:\\\/\\\/www.organisator.ch\\\/#\\\/schema\\\/logo\\\/image\\\/\"},\"sameAs\":[\"https:\\\/\\\/www.facebook.com\\\/OrganisatorFachmagazin\",\"https:\\\/\\\/www.linkedin.com\\\/showcase\\\/organisator-das-magazin-fr-kmu\",\"https:\\\/\\\/www.xing.com\\\/news\\\/pages\\\/organisator-ch-695\",\"https:\\\/\\\/www.youtube.com\\\/channel\\\/UCGP2Sq0iWaZwT3BdIAQFYpw\"]},{\"@type\":\"Person\",\"@id\":\"https:\\\/\\\/www.organisator.ch\\\/#\\\/schema\\\/person\\\/6f650f90b2842cd4c0cc334b4e36f67e\",\"name\":\"thomas.berner\",\"image\":{\"@type\":\"ImageObject\",\"inLanguage\":\"en-US\",\"@id\":\"https:\\\/\\\/secure.gravatar.com\\\/avatar\\\/ac5001d2a36cb6c6cd3e50789007ffca834b477b74a2144564522e944eabff61?s=96&d=mm&r=g\",\"url\":\"https:\\\/\\\/secure.gravatar.com\\\/avatar\\\/ac5001d2a36cb6c6cd3e50789007ffca834b477b74a2144564522e944eabff61?s=96&d=mm&r=g\",\"contentUrl\":\"https:\\\/\\\/secure.gravatar.com\\\/avatar\\\/ac5001d2a36cb6c6cd3e50789007ffca834b477b74a2144564522e944eabff61?s=96&d=mm&r=g\",\"caption\":\"thomas.berner\"},\"url\":\"https:\\\/\\\/www.organisator.ch\\\/en\\\/author\\\/thomas-berner\\\/\"}]}<\/script>\n<!-- \/ Yoast SEO plugin. -->","yoast_head_json":{"title":"Breaking down digital barriers: Concrete tips for everyday vocational training - Organizer","description":"Digital barriers for learners with disabilities in vocational training are often high. A new guide provides a remedy.","robots":{"index":"index","follow":"follow","max-snippet":"max-snippet:-1","max-image-preview":"max-image-preview:large","max-video-preview":"max-video-preview:-1"},"canonical":"https:\/\/www.organisator.ch\/en\/further-education\/2025-11-10\/digitale-barrieren-abbauen-konkrete-tipps-fuer-den-berufsbildungsalltag\/","og_locale":"en_US","og_type":"article","og_title":"Digitale Barrieren abbauen: Konkrete Tipps f\u00fcr den Berufsbildungsalltag","og_description":"Digitale Barrieren f\u00fcr Lernende mit Behinderung in der beruflichen Bildung sind oft hoch. Ein neuer Leitfaden schafft Abhilfe.","og_url":"https:\/\/www.organisator.ch\/en\/further-education\/2025-11-10\/digitale-barrieren-abbauen-konkrete-tipps-fuer-den-berufsbildungsalltag\/","og_site_name":"Organisator","article_publisher":"https:\/\/www.facebook.com\/OrganisatorFachmagazin","article_published_time":"2025-11-10T07:02:27+00:00","og_image":[{"width":680,"height":522,"url":"https:\/\/www.organisator.ch\/wp-content\/uploads\/2025\/11\/Digitale-Barrieren-abbauen-Konkrete-Tipps-fuer-den-Berufsbildungsalltag_Organisator.jpg","type":"image\/jpeg"}],"author":"thomas.berner","twitter_card":"summary_large_image","twitter_title":"Digitale #Barrieren abbauen: Konkrete Tipps f\u00fcr den #Berufsbildungsalltag","twitter_description":"Digitale Barrieren f\u00fcr Lernende mit Behinderung in der beruflichen Bildung sind oft hoch. Ein neuer #Leitfaden schafft Abhilfe.","twitter_image":"https:\/\/www.organisator.ch\/wp-content\/uploads\/2025\/11\/Digitale-Barrieren-abbauen-Konkrete-Tipps-fuer-den-Berufsbildungsalltag_Organisator.jpg","schema":{"@context":"https:\/\/schema.org","@graph":[{"@type":"Article","@id":"https:\/\/www.organisator.ch\/weiterbildung\/2025-11-10\/digitale-barrieren-abbauen-konkrete-tipps-fuer-den-berufsbildungsalltag\/#article","isPartOf":{"@id":"https:\/\/www.organisator.ch\/weiterbildung\/2025-11-10\/digitale-barrieren-abbauen-konkrete-tipps-fuer-den-berufsbildungsalltag\/"},"author":{"name":"thomas.berner","@id":"https:\/\/www.organisator.ch\/#\/schema\/person\/6f650f90b2842cd4c0cc334b4e36f67e"},"headline":"Digitale Barrieren abbauen: Konkrete Tipps f\u00fcr den Berufsbildungsalltag","datePublished":"2025-11-10T07:02:27+00:00","mainEntityOfPage":{"@id":"https:\/\/www.organisator.ch\/weiterbildung\/2025-11-10\/digitale-barrieren-abbauen-konkrete-tipps-fuer-den-berufsbildungsalltag\/"},"wordCount":416,"publisher":{"@id":"https:\/\/www.organisator.ch\/#organization"},"image":{"@id":"https:\/\/www.organisator.ch\/weiterbildung\/2025-11-10\/digitale-barrieren-abbauen-konkrete-tipps-fuer-den-berufsbildungsalltag\/#primaryimage"},"thumbnailUrl":"https:\/\/www.organisator.ch\/wp-content\/uploads\/2025\/11\/Digitale-Barrieren-abbauen-Konkrete-Tipps-fuer-den-Berufsbildungsalltag_Organisator.jpg","keywords":["Aus-\/Weiterbildung","Digitalisierung","Forschung","Leitfaden"],"articleSection":["WEITERBILDUNG"],"inLanguage":"en-US"},{"@type":"WebPage","@id":"https:\/\/www.organisator.ch\/weiterbildung\/2025-11-10\/digitale-barrieren-abbauen-konkrete-tipps-fuer-den-berufsbildungsalltag\/","url":"https:\/\/www.organisator.ch\/weiterbildung\/2025-11-10\/digitale-barrieren-abbauen-konkrete-tipps-fuer-den-berufsbildungsalltag\/","name":"Breaking down digital barriers: Concrete tips for everyday vocational training - Organizer","isPartOf":{"@id":"https:\/\/www.organisator.ch\/#website"},"primaryImageOfPage":{"@id":"https:\/\/www.organisator.ch\/weiterbildung\/2025-11-10\/digitale-barrieren-abbauen-konkrete-tipps-fuer-den-berufsbildungsalltag\/#primaryimage"},"image":{"@id":"https:\/\/www.organisator.ch\/weiterbildung\/2025-11-10\/digitale-barrieren-abbauen-konkrete-tipps-fuer-den-berufsbildungsalltag\/#primaryimage"},"thumbnailUrl":"https:\/\/www.organisator.ch\/wp-content\/uploads\/2025\/11\/Digitale-Barrieren-abbauen-Konkrete-Tipps-fuer-den-Berufsbildungsalltag_Organisator.jpg","datePublished":"2025-11-10T07:02:27+00:00","description":"Digital barriers for learners with disabilities in vocational training are often high. A new guide provides a remedy.","breadcrumb":{"@id":"https:\/\/www.organisator.ch\/weiterbildung\/2025-11-10\/digitale-barrieren-abbauen-konkrete-tipps-fuer-den-berufsbildungsalltag\/#breadcrumb"},"inLanguage":"en-US","potentialAction":[{"@type":"ReadAction","target":["https:\/\/www.organisator.ch\/weiterbildung\/2025-11-10\/digitale-barrieren-abbauen-konkrete-tipps-fuer-den-berufsbildungsalltag\/"]}]},{"@type":"ImageObject","inLanguage":"en-US","@id":"https:\/\/www.organisator.ch\/weiterbildung\/2025-11-10\/digitale-barrieren-abbauen-konkrete-tipps-fuer-den-berufsbildungsalltag\/#primaryimage","url":"https:\/\/www.organisator.ch\/wp-content\/uploads\/2025\/11\/Digitale-Barrieren-abbauen-Konkrete-Tipps-fuer-den-Berufsbildungsalltag_Organisator.jpg","contentUrl":"https:\/\/www.organisator.ch\/wp-content\/uploads\/2025\/11\/Digitale-Barrieren-abbauen-Konkrete-Tipps-fuer-den-Berufsbildungsalltag_Organisator.jpg","width":680,"height":522,"caption":"Informationsplakat zur digitalen Teilhabe (Ausschnitt; Quelle: FHNW\/Indre Grumbinaite)"},{"@type":"BreadcrumbList","@id":"https:\/\/www.organisator.ch\/weiterbildung\/2025-11-10\/digitale-barrieren-abbauen-konkrete-tipps-fuer-den-berufsbildungsalltag\/#breadcrumb","itemListElement":[{"@type":"ListItem","position":1,"name":"Home","item":"https:\/\/www.organisator.ch\/"},{"@type":"ListItem","position":2,"name":"Digitale Barrieren abbauen: Konkrete Tipps f\u00fcr den Berufsbildungsalltag"}]},{"@type":"WebSite","@id":"https:\/\/www.organisator.ch\/#website","url":"https:\/\/www.organisator.ch\/","name":"Organizer","description":"Competent. Practical. In 10 issues per year, ORGANISATOR presents the essential topics for managers of SMEs.","publisher":{"@id":"https:\/\/www.organisator.ch\/#organization"},"potentialAction":[{"@type":"SearchAction","target":{"@type":"EntryPoint","urlTemplate":"https:\/\/www.organisator.ch\/?s={search_term_string}"},"query-input":{"@type":"PropertyValueSpecification","valueRequired":true,"valueName":"search_term_string"}}],"inLanguage":"en-US"},{"@type":"Organization","@id":"https:\/\/www.organisator.ch\/#organization","name":"Organizer","url":"https:\/\/www.organisator.ch\/","logo":{"@type":"ImageObject","inLanguage":"en-US","@id":"https:\/\/www.organisator.ch\/#\/schema\/logo\/image\/","url":"https:\/\/www.organisator.ch\/wp-content\/uploads\/2022\/01\/Logo_Organisator_Website.png","contentUrl":"https:\/\/www.organisator.ch\/wp-content\/uploads\/2022\/01\/Logo_Organisator_Website.png","width":800,"height":77,"caption":"Organisator"},"image":{"@id":"https:\/\/www.organisator.ch\/#\/schema\/logo\/image\/"},"sameAs":["https:\/\/www.facebook.com\/OrganisatorFachmagazin","https:\/\/www.linkedin.com\/showcase\/organisator-das-magazin-fr-kmu","https:\/\/www.xing.com\/news\/pages\/organisator-ch-695","https:\/\/www.youtube.com\/channel\/UCGP2Sq0iWaZwT3BdIAQFYpw"]},{"@type":"Person","@id":"https:\/\/www.organisator.ch\/#\/schema\/person\/6f650f90b2842cd4c0cc334b4e36f67e","name":"thomas.berner","image":{"@type":"ImageObject","inLanguage":"en-US","@id":"https:\/\/secure.gravatar.com\/avatar\/ac5001d2a36cb6c6cd3e50789007ffca834b477b74a2144564522e944eabff61?s=96&d=mm&r=g","url":"https:\/\/secure.gravatar.com\/avatar\/ac5001d2a36cb6c6cd3e50789007ffca834b477b74a2144564522e944eabff61?s=96&d=mm&r=g","contentUrl":"https:\/\/secure.gravatar.com\/avatar\/ac5001d2a36cb6c6cd3e50789007ffca834b477b74a2144564522e944eabff61?s=96&d=mm&r=g","caption":"thomas.berner"},"url":"https:\/\/www.organisator.ch\/en\/author\/thomas-berner\/"}]}},"_links":{"self":[{"href":"https:\/\/www.organisator.ch\/en\/wp-json\/wp\/v2\/posts\/41840","targetHints":{"allow":["GET"]}}],"collection":[{"href":"https:\/\/www.organisator.ch\/en\/wp-json\/wp\/v2\/posts"}],"about":[{"href":"https:\/\/www.organisator.ch\/en\/wp-json\/wp\/v2\/types\/post"}],"author":[{"embeddable":true,"href":"https:\/\/www.organisator.ch\/en\/wp-json\/wp\/v2\/users\/4"}],"replies":[{"embeddable":true,"href":"https:\/\/www.organisator.ch\/en\/wp-json\/wp\/v2\/comments?post=41840"}],"version-history":[{"count":4,"href":"https:\/\/www.organisator.ch\/en\/wp-json\/wp\/v2\/posts\/41840\/revisions"}],"predecessor-version":[{"id":41913,"href":"https:\/\/www.organisator.ch\/en\/wp-json\/wp\/v2\/posts\/41840\/revisions\/41913"}],"wp:featuredmedia":[{"embeddable":true,"href":"https:\/\/www.organisator.ch\/en\/wp-json\/wp\/v2\/media\/41841"}],"wp:attachment":[{"href":"https:\/\/www.organisator.ch\/en\/wp-json\/wp\/v2\/media?parent=41840"}],"wp:term":[{"taxonomy":"category","embeddable":true,"href":"https:\/\/www.organisator.ch\/en\/wp-json\/wp\/v2\/categories?post=41840"},{"taxonomy":"post_tag","embeddable":true,"href":"https:\/\/www.organisator.ch\/en\/wp-json\/wp\/v2\/tags?post=41840"}],"curies":[{"name":"wp","href":"https:\/\/api.w.org\/{rel}","templated":true}]}}