{"id":41847,"date":"2025-11-10T09:57:59","date_gmt":"2025-11-10T08:57:59","guid":{"rendered":"https:\/\/www.markt-kom.com\/?p=245483"},"modified":"2025-11-10T11:59:45","modified_gmt":"2025-11-10T10:59:45","slug":"migros-verabschiedet-ihre-vision-2035","status":"publish","type":"post","link":"https:\/\/www.organisator.ch\/en\/management\/2025-11-10\/migros-verabschiedet-ihre-vision-2035\/","title":{"rendered":"Migros adopts its \u00abVision 2035\u00bb"},"content":{"rendered":"<p>Zum<\/p>\r\n\r\n[caption id=\"attachment_41856\" align=\"alignnone\" width=\"680\"]<img class=\"size-medium wp-image-41856\" src=\"https:\/\/www.organisator.ch\/wp-content\/uploads\/2025\/11\/Migros-verabschiedet-ihre-Vision-2025_Organisator-680x383.jpg\" alt=\"\" width=\"680\" height=\"383\" \/> Die Migros gestaltet ihre Zukunft und hat die Vision 2035 verabschiedet. (Bild: Migros Genossenschaftsbund)[\/caption]\r\n\r\n<p>100-Jahr-Jubil\u00e4um \u202fhat die Migros 2025\u202f ihre\u202f Herkunft, ihre Werte und ihre Errungenschaften geb\u00fchrend gefeiert. Jetzt richtet sie ihren Blick klar nach vorne. Die Verwaltung des Migros-Genossenschafts-Bundes hat der Delegiertenversammlung die Vision 2035 vorgelegt. Die Delegiertenversammlung hat sie einstimmig genehmigt.<\/p>\r\n<p>Die Vision definiert die langfristige Ausrichtung der Migros-Gruppe, setzt Schwerpunkte f\u00fcr die kommenden Jahre und gibt den Mitarbeitenden Orientierung f\u00fcr ihr t\u00e4gliches Handeln. Sie steht unter dem Leitgedanken \u00abEine lebenswerte Schweiz f\u00fcr alle\u00bb und\u202f baut auf drei zentralen Elementen auf:<\/p>\r\n<ul>\r\n\t<li>Erstens: Die Migros ist im Alltag die erste Wahl.\u202f Sie setzt Massst\u00e4be bei Leistungen des t\u00e4glichen Bedarfs und fokussiert sich auf die Bed\u00fcrfnisse der Menschen. Sie begeistert Kundinnen und Kunden mit hochwertigen Produkten und Dienstleistungen in den Bereichen Ern\u00e4hrung, Gesundheit, G\u00fcter des t\u00e4glichen Bedarfs und Finanzen. In Preis und Leistung geht sie keine Kompromisse ein.<\/li>\r\n\t<li>Zweitens: Die starke Migros-Gemeinschaft ist der Antrieb ihres Erfolgs.\u202f Mitarbeitende, Genossenschafterinnen und Genossenschafter sowie Kundinnen und Kunden bilden das Fundament der Migros und gestalten aktiv mit. Gemeinsam pr\u00e4gen sie den Erfolg der Gruppe und f\u00f6rdern Identifikation. Die Migros-Gruppe setzt auf Mitgestaltung, er\u00f6ffnet Perspektiven und schafft Vertrauen.<\/li>\r\n\t<li>Drittens: Die Migros-Gruppe nutzt ihren wirtschaftlichen Erfolg zum Wohle der Gesellschaft. Als Genossenschaft gibt sie einen bedeutenden Teil ihres Erfolgs gezielt zur\u00fcck: zum einen an die Gesellschaft durch Investitionen in Bildung, Kultur, Freizeit und Nachhaltigkeit, zum anderen an die Migros-Gemeinschaft, also an Kundinnen, Genossenschafter und Mitarbeitende. Die Migros l\u00e4sst sie aktiv am Erfolg teilhaben.<\/li>\r\n<\/ul>\r\n<p>Die Pr\u00e4sidentin der Delegiertenversammlung, Edith Spillmann, sagt: \u00abIch freue mich, dass die\u202fVision von den Delegierten so positiv aufgenommen wurde. Sie zeigt, wie wir als Gemeinschaft die Zukunft aktiv gestalten k\u00f6nnen.\u00bb<\/p>\r\n<p>Um die Vision im Alltag zu leben, ist die Migros mit ihren vier strategischen Gesch\u00e4ftsfeldern optimal aufgestellt: Food (u. a. Migros, Denner,\u202fMigrolino), Non Food (Digitec\u202fGalaxus), Finanzdienstleistungen (Migros Bank) und Gesundheit (Medbase, movemi). Diese Unternehmen leisten einen zentralen Beitrag zur Grundversorgung der Schweizer Bev\u00f6lkerung\u202fund machen die Vision einer lebenswerten Schweiz konkret erlebbar.<\/p>\r\n<p>Ursula Nold, Pr\u00e4sidentin der Verwaltung: \u00abDie Migros war schon immer mehr als nur ein Unternehmen \u2013 sie war auch eine Idee f\u00fcr eine bessere Gesellschaft. Mit der Vision kn\u00fcpfen wir an diese Tradition an und \u00fcbernehmen Verantwortung f\u00fcr die Zukunft. Wir wollen f\u00fcr die Menschen da sein und die Schweiz aktiv mitgestalten.\u00bb<\/p>\r\n<p>Aufbauend auf der Vision geht es in weiteren Schritten darum, wie die Rolle der 2,3 Millionen Genossenschafterinnen und Genossenschafter gesch\u00e4rft, der Kundennutzen \u00fcber die gesamte Gruppe hinweg gest\u00e4rkt und die Migros-Gruppe organisatorisch weiterentwickelt werden kann. Damit bleibt sie ihrem Anspruch treu, eine lebenswerte Schweiz f\u00fcr alle zu schaffen,\u202f heute und morgen.<\/p>\r\n<p><em>Quelle: <a href=\"https:\/\/www.migros.ch\/de\">Migros<\/a><\/em><\/p>","protected":false},"excerpt":{"rendered":"<p>The Assembly of Delegates of the Federation of Migros Cooperatives (FMC) adopted a new vision for the entire Migros Group on November 8. It is based on the guiding principle \u00abA Switzerland worth living in for everyone\u00bb.<\/p>","protected":false},"author":8,"featured_media":41856,"comment_status":"closed","ping_status":"closed","sticky":false,"template":"","format":"standard","meta":{"_acf_changed":false,"_yoast_wpseo_focuskw":"Vision 2035","_yoast_wpseo_metadesc":"Die DV des Migros-Genossenschafts-Bundes (MGB) hat am 8. November eine neue Vision f\u00fcr die gesamte Migros-Gruppe verabschiedet.","articlekey":"","footnotes":""},"categories":[28],"tags":[4690,335,4343,1708,458],"class_list":["post-41847","post","type-post","status-publish","format-standard","has-post-thumbnail","hentry","category-management","tag-delegiertenversammlung","tag-management-und-unternehmensfuehrung","tag-markom","tag-migros","tag-strategie"],"acf":[],"yoast_head":"<!-- This site is optimized with the Yoast SEO plugin v27.4 - https:\/\/yoast.com\/product\/yoast-seo-wordpress\/ -->\n<title>Migros verabschiedet ihre \u00abVision 2035\u00bb - Organisator<\/title>\n<meta name=\"description\" content=\"Die DV des Migros-Genossenschafts-Bundes (MGB) hat am 8. November eine neue Vision f\u00fcr die gesamte Migros-Gruppe verabschiedet.\" \/>\n<meta name=\"robots\" content=\"index, follow, max-snippet:-1, max-image-preview:large, max-video-preview:-1\" \/>\n<link rel=\"canonical\" href=\"https:\/\/www.organisator.ch\/en\/management\/2025-11-10\/migros-verabschiedet-ihre-vision-2035\/\" \/>\n<meta property=\"og:locale\" content=\"en_US\" \/>\n<meta property=\"og:type\" content=\"article\" \/>\n<meta property=\"og:title\" content=\"Migros verabschiedet ihre \u00abVision 2035\u00bb - Organisator\" \/>\n<meta property=\"og:description\" content=\"Die DV des Migros-Genossenschafts-Bundes (MGB) hat am 8. November eine neue Vision f\u00fcr die gesamte Migros-Gruppe verabschiedet.\" \/>\n<meta property=\"og:url\" content=\"https:\/\/www.organisator.ch\/en\/management\/2025-11-10\/migros-verabschiedet-ihre-vision-2035\/\" \/>\n<meta property=\"og:site_name\" content=\"Organisator\" \/>\n<meta property=\"article:publisher\" content=\"https:\/\/www.facebook.com\/OrganisatorFachmagazin\" \/>\n<meta property=\"article:published_time\" content=\"2025-11-10T08:57:59+00:00\" \/>\n<meta property=\"article:modified_time\" content=\"2025-11-10T10:59:45+00:00\" \/>\n<meta property=\"og:image\" content=\"https:\/\/www.organisator.ch\/wp-content\/uploads\/2025\/11\/Migros-verabschiedet-ihre-Vision-2025_Organisator.jpg\" \/>\n\t<meta property=\"og:image:width\" content=\"1024\" \/>\n\t<meta property=\"og:image:height\" content=\"576\" \/>\n\t<meta property=\"og:image:type\" content=\"image\/jpeg\" \/>\n<meta name=\"author\" content=\"galledia\" \/>\n<meta name=\"twitter:card\" content=\"summary_large_image\" \/>\n<meta name=\"twitter:creator\" content=\"@admin\" \/>\n<script type=\"application\/ld+json\" class=\"yoast-schema-graph\">{\"@context\":\"https:\\\/\\\/schema.org\",\"@graph\":[{\"@type\":\"Article\",\"@id\":\"https:\\\/\\\/www.organisator.ch\\\/management\\\/2025-11-10\\\/migros-verabschiedet-ihre-vision-2035\\\/#article\",\"isPartOf\":{\"@id\":\"https:\\\/\\\/www.organisator.ch\\\/management\\\/2025-11-10\\\/migros-verabschiedet-ihre-vision-2035\\\/\"},\"author\":{\"name\":\"galledia\",\"@id\":\"https:\\\/\\\/www.organisator.ch\\\/#\\\/schema\\\/person\\\/4e51799071cd2dd1232ac003643ef5f0\"},\"headline\":\"Migros verabschiedet ihre \u00abVision 2035\u00bb\",\"datePublished\":\"2025-11-10T08:57:59+00:00\",\"dateModified\":\"2025-11-10T10:59:45+00:00\",\"mainEntityOfPage\":{\"@id\":\"https:\\\/\\\/www.organisator.ch\\\/management\\\/2025-11-10\\\/migros-verabschiedet-ihre-vision-2035\\\/\"},\"wordCount\":474,\"publisher\":{\"@id\":\"https:\\\/\\\/www.organisator.ch\\\/#organization\"},\"image\":{\"@id\":\"https:\\\/\\\/www.organisator.ch\\\/management\\\/2025-11-10\\\/migros-verabschiedet-ihre-vision-2035\\\/#primaryimage\"},\"thumbnailUrl\":\"https:\\\/\\\/www.organisator.ch\\\/wp-content\\\/uploads\\\/2025\\\/11\\\/Migros-verabschiedet-ihre-Vision-2025_Organisator.jpg\",\"keywords\":[\"Delegiertenversammlung\",\"Management und Unternehmensf\u00fchrung\",\"MarKom\",\"Migros\",\"Strategie\"],\"articleSection\":[\"MANAGEMENT\"],\"inLanguage\":\"en-US\"},{\"@type\":\"WebPage\",\"@id\":\"https:\\\/\\\/www.organisator.ch\\\/management\\\/2025-11-10\\\/migros-verabschiedet-ihre-vision-2035\\\/\",\"url\":\"https:\\\/\\\/www.organisator.ch\\\/management\\\/2025-11-10\\\/migros-verabschiedet-ihre-vision-2035\\\/\",\"name\":\"Migros verabschiedet ihre \u00abVision 2035\u00bb - Organisator\",\"isPartOf\":{\"@id\":\"https:\\\/\\\/www.organisator.ch\\\/#website\"},\"primaryImageOfPage\":{\"@id\":\"https:\\\/\\\/www.organisator.ch\\\/management\\\/2025-11-10\\\/migros-verabschiedet-ihre-vision-2035\\\/#primaryimage\"},\"image\":{\"@id\":\"https:\\\/\\\/www.organisator.ch\\\/management\\\/2025-11-10\\\/migros-verabschiedet-ihre-vision-2035\\\/#primaryimage\"},\"thumbnailUrl\":\"https:\\\/\\\/www.organisator.ch\\\/wp-content\\\/uploads\\\/2025\\\/11\\\/Migros-verabschiedet-ihre-Vision-2025_Organisator.jpg\",\"datePublished\":\"2025-11-10T08:57:59+00:00\",\"dateModified\":\"2025-11-10T10:59:45+00:00\",\"description\":\"Die DV des Migros-Genossenschafts-Bundes (MGB) hat am 8. November eine neue Vision f\u00fcr die gesamte Migros-Gruppe verabschiedet.\",\"breadcrumb\":{\"@id\":\"https:\\\/\\\/www.organisator.ch\\\/management\\\/2025-11-10\\\/migros-verabschiedet-ihre-vision-2035\\\/#breadcrumb\"},\"inLanguage\":\"en-US\",\"potentialAction\":[{\"@type\":\"ReadAction\",\"target\":[\"https:\\\/\\\/www.organisator.ch\\\/management\\\/2025-11-10\\\/migros-verabschiedet-ihre-vision-2035\\\/\"]}]},{\"@type\":\"ImageObject\",\"inLanguage\":\"en-US\",\"@id\":\"https:\\\/\\\/www.organisator.ch\\\/management\\\/2025-11-10\\\/migros-verabschiedet-ihre-vision-2035\\\/#primaryimage\",\"url\":\"https:\\\/\\\/www.organisator.ch\\\/wp-content\\\/uploads\\\/2025\\\/11\\\/Migros-verabschiedet-ihre-Vision-2025_Organisator.jpg\",\"contentUrl\":\"https:\\\/\\\/www.organisator.ch\\\/wp-content\\\/uploads\\\/2025\\\/11\\\/Migros-verabschiedet-ihre-Vision-2025_Organisator.jpg\",\"width\":1024,\"height\":576,\"caption\":\"Die Migros gestaltet ihre Zukunft und hat die Vision 2035 verabschiedet. (Bild: Migros Genossenschaftsbund)\"},{\"@type\":\"BreadcrumbList\",\"@id\":\"https:\\\/\\\/www.organisator.ch\\\/management\\\/2025-11-10\\\/migros-verabschiedet-ihre-vision-2035\\\/#breadcrumb\",\"itemListElement\":[{\"@type\":\"ListItem\",\"position\":1,\"name\":\"Home\",\"item\":\"https:\\\/\\\/www.organisator.ch\\\/\"},{\"@type\":\"ListItem\",\"position\":2,\"name\":\"Migros verabschiedet ihre \u00abVision 2035\u00bb\"}]},{\"@type\":\"WebSite\",\"@id\":\"https:\\\/\\\/www.organisator.ch\\\/#website\",\"url\":\"https:\\\/\\\/www.organisator.ch\\\/\",\"name\":\"Organisator\",\"description\":\"Kompetent. Praxisnah. Der ORGANISATOR bereitet in 10 Ausgaben pro Jahr die wesentlichen Themen f\u00fcr F\u00fchrungskr\u00e4fte von KMU auf.\",\"publisher\":{\"@id\":\"https:\\\/\\\/www.organisator.ch\\\/#organization\"},\"potentialAction\":[{\"@type\":\"SearchAction\",\"target\":{\"@type\":\"EntryPoint\",\"urlTemplate\":\"https:\\\/\\\/www.organisator.ch\\\/?s={search_term_string}\"},\"query-input\":{\"@type\":\"PropertyValueSpecification\",\"valueRequired\":true,\"valueName\":\"search_term_string\"}}],\"inLanguage\":\"en-US\"},{\"@type\":\"Organization\",\"@id\":\"https:\\\/\\\/www.organisator.ch\\\/#organization\",\"name\":\"Organisator\",\"url\":\"https:\\\/\\\/www.organisator.ch\\\/\",\"logo\":{\"@type\":\"ImageObject\",\"inLanguage\":\"en-US\",\"@id\":\"https:\\\/\\\/www.organisator.ch\\\/#\\\/schema\\\/logo\\\/image\\\/\",\"url\":\"https:\\\/\\\/www.organisator.ch\\\/wp-content\\\/uploads\\\/2022\\\/01\\\/Logo_Organisator_Website.png\",\"contentUrl\":\"https:\\\/\\\/www.organisator.ch\\\/wp-content\\\/uploads\\\/2022\\\/01\\\/Logo_Organisator_Website.png\",\"width\":800,\"height\":77,\"caption\":\"Organisator\"},\"image\":{\"@id\":\"https:\\\/\\\/www.organisator.ch\\\/#\\\/schema\\\/logo\\\/image\\\/\"},\"sameAs\":[\"https:\\\/\\\/www.facebook.com\\\/OrganisatorFachmagazin\",\"https:\\\/\\\/www.linkedin.com\\\/showcase\\\/organisator-das-magazin-fr-kmu\",\"https:\\\/\\\/www.xing.com\\\/news\\\/pages\\\/organisator-ch-695\",\"https:\\\/\\\/www.youtube.com\\\/channel\\\/UCGP2Sq0iWaZwT3BdIAQFYpw\"]},{\"@type\":\"Person\",\"@id\":\"https:\\\/\\\/www.organisator.ch\\\/#\\\/schema\\\/person\\\/4e51799071cd2dd1232ac003643ef5f0\",\"name\":\"galledia\",\"image\":{\"@type\":\"ImageObject\",\"inLanguage\":\"en-US\",\"@id\":\"https:\\\/\\\/secure.gravatar.com\\\/avatar\\\/78a7f90c01fc2bfc875782a0d4922b37cde2cf184ce347b91316d23cd7f69a36?s=96&d=mm&r=g\",\"url\":\"https:\\\/\\\/secure.gravatar.com\\\/avatar\\\/78a7f90c01fc2bfc875782a0d4922b37cde2cf184ce347b91316d23cd7f69a36?s=96&d=mm&r=g\",\"contentUrl\":\"https:\\\/\\\/secure.gravatar.com\\\/avatar\\\/78a7f90c01fc2bfc875782a0d4922b37cde2cf184ce347b91316d23cd7f69a36?s=96&d=mm&r=g\",\"caption\":\"galledia\"},\"sameAs\":[\"https:\\\/\\\/x.com\\\/admin\"],\"url\":\"https:\\\/\\\/www.organisator.ch\\\/en\\\/author\\\/galledia\\\/\"}]}<\/script>\n<!-- \/ Yoast SEO plugin. -->","yoast_head_json":{"title":"Migros adopts its \u00abVision 2035\u00bb - Organizer","description":"The DM of the Federation of Migros Cooperatives (FMC) adopted a new vision for the entire Migros Group on November 8.","robots":{"index":"index","follow":"follow","max-snippet":"max-snippet:-1","max-image-preview":"max-image-preview:large","max-video-preview":"max-video-preview:-1"},"canonical":"https:\/\/www.organisator.ch\/en\/management\/2025-11-10\/migros-verabschiedet-ihre-vision-2035\/","og_locale":"en_US","og_type":"article","og_title":"Migros verabschiedet ihre \u00abVision 2035\u00bb - Organisator","og_description":"Die DV des Migros-Genossenschafts-Bundes (MGB) hat am 8. November eine neue Vision f\u00fcr die gesamte Migros-Gruppe verabschiedet.","og_url":"https:\/\/www.organisator.ch\/en\/management\/2025-11-10\/migros-verabschiedet-ihre-vision-2035\/","og_site_name":"Organisator","article_publisher":"https:\/\/www.facebook.com\/OrganisatorFachmagazin","article_published_time":"2025-11-10T08:57:59+00:00","article_modified_time":"2025-11-10T10:59:45+00:00","og_image":[{"width":1024,"height":576,"url":"https:\/\/www.organisator.ch\/wp-content\/uploads\/2025\/11\/Migros-verabschiedet-ihre-Vision-2025_Organisator.jpg","type":"image\/jpeg"}],"author":"galledia","twitter_card":"summary_large_image","twitter_creator":"@admin","schema":{"@context":"https:\/\/schema.org","@graph":[{"@type":"Article","@id":"https:\/\/www.organisator.ch\/management\/2025-11-10\/migros-verabschiedet-ihre-vision-2035\/#article","isPartOf":{"@id":"https:\/\/www.organisator.ch\/management\/2025-11-10\/migros-verabschiedet-ihre-vision-2035\/"},"author":{"name":"galledia","@id":"https:\/\/www.organisator.ch\/#\/schema\/person\/4e51799071cd2dd1232ac003643ef5f0"},"headline":"Migros verabschiedet ihre \u00abVision 2035\u00bb","datePublished":"2025-11-10T08:57:59+00:00","dateModified":"2025-11-10T10:59:45+00:00","mainEntityOfPage":{"@id":"https:\/\/www.organisator.ch\/management\/2025-11-10\/migros-verabschiedet-ihre-vision-2035\/"},"wordCount":474,"publisher":{"@id":"https:\/\/www.organisator.ch\/#organization"},"image":{"@id":"https:\/\/www.organisator.ch\/management\/2025-11-10\/migros-verabschiedet-ihre-vision-2035\/#primaryimage"},"thumbnailUrl":"https:\/\/www.organisator.ch\/wp-content\/uploads\/2025\/11\/Migros-verabschiedet-ihre-Vision-2025_Organisator.jpg","keywords":["Delegiertenversammlung","Management und Unternehmensf\u00fchrung","MarKom","Migros","Strategie"],"articleSection":["MANAGEMENT"],"inLanguage":"en-US"},{"@type":"WebPage","@id":"https:\/\/www.organisator.ch\/management\/2025-11-10\/migros-verabschiedet-ihre-vision-2035\/","url":"https:\/\/www.organisator.ch\/management\/2025-11-10\/migros-verabschiedet-ihre-vision-2035\/","name":"Migros adopts its \u00abVision 2035\u00bb - Organizer","isPartOf":{"@id":"https:\/\/www.organisator.ch\/#website"},"primaryImageOfPage":{"@id":"https:\/\/www.organisator.ch\/management\/2025-11-10\/migros-verabschiedet-ihre-vision-2035\/#primaryimage"},"image":{"@id":"https:\/\/www.organisator.ch\/management\/2025-11-10\/migros-verabschiedet-ihre-vision-2035\/#primaryimage"},"thumbnailUrl":"https:\/\/www.organisator.ch\/wp-content\/uploads\/2025\/11\/Migros-verabschiedet-ihre-Vision-2025_Organisator.jpg","datePublished":"2025-11-10T08:57:59+00:00","dateModified":"2025-11-10T10:59:45+00:00","description":"The DM of the Federation of Migros Cooperatives (FMC) adopted a new vision for the entire Migros Group on November 8.","breadcrumb":{"@id":"https:\/\/www.organisator.ch\/management\/2025-11-10\/migros-verabschiedet-ihre-vision-2035\/#breadcrumb"},"inLanguage":"en-US","potentialAction":[{"@type":"ReadAction","target":["https:\/\/www.organisator.ch\/management\/2025-11-10\/migros-verabschiedet-ihre-vision-2035\/"]}]},{"@type":"ImageObject","inLanguage":"en-US","@id":"https:\/\/www.organisator.ch\/management\/2025-11-10\/migros-verabschiedet-ihre-vision-2035\/#primaryimage","url":"https:\/\/www.organisator.ch\/wp-content\/uploads\/2025\/11\/Migros-verabschiedet-ihre-Vision-2025_Organisator.jpg","contentUrl":"https:\/\/www.organisator.ch\/wp-content\/uploads\/2025\/11\/Migros-verabschiedet-ihre-Vision-2025_Organisator.jpg","width":1024,"height":576,"caption":"Die Migros gestaltet ihre Zukunft und hat die Vision 2035 verabschiedet. (Bild: Migros Genossenschaftsbund)"},{"@type":"BreadcrumbList","@id":"https:\/\/www.organisator.ch\/management\/2025-11-10\/migros-verabschiedet-ihre-vision-2035\/#breadcrumb","itemListElement":[{"@type":"ListItem","position":1,"name":"Home","item":"https:\/\/www.organisator.ch\/"},{"@type":"ListItem","position":2,"name":"Migros verabschiedet ihre \u00abVision 2035\u00bb"}]},{"@type":"WebSite","@id":"https:\/\/www.organisator.ch\/#website","url":"https:\/\/www.organisator.ch\/","name":"Organizer","description":"Competent. Practical. In 10 issues per year, ORGANISATOR presents the essential topics for managers of SMEs.","publisher":{"@id":"https:\/\/www.organisator.ch\/#organization"},"potentialAction":[{"@type":"SearchAction","target":{"@type":"EntryPoint","urlTemplate":"https:\/\/www.organisator.ch\/?s={search_term_string}"},"query-input":{"@type":"PropertyValueSpecification","valueRequired":true,"valueName":"search_term_string"}}],"inLanguage":"en-US"},{"@type":"Organization","@id":"https:\/\/www.organisator.ch\/#organization","name":"Organizer","url":"https:\/\/www.organisator.ch\/","logo":{"@type":"ImageObject","inLanguage":"en-US","@id":"https:\/\/www.organisator.ch\/#\/schema\/logo\/image\/","url":"https:\/\/www.organisator.ch\/wp-content\/uploads\/2022\/01\/Logo_Organisator_Website.png","contentUrl":"https:\/\/www.organisator.ch\/wp-content\/uploads\/2022\/01\/Logo_Organisator_Website.png","width":800,"height":77,"caption":"Organisator"},"image":{"@id":"https:\/\/www.organisator.ch\/#\/schema\/logo\/image\/"},"sameAs":["https:\/\/www.facebook.com\/OrganisatorFachmagazin","https:\/\/www.linkedin.com\/showcase\/organisator-das-magazin-fr-kmu","https:\/\/www.xing.com\/news\/pages\/organisator-ch-695","https:\/\/www.youtube.com\/channel\/UCGP2Sq0iWaZwT3BdIAQFYpw"]},{"@type":"Person","@id":"https:\/\/www.organisator.ch\/#\/schema\/person\/4e51799071cd2dd1232ac003643ef5f0","name":"galledia","image":{"@type":"ImageObject","inLanguage":"en-US","@id":"https:\/\/secure.gravatar.com\/avatar\/78a7f90c01fc2bfc875782a0d4922b37cde2cf184ce347b91316d23cd7f69a36?s=96&d=mm&r=g","url":"https:\/\/secure.gravatar.com\/avatar\/78a7f90c01fc2bfc875782a0d4922b37cde2cf184ce347b91316d23cd7f69a36?s=96&d=mm&r=g","contentUrl":"https:\/\/secure.gravatar.com\/avatar\/78a7f90c01fc2bfc875782a0d4922b37cde2cf184ce347b91316d23cd7f69a36?s=96&d=mm&r=g","caption":"galledia"},"sameAs":["https:\/\/x.com\/admin"],"url":"https:\/\/www.organisator.ch\/en\/author\/galledia\/"}]}},"_links":{"self":[{"href":"https:\/\/www.organisator.ch\/en\/wp-json\/wp\/v2\/posts\/41847","targetHints":{"allow":["GET"]}}],"collection":[{"href":"https:\/\/www.organisator.ch\/en\/wp-json\/wp\/v2\/posts"}],"about":[{"href":"https:\/\/www.organisator.ch\/en\/wp-json\/wp\/v2\/types\/post"}],"author":[{"embeddable":true,"href":"https:\/\/www.organisator.ch\/en\/wp-json\/wp\/v2\/users\/8"}],"replies":[{"embeddable":true,"href":"https:\/\/www.organisator.ch\/en\/wp-json\/wp\/v2\/comments?post=41847"}],"version-history":[{"count":3,"href":"https:\/\/www.organisator.ch\/en\/wp-json\/wp\/v2\/posts\/41847\/revisions"}],"predecessor-version":[{"id":41857,"href":"https:\/\/www.organisator.ch\/en\/wp-json\/wp\/v2\/posts\/41847\/revisions\/41857"}],"wp:featuredmedia":[{"embeddable":true,"href":"https:\/\/www.organisator.ch\/en\/wp-json\/wp\/v2\/media\/41856"}],"wp:attachment":[{"href":"https:\/\/www.organisator.ch\/en\/wp-json\/wp\/v2\/media?parent=41847"}],"wp:term":[{"taxonomy":"category","embeddable":true,"href":"https:\/\/www.organisator.ch\/en\/wp-json\/wp\/v2\/categories?post=41847"},{"taxonomy":"post_tag","embeddable":true,"href":"https:\/\/www.organisator.ch\/en\/wp-json\/wp\/v2\/tags?post=41847"}],"curies":[{"name":"wp","href":"https:\/\/api.w.org\/{rel}","templated":true}]}}