{"id":42018,"date":"2025-11-17T07:47:49","date_gmt":"2025-11-17T06:47:49","guid":{"rendered":"https:\/\/www.organisator.ch\/?p=42018"},"modified":"2025-11-17T07:47:49","modified_gmt":"2025-11-17T06:47:49","slug":"swissskills-2029-st-gallen-ist-austragungsort","status":"publish","type":"post","link":"https:\/\/www.organisator.ch\/en\/weiterbildung\/2025-11-17\/swissskills-2029-st-gallen-ist-austragungsort\/","title":{"rendered":"SwissSkills 2029: St.Gallen is the venue"},"content":{"rendered":"<figure id=\"attachment_42019\" aria-describedby=\"caption-attachment-42019\" style=\"width: 680px\" class=\"wp-caption alignnone\"><img loading=\"lazy\" decoding=\"async\" class=\"size-full wp-image-42019\" src=\"https:\/\/www.organisator.ch\/wp-content\/uploads\/2025\/11\/SwissSkills-2029-St.Gallen-ist-Austragungsort_Organisator.jpg\" alt=\"\" width=\"680\" height=\"453\" srcset=\"https:\/\/www.organisator.ch\/wp-content\/uploads\/2025\/11\/SwissSkills-2029-St.Gallen-ist-Austragungsort_Organisator.jpg 680w, https:\/\/www.organisator.ch\/wp-content\/uploads\/2025\/11\/SwissSkills-2029-St.Gallen-ist-Austragungsort_Organisator-18x12.jpg 18w, https:\/\/www.organisator.ch\/wp-content\/uploads\/2025\/11\/SwissSkills-2029-St.Gallen-ist-Austragungsort_Organisator-375x250.jpg 375w, https:\/\/www.organisator.ch\/wp-content\/uploads\/2025\/11\/SwissSkills-2029-St.Gallen-ist-Austragungsort_Organisator-525x350.jpg 525w\" sizes=\"auto, (max-width: 680px) 100vw, 680px\" \/><figcaption id=\"caption-attachment-42019\" class=\"wp-caption-text\">Visitors will travel to St.Gallen for SwissSkills 2029. (Image: SwissSkills Foundation)<\/figcaption><\/figure>\n<p>The Foundation Board has decided: SwissSkills 2029 will be held in St. Gallen. It is now clear where the best young professional talents in Switzerland will compete in four years' time and celebrate the diversity and strength of Swiss vocational education and training together with over one hundred thousand visitors. Following a broadly supported bidding process, the decision was made in favor of Eastern Switzerland. In its comments, the Board of Trustees praised the great commitment of all bidding locations and the high-quality dossiers, which once again impressively underlined the importance of vocational education and training throughout Switzerland.<\/p>\n<h3>Strong visitor potential in Eastern Switzerland<\/h3>\n<p>With the selection of St. Gallen, SwissSkills 2029 will take place in a region with strong visitor potential. The location impressed with an innovative dossier, strong support from the eight eastern Swiss cantons and the Principality of Liechtenstein, and good accessibility - both for the large conurbations of German-speaking Switzerland and for visitors from Ticino. Together with the event in Geneva, the two peripheral locations enable a large number of young people to attend one of the two events with a short journey.<\/p>\n<h3>EuroSkills will also be held in Switzerland in 2029<\/h3>\n<p>In combination with EuroSkills 2029 in Geneva, this will create a strong duo that will further strengthen the visibility and importance of the Swiss vocational education and training system. Christian Sch\u00e4li, President of the SwissSkills Foundation Board: \u00abWe are very much looking forward to working with St. Gallen and to the challenge of organizing two major events for vocational education and training in 2029. Together, we are creating a national and international stage for our young professional talents.\u00bb In the coming months, the Board of Trustees will also discuss the location strategy after 2029.<\/p>\n<p><em>Source and further information: <a href=\"http:\/\/www.swiss-skills.ch\">www.swiss-skills.ch<\/a><\/em><\/p>","protected":false},"excerpt":{"rendered":"<p>Last week, the SwissSkills Foundation Board decided on the venue for the 2029 National Skills Championships. These will be held in St. Gallen for the first time in four years' time. The decision was preceded by a bidding process.<\/p>","protected":false},"author":4,"featured_media":0,"comment_status":"closed","ping_status":"closed","sticky":false,"template":"","format":"standard","meta":{"_acf_changed":false,"_yoast_wpseo_focuskw":"","_yoast_wpseo_metadesc":"","articlekey":"","footnotes":""},"categories":[30],"tags":[62,73,5678,2699],"class_list":["post-42018","post","type-post","status-publish","format-standard","hentry","category-weiterbildung","tag-aus-weiterbildung","tag-berufsbildung","tag-berufsmeisterschaften","tag-swissskills"],"acf":[],"yoast_head":"<!-- This site is optimized with the Yoast SEO plugin v27.5 - https:\/\/yoast.com\/product\/yoast-seo-wordpress\/ -->\n<title>SwissSkills 2029: St.Gallen ist Austragungsort - Organisator<\/title>\n<meta name=\"robots\" content=\"index, follow, max-snippet:-1, max-image-preview:large, max-video-preview:-1\" \/>\n<link rel=\"canonical\" href=\"https:\/\/www.organisator.ch\/en\/?p=42018\" \/>\n<meta property=\"og:locale\" content=\"en_US\" \/>\n<meta property=\"og:type\" content=\"article\" \/>\n<meta property=\"og:title\" content=\"SwissSkills 2029: St.Gallen ist Austragungsort - Organisator\" \/>\n<meta property=\"og:description\" content=\"Der Stiftungsrat von SwissSkills legte letzte Woche den Austragungsort f\u00fcr die nationalen Berufsmeisterschaften 2029 fest. Diese werden in vier Jahren erstmals in St. Gallen durchgef\u00fchrt. Dem Entscheid ging ein Bieterverfahren voraus.\" \/>\n<meta property=\"og:url\" content=\"https:\/\/www.organisator.ch\/en\/?p=42018\" \/>\n<meta property=\"og:site_name\" content=\"Organisator\" \/>\n<meta property=\"article:publisher\" content=\"https:\/\/www.facebook.com\/OrganisatorFachmagazin\" \/>\n<meta property=\"article:published_time\" content=\"2025-11-17T06:47:49+00:00\" \/>\n<meta property=\"og:image\" content=\"https:\/\/www.organisator.ch\/wp-content\/uploads\/2025\/11\/SwissSkills-2029-St.Gallen-ist-Austragungsort_Organisator.jpg\" \/>\n\t<meta property=\"og:image:width\" content=\"680\" \/>\n\t<meta property=\"og:image:height\" content=\"453\" \/>\n\t<meta property=\"og:image:type\" content=\"image\/jpeg\" \/>\n<meta name=\"author\" content=\"thomas.berner\" \/>\n<meta name=\"twitter:card\" content=\"summary_large_image\" \/>\n<script type=\"application\/ld+json\" class=\"yoast-schema-graph\">{\"@context\":\"https:\\\/\\\/schema.org\",\"@graph\":[{\"@type\":\"Article\",\"@id\":\"https:\\\/\\\/www.organisator.ch\\\/?p=42018#article\",\"isPartOf\":{\"@id\":\"https:\\\/\\\/www.organisator.ch\\\/?p=42018\"},\"author\":{\"name\":\"thomas.berner\",\"@id\":\"https:\\\/\\\/www.organisator.ch\\\/#\\\/schema\\\/person\\\/6f650f90b2842cd4c0cc334b4e36f67e\"},\"headline\":\"SwissSkills 2029: St.Gallen ist Austragungsort\",\"datePublished\":\"2025-11-17T06:47:49+00:00\",\"mainEntityOfPage\":{\"@id\":\"https:\\\/\\\/www.organisator.ch\\\/?p=42018\"},\"wordCount\":310,\"publisher\":{\"@id\":\"https:\\\/\\\/www.organisator.ch\\\/#organization\"},\"image\":{\"@id\":\"https:\\\/\\\/www.organisator.ch\\\/?p=42018#primaryimage\"},\"thumbnailUrl\":\"https:\\\/\\\/www.organisator.ch\\\/wp-content\\\/uploads\\\/2025\\\/11\\\/SwissSkills-2029-St.Gallen-ist-Austragungsort_Organisator.jpg\",\"keywords\":[\"Aus-\\\/Weiterbildung\",\"Berufsbildung\",\"Berufsmeisterschaften\",\"SwissSkills\"],\"articleSection\":[\"WEITERBILDUNG\"],\"inLanguage\":\"en-US\"},{\"@type\":\"WebPage\",\"@id\":\"https:\\\/\\\/www.organisator.ch\\\/?p=42018\",\"url\":\"https:\\\/\\\/www.organisator.ch\\\/?p=42018\",\"name\":\"SwissSkills 2029: St.Gallen ist Austragungsort - Organisator\",\"isPartOf\":{\"@id\":\"https:\\\/\\\/www.organisator.ch\\\/#website\"},\"primaryImageOfPage\":{\"@id\":\"https:\\\/\\\/www.organisator.ch\\\/?p=42018#primaryimage\"},\"image\":{\"@id\":\"https:\\\/\\\/www.organisator.ch\\\/?p=42018#primaryimage\"},\"thumbnailUrl\":\"https:\\\/\\\/www.organisator.ch\\\/wp-content\\\/uploads\\\/2025\\\/11\\\/SwissSkills-2029-St.Gallen-ist-Austragungsort_Organisator.jpg\",\"datePublished\":\"2025-11-17T06:47:49+00:00\",\"breadcrumb\":{\"@id\":\"https:\\\/\\\/www.organisator.ch\\\/?p=42018#breadcrumb\"},\"inLanguage\":\"en-US\",\"potentialAction\":[{\"@type\":\"ReadAction\",\"target\":[\"https:\\\/\\\/www.organisator.ch\\\/?p=42018\"]}]},{\"@type\":\"ImageObject\",\"inLanguage\":\"en-US\",\"@id\":\"https:\\\/\\\/www.organisator.ch\\\/?p=42018#primaryimage\",\"url\":\"https:\\\/\\\/www.organisator.ch\\\/wp-content\\\/uploads\\\/2025\\\/11\\\/SwissSkills-2029-St.Gallen-ist-Austragungsort_Organisator.jpg\",\"contentUrl\":\"https:\\\/\\\/www.organisator.ch\\\/wp-content\\\/uploads\\\/2025\\\/11\\\/SwissSkills-2029-St.Gallen-ist-Austragungsort_Organisator.jpg\"},{\"@type\":\"BreadcrumbList\",\"@id\":\"https:\\\/\\\/www.organisator.ch\\\/?p=42018#breadcrumb\",\"itemListElement\":[{\"@type\":\"ListItem\",\"position\":1,\"name\":\"Home\",\"item\":\"https:\\\/\\\/www.organisator.ch\\\/\"},{\"@type\":\"ListItem\",\"position\":2,\"name\":\"SwissSkills 2029: St.Gallen ist Austragungsort\"}]},{\"@type\":\"WebSite\",\"@id\":\"https:\\\/\\\/www.organisator.ch\\\/#website\",\"url\":\"https:\\\/\\\/www.organisator.ch\\\/\",\"name\":\"Organisator\",\"description\":\"Kompetent. Praxisnah. Der ORGANISATOR bereitet in 10 Ausgaben pro Jahr die wesentlichen Themen f\u00fcr F\u00fchrungskr\u00e4fte von KMU auf.\",\"publisher\":{\"@id\":\"https:\\\/\\\/www.organisator.ch\\\/#organization\"},\"potentialAction\":[{\"@type\":\"SearchAction\",\"target\":{\"@type\":\"EntryPoint\",\"urlTemplate\":\"https:\\\/\\\/www.organisator.ch\\\/?s={search_term_string}\"},\"query-input\":{\"@type\":\"PropertyValueSpecification\",\"valueRequired\":true,\"valueName\":\"search_term_string\"}}],\"inLanguage\":\"en-US\"},{\"@type\":\"Organization\",\"@id\":\"https:\\\/\\\/www.organisator.ch\\\/#organization\",\"name\":\"Organisator\",\"url\":\"https:\\\/\\\/www.organisator.ch\\\/\",\"logo\":{\"@type\":\"ImageObject\",\"inLanguage\":\"en-US\",\"@id\":\"https:\\\/\\\/www.organisator.ch\\\/#\\\/schema\\\/logo\\\/image\\\/\",\"url\":\"https:\\\/\\\/www.organisator.ch\\\/wp-content\\\/uploads\\\/2022\\\/01\\\/Logo_Organisator_Website.png\",\"contentUrl\":\"https:\\\/\\\/www.organisator.ch\\\/wp-content\\\/uploads\\\/2022\\\/01\\\/Logo_Organisator_Website.png\",\"width\":800,\"height\":77,\"caption\":\"Organisator\"},\"image\":{\"@id\":\"https:\\\/\\\/www.organisator.ch\\\/#\\\/schema\\\/logo\\\/image\\\/\"},\"sameAs\":[\"https:\\\/\\\/www.facebook.com\\\/OrganisatorFachmagazin\",\"https:\\\/\\\/www.linkedin.com\\\/showcase\\\/organisator-das-magazin-fr-kmu\",\"https:\\\/\\\/www.xing.com\\\/news\\\/pages\\\/organisator-ch-695\",\"https:\\\/\\\/www.youtube.com\\\/channel\\\/UCGP2Sq0iWaZwT3BdIAQFYpw\"]},{\"@type\":\"Person\",\"@id\":\"https:\\\/\\\/www.organisator.ch\\\/#\\\/schema\\\/person\\\/6f650f90b2842cd4c0cc334b4e36f67e\",\"name\":\"thomas.berner\",\"image\":{\"@type\":\"ImageObject\",\"inLanguage\":\"en-US\",\"@id\":\"https:\\\/\\\/secure.gravatar.com\\\/avatar\\\/ac5001d2a36cb6c6cd3e50789007ffca834b477b74a2144564522e944eabff61?s=96&d=mm&r=g\",\"url\":\"https:\\\/\\\/secure.gravatar.com\\\/avatar\\\/ac5001d2a36cb6c6cd3e50789007ffca834b477b74a2144564522e944eabff61?s=96&d=mm&r=g\",\"contentUrl\":\"https:\\\/\\\/secure.gravatar.com\\\/avatar\\\/ac5001d2a36cb6c6cd3e50789007ffca834b477b74a2144564522e944eabff61?s=96&d=mm&r=g\",\"caption\":\"thomas.berner\"},\"url\":\"https:\\\/\\\/www.organisator.ch\\\/en\\\/author\\\/thomas-berner\\\/\"}]}<\/script>\n<!-- \/ Yoast SEO plugin. -->","yoast_head_json":{"title":"SwissSkills 2029: St.Gallen is the venue - Organizer","robots":{"index":"index","follow":"follow","max-snippet":"max-snippet:-1","max-image-preview":"max-image-preview:large","max-video-preview":"max-video-preview:-1"},"canonical":"https:\/\/www.organisator.ch\/en\/?p=42018","og_locale":"en_US","og_type":"article","og_title":"SwissSkills 2029: St.Gallen ist Austragungsort - Organisator","og_description":"Der Stiftungsrat von SwissSkills legte letzte Woche den Austragungsort f\u00fcr die nationalen Berufsmeisterschaften 2029 fest. Diese werden in vier Jahren erstmals in St. Gallen durchgef\u00fchrt. Dem Entscheid ging ein Bieterverfahren voraus.","og_url":"https:\/\/www.organisator.ch\/en\/?p=42018","og_site_name":"Organisator","article_publisher":"https:\/\/www.facebook.com\/OrganisatorFachmagazin","article_published_time":"2025-11-17T06:47:49+00:00","og_image":[{"width":680,"height":453,"url":"https:\/\/www.organisator.ch\/wp-content\/uploads\/2025\/11\/SwissSkills-2029-St.Gallen-ist-Austragungsort_Organisator.jpg","type":"image\/jpeg"}],"author":"thomas.berner","twitter_card":"summary_large_image","schema":{"@context":"https:\/\/schema.org","@graph":[{"@type":"Article","@id":"https:\/\/www.organisator.ch\/?p=42018#article","isPartOf":{"@id":"https:\/\/www.organisator.ch\/?p=42018"},"author":{"name":"thomas.berner","@id":"https:\/\/www.organisator.ch\/#\/schema\/person\/6f650f90b2842cd4c0cc334b4e36f67e"},"headline":"SwissSkills 2029: St.Gallen ist Austragungsort","datePublished":"2025-11-17T06:47:49+00:00","mainEntityOfPage":{"@id":"https:\/\/www.organisator.ch\/?p=42018"},"wordCount":310,"publisher":{"@id":"https:\/\/www.organisator.ch\/#organization"},"image":{"@id":"https:\/\/www.organisator.ch\/?p=42018#primaryimage"},"thumbnailUrl":"https:\/\/www.organisator.ch\/wp-content\/uploads\/2025\/11\/SwissSkills-2029-St.Gallen-ist-Austragungsort_Organisator.jpg","keywords":["Aus-\/Weiterbildung","Berufsbildung","Berufsmeisterschaften","SwissSkills"],"articleSection":["WEITERBILDUNG"],"inLanguage":"en-US"},{"@type":"WebPage","@id":"https:\/\/www.organisator.ch\/?p=42018","url":"https:\/\/www.organisator.ch\/?p=42018","name":"SwissSkills 2029: St.Gallen is the venue - Organizer","isPartOf":{"@id":"https:\/\/www.organisator.ch\/#website"},"primaryImageOfPage":{"@id":"https:\/\/www.organisator.ch\/?p=42018#primaryimage"},"image":{"@id":"https:\/\/www.organisator.ch\/?p=42018#primaryimage"},"thumbnailUrl":"https:\/\/www.organisator.ch\/wp-content\/uploads\/2025\/11\/SwissSkills-2029-St.Gallen-ist-Austragungsort_Organisator.jpg","datePublished":"2025-11-17T06:47:49+00:00","breadcrumb":{"@id":"https:\/\/www.organisator.ch\/?p=42018#breadcrumb"},"inLanguage":"en-US","potentialAction":[{"@type":"ReadAction","target":["https:\/\/www.organisator.ch\/?p=42018"]}]},{"@type":"ImageObject","inLanguage":"en-US","@id":"https:\/\/www.organisator.ch\/?p=42018#primaryimage","url":"https:\/\/www.organisator.ch\/wp-content\/uploads\/2025\/11\/SwissSkills-2029-St.Gallen-ist-Austragungsort_Organisator.jpg","contentUrl":"https:\/\/www.organisator.ch\/wp-content\/uploads\/2025\/11\/SwissSkills-2029-St.Gallen-ist-Austragungsort_Organisator.jpg"},{"@type":"BreadcrumbList","@id":"https:\/\/www.organisator.ch\/?p=42018#breadcrumb","itemListElement":[{"@type":"ListItem","position":1,"name":"Home","item":"https:\/\/www.organisator.ch\/"},{"@type":"ListItem","position":2,"name":"SwissSkills 2029: St.Gallen ist Austragungsort"}]},{"@type":"WebSite","@id":"https:\/\/www.organisator.ch\/#website","url":"https:\/\/www.organisator.ch\/","name":"Organizer","description":"Competent. Practical. In 10 issues per year, ORGANISATOR presents the essential topics for managers of SMEs.","publisher":{"@id":"https:\/\/www.organisator.ch\/#organization"},"potentialAction":[{"@type":"SearchAction","target":{"@type":"EntryPoint","urlTemplate":"https:\/\/www.organisator.ch\/?s={search_term_string}"},"query-input":{"@type":"PropertyValueSpecification","valueRequired":true,"valueName":"search_term_string"}}],"inLanguage":"en-US"},{"@type":"Organization","@id":"https:\/\/www.organisator.ch\/#organization","name":"Organizer","url":"https:\/\/www.organisator.ch\/","logo":{"@type":"ImageObject","inLanguage":"en-US","@id":"https:\/\/www.organisator.ch\/#\/schema\/logo\/image\/","url":"https:\/\/www.organisator.ch\/wp-content\/uploads\/2022\/01\/Logo_Organisator_Website.png","contentUrl":"https:\/\/www.organisator.ch\/wp-content\/uploads\/2022\/01\/Logo_Organisator_Website.png","width":800,"height":77,"caption":"Organisator"},"image":{"@id":"https:\/\/www.organisator.ch\/#\/schema\/logo\/image\/"},"sameAs":["https:\/\/www.facebook.com\/OrganisatorFachmagazin","https:\/\/www.linkedin.com\/showcase\/organisator-das-magazin-fr-kmu","https:\/\/www.xing.com\/news\/pages\/organisator-ch-695","https:\/\/www.youtube.com\/channel\/UCGP2Sq0iWaZwT3BdIAQFYpw"]},{"@type":"Person","@id":"https:\/\/www.organisator.ch\/#\/schema\/person\/6f650f90b2842cd4c0cc334b4e36f67e","name":"thomas.berner","image":{"@type":"ImageObject","inLanguage":"en-US","@id":"https:\/\/secure.gravatar.com\/avatar\/ac5001d2a36cb6c6cd3e50789007ffca834b477b74a2144564522e944eabff61?s=96&d=mm&r=g","url":"https:\/\/secure.gravatar.com\/avatar\/ac5001d2a36cb6c6cd3e50789007ffca834b477b74a2144564522e944eabff61?s=96&d=mm&r=g","contentUrl":"https:\/\/secure.gravatar.com\/avatar\/ac5001d2a36cb6c6cd3e50789007ffca834b477b74a2144564522e944eabff61?s=96&d=mm&r=g","caption":"thomas.berner"},"url":"https:\/\/www.organisator.ch\/en\/author\/thomas-berner\/"}]}},"_links":{"self":[{"href":"https:\/\/www.organisator.ch\/en\/wp-json\/wp\/v2\/posts\/42018","targetHints":{"allow":["GET"]}}],"collection":[{"href":"https:\/\/www.organisator.ch\/en\/wp-json\/wp\/v2\/posts"}],"about":[{"href":"https:\/\/www.organisator.ch\/en\/wp-json\/wp\/v2\/types\/post"}],"author":[{"embeddable":true,"href":"https:\/\/www.organisator.ch\/en\/wp-json\/wp\/v2\/users\/4"}],"replies":[{"embeddable":true,"href":"https:\/\/www.organisator.ch\/en\/wp-json\/wp\/v2\/comments?post=42018"}],"version-history":[{"count":2,"href":"https:\/\/www.organisator.ch\/en\/wp-json\/wp\/v2\/posts\/42018\/revisions"}],"predecessor-version":[{"id":42045,"href":"https:\/\/www.organisator.ch\/en\/wp-json\/wp\/v2\/posts\/42018\/revisions\/42045"}],"wp:attachment":[{"href":"https:\/\/www.organisator.ch\/en\/wp-json\/wp\/v2\/media?parent=42018"}],"wp:term":[{"taxonomy":"category","embeddable":true,"href":"https:\/\/www.organisator.ch\/en\/wp-json\/wp\/v2\/categories?post=42018"},{"taxonomy":"post_tag","embeddable":true,"href":"https:\/\/www.organisator.ch\/en\/wp-json\/wp\/v2\/tags?post=42018"}],"curies":[{"name":"wp","href":"https:\/\/api.w.org\/{rel}","templated":true}]}}