{"id":42031,"date":"2025-11-17T13:44:00","date_gmt":"2025-11-17T12:44:00","guid":{"rendered":"https:\/\/www.organisator.ch\/?p=42031"},"modified":"2025-11-17T13:44:00","modified_gmt":"2025-11-17T12:44:00","slug":"auswertung-zeigt-berufliche-grundbildung-lohnt-sich-nach-wie-vor","status":"publish","type":"post","link":"https:\/\/www.organisator.ch\/en\/human-resources\/2025-11-17\/auswertung-zeigt-berufliche-grundbildung-lohnt-sich-nach-wie-vor\/","title":{"rendered":"Evaluation shows: basic vocational training is still worthwhile"},"content":{"rendered":"<figure id=\"attachment_42032\" aria-describedby=\"caption-attachment-42032\" style=\"width: 680px\" class=\"wp-caption alignnone\"><img loading=\"lazy\" decoding=\"async\" class=\"size-full wp-image-42032\" src=\"https:\/\/www.organisator.ch\/wp-content\/uploads\/2025\/11\/Auswertung-zeigt-Lehrlingsausbildung-lohnt-sich-nach-wie-vor_Organisator.jpg\" alt=\"\" width=\"680\" height=\"454\" srcset=\"https:\/\/www.organisator.ch\/wp-content\/uploads\/2025\/11\/Auswertung-zeigt-Lehrlingsausbildung-lohnt-sich-nach-wie-vor_Organisator.jpg 680w, https:\/\/www.organisator.ch\/wp-content\/uploads\/2025\/11\/Auswertung-zeigt-Lehrlingsausbildung-lohnt-sich-nach-wie-vor_Organisator-18x12.jpg 18w, https:\/\/www.organisator.ch\/wp-content\/uploads\/2025\/11\/Auswertung-zeigt-Lehrlingsausbildung-lohnt-sich-nach-wie-vor_Organisator-375x250.jpg 375w, https:\/\/www.organisator.ch\/wp-content\/uploads\/2025\/11\/Auswertung-zeigt-Lehrlingsausbildung-lohnt-sich-nach-wie-vor_Organisator-524x350.jpg 524w\" sizes=\"auto, (max-width: 680px) 100vw, 680px\" \/><figcaption id=\"caption-attachment-42032\" class=\"wp-caption-text\">Basic vocational training remains the most useful tool against skills shortages. (Image: Depositphotos.com)<\/figcaption><\/figure>\n<p>The\u00a0<a href=\"https:\/\/arbeitgeber.us9.list-manage.com\/track\/click?u=56a31f9dc26f472dc5cbdbe11&amp;id=753d864e53&amp;e=10cd0a79ea\">The State Secretariat for Education, Research and Innovation (SERI) has published the results of the fifth cost-benefit survey.<\/a>\u00a0of basic vocational training from the perspective of companies. The survey provides key findings on the relationship between the costs and benefits of training apprentices in companies. The data has been collected regularly since 2000 in order to assess the economic viability of dual vocational education and training.<\/p>\n<h3><strong>Net benefit of teaching confirmed<\/strong><\/h3>\n<p>On average across all apprenticeship occupations, the average net benefit in the 2022\/23 training year was a good CHF 4,500 per apprenticeship year and apprenticeship relationship. A majority of apprenticeships (around 71%) therefore generate a net benefit for the training company. The net benefit results from the value of the productive work of the apprentices during the training period minus all training costs. Companies rate the ratio of costs and benefits correspondingly positively: 80 percent are somewhat or very satisfied with the training of their own apprentices.<\/p>\n<p>The results of the two- and three-year VET programs are largely at the same level as the last survey in 2016\/17. The average net benefit is CHF 9,630 for the Federal Vocational Certificate (FVC) and CHF 13,940 for the three-year Federal Certificate of Competence (FCC). For four-year EFZ apprenticeships, the net benefit is significantly higher at CHF 17,510. Part of the increase is due to apprenticeships whose training period has been extended from three to four years.<\/p>\n<h3><strong>Training quality remains predominantly good<\/strong><\/h3>\n<p>The results also illustrate the high degree of relevance of basic vocational training. On average, companies consider 82% of the training content defined in the training plan to be relevant to their own company. At the same time, just under a fifth of companies impart additional qualifications that go beyond the training plan.<\/p>\n<p>A similar picture emerges for the quality of training: Over three quarters of training companies offer satisfactory to very good quality. Overall, this confirms that the majority of companies are committed to fulfilling their responsibility in dual training. The survey also shows that apprentices spend the majority of their time in the workplace doing productive skilled work. This is very positive, as it allows them to carry out the activities that they should have mastered by the time they complete their apprenticeship.<\/p>\n<h3><strong>Vocational training secures future skilled workers and creates economic added value<\/strong><\/h3>\n<p>The extrapolated cost-benefit values for Switzerland as a whole clearly show the educational and economic importance of training apprentices. Swiss companies with at least two employees invest a total of almost CHF 5 billion per year in this area and thus significantly in the training of future skilled workers. The training costs are offset by the slightly higher productive output of apprentices, who contribute around CHF 5.7 billion per year to Switzerland's economic output even at a young age.<\/p>\n<p>For the <a href=\"http:\/\/www.arbeitgeber.ch\">Swiss Employers' Association<\/a>, which also evaluated the SERI results, clearly shows that basic vocational education and training not only pays off economically, it is also a key pillar for securing a qualified workforce and an important contribution by companies to the future viability of the Swiss economy. This must also be taken into account in the future, as a negative cost-benefit ratio would have a negative impact on companies' willingness to provide training and thus worsen the success factor of the Swiss dual VET model, the association said in its statement.<\/p>","protected":false},"excerpt":{"rendered":"<p>The latest cost-benefit survey by the Swiss Federal Institute for Vocational Education and Training (SFIVET) confirms that basic vocational training pays off for training companies. With an average net benefit of a good CHF 4,500 per apprenticeship year, apprenticeships remain a central pillar of securing the workforce. <\/p>","protected":false},"author":4,"featured_media":42032,"comment_status":"closed","ping_status":"closed","sticky":false,"template":"","format":"standard","meta":{"_acf_changed":false,"_yoast_wpseo_focuskw":"berufliche Grundbildung","_yoast_wpseo_metadesc":"Die neueste Kosten-Nutzen-Erhebung der Eidgen\u00f6ssischen Hochschule f\u00fcr Berufsbildung best\u00e4tigt, dass sich die berufliche Grundbildung rechnet.","articlekey":"","footnotes":""},"categories":[579],"tags":[62,5680,503],"class_list":["post-42031","post","type-post","status-publish","format-standard","has-post-thumbnail","hentry","category-human-resources","tag-aus-weiterbildung","tag-berufliche-grundbildung","tag-verbaende"],"acf":[],"yoast_head":"<!-- This site is optimized with the Yoast SEO plugin v27.5 - https:\/\/yoast.com\/product\/yoast-seo-wordpress\/ -->\n<title>Auswertung zeigt: berufliche Grundbildung lohnt sich nach wie vor - Organisator<\/title>\n<meta name=\"description\" content=\"Die neueste Kosten-Nutzen-Erhebung der Eidgen\u00f6ssischen Hochschule f\u00fcr Berufsbildung best\u00e4tigt, dass sich die berufliche Grundbildung rechnet.\" \/>\n<meta name=\"robots\" content=\"index, follow, max-snippet:-1, max-image-preview:large, max-video-preview:-1\" \/>\n<link rel=\"canonical\" href=\"https:\/\/www.organisator.ch\/en\/human-resources\/2025-11-17\/auswertung-zeigt-berufliche-grundbildung-lohnt-sich-nach-wie-vor\/\" \/>\n<meta property=\"og:locale\" content=\"en_US\" \/>\n<meta property=\"og:type\" content=\"article\" \/>\n<meta property=\"og:title\" content=\"Auswertung zeigt: berufliche Grundbildung lohnt sich nach wie vor\" \/>\n<meta property=\"og:description\" content=\"Die neueste Kosten-Nutzen-Erhebung der Eidgen\u00f6ssischen Hochschule f\u00fcr Berufsbildung best\u00e4tigt, dass sich die berufliche Grundbildung rechnet.\" \/>\n<meta property=\"og:url\" content=\"https:\/\/www.organisator.ch\/en\/human-resources\/2025-11-17\/auswertung-zeigt-berufliche-grundbildung-lohnt-sich-nach-wie-vor\/\" \/>\n<meta property=\"og:site_name\" content=\"Organisator\" \/>\n<meta property=\"article:publisher\" content=\"https:\/\/www.facebook.com\/OrganisatorFachmagazin\" \/>\n<meta property=\"article:published_time\" content=\"2025-11-17T12:44:00+00:00\" \/>\n<meta property=\"og:image\" content=\"https:\/\/www.organisator.ch\/wp-content\/uploads\/2025\/11\/Auswertung-zeigt-Lehrlingsausbildung-lohnt-sich-nach-wie-vor_Organisator.jpg\" \/>\n\t<meta property=\"og:image:width\" content=\"680\" \/>\n\t<meta property=\"og:image:height\" content=\"454\" \/>\n\t<meta property=\"og:image:type\" content=\"image\/jpeg\" \/>\n<meta name=\"author\" content=\"thomas.berner\" \/>\n<meta name=\"twitter:card\" content=\"summary_large_image\" \/>\n<meta name=\"twitter:title\" content=\"Auswertung zeigt: berufliche #Grundbildung lohnt sich nach wie vor\" \/>\n<meta name=\"twitter:description\" content=\"Die neueste #Kosten-Nutzen-Erhebung der Eidgen\u00f6ssischen Hochschule f\u00fcr Berufsbildung best\u00e4tigt, dass sich die berufliche #Grundbildung rechnet.\" \/>\n<meta name=\"twitter:image\" content=\"https:\/\/www.organisator.ch\/wp-content\/uploads\/2025\/11\/Auswertung-zeigt-Lehrlingsausbildung-lohnt-sich-nach-wie-vor_Organisator.jpg\" \/>\n<script type=\"application\/ld+json\" class=\"yoast-schema-graph\">{\"@context\":\"https:\\\/\\\/schema.org\",\"@graph\":[{\"@type\":\"Article\",\"@id\":\"https:\\\/\\\/www.organisator.ch\\\/human-resources\\\/2025-11-17\\\/auswertung-zeigt-berufliche-grundbildung-lohnt-sich-nach-wie-vor\\\/#article\",\"isPartOf\":{\"@id\":\"https:\\\/\\\/www.organisator.ch\\\/human-resources\\\/2025-11-17\\\/auswertung-zeigt-berufliche-grundbildung-lohnt-sich-nach-wie-vor\\\/\"},\"author\":{\"name\":\"thomas.berner\",\"@id\":\"https:\\\/\\\/www.organisator.ch\\\/#\\\/schema\\\/person\\\/6f650f90b2842cd4c0cc334b4e36f67e\"},\"headline\":\"Auswertung zeigt: berufliche Grundbildung lohnt sich nach wie vor\",\"datePublished\":\"2025-11-17T12:44:00+00:00\",\"mainEntityOfPage\":{\"@id\":\"https:\\\/\\\/www.organisator.ch\\\/human-resources\\\/2025-11-17\\\/auswertung-zeigt-berufliche-grundbildung-lohnt-sich-nach-wie-vor\\\/\"},\"wordCount\":543,\"publisher\":{\"@id\":\"https:\\\/\\\/www.organisator.ch\\\/#organization\"},\"image\":{\"@id\":\"https:\\\/\\\/www.organisator.ch\\\/human-resources\\\/2025-11-17\\\/auswertung-zeigt-berufliche-grundbildung-lohnt-sich-nach-wie-vor\\\/#primaryimage\"},\"thumbnailUrl\":\"https:\\\/\\\/www.organisator.ch\\\/wp-content\\\/uploads\\\/2025\\\/11\\\/Auswertung-zeigt-Lehrlingsausbildung-lohnt-sich-nach-wie-vor_Organisator.jpg\",\"keywords\":[\"Aus-\\\/Weiterbildung\",\"berufliche Grundbildung\",\"Verb\u00e4nde\"],\"articleSection\":[\"HUMAN RESOURCES\"],\"inLanguage\":\"en-US\"},{\"@type\":\"WebPage\",\"@id\":\"https:\\\/\\\/www.organisator.ch\\\/human-resources\\\/2025-11-17\\\/auswertung-zeigt-berufliche-grundbildung-lohnt-sich-nach-wie-vor\\\/\",\"url\":\"https:\\\/\\\/www.organisator.ch\\\/human-resources\\\/2025-11-17\\\/auswertung-zeigt-berufliche-grundbildung-lohnt-sich-nach-wie-vor\\\/\",\"name\":\"Auswertung zeigt: berufliche Grundbildung lohnt sich nach wie vor - Organisator\",\"isPartOf\":{\"@id\":\"https:\\\/\\\/www.organisator.ch\\\/#website\"},\"primaryImageOfPage\":{\"@id\":\"https:\\\/\\\/www.organisator.ch\\\/human-resources\\\/2025-11-17\\\/auswertung-zeigt-berufliche-grundbildung-lohnt-sich-nach-wie-vor\\\/#primaryimage\"},\"image\":{\"@id\":\"https:\\\/\\\/www.organisator.ch\\\/human-resources\\\/2025-11-17\\\/auswertung-zeigt-berufliche-grundbildung-lohnt-sich-nach-wie-vor\\\/#primaryimage\"},\"thumbnailUrl\":\"https:\\\/\\\/www.organisator.ch\\\/wp-content\\\/uploads\\\/2025\\\/11\\\/Auswertung-zeigt-Lehrlingsausbildung-lohnt-sich-nach-wie-vor_Organisator.jpg\",\"datePublished\":\"2025-11-17T12:44:00+00:00\",\"description\":\"Die neueste Kosten-Nutzen-Erhebung der Eidgen\u00f6ssischen Hochschule f\u00fcr Berufsbildung best\u00e4tigt, dass sich die berufliche Grundbildung rechnet.\",\"breadcrumb\":{\"@id\":\"https:\\\/\\\/www.organisator.ch\\\/human-resources\\\/2025-11-17\\\/auswertung-zeigt-berufliche-grundbildung-lohnt-sich-nach-wie-vor\\\/#breadcrumb\"},\"inLanguage\":\"en-US\",\"potentialAction\":[{\"@type\":\"ReadAction\",\"target\":[\"https:\\\/\\\/www.organisator.ch\\\/human-resources\\\/2025-11-17\\\/auswertung-zeigt-berufliche-grundbildung-lohnt-sich-nach-wie-vor\\\/\"]}]},{\"@type\":\"ImageObject\",\"inLanguage\":\"en-US\",\"@id\":\"https:\\\/\\\/www.organisator.ch\\\/human-resources\\\/2025-11-17\\\/auswertung-zeigt-berufliche-grundbildung-lohnt-sich-nach-wie-vor\\\/#primaryimage\",\"url\":\"https:\\\/\\\/www.organisator.ch\\\/wp-content\\\/uploads\\\/2025\\\/11\\\/Auswertung-zeigt-Lehrlingsausbildung-lohnt-sich-nach-wie-vor_Organisator.jpg\",\"contentUrl\":\"https:\\\/\\\/www.organisator.ch\\\/wp-content\\\/uploads\\\/2025\\\/11\\\/Auswertung-zeigt-Lehrlingsausbildung-lohnt-sich-nach-wie-vor_Organisator.jpg\",\"width\":680,\"height\":454,\"caption\":\"Die berufliche Grundbildung bleibt das n\u00fctzlichste Instrument gegen Fachkr\u00e4ftemangel. (Bild: Depositphotos.com)\"},{\"@type\":\"BreadcrumbList\",\"@id\":\"https:\\\/\\\/www.organisator.ch\\\/human-resources\\\/2025-11-17\\\/auswertung-zeigt-berufliche-grundbildung-lohnt-sich-nach-wie-vor\\\/#breadcrumb\",\"itemListElement\":[{\"@type\":\"ListItem\",\"position\":1,\"name\":\"Home\",\"item\":\"https:\\\/\\\/www.organisator.ch\\\/\"},{\"@type\":\"ListItem\",\"position\":2,\"name\":\"Auswertung zeigt: berufliche Grundbildung lohnt sich nach wie vor\"}]},{\"@type\":\"WebSite\",\"@id\":\"https:\\\/\\\/www.organisator.ch\\\/#website\",\"url\":\"https:\\\/\\\/www.organisator.ch\\\/\",\"name\":\"Organisator\",\"description\":\"Kompetent. Praxisnah. Der ORGANISATOR bereitet in 10 Ausgaben pro Jahr die wesentlichen Themen f\u00fcr F\u00fchrungskr\u00e4fte von KMU auf.\",\"publisher\":{\"@id\":\"https:\\\/\\\/www.organisator.ch\\\/#organization\"},\"potentialAction\":[{\"@type\":\"SearchAction\",\"target\":{\"@type\":\"EntryPoint\",\"urlTemplate\":\"https:\\\/\\\/www.organisator.ch\\\/?s={search_term_string}\"},\"query-input\":{\"@type\":\"PropertyValueSpecification\",\"valueRequired\":true,\"valueName\":\"search_term_string\"}}],\"inLanguage\":\"en-US\"},{\"@type\":\"Organization\",\"@id\":\"https:\\\/\\\/www.organisator.ch\\\/#organization\",\"name\":\"Organisator\",\"url\":\"https:\\\/\\\/www.organisator.ch\\\/\",\"logo\":{\"@type\":\"ImageObject\",\"inLanguage\":\"en-US\",\"@id\":\"https:\\\/\\\/www.organisator.ch\\\/#\\\/schema\\\/logo\\\/image\\\/\",\"url\":\"https:\\\/\\\/www.organisator.ch\\\/wp-content\\\/uploads\\\/2022\\\/01\\\/Logo_Organisator_Website.png\",\"contentUrl\":\"https:\\\/\\\/www.organisator.ch\\\/wp-content\\\/uploads\\\/2022\\\/01\\\/Logo_Organisator_Website.png\",\"width\":800,\"height\":77,\"caption\":\"Organisator\"},\"image\":{\"@id\":\"https:\\\/\\\/www.organisator.ch\\\/#\\\/schema\\\/logo\\\/image\\\/\"},\"sameAs\":[\"https:\\\/\\\/www.facebook.com\\\/OrganisatorFachmagazin\",\"https:\\\/\\\/www.linkedin.com\\\/showcase\\\/organisator-das-magazin-fr-kmu\",\"https:\\\/\\\/www.xing.com\\\/news\\\/pages\\\/organisator-ch-695\",\"https:\\\/\\\/www.youtube.com\\\/channel\\\/UCGP2Sq0iWaZwT3BdIAQFYpw\"]},{\"@type\":\"Person\",\"@id\":\"https:\\\/\\\/www.organisator.ch\\\/#\\\/schema\\\/person\\\/6f650f90b2842cd4c0cc334b4e36f67e\",\"name\":\"thomas.berner\",\"image\":{\"@type\":\"ImageObject\",\"inLanguage\":\"en-US\",\"@id\":\"https:\\\/\\\/secure.gravatar.com\\\/avatar\\\/ac5001d2a36cb6c6cd3e50789007ffca834b477b74a2144564522e944eabff61?s=96&d=mm&r=g\",\"url\":\"https:\\\/\\\/secure.gravatar.com\\\/avatar\\\/ac5001d2a36cb6c6cd3e50789007ffca834b477b74a2144564522e944eabff61?s=96&d=mm&r=g\",\"contentUrl\":\"https:\\\/\\\/secure.gravatar.com\\\/avatar\\\/ac5001d2a36cb6c6cd3e50789007ffca834b477b74a2144564522e944eabff61?s=96&d=mm&r=g\",\"caption\":\"thomas.berner\"},\"url\":\"https:\\\/\\\/www.organisator.ch\\\/en\\\/author\\\/thomas-berner\\\/\"}]}<\/script>\n<!-- \/ Yoast SEO plugin. -->","yoast_head_json":{"title":"Evaluation shows: basic vocational training is still worthwhile - Organizer","description":"The latest cost-benefit survey by the Swiss Federal Institute for Vocational Education and Training confirms that basic vocational training pays off.","robots":{"index":"index","follow":"follow","max-snippet":"max-snippet:-1","max-image-preview":"max-image-preview:large","max-video-preview":"max-video-preview:-1"},"canonical":"https:\/\/www.organisator.ch\/en\/human-resources\/2025-11-17\/auswertung-zeigt-berufliche-grundbildung-lohnt-sich-nach-wie-vor\/","og_locale":"en_US","og_type":"article","og_title":"Auswertung zeigt: berufliche Grundbildung lohnt sich nach wie vor","og_description":"Die neueste Kosten-Nutzen-Erhebung der Eidgen\u00f6ssischen Hochschule f\u00fcr Berufsbildung best\u00e4tigt, dass sich die berufliche Grundbildung rechnet.","og_url":"https:\/\/www.organisator.ch\/en\/human-resources\/2025-11-17\/auswertung-zeigt-berufliche-grundbildung-lohnt-sich-nach-wie-vor\/","og_site_name":"Organisator","article_publisher":"https:\/\/www.facebook.com\/OrganisatorFachmagazin","article_published_time":"2025-11-17T12:44:00+00:00","og_image":[{"width":680,"height":454,"url":"https:\/\/www.organisator.ch\/wp-content\/uploads\/2025\/11\/Auswertung-zeigt-Lehrlingsausbildung-lohnt-sich-nach-wie-vor_Organisator.jpg","type":"image\/jpeg"}],"author":"thomas.berner","twitter_card":"summary_large_image","twitter_title":"Auswertung zeigt: berufliche #Grundbildung lohnt sich nach wie vor","twitter_description":"Die neueste #Kosten-Nutzen-Erhebung der Eidgen\u00f6ssischen Hochschule f\u00fcr Berufsbildung best\u00e4tigt, dass sich die berufliche #Grundbildung rechnet.","twitter_image":"https:\/\/www.organisator.ch\/wp-content\/uploads\/2025\/11\/Auswertung-zeigt-Lehrlingsausbildung-lohnt-sich-nach-wie-vor_Organisator.jpg","schema":{"@context":"https:\/\/schema.org","@graph":[{"@type":"Article","@id":"https:\/\/www.organisator.ch\/human-resources\/2025-11-17\/auswertung-zeigt-berufliche-grundbildung-lohnt-sich-nach-wie-vor\/#article","isPartOf":{"@id":"https:\/\/www.organisator.ch\/human-resources\/2025-11-17\/auswertung-zeigt-berufliche-grundbildung-lohnt-sich-nach-wie-vor\/"},"author":{"name":"thomas.berner","@id":"https:\/\/www.organisator.ch\/#\/schema\/person\/6f650f90b2842cd4c0cc334b4e36f67e"},"headline":"Auswertung zeigt: berufliche Grundbildung lohnt sich nach wie vor","datePublished":"2025-11-17T12:44:00+00:00","mainEntityOfPage":{"@id":"https:\/\/www.organisator.ch\/human-resources\/2025-11-17\/auswertung-zeigt-berufliche-grundbildung-lohnt-sich-nach-wie-vor\/"},"wordCount":543,"publisher":{"@id":"https:\/\/www.organisator.ch\/#organization"},"image":{"@id":"https:\/\/www.organisator.ch\/human-resources\/2025-11-17\/auswertung-zeigt-berufliche-grundbildung-lohnt-sich-nach-wie-vor\/#primaryimage"},"thumbnailUrl":"https:\/\/www.organisator.ch\/wp-content\/uploads\/2025\/11\/Auswertung-zeigt-Lehrlingsausbildung-lohnt-sich-nach-wie-vor_Organisator.jpg","keywords":["Aus-\/Weiterbildung","berufliche Grundbildung","Verb\u00e4nde"],"articleSection":["HUMAN RESOURCES"],"inLanguage":"en-US"},{"@type":"WebPage","@id":"https:\/\/www.organisator.ch\/human-resources\/2025-11-17\/auswertung-zeigt-berufliche-grundbildung-lohnt-sich-nach-wie-vor\/","url":"https:\/\/www.organisator.ch\/human-resources\/2025-11-17\/auswertung-zeigt-berufliche-grundbildung-lohnt-sich-nach-wie-vor\/","name":"Evaluation shows: basic vocational training is still worthwhile - Organizer","isPartOf":{"@id":"https:\/\/www.organisator.ch\/#website"},"primaryImageOfPage":{"@id":"https:\/\/www.organisator.ch\/human-resources\/2025-11-17\/auswertung-zeigt-berufliche-grundbildung-lohnt-sich-nach-wie-vor\/#primaryimage"},"image":{"@id":"https:\/\/www.organisator.ch\/human-resources\/2025-11-17\/auswertung-zeigt-berufliche-grundbildung-lohnt-sich-nach-wie-vor\/#primaryimage"},"thumbnailUrl":"https:\/\/www.organisator.ch\/wp-content\/uploads\/2025\/11\/Auswertung-zeigt-Lehrlingsausbildung-lohnt-sich-nach-wie-vor_Organisator.jpg","datePublished":"2025-11-17T12:44:00+00:00","description":"The latest cost-benefit survey by the Swiss Federal Institute for Vocational Education and Training confirms that basic vocational training pays off.","breadcrumb":{"@id":"https:\/\/www.organisator.ch\/human-resources\/2025-11-17\/auswertung-zeigt-berufliche-grundbildung-lohnt-sich-nach-wie-vor\/#breadcrumb"},"inLanguage":"en-US","potentialAction":[{"@type":"ReadAction","target":["https:\/\/www.organisator.ch\/human-resources\/2025-11-17\/auswertung-zeigt-berufliche-grundbildung-lohnt-sich-nach-wie-vor\/"]}]},{"@type":"ImageObject","inLanguage":"en-US","@id":"https:\/\/www.organisator.ch\/human-resources\/2025-11-17\/auswertung-zeigt-berufliche-grundbildung-lohnt-sich-nach-wie-vor\/#primaryimage","url":"https:\/\/www.organisator.ch\/wp-content\/uploads\/2025\/11\/Auswertung-zeigt-Lehrlingsausbildung-lohnt-sich-nach-wie-vor_Organisator.jpg","contentUrl":"https:\/\/www.organisator.ch\/wp-content\/uploads\/2025\/11\/Auswertung-zeigt-Lehrlingsausbildung-lohnt-sich-nach-wie-vor_Organisator.jpg","width":680,"height":454,"caption":"Die berufliche Grundbildung bleibt das n\u00fctzlichste Instrument gegen Fachkr\u00e4ftemangel. (Bild: Depositphotos.com)"},{"@type":"BreadcrumbList","@id":"https:\/\/www.organisator.ch\/human-resources\/2025-11-17\/auswertung-zeigt-berufliche-grundbildung-lohnt-sich-nach-wie-vor\/#breadcrumb","itemListElement":[{"@type":"ListItem","position":1,"name":"Home","item":"https:\/\/www.organisator.ch\/"},{"@type":"ListItem","position":2,"name":"Auswertung zeigt: berufliche Grundbildung lohnt sich nach wie vor"}]},{"@type":"WebSite","@id":"https:\/\/www.organisator.ch\/#website","url":"https:\/\/www.organisator.ch\/","name":"Organizer","description":"Competent. Practical. In 10 issues per year, ORGANISATOR presents the essential topics for managers of SMEs.","publisher":{"@id":"https:\/\/www.organisator.ch\/#organization"},"potentialAction":[{"@type":"SearchAction","target":{"@type":"EntryPoint","urlTemplate":"https:\/\/www.organisator.ch\/?s={search_term_string}"},"query-input":{"@type":"PropertyValueSpecification","valueRequired":true,"valueName":"search_term_string"}}],"inLanguage":"en-US"},{"@type":"Organization","@id":"https:\/\/www.organisator.ch\/#organization","name":"Organizer","url":"https:\/\/www.organisator.ch\/","logo":{"@type":"ImageObject","inLanguage":"en-US","@id":"https:\/\/www.organisator.ch\/#\/schema\/logo\/image\/","url":"https:\/\/www.organisator.ch\/wp-content\/uploads\/2022\/01\/Logo_Organisator_Website.png","contentUrl":"https:\/\/www.organisator.ch\/wp-content\/uploads\/2022\/01\/Logo_Organisator_Website.png","width":800,"height":77,"caption":"Organisator"},"image":{"@id":"https:\/\/www.organisator.ch\/#\/schema\/logo\/image\/"},"sameAs":["https:\/\/www.facebook.com\/OrganisatorFachmagazin","https:\/\/www.linkedin.com\/showcase\/organisator-das-magazin-fr-kmu","https:\/\/www.xing.com\/news\/pages\/organisator-ch-695","https:\/\/www.youtube.com\/channel\/UCGP2Sq0iWaZwT3BdIAQFYpw"]},{"@type":"Person","@id":"https:\/\/www.organisator.ch\/#\/schema\/person\/6f650f90b2842cd4c0cc334b4e36f67e","name":"thomas.berner","image":{"@type":"ImageObject","inLanguage":"en-US","@id":"https:\/\/secure.gravatar.com\/avatar\/ac5001d2a36cb6c6cd3e50789007ffca834b477b74a2144564522e944eabff61?s=96&d=mm&r=g","url":"https:\/\/secure.gravatar.com\/avatar\/ac5001d2a36cb6c6cd3e50789007ffca834b477b74a2144564522e944eabff61?s=96&d=mm&r=g","contentUrl":"https:\/\/secure.gravatar.com\/avatar\/ac5001d2a36cb6c6cd3e50789007ffca834b477b74a2144564522e944eabff61?s=96&d=mm&r=g","caption":"thomas.berner"},"url":"https:\/\/www.organisator.ch\/en\/author\/thomas-berner\/"}]}},"_links":{"self":[{"href":"https:\/\/www.organisator.ch\/en\/wp-json\/wp\/v2\/posts\/42031","targetHints":{"allow":["GET"]}}],"collection":[{"href":"https:\/\/www.organisator.ch\/en\/wp-json\/wp\/v2\/posts"}],"about":[{"href":"https:\/\/www.organisator.ch\/en\/wp-json\/wp\/v2\/types\/post"}],"author":[{"embeddable":true,"href":"https:\/\/www.organisator.ch\/en\/wp-json\/wp\/v2\/users\/4"}],"replies":[{"embeddable":true,"href":"https:\/\/www.organisator.ch\/en\/wp-json\/wp\/v2\/comments?post=42031"}],"version-history":[{"count":3,"href":"https:\/\/www.organisator.ch\/en\/wp-json\/wp\/v2\/posts\/42031\/revisions"}],"predecessor-version":[{"id":42043,"href":"https:\/\/www.organisator.ch\/en\/wp-json\/wp\/v2\/posts\/42031\/revisions\/42043"}],"wp:featuredmedia":[{"embeddable":true,"href":"https:\/\/www.organisator.ch\/en\/wp-json\/wp\/v2\/media\/42032"}],"wp:attachment":[{"href":"https:\/\/www.organisator.ch\/en\/wp-json\/wp\/v2\/media?parent=42031"}],"wp:term":[{"taxonomy":"category","embeddable":true,"href":"https:\/\/www.organisator.ch\/en\/wp-json\/wp\/v2\/categories?post=42031"},{"taxonomy":"post_tag","embeddable":true,"href":"https:\/\/www.organisator.ch\/en\/wp-json\/wp\/v2\/tags?post=42031"}],"curies":[{"name":"wp","href":"https:\/\/api.w.org\/{rel}","templated":true}]}}