{"id":4224,"date":"2018-09-10T08:39:29","date_gmt":"2018-09-10T06:39:29","guid":{"rendered":"https:\/\/www.organisator.ch\/?p=4224"},"modified":"2018-09-10T08:39:29","modified_gmt":"2018-09-10T06:39:29","slug":"networking-tag-2018-der-fhs-der-gute-koenig-demokratie-auf-dem-pruefstand","status":"publish","type":"post","link":"https:\/\/www.organisator.ch\/en\/allgemein\/2018-09-10\/networking-tag-2018-der-fhs-der-gute-koenig-demokratie-auf-dem-pruefstand\/","title":{"rendered":"FHS Networking Day 2018: The Good King - Democracy on Trial"},"content":{"rendered":"<figure id=\"attachment_4225\" aria-describedby=\"caption-attachment-4225\" style=\"width: 640px\" class=\"wp-caption alignnone\"><img loading=\"lazy\" decoding=\"async\" class=\"size-full wp-image-4225\" src=\"https:\/\/www.organisator.ch\/wp-content\/uploads\/2018\/09\/Networking-Tag-2018-der-FHS-Der-gute-Koenig-Demokratie-auf-dem-Pruefstand_Organisator.jpg\" alt=\"\" width=\"640\" height=\"427\" srcset=\"https:\/\/www.organisator.ch\/wp-content\/uploads\/2018\/09\/Networking-Tag-2018-der-FHS-Der-gute-Koenig-Demokratie-auf-dem-Pruefstand_Organisator.jpg 640w, https:\/\/www.organisator.ch\/wp-content\/uploads\/2018\/09\/Networking-Tag-2018-der-FHS-Der-gute-Koenig-Demokratie-auf-dem-Pruefstand_Organisator-16x12.jpg 16w, https:\/\/www.organisator.ch\/wp-content\/uploads\/2018\/09\/Networking-Tag-2018-der-FHS-Der-gute-Koenig-Demokratie-auf-dem-Pruefstand_Organisator-262x175.jpg 262w, https:\/\/www.organisator.ch\/wp-content\/uploads\/2018\/09\/Networking-Tag-2018-der-FHS-Der-gute-Koenig-Demokratie-auf-dem-Pruefstand_Organisator-525x350.jpg 525w, https:\/\/www.organisator.ch\/wp-content\/uploads\/2018\/09\/Networking-Tag-2018-der-FHS-Der-gute-Koenig-Demokratie-auf-dem-Pruefstand_Organisator-300x200.jpg 300w\" sizes=\"auto, (max-width: 640px) 100vw, 640px\" \/><figcaption id=\"caption-attachment-4225\" class=\"wp-caption-text\">The political podium amused: Michael Elsener makes Andrea Caroni, Diana Gutjahr, Flavia Kleiner and Paul Rechsteiner (from 2nd from left) laugh, while Endo Anaconda (left) devotes himself mainly to the audience. (Image: Networking Day)<\/figcaption><\/figure>\n<p>Plato was convinced that a state would only be well governed if its rulers were close to philosophy. \"But how many politicians are there as philosophers? What are the requirements for politics today? Is the waning interest in democracy opening doors for other currents?\" With these and other questions, Sebastian W\u00f6rwag, rector of the University of Applied Sciences St.Gallen, opened the 14th Networking Day on Friday, September 7, at Olma Messen St.Gallen. The Networking Day, organized by the alumni organization FHS Alumni, was held under the motto \"The Good King. Democracy on the test bench\".<\/p>\n<p>W\u00f6rwag invited the approximately 650 participants to reflect on democracy and the values that are needed for a functioning coexistence. \"Sure, it could have been called 'the good queen,'\" said Sigmar Willi, head of the FHS Alumni. But the quote, he said, came from Plato - and gender-equal spelling was not an issue 2500 years ago. The event was moderated by comedian and political blogger Michael Elsener, who repeatedly provided laughs in the audience and on stage with a sharp tongue and a good dose of humor.<\/p>\n<h2>\"Democracy becomes more alive\"<\/h2>\n<p>One of the highlights was the political panel, which featured top-class speakers such as FDP Council of States member Andrea Caroni, SP Council of States member Paul Rechsteiner, SVP National Council member Diana Gutjahr, political activist Flavia Kleiner and musician Endo Anaconda. Caroni and Gutjahr had stood in for Petra G\u00f6ssi (President of the FDP Switzerland) and Roland Rino B\u00fcchel (SVP National Councilor), who had to cancel their participation at short notice. The discussion focused, among other things, on how to regain citizens' trust in politics and increase their participation in democracy.<\/p>\n<p>\"There is a need for civic education, where critical thinking is encouraged and an attitude is developed,\" said Flavia Kleiner. Diana Gutjahr is also in favor of civic education, only the discussions should not take place in school, but \"at home at the kitchen table.\" It is the job of politicians to motivate people to vote - \"and to do so in conversations and not by means of Facebook posts,\" says the National Councilor from Thurgau.<\/p>\n<p>The panelists did not see democracy in the black at all. On the contrary. \"Democracy is becoming more alive,\" said Andrea Caroni. Thanks to e-collecting and e-voting, people will participate more in political discourse again in the future. Endo Anaconda believes that \"civil society will give the parties quite a run for their money,\" and that is a good thing. Paul Rechsteiner hopes that in the future, everyone, no matter where they come from, will have a chance at political education. Political activist and co-president of Operation Libero, Flavia Kleiner, wishes for the democracy of the future: \"Cold times for naked despots.\"<\/p>\n<h2>Democracy yesterday, today and tomorrow<\/h2>\n<p>Historian Daniele Ganser spoke about the history of Swiss democracy and how political power was \"fragmented\" by the introduction of the magic formula. He praised dialogue, \"even with controversial views, one should engage in discourse,\" and criticized Switzerland's cooperation with Partnership for Peace (PfP), NATO's \"kindergarten,\" as Ganser called the alliance. PfP is an international structure imposed by the U.S. to bring hesitant countries into line with NATO, Ganser said. Anyone who cooperates with them can no longer be called neutral.<\/p>\n<p>Nicola Forster, founder and president of the think tank \"foraus,\" ventured a look into the future. In his presentation, he showed how democracy can function in the age of total digitalization. In doing so, the young visionary pleaded for a participatory democracy instead of a voting democracy. \"With artificial intelligence, for example, government services can be tailored even more closely to each individual,\" Forster said. \"But Switzerland is not there yet.\" It is important, however, that \"we have these competencies ourselves and do not leave them to others.\"<\/p>\n<h2>The crisis of the media<\/h2>\n<p>The media play an important role in a functioning democracy. They are often referred to as the \"fourth estate. But the media are in the midst of a deep transformation process, and the media landscape is shrinking. \"It's going in a direction we don't like,\" says Daniel Binswanger, co-head of features at the online magazine Republik, who took over the role of \"champion of independent media\" from Christof Moser. \"Funds are being diverted from the media and put into other areas. That's bad for society and bad for democracy.\" Marc Walder, CEO and co-owner of Ringier AG, took a somewhat different view: \"Media have to diversify to have a future.\" He is sure that \"those media that today depend on journalism for more than 70 percent will have a hard time in ten years.\"<\/p>\n<p><em>More information: <a href=\"http:\/\/www.networkingtag.ch\">www.networkingtag.ch<\/a><\/em><\/p>\n<p>&nbsp;<\/p>\n<p>&nbsp;<\/p>","protected":false},"excerpt":{"rendered":"<p>Platon war \u00fcberzeugt: Ein Staat sei nur dann gut regiert, wenn seine Herrscher der Philosophie nahe st\u00fcnden. \u00abDoch wie viele Politikerinnen und Politiker als Philosophen gibt es? Welche Anforderungen braucht es heute f\u00fcr die Politik? \u00d6ffnet das schwindende Interesse an der Demokratie T\u00fcren f\u00fcr andere Str\u00f6mungen?\u00bb Mit diesen und anderen Fragen er\u00f6ffnete Sebastian W\u00f6rwag, Rektor [&hellip;]<\/p>\n","protected":false},"author":4,"featured_media":4225,"comment_status":"open","ping_status":"open","sticky":false,"template":"","format":"standard","meta":{"_acf_changed":false,"_yoast_wpseo_focuskw":"Demokratie","_yoast_wpseo_metadesc":"Am diesj\u00e4hrigen Networking-Tag der Fachhochschule St.Gallen wurde von verschiedenen Referenten die Schweizer Demokratie auf den Pr\u00fcfstand gestellt.","articlekey":"","footnotes":""},"categories":[1],"tags":[334,386,502,531,533],"class_list":["post-4224","post","type-post","status-publish","format-standard","has-post-thumbnail","hentry","category-allgemein","tag-management","tag-politik","tag-veranstaltungen","tag-wirtschaftspolitik","tag-wissenschaft"],"acf":[],"yoast_head":"<!-- This site is optimized with the Yoast SEO plugin v27.5 - https:\/\/yoast.com\/product\/yoast-seo-wordpress\/ -->\n<title>Networking-Tag 2018 der FHS: Der gute K\u00f6nig - Demokratie auf dem Pr\u00fcfstand - Organisator<\/title>\n<meta name=\"description\" content=\"Am diesj\u00e4hrigen Networking-Tag der Fachhochschule St.Gallen wurde von verschiedenen Referenten die Schweizer Demokratie auf den Pr\u00fcfstand gestellt.\" \/>\n<meta name=\"robots\" content=\"index, follow, max-snippet:-1, max-image-preview:large, max-video-preview:-1\" \/>\n<link rel=\"canonical\" href=\"https:\/\/www.organisator.ch\/en\/general\/2018-09-10\/networking-tag-2018-der-fhs-der-gute-koenig-demokratie-auf-dem-pruefstand\/\" \/>\n<meta property=\"og:locale\" content=\"en_US\" \/>\n<meta property=\"og:type\" content=\"article\" \/>\n<meta property=\"og:title\" content=\"Networking-Tag 2018 der FHS: Der gute K\u00f6nig - Demokratie auf dem Pr\u00fcfstand\" \/>\n<meta property=\"og:description\" content=\"Am diesj\u00e4hrigen Networking-Tag der Fachhochschule St.Gallen wurde von verschiedenen Referenten die Schweizer Demokratie auf den Pr\u00fcfstand gestellt.\" \/>\n<meta property=\"og:url\" content=\"https:\/\/www.organisator.ch\/en\/general\/2018-09-10\/networking-tag-2018-der-fhs-der-gute-koenig-demokratie-auf-dem-pruefstand\/\" \/>\n<meta property=\"og:site_name\" content=\"Organisator\" \/>\n<meta property=\"article:publisher\" content=\"https:\/\/www.facebook.com\/OrganisatorFachmagazin\" \/>\n<meta property=\"article:published_time\" content=\"2018-09-10T06:39:29+00:00\" \/>\n<meta property=\"og:image\" content=\"https:\/\/www.organisator.ch\/wp-content\/uploads\/2018\/09\/Networking-Tag-2018-der-FHS-Der-gute-Koenig-Demokratie-auf-dem-Pruefstand_Organisator.jpg\" \/>\n\t<meta property=\"og:image:width\" content=\"640\" \/>\n\t<meta property=\"og:image:height\" content=\"427\" \/>\n\t<meta property=\"og:image:type\" content=\"image\/jpeg\" \/>\n<meta name=\"author\" content=\"thomas.berner\" \/>\n<meta name=\"twitter:card\" content=\"summary_large_image\" \/>\n<meta name=\"twitter:title\" content=\"#Networking-Tag 2018 der FHS: Der gute K\u00f6nig - Demokratie auf dem Pr\u00fcfstand\" \/>\n<meta name=\"twitter:description\" content=\"Am diesj\u00e4hrigen #Networking-Tag der Fachhochschule St.Gallen wurde von verschiedenen Referenten die Schweizer Demokratie auf den Pr\u00fcfstand gestellt.\" \/>\n<meta name=\"twitter:image\" content=\"https:\/\/www.organisator.ch\/wp-content\/uploads\/2018\/09\/Networking-Tag-2018-der-FHS-Der-gute-K\u00f6nig-Demokratie-auf-dem-Pr\u00fcfstand_Organisator.jpg\" \/>\n<script type=\"application\/ld+json\" class=\"yoast-schema-graph\">{\"@context\":\"https:\\\/\\\/schema.org\",\"@graph\":[{\"@type\":\"Article\",\"@id\":\"https:\\\/\\\/www.organisator.ch\\\/de\\\/allgemein\\\/2018-09-10\\\/networking-tag-2018-der-fhs-der-gute-koenig-demokratie-auf-dem-pruefstand\\\/#article\",\"isPartOf\":{\"@id\":\"https:\\\/\\\/www.organisator.ch\\\/de\\\/allgemein\\\/2018-09-10\\\/networking-tag-2018-der-fhs-der-gute-koenig-demokratie-auf-dem-pruefstand\\\/\"},\"author\":{\"name\":\"thomas.berner\",\"@id\":\"https:\\\/\\\/www.organisator.ch\\\/#\\\/schema\\\/person\\\/6f650f90b2842cd4c0cc334b4e36f67e\"},\"headline\":\"Networking-Tag 2018 der FHS: Der gute K\u00f6nig &#8211; Demokratie auf dem Pr\u00fcfstand\",\"datePublished\":\"2018-09-10T06:39:29+00:00\",\"mainEntityOfPage\":{\"@id\":\"https:\\\/\\\/www.organisator.ch\\\/de\\\/allgemein\\\/2018-09-10\\\/networking-tag-2018-der-fhs-der-gute-koenig-demokratie-auf-dem-pruefstand\\\/\"},\"wordCount\":833,\"commentCount\":0,\"publisher\":{\"@id\":\"https:\\\/\\\/www.organisator.ch\\\/#organization\"},\"image\":{\"@id\":\"https:\\\/\\\/www.organisator.ch\\\/de\\\/allgemein\\\/2018-09-10\\\/networking-tag-2018-der-fhs-der-gute-koenig-demokratie-auf-dem-pruefstand\\\/#primaryimage\"},\"thumbnailUrl\":\"https:\\\/\\\/www.organisator.ch\\\/wp-content\\\/uploads\\\/2018\\\/09\\\/Networking-Tag-2018-der-FHS-Der-gute-Koenig-Demokratie-auf-dem-Pruefstand_Organisator.jpg\",\"keywords\":[\"Management\",\"Politik\",\"Veranstaltungen\",\"Wirtschaftspolitik\",\"Wissenschaft\"],\"articleSection\":[\"Allgemein\"],\"inLanguage\":\"en-US\"},{\"@type\":\"WebPage\",\"@id\":\"https:\\\/\\\/www.organisator.ch\\\/de\\\/allgemein\\\/2018-09-10\\\/networking-tag-2018-der-fhs-der-gute-koenig-demokratie-auf-dem-pruefstand\\\/\",\"url\":\"https:\\\/\\\/www.organisator.ch\\\/de\\\/allgemein\\\/2018-09-10\\\/networking-tag-2018-der-fhs-der-gute-koenig-demokratie-auf-dem-pruefstand\\\/\",\"name\":\"Networking-Tag 2018 der FHS: Der gute K\u00f6nig - Demokratie auf dem Pr\u00fcfstand - Organisator\",\"isPartOf\":{\"@id\":\"https:\\\/\\\/www.organisator.ch\\\/#website\"},\"primaryImageOfPage\":{\"@id\":\"https:\\\/\\\/www.organisator.ch\\\/de\\\/allgemein\\\/2018-09-10\\\/networking-tag-2018-der-fhs-der-gute-koenig-demokratie-auf-dem-pruefstand\\\/#primaryimage\"},\"image\":{\"@id\":\"https:\\\/\\\/www.organisator.ch\\\/de\\\/allgemein\\\/2018-09-10\\\/networking-tag-2018-der-fhs-der-gute-koenig-demokratie-auf-dem-pruefstand\\\/#primaryimage\"},\"thumbnailUrl\":\"https:\\\/\\\/www.organisator.ch\\\/wp-content\\\/uploads\\\/2018\\\/09\\\/Networking-Tag-2018-der-FHS-Der-gute-Koenig-Demokratie-auf-dem-Pruefstand_Organisator.jpg\",\"datePublished\":\"2018-09-10T06:39:29+00:00\",\"description\":\"Am diesj\u00e4hrigen Networking-Tag der Fachhochschule St.Gallen wurde von verschiedenen Referenten die Schweizer Demokratie auf den Pr\u00fcfstand gestellt.\",\"breadcrumb\":{\"@id\":\"https:\\\/\\\/www.organisator.ch\\\/de\\\/allgemein\\\/2018-09-10\\\/networking-tag-2018-der-fhs-der-gute-koenig-demokratie-auf-dem-pruefstand\\\/#breadcrumb\"},\"inLanguage\":\"en-US\",\"potentialAction\":[{\"@type\":\"ReadAction\",\"target\":[\"https:\\\/\\\/www.organisator.ch\\\/de\\\/allgemein\\\/2018-09-10\\\/networking-tag-2018-der-fhs-der-gute-koenig-demokratie-auf-dem-pruefstand\\\/\"]}]},{\"@type\":\"ImageObject\",\"inLanguage\":\"en-US\",\"@id\":\"https:\\\/\\\/www.organisator.ch\\\/de\\\/allgemein\\\/2018-09-10\\\/networking-tag-2018-der-fhs-der-gute-koenig-demokratie-auf-dem-pruefstand\\\/#primaryimage\",\"url\":\"https:\\\/\\\/www.organisator.ch\\\/wp-content\\\/uploads\\\/2018\\\/09\\\/Networking-Tag-2018-der-FHS-Der-gute-Koenig-Demokratie-auf-dem-Pruefstand_Organisator.jpg\",\"contentUrl\":\"https:\\\/\\\/www.organisator.ch\\\/wp-content\\\/uploads\\\/2018\\\/09\\\/Networking-Tag-2018-der-FHS-Der-gute-Koenig-Demokratie-auf-dem-Pruefstand_Organisator.jpg\",\"width\":640,\"height\":427,\"caption\":\"Das Politpodium am\u00fcsierte: Michael Elsener sorgt f\u00fcr lachende Gesichter bei Andrea Caroni, Diana Gutjahr, Flavia Kleiner und Paul Rechsteiner (ab 2.v.l.), w\u00e4hrend sich Endo Anaconda (links) vor allem dem Publikum widmet. (Bild: Networkingtag)\"},{\"@type\":\"BreadcrumbList\",\"@id\":\"https:\\\/\\\/www.organisator.ch\\\/de\\\/allgemein\\\/2018-09-10\\\/networking-tag-2018-der-fhs-der-gute-koenig-demokratie-auf-dem-pruefstand\\\/#breadcrumb\",\"itemListElement\":[{\"@type\":\"ListItem\",\"position\":1,\"name\":\"Home\",\"item\":\"https:\\\/\\\/www.organisator.ch\\\/\"},{\"@type\":\"ListItem\",\"position\":2,\"name\":\"Networking-Tag 2018 der FHS: Der gute K\u00f6nig &#8211; Demokratie auf dem Pr\u00fcfstand\"}]},{\"@type\":\"WebSite\",\"@id\":\"https:\\\/\\\/www.organisator.ch\\\/#website\",\"url\":\"https:\\\/\\\/www.organisator.ch\\\/\",\"name\":\"Organisator\",\"description\":\"Kompetent. Praxisnah. Der ORGANISATOR bereitet in 10 Ausgaben pro Jahr die wesentlichen Themen f\u00fcr F\u00fchrungskr\u00e4fte von KMU auf.\",\"publisher\":{\"@id\":\"https:\\\/\\\/www.organisator.ch\\\/#organization\"},\"potentialAction\":[{\"@type\":\"SearchAction\",\"target\":{\"@type\":\"EntryPoint\",\"urlTemplate\":\"https:\\\/\\\/www.organisator.ch\\\/?s={search_term_string}\"},\"query-input\":{\"@type\":\"PropertyValueSpecification\",\"valueRequired\":true,\"valueName\":\"search_term_string\"}}],\"inLanguage\":\"en-US\"},{\"@type\":\"Organization\",\"@id\":\"https:\\\/\\\/www.organisator.ch\\\/#organization\",\"name\":\"Organisator\",\"url\":\"https:\\\/\\\/www.organisator.ch\\\/\",\"logo\":{\"@type\":\"ImageObject\",\"inLanguage\":\"en-US\",\"@id\":\"https:\\\/\\\/www.organisator.ch\\\/#\\\/schema\\\/logo\\\/image\\\/\",\"url\":\"https:\\\/\\\/www.organisator.ch\\\/wp-content\\\/uploads\\\/2022\\\/01\\\/Logo_Organisator_Website.png\",\"contentUrl\":\"https:\\\/\\\/www.organisator.ch\\\/wp-content\\\/uploads\\\/2022\\\/01\\\/Logo_Organisator_Website.png\",\"width\":800,\"height\":77,\"caption\":\"Organisator\"},\"image\":{\"@id\":\"https:\\\/\\\/www.organisator.ch\\\/#\\\/schema\\\/logo\\\/image\\\/\"},\"sameAs\":[\"https:\\\/\\\/www.facebook.com\\\/OrganisatorFachmagazin\",\"https:\\\/\\\/www.linkedin.com\\\/showcase\\\/organisator-das-magazin-fr-kmu\",\"https:\\\/\\\/www.xing.com\\\/news\\\/pages\\\/organisator-ch-695\",\"https:\\\/\\\/www.youtube.com\\\/channel\\\/UCGP2Sq0iWaZwT3BdIAQFYpw\"]},{\"@type\":\"Person\",\"@id\":\"https:\\\/\\\/www.organisator.ch\\\/#\\\/schema\\\/person\\\/6f650f90b2842cd4c0cc334b4e36f67e\",\"name\":\"thomas.berner\",\"image\":{\"@type\":\"ImageObject\",\"inLanguage\":\"en-US\",\"@id\":\"https:\\\/\\\/secure.gravatar.com\\\/avatar\\\/ac5001d2a36cb6c6cd3e50789007ffca834b477b74a2144564522e944eabff61?s=96&d=mm&r=g\",\"url\":\"https:\\\/\\\/secure.gravatar.com\\\/avatar\\\/ac5001d2a36cb6c6cd3e50789007ffca834b477b74a2144564522e944eabff61?s=96&d=mm&r=g\",\"contentUrl\":\"https:\\\/\\\/secure.gravatar.com\\\/avatar\\\/ac5001d2a36cb6c6cd3e50789007ffca834b477b74a2144564522e944eabff61?s=96&d=mm&r=g\",\"caption\":\"thomas.berner\"},\"url\":\"https:\\\/\\\/www.organisator.ch\\\/en\\\/author\\\/thomas-berner\\\/\"}]}<\/script>\n<!-- \/ Yoast SEO plugin. -->","yoast_head_json":{"title":"Networking Day 2018 of the FHS: The good king - democracy on the test bench - Organizer","description":"At this year's Networking Day at the University of Applied Sciences St.Gallen, Swiss democracy was put to the test by various speakers.","robots":{"index":"index","follow":"follow","max-snippet":"max-snippet:-1","max-image-preview":"max-image-preview:large","max-video-preview":"max-video-preview:-1"},"canonical":"https:\/\/www.organisator.ch\/en\/general\/2018-09-10\/networking-tag-2018-der-fhs-der-gute-koenig-demokratie-auf-dem-pruefstand\/","og_locale":"en_US","og_type":"article","og_title":"Networking-Tag 2018 der FHS: Der gute K\u00f6nig - Demokratie auf dem Pr\u00fcfstand","og_description":"Am diesj\u00e4hrigen Networking-Tag der Fachhochschule St.Gallen wurde von verschiedenen Referenten die Schweizer Demokratie auf den Pr\u00fcfstand gestellt.","og_url":"https:\/\/www.organisator.ch\/en\/general\/2018-09-10\/networking-tag-2018-der-fhs-der-gute-koenig-demokratie-auf-dem-pruefstand\/","og_site_name":"Organisator","article_publisher":"https:\/\/www.facebook.com\/OrganisatorFachmagazin","article_published_time":"2018-09-10T06:39:29+00:00","og_image":[{"width":640,"height":427,"url":"https:\/\/www.organisator.ch\/wp-content\/uploads\/2018\/09\/Networking-Tag-2018-der-FHS-Der-gute-Koenig-Demokratie-auf-dem-Pruefstand_Organisator.jpg","type":"image\/jpeg"}],"author":"thomas.berner","twitter_card":"summary_large_image","twitter_title":"#Networking-Tag 2018 der FHS: Der gute K\u00f6nig - Demokratie auf dem Pr\u00fcfstand","twitter_description":"Am diesj\u00e4hrigen #Networking-Tag der Fachhochschule St.Gallen wurde von verschiedenen Referenten die Schweizer Demokratie auf den Pr\u00fcfstand gestellt.","twitter_image":"https:\/\/www.organisator.ch\/wp-content\/uploads\/2018\/09\/Networking-Tag-2018-der-FHS-Der-gute-K\u00f6nig-Demokratie-auf-dem-Pr\u00fcfstand_Organisator.jpg","schema":{"@context":"https:\/\/schema.org","@graph":[{"@type":"Article","@id":"https:\/\/www.organisator.ch\/de\/allgemein\/2018-09-10\/networking-tag-2018-der-fhs-der-gute-koenig-demokratie-auf-dem-pruefstand\/#article","isPartOf":{"@id":"https:\/\/www.organisator.ch\/de\/allgemein\/2018-09-10\/networking-tag-2018-der-fhs-der-gute-koenig-demokratie-auf-dem-pruefstand\/"},"author":{"name":"thomas.berner","@id":"https:\/\/www.organisator.ch\/#\/schema\/person\/6f650f90b2842cd4c0cc334b4e36f67e"},"headline":"Networking-Tag 2018 der FHS: Der gute K\u00f6nig &#8211; Demokratie auf dem Pr\u00fcfstand","datePublished":"2018-09-10T06:39:29+00:00","mainEntityOfPage":{"@id":"https:\/\/www.organisator.ch\/de\/allgemein\/2018-09-10\/networking-tag-2018-der-fhs-der-gute-koenig-demokratie-auf-dem-pruefstand\/"},"wordCount":833,"commentCount":0,"publisher":{"@id":"https:\/\/www.organisator.ch\/#organization"},"image":{"@id":"https:\/\/www.organisator.ch\/de\/allgemein\/2018-09-10\/networking-tag-2018-der-fhs-der-gute-koenig-demokratie-auf-dem-pruefstand\/#primaryimage"},"thumbnailUrl":"https:\/\/www.organisator.ch\/wp-content\/uploads\/2018\/09\/Networking-Tag-2018-der-FHS-Der-gute-Koenig-Demokratie-auf-dem-Pruefstand_Organisator.jpg","keywords":["Management","Politik","Veranstaltungen","Wirtschaftspolitik","Wissenschaft"],"articleSection":["Allgemein"],"inLanguage":"en-US"},{"@type":"WebPage","@id":"https:\/\/www.organisator.ch\/de\/allgemein\/2018-09-10\/networking-tag-2018-der-fhs-der-gute-koenig-demokratie-auf-dem-pruefstand\/","url":"https:\/\/www.organisator.ch\/de\/allgemein\/2018-09-10\/networking-tag-2018-der-fhs-der-gute-koenig-demokratie-auf-dem-pruefstand\/","name":"Networking Day 2018 of the FHS: The good king - democracy on the test bench - Organizer","isPartOf":{"@id":"https:\/\/www.organisator.ch\/#website"},"primaryImageOfPage":{"@id":"https:\/\/www.organisator.ch\/de\/allgemein\/2018-09-10\/networking-tag-2018-der-fhs-der-gute-koenig-demokratie-auf-dem-pruefstand\/#primaryimage"},"image":{"@id":"https:\/\/www.organisator.ch\/de\/allgemein\/2018-09-10\/networking-tag-2018-der-fhs-der-gute-koenig-demokratie-auf-dem-pruefstand\/#primaryimage"},"thumbnailUrl":"https:\/\/www.organisator.ch\/wp-content\/uploads\/2018\/09\/Networking-Tag-2018-der-FHS-Der-gute-Koenig-Demokratie-auf-dem-Pruefstand_Organisator.jpg","datePublished":"2018-09-10T06:39:29+00:00","description":"At this year's Networking Day at the University of Applied Sciences St.Gallen, Swiss democracy was put to the test by various speakers.","breadcrumb":{"@id":"https:\/\/www.organisator.ch\/de\/allgemein\/2018-09-10\/networking-tag-2018-der-fhs-der-gute-koenig-demokratie-auf-dem-pruefstand\/#breadcrumb"},"inLanguage":"en-US","potentialAction":[{"@type":"ReadAction","target":["https:\/\/www.organisator.ch\/de\/allgemein\/2018-09-10\/networking-tag-2018-der-fhs-der-gute-koenig-demokratie-auf-dem-pruefstand\/"]}]},{"@type":"ImageObject","inLanguage":"en-US","@id":"https:\/\/www.organisator.ch\/de\/allgemein\/2018-09-10\/networking-tag-2018-der-fhs-der-gute-koenig-demokratie-auf-dem-pruefstand\/#primaryimage","url":"https:\/\/www.organisator.ch\/wp-content\/uploads\/2018\/09\/Networking-Tag-2018-der-FHS-Der-gute-Koenig-Demokratie-auf-dem-Pruefstand_Organisator.jpg","contentUrl":"https:\/\/www.organisator.ch\/wp-content\/uploads\/2018\/09\/Networking-Tag-2018-der-FHS-Der-gute-Koenig-Demokratie-auf-dem-Pruefstand_Organisator.jpg","width":640,"height":427,"caption":"Das Politpodium am\u00fcsierte: Michael Elsener sorgt f\u00fcr lachende Gesichter bei Andrea Caroni, Diana Gutjahr, Flavia Kleiner und Paul Rechsteiner (ab 2.v.l.), w\u00e4hrend sich Endo Anaconda (links) vor allem dem Publikum widmet. (Bild: Networkingtag)"},{"@type":"BreadcrumbList","@id":"https:\/\/www.organisator.ch\/de\/allgemein\/2018-09-10\/networking-tag-2018-der-fhs-der-gute-koenig-demokratie-auf-dem-pruefstand\/#breadcrumb","itemListElement":[{"@type":"ListItem","position":1,"name":"Home","item":"https:\/\/www.organisator.ch\/"},{"@type":"ListItem","position":2,"name":"Networking-Tag 2018 der FHS: Der gute K\u00f6nig &#8211; Demokratie auf dem Pr\u00fcfstand"}]},{"@type":"WebSite","@id":"https:\/\/www.organisator.ch\/#website","url":"https:\/\/www.organisator.ch\/","name":"Organizer","description":"Competent. Practical. In 10 issues per year, ORGANISATOR presents the essential topics for managers of SMEs.","publisher":{"@id":"https:\/\/www.organisator.ch\/#organization"},"potentialAction":[{"@type":"SearchAction","target":{"@type":"EntryPoint","urlTemplate":"https:\/\/www.organisator.ch\/?s={search_term_string}"},"query-input":{"@type":"PropertyValueSpecification","valueRequired":true,"valueName":"search_term_string"}}],"inLanguage":"en-US"},{"@type":"Organization","@id":"https:\/\/www.organisator.ch\/#organization","name":"Organizer","url":"https:\/\/www.organisator.ch\/","logo":{"@type":"ImageObject","inLanguage":"en-US","@id":"https:\/\/www.organisator.ch\/#\/schema\/logo\/image\/","url":"https:\/\/www.organisator.ch\/wp-content\/uploads\/2022\/01\/Logo_Organisator_Website.png","contentUrl":"https:\/\/www.organisator.ch\/wp-content\/uploads\/2022\/01\/Logo_Organisator_Website.png","width":800,"height":77,"caption":"Organisator"},"image":{"@id":"https:\/\/www.organisator.ch\/#\/schema\/logo\/image\/"},"sameAs":["https:\/\/www.facebook.com\/OrganisatorFachmagazin","https:\/\/www.linkedin.com\/showcase\/organisator-das-magazin-fr-kmu","https:\/\/www.xing.com\/news\/pages\/organisator-ch-695","https:\/\/www.youtube.com\/channel\/UCGP2Sq0iWaZwT3BdIAQFYpw"]},{"@type":"Person","@id":"https:\/\/www.organisator.ch\/#\/schema\/person\/6f650f90b2842cd4c0cc334b4e36f67e","name":"thomas.berner","image":{"@type":"ImageObject","inLanguage":"en-US","@id":"https:\/\/secure.gravatar.com\/avatar\/ac5001d2a36cb6c6cd3e50789007ffca834b477b74a2144564522e944eabff61?s=96&d=mm&r=g","url":"https:\/\/secure.gravatar.com\/avatar\/ac5001d2a36cb6c6cd3e50789007ffca834b477b74a2144564522e944eabff61?s=96&d=mm&r=g","contentUrl":"https:\/\/secure.gravatar.com\/avatar\/ac5001d2a36cb6c6cd3e50789007ffca834b477b74a2144564522e944eabff61?s=96&d=mm&r=g","caption":"thomas.berner"},"url":"https:\/\/www.organisator.ch\/en\/author\/thomas-berner\/"}]}},"_links":{"self":[{"href":"https:\/\/www.organisator.ch\/en\/wp-json\/wp\/v2\/posts\/4224","targetHints":{"allow":["GET"]}}],"collection":[{"href":"https:\/\/www.organisator.ch\/en\/wp-json\/wp\/v2\/posts"}],"about":[{"href":"https:\/\/www.organisator.ch\/en\/wp-json\/wp\/v2\/types\/post"}],"author":[{"embeddable":true,"href":"https:\/\/www.organisator.ch\/en\/wp-json\/wp\/v2\/users\/4"}],"replies":[{"embeddable":true,"href":"https:\/\/www.organisator.ch\/en\/wp-json\/wp\/v2\/comments?post=4224"}],"version-history":[{"count":0,"href":"https:\/\/www.organisator.ch\/en\/wp-json\/wp\/v2\/posts\/4224\/revisions"}],"wp:featuredmedia":[{"embeddable":true,"href":"https:\/\/www.organisator.ch\/en\/wp-json\/wp\/v2\/media\/4225"}],"wp:attachment":[{"href":"https:\/\/www.organisator.ch\/en\/wp-json\/wp\/v2\/media?parent=4224"}],"wp:term":[{"taxonomy":"category","embeddable":true,"href":"https:\/\/www.organisator.ch\/en\/wp-json\/wp\/v2\/categories?post=4224"},{"taxonomy":"post_tag","embeddable":true,"href":"https:\/\/www.organisator.ch\/en\/wp-json\/wp\/v2\/tags?post=4224"}],"curies":[{"name":"wp","href":"https:\/\/api.w.org\/{rel}","templated":true}]}}