{"id":42414,"date":"2025-12-02T08:46:17","date_gmt":"2025-12-02T07:46:17","guid":{"rendered":"https:\/\/www.m-q.ch\/?p=22167"},"modified":"2025-12-02T11:22:20","modified_gmt":"2025-12-02T10:22:20","slug":"smarte-oeko-etikette-soll-lieferketten-revolutionieren","status":"publish","type":"post","link":"https:\/\/www.organisator.ch\/en\/sustainability\/2025-12-02\/smarte-oeko-etikette-soll-lieferketten-revolutionieren\/","title":{"rendered":"Smart eco-label set to revolutionize supply chains"},"content":{"rendered":"<figure id=\"attachment_22168\" class=\"wp-caption alignnone\" style=\"width: 680px;\" aria-describedby=\"caption-attachment-22168\"><img class=\"size-full wp-image-22168\" src=\"https:\/\/www.m-q.ch\/wp-content\/uploads\/2025\/12\/Smarte-Oeko-Etikette-soll-Lieferketten-revolutionieren_MQ.jpg\" sizes=\"(max-width: 680px) 100vw, 680px\" srcset=\"https:\/\/www.m-q.ch\/wp-content\/uploads\/2025\/12\/Smarte-Oeko-Etikette-soll-Lieferketten-revolutionieren_MQ.jpg 680w, https:\/\/www.m-q.ch\/wp-content\/uploads\/2025\/12\/Smarte-Oeko-Etikette-soll-Lieferketten-revolutionieren_MQ-18x12.jpg 18w, https:\/\/www.m-q.ch\/wp-content\/uploads\/2025\/12\/Smarte-Oeko-Etikette-soll-Lieferketten-revolutionieren_MQ-375x243.jpg 375w, https:\/\/www.m-q.ch\/wp-content\/uploads\/2025\/12\/Smarte-Oeko-Etikette-soll-Lieferketten-revolutionieren_MQ-540x350.jpg 540w\" alt=\"\" width=\"680\" height=\"441\" \/>\r\n<figcaption id=\"caption-attachment-22168\" class=\"wp-caption-text\">Unobtrusive: The biodegradable label is as thin as a sheet of paper. Nevertheless, it can measure temperature and relative humidity. (Image: Empa)<\/figcaption>\r\n<\/figure>\r\n<p>A novel, smart label measures temperature and relative humidity in real time and detects when a defined temperature threshold has been exceeded. It thus closes a key gap in global supply chains, where sensitive goods such as medicines or perishable foodstuffs have so far only been checked at specific points. The Greenspack project was developed over the past four years by Empa, EPFL, and CSEM and funded as part of the BRIDGE Discovery Program by SNF and Innosuisse.<\/p>\r\n<p>Technically, the sticker is similar to an RFID system: conductive tracks are printed on a special biopolymer cellulose substrate, combining ohmic and capacitive elements to form resonant circuits. When the label is read contactlessly, the resonance frequencies change depending on the ambient temperature and humidity, allowing measurements to be taken without a separate energy source. If the temperature exceeds 25 degrees Celsius, a tiny element in the conductor melts, irreversibly breaking the circuit\u2014a clear signal that the shipment was once too warm.<\/p>\r\n<p>Researchers see this as a lever for significantly reducing waste and the carbon footprint in logistics. Potentially damaged goods can be identified early on, stopped, or redirected to nearby locations if only their shelf life has been shortened. Depending on the material used, the temperature threshold can also be adjusted for frozen products or other sensitive applications.<\/p>\r\n<p>The team placed particular emphasis on the ecological balance: the substrate and conductor tracks are designed so that the eco-label can be composted or recycled with cardboard after use. To this end, the researchers developed a new carrier material made of biopolymer and cellulose fibers, as well as a printing ink containing the biologically absorbable metal zinc. While CSEM worked on the design and readout technology, two EPFL researchers are driving forward commercialization in the start-up \u00abCircelec.\u00bb In the future, the smart labels are also to be used as sensors in agriculture and environmental monitoring.<\/p>\r\n<p><em>Source: <a href=\"http:\/\/www.empa.ch\/\">Empa<\/a><\/em><\/p>\n<p class=\"syndicated-attribution\">This article originally appeared on m-q.ch - <a href=\"https:\/\/www.m-q.ch\/de\/smarte-oeko-etikette-soll-lieferketten-revolutionieren\/\" target=\"_blank\">https:\/\/www.m-q.ch\/de\/smarte-oeko-etikette-soll-lieferketten-revolutionieren\/<\/a><\/p>","protected":false},"excerpt":{"rendered":"<p>Researchers from Empa, EPFL, and CSEM have developed a battery-free, fully biodegradable sensor label that monitors temperature and humidity and documents whether cold chains have been broken\u2014for example, for vaccines or food.<\/p>","protected":false},"author":8,"featured_media":0,"comment_status":"closed","ping_status":"closed","sticky":false,"template":"","format":"standard","meta":{"_acf_changed":false,"_yoast_wpseo_focuskw":"\u00d6ko-Etikette","_yoast_wpseo_metadesc":"Smarte \u00d6ko-Etikette: Forschende von Empa, EPFL und CSEM haben eine batterielose, vollst\u00e4ndig biologisch abbaubare Sensoretikette entwickelt.","articlekey":"","footnotes":""},"categories":[580],"tags":[1052,218,274,2689,605,5270],"class_list":["post-42414","post","type-post","status-publish","format-standard","hentry","category-sustainability","tag-empa","tag-forschung","tag-innovation","tag-lieferketten","tag-qualitaetsmanagement","tag-sensortechnik"],"acf":[],"yoast_head":"<!-- This site is optimized with the Yoast SEO plugin v27.5 - https:\/\/yoast.com\/product\/yoast-seo-wordpress\/ -->\n<title>Smarte \u00d6ko-Etikette soll Lieferketten revolutionieren - Organisator<\/title>\n<meta name=\"description\" content=\"Smarte \u00d6ko-Etikette: Forschende von Empa, EPFL und CSEM haben eine batterielose, vollst\u00e4ndig biologisch abbaubare Sensoretikette entwickelt.\" \/>\n<meta name=\"robots\" content=\"index, follow, max-snippet:-1, max-image-preview:large, max-video-preview:-1\" \/>\n<link rel=\"canonical\" href=\"https:\/\/www.organisator.ch\/en\/sustainability\/2025-12-02\/smarte-oeko-etikette-soll-lieferketten-revolutionieren\/\" \/>\n<meta property=\"og:locale\" content=\"en_US\" \/>\n<meta property=\"og:type\" content=\"article\" \/>\n<meta property=\"og:title\" content=\"Smarte \u00d6ko-Etikette soll Lieferketten revolutionieren - Organisator\" \/>\n<meta property=\"og:description\" content=\"Smarte \u00d6ko-Etikette: Forschende von Empa, EPFL und CSEM haben eine batterielose, vollst\u00e4ndig biologisch abbaubare Sensoretikette entwickelt.\" \/>\n<meta property=\"og:url\" content=\"https:\/\/www.organisator.ch\/en\/sustainability\/2025-12-02\/smarte-oeko-etikette-soll-lieferketten-revolutionieren\/\" \/>\n<meta property=\"og:site_name\" content=\"Organisator\" \/>\n<meta property=\"article:publisher\" content=\"https:\/\/www.facebook.com\/OrganisatorFachmagazin\" \/>\n<meta property=\"article:published_time\" content=\"2025-12-02T07:46:17+00:00\" \/>\n<meta property=\"article:modified_time\" content=\"2025-12-02T10:22:20+00:00\" \/>\n<meta name=\"author\" content=\"galledia\" \/>\n<meta name=\"twitter:card\" content=\"summary_large_image\" \/>\n<meta name=\"twitter:creator\" content=\"@admin\" \/>\n<script type=\"application\/ld+json\" class=\"yoast-schema-graph\">{\"@context\":\"https:\\\/\\\/schema.org\",\"@graph\":[{\"@type\":\"Article\",\"@id\":\"https:\\\/\\\/www.organisator.ch\\\/sustainability\\\/2025-12-02\\\/smarte-oeko-etikette-soll-lieferketten-revolutionieren\\\/#article\",\"isPartOf\":{\"@id\":\"https:\\\/\\\/www.organisator.ch\\\/sustainability\\\/2025-12-02\\\/smarte-oeko-etikette-soll-lieferketten-revolutionieren\\\/\"},\"author\":{\"name\":\"galledia\",\"@id\":\"https:\\\/\\\/www.organisator.ch\\\/#\\\/schema\\\/person\\\/4e51799071cd2dd1232ac003643ef5f0\"},\"headline\":\"Smarte \u00d6ko-Etikette soll Lieferketten revolutionieren\",\"datePublished\":\"2025-12-02T07:46:17+00:00\",\"dateModified\":\"2025-12-02T10:22:20+00:00\",\"mainEntityOfPage\":{\"@id\":\"https:\\\/\\\/www.organisator.ch\\\/sustainability\\\/2025-12-02\\\/smarte-oeko-etikette-soll-lieferketten-revolutionieren\\\/\"},\"wordCount\":312,\"publisher\":{\"@id\":\"https:\\\/\\\/www.organisator.ch\\\/#organization\"},\"image\":{\"@id\":\"https:\\\/\\\/www.organisator.ch\\\/sustainability\\\/2025-12-02\\\/smarte-oeko-etikette-soll-lieferketten-revolutionieren\\\/#primaryimage\"},\"thumbnailUrl\":\"https:\\\/\\\/www.m-q.ch\\\/wp-content\\\/uploads\\\/2025\\\/12\\\/Smarte-Oeko-Etikette-soll-Lieferketten-revolutionieren_MQ.jpg\",\"keywords\":[\"Empa\",\"Forschung\",\"Innovation\",\"Lieferketten\",\"Qualit\u00e4tsmanagement\",\"Sensortechnik\"],\"articleSection\":[\"SUSTAINABILITY\"],\"inLanguage\":\"en-US\"},{\"@type\":\"WebPage\",\"@id\":\"https:\\\/\\\/www.organisator.ch\\\/sustainability\\\/2025-12-02\\\/smarte-oeko-etikette-soll-lieferketten-revolutionieren\\\/\",\"url\":\"https:\\\/\\\/www.organisator.ch\\\/sustainability\\\/2025-12-02\\\/smarte-oeko-etikette-soll-lieferketten-revolutionieren\\\/\",\"name\":\"Smarte \u00d6ko-Etikette soll Lieferketten revolutionieren - Organisator\",\"isPartOf\":{\"@id\":\"https:\\\/\\\/www.organisator.ch\\\/#website\"},\"primaryImageOfPage\":{\"@id\":\"https:\\\/\\\/www.organisator.ch\\\/sustainability\\\/2025-12-02\\\/smarte-oeko-etikette-soll-lieferketten-revolutionieren\\\/#primaryimage\"},\"image\":{\"@id\":\"https:\\\/\\\/www.organisator.ch\\\/sustainability\\\/2025-12-02\\\/smarte-oeko-etikette-soll-lieferketten-revolutionieren\\\/#primaryimage\"},\"thumbnailUrl\":\"https:\\\/\\\/www.m-q.ch\\\/wp-content\\\/uploads\\\/2025\\\/12\\\/Smarte-Oeko-Etikette-soll-Lieferketten-revolutionieren_MQ.jpg\",\"datePublished\":\"2025-12-02T07:46:17+00:00\",\"dateModified\":\"2025-12-02T10:22:20+00:00\",\"description\":\"Smarte \u00d6ko-Etikette: Forschende von Empa, EPFL und CSEM haben eine batterielose, vollst\u00e4ndig biologisch abbaubare Sensoretikette entwickelt.\",\"breadcrumb\":{\"@id\":\"https:\\\/\\\/www.organisator.ch\\\/sustainability\\\/2025-12-02\\\/smarte-oeko-etikette-soll-lieferketten-revolutionieren\\\/#breadcrumb\"},\"inLanguage\":\"en-US\",\"potentialAction\":[{\"@type\":\"ReadAction\",\"target\":[\"https:\\\/\\\/www.organisator.ch\\\/sustainability\\\/2025-12-02\\\/smarte-oeko-etikette-soll-lieferketten-revolutionieren\\\/\"]}]},{\"@type\":\"ImageObject\",\"inLanguage\":\"en-US\",\"@id\":\"https:\\\/\\\/www.organisator.ch\\\/sustainability\\\/2025-12-02\\\/smarte-oeko-etikette-soll-lieferketten-revolutionieren\\\/#primaryimage\",\"url\":\"https:\\\/\\\/www.m-q.ch\\\/wp-content\\\/uploads\\\/2025\\\/12\\\/Smarte-Oeko-Etikette-soll-Lieferketten-revolutionieren_MQ.jpg\",\"contentUrl\":\"https:\\\/\\\/www.m-q.ch\\\/wp-content\\\/uploads\\\/2025\\\/12\\\/Smarte-Oeko-Etikette-soll-Lieferketten-revolutionieren_MQ.jpg\"},{\"@type\":\"BreadcrumbList\",\"@id\":\"https:\\\/\\\/www.organisator.ch\\\/sustainability\\\/2025-12-02\\\/smarte-oeko-etikette-soll-lieferketten-revolutionieren\\\/#breadcrumb\",\"itemListElement\":[{\"@type\":\"ListItem\",\"position\":1,\"name\":\"Home\",\"item\":\"https:\\\/\\\/www.organisator.ch\\\/\"},{\"@type\":\"ListItem\",\"position\":2,\"name\":\"Smarte \u00d6ko-Etikette soll Lieferketten revolutionieren\"}]},{\"@type\":\"WebSite\",\"@id\":\"https:\\\/\\\/www.organisator.ch\\\/#website\",\"url\":\"https:\\\/\\\/www.organisator.ch\\\/\",\"name\":\"Organisator\",\"description\":\"Kompetent. Praxisnah. Der ORGANISATOR bereitet in 10 Ausgaben pro Jahr die wesentlichen Themen f\u00fcr F\u00fchrungskr\u00e4fte von KMU auf.\",\"publisher\":{\"@id\":\"https:\\\/\\\/www.organisator.ch\\\/#organization\"},\"potentialAction\":[{\"@type\":\"SearchAction\",\"target\":{\"@type\":\"EntryPoint\",\"urlTemplate\":\"https:\\\/\\\/www.organisator.ch\\\/?s={search_term_string}\"},\"query-input\":{\"@type\":\"PropertyValueSpecification\",\"valueRequired\":true,\"valueName\":\"search_term_string\"}}],\"inLanguage\":\"en-US\"},{\"@type\":\"Organization\",\"@id\":\"https:\\\/\\\/www.organisator.ch\\\/#organization\",\"name\":\"Organisator\",\"url\":\"https:\\\/\\\/www.organisator.ch\\\/\",\"logo\":{\"@type\":\"ImageObject\",\"inLanguage\":\"en-US\",\"@id\":\"https:\\\/\\\/www.organisator.ch\\\/#\\\/schema\\\/logo\\\/image\\\/\",\"url\":\"https:\\\/\\\/www.organisator.ch\\\/wp-content\\\/uploads\\\/2022\\\/01\\\/Logo_Organisator_Website.png\",\"contentUrl\":\"https:\\\/\\\/www.organisator.ch\\\/wp-content\\\/uploads\\\/2022\\\/01\\\/Logo_Organisator_Website.png\",\"width\":800,\"height\":77,\"caption\":\"Organisator\"},\"image\":{\"@id\":\"https:\\\/\\\/www.organisator.ch\\\/#\\\/schema\\\/logo\\\/image\\\/\"},\"sameAs\":[\"https:\\\/\\\/www.facebook.com\\\/OrganisatorFachmagazin\",\"https:\\\/\\\/www.linkedin.com\\\/showcase\\\/organisator-das-magazin-fr-kmu\",\"https:\\\/\\\/www.xing.com\\\/news\\\/pages\\\/organisator-ch-695\",\"https:\\\/\\\/www.youtube.com\\\/channel\\\/UCGP2Sq0iWaZwT3BdIAQFYpw\"]},{\"@type\":\"Person\",\"@id\":\"https:\\\/\\\/www.organisator.ch\\\/#\\\/schema\\\/person\\\/4e51799071cd2dd1232ac003643ef5f0\",\"name\":\"galledia\",\"image\":{\"@type\":\"ImageObject\",\"inLanguage\":\"en-US\",\"@id\":\"https:\\\/\\\/secure.gravatar.com\\\/avatar\\\/78a7f90c01fc2bfc875782a0d4922b37cde2cf184ce347b91316d23cd7f69a36?s=96&d=mm&r=g\",\"url\":\"https:\\\/\\\/secure.gravatar.com\\\/avatar\\\/78a7f90c01fc2bfc875782a0d4922b37cde2cf184ce347b91316d23cd7f69a36?s=96&d=mm&r=g\",\"contentUrl\":\"https:\\\/\\\/secure.gravatar.com\\\/avatar\\\/78a7f90c01fc2bfc875782a0d4922b37cde2cf184ce347b91316d23cd7f69a36?s=96&d=mm&r=g\",\"caption\":\"galledia\"},\"sameAs\":[\"https:\\\/\\\/x.com\\\/admin\"],\"url\":\"https:\\\/\\\/www.organisator.ch\\\/en\\\/author\\\/galledia\\\/\"}]}<\/script>\n<!-- \/ Yoast SEO plugin. -->","yoast_head_json":{"title":"Smart eco-label set to revolutionize supply chains - Organizer","description":"Smart eco-label: Researchers from Empa, EPFL, and CSEM have developed a battery-free, fully biodegradable sensor label.","robots":{"index":"index","follow":"follow","max-snippet":"max-snippet:-1","max-image-preview":"max-image-preview:large","max-video-preview":"max-video-preview:-1"},"canonical":"https:\/\/www.organisator.ch\/en\/sustainability\/2025-12-02\/smarte-oeko-etikette-soll-lieferketten-revolutionieren\/","og_locale":"en_US","og_type":"article","og_title":"Smarte \u00d6ko-Etikette soll Lieferketten revolutionieren - Organisator","og_description":"Smarte \u00d6ko-Etikette: Forschende von Empa, EPFL und CSEM haben eine batterielose, vollst\u00e4ndig biologisch abbaubare Sensoretikette entwickelt.","og_url":"https:\/\/www.organisator.ch\/en\/sustainability\/2025-12-02\/smarte-oeko-etikette-soll-lieferketten-revolutionieren\/","og_site_name":"Organisator","article_publisher":"https:\/\/www.facebook.com\/OrganisatorFachmagazin","article_published_time":"2025-12-02T07:46:17+00:00","article_modified_time":"2025-12-02T10:22:20+00:00","author":"galledia","twitter_card":"summary_large_image","twitter_creator":"@admin","schema":{"@context":"https:\/\/schema.org","@graph":[{"@type":"Article","@id":"https:\/\/www.organisator.ch\/sustainability\/2025-12-02\/smarte-oeko-etikette-soll-lieferketten-revolutionieren\/#article","isPartOf":{"@id":"https:\/\/www.organisator.ch\/sustainability\/2025-12-02\/smarte-oeko-etikette-soll-lieferketten-revolutionieren\/"},"author":{"name":"galledia","@id":"https:\/\/www.organisator.ch\/#\/schema\/person\/4e51799071cd2dd1232ac003643ef5f0"},"headline":"Smarte \u00d6ko-Etikette soll Lieferketten revolutionieren","datePublished":"2025-12-02T07:46:17+00:00","dateModified":"2025-12-02T10:22:20+00:00","mainEntityOfPage":{"@id":"https:\/\/www.organisator.ch\/sustainability\/2025-12-02\/smarte-oeko-etikette-soll-lieferketten-revolutionieren\/"},"wordCount":312,"publisher":{"@id":"https:\/\/www.organisator.ch\/#organization"},"image":{"@id":"https:\/\/www.organisator.ch\/sustainability\/2025-12-02\/smarte-oeko-etikette-soll-lieferketten-revolutionieren\/#primaryimage"},"thumbnailUrl":"https:\/\/www.m-q.ch\/wp-content\/uploads\/2025\/12\/Smarte-Oeko-Etikette-soll-Lieferketten-revolutionieren_MQ.jpg","keywords":["Empa","Forschung","Innovation","Lieferketten","Qualit\u00e4tsmanagement","Sensortechnik"],"articleSection":["SUSTAINABILITY"],"inLanguage":"en-US"},{"@type":"WebPage","@id":"https:\/\/www.organisator.ch\/sustainability\/2025-12-02\/smarte-oeko-etikette-soll-lieferketten-revolutionieren\/","url":"https:\/\/www.organisator.ch\/sustainability\/2025-12-02\/smarte-oeko-etikette-soll-lieferketten-revolutionieren\/","name":"Smart eco-label set to revolutionize supply chains - Organizer","isPartOf":{"@id":"https:\/\/www.organisator.ch\/#website"},"primaryImageOfPage":{"@id":"https:\/\/www.organisator.ch\/sustainability\/2025-12-02\/smarte-oeko-etikette-soll-lieferketten-revolutionieren\/#primaryimage"},"image":{"@id":"https:\/\/www.organisator.ch\/sustainability\/2025-12-02\/smarte-oeko-etikette-soll-lieferketten-revolutionieren\/#primaryimage"},"thumbnailUrl":"https:\/\/www.m-q.ch\/wp-content\/uploads\/2025\/12\/Smarte-Oeko-Etikette-soll-Lieferketten-revolutionieren_MQ.jpg","datePublished":"2025-12-02T07:46:17+00:00","dateModified":"2025-12-02T10:22:20+00:00","description":"Smart eco-label: Researchers from Empa, EPFL, and CSEM have developed a battery-free, fully biodegradable sensor label.","breadcrumb":{"@id":"https:\/\/www.organisator.ch\/sustainability\/2025-12-02\/smarte-oeko-etikette-soll-lieferketten-revolutionieren\/#breadcrumb"},"inLanguage":"en-US","potentialAction":[{"@type":"ReadAction","target":["https:\/\/www.organisator.ch\/sustainability\/2025-12-02\/smarte-oeko-etikette-soll-lieferketten-revolutionieren\/"]}]},{"@type":"ImageObject","inLanguage":"en-US","@id":"https:\/\/www.organisator.ch\/sustainability\/2025-12-02\/smarte-oeko-etikette-soll-lieferketten-revolutionieren\/#primaryimage","url":"https:\/\/www.m-q.ch\/wp-content\/uploads\/2025\/12\/Smarte-Oeko-Etikette-soll-Lieferketten-revolutionieren_MQ.jpg","contentUrl":"https:\/\/www.m-q.ch\/wp-content\/uploads\/2025\/12\/Smarte-Oeko-Etikette-soll-Lieferketten-revolutionieren_MQ.jpg"},{"@type":"BreadcrumbList","@id":"https:\/\/www.organisator.ch\/sustainability\/2025-12-02\/smarte-oeko-etikette-soll-lieferketten-revolutionieren\/#breadcrumb","itemListElement":[{"@type":"ListItem","position":1,"name":"Home","item":"https:\/\/www.organisator.ch\/"},{"@type":"ListItem","position":2,"name":"Smarte \u00d6ko-Etikette soll Lieferketten revolutionieren"}]},{"@type":"WebSite","@id":"https:\/\/www.organisator.ch\/#website","url":"https:\/\/www.organisator.ch\/","name":"Organizer","description":"Competent. Practical. In 10 issues per year, ORGANISATOR presents the essential topics for managers of SMEs.","publisher":{"@id":"https:\/\/www.organisator.ch\/#organization"},"potentialAction":[{"@type":"SearchAction","target":{"@type":"EntryPoint","urlTemplate":"https:\/\/www.organisator.ch\/?s={search_term_string}"},"query-input":{"@type":"PropertyValueSpecification","valueRequired":true,"valueName":"search_term_string"}}],"inLanguage":"en-US"},{"@type":"Organization","@id":"https:\/\/www.organisator.ch\/#organization","name":"Organizer","url":"https:\/\/www.organisator.ch\/","logo":{"@type":"ImageObject","inLanguage":"en-US","@id":"https:\/\/www.organisator.ch\/#\/schema\/logo\/image\/","url":"https:\/\/www.organisator.ch\/wp-content\/uploads\/2022\/01\/Logo_Organisator_Website.png","contentUrl":"https:\/\/www.organisator.ch\/wp-content\/uploads\/2022\/01\/Logo_Organisator_Website.png","width":800,"height":77,"caption":"Organisator"},"image":{"@id":"https:\/\/www.organisator.ch\/#\/schema\/logo\/image\/"},"sameAs":["https:\/\/www.facebook.com\/OrganisatorFachmagazin","https:\/\/www.linkedin.com\/showcase\/organisator-das-magazin-fr-kmu","https:\/\/www.xing.com\/news\/pages\/organisator-ch-695","https:\/\/www.youtube.com\/channel\/UCGP2Sq0iWaZwT3BdIAQFYpw"]},{"@type":"Person","@id":"https:\/\/www.organisator.ch\/#\/schema\/person\/4e51799071cd2dd1232ac003643ef5f0","name":"galledia","image":{"@type":"ImageObject","inLanguage":"en-US","@id":"https:\/\/secure.gravatar.com\/avatar\/78a7f90c01fc2bfc875782a0d4922b37cde2cf184ce347b91316d23cd7f69a36?s=96&d=mm&r=g","url":"https:\/\/secure.gravatar.com\/avatar\/78a7f90c01fc2bfc875782a0d4922b37cde2cf184ce347b91316d23cd7f69a36?s=96&d=mm&r=g","contentUrl":"https:\/\/secure.gravatar.com\/avatar\/78a7f90c01fc2bfc875782a0d4922b37cde2cf184ce347b91316d23cd7f69a36?s=96&d=mm&r=g","caption":"galledia"},"sameAs":["https:\/\/x.com\/admin"],"url":"https:\/\/www.organisator.ch\/en\/author\/galledia\/"}]}},"_links":{"self":[{"href":"https:\/\/www.organisator.ch\/en\/wp-json\/wp\/v2\/posts\/42414","targetHints":{"allow":["GET"]}}],"collection":[{"href":"https:\/\/www.organisator.ch\/en\/wp-json\/wp\/v2\/posts"}],"about":[{"href":"https:\/\/www.organisator.ch\/en\/wp-json\/wp\/v2\/types\/post"}],"author":[{"embeddable":true,"href":"https:\/\/www.organisator.ch\/en\/wp-json\/wp\/v2\/users\/8"}],"replies":[{"embeddable":true,"href":"https:\/\/www.organisator.ch\/en\/wp-json\/wp\/v2\/comments?post=42414"}],"version-history":[{"count":5,"href":"https:\/\/www.organisator.ch\/en\/wp-json\/wp\/v2\/posts\/42414\/revisions"}],"predecessor-version":[{"id":42425,"href":"https:\/\/www.organisator.ch\/en\/wp-json\/wp\/v2\/posts\/42414\/revisions\/42425"}],"wp:attachment":[{"href":"https:\/\/www.organisator.ch\/en\/wp-json\/wp\/v2\/media?parent=42414"}],"wp:term":[{"taxonomy":"category","embeddable":true,"href":"https:\/\/www.organisator.ch\/en\/wp-json\/wp\/v2\/categories?post=42414"},{"taxonomy":"post_tag","embeddable":true,"href":"https:\/\/www.organisator.ch\/en\/wp-json\/wp\/v2\/tags?post=42414"}],"curies":[{"name":"wp","href":"https:\/\/api.w.org\/{rel}","templated":true}]}}