{"id":4242,"date":"2018-09-14T17:30:01","date_gmt":"2018-09-14T15:30:01","guid":{"rendered":"https:\/\/www.organisator.ch\/?p=4242"},"modified":"2018-09-14T17:30:01","modified_gmt":"2018-09-14T15:30:01","slug":"kmu-swiss-podium-2018-wie-beeinflusst-die-generation-y-die-arbeitswelt-von-morgen","status":"publish","type":"post","link":"https:\/\/www.organisator.ch\/en\/management\/2018-09-14\/kmu-swiss-podium-2018-wie-beeinflusst-die-generation-y-die-arbeitswelt-von-morgen\/","title":{"rendered":"KMU Swiss Podium 2018: How does Generation Y influence the working world of tomorrow?"},"content":{"rendered":"<figure id=\"attachment_4243\" aria-describedby=\"caption-attachment-4243\" style=\"width: 640px\" class=\"wp-caption alignnone\"><img loading=\"lazy\" decoding=\"async\" class=\"size-full wp-image-4243\" src=\"https:\/\/www.organisator.ch\/wp-content\/uploads\/2018\/09\/Wie-beeinflusst-die-Generation-Y-die-Arbeitswelt-von-morgen_Organisator.jpg\" alt=\"\" width=\"640\" height=\"360\" srcset=\"https:\/\/www.organisator.ch\/wp-content\/uploads\/2018\/09\/Wie-beeinflusst-die-Generation-Y-die-Arbeitswelt-von-morgen_Organisator.jpg 640w, https:\/\/www.organisator.ch\/wp-content\/uploads\/2018\/09\/Wie-beeinflusst-die-Generation-Y-die-Arbeitswelt-von-morgen_Organisator-16x9.jpg 16w, https:\/\/www.organisator.ch\/wp-content\/uploads\/2018\/09\/Wie-beeinflusst-die-Generation-Y-die-Arbeitswelt-von-morgen_Organisator-311x175.jpg 311w, https:\/\/www.organisator.ch\/wp-content\/uploads\/2018\/09\/Wie-beeinflusst-die-Generation-Y-die-Arbeitswelt-von-morgen_Organisator-622x350.jpg 622w, https:\/\/www.organisator.ch\/wp-content\/uploads\/2018\/09\/Wie-beeinflusst-die-Generation-Y-die-Arbeitswelt-von-morgen_Organisator-300x169.jpg 300w\" sizes=\"auto, (max-width: 640px) 100vw, 640px\" \/><figcaption id=\"caption-attachment-4243\" class=\"wp-caption-text\">Armin Baumann and Pascal Scherrer (right) in conversation at the KMU Swiss Podium 2018. (Image: zVg \/ KMU Swiss Podium)<\/figcaption><\/figure>\n<p>Will everything be different for the \"Generation next\"? Around 300 participants eagerly awaited the answer at the anniversary edition of the KMU SWISS Podium on September 13, 2018 in the Campus Hall in Brugg-Windisch. From the perspective of Pascal Scherrer, Head of Journalism at Radio SRF3, Generation Y functions differently than all other generations. This requires an adjustment of the leadership style. \"Generation Y is self-confident and impatient. It is important to find the right mix of encouraging and challenging,\" says Pascal Scherrer.<\/p>\n<h2>Generation Y<\/h2>\n<p>Born in the 80s to early 2000s, Generation Y is one of the first to grow up in the digital world, the so-called \"digital natives\". The letter Y (\"Why\") refers to. \"This generation questions many things and wants to leave a footprint on the world,\" Pascal Scherrer explains further. For Armin Baumann, initiator of KMU SWISS, one thing is certain: \"We cannot change the past, but we can act in the present and influence the future. The mentality of the next generation and also the resources will change. I see it as our duty to adapt our management style and business models accordingly.\"<\/p>\n<h2>Influence of Generation Y on cultural events<\/h2>\n<p>Nadja Hauser, founder and director of the largest circus festival in Switzerland, the \"Interna-tional Circus Festival YOUNG STAGE Basel\", predicts in her presentation: \"Serious and entertaining culture will merge more and more. Generation Y has started to collaborate with other genres such as ballet, modern dance or opera. New formats are emerging. Content is becoming more substantial.\"<\/p>\n<h2>Innovation<\/h2>\n<p>Much innovation is also needed in the health insurance industry, as a presentation by Dr. Thomas J. Grichting, secretary general of Groupe Mutuel, shows. \"We need innovative solutions because health insurance premiums are forecast to double by 2030.\" With their new innovation strategy, they are looking for new, fresh ideas and want to achieve one thing above all: a good, affordable healthcare system, regulated competition and no state medicine.<\/p>\n<h2>Artificial intelligence: What are humans capable of?<\/h2>\n<p>\"The patient of the future wants to manage his or her own health and be involved in treatment decisions. Artificial intelligence (AI) could save our healthcare system,\" Grichting reported. Christian Fehrlin, CEO Deep Impact, illustrated how artificial intelligence will change the world in his presentation. \"Many processes are being digitized and replaced by AI. Repetitive work in particular is affected. So the future is already a reality. But it will still take about four years until the computing power of AI reaches the performance of a brain.\" Eduardo Strauch Urioste showed in his impressive and emotionally charged presentation what a human being is capable of. He was one of the survivors of the 1972 plane crash in the Andes. \"We survived 72 days at an altitude of 4,000 meters. During that time we had to make important and difficult decisions, stick together as a team and never lose hope. It's incredible what the human brain and body are capable of in such a situation.\"<\/p>\n<h2>Successful conclusion<\/h2>\n<p>The various presentations and also the panel discussion with Franz Gr\u00fcter, National Councillor and VRP green.ch, Ronald Christen, CEO Loeb AG, Pascal Scherrer and Armin Baumann stimulated interesting discussions at the concluding flying dinner. The program was moderated by Tamara Sedmak. For the first time, the event was broadcast live on the KMU SWISS TV channel. However, the broadcast did not replace the numerous valuable discussions during the breaks and dinner as well as at the numerous booths.<b><\/b><\/p>\n<p><em>Source and further information: <a href=\"http:\/\/www.kmuswiss.ch\">SME Swiss<\/a><\/em><\/p>\n<p>&nbsp;<\/p>","protected":false},"excerpt":{"rendered":"<p>Wird alles anders bei der \u00abGeneration next\u00bb? Rund 300 Teilnehmerinnen und Teilnehmer erwarteten an der Jubil\u00e4umsausgabe vom KMU SWISS Podium vom 13. September 2018 im Campussaal in Brugg-Windisch mit Spannung die Antwort. Aus Sicht von Pascal Scherrer, Publizistischer Leiter Radio SRF3, funktioniert die Generation Y anders als alle anderen Generationen. Dies erfordert eine Anpassung des [&hellip;]<\/p>\n","protected":false},"author":4,"featured_media":4243,"comment_status":"open","ping_status":"open","sticky":false,"template":"","format":"standard","meta":{"_acf_changed":false,"_yoast_wpseo_focuskw":"KMU Swiss Podium","_yoast_wpseo_metadesc":"Die 10. Ausgabe des KMU SWISS Podiums besch\u00e4ftigte sich mit der \u00abGeneration next\u00bb und deren Einfluss auf die Arbeitswelt von morgen.","articlekey":"","footnotes":""},"categories":[28],"tags":[193,334,335,496,508],"class_list":["post-4242","post","type-post","status-publish","format-standard","has-post-thumbnail","hentry","category-management","tag-fachkongressfachmesse","tag-management","tag-management-und-unternehmensfuehrung","tag-unternehmensfuehrung","tag-vermischtes"],"acf":[],"yoast_head":"<!-- This site is optimized with the Yoast SEO plugin v27.4 - https:\/\/yoast.com\/product\/yoast-seo-wordpress\/ -->\n<title>KMU Swiss Podium 2018: Wie beeinflusst die Generation Y die Arbeitswelt von morgen? - Organisator<\/title>\n<meta name=\"description\" content=\"Die 10. Ausgabe des KMU SWISS Podiums besch\u00e4ftigte sich mit der \u00abGeneration next\u00bb und deren Einfluss auf die Arbeitswelt von morgen.\" \/>\n<meta name=\"robots\" content=\"index, follow, max-snippet:-1, max-image-preview:large, max-video-preview:-1\" \/>\n<link rel=\"canonical\" href=\"https:\/\/www.organisator.ch\/en\/management\/2018-09-14\/kmu-swiss-podium-2018-wie-beeinflusst-die-generation-y-die-arbeitswelt-von-morgen\/\" \/>\n<meta property=\"og:locale\" content=\"en_US\" \/>\n<meta property=\"og:type\" content=\"article\" \/>\n<meta property=\"og:title\" content=\"KMU Swiss Podium 2018: Wie beeinflusst die Generation Y die Arbeitswelt von morgen?\" \/>\n<meta property=\"og:description\" content=\"Die 10. Ausgabe des KMU SWISS Podiums besch\u00e4ftigte sich mit der \u00abGeneration next\u00bb und deren Einfluss auf die Arbeitswelt von morgen.\" \/>\n<meta property=\"og:url\" content=\"https:\/\/www.organisator.ch\/en\/management\/2018-09-14\/kmu-swiss-podium-2018-wie-beeinflusst-die-generation-y-die-arbeitswelt-von-morgen\/\" \/>\n<meta property=\"og:site_name\" content=\"Organisator\" \/>\n<meta property=\"article:publisher\" content=\"https:\/\/www.facebook.com\/OrganisatorFachmagazin\" \/>\n<meta property=\"article:published_time\" content=\"2018-09-14T15:30:01+00:00\" \/>\n<meta property=\"og:image\" content=\"https:\/\/www.organisator.ch\/wp-content\/uploads\/2018\/09\/Wie-beeinflusst-die-Generation-Y-die-Arbeitswelt-von-morgen_Organisator.jpg\" \/>\n\t<meta property=\"og:image:width\" content=\"640\" \/>\n\t<meta property=\"og:image:height\" content=\"360\" \/>\n\t<meta property=\"og:image:type\" content=\"image\/jpeg\" \/>\n<meta name=\"author\" content=\"thomas.berner\" \/>\n<meta name=\"twitter:card\" content=\"summary_large_image\" \/>\n<meta name=\"twitter:title\" content=\"KMU Swiss Podium 2018: Wie beeinflusst die Generation Y die #Arbeitswelt von morgen?\" \/>\n<meta name=\"twitter:description\" content=\"Die 10. Ausgabe des KMU SWISS Podiums besch\u00e4ftigte sich mit der \u00abGeneration next\u00bb und deren Einfluss auf die #Arbeitswelt von morgen.\" \/>\n<meta name=\"twitter:image\" content=\"https:\/\/www.organisator.ch\/wp-content\/uploads\/2018\/09\/Wie-beeinflusst-die-Generation-Y-die-Arbeitswelt-von-morgen_Organisator.jpg\" \/>\n<script type=\"application\/ld+json\" class=\"yoast-schema-graph\">{\"@context\":\"https:\\\/\\\/schema.org\",\"@graph\":[{\"@type\":\"Article\",\"@id\":\"https:\\\/\\\/www.organisator.ch\\\/management\\\/2018-09-14\\\/kmu-swiss-podium-2018-wie-beeinflusst-die-generation-y-die-arbeitswelt-von-morgen\\\/#article\",\"isPartOf\":{\"@id\":\"https:\\\/\\\/www.organisator.ch\\\/management\\\/2018-09-14\\\/kmu-swiss-podium-2018-wie-beeinflusst-die-generation-y-die-arbeitswelt-von-morgen\\\/\"},\"author\":{\"name\":\"thomas.berner\",\"@id\":\"https:\\\/\\\/www.organisator.ch\\\/#\\\/schema\\\/person\\\/6f650f90b2842cd4c0cc334b4e36f67e\"},\"headline\":\"KMU Swiss Podium 2018: Wie beeinflusst die Generation Y die Arbeitswelt von morgen?\",\"datePublished\":\"2018-09-14T15:30:01+00:00\",\"mainEntityOfPage\":{\"@id\":\"https:\\\/\\\/www.organisator.ch\\\/management\\\/2018-09-14\\\/kmu-swiss-podium-2018-wie-beeinflusst-die-generation-y-die-arbeitswelt-von-morgen\\\/\"},\"wordCount\":617,\"commentCount\":0,\"publisher\":{\"@id\":\"https:\\\/\\\/www.organisator.ch\\\/#organization\"},\"image\":{\"@id\":\"https:\\\/\\\/www.organisator.ch\\\/management\\\/2018-09-14\\\/kmu-swiss-podium-2018-wie-beeinflusst-die-generation-y-die-arbeitswelt-von-morgen\\\/#primaryimage\"},\"thumbnailUrl\":\"https:\\\/\\\/www.organisator.ch\\\/wp-content\\\/uploads\\\/2018\\\/09\\\/Wie-beeinflusst-die-Generation-Y-die-Arbeitswelt-von-morgen_Organisator.jpg\",\"keywords\":[\"Fachkongress\\\/Fachmesse\",\"Management\",\"Management und Unternehmensf\u00fchrung\",\"Unternehmensf\u00fchrung\",\"Vermischtes\"],\"articleSection\":[\"MANAGEMENT\"],\"inLanguage\":\"en-US\"},{\"@type\":\"WebPage\",\"@id\":\"https:\\\/\\\/www.organisator.ch\\\/management\\\/2018-09-14\\\/kmu-swiss-podium-2018-wie-beeinflusst-die-generation-y-die-arbeitswelt-von-morgen\\\/\",\"url\":\"https:\\\/\\\/www.organisator.ch\\\/management\\\/2018-09-14\\\/kmu-swiss-podium-2018-wie-beeinflusst-die-generation-y-die-arbeitswelt-von-morgen\\\/\",\"name\":\"KMU Swiss Podium 2018: Wie beeinflusst die Generation Y die Arbeitswelt von morgen? - Organisator\",\"isPartOf\":{\"@id\":\"https:\\\/\\\/www.organisator.ch\\\/#website\"},\"primaryImageOfPage\":{\"@id\":\"https:\\\/\\\/www.organisator.ch\\\/management\\\/2018-09-14\\\/kmu-swiss-podium-2018-wie-beeinflusst-die-generation-y-die-arbeitswelt-von-morgen\\\/#primaryimage\"},\"image\":{\"@id\":\"https:\\\/\\\/www.organisator.ch\\\/management\\\/2018-09-14\\\/kmu-swiss-podium-2018-wie-beeinflusst-die-generation-y-die-arbeitswelt-von-morgen\\\/#primaryimage\"},\"thumbnailUrl\":\"https:\\\/\\\/www.organisator.ch\\\/wp-content\\\/uploads\\\/2018\\\/09\\\/Wie-beeinflusst-die-Generation-Y-die-Arbeitswelt-von-morgen_Organisator.jpg\",\"datePublished\":\"2018-09-14T15:30:01+00:00\",\"description\":\"Die 10. Ausgabe des KMU SWISS Podiums besch\u00e4ftigte sich mit der \u00abGeneration next\u00bb und deren Einfluss auf die Arbeitswelt von morgen.\",\"breadcrumb\":{\"@id\":\"https:\\\/\\\/www.organisator.ch\\\/management\\\/2018-09-14\\\/kmu-swiss-podium-2018-wie-beeinflusst-die-generation-y-die-arbeitswelt-von-morgen\\\/#breadcrumb\"},\"inLanguage\":\"en-US\",\"potentialAction\":[{\"@type\":\"ReadAction\",\"target\":[\"https:\\\/\\\/www.organisator.ch\\\/management\\\/2018-09-14\\\/kmu-swiss-podium-2018-wie-beeinflusst-die-generation-y-die-arbeitswelt-von-morgen\\\/\"]}]},{\"@type\":\"ImageObject\",\"inLanguage\":\"en-US\",\"@id\":\"https:\\\/\\\/www.organisator.ch\\\/management\\\/2018-09-14\\\/kmu-swiss-podium-2018-wie-beeinflusst-die-generation-y-die-arbeitswelt-von-morgen\\\/#primaryimage\",\"url\":\"https:\\\/\\\/www.organisator.ch\\\/wp-content\\\/uploads\\\/2018\\\/09\\\/Wie-beeinflusst-die-Generation-Y-die-Arbeitswelt-von-morgen_Organisator.jpg\",\"contentUrl\":\"https:\\\/\\\/www.organisator.ch\\\/wp-content\\\/uploads\\\/2018\\\/09\\\/Wie-beeinflusst-die-Generation-Y-die-Arbeitswelt-von-morgen_Organisator.jpg\",\"width\":640,\"height\":360,\"caption\":\"Armin Baumann und Pascal Scherrer (rechts) im Gespr\u00e4ch auf dem KMU Swiss Podium 2018. (Bild: zVg \\\/ KMU Swiss Podium)\"},{\"@type\":\"BreadcrumbList\",\"@id\":\"https:\\\/\\\/www.organisator.ch\\\/management\\\/2018-09-14\\\/kmu-swiss-podium-2018-wie-beeinflusst-die-generation-y-die-arbeitswelt-von-morgen\\\/#breadcrumb\",\"itemListElement\":[{\"@type\":\"ListItem\",\"position\":1,\"name\":\"Home\",\"item\":\"https:\\\/\\\/www.organisator.ch\\\/\"},{\"@type\":\"ListItem\",\"position\":2,\"name\":\"KMU Swiss Podium 2018: Wie beeinflusst die Generation Y die Arbeitswelt von morgen?\"}]},{\"@type\":\"WebSite\",\"@id\":\"https:\\\/\\\/www.organisator.ch\\\/#website\",\"url\":\"https:\\\/\\\/www.organisator.ch\\\/\",\"name\":\"Organisator\",\"description\":\"Kompetent. Praxisnah. Der ORGANISATOR bereitet in 10 Ausgaben pro Jahr die wesentlichen Themen f\u00fcr F\u00fchrungskr\u00e4fte von KMU auf.\",\"publisher\":{\"@id\":\"https:\\\/\\\/www.organisator.ch\\\/#organization\"},\"potentialAction\":[{\"@type\":\"SearchAction\",\"target\":{\"@type\":\"EntryPoint\",\"urlTemplate\":\"https:\\\/\\\/www.organisator.ch\\\/?s={search_term_string}\"},\"query-input\":{\"@type\":\"PropertyValueSpecification\",\"valueRequired\":true,\"valueName\":\"search_term_string\"}}],\"inLanguage\":\"en-US\"},{\"@type\":\"Organization\",\"@id\":\"https:\\\/\\\/www.organisator.ch\\\/#organization\",\"name\":\"Organisator\",\"url\":\"https:\\\/\\\/www.organisator.ch\\\/\",\"logo\":{\"@type\":\"ImageObject\",\"inLanguage\":\"en-US\",\"@id\":\"https:\\\/\\\/www.organisator.ch\\\/#\\\/schema\\\/logo\\\/image\\\/\",\"url\":\"https:\\\/\\\/www.organisator.ch\\\/wp-content\\\/uploads\\\/2022\\\/01\\\/Logo_Organisator_Website.png\",\"contentUrl\":\"https:\\\/\\\/www.organisator.ch\\\/wp-content\\\/uploads\\\/2022\\\/01\\\/Logo_Organisator_Website.png\",\"width\":800,\"height\":77,\"caption\":\"Organisator\"},\"image\":{\"@id\":\"https:\\\/\\\/www.organisator.ch\\\/#\\\/schema\\\/logo\\\/image\\\/\"},\"sameAs\":[\"https:\\\/\\\/www.facebook.com\\\/OrganisatorFachmagazin\",\"https:\\\/\\\/www.linkedin.com\\\/showcase\\\/organisator-das-magazin-fr-kmu\",\"https:\\\/\\\/www.xing.com\\\/news\\\/pages\\\/organisator-ch-695\",\"https:\\\/\\\/www.youtube.com\\\/channel\\\/UCGP2Sq0iWaZwT3BdIAQFYpw\"]},{\"@type\":\"Person\",\"@id\":\"https:\\\/\\\/www.organisator.ch\\\/#\\\/schema\\\/person\\\/6f650f90b2842cd4c0cc334b4e36f67e\",\"name\":\"thomas.berner\",\"image\":{\"@type\":\"ImageObject\",\"inLanguage\":\"en-US\",\"@id\":\"https:\\\/\\\/secure.gravatar.com\\\/avatar\\\/ac5001d2a36cb6c6cd3e50789007ffca834b477b74a2144564522e944eabff61?s=96&d=mm&r=g\",\"url\":\"https:\\\/\\\/secure.gravatar.com\\\/avatar\\\/ac5001d2a36cb6c6cd3e50789007ffca834b477b74a2144564522e944eabff61?s=96&d=mm&r=g\",\"contentUrl\":\"https:\\\/\\\/secure.gravatar.com\\\/avatar\\\/ac5001d2a36cb6c6cd3e50789007ffca834b477b74a2144564522e944eabff61?s=96&d=mm&r=g\",\"caption\":\"thomas.berner\"},\"url\":\"https:\\\/\\\/www.organisator.ch\\\/en\\\/author\\\/thomas-berner\\\/\"}]}<\/script>\n<!-- \/ Yoast SEO plugin. -->","yoast_head_json":{"title":"KMU Swiss Podium 2018: How does Generation Y influence the working world of tomorrow? - Organizer","description":"The 10th edition of the KMU SWISS panel focused on the \"Generation next\" and its influence on the working world of tomorrow.","robots":{"index":"index","follow":"follow","max-snippet":"max-snippet:-1","max-image-preview":"max-image-preview:large","max-video-preview":"max-video-preview:-1"},"canonical":"https:\/\/www.organisator.ch\/en\/management\/2018-09-14\/kmu-swiss-podium-2018-wie-beeinflusst-die-generation-y-die-arbeitswelt-von-morgen\/","og_locale":"en_US","og_type":"article","og_title":"KMU Swiss Podium 2018: Wie beeinflusst die Generation Y die Arbeitswelt von morgen?","og_description":"Die 10. Ausgabe des KMU SWISS Podiums besch\u00e4ftigte sich mit der \u00abGeneration next\u00bb und deren Einfluss auf die Arbeitswelt von morgen.","og_url":"https:\/\/www.organisator.ch\/en\/management\/2018-09-14\/kmu-swiss-podium-2018-wie-beeinflusst-die-generation-y-die-arbeitswelt-von-morgen\/","og_site_name":"Organisator","article_publisher":"https:\/\/www.facebook.com\/OrganisatorFachmagazin","article_published_time":"2018-09-14T15:30:01+00:00","og_image":[{"width":640,"height":360,"url":"https:\/\/www.organisator.ch\/wp-content\/uploads\/2018\/09\/Wie-beeinflusst-die-Generation-Y-die-Arbeitswelt-von-morgen_Organisator.jpg","type":"image\/jpeg"}],"author":"thomas.berner","twitter_card":"summary_large_image","twitter_title":"KMU Swiss Podium 2018: Wie beeinflusst die Generation Y die #Arbeitswelt von morgen?","twitter_description":"Die 10. Ausgabe des KMU SWISS Podiums besch\u00e4ftigte sich mit der \u00abGeneration next\u00bb und deren Einfluss auf die #Arbeitswelt von morgen.","twitter_image":"https:\/\/www.organisator.ch\/wp-content\/uploads\/2018\/09\/Wie-beeinflusst-die-Generation-Y-die-Arbeitswelt-von-morgen_Organisator.jpg","schema":{"@context":"https:\/\/schema.org","@graph":[{"@type":"Article","@id":"https:\/\/www.organisator.ch\/management\/2018-09-14\/kmu-swiss-podium-2018-wie-beeinflusst-die-generation-y-die-arbeitswelt-von-morgen\/#article","isPartOf":{"@id":"https:\/\/www.organisator.ch\/management\/2018-09-14\/kmu-swiss-podium-2018-wie-beeinflusst-die-generation-y-die-arbeitswelt-von-morgen\/"},"author":{"name":"thomas.berner","@id":"https:\/\/www.organisator.ch\/#\/schema\/person\/6f650f90b2842cd4c0cc334b4e36f67e"},"headline":"KMU Swiss Podium 2018: Wie beeinflusst die Generation Y die Arbeitswelt von morgen?","datePublished":"2018-09-14T15:30:01+00:00","mainEntityOfPage":{"@id":"https:\/\/www.organisator.ch\/management\/2018-09-14\/kmu-swiss-podium-2018-wie-beeinflusst-die-generation-y-die-arbeitswelt-von-morgen\/"},"wordCount":617,"commentCount":0,"publisher":{"@id":"https:\/\/www.organisator.ch\/#organization"},"image":{"@id":"https:\/\/www.organisator.ch\/management\/2018-09-14\/kmu-swiss-podium-2018-wie-beeinflusst-die-generation-y-die-arbeitswelt-von-morgen\/#primaryimage"},"thumbnailUrl":"https:\/\/www.organisator.ch\/wp-content\/uploads\/2018\/09\/Wie-beeinflusst-die-Generation-Y-die-Arbeitswelt-von-morgen_Organisator.jpg","keywords":["Fachkongress\/Fachmesse","Management","Management und Unternehmensf\u00fchrung","Unternehmensf\u00fchrung","Vermischtes"],"articleSection":["MANAGEMENT"],"inLanguage":"en-US"},{"@type":"WebPage","@id":"https:\/\/www.organisator.ch\/management\/2018-09-14\/kmu-swiss-podium-2018-wie-beeinflusst-die-generation-y-die-arbeitswelt-von-morgen\/","url":"https:\/\/www.organisator.ch\/management\/2018-09-14\/kmu-swiss-podium-2018-wie-beeinflusst-die-generation-y-die-arbeitswelt-von-morgen\/","name":"KMU Swiss Podium 2018: How does Generation Y influence the working world of tomorrow? - Organizer","isPartOf":{"@id":"https:\/\/www.organisator.ch\/#website"},"primaryImageOfPage":{"@id":"https:\/\/www.organisator.ch\/management\/2018-09-14\/kmu-swiss-podium-2018-wie-beeinflusst-die-generation-y-die-arbeitswelt-von-morgen\/#primaryimage"},"image":{"@id":"https:\/\/www.organisator.ch\/management\/2018-09-14\/kmu-swiss-podium-2018-wie-beeinflusst-die-generation-y-die-arbeitswelt-von-morgen\/#primaryimage"},"thumbnailUrl":"https:\/\/www.organisator.ch\/wp-content\/uploads\/2018\/09\/Wie-beeinflusst-die-Generation-Y-die-Arbeitswelt-von-morgen_Organisator.jpg","datePublished":"2018-09-14T15:30:01+00:00","description":"The 10th edition of the KMU SWISS panel focused on the \"Generation next\" and its influence on the working world of tomorrow.","breadcrumb":{"@id":"https:\/\/www.organisator.ch\/management\/2018-09-14\/kmu-swiss-podium-2018-wie-beeinflusst-die-generation-y-die-arbeitswelt-von-morgen\/#breadcrumb"},"inLanguage":"en-US","potentialAction":[{"@type":"ReadAction","target":["https:\/\/www.organisator.ch\/management\/2018-09-14\/kmu-swiss-podium-2018-wie-beeinflusst-die-generation-y-die-arbeitswelt-von-morgen\/"]}]},{"@type":"ImageObject","inLanguage":"en-US","@id":"https:\/\/www.organisator.ch\/management\/2018-09-14\/kmu-swiss-podium-2018-wie-beeinflusst-die-generation-y-die-arbeitswelt-von-morgen\/#primaryimage","url":"https:\/\/www.organisator.ch\/wp-content\/uploads\/2018\/09\/Wie-beeinflusst-die-Generation-Y-die-Arbeitswelt-von-morgen_Organisator.jpg","contentUrl":"https:\/\/www.organisator.ch\/wp-content\/uploads\/2018\/09\/Wie-beeinflusst-die-Generation-Y-die-Arbeitswelt-von-morgen_Organisator.jpg","width":640,"height":360,"caption":"Armin Baumann und Pascal Scherrer (rechts) im Gespr\u00e4ch auf dem KMU Swiss Podium 2018. (Bild: zVg \/ KMU Swiss Podium)"},{"@type":"BreadcrumbList","@id":"https:\/\/www.organisator.ch\/management\/2018-09-14\/kmu-swiss-podium-2018-wie-beeinflusst-die-generation-y-die-arbeitswelt-von-morgen\/#breadcrumb","itemListElement":[{"@type":"ListItem","position":1,"name":"Home","item":"https:\/\/www.organisator.ch\/"},{"@type":"ListItem","position":2,"name":"KMU Swiss Podium 2018: Wie beeinflusst die Generation Y die Arbeitswelt von morgen?"}]},{"@type":"WebSite","@id":"https:\/\/www.organisator.ch\/#website","url":"https:\/\/www.organisator.ch\/","name":"Organizer","description":"Competent. Practical. In 10 issues per year, ORGANISATOR presents the essential topics for managers of SMEs.","publisher":{"@id":"https:\/\/www.organisator.ch\/#organization"},"potentialAction":[{"@type":"SearchAction","target":{"@type":"EntryPoint","urlTemplate":"https:\/\/www.organisator.ch\/?s={search_term_string}"},"query-input":{"@type":"PropertyValueSpecification","valueRequired":true,"valueName":"search_term_string"}}],"inLanguage":"en-US"},{"@type":"Organization","@id":"https:\/\/www.organisator.ch\/#organization","name":"Organizer","url":"https:\/\/www.organisator.ch\/","logo":{"@type":"ImageObject","inLanguage":"en-US","@id":"https:\/\/www.organisator.ch\/#\/schema\/logo\/image\/","url":"https:\/\/www.organisator.ch\/wp-content\/uploads\/2022\/01\/Logo_Organisator_Website.png","contentUrl":"https:\/\/www.organisator.ch\/wp-content\/uploads\/2022\/01\/Logo_Organisator_Website.png","width":800,"height":77,"caption":"Organisator"},"image":{"@id":"https:\/\/www.organisator.ch\/#\/schema\/logo\/image\/"},"sameAs":["https:\/\/www.facebook.com\/OrganisatorFachmagazin","https:\/\/www.linkedin.com\/showcase\/organisator-das-magazin-fr-kmu","https:\/\/www.xing.com\/news\/pages\/organisator-ch-695","https:\/\/www.youtube.com\/channel\/UCGP2Sq0iWaZwT3BdIAQFYpw"]},{"@type":"Person","@id":"https:\/\/www.organisator.ch\/#\/schema\/person\/6f650f90b2842cd4c0cc334b4e36f67e","name":"thomas.berner","image":{"@type":"ImageObject","inLanguage":"en-US","@id":"https:\/\/secure.gravatar.com\/avatar\/ac5001d2a36cb6c6cd3e50789007ffca834b477b74a2144564522e944eabff61?s=96&d=mm&r=g","url":"https:\/\/secure.gravatar.com\/avatar\/ac5001d2a36cb6c6cd3e50789007ffca834b477b74a2144564522e944eabff61?s=96&d=mm&r=g","contentUrl":"https:\/\/secure.gravatar.com\/avatar\/ac5001d2a36cb6c6cd3e50789007ffca834b477b74a2144564522e944eabff61?s=96&d=mm&r=g","caption":"thomas.berner"},"url":"https:\/\/www.organisator.ch\/en\/author\/thomas-berner\/"}]}},"_links":{"self":[{"href":"https:\/\/www.organisator.ch\/en\/wp-json\/wp\/v2\/posts\/4242","targetHints":{"allow":["GET"]}}],"collection":[{"href":"https:\/\/www.organisator.ch\/en\/wp-json\/wp\/v2\/posts"}],"about":[{"href":"https:\/\/www.organisator.ch\/en\/wp-json\/wp\/v2\/types\/post"}],"author":[{"embeddable":true,"href":"https:\/\/www.organisator.ch\/en\/wp-json\/wp\/v2\/users\/4"}],"replies":[{"embeddable":true,"href":"https:\/\/www.organisator.ch\/en\/wp-json\/wp\/v2\/comments?post=4242"}],"version-history":[{"count":0,"href":"https:\/\/www.organisator.ch\/en\/wp-json\/wp\/v2\/posts\/4242\/revisions"}],"wp:featuredmedia":[{"embeddable":true,"href":"https:\/\/www.organisator.ch\/en\/wp-json\/wp\/v2\/media\/4243"}],"wp:attachment":[{"href":"https:\/\/www.organisator.ch\/en\/wp-json\/wp\/v2\/media?parent=4242"}],"wp:term":[{"taxonomy":"category","embeddable":true,"href":"https:\/\/www.organisator.ch\/en\/wp-json\/wp\/v2\/categories?post=4242"},{"taxonomy":"post_tag","embeddable":true,"href":"https:\/\/www.organisator.ch\/en\/wp-json\/wp\/v2\/tags?post=4242"}],"curies":[{"name":"wp","href":"https:\/\/api.w.org\/{rel}","templated":true}]}}