{"id":42511,"date":"2025-12-04T22:44:36","date_gmt":"2025-12-04T21:44:36","guid":{"rendered":"https:\/\/www.organisator.ch\/de\/?p=42511"},"modified":"2025-12-03T10:48:07","modified_gmt":"2025-12-03T09:48:07","slug":"die-zukunft-der-beruflichen-vorsorge-in-der-schweiz","status":"publish","type":"post","link":"https:\/\/www.organisator.ch\/en\/management\/2025-12-04\/die-zukunft-der-beruflichen-vorsorge-in-der-schweiz\/","title":{"rendered":"The future of occupational pension provision in Switzerland"},"content":{"rendered":"<div class=\"swpm-post-not-logged-in-msg\">You need to be logged in to view this content. Please <a class=\"swpm-login-link\" href=\"https:\/\/www.organisator.ch\/login\/\">Log In<\/a>. Not a Member? <a href=\"https:\/\/www.organisator.ch\/shop\/\">Join Us<\/a><\/div>","protected":false},"excerpt":{"rendered":"<p>The Swiss pension system is considered one of the most stable in the world. But stability cannot be taken for granted. Longer life expectancy, lower interest rates, an aging population, and political reform deadlocks are putting the second pillar to the test. Occupational pensions are at a turning point. And with them, the strategic responsibility of business owners, CEOs, and board members.<\/p>","protected":false},"author":1,"featured_media":42508,"comment_status":"closed","ping_status":"closed","sticky":false,"template":"","format":"standard","meta":{"_acf_changed":false,"_yoast_wpseo_focuskw":"Vorsorge","_yoast_wpseo_metadesc":"Die berufliche Vorsorge steht vor einem Wendepunkt. Und mit ihr die strategische Verantwortung von Gesch\u00e4ftsinhabern, CEOs und Verwaltungsr\u00e4ten.","articlekey":"187314","footnotes":""},"categories":[578,28],"tags":[2921,335,513],"class_list":["post-42511","post","type-post","status-publish","format-standard","has-post-thumbnail","hentry","category-abo","category-management","tag-berufliche-vorsorge","tag-management-und-unternehmensfuehrung","tag-verwaltungsraete"],"acf":[],"yoast_head":"<!-- This site is optimized with the Yoast SEO plugin v27.5 - https:\/\/yoast.com\/product\/yoast-seo-wordpress\/ -->\n<title>Die Zukunft der beruflichen Vorsorge in der Schweiz - Organisator<\/title>\n<meta name=\"description\" content=\"Die berufliche Vorsorge steht vor einem Wendepunkt. Und mit ihr die strategische Verantwortung von Gesch\u00e4ftsinhabern, CEOs und Verwaltungsr\u00e4ten.\" \/>\n<meta name=\"robots\" content=\"index, follow, max-snippet:-1, max-image-preview:large, max-video-preview:-1\" \/>\n<link rel=\"canonical\" href=\"https:\/\/www.organisator.ch\/en\/management\/2025-12-04\/die-zukunft-der-beruflichen-vorsorge-in-der-schweiz\/\" \/>\n<meta property=\"og:locale\" content=\"en_US\" \/>\n<meta property=\"og:type\" content=\"article\" \/>\n<meta property=\"og:title\" content=\"Die Zukunft der beruflichen Vorsorge in der Schweiz - Organisator\" \/>\n<meta property=\"og:description\" content=\"Die berufliche Vorsorge steht vor einem Wendepunkt. Und mit ihr die strategische Verantwortung von Gesch\u00e4ftsinhabern, CEOs und Verwaltungsr\u00e4ten.\" \/>\n<meta property=\"og:url\" content=\"https:\/\/www.organisator.ch\/en\/management\/2025-12-04\/die-zukunft-der-beruflichen-vorsorge-in-der-schweiz\/\" \/>\n<meta property=\"og:site_name\" content=\"Organisator\" \/>\n<meta property=\"article:publisher\" content=\"https:\/\/www.facebook.com\/OrganisatorFachmagazin\" \/>\n<meta property=\"article:published_time\" content=\"2025-12-04T21:44:36+00:00\" \/>\n<meta property=\"og:image\" content=\"https:\/\/www.organisator.ch\/wp-content\/uploads\/2025\/12\/HRM_Bamert-Svoboda_Bild_organisator_187355-scaled.jpg\" \/>\n\t<meta property=\"og:image:width\" content=\"1400\" \/>\n\t<meta property=\"og:image:height\" content=\"968\" \/>\n\t<meta property=\"og:image:type\" content=\"image\/jpeg\" \/>\n<meta name=\"author\" content=\"admin\" \/>\n<meta name=\"twitter:card\" content=\"summary_large_image\" \/>\n<script type=\"application\/ld+json\" class=\"yoast-schema-graph\">{\"@context\":\"https:\\\/\\\/schema.org\",\"@graph\":[{\"@type\":\"Article\",\"@id\":\"https:\\\/\\\/www.organisator.ch\\\/management\\\/2025-12-04\\\/die-zukunft-der-beruflichen-vorsorge-in-der-schweiz\\\/#article\",\"isPartOf\":{\"@id\":\"https:\\\/\\\/www.organisator.ch\\\/management\\\/2025-12-04\\\/die-zukunft-der-beruflichen-vorsorge-in-der-schweiz\\\/\"},\"author\":{\"name\":\"admin\",\"@id\":\"https:\\\/\\\/www.organisator.ch\\\/#\\\/schema\\\/person\\\/aa2bace6c5c5aad60102004a50c4eb1c\"},\"headline\":\"Die Zukunft der beruflichen Vorsorge in der Schweiz\",\"datePublished\":\"2025-12-04T21:44:36+00:00\",\"mainEntityOfPage\":{\"@id\":\"https:\\\/\\\/www.organisator.ch\\\/management\\\/2025-12-04\\\/die-zukunft-der-beruflichen-vorsorge-in-der-schweiz\\\/\"},\"wordCount\":905,\"publisher\":{\"@id\":\"https:\\\/\\\/www.organisator.ch\\\/#organization\"},\"image\":{\"@id\":\"https:\\\/\\\/www.organisator.ch\\\/management\\\/2025-12-04\\\/die-zukunft-der-beruflichen-vorsorge-in-der-schweiz\\\/#primaryimage\"},\"thumbnailUrl\":\"https:\\\/\\\/www.organisator.ch\\\/wp-content\\\/uploads\\\/2025\\\/12\\\/HRM_Bamert-Svoboda_Bild_organisator_187355-scaled.jpg\",\"keywords\":[\"Berufliche Vorsorge\",\"Management und Unternehmensf\u00fchrung\",\"Verwaltungsr\u00e4te\"],\"articleSection\":[\"ABO+\",\"MANAGEMENT\"],\"inLanguage\":\"en-US\"},{\"@type\":\"WebPage\",\"@id\":\"https:\\\/\\\/www.organisator.ch\\\/management\\\/2025-12-04\\\/die-zukunft-der-beruflichen-vorsorge-in-der-schweiz\\\/\",\"url\":\"https:\\\/\\\/www.organisator.ch\\\/management\\\/2025-12-04\\\/die-zukunft-der-beruflichen-vorsorge-in-der-schweiz\\\/\",\"name\":\"Die Zukunft der beruflichen Vorsorge in der Schweiz - Organisator\",\"isPartOf\":{\"@id\":\"https:\\\/\\\/www.organisator.ch\\\/#website\"},\"primaryImageOfPage\":{\"@id\":\"https:\\\/\\\/www.organisator.ch\\\/management\\\/2025-12-04\\\/die-zukunft-der-beruflichen-vorsorge-in-der-schweiz\\\/#primaryimage\"},\"image\":{\"@id\":\"https:\\\/\\\/www.organisator.ch\\\/management\\\/2025-12-04\\\/die-zukunft-der-beruflichen-vorsorge-in-der-schweiz\\\/#primaryimage\"},\"thumbnailUrl\":\"https:\\\/\\\/www.organisator.ch\\\/wp-content\\\/uploads\\\/2025\\\/12\\\/HRM_Bamert-Svoboda_Bild_organisator_187355-scaled.jpg\",\"datePublished\":\"2025-12-04T21:44:36+00:00\",\"description\":\"Die berufliche Vorsorge steht vor einem Wendepunkt. Und mit ihr die strategische Verantwortung von Gesch\u00e4ftsinhabern, CEOs und Verwaltungsr\u00e4ten.\",\"breadcrumb\":{\"@id\":\"https:\\\/\\\/www.organisator.ch\\\/management\\\/2025-12-04\\\/die-zukunft-der-beruflichen-vorsorge-in-der-schweiz\\\/#breadcrumb\"},\"inLanguage\":\"en-US\",\"potentialAction\":[{\"@type\":\"ReadAction\",\"target\":[\"https:\\\/\\\/www.organisator.ch\\\/management\\\/2025-12-04\\\/die-zukunft-der-beruflichen-vorsorge-in-der-schweiz\\\/\"]}]},{\"@type\":\"ImageObject\",\"inLanguage\":\"en-US\",\"@id\":\"https:\\\/\\\/www.organisator.ch\\\/management\\\/2025-12-04\\\/die-zukunft-der-beruflichen-vorsorge-in-der-schweiz\\\/#primaryimage\",\"url\":\"https:\\\/\\\/www.organisator.ch\\\/wp-content\\\/uploads\\\/2025\\\/12\\\/HRM_Bamert-Svoboda_Bild_organisator_187355-scaled.jpg\",\"contentUrl\":\"https:\\\/\\\/www.organisator.ch\\\/wp-content\\\/uploads\\\/2025\\\/12\\\/HRM_Bamert-Svoboda_Bild_organisator_187355-scaled.jpg\",\"width\":1400,\"height\":968,\"caption\":\"Fr\u00fchpensionierung ist der Wunsch vieler F\u00fchrungskr\u00e4fte. Doch dieser Schritt muss auch finanziell gut geplant werden. \u00a9 Depositphotos.com\"},{\"@type\":\"BreadcrumbList\",\"@id\":\"https:\\\/\\\/www.organisator.ch\\\/management\\\/2025-12-04\\\/die-zukunft-der-beruflichen-vorsorge-in-der-schweiz\\\/#breadcrumb\",\"itemListElement\":[{\"@type\":\"ListItem\",\"position\":1,\"name\":\"Home\",\"item\":\"https:\\\/\\\/www.organisator.ch\\\/\"},{\"@type\":\"ListItem\",\"position\":2,\"name\":\"Die Zukunft der beruflichen Vorsorge in der Schweiz\"}]},{\"@type\":\"WebSite\",\"@id\":\"https:\\\/\\\/www.organisator.ch\\\/#website\",\"url\":\"https:\\\/\\\/www.organisator.ch\\\/\",\"name\":\"Organisator\",\"description\":\"Kompetent. Praxisnah. Der ORGANISATOR bereitet in 10 Ausgaben pro Jahr die wesentlichen Themen f\u00fcr F\u00fchrungskr\u00e4fte von KMU auf.\",\"publisher\":{\"@id\":\"https:\\\/\\\/www.organisator.ch\\\/#organization\"},\"potentialAction\":[{\"@type\":\"SearchAction\",\"target\":{\"@type\":\"EntryPoint\",\"urlTemplate\":\"https:\\\/\\\/www.organisator.ch\\\/?s={search_term_string}\"},\"query-input\":{\"@type\":\"PropertyValueSpecification\",\"valueRequired\":true,\"valueName\":\"search_term_string\"}}],\"inLanguage\":\"en-US\"},{\"@type\":\"Organization\",\"@id\":\"https:\\\/\\\/www.organisator.ch\\\/#organization\",\"name\":\"Organisator\",\"url\":\"https:\\\/\\\/www.organisator.ch\\\/\",\"logo\":{\"@type\":\"ImageObject\",\"inLanguage\":\"en-US\",\"@id\":\"https:\\\/\\\/www.organisator.ch\\\/#\\\/schema\\\/logo\\\/image\\\/\",\"url\":\"https:\\\/\\\/www.organisator.ch\\\/wp-content\\\/uploads\\\/2022\\\/01\\\/Logo_Organisator_Website.png\",\"contentUrl\":\"https:\\\/\\\/www.organisator.ch\\\/wp-content\\\/uploads\\\/2022\\\/01\\\/Logo_Organisator_Website.png\",\"width\":800,\"height\":77,\"caption\":\"Organisator\"},\"image\":{\"@id\":\"https:\\\/\\\/www.organisator.ch\\\/#\\\/schema\\\/logo\\\/image\\\/\"},\"sameAs\":[\"https:\\\/\\\/www.facebook.com\\\/OrganisatorFachmagazin\",\"https:\\\/\\\/www.linkedin.com\\\/showcase\\\/organisator-das-magazin-fr-kmu\",\"https:\\\/\\\/www.xing.com\\\/news\\\/pages\\\/organisator-ch-695\",\"https:\\\/\\\/www.youtube.com\\\/channel\\\/UCGP2Sq0iWaZwT3BdIAQFYpw\"]},{\"@type\":\"Person\",\"@id\":\"https:\\\/\\\/www.organisator.ch\\\/#\\\/schema\\\/person\\\/aa2bace6c5c5aad60102004a50c4eb1c\",\"name\":\"admin\",\"image\":{\"@type\":\"ImageObject\",\"inLanguage\":\"en-US\",\"@id\":\"https:\\\/\\\/secure.gravatar.com\\\/avatar\\\/ae2f4d718e6c49043e314ce431e7e645d646302a24a5ef5a8bc8e3f5a032e319?s=96&d=mm&r=g\",\"url\":\"https:\\\/\\\/secure.gravatar.com\\\/avatar\\\/ae2f4d718e6c49043e314ce431e7e645d646302a24a5ef5a8bc8e3f5a032e319?s=96&d=mm&r=g\",\"contentUrl\":\"https:\\\/\\\/secure.gravatar.com\\\/avatar\\\/ae2f4d718e6c49043e314ce431e7e645d646302a24a5ef5a8bc8e3f5a032e319?s=96&d=mm&r=g\",\"caption\":\"admin\"},\"sameAs\":[\"https:\\\/\\\/www.organisator.ch\"],\"url\":\"https:\\\/\\\/www.organisator.ch\\\/en\\\/author\\\/admin\\\/\"}]}<\/script>\n<!-- \/ Yoast SEO plugin. -->","yoast_head_json":{"title":"The future of occupational pension provision in Switzerland - Organizer","description":"Occupational pension provision is at a turning point. And with it, the strategic responsibility of business owners, CEOs, and board members.","robots":{"index":"index","follow":"follow","max-snippet":"max-snippet:-1","max-image-preview":"max-image-preview:large","max-video-preview":"max-video-preview:-1"},"canonical":"https:\/\/www.organisator.ch\/en\/management\/2025-12-04\/die-zukunft-der-beruflichen-vorsorge-in-der-schweiz\/","og_locale":"en_US","og_type":"article","og_title":"Die Zukunft der beruflichen Vorsorge in der Schweiz - Organisator","og_description":"Die berufliche Vorsorge steht vor einem Wendepunkt. Und mit ihr die strategische Verantwortung von Gesch\u00e4ftsinhabern, CEOs und Verwaltungsr\u00e4ten.","og_url":"https:\/\/www.organisator.ch\/en\/management\/2025-12-04\/die-zukunft-der-beruflichen-vorsorge-in-der-schweiz\/","og_site_name":"Organisator","article_publisher":"https:\/\/www.facebook.com\/OrganisatorFachmagazin","article_published_time":"2025-12-04T21:44:36+00:00","og_image":[{"width":1400,"height":968,"url":"https:\/\/www.organisator.ch\/wp-content\/uploads\/2025\/12\/HRM_Bamert-Svoboda_Bild_organisator_187355-scaled.jpg","type":"image\/jpeg"}],"author":"admin","twitter_card":"summary_large_image","schema":{"@context":"https:\/\/schema.org","@graph":[{"@type":"Article","@id":"https:\/\/www.organisator.ch\/management\/2025-12-04\/die-zukunft-der-beruflichen-vorsorge-in-der-schweiz\/#article","isPartOf":{"@id":"https:\/\/www.organisator.ch\/management\/2025-12-04\/die-zukunft-der-beruflichen-vorsorge-in-der-schweiz\/"},"author":{"name":"admin","@id":"https:\/\/www.organisator.ch\/#\/schema\/person\/aa2bace6c5c5aad60102004a50c4eb1c"},"headline":"Die Zukunft der beruflichen Vorsorge in der Schweiz","datePublished":"2025-12-04T21:44:36+00:00","mainEntityOfPage":{"@id":"https:\/\/www.organisator.ch\/management\/2025-12-04\/die-zukunft-der-beruflichen-vorsorge-in-der-schweiz\/"},"wordCount":905,"publisher":{"@id":"https:\/\/www.organisator.ch\/#organization"},"image":{"@id":"https:\/\/www.organisator.ch\/management\/2025-12-04\/die-zukunft-der-beruflichen-vorsorge-in-der-schweiz\/#primaryimage"},"thumbnailUrl":"https:\/\/www.organisator.ch\/wp-content\/uploads\/2025\/12\/HRM_Bamert-Svoboda_Bild_organisator_187355-scaled.jpg","keywords":["Berufliche Vorsorge","Management und Unternehmensf\u00fchrung","Verwaltungsr\u00e4te"],"articleSection":["ABO+","MANAGEMENT"],"inLanguage":"en-US"},{"@type":"WebPage","@id":"https:\/\/www.organisator.ch\/management\/2025-12-04\/die-zukunft-der-beruflichen-vorsorge-in-der-schweiz\/","url":"https:\/\/www.organisator.ch\/management\/2025-12-04\/die-zukunft-der-beruflichen-vorsorge-in-der-schweiz\/","name":"The future of occupational pension provision in Switzerland - Organizer","isPartOf":{"@id":"https:\/\/www.organisator.ch\/#website"},"primaryImageOfPage":{"@id":"https:\/\/www.organisator.ch\/management\/2025-12-04\/die-zukunft-der-beruflichen-vorsorge-in-der-schweiz\/#primaryimage"},"image":{"@id":"https:\/\/www.organisator.ch\/management\/2025-12-04\/die-zukunft-der-beruflichen-vorsorge-in-der-schweiz\/#primaryimage"},"thumbnailUrl":"https:\/\/www.organisator.ch\/wp-content\/uploads\/2025\/12\/HRM_Bamert-Svoboda_Bild_organisator_187355-scaled.jpg","datePublished":"2025-12-04T21:44:36+00:00","description":"Occupational pension provision is at a turning point. And with it, the strategic responsibility of business owners, CEOs, and board members.","breadcrumb":{"@id":"https:\/\/www.organisator.ch\/management\/2025-12-04\/die-zukunft-der-beruflichen-vorsorge-in-der-schweiz\/#breadcrumb"},"inLanguage":"en-US","potentialAction":[{"@type":"ReadAction","target":["https:\/\/www.organisator.ch\/management\/2025-12-04\/die-zukunft-der-beruflichen-vorsorge-in-der-schweiz\/"]}]},{"@type":"ImageObject","inLanguage":"en-US","@id":"https:\/\/www.organisator.ch\/management\/2025-12-04\/die-zukunft-der-beruflichen-vorsorge-in-der-schweiz\/#primaryimage","url":"https:\/\/www.organisator.ch\/wp-content\/uploads\/2025\/12\/HRM_Bamert-Svoboda_Bild_organisator_187355-scaled.jpg","contentUrl":"https:\/\/www.organisator.ch\/wp-content\/uploads\/2025\/12\/HRM_Bamert-Svoboda_Bild_organisator_187355-scaled.jpg","width":1400,"height":968,"caption":"Fr\u00fchpensionierung ist der Wunsch vieler F\u00fchrungskr\u00e4fte. Doch dieser Schritt muss auch finanziell gut geplant werden. \u00a9 Depositphotos.com"},{"@type":"BreadcrumbList","@id":"https:\/\/www.organisator.ch\/management\/2025-12-04\/die-zukunft-der-beruflichen-vorsorge-in-der-schweiz\/#breadcrumb","itemListElement":[{"@type":"ListItem","position":1,"name":"Home","item":"https:\/\/www.organisator.ch\/"},{"@type":"ListItem","position":2,"name":"Die Zukunft der beruflichen Vorsorge in der Schweiz"}]},{"@type":"WebSite","@id":"https:\/\/www.organisator.ch\/#website","url":"https:\/\/www.organisator.ch\/","name":"Organizer","description":"Competent. Practical. In 10 issues per year, ORGANISATOR presents the essential topics for managers of SMEs.","publisher":{"@id":"https:\/\/www.organisator.ch\/#organization"},"potentialAction":[{"@type":"SearchAction","target":{"@type":"EntryPoint","urlTemplate":"https:\/\/www.organisator.ch\/?s={search_term_string}"},"query-input":{"@type":"PropertyValueSpecification","valueRequired":true,"valueName":"search_term_string"}}],"inLanguage":"en-US"},{"@type":"Organization","@id":"https:\/\/www.organisator.ch\/#organization","name":"Organizer","url":"https:\/\/www.organisator.ch\/","logo":{"@type":"ImageObject","inLanguage":"en-US","@id":"https:\/\/www.organisator.ch\/#\/schema\/logo\/image\/","url":"https:\/\/www.organisator.ch\/wp-content\/uploads\/2022\/01\/Logo_Organisator_Website.png","contentUrl":"https:\/\/www.organisator.ch\/wp-content\/uploads\/2022\/01\/Logo_Organisator_Website.png","width":800,"height":77,"caption":"Organisator"},"image":{"@id":"https:\/\/www.organisator.ch\/#\/schema\/logo\/image\/"},"sameAs":["https:\/\/www.facebook.com\/OrganisatorFachmagazin","https:\/\/www.linkedin.com\/showcase\/organisator-das-magazin-fr-kmu","https:\/\/www.xing.com\/news\/pages\/organisator-ch-695","https:\/\/www.youtube.com\/channel\/UCGP2Sq0iWaZwT3BdIAQFYpw"]},{"@type":"Person","@id":"https:\/\/www.organisator.ch\/#\/schema\/person\/aa2bace6c5c5aad60102004a50c4eb1c","name":"admin","image":{"@type":"ImageObject","inLanguage":"en-US","@id":"https:\/\/secure.gravatar.com\/avatar\/ae2f4d718e6c49043e314ce431e7e645d646302a24a5ef5a8bc8e3f5a032e319?s=96&d=mm&r=g","url":"https:\/\/secure.gravatar.com\/avatar\/ae2f4d718e6c49043e314ce431e7e645d646302a24a5ef5a8bc8e3f5a032e319?s=96&d=mm&r=g","contentUrl":"https:\/\/secure.gravatar.com\/avatar\/ae2f4d718e6c49043e314ce431e7e645d646302a24a5ef5a8bc8e3f5a032e319?s=96&d=mm&r=g","caption":"admin"},"sameAs":["https:\/\/www.organisator.ch"],"url":"https:\/\/www.organisator.ch\/en\/author\/admin\/"}]}},"_links":{"self":[{"href":"https:\/\/www.organisator.ch\/en\/wp-json\/wp\/v2\/posts\/42511","targetHints":{"allow":["GET"]}}],"collection":[{"href":"https:\/\/www.organisator.ch\/en\/wp-json\/wp\/v2\/posts"}],"about":[{"href":"https:\/\/www.organisator.ch\/en\/wp-json\/wp\/v2\/types\/post"}],"author":[{"embeddable":true,"href":"https:\/\/www.organisator.ch\/en\/wp-json\/wp\/v2\/users\/1"}],"replies":[{"embeddable":true,"href":"https:\/\/www.organisator.ch\/en\/wp-json\/wp\/v2\/comments?post=42511"}],"version-history":[{"count":2,"href":"https:\/\/www.organisator.ch\/en\/wp-json\/wp\/v2\/posts\/42511\/revisions"}],"predecessor-version":[{"id":42535,"href":"https:\/\/www.organisator.ch\/en\/wp-json\/wp\/v2\/posts\/42511\/revisions\/42535"}],"wp:featuredmedia":[{"embeddable":true,"href":"https:\/\/www.organisator.ch\/en\/wp-json\/wp\/v2\/media\/42508"}],"wp:attachment":[{"href":"https:\/\/www.organisator.ch\/en\/wp-json\/wp\/v2\/media?parent=42511"}],"wp:term":[{"taxonomy":"category","embeddable":true,"href":"https:\/\/www.organisator.ch\/en\/wp-json\/wp\/v2\/categories?post=42511"},{"taxonomy":"post_tag","embeddable":true,"href":"https:\/\/www.organisator.ch\/en\/wp-json\/wp\/v2\/tags?post=42511"}],"curies":[{"name":"wp","href":"https:\/\/api.w.org\/{rel}","templated":true}]}}