{"id":4255,"date":"2018-09-20T08:22:51","date_gmt":"2018-09-20T06:22:51","guid":{"rendered":"https:\/\/www.organisator.ch\/?p=4255"},"modified":"2018-09-20T08:22:51","modified_gmt":"2018-09-20T06:22:51","slug":"family-business-award-2018-geht-an-1a-hunkeler","status":"publish","type":"post","link":"https:\/\/www.organisator.ch\/en\/management\/2018-09-20\/family-business-award-2018-geht-an-1a-hunkeler\/","title":{"rendered":"Family Business Award 2018 goes to 1a hunkeler"},"content":{"rendered":"<figure id=\"attachment_4256\" aria-describedby=\"caption-attachment-4256\" style=\"width: 640px\" class=\"wp-caption alignnone\"><img loading=\"lazy\" decoding=\"async\" class=\"size-full wp-image-4256\" src=\"https:\/\/www.organisator.ch\/wp-content\/uploads\/2018\/09\/Family-Business-Award-2018-geht-an-1a-hunkeler_Organisator.jpg\" alt=\"\" width=\"640\" height=\"426\" srcset=\"https:\/\/www.organisator.ch\/wp-content\/uploads\/2018\/09\/Family-Business-Award-2018-geht-an-1a-hunkeler_Organisator.jpg 640w, https:\/\/www.organisator.ch\/wp-content\/uploads\/2018\/09\/Family-Business-Award-2018-geht-an-1a-hunkeler_Organisator-16x12.jpg 16w, https:\/\/www.organisator.ch\/wp-content\/uploads\/2018\/09\/Family-Business-Award-2018-geht-an-1a-hunkeler_Organisator-263x175.jpg 263w, https:\/\/www.organisator.ch\/wp-content\/uploads\/2018\/09\/Family-Business-Award-2018-geht-an-1a-hunkeler_Organisator-526x350.jpg 526w, https:\/\/www.organisator.ch\/wp-content\/uploads\/2018\/09\/Family-Business-Award-2018-geht-an-1a-hunkeler_Organisator-300x200.jpg 300w\" sizes=\"auto, (max-width: 640px) 100vw, 640px\" \/><figcaption id=\"caption-attachment-4256\" class=\"wp-caption-text\">Winner of the Family Business Award 2018: 1a hunkeler fenster AG &amp; 1a hunkeler holzbau AG (Image: obs\/Family Business Award \/ AMAG)<\/figcaption><\/figure>\n<p>On September 19, the winner of the Family Business Award 2018 was selected at the festive awards ceremony in the Kursaal in Bern. The award was established by AMAG in honor of its founder and patron Walter Haefner. Haefner had always been committed to a genuine, lived and sustainable corporate culture. The purpose of the Family Business Award is to draw attention to the great economic importance of family businesses in Switzerland. This year, the following three family businesses were in the running as finalists: 1a hunkeler fenster AG &amp; 1a hunkeler holzbau AG from Ebikon, Balance Familie AG from Meisterschwanden, and B\u00fchler Electrict\u00e9 SA from Monthey. The winning company was selected by a ten-member jury made up of renowned personalities. This year, the jury was chaired by Dr. Karin Lenzlinger Diedenhofen, delegate to the Board of Directors and owner of Lenzlinger S\u00f6hne AG.<\/p>\n<h2>Over 200 years of company history<\/h2>\n<p>In the presence of more than 260 guests from politics and business, the Hunkeler family was finally able to enjoy the award. The traditional Lucerne company - its history began in 1774 with a small carpentry shop - is now run by the eighth generation; the ninth is already in the starting blocks. With currently more than 60 employees and apprentices, 1a hunkeler achieves top performance in wood and window construction, according to the company. In addition to prestigious projects such as the total renovation of the Chapel Bridge, which burned down in 1993, the company is also involved in product developments. One of these is the TOP-WIN window, which, thanks to sophisticated bonding technology and filigree profiles, allows a significantly higher incidence of light. Also clear for the Hunkeler family is the topic of energy saving. The operation of the wood heating system with chips, LED lighting throughout the company and the photovoltaic system on the company roof enable sustainable production. The Lucerne-based family business also conscientiously fulfills its social responsibility in society and towards employees, apprentices and disadvantaged people.<\/p>\n<h2>Tradition of the Family Business Award<\/h2>\n<p>For the Hunkeler family, the focus is not on short-term results, but on long-term success. For them, the spirit of innovation and a sense of tradition are not contradictory - they are symbols of the company's development. As an exemplary company, 1a hunkeler fenster AG &amp; 1a hunkeler holzbau AG joins the ranks of previous award winners: Jucker Farm AG (2017), Fraisa SA (2016), Wyon AG (2015), Entreprises et Domaines Rouvinez (2014), SIGA Holding (2013) and Trisa AG (2012). All three of this year's finalists received a Family Business Award certificate attesting to their particularly sustainable entrepreneurial activities. In addition, the companies received a new VW Arteon R-Line, which will accompany the finalists for one year. As this year's winning company, 1a hunkeler fenster AG &amp; 1a hunkeler holzbau AG also get to keep the vehicle.<\/p>\n<p>&nbsp;<\/p>","protected":false},"excerpt":{"rendered":"<p>Am 19. September\u00a0wurde an der festlichen Preisverleihung im Berner Kursaal der Gewinner des Family Business Awards 2018 gek\u00fcrt. Der Award wurde durch AMAG zu Ehren ihres Gr\u00fcnders und Patrons Walter Haefner ins Leben gerufen. Haefner hatte sich immer f\u00fcr eine echte, gelebte und nachhaltige Firmenkultur eingesetzt. Der Family Business Award verfolgt den Zweck, auf die [&hellip;]<\/p>\n","protected":false},"author":4,"featured_media":4256,"comment_status":"open","ping_status":"open","sticky":false,"template":"","format":"standard","meta":{"_acf_changed":false,"_yoast_wpseo_focuskw":"Family Business Award","_yoast_wpseo_metadesc":"Der Family Business Award wurde zum siebten Mal verliehen. Der Preis zeichnet 2018 ein besonders nachhaltig handelndes Schweizer Familienunternehmen aus.","articlekey":"","footnotes":""},"categories":[28],"tags":[66,196,335,492],"class_list":["post-4255","post","type-post","status-publish","format-standard","has-post-thumbnail","hentry","category-management","tag-awards","tag-familienunternehmen","tag-management-und-unternehmensfuehrung","tag-unternehmen"],"acf":[],"yoast_head":"<!-- This site is optimized with the Yoast SEO plugin v27.5 - https:\/\/yoast.com\/product\/yoast-seo-wordpress\/ -->\n<title>Family Business Award 2018 geht an 1a hunkeler - Organisator<\/title>\n<meta name=\"description\" content=\"Der Family Business Award wurde zum siebten Mal verliehen. Der Preis zeichnet 2018 ein besonders nachhaltig handelndes Schweizer Familienunternehmen aus.\" \/>\n<meta name=\"robots\" content=\"index, follow, max-snippet:-1, max-image-preview:large, max-video-preview:-1\" \/>\n<link rel=\"canonical\" href=\"https:\/\/www.organisator.ch\/en\/management\/2018-09-20\/family-business-award-2018-geht-an-1a-hunkeler\/\" \/>\n<meta property=\"og:locale\" content=\"en_US\" \/>\n<meta property=\"og:type\" content=\"article\" \/>\n<meta property=\"og:title\" content=\"Family Business Award 2018 geht an 1a hunkeler\" \/>\n<meta property=\"og:description\" content=\"Der Family Business Award wurde zum siebten Mal verliehen. Der Preis zeichnet 2018 ein besonders nachhaltig handelndes Schweizer Familienunternehmen aus.\" \/>\n<meta property=\"og:url\" content=\"https:\/\/www.organisator.ch\/en\/management\/2018-09-20\/family-business-award-2018-geht-an-1a-hunkeler\/\" \/>\n<meta property=\"og:site_name\" content=\"Organisator\" \/>\n<meta property=\"article:publisher\" content=\"https:\/\/www.facebook.com\/OrganisatorFachmagazin\" \/>\n<meta property=\"article:published_time\" content=\"2018-09-20T06:22:51+00:00\" \/>\n<meta property=\"og:image\" content=\"https:\/\/www.organisator.ch\/wp-content\/uploads\/2018\/09\/Family-Business-Award-2018-geht-an-1a-hunkeler_Organisator.jpg\" \/>\n\t<meta property=\"og:image:width\" content=\"640\" \/>\n\t<meta property=\"og:image:height\" content=\"426\" \/>\n\t<meta property=\"og:image:type\" content=\"image\/jpeg\" \/>\n<meta name=\"author\" content=\"thomas.berner\" \/>\n<meta name=\"twitter:card\" content=\"summary_large_image\" \/>\n<meta name=\"twitter:title\" content=\"#FamilyBusinessAward 2018 geht an 1a hunkeler\" \/>\n<meta name=\"twitter:description\" content=\"Der #FamilyBusinessAward wurde zum siebten Mal verliehen. Der Preis zeichnet 2018 ein besonders nachhaltig handelndes Schweizer Familienunternehmen aus.\" \/>\n<meta name=\"twitter:image\" content=\"https:\/\/www.organisator.ch\/wp-content\/uploads\/2018\/09\/Family-Business-Award-2018-geht-an-1a-hunkeler_Organisator.jpg\" \/>\n<script type=\"application\/ld+json\" class=\"yoast-schema-graph\">{\"@context\":\"https:\\\/\\\/schema.org\",\"@graph\":[{\"@type\":\"Article\",\"@id\":\"https:\\\/\\\/www.organisator.ch\\\/management\\\/2018-09-20\\\/family-business-award-2018-geht-an-1a-hunkeler\\\/#article\",\"isPartOf\":{\"@id\":\"https:\\\/\\\/www.organisator.ch\\\/management\\\/2018-09-20\\\/family-business-award-2018-geht-an-1a-hunkeler\\\/\"},\"author\":{\"name\":\"thomas.berner\",\"@id\":\"https:\\\/\\\/www.organisator.ch\\\/#\\\/schema\\\/person\\\/6f650f90b2842cd4c0cc334b4e36f67e\"},\"headline\":\"Family Business Award 2018 geht an 1a hunkeler\",\"datePublished\":\"2018-09-20T06:22:51+00:00\",\"mainEntityOfPage\":{\"@id\":\"https:\\\/\\\/www.organisator.ch\\\/management\\\/2018-09-20\\\/family-business-award-2018-geht-an-1a-hunkeler\\\/\"},\"wordCount\":474,\"commentCount\":0,\"publisher\":{\"@id\":\"https:\\\/\\\/www.organisator.ch\\\/#organization\"},\"image\":{\"@id\":\"https:\\\/\\\/www.organisator.ch\\\/management\\\/2018-09-20\\\/family-business-award-2018-geht-an-1a-hunkeler\\\/#primaryimage\"},\"thumbnailUrl\":\"https:\\\/\\\/www.organisator.ch\\\/wp-content\\\/uploads\\\/2018\\\/09\\\/Family-Business-Award-2018-geht-an-1a-hunkeler_Organisator.jpg\",\"keywords\":[\"Awards\",\"Familienunternehmen\",\"Management und Unternehmensf\u00fchrung\",\"Unternehmen\"],\"articleSection\":[\"MANAGEMENT\"],\"inLanguage\":\"en-US\"},{\"@type\":\"WebPage\",\"@id\":\"https:\\\/\\\/www.organisator.ch\\\/management\\\/2018-09-20\\\/family-business-award-2018-geht-an-1a-hunkeler\\\/\",\"url\":\"https:\\\/\\\/www.organisator.ch\\\/management\\\/2018-09-20\\\/family-business-award-2018-geht-an-1a-hunkeler\\\/\",\"name\":\"Family Business Award 2018 geht an 1a hunkeler - Organisator\",\"isPartOf\":{\"@id\":\"https:\\\/\\\/www.organisator.ch\\\/#website\"},\"primaryImageOfPage\":{\"@id\":\"https:\\\/\\\/www.organisator.ch\\\/management\\\/2018-09-20\\\/family-business-award-2018-geht-an-1a-hunkeler\\\/#primaryimage\"},\"image\":{\"@id\":\"https:\\\/\\\/www.organisator.ch\\\/management\\\/2018-09-20\\\/family-business-award-2018-geht-an-1a-hunkeler\\\/#primaryimage\"},\"thumbnailUrl\":\"https:\\\/\\\/www.organisator.ch\\\/wp-content\\\/uploads\\\/2018\\\/09\\\/Family-Business-Award-2018-geht-an-1a-hunkeler_Organisator.jpg\",\"datePublished\":\"2018-09-20T06:22:51+00:00\",\"description\":\"Der Family Business Award wurde zum siebten Mal verliehen. Der Preis zeichnet 2018 ein besonders nachhaltig handelndes Schweizer Familienunternehmen aus.\",\"breadcrumb\":{\"@id\":\"https:\\\/\\\/www.organisator.ch\\\/management\\\/2018-09-20\\\/family-business-award-2018-geht-an-1a-hunkeler\\\/#breadcrumb\"},\"inLanguage\":\"en-US\",\"potentialAction\":[{\"@type\":\"ReadAction\",\"target\":[\"https:\\\/\\\/www.organisator.ch\\\/management\\\/2018-09-20\\\/family-business-award-2018-geht-an-1a-hunkeler\\\/\"]}]},{\"@type\":\"ImageObject\",\"inLanguage\":\"en-US\",\"@id\":\"https:\\\/\\\/www.organisator.ch\\\/management\\\/2018-09-20\\\/family-business-award-2018-geht-an-1a-hunkeler\\\/#primaryimage\",\"url\":\"https:\\\/\\\/www.organisator.ch\\\/wp-content\\\/uploads\\\/2018\\\/09\\\/Family-Business-Award-2018-geht-an-1a-hunkeler_Organisator.jpg\",\"contentUrl\":\"https:\\\/\\\/www.organisator.ch\\\/wp-content\\\/uploads\\\/2018\\\/09\\\/Family-Business-Award-2018-geht-an-1a-hunkeler_Organisator.jpg\",\"width\":640,\"height\":426,\"caption\":\"Gewinner des Family Business Award 2018: Die 1a hunkeler fenster AG & 1a hunkeler holzbau AG (Bild: obs\\\/Family Business Award \\\/ AMAG)\"},{\"@type\":\"BreadcrumbList\",\"@id\":\"https:\\\/\\\/www.organisator.ch\\\/management\\\/2018-09-20\\\/family-business-award-2018-geht-an-1a-hunkeler\\\/#breadcrumb\",\"itemListElement\":[{\"@type\":\"ListItem\",\"position\":1,\"name\":\"Home\",\"item\":\"https:\\\/\\\/www.organisator.ch\\\/\"},{\"@type\":\"ListItem\",\"position\":2,\"name\":\"Family Business Award 2018 geht an 1a hunkeler\"}]},{\"@type\":\"WebSite\",\"@id\":\"https:\\\/\\\/www.organisator.ch\\\/#website\",\"url\":\"https:\\\/\\\/www.organisator.ch\\\/\",\"name\":\"Organisator\",\"description\":\"Kompetent. Praxisnah. Der ORGANISATOR bereitet in 10 Ausgaben pro Jahr die wesentlichen Themen f\u00fcr F\u00fchrungskr\u00e4fte von KMU auf.\",\"publisher\":{\"@id\":\"https:\\\/\\\/www.organisator.ch\\\/#organization\"},\"potentialAction\":[{\"@type\":\"SearchAction\",\"target\":{\"@type\":\"EntryPoint\",\"urlTemplate\":\"https:\\\/\\\/www.organisator.ch\\\/?s={search_term_string}\"},\"query-input\":{\"@type\":\"PropertyValueSpecification\",\"valueRequired\":true,\"valueName\":\"search_term_string\"}}],\"inLanguage\":\"en-US\"},{\"@type\":\"Organization\",\"@id\":\"https:\\\/\\\/www.organisator.ch\\\/#organization\",\"name\":\"Organisator\",\"url\":\"https:\\\/\\\/www.organisator.ch\\\/\",\"logo\":{\"@type\":\"ImageObject\",\"inLanguage\":\"en-US\",\"@id\":\"https:\\\/\\\/www.organisator.ch\\\/#\\\/schema\\\/logo\\\/image\\\/\",\"url\":\"https:\\\/\\\/www.organisator.ch\\\/wp-content\\\/uploads\\\/2022\\\/01\\\/Logo_Organisator_Website.png\",\"contentUrl\":\"https:\\\/\\\/www.organisator.ch\\\/wp-content\\\/uploads\\\/2022\\\/01\\\/Logo_Organisator_Website.png\",\"width\":800,\"height\":77,\"caption\":\"Organisator\"},\"image\":{\"@id\":\"https:\\\/\\\/www.organisator.ch\\\/#\\\/schema\\\/logo\\\/image\\\/\"},\"sameAs\":[\"https:\\\/\\\/www.facebook.com\\\/OrganisatorFachmagazin\",\"https:\\\/\\\/www.linkedin.com\\\/showcase\\\/organisator-das-magazin-fr-kmu\",\"https:\\\/\\\/www.xing.com\\\/news\\\/pages\\\/organisator-ch-695\",\"https:\\\/\\\/www.youtube.com\\\/channel\\\/UCGP2Sq0iWaZwT3BdIAQFYpw\"]},{\"@type\":\"Person\",\"@id\":\"https:\\\/\\\/www.organisator.ch\\\/#\\\/schema\\\/person\\\/6f650f90b2842cd4c0cc334b4e36f67e\",\"name\":\"thomas.berner\",\"image\":{\"@type\":\"ImageObject\",\"inLanguage\":\"en-US\",\"@id\":\"https:\\\/\\\/secure.gravatar.com\\\/avatar\\\/ac5001d2a36cb6c6cd3e50789007ffca834b477b74a2144564522e944eabff61?s=96&d=mm&r=g\",\"url\":\"https:\\\/\\\/secure.gravatar.com\\\/avatar\\\/ac5001d2a36cb6c6cd3e50789007ffca834b477b74a2144564522e944eabff61?s=96&d=mm&r=g\",\"contentUrl\":\"https:\\\/\\\/secure.gravatar.com\\\/avatar\\\/ac5001d2a36cb6c6cd3e50789007ffca834b477b74a2144564522e944eabff61?s=96&d=mm&r=g\",\"caption\":\"thomas.berner\"},\"url\":\"https:\\\/\\\/www.organisator.ch\\\/en\\\/author\\\/thomas-berner\\\/\"}]}<\/script>\n<!-- \/ Yoast SEO plugin. -->","yoast_head_json":{"title":"Family Business Award 2018 goes to 1a hunkeler - organizer","description":"The Family Business Award was presented for the seventh time. In 2018, the award honors a Swiss family business that acts in a particularly sustainable manner.","robots":{"index":"index","follow":"follow","max-snippet":"max-snippet:-1","max-image-preview":"max-image-preview:large","max-video-preview":"max-video-preview:-1"},"canonical":"https:\/\/www.organisator.ch\/en\/management\/2018-09-20\/family-business-award-2018-geht-an-1a-hunkeler\/","og_locale":"en_US","og_type":"article","og_title":"Family Business Award 2018 geht an 1a hunkeler","og_description":"Der Family Business Award wurde zum siebten Mal verliehen. Der Preis zeichnet 2018 ein besonders nachhaltig handelndes Schweizer Familienunternehmen aus.","og_url":"https:\/\/www.organisator.ch\/en\/management\/2018-09-20\/family-business-award-2018-geht-an-1a-hunkeler\/","og_site_name":"Organisator","article_publisher":"https:\/\/www.facebook.com\/OrganisatorFachmagazin","article_published_time":"2018-09-20T06:22:51+00:00","og_image":[{"width":640,"height":426,"url":"https:\/\/www.organisator.ch\/wp-content\/uploads\/2018\/09\/Family-Business-Award-2018-geht-an-1a-hunkeler_Organisator.jpg","type":"image\/jpeg"}],"author":"thomas.berner","twitter_card":"summary_large_image","twitter_title":"#FamilyBusinessAward 2018 geht an 1a hunkeler","twitter_description":"Der #FamilyBusinessAward wurde zum siebten Mal verliehen. Der Preis zeichnet 2018 ein besonders nachhaltig handelndes Schweizer Familienunternehmen aus.","twitter_image":"https:\/\/www.organisator.ch\/wp-content\/uploads\/2018\/09\/Family-Business-Award-2018-geht-an-1a-hunkeler_Organisator.jpg","schema":{"@context":"https:\/\/schema.org","@graph":[{"@type":"Article","@id":"https:\/\/www.organisator.ch\/management\/2018-09-20\/family-business-award-2018-geht-an-1a-hunkeler\/#article","isPartOf":{"@id":"https:\/\/www.organisator.ch\/management\/2018-09-20\/family-business-award-2018-geht-an-1a-hunkeler\/"},"author":{"name":"thomas.berner","@id":"https:\/\/www.organisator.ch\/#\/schema\/person\/6f650f90b2842cd4c0cc334b4e36f67e"},"headline":"Family Business Award 2018 geht an 1a hunkeler","datePublished":"2018-09-20T06:22:51+00:00","mainEntityOfPage":{"@id":"https:\/\/www.organisator.ch\/management\/2018-09-20\/family-business-award-2018-geht-an-1a-hunkeler\/"},"wordCount":474,"commentCount":0,"publisher":{"@id":"https:\/\/www.organisator.ch\/#organization"},"image":{"@id":"https:\/\/www.organisator.ch\/management\/2018-09-20\/family-business-award-2018-geht-an-1a-hunkeler\/#primaryimage"},"thumbnailUrl":"https:\/\/www.organisator.ch\/wp-content\/uploads\/2018\/09\/Family-Business-Award-2018-geht-an-1a-hunkeler_Organisator.jpg","keywords":["Awards","Familienunternehmen","Management und Unternehmensf\u00fchrung","Unternehmen"],"articleSection":["MANAGEMENT"],"inLanguage":"en-US"},{"@type":"WebPage","@id":"https:\/\/www.organisator.ch\/management\/2018-09-20\/family-business-award-2018-geht-an-1a-hunkeler\/","url":"https:\/\/www.organisator.ch\/management\/2018-09-20\/family-business-award-2018-geht-an-1a-hunkeler\/","name":"Family Business Award 2018 goes to 1a hunkeler - organizer","isPartOf":{"@id":"https:\/\/www.organisator.ch\/#website"},"primaryImageOfPage":{"@id":"https:\/\/www.organisator.ch\/management\/2018-09-20\/family-business-award-2018-geht-an-1a-hunkeler\/#primaryimage"},"image":{"@id":"https:\/\/www.organisator.ch\/management\/2018-09-20\/family-business-award-2018-geht-an-1a-hunkeler\/#primaryimage"},"thumbnailUrl":"https:\/\/www.organisator.ch\/wp-content\/uploads\/2018\/09\/Family-Business-Award-2018-geht-an-1a-hunkeler_Organisator.jpg","datePublished":"2018-09-20T06:22:51+00:00","description":"The Family Business Award was presented for the seventh time. In 2018, the award honors a Swiss family business that acts in a particularly sustainable manner.","breadcrumb":{"@id":"https:\/\/www.organisator.ch\/management\/2018-09-20\/family-business-award-2018-geht-an-1a-hunkeler\/#breadcrumb"},"inLanguage":"en-US","potentialAction":[{"@type":"ReadAction","target":["https:\/\/www.organisator.ch\/management\/2018-09-20\/family-business-award-2018-geht-an-1a-hunkeler\/"]}]},{"@type":"ImageObject","inLanguage":"en-US","@id":"https:\/\/www.organisator.ch\/management\/2018-09-20\/family-business-award-2018-geht-an-1a-hunkeler\/#primaryimage","url":"https:\/\/www.organisator.ch\/wp-content\/uploads\/2018\/09\/Family-Business-Award-2018-geht-an-1a-hunkeler_Organisator.jpg","contentUrl":"https:\/\/www.organisator.ch\/wp-content\/uploads\/2018\/09\/Family-Business-Award-2018-geht-an-1a-hunkeler_Organisator.jpg","width":640,"height":426,"caption":"Gewinner des Family Business Award 2018: Die 1a hunkeler fenster AG & 1a hunkeler holzbau AG (Bild: obs\/Family Business Award \/ AMAG)"},{"@type":"BreadcrumbList","@id":"https:\/\/www.organisator.ch\/management\/2018-09-20\/family-business-award-2018-geht-an-1a-hunkeler\/#breadcrumb","itemListElement":[{"@type":"ListItem","position":1,"name":"Home","item":"https:\/\/www.organisator.ch\/"},{"@type":"ListItem","position":2,"name":"Family Business Award 2018 geht an 1a hunkeler"}]},{"@type":"WebSite","@id":"https:\/\/www.organisator.ch\/#website","url":"https:\/\/www.organisator.ch\/","name":"Organizer","description":"Competent. Practical. In 10 issues per year, ORGANISATOR presents the essential topics for managers of SMEs.","publisher":{"@id":"https:\/\/www.organisator.ch\/#organization"},"potentialAction":[{"@type":"SearchAction","target":{"@type":"EntryPoint","urlTemplate":"https:\/\/www.organisator.ch\/?s={search_term_string}"},"query-input":{"@type":"PropertyValueSpecification","valueRequired":true,"valueName":"search_term_string"}}],"inLanguage":"en-US"},{"@type":"Organization","@id":"https:\/\/www.organisator.ch\/#organization","name":"Organizer","url":"https:\/\/www.organisator.ch\/","logo":{"@type":"ImageObject","inLanguage":"en-US","@id":"https:\/\/www.organisator.ch\/#\/schema\/logo\/image\/","url":"https:\/\/www.organisator.ch\/wp-content\/uploads\/2022\/01\/Logo_Organisator_Website.png","contentUrl":"https:\/\/www.organisator.ch\/wp-content\/uploads\/2022\/01\/Logo_Organisator_Website.png","width":800,"height":77,"caption":"Organisator"},"image":{"@id":"https:\/\/www.organisator.ch\/#\/schema\/logo\/image\/"},"sameAs":["https:\/\/www.facebook.com\/OrganisatorFachmagazin","https:\/\/www.linkedin.com\/showcase\/organisator-das-magazin-fr-kmu","https:\/\/www.xing.com\/news\/pages\/organisator-ch-695","https:\/\/www.youtube.com\/channel\/UCGP2Sq0iWaZwT3BdIAQFYpw"]},{"@type":"Person","@id":"https:\/\/www.organisator.ch\/#\/schema\/person\/6f650f90b2842cd4c0cc334b4e36f67e","name":"thomas.berner","image":{"@type":"ImageObject","inLanguage":"en-US","@id":"https:\/\/secure.gravatar.com\/avatar\/ac5001d2a36cb6c6cd3e50789007ffca834b477b74a2144564522e944eabff61?s=96&d=mm&r=g","url":"https:\/\/secure.gravatar.com\/avatar\/ac5001d2a36cb6c6cd3e50789007ffca834b477b74a2144564522e944eabff61?s=96&d=mm&r=g","contentUrl":"https:\/\/secure.gravatar.com\/avatar\/ac5001d2a36cb6c6cd3e50789007ffca834b477b74a2144564522e944eabff61?s=96&d=mm&r=g","caption":"thomas.berner"},"url":"https:\/\/www.organisator.ch\/en\/author\/thomas-berner\/"}]}},"_links":{"self":[{"href":"https:\/\/www.organisator.ch\/en\/wp-json\/wp\/v2\/posts\/4255","targetHints":{"allow":["GET"]}}],"collection":[{"href":"https:\/\/www.organisator.ch\/en\/wp-json\/wp\/v2\/posts"}],"about":[{"href":"https:\/\/www.organisator.ch\/en\/wp-json\/wp\/v2\/types\/post"}],"author":[{"embeddable":true,"href":"https:\/\/www.organisator.ch\/en\/wp-json\/wp\/v2\/users\/4"}],"replies":[{"embeddable":true,"href":"https:\/\/www.organisator.ch\/en\/wp-json\/wp\/v2\/comments?post=4255"}],"version-history":[{"count":0,"href":"https:\/\/www.organisator.ch\/en\/wp-json\/wp\/v2\/posts\/4255\/revisions"}],"wp:featuredmedia":[{"embeddable":true,"href":"https:\/\/www.organisator.ch\/en\/wp-json\/wp\/v2\/media\/4256"}],"wp:attachment":[{"href":"https:\/\/www.organisator.ch\/en\/wp-json\/wp\/v2\/media?parent=4255"}],"wp:term":[{"taxonomy":"category","embeddable":true,"href":"https:\/\/www.organisator.ch\/en\/wp-json\/wp\/v2\/categories?post=4255"},{"taxonomy":"post_tag","embeddable":true,"href":"https:\/\/www.organisator.ch\/en\/wp-json\/wp\/v2\/tags?post=4255"}],"curies":[{"name":"wp","href":"https:\/\/api.w.org\/{rel}","templated":true}]}}