{"id":42582,"date":"2025-12-04T13:56:43","date_gmt":"2025-12-04T12:56:43","guid":{"rendered":"https:\/\/www.organisator.ch\/?p=42582"},"modified":"2025-12-04T13:56:43","modified_gmt":"2025-12-04T12:56:43","slug":"emma-page-wird-neue-geschaeftsleiterin-von-tn","status":"publish","type":"post","link":"https:\/\/www.organisator.ch\/en\/management\/2025-12-04\/emma-page-wird-neue-geschaeftsleiterin-von-tn\/","title":{"rendered":"Emma Page appointed new managing director of T&amp;N"},"content":{"rendered":"<figure id=\"attachment_42583\" aria-describedby=\"caption-attachment-42583\" style=\"width: 680px\" class=\"wp-caption alignnone\"><img loading=\"lazy\" decoding=\"async\" class=\"size-full wp-image-42583\" src=\"https:\/\/www.organisator.ch\/wp-content\/uploads\/2025\/12\/Emma-Page-wird-neue-Geschaeftsleiterin-von-TN_Organisator.jpg\" alt=\"\" width=\"680\" height=\"448\" srcset=\"https:\/\/www.organisator.ch\/wp-content\/uploads\/2025\/12\/Emma-Page-wird-neue-Geschaeftsleiterin-von-TN_Organisator.jpg 680w, https:\/\/www.organisator.ch\/wp-content\/uploads\/2025\/12\/Emma-Page-wird-neue-Geschaeftsleiterin-von-TN_Organisator-18x12.jpg 18w, https:\/\/www.organisator.ch\/wp-content\/uploads\/2025\/12\/Emma-Page-wird-neue-Geschaeftsleiterin-von-TN_Organisator-375x247.jpg 375w, https:\/\/www.organisator.ch\/wp-content\/uploads\/2025\/12\/Emma-Page-wird-neue-Geschaeftsleiterin-von-TN_Organisator-531x350.jpg 531w\" sizes=\"auto, (max-width: 680px) 100vw, 680px\" \/><figcaption id=\"caption-attachment-42583\" class=\"wp-caption-text\">Hermann Graf and Emma Page at T&amp;N headquarters in Dietlikon. (Image: zVg \/ T&amp;N)<\/figcaption><\/figure>\n<p>T&amp;N was founded in 1996. In almost 30 years, an ambitious vision has grown into a company with around 180 employees at 12 locations in Switzerland and Austria. By merging with WTG Holding GmbH, company founders Brigitte and Hermann Graf laid the foundation for the successful and future-oriented continuation of the company. The company succession was successfully completed. <a href=\"https:\/\/www.organisator.ch\/de\/management\/2025-06-10\/it-dienstleister-tn-regelt-nachfolge\/\">through the merger with WTG Holding GmbH<\/a> successfully resolved. At the beginning of September 2025, Emma Page, a proven leader in the ICT industry, was introduced as the new CEO. She was prepared for her new role by Hermann Graf, who will continue to serve as CEO until the end of the year. On January 1, 2026, Emma Page will then take over the management of the proven executive team with the aim of building on successes and driving new initiatives forward. Hermann Graf will actively support the transition until the end of March 2026 and will continue to support the new owners and Emma Page with his experience on the Board of Directors.<\/p>\n<p>Emma Page brings extensive experience from the ICT industry, particularly in the areas of transformation, digitalization, sales, and operations. Most recently, she served as Vice President of B2B Operations &amp; Digital at Sunrise UPC, where she was responsible for over 250 employees and numerous strategic projects. She will work with the T&amp;N team to continue the company's successful development and tap into new potential.<\/p>\n<p><em>Source: <a href=\"http:\/\/www.tn-ict.com\">T&amp;N<\/a><\/em><\/p>","protected":false},"excerpt":{"rendered":"<p>Swiss IT company T&amp;N, based in Dietlikon, will have a new managing director from January 1, 2026: Emma Page. She will succeed company founder Hermann Graf. Following the merger with WTG Holding GmbH, the management position has also been reorganized.<\/p>","protected":false},"author":4,"featured_media":42583,"comment_status":"closed","ping_status":"closed","sticky":false,"template":"","format":"standard","meta":{"_acf_changed":false,"_yoast_wpseo_focuskw":"Emma Page","_yoast_wpseo_metadesc":"Beim Schweizer IT-Unternehmen T&N mit Sitz in Dietlikon \u00fcbernimmt ab 1. Januar 2026 eine neue Gesch\u00e4ftsleiterin: Emma Page.","articlekey":"","footnotes":""},"categories":[28],"tags":[207,286,335,5715,492],"class_list":["post-42582","post","type-post","status-publish","format-standard","has-post-thumbnail","hentry","category-management","tag-firmennachfolge","tag-it","tag-management-und-unternehmensfuehrung","tag-sesselwechsel","tag-unternehmen"],"acf":[],"yoast_head":"<!-- This site is optimized with the Yoast SEO plugin v27.5 - https:\/\/yoast.com\/product\/yoast-seo-wordpress\/ -->\n<title>Emma Page wird neue Gesch\u00e4ftsleiterin von T&amp;N - Organisator<\/title>\n<meta name=\"description\" content=\"Beim Schweizer IT-Unternehmen T&amp;N mit Sitz in Dietlikon \u00fcbernimmt ab 1. Januar 2026 eine neue Gesch\u00e4ftsleiterin: Emma Page.\" \/>\n<meta name=\"robots\" content=\"index, follow, max-snippet:-1, max-image-preview:large, max-video-preview:-1\" \/>\n<link rel=\"canonical\" href=\"https:\/\/www.organisator.ch\/en\/management\/2025-12-04\/emma-page-wird-neue-geschaeftsleiterin-von-tn\/\" \/>\n<meta property=\"og:locale\" content=\"en_US\" \/>\n<meta property=\"og:type\" content=\"article\" \/>\n<meta property=\"og:title\" content=\"Emma Page wird neue Gesch\u00e4ftsleiterin von T&amp;N\" \/>\n<meta property=\"og:description\" content=\"Beim Schweizer IT-Unternehmen T&amp;N mit Sitz in Dietlikon \u00fcbernimmt ab 1. Januar 2026 eine neue Gesch\u00e4ftsleiterin: Emma Page.\" \/>\n<meta property=\"og:url\" content=\"https:\/\/www.organisator.ch\/en\/management\/2025-12-04\/emma-page-wird-neue-geschaeftsleiterin-von-tn\/\" \/>\n<meta property=\"og:site_name\" content=\"Organisator\" \/>\n<meta property=\"article:publisher\" content=\"https:\/\/www.facebook.com\/OrganisatorFachmagazin\" \/>\n<meta property=\"article:published_time\" content=\"2025-12-04T12:56:43+00:00\" \/>\n<meta property=\"og:image\" content=\"https:\/\/www.organisator.ch\/wp-content\/uploads\/2025\/12\/Emma-Page-wird-neue-Geschaeftsleiterin-von-TN_Organisator.jpg\" \/>\n\t<meta property=\"og:image:width\" content=\"680\" \/>\n\t<meta property=\"og:image:height\" content=\"448\" \/>\n\t<meta property=\"og:image:type\" content=\"image\/jpeg\" \/>\n<meta name=\"author\" content=\"thomas.berner\" \/>\n<meta name=\"twitter:card\" content=\"summary_large_image\" \/>\n<meta name=\"twitter:title\" content=\"Emma Page wird neue #Gesch\u00e4ftsleiterin von #T&amp;N\" \/>\n<meta name=\"twitter:description\" content=\"Beim Schweizer IT-Unternehmen #T&amp;N mit Sitz in Dietlikon \u00fcbernimmt ab 1. Januar 2026 eine neue #Gesch\u00e4ftsleiterin: Emma Page.\" \/>\n<meta name=\"twitter:image\" content=\"https:\/\/www.organisator.ch\/wp-content\/uploads\/2025\/12\/Emma-Page-wird-neue-Geschaeftsleiterin-von-TN_Organisator.jpg\" \/>\n<script type=\"application\/ld+json\" class=\"yoast-schema-graph\">{\"@context\":\"https:\\\/\\\/schema.org\",\"@graph\":[{\"@type\":\"Article\",\"@id\":\"https:\\\/\\\/www.organisator.ch\\\/management\\\/2025-12-04\\\/emma-page-wird-neue-geschaeftsleiterin-von-tn\\\/#article\",\"isPartOf\":{\"@id\":\"https:\\\/\\\/www.organisator.ch\\\/management\\\/2025-12-04\\\/emma-page-wird-neue-geschaeftsleiterin-von-tn\\\/\"},\"author\":{\"name\":\"thomas.berner\",\"@id\":\"https:\\\/\\\/www.organisator.ch\\\/#\\\/schema\\\/person\\\/6f650f90b2842cd4c0cc334b4e36f67e\"},\"headline\":\"Emma Page wird neue Gesch\u00e4ftsleiterin von T&#038;N\",\"datePublished\":\"2025-12-04T12:56:43+00:00\",\"mainEntityOfPage\":{\"@id\":\"https:\\\/\\\/www.organisator.ch\\\/management\\\/2025-12-04\\\/emma-page-wird-neue-geschaeftsleiterin-von-tn\\\/\"},\"wordCount\":267,\"publisher\":{\"@id\":\"https:\\\/\\\/www.organisator.ch\\\/#organization\"},\"image\":{\"@id\":\"https:\\\/\\\/www.organisator.ch\\\/management\\\/2025-12-04\\\/emma-page-wird-neue-geschaeftsleiterin-von-tn\\\/#primaryimage\"},\"thumbnailUrl\":\"https:\\\/\\\/www.organisator.ch\\\/wp-content\\\/uploads\\\/2025\\\/12\\\/Emma-Page-wird-neue-Geschaeftsleiterin-von-TN_Organisator.jpg\",\"keywords\":[\"Firmennachfolge\",\"IT\",\"Management und Unternehmensf\u00fchrung\",\"Sesselwechsel\",\"Unternehmen\"],\"articleSection\":[\"MANAGEMENT\"],\"inLanguage\":\"en-US\"},{\"@type\":\"WebPage\",\"@id\":\"https:\\\/\\\/www.organisator.ch\\\/management\\\/2025-12-04\\\/emma-page-wird-neue-geschaeftsleiterin-von-tn\\\/\",\"url\":\"https:\\\/\\\/www.organisator.ch\\\/management\\\/2025-12-04\\\/emma-page-wird-neue-geschaeftsleiterin-von-tn\\\/\",\"name\":\"Emma Page wird neue Gesch\u00e4ftsleiterin von T&N - Organisator\",\"isPartOf\":{\"@id\":\"https:\\\/\\\/www.organisator.ch\\\/#website\"},\"primaryImageOfPage\":{\"@id\":\"https:\\\/\\\/www.organisator.ch\\\/management\\\/2025-12-04\\\/emma-page-wird-neue-geschaeftsleiterin-von-tn\\\/#primaryimage\"},\"image\":{\"@id\":\"https:\\\/\\\/www.organisator.ch\\\/management\\\/2025-12-04\\\/emma-page-wird-neue-geschaeftsleiterin-von-tn\\\/#primaryimage\"},\"thumbnailUrl\":\"https:\\\/\\\/www.organisator.ch\\\/wp-content\\\/uploads\\\/2025\\\/12\\\/Emma-Page-wird-neue-Geschaeftsleiterin-von-TN_Organisator.jpg\",\"datePublished\":\"2025-12-04T12:56:43+00:00\",\"description\":\"Beim Schweizer IT-Unternehmen T&N mit Sitz in Dietlikon \u00fcbernimmt ab 1. Januar 2026 eine neue Gesch\u00e4ftsleiterin: Emma Page.\",\"breadcrumb\":{\"@id\":\"https:\\\/\\\/www.organisator.ch\\\/management\\\/2025-12-04\\\/emma-page-wird-neue-geschaeftsleiterin-von-tn\\\/#breadcrumb\"},\"inLanguage\":\"en-US\",\"potentialAction\":[{\"@type\":\"ReadAction\",\"target\":[\"https:\\\/\\\/www.organisator.ch\\\/management\\\/2025-12-04\\\/emma-page-wird-neue-geschaeftsleiterin-von-tn\\\/\"]}]},{\"@type\":\"ImageObject\",\"inLanguage\":\"en-US\",\"@id\":\"https:\\\/\\\/www.organisator.ch\\\/management\\\/2025-12-04\\\/emma-page-wird-neue-geschaeftsleiterin-von-tn\\\/#primaryimage\",\"url\":\"https:\\\/\\\/www.organisator.ch\\\/wp-content\\\/uploads\\\/2025\\\/12\\\/Emma-Page-wird-neue-Geschaeftsleiterin-von-TN_Organisator.jpg\",\"contentUrl\":\"https:\\\/\\\/www.organisator.ch\\\/wp-content\\\/uploads\\\/2025\\\/12\\\/Emma-Page-wird-neue-Geschaeftsleiterin-von-TN_Organisator.jpg\",\"width\":680,\"height\":448,\"caption\":\"Hermann Graf und Emma Page im Hauptsitz von T&N in Dietlikon. (Bild: zVg \\\/ T&N)\"},{\"@type\":\"BreadcrumbList\",\"@id\":\"https:\\\/\\\/www.organisator.ch\\\/management\\\/2025-12-04\\\/emma-page-wird-neue-geschaeftsleiterin-von-tn\\\/#breadcrumb\",\"itemListElement\":[{\"@type\":\"ListItem\",\"position\":1,\"name\":\"Home\",\"item\":\"https:\\\/\\\/www.organisator.ch\\\/\"},{\"@type\":\"ListItem\",\"position\":2,\"name\":\"Emma Page wird neue Gesch\u00e4ftsleiterin von T&#038;N\"}]},{\"@type\":\"WebSite\",\"@id\":\"https:\\\/\\\/www.organisator.ch\\\/#website\",\"url\":\"https:\\\/\\\/www.organisator.ch\\\/\",\"name\":\"Organisator\",\"description\":\"Kompetent. Praxisnah. Der ORGANISATOR bereitet in 10 Ausgaben pro Jahr die wesentlichen Themen f\u00fcr F\u00fchrungskr\u00e4fte von KMU auf.\",\"publisher\":{\"@id\":\"https:\\\/\\\/www.organisator.ch\\\/#organization\"},\"potentialAction\":[{\"@type\":\"SearchAction\",\"target\":{\"@type\":\"EntryPoint\",\"urlTemplate\":\"https:\\\/\\\/www.organisator.ch\\\/?s={search_term_string}\"},\"query-input\":{\"@type\":\"PropertyValueSpecification\",\"valueRequired\":true,\"valueName\":\"search_term_string\"}}],\"inLanguage\":\"en-US\"},{\"@type\":\"Organization\",\"@id\":\"https:\\\/\\\/www.organisator.ch\\\/#organization\",\"name\":\"Organisator\",\"url\":\"https:\\\/\\\/www.organisator.ch\\\/\",\"logo\":{\"@type\":\"ImageObject\",\"inLanguage\":\"en-US\",\"@id\":\"https:\\\/\\\/www.organisator.ch\\\/#\\\/schema\\\/logo\\\/image\\\/\",\"url\":\"https:\\\/\\\/www.organisator.ch\\\/wp-content\\\/uploads\\\/2022\\\/01\\\/Logo_Organisator_Website.png\",\"contentUrl\":\"https:\\\/\\\/www.organisator.ch\\\/wp-content\\\/uploads\\\/2022\\\/01\\\/Logo_Organisator_Website.png\",\"width\":800,\"height\":77,\"caption\":\"Organisator\"},\"image\":{\"@id\":\"https:\\\/\\\/www.organisator.ch\\\/#\\\/schema\\\/logo\\\/image\\\/\"},\"sameAs\":[\"https:\\\/\\\/www.facebook.com\\\/OrganisatorFachmagazin\",\"https:\\\/\\\/www.linkedin.com\\\/showcase\\\/organisator-das-magazin-fr-kmu\",\"https:\\\/\\\/www.xing.com\\\/news\\\/pages\\\/organisator-ch-695\",\"https:\\\/\\\/www.youtube.com\\\/channel\\\/UCGP2Sq0iWaZwT3BdIAQFYpw\"]},{\"@type\":\"Person\",\"@id\":\"https:\\\/\\\/www.organisator.ch\\\/#\\\/schema\\\/person\\\/6f650f90b2842cd4c0cc334b4e36f67e\",\"name\":\"thomas.berner\",\"image\":{\"@type\":\"ImageObject\",\"inLanguage\":\"en-US\",\"@id\":\"https:\\\/\\\/secure.gravatar.com\\\/avatar\\\/ac5001d2a36cb6c6cd3e50789007ffca834b477b74a2144564522e944eabff61?s=96&d=mm&r=g\",\"url\":\"https:\\\/\\\/secure.gravatar.com\\\/avatar\\\/ac5001d2a36cb6c6cd3e50789007ffca834b477b74a2144564522e944eabff61?s=96&d=mm&r=g\",\"contentUrl\":\"https:\\\/\\\/secure.gravatar.com\\\/avatar\\\/ac5001d2a36cb6c6cd3e50789007ffca834b477b74a2144564522e944eabff61?s=96&d=mm&r=g\",\"caption\":\"thomas.berner\"},\"url\":\"https:\\\/\\\/www.organisator.ch\\\/en\\\/author\\\/thomas-berner\\\/\"}]}<\/script>\n<!-- \/ Yoast SEO plugin. -->","yoast_head_json":{"title":"Emma Page becomes new managing director of T&amp;N - Organizer","description":"Swiss IT company T&amp;N, based in Dietlikon, will have a new managing director from January 1, 2026: Emma Page.","robots":{"index":"index","follow":"follow","max-snippet":"max-snippet:-1","max-image-preview":"max-image-preview:large","max-video-preview":"max-video-preview:-1"},"canonical":"https:\/\/www.organisator.ch\/en\/management\/2025-12-04\/emma-page-wird-neue-geschaeftsleiterin-von-tn\/","og_locale":"en_US","og_type":"article","og_title":"Emma Page wird neue Gesch\u00e4ftsleiterin von T&N","og_description":"Beim Schweizer IT-Unternehmen T&N mit Sitz in Dietlikon \u00fcbernimmt ab 1. Januar 2026 eine neue Gesch\u00e4ftsleiterin: Emma Page.","og_url":"https:\/\/www.organisator.ch\/en\/management\/2025-12-04\/emma-page-wird-neue-geschaeftsleiterin-von-tn\/","og_site_name":"Organisator","article_publisher":"https:\/\/www.facebook.com\/OrganisatorFachmagazin","article_published_time":"2025-12-04T12:56:43+00:00","og_image":[{"width":680,"height":448,"url":"https:\/\/www.organisator.ch\/wp-content\/uploads\/2025\/12\/Emma-Page-wird-neue-Geschaeftsleiterin-von-TN_Organisator.jpg","type":"image\/jpeg"}],"author":"thomas.berner","twitter_card":"summary_large_image","twitter_title":"Emma Page wird neue #Gesch\u00e4ftsleiterin von #T&N","twitter_description":"Beim Schweizer IT-Unternehmen #T&N mit Sitz in Dietlikon \u00fcbernimmt ab 1. Januar 2026 eine neue #Gesch\u00e4ftsleiterin: Emma Page.","twitter_image":"https:\/\/www.organisator.ch\/wp-content\/uploads\/2025\/12\/Emma-Page-wird-neue-Geschaeftsleiterin-von-TN_Organisator.jpg","schema":{"@context":"https:\/\/schema.org","@graph":[{"@type":"Article","@id":"https:\/\/www.organisator.ch\/management\/2025-12-04\/emma-page-wird-neue-geschaeftsleiterin-von-tn\/#article","isPartOf":{"@id":"https:\/\/www.organisator.ch\/management\/2025-12-04\/emma-page-wird-neue-geschaeftsleiterin-von-tn\/"},"author":{"name":"thomas.berner","@id":"https:\/\/www.organisator.ch\/#\/schema\/person\/6f650f90b2842cd4c0cc334b4e36f67e"},"headline":"Emma Page wird neue Gesch\u00e4ftsleiterin von T&#038;N","datePublished":"2025-12-04T12:56:43+00:00","mainEntityOfPage":{"@id":"https:\/\/www.organisator.ch\/management\/2025-12-04\/emma-page-wird-neue-geschaeftsleiterin-von-tn\/"},"wordCount":267,"publisher":{"@id":"https:\/\/www.organisator.ch\/#organization"},"image":{"@id":"https:\/\/www.organisator.ch\/management\/2025-12-04\/emma-page-wird-neue-geschaeftsleiterin-von-tn\/#primaryimage"},"thumbnailUrl":"https:\/\/www.organisator.ch\/wp-content\/uploads\/2025\/12\/Emma-Page-wird-neue-Geschaeftsleiterin-von-TN_Organisator.jpg","keywords":["Firmennachfolge","IT","Management und Unternehmensf\u00fchrung","Sesselwechsel","Unternehmen"],"articleSection":["MANAGEMENT"],"inLanguage":"en-US"},{"@type":"WebPage","@id":"https:\/\/www.organisator.ch\/management\/2025-12-04\/emma-page-wird-neue-geschaeftsleiterin-von-tn\/","url":"https:\/\/www.organisator.ch\/management\/2025-12-04\/emma-page-wird-neue-geschaeftsleiterin-von-tn\/","name":"Emma Page becomes new managing director of T&amp;N - Organizer","isPartOf":{"@id":"https:\/\/www.organisator.ch\/#website"},"primaryImageOfPage":{"@id":"https:\/\/www.organisator.ch\/management\/2025-12-04\/emma-page-wird-neue-geschaeftsleiterin-von-tn\/#primaryimage"},"image":{"@id":"https:\/\/www.organisator.ch\/management\/2025-12-04\/emma-page-wird-neue-geschaeftsleiterin-von-tn\/#primaryimage"},"thumbnailUrl":"https:\/\/www.organisator.ch\/wp-content\/uploads\/2025\/12\/Emma-Page-wird-neue-Geschaeftsleiterin-von-TN_Organisator.jpg","datePublished":"2025-12-04T12:56:43+00:00","description":"Swiss IT company T&amp;N, based in Dietlikon, will have a new managing director from January 1, 2026: Emma Page.","breadcrumb":{"@id":"https:\/\/www.organisator.ch\/management\/2025-12-04\/emma-page-wird-neue-geschaeftsleiterin-von-tn\/#breadcrumb"},"inLanguage":"en-US","potentialAction":[{"@type":"ReadAction","target":["https:\/\/www.organisator.ch\/management\/2025-12-04\/emma-page-wird-neue-geschaeftsleiterin-von-tn\/"]}]},{"@type":"ImageObject","inLanguage":"en-US","@id":"https:\/\/www.organisator.ch\/management\/2025-12-04\/emma-page-wird-neue-geschaeftsleiterin-von-tn\/#primaryimage","url":"https:\/\/www.organisator.ch\/wp-content\/uploads\/2025\/12\/Emma-Page-wird-neue-Geschaeftsleiterin-von-TN_Organisator.jpg","contentUrl":"https:\/\/www.organisator.ch\/wp-content\/uploads\/2025\/12\/Emma-Page-wird-neue-Geschaeftsleiterin-von-TN_Organisator.jpg","width":680,"height":448,"caption":"Hermann Graf und Emma Page im Hauptsitz von T&N in Dietlikon. (Bild: zVg \/ T&N)"},{"@type":"BreadcrumbList","@id":"https:\/\/www.organisator.ch\/management\/2025-12-04\/emma-page-wird-neue-geschaeftsleiterin-von-tn\/#breadcrumb","itemListElement":[{"@type":"ListItem","position":1,"name":"Home","item":"https:\/\/www.organisator.ch\/"},{"@type":"ListItem","position":2,"name":"Emma Page wird neue Gesch\u00e4ftsleiterin von T&#038;N"}]},{"@type":"WebSite","@id":"https:\/\/www.organisator.ch\/#website","url":"https:\/\/www.organisator.ch\/","name":"Organizer","description":"Competent. Practical. In 10 issues per year, ORGANISATOR presents the essential topics for managers of SMEs.","publisher":{"@id":"https:\/\/www.organisator.ch\/#organization"},"potentialAction":[{"@type":"SearchAction","target":{"@type":"EntryPoint","urlTemplate":"https:\/\/www.organisator.ch\/?s={search_term_string}"},"query-input":{"@type":"PropertyValueSpecification","valueRequired":true,"valueName":"search_term_string"}}],"inLanguage":"en-US"},{"@type":"Organization","@id":"https:\/\/www.organisator.ch\/#organization","name":"Organizer","url":"https:\/\/www.organisator.ch\/","logo":{"@type":"ImageObject","inLanguage":"en-US","@id":"https:\/\/www.organisator.ch\/#\/schema\/logo\/image\/","url":"https:\/\/www.organisator.ch\/wp-content\/uploads\/2022\/01\/Logo_Organisator_Website.png","contentUrl":"https:\/\/www.organisator.ch\/wp-content\/uploads\/2022\/01\/Logo_Organisator_Website.png","width":800,"height":77,"caption":"Organisator"},"image":{"@id":"https:\/\/www.organisator.ch\/#\/schema\/logo\/image\/"},"sameAs":["https:\/\/www.facebook.com\/OrganisatorFachmagazin","https:\/\/www.linkedin.com\/showcase\/organisator-das-magazin-fr-kmu","https:\/\/www.xing.com\/news\/pages\/organisator-ch-695","https:\/\/www.youtube.com\/channel\/UCGP2Sq0iWaZwT3BdIAQFYpw"]},{"@type":"Person","@id":"https:\/\/www.organisator.ch\/#\/schema\/person\/6f650f90b2842cd4c0cc334b4e36f67e","name":"thomas.berner","image":{"@type":"ImageObject","inLanguage":"en-US","@id":"https:\/\/secure.gravatar.com\/avatar\/ac5001d2a36cb6c6cd3e50789007ffca834b477b74a2144564522e944eabff61?s=96&d=mm&r=g","url":"https:\/\/secure.gravatar.com\/avatar\/ac5001d2a36cb6c6cd3e50789007ffca834b477b74a2144564522e944eabff61?s=96&d=mm&r=g","contentUrl":"https:\/\/secure.gravatar.com\/avatar\/ac5001d2a36cb6c6cd3e50789007ffca834b477b74a2144564522e944eabff61?s=96&d=mm&r=g","caption":"thomas.berner"},"url":"https:\/\/www.organisator.ch\/en\/author\/thomas-berner\/"}]}},"_links":{"self":[{"href":"https:\/\/www.organisator.ch\/en\/wp-json\/wp\/v2\/posts\/42582","targetHints":{"allow":["GET"]}}],"collection":[{"href":"https:\/\/www.organisator.ch\/en\/wp-json\/wp\/v2\/posts"}],"about":[{"href":"https:\/\/www.organisator.ch\/en\/wp-json\/wp\/v2\/types\/post"}],"author":[{"embeddable":true,"href":"https:\/\/www.organisator.ch\/en\/wp-json\/wp\/v2\/users\/4"}],"replies":[{"embeddable":true,"href":"https:\/\/www.organisator.ch\/en\/wp-json\/wp\/v2\/comments?post=42582"}],"version-history":[{"count":1,"href":"https:\/\/www.organisator.ch\/en\/wp-json\/wp\/v2\/posts\/42582\/revisions"}],"predecessor-version":[{"id":42584,"href":"https:\/\/www.organisator.ch\/en\/wp-json\/wp\/v2\/posts\/42582\/revisions\/42584"}],"wp:featuredmedia":[{"embeddable":true,"href":"https:\/\/www.organisator.ch\/en\/wp-json\/wp\/v2\/media\/42583"}],"wp:attachment":[{"href":"https:\/\/www.organisator.ch\/en\/wp-json\/wp\/v2\/media?parent=42582"}],"wp:term":[{"taxonomy":"category","embeddable":true,"href":"https:\/\/www.organisator.ch\/en\/wp-json\/wp\/v2\/categories?post=42582"},{"taxonomy":"post_tag","embeddable":true,"href":"https:\/\/www.organisator.ch\/en\/wp-json\/wp\/v2\/tags?post=42582"}],"curies":[{"name":"wp","href":"https:\/\/api.w.org\/{rel}","templated":true}]}}