{"id":4260,"date":"2021-05-24T10:00:19","date_gmt":"2021-05-24T08:00:19","guid":{"rendered":"https:\/\/www.umweltperspektiven.ch\/?p=4260"},"modified":"2021-05-24T10:00:19","modified_gmt":"2021-05-24T08:00:19","slug":"geologische-daten-nutzungskonflikte-im-untergrund-loesen","status":"publish","type":"post","link":"https:\/\/www.organisator.ch\/en\/allgemein\/2021-05-24\/geologische-daten-nutzungskonflikte-im-untergrund-loesen\/","title":{"rendered":"Geospatial data: Resolving conflicts of use in the subsurface"},"content":{"rendered":"<figure id=\"attachment_4261\" aria-describedby=\"caption-attachment-4261\" style=\"width: 680px\" class=\"wp-caption aligncenter\"><img loading=\"lazy\" decoding=\"async\" class=\"size-medium wp-image-4261\" src=\"\/\/www.umweltperspektiven.ch\/wp-content\/uploads\/2021\/05\/Depositphotos_8935786_s-2019.jpg\" alt=\"Geoinformation\" width=\"680\" height=\"462\" srcset=\"https:\/\/www.organisator.ch\/wp-content\/uploads\/2021\/05\/Depositphotos_8935786_s-2019.jpg 1000w, https:\/\/www.organisator.ch\/wp-content\/uploads\/2021\/05\/Depositphotos_8935786_s-2019-680x462.jpg 680w, https:\/\/www.organisator.ch\/wp-content\/uploads\/2021\/05\/Depositphotos_8935786_s-2019-768x521.jpg 768w, https:\/\/www.organisator.ch\/wp-content\/uploads\/2021\/05\/Depositphotos_8935786_s-2019-18x12.jpg 18w, https:\/\/www.organisator.ch\/wp-content\/uploads\/2021\/05\/Depositphotos_8935786_s-2019-258x175.jpg 258w, https:\/\/www.organisator.ch\/wp-content\/uploads\/2021\/05\/Depositphotos_8935786_s-2019-515x350.jpg 515w, https:\/\/www.organisator.ch\/wp-content\/uploads\/2021\/05\/Depositphotos_8935786_s-2019-920x625.jpg 920w, https:\/\/www.organisator.ch\/wp-content\/uploads\/2021\/05\/Depositphotos_8935786_s-2019-300x204.jpg 300w\" sizes=\"auto, (max-width: 680px) 100vw, 680px\" \/><figcaption id=\"caption-attachment-4261\" class=\"wp-caption-text\">\u00a9 Depositphotos, aurielaki<\/figcaption><\/figure>\n<p>Today, the necessary spatial geological information is lacking for spatial planning in the subsurface. In order to avoid conflicts of use, for example in the areas of groundwater protection, geothermal probes, landfills, underground mobility, power, water and communication lines or underground parking, private parties are to be obliged to make their geological information available to the cantons and the federal government, as the Federal Council writes. Geological data from planning approval procedures should also be made available. With the planned partial revision of the Federal Law on Geoinformation (<a href=\"\/\/fedlex.data.admin.ch\/filestore\/fedlex.data.admin.ch\/eli\/cc\/2008\/388\/20091001\/de\/pdf-a\/fedlex-data-admin-ch-eli-cc-2008-388-20091001-de-pdf-a.pdf\">Geoinformation Act<\/a>, GeoIG), the legal foundations for this would be created, according to the statement.<\/p>\n<h2><strong>Data issues are regulated<\/strong><\/h2>\n<p>The Geoinformation Act now regulates the collection and consolidation of geological data at federal level. The bill implements the findings of the Federal Council's report in fulfillment of Postulate 16.4108 Vogler of December 16, 2016. The postulate called on the executive branch to show in a report which factual, legal and, if necessary, further prerequisites must be created in connection with spatial planning in the subsurface so that the geological information required for this can be collected and compiled in a coordinated manner.<\/p>\n<p>The Federal Council had approved the report prepared under the leadership of the Federal Office for Spatial Development and Topography Swisstopo at the end of 2018. Swisstopo was commissioned by the Federal Council to prepare the amendment of the Geoinformation Act (cf.\u00a0<a href=\"\/\/www.newsd.admin.ch\/newsd\/message\/attachments\/66642.pdf\">Amendment of the Geoinformation Act - Explanatory Report on the Consultation Draft).<\/a><\/p>\n<p><em>Source: Confederation<\/em><\/p>","protected":false},"excerpt":{"rendered":"<p>F\u00fcr die Raumplanung im Untergrund fehlen heute die notwendigen raumbezogenen geologischen Informationen. Um Nutzungskonflikte beispielsweise in den Bereichen Grundwasserschutz, Erdw\u00e4rmesonden, Deponien, Mobilit\u00e4t im Untergrund, Strom-, Wasser- und Kommunikationsleitungen oder Tiefgaragen zu vermeiden, sollen Private verpflichtet werden, ihre geologischen Informationen den Kantonen und dem Bund zur Verf\u00fcgung zu stellen, wie der Bundesrat schreibt. Ebenfalls sollen geologische [&hellip;]<\/p>\n","protected":false},"author":6,"featured_media":4261,"comment_status":"closed","ping_status":"closed","sticky":false,"template":"","format":"standard","meta":{"_acf_changed":false,"_yoast_wpseo_focuskw":"Geoinformationen","_yoast_wpseo_metadesc":"Der Bundesrat hat an seiner Sitzung vom 19. Mai 2021 die Vernehmlassung f\u00fcr \u00c4nderungen im Bundesgesetz \u00fcber Geoinformation er\u00f6ffnet.","articlekey":"","footnotes":""},"categories":[1],"tags":[1270,2460],"class_list":["post-4260","post","type-post","status-publish","format-standard","has-post-thumbnail","hentry","category-allgemein","tag-geoinformationen","tag-vernehmlassung"],"acf":[],"yoast_head":"<!-- This site is optimized with the Yoast SEO plugin v27.4 - https:\/\/yoast.com\/product\/yoast-seo-wordpress\/ -->\n<title>Geoinformationen-Vernehmlassung-Bundesgesetz<\/title>\n<meta name=\"description\" content=\"Der Bundesrat hat an seiner Sitzung vom 19. Mai 2021 die Vernehmlassung f\u00fcr \u00c4nderungen im Bundesgesetz \u00fcber Geoinformation er\u00f6ffnet.\" \/>\n<meta name=\"robots\" content=\"index, follow, max-snippet:-1, max-image-preview:large, max-video-preview:-1\" \/>\n<link rel=\"canonical\" href=\"https:\/\/www.organisator.ch\/en\/general\/2021-05-24\/geologische-daten-nutzungskonflikte-im-untergrund-loesen\/\" \/>\n<meta property=\"og:locale\" content=\"en_US\" \/>\n<meta property=\"og:type\" content=\"article\" \/>\n<meta property=\"og:title\" content=\"Geoinformationen-Vernehmlassung-Bundesgesetz\" \/>\n<meta property=\"og:description\" content=\"Der Bundesrat hat an seiner Sitzung vom 19. Mai 2021 die Vernehmlassung f\u00fcr \u00c4nderungen im Bundesgesetz \u00fcber Geoinformation er\u00f6ffnet.\" \/>\n<meta property=\"og:url\" content=\"https:\/\/www.organisator.ch\/en\/general\/2021-05-24\/geologische-daten-nutzungskonflikte-im-untergrund-loesen\/\" \/>\n<meta property=\"og:site_name\" content=\"Organisator\" \/>\n<meta property=\"article:publisher\" content=\"https:\/\/www.facebook.com\/OrganisatorFachmagazin\" \/>\n<meta property=\"article:published_time\" content=\"2021-05-24T08:00:19+00:00\" \/>\n<meta property=\"og:image\" content=\"https:\/\/www.organisator.ch\/wp-content\/uploads\/2021\/05\/Depositphotos_8935786_s-2019.jpg\" \/>\n\t<meta property=\"og:image:width\" content=\"1000\" \/>\n\t<meta property=\"og:image:height\" content=\"679\" \/>\n\t<meta property=\"og:image:type\" content=\"image\/jpeg\" \/>\n<meta name=\"author\" content=\"roger.straessle\" \/>\n<meta name=\"twitter:card\" content=\"summary_large_image\" \/>\n<script type=\"application\/ld+json\" class=\"yoast-schema-graph\">{\"@context\":\"https:\\\/\\\/schema.org\",\"@graph\":[{\"@type\":\"Article\",\"@id\":\"https:\\\/\\\/www.organisator.ch\\\/fr\\\/general\\\/2021-05-24\\\/geologische-daten-nutzungskonflikte-im-untergrund-loesen\\\/#article\",\"isPartOf\":{\"@id\":\"https:\\\/\\\/www.organisator.ch\\\/fr\\\/general\\\/2021-05-24\\\/geologische-daten-nutzungskonflikte-im-untergrund-loesen\\\/\"},\"author\":{\"name\":\"roger.straessle\",\"@id\":\"https:\\\/\\\/www.organisator.ch\\\/#\\\/schema\\\/person\\\/a800b8c54e208b160517a7dcc323161d\"},\"headline\":\"Geo-Daten: Nutzungskonflikte im Untergrund l\u00f6sen\",\"datePublished\":\"2021-05-24T08:00:19+00:00\",\"mainEntityOfPage\":{\"@id\":\"https:\\\/\\\/www.organisator.ch\\\/fr\\\/general\\\/2021-05-24\\\/geologische-daten-nutzungskonflikte-im-untergrund-loesen\\\/\"},\"wordCount\":224,\"publisher\":{\"@id\":\"https:\\\/\\\/www.organisator.ch\\\/#organization\"},\"image\":{\"@id\":\"https:\\\/\\\/www.organisator.ch\\\/fr\\\/general\\\/2021-05-24\\\/geologische-daten-nutzungskonflikte-im-untergrund-loesen\\\/#primaryimage\"},\"thumbnailUrl\":\"https:\\\/\\\/www.organisator.ch\\\/wp-content\\\/uploads\\\/2021\\\/05\\\/Depositphotos_8935786_s-2019.jpg\",\"keywords\":[\"Geoinformationen\",\"Vernehmlassung\"],\"articleSection\":[\"Allgemein\"],\"inLanguage\":\"en-US\"},{\"@type\":\"WebPage\",\"@id\":\"https:\\\/\\\/www.organisator.ch\\\/fr\\\/general\\\/2021-05-24\\\/geologische-daten-nutzungskonflikte-im-untergrund-loesen\\\/\",\"url\":\"https:\\\/\\\/www.organisator.ch\\\/fr\\\/general\\\/2021-05-24\\\/geologische-daten-nutzungskonflikte-im-untergrund-loesen\\\/\",\"name\":\"Geoinformationen-Vernehmlassung-Bundesgesetz\",\"isPartOf\":{\"@id\":\"https:\\\/\\\/www.organisator.ch\\\/#website\"},\"primaryImageOfPage\":{\"@id\":\"https:\\\/\\\/www.organisator.ch\\\/fr\\\/general\\\/2021-05-24\\\/geologische-daten-nutzungskonflikte-im-untergrund-loesen\\\/#primaryimage\"},\"image\":{\"@id\":\"https:\\\/\\\/www.organisator.ch\\\/fr\\\/general\\\/2021-05-24\\\/geologische-daten-nutzungskonflikte-im-untergrund-loesen\\\/#primaryimage\"},\"thumbnailUrl\":\"https:\\\/\\\/www.organisator.ch\\\/wp-content\\\/uploads\\\/2021\\\/05\\\/Depositphotos_8935786_s-2019.jpg\",\"datePublished\":\"2021-05-24T08:00:19+00:00\",\"description\":\"Der Bundesrat hat an seiner Sitzung vom 19. Mai 2021 die Vernehmlassung f\u00fcr \u00c4nderungen im Bundesgesetz \u00fcber Geoinformation er\u00f6ffnet.\",\"breadcrumb\":{\"@id\":\"https:\\\/\\\/www.organisator.ch\\\/fr\\\/general\\\/2021-05-24\\\/geologische-daten-nutzungskonflikte-im-untergrund-loesen\\\/#breadcrumb\"},\"inLanguage\":\"en-US\",\"potentialAction\":[{\"@type\":\"ReadAction\",\"target\":[\"https:\\\/\\\/www.organisator.ch\\\/fr\\\/general\\\/2021-05-24\\\/geologische-daten-nutzungskonflikte-im-untergrund-loesen\\\/\"]}]},{\"@type\":\"ImageObject\",\"inLanguage\":\"en-US\",\"@id\":\"https:\\\/\\\/www.organisator.ch\\\/fr\\\/general\\\/2021-05-24\\\/geologische-daten-nutzungskonflikte-im-untergrund-loesen\\\/#primaryimage\",\"url\":\"https:\\\/\\\/www.organisator.ch\\\/wp-content\\\/uploads\\\/2021\\\/05\\\/Depositphotos_8935786_s-2019.jpg\",\"contentUrl\":\"https:\\\/\\\/www.organisator.ch\\\/wp-content\\\/uploads\\\/2021\\\/05\\\/Depositphotos_8935786_s-2019.jpg\",\"width\":1000,\"height\":679,\"caption\":\"\u00a9 Depositphotos, aurielaki\"},{\"@type\":\"BreadcrumbList\",\"@id\":\"https:\\\/\\\/www.organisator.ch\\\/fr\\\/general\\\/2021-05-24\\\/geologische-daten-nutzungskonflikte-im-untergrund-loesen\\\/#breadcrumb\",\"itemListElement\":[{\"@type\":\"ListItem\",\"position\":1,\"name\":\"Home\",\"item\":\"https:\\\/\\\/www.organisator.ch\\\/\"},{\"@type\":\"ListItem\",\"position\":2,\"name\":\"Geo-Daten: Nutzungskonflikte im Untergrund l\u00f6sen\"}]},{\"@type\":\"WebSite\",\"@id\":\"https:\\\/\\\/www.organisator.ch\\\/#website\",\"url\":\"https:\\\/\\\/www.organisator.ch\\\/\",\"name\":\"Organisator\",\"description\":\"Kompetent. Praxisnah. Der ORGANISATOR bereitet in 10 Ausgaben pro Jahr die wesentlichen Themen f\u00fcr F\u00fchrungskr\u00e4fte von KMU auf.\",\"publisher\":{\"@id\":\"https:\\\/\\\/www.organisator.ch\\\/#organization\"},\"potentialAction\":[{\"@type\":\"SearchAction\",\"target\":{\"@type\":\"EntryPoint\",\"urlTemplate\":\"https:\\\/\\\/www.organisator.ch\\\/?s={search_term_string}\"},\"query-input\":{\"@type\":\"PropertyValueSpecification\",\"valueRequired\":true,\"valueName\":\"search_term_string\"}}],\"inLanguage\":\"en-US\"},{\"@type\":\"Organization\",\"@id\":\"https:\\\/\\\/www.organisator.ch\\\/#organization\",\"name\":\"Organisator\",\"url\":\"https:\\\/\\\/www.organisator.ch\\\/\",\"logo\":{\"@type\":\"ImageObject\",\"inLanguage\":\"en-US\",\"@id\":\"https:\\\/\\\/www.organisator.ch\\\/#\\\/schema\\\/logo\\\/image\\\/\",\"url\":\"https:\\\/\\\/www.organisator.ch\\\/wp-content\\\/uploads\\\/2022\\\/01\\\/Logo_Organisator_Website.png\",\"contentUrl\":\"https:\\\/\\\/www.organisator.ch\\\/wp-content\\\/uploads\\\/2022\\\/01\\\/Logo_Organisator_Website.png\",\"width\":800,\"height\":77,\"caption\":\"Organisator\"},\"image\":{\"@id\":\"https:\\\/\\\/www.organisator.ch\\\/#\\\/schema\\\/logo\\\/image\\\/\"},\"sameAs\":[\"https:\\\/\\\/www.facebook.com\\\/OrganisatorFachmagazin\",\"https:\\\/\\\/www.linkedin.com\\\/showcase\\\/organisator-das-magazin-fr-kmu\",\"https:\\\/\\\/www.xing.com\\\/news\\\/pages\\\/organisator-ch-695\",\"https:\\\/\\\/www.youtube.com\\\/channel\\\/UCGP2Sq0iWaZwT3BdIAQFYpw\"]},{\"@type\":\"Person\",\"@id\":\"https:\\\/\\\/www.organisator.ch\\\/#\\\/schema\\\/person\\\/a800b8c54e208b160517a7dcc323161d\",\"name\":\"roger.straessle\",\"image\":{\"@type\":\"ImageObject\",\"inLanguage\":\"en-US\",\"@id\":\"https:\\\/\\\/secure.gravatar.com\\\/avatar\\\/?s=96&d=mm&r=g\",\"url\":\"https:\\\/\\\/secure.gravatar.com\\\/avatar\\\/?s=96&d=mm&r=g\",\"contentUrl\":\"https:\\\/\\\/secure.gravatar.com\\\/avatar\\\/?s=96&d=mm&r=g\",\"caption\":\"roger.straessle\"},\"url\":\"https:\\\/\\\/www.organisator.ch\\\/en\\\/author\\\/roger-straessle\\\/\"}]}<\/script>\n<!-- \/ Yoast SEO plugin. -->","yoast_head_json":{"title":"Geoinformation-Consultation-Federal Law","description":"At its meeting on 19 May 2021, the Federal Council opened the consultation process for amendments to the Federal Act on Geoinformation.","robots":{"index":"index","follow":"follow","max-snippet":"max-snippet:-1","max-image-preview":"max-image-preview:large","max-video-preview":"max-video-preview:-1"},"canonical":"https:\/\/www.organisator.ch\/en\/general\/2021-05-24\/geologische-daten-nutzungskonflikte-im-untergrund-loesen\/","og_locale":"en_US","og_type":"article","og_title":"Geoinformationen-Vernehmlassung-Bundesgesetz","og_description":"Der Bundesrat hat an seiner Sitzung vom 19. Mai 2021 die Vernehmlassung f\u00fcr \u00c4nderungen im Bundesgesetz \u00fcber Geoinformation er\u00f6ffnet.","og_url":"https:\/\/www.organisator.ch\/en\/general\/2021-05-24\/geologische-daten-nutzungskonflikte-im-untergrund-loesen\/","og_site_name":"Organisator","article_publisher":"https:\/\/www.facebook.com\/OrganisatorFachmagazin","article_published_time":"2021-05-24T08:00:19+00:00","og_image":[{"width":1000,"height":679,"url":"https:\/\/www.organisator.ch\/wp-content\/uploads\/2021\/05\/Depositphotos_8935786_s-2019.jpg","type":"image\/jpeg"}],"author":"roger.straessle","twitter_card":"summary_large_image","schema":{"@context":"https:\/\/schema.org","@graph":[{"@type":"Article","@id":"https:\/\/www.organisator.ch\/fr\/general\/2021-05-24\/geologische-daten-nutzungskonflikte-im-untergrund-loesen\/#article","isPartOf":{"@id":"https:\/\/www.organisator.ch\/fr\/general\/2021-05-24\/geologische-daten-nutzungskonflikte-im-untergrund-loesen\/"},"author":{"name":"roger.straessle","@id":"https:\/\/www.organisator.ch\/#\/schema\/person\/a800b8c54e208b160517a7dcc323161d"},"headline":"Geo-Daten: Nutzungskonflikte im Untergrund l\u00f6sen","datePublished":"2021-05-24T08:00:19+00:00","mainEntityOfPage":{"@id":"https:\/\/www.organisator.ch\/fr\/general\/2021-05-24\/geologische-daten-nutzungskonflikte-im-untergrund-loesen\/"},"wordCount":224,"publisher":{"@id":"https:\/\/www.organisator.ch\/#organization"},"image":{"@id":"https:\/\/www.organisator.ch\/fr\/general\/2021-05-24\/geologische-daten-nutzungskonflikte-im-untergrund-loesen\/#primaryimage"},"thumbnailUrl":"https:\/\/www.organisator.ch\/wp-content\/uploads\/2021\/05\/Depositphotos_8935786_s-2019.jpg","keywords":["Geoinformationen","Vernehmlassung"],"articleSection":["Allgemein"],"inLanguage":"en-US"},{"@type":"WebPage","@id":"https:\/\/www.organisator.ch\/fr\/general\/2021-05-24\/geologische-daten-nutzungskonflikte-im-untergrund-loesen\/","url":"https:\/\/www.organisator.ch\/fr\/general\/2021-05-24\/geologische-daten-nutzungskonflikte-im-untergrund-loesen\/","name":"Geoinformation-Consultation-Federal Law","isPartOf":{"@id":"https:\/\/www.organisator.ch\/#website"},"primaryImageOfPage":{"@id":"https:\/\/www.organisator.ch\/fr\/general\/2021-05-24\/geologische-daten-nutzungskonflikte-im-untergrund-loesen\/#primaryimage"},"image":{"@id":"https:\/\/www.organisator.ch\/fr\/general\/2021-05-24\/geologische-daten-nutzungskonflikte-im-untergrund-loesen\/#primaryimage"},"thumbnailUrl":"https:\/\/www.organisator.ch\/wp-content\/uploads\/2021\/05\/Depositphotos_8935786_s-2019.jpg","datePublished":"2021-05-24T08:00:19+00:00","description":"At its meeting on 19 May 2021, the Federal Council opened the consultation process for amendments to the Federal Act on Geoinformation.","breadcrumb":{"@id":"https:\/\/www.organisator.ch\/fr\/general\/2021-05-24\/geologische-daten-nutzungskonflikte-im-untergrund-loesen\/#breadcrumb"},"inLanguage":"en-US","potentialAction":[{"@type":"ReadAction","target":["https:\/\/www.organisator.ch\/fr\/general\/2021-05-24\/geologische-daten-nutzungskonflikte-im-untergrund-loesen\/"]}]},{"@type":"ImageObject","inLanguage":"en-US","@id":"https:\/\/www.organisator.ch\/fr\/general\/2021-05-24\/geologische-daten-nutzungskonflikte-im-untergrund-loesen\/#primaryimage","url":"https:\/\/www.organisator.ch\/wp-content\/uploads\/2021\/05\/Depositphotos_8935786_s-2019.jpg","contentUrl":"https:\/\/www.organisator.ch\/wp-content\/uploads\/2021\/05\/Depositphotos_8935786_s-2019.jpg","width":1000,"height":679,"caption":"\u00a9 Depositphotos, aurielaki"},{"@type":"BreadcrumbList","@id":"https:\/\/www.organisator.ch\/fr\/general\/2021-05-24\/geologische-daten-nutzungskonflikte-im-untergrund-loesen\/#breadcrumb","itemListElement":[{"@type":"ListItem","position":1,"name":"Home","item":"https:\/\/www.organisator.ch\/"},{"@type":"ListItem","position":2,"name":"Geo-Daten: Nutzungskonflikte im Untergrund l\u00f6sen"}]},{"@type":"WebSite","@id":"https:\/\/www.organisator.ch\/#website","url":"https:\/\/www.organisator.ch\/","name":"Organizer","description":"Competent. Practical. In 10 issues per year, ORGANISATOR presents the essential topics for managers of SMEs.","publisher":{"@id":"https:\/\/www.organisator.ch\/#organization"},"potentialAction":[{"@type":"SearchAction","target":{"@type":"EntryPoint","urlTemplate":"https:\/\/www.organisator.ch\/?s={search_term_string}"},"query-input":{"@type":"PropertyValueSpecification","valueRequired":true,"valueName":"search_term_string"}}],"inLanguage":"en-US"},{"@type":"Organization","@id":"https:\/\/www.organisator.ch\/#organization","name":"Organizer","url":"https:\/\/www.organisator.ch\/","logo":{"@type":"ImageObject","inLanguage":"en-US","@id":"https:\/\/www.organisator.ch\/#\/schema\/logo\/image\/","url":"https:\/\/www.organisator.ch\/wp-content\/uploads\/2022\/01\/Logo_Organisator_Website.png","contentUrl":"https:\/\/www.organisator.ch\/wp-content\/uploads\/2022\/01\/Logo_Organisator_Website.png","width":800,"height":77,"caption":"Organisator"},"image":{"@id":"https:\/\/www.organisator.ch\/#\/schema\/logo\/image\/"},"sameAs":["https:\/\/www.facebook.com\/OrganisatorFachmagazin","https:\/\/www.linkedin.com\/showcase\/organisator-das-magazin-fr-kmu","https:\/\/www.xing.com\/news\/pages\/organisator-ch-695","https:\/\/www.youtube.com\/channel\/UCGP2Sq0iWaZwT3BdIAQFYpw"]},{"@type":"Person","@id":"https:\/\/www.organisator.ch\/#\/schema\/person\/a800b8c54e208b160517a7dcc323161d","name":"roger.straessle","image":{"@type":"ImageObject","inLanguage":"en-US","@id":"https:\/\/secure.gravatar.com\/avatar\/?s=96&d=mm&r=g","url":"https:\/\/secure.gravatar.com\/avatar\/?s=96&d=mm&r=g","contentUrl":"https:\/\/secure.gravatar.com\/avatar\/?s=96&d=mm&r=g","caption":"roger.straessle"},"url":"https:\/\/www.organisator.ch\/en\/author\/roger-straessle\/"}]}},"_links":{"self":[{"href":"https:\/\/www.organisator.ch\/en\/wp-json\/wp\/v2\/posts\/4260","targetHints":{"allow":["GET"]}}],"collection":[{"href":"https:\/\/www.organisator.ch\/en\/wp-json\/wp\/v2\/posts"}],"about":[{"href":"https:\/\/www.organisator.ch\/en\/wp-json\/wp\/v2\/types\/post"}],"author":[{"embeddable":true,"href":"https:\/\/www.organisator.ch\/en\/wp-json\/wp\/v2\/users\/6"}],"replies":[{"embeddable":true,"href":"https:\/\/www.organisator.ch\/en\/wp-json\/wp\/v2\/comments?post=4260"}],"version-history":[{"count":0,"href":"https:\/\/www.organisator.ch\/en\/wp-json\/wp\/v2\/posts\/4260\/revisions"}],"wp:featuredmedia":[{"embeddable":true,"href":"https:\/\/www.organisator.ch\/en\/wp-json\/wp\/v2\/media\/4261"}],"wp:attachment":[{"href":"https:\/\/www.organisator.ch\/en\/wp-json\/wp\/v2\/media?parent=4260"}],"wp:term":[{"taxonomy":"category","embeddable":true,"href":"https:\/\/www.organisator.ch\/en\/wp-json\/wp\/v2\/categories?post=4260"},{"taxonomy":"post_tag","embeddable":true,"href":"https:\/\/www.organisator.ch\/en\/wp-json\/wp\/v2\/tags?post=4260"}],"curies":[{"name":"wp","href":"https:\/\/api.w.org\/{rel}","templated":true}]}}