{"id":42613,"date":"2025-12-05T14:56:52","date_gmt":"2025-12-05T13:56:52","guid":{"rendered":"https:\/\/www.markt-kom.com\/?p=247692"},"modified":"2025-12-09T11:57:00","modified_gmt":"2025-12-09T10:57:00","slug":"in-der-ki-begeisterten-schweiz-nimmt-desinformation-zu","status":"publish","type":"post","link":"https:\/\/www.organisator.ch\/en\/marketing\/2025-12-05\/in-der-ki-begeisterten-schweiz-nimmt-desinformation-zu\/","title":{"rendered":"Disinformation on the rise in AI-enthusiastic Switzerland"},"content":{"rendered":"<section id=\"doc-1jbftadhq0\" class=\"hero hero--default\">\r\n<div class=\"container container--grid gap--responsive\">\r\n<div class=\"hero__content\">\r\n<p class=\"font--regular hero__description\"><img class=\"alignnone size-full wp-image-247694\" src=\"https:\/\/www.markt-kom.com\/wp-content\/uploads\/2025\/12\/desinformationsbild-1.jpg\" sizes=\"(max-width: 1024px) 100vw, 1024px\" srcset=\"https:\/\/www.markt-kom.com\/wp-content\/uploads\/2025\/12\/desinformationsbild-1.jpg 1024w, https:\/\/www.markt-kom.com\/wp-content\/uploads\/2025\/12\/desinformationsbild-1-600x328.jpg 600w, https:\/\/www.markt-kom.com\/wp-content\/uploads\/2025\/12\/desinformationsbild-1-768x419.jpg 768w, https:\/\/www.markt-kom.com\/wp-content\/uploads\/2025\/12\/desinformationsbild-1-18x10.jpg 18w, https:\/\/www.markt-kom.com\/wp-content\/uploads\/2025\/12\/desinformationsbild-1-321x175.jpg 321w, https:\/\/www.markt-kom.com\/wp-content\/uploads\/2025\/12\/desinformationsbild-1-641x350.jpg 641w, https:\/\/www.markt-kom.com\/wp-content\/uploads\/2025\/12\/desinformationsbild-1-1000x546.jpg 1000w\" alt=\"\" width=\"1024\" height=\"559\" \/>In spring 2025, 43% of the population aged between 15 and 88 stated that they had already used a generative AI system. This system creates text, image, or audio content based on instructions.<\/p>\r\n<\/div>\r\n<\/div>\r\n<\/section>\r\n<section class=\"section section--default\">\r\n<div class=\"container container--grid gap--responsive\">\r\n<div class=\"container__center--xs vertical-spacing\">\r\n<h3 id=\"doc-1jbftedup0\" class=\"h2\">Generative AI tools are spreading rapidly<\/h3>\r\n<p id=\"doc-1jbftedur0\" class=\"font--regular\">3.2 million people in Switzerland used generative AI in the three months prior to the survey \u2013 and many of them used the tools very frequently: 36% of those who used AI did so daily, while 34% did so at least once a week. Given that AI systems have only been available to the general public for three years, the number of users and frequency of use appear all the higher.<\/p>\r\n<p id=\"doc-1jbftedur1\" class=\"font--regular\">The systems are most commonly used for private purposes (38% of the population), followed by professional purposes (31%). Within the formal education system (e.g., schools and universities), a usage rate of 75% is achieved.<\/p>\r\n<h3 id=\"doc-1jbftedut0\" class=\"h2\">AI highlights the digital divide<\/h3>\r\n<p id=\"doc-1jbfteduu0\" class=\"font--regular\">The use of generative AI tools varies greatly depending on sociodemographic profile. Existing inequalities in the general use of digital technologies are even more pronounced with this new technology.<\/p>\r\n<p id=\"doc-1jbfteduv0\" class=\"font--regular\">Young people in particular are turning to generative AI: 79% of 15- to 24-year-olds use such tools, compared to only 66% of 25- to 34-year-olds. This proportion continues to decline with age (55- to 64-year-olds: 28%). There are also clear differences in terms of educational level. 63% of people with a university degree use generative AI, compared to 17% of people without post-compulsory education. Although men use generative AI more often than women overall, there are no gender-specific differences in the under-30 age groups.<\/p>\r\n<h3 id=\"doc-1jbftedv00\" class=\"h2\">Half of the population does not use generative AI<\/h3>\r\n<p id=\"doc-1jbftedv01\" class=\"font--regular\">Even though generative AI is spreading rapidly, it is not yet widely used. One-third of the population sees no benefit in the corresponding applications, and 71% have privacy and security concerns. Only 71% say they lack the necessary skills, which shows that the majority of the population believes AI systems are relatively easy to use. Only 21% of the population say they are unaware of the existence of such tools.<\/p>\r\n<h3 id=\"doc-1jbftedv10\" class=\"h2\">Increasingly problematic content and security issues<\/h3>\r\n<p id=\"doc-1jbftedv20\" class=\"font--regular\">The results reveal another important aspect: between 2023 and 2025, security issues, disinformation, and hate speech on the internet have increased significantly. This development highlights the growing prevalence of problematic online content and the increase in risks and dangers associated with internet use.<\/p>\r\n<p id=\"doc-1jbftedv21\" class=\"font--regular\">The proportion of people who received fraudulent messages (phishing) in the three months prior to the survey rose from 51% to 61% (4.4 million people). The increase in this type of online fraud is also reflected in the proportion of users who report having suffered financial losses in the twelve months prior to the survey. In 2021, this proportion was 1.7%, doubling to 3.4% (250,000 people) by 2025.<\/p>\r\n<h3 id=\"doc-1jbftedv30\" class=\"h2\">Disinformation on the rise<\/h3>\r\n<p id=\"doc-1jbftedv40\" class=\"font--regular\">Disinformation is also on the rise. The upward trend already observed between 2021 and 2023 is confirmed: in 2025, 58% of the population reported encountering content on websites or social media that they considered false or questionable (2021: 45%; 2023: 51%). Young people under the age of 30 and social media users are particularly exposed to disinformation (68% and 67%, respectively).<\/p>\r\n<p id=\"doc-1jbftedv41\" class=\"font--regular\">The approach to dealing with misinformation remains largely unchanged: around half of users check the accuracy of the content they encounter. The majority of those who do not do so (38%) believe they already know that the information is false or that the source is unreliable. 15%, on the other hand, admit that they do not have the necessary knowledge or skills to check the content.<\/p>\r\n<h3 id=\"doc-1jbftedv42\" class=\"h2\">Hate speech is on the rise<\/h3>\r\n<p id=\"doc-1jbftedv50\" class=\"font--regular\">More and more internet users are being confronted with hate speech. In 2025, 42% of the population reported having seen hostile or derogatory messages on social media or information sites that were directed against groups or individuals. This represents an increase of 4.5 percentage points. Once again, those under 30 and social media users reported such content most frequently (61% and 50%, respectively).<\/p>\r\n<p class=\"font--regular\">There has been a particularly sharp increase in hate speech related to political or social opinions and religion, as well as xenophobic content. Hate speech related to sexual orientation or disability is occurring at roughly the same rate as in 2023.<\/p>\r\n<hr \/>\r\n<p id=\"doc-1jbftf9i00\" class=\"font--regular\">This press release and further information on this topic can be found at\u00a0<a class=\"link--external\" href=\"https:\/\/www.bfs.admin.ch\/news\/de\/2025-0246\" rel=\"external noopener\" aria-label=\"www.bfs.admin.ch\/news\/de\/2025-0246 Open link in a new tab\">Website of the FSO<\/a>.<\/p>\r\n<\/div>\r\n<\/div>\r\n<\/section>","protected":false},"excerpt":{"rendered":"<p>In 2025, more than two out of five people used artificial intelligence (AI) to create content such as text or images. Among 15- to 24-year-olds, the figure was as high as four out of five. At the same time, the population is increasingly confronted with disinformation, hate speech, and fraud online. These are the key findings of the latest survey by the Federal Statistical Office (FSO) on internet use in Swiss households.<\/p>","protected":false},"author":8,"featured_media":0,"comment_status":"closed","ping_status":"closed","sticky":false,"template":"","format":"standard","meta":{"_acf_changed":false,"_yoast_wpseo_focuskw":"Desinformation","_yoast_wpseo_metadesc":"Immer mehr Personen nutzen KI, aber die Bev\u00f6lkerung wird online vermehrt mit Desinformation, Hassreden oder Betrug konfrontiert.","articlekey":"","footnotes":""},"categories":[29],"tags":[98,5719,319,4343],"class_list":["post-42613","post","type-post","status-publish","format-standard","hentry","category-marketing","tag-bundesamt-fuer-statistik","tag-hassrede","tag-kuenstliche-intelligenz","tag-markom"],"acf":[],"yoast_head":"<!-- This site is optimized with the Yoast SEO plugin v27.5 - https:\/\/yoast.com\/product\/yoast-seo-wordpress\/ -->\n<title>In der KI-begeisterten Schweiz nimmt Desinformation zu - Organisator<\/title>\n<meta name=\"description\" content=\"Immer mehr Personen nutzen KI, aber die Bev\u00f6lkerung wird online vermehrt mit Desinformation, Hassreden oder Betrug konfrontiert.\" \/>\n<meta name=\"robots\" content=\"index, follow, max-snippet:-1, max-image-preview:large, max-video-preview:-1\" \/>\n<link rel=\"canonical\" href=\"https:\/\/www.organisator.ch\/en\/marketing\/2025-12-05\/in-der-ki-begeisterten-schweiz-nimmt-desinformation-zu\/\" \/>\n<meta property=\"og:locale\" content=\"en_US\" \/>\n<meta property=\"og:type\" content=\"article\" \/>\n<meta property=\"og:title\" content=\"In der KI-begeisterten Schweiz nimmt Desinformation zu - Organisator\" \/>\n<meta property=\"og:description\" content=\"Immer mehr Personen nutzen KI, aber die Bev\u00f6lkerung wird online vermehrt mit Desinformation, Hassreden oder Betrug konfrontiert.\" \/>\n<meta property=\"og:url\" content=\"https:\/\/www.organisator.ch\/en\/marketing\/2025-12-05\/in-der-ki-begeisterten-schweiz-nimmt-desinformation-zu\/\" \/>\n<meta property=\"og:site_name\" content=\"Organisator\" \/>\n<meta property=\"article:publisher\" content=\"https:\/\/www.facebook.com\/OrganisatorFachmagazin\" \/>\n<meta property=\"article:published_time\" content=\"2025-12-05T13:56:52+00:00\" \/>\n<meta property=\"article:modified_time\" content=\"2025-12-09T10:57:00+00:00\" \/>\n<meta name=\"author\" content=\"galledia\" \/>\n<meta name=\"twitter:card\" content=\"summary_large_image\" \/>\n<meta name=\"twitter:creator\" content=\"@admin\" \/>\n<script type=\"application\/ld+json\" class=\"yoast-schema-graph\">{\"@context\":\"https:\\\/\\\/schema.org\",\"@graph\":[{\"@type\":\"Article\",\"@id\":\"https:\\\/\\\/www.organisator.ch\\\/marketing\\\/2025-12-05\\\/in-der-ki-begeisterten-schweiz-nimmt-desinformation-zu\\\/#article\",\"isPartOf\":{\"@id\":\"https:\\\/\\\/www.organisator.ch\\\/marketing\\\/2025-12-05\\\/in-der-ki-begeisterten-schweiz-nimmt-desinformation-zu\\\/\"},\"author\":{\"name\":\"galledia\",\"@id\":\"https:\\\/\\\/www.organisator.ch\\\/#\\\/schema\\\/person\\\/4e51799071cd2dd1232ac003643ef5f0\"},\"headline\":\"In der KI-begeisterten Schweiz nimmt Desinformation zu\",\"datePublished\":\"2025-12-05T13:56:52+00:00\",\"dateModified\":\"2025-12-09T10:57:00+00:00\",\"mainEntityOfPage\":{\"@id\":\"https:\\\/\\\/www.organisator.ch\\\/marketing\\\/2025-12-05\\\/in-der-ki-begeisterten-schweiz-nimmt-desinformation-zu\\\/\"},\"wordCount\":697,\"publisher\":{\"@id\":\"https:\\\/\\\/www.organisator.ch\\\/#organization\"},\"image\":{\"@id\":\"https:\\\/\\\/www.organisator.ch\\\/marketing\\\/2025-12-05\\\/in-der-ki-begeisterten-schweiz-nimmt-desinformation-zu\\\/#primaryimage\"},\"thumbnailUrl\":\"https:\\\/\\\/www.markt-kom.com\\\/wp-content\\\/uploads\\\/2025\\\/12\\\/desinformationsbild-1.jpg\",\"keywords\":[\"Bundesamt f\u00fcr Statistik\",\"Hassrede\",\"K\u00fcnstliche Intelligenz\",\"MarKom\"],\"articleSection\":[\"MARKETING\"],\"inLanguage\":\"en-US\"},{\"@type\":\"WebPage\",\"@id\":\"https:\\\/\\\/www.organisator.ch\\\/marketing\\\/2025-12-05\\\/in-der-ki-begeisterten-schweiz-nimmt-desinformation-zu\\\/\",\"url\":\"https:\\\/\\\/www.organisator.ch\\\/marketing\\\/2025-12-05\\\/in-der-ki-begeisterten-schweiz-nimmt-desinformation-zu\\\/\",\"name\":\"In der KI-begeisterten Schweiz nimmt Desinformation zu - Organisator\",\"isPartOf\":{\"@id\":\"https:\\\/\\\/www.organisator.ch\\\/#website\"},\"primaryImageOfPage\":{\"@id\":\"https:\\\/\\\/www.organisator.ch\\\/marketing\\\/2025-12-05\\\/in-der-ki-begeisterten-schweiz-nimmt-desinformation-zu\\\/#primaryimage\"},\"image\":{\"@id\":\"https:\\\/\\\/www.organisator.ch\\\/marketing\\\/2025-12-05\\\/in-der-ki-begeisterten-schweiz-nimmt-desinformation-zu\\\/#primaryimage\"},\"thumbnailUrl\":\"https:\\\/\\\/www.markt-kom.com\\\/wp-content\\\/uploads\\\/2025\\\/12\\\/desinformationsbild-1.jpg\",\"datePublished\":\"2025-12-05T13:56:52+00:00\",\"dateModified\":\"2025-12-09T10:57:00+00:00\",\"description\":\"Immer mehr Personen nutzen KI, aber die Bev\u00f6lkerung wird online vermehrt mit Desinformation, Hassreden oder Betrug konfrontiert.\",\"breadcrumb\":{\"@id\":\"https:\\\/\\\/www.organisator.ch\\\/marketing\\\/2025-12-05\\\/in-der-ki-begeisterten-schweiz-nimmt-desinformation-zu\\\/#breadcrumb\"},\"inLanguage\":\"en-US\",\"potentialAction\":[{\"@type\":\"ReadAction\",\"target\":[\"https:\\\/\\\/www.organisator.ch\\\/marketing\\\/2025-12-05\\\/in-der-ki-begeisterten-schweiz-nimmt-desinformation-zu\\\/\"]}]},{\"@type\":\"ImageObject\",\"inLanguage\":\"en-US\",\"@id\":\"https:\\\/\\\/www.organisator.ch\\\/marketing\\\/2025-12-05\\\/in-der-ki-begeisterten-schweiz-nimmt-desinformation-zu\\\/#primaryimage\",\"url\":\"https:\\\/\\\/www.markt-kom.com\\\/wp-content\\\/uploads\\\/2025\\\/12\\\/desinformationsbild-1.jpg\",\"contentUrl\":\"https:\\\/\\\/www.markt-kom.com\\\/wp-content\\\/uploads\\\/2025\\\/12\\\/desinformationsbild-1.jpg\"},{\"@type\":\"BreadcrumbList\",\"@id\":\"https:\\\/\\\/www.organisator.ch\\\/marketing\\\/2025-12-05\\\/in-der-ki-begeisterten-schweiz-nimmt-desinformation-zu\\\/#breadcrumb\",\"itemListElement\":[{\"@type\":\"ListItem\",\"position\":1,\"name\":\"Home\",\"item\":\"https:\\\/\\\/www.organisator.ch\\\/\"},{\"@type\":\"ListItem\",\"position\":2,\"name\":\"In der KI-begeisterten Schweiz nimmt Desinformation zu\"}]},{\"@type\":\"WebSite\",\"@id\":\"https:\\\/\\\/www.organisator.ch\\\/#website\",\"url\":\"https:\\\/\\\/www.organisator.ch\\\/\",\"name\":\"Organisator\",\"description\":\"Kompetent. Praxisnah. Der ORGANISATOR bereitet in 10 Ausgaben pro Jahr die wesentlichen Themen f\u00fcr F\u00fchrungskr\u00e4fte von KMU auf.\",\"publisher\":{\"@id\":\"https:\\\/\\\/www.organisator.ch\\\/#organization\"},\"potentialAction\":[{\"@type\":\"SearchAction\",\"target\":{\"@type\":\"EntryPoint\",\"urlTemplate\":\"https:\\\/\\\/www.organisator.ch\\\/?s={search_term_string}\"},\"query-input\":{\"@type\":\"PropertyValueSpecification\",\"valueRequired\":true,\"valueName\":\"search_term_string\"}}],\"inLanguage\":\"en-US\"},{\"@type\":\"Organization\",\"@id\":\"https:\\\/\\\/www.organisator.ch\\\/#organization\",\"name\":\"Organisator\",\"url\":\"https:\\\/\\\/www.organisator.ch\\\/\",\"logo\":{\"@type\":\"ImageObject\",\"inLanguage\":\"en-US\",\"@id\":\"https:\\\/\\\/www.organisator.ch\\\/#\\\/schema\\\/logo\\\/image\\\/\",\"url\":\"https:\\\/\\\/www.organisator.ch\\\/wp-content\\\/uploads\\\/2022\\\/01\\\/Logo_Organisator_Website.png\",\"contentUrl\":\"https:\\\/\\\/www.organisator.ch\\\/wp-content\\\/uploads\\\/2022\\\/01\\\/Logo_Organisator_Website.png\",\"width\":800,\"height\":77,\"caption\":\"Organisator\"},\"image\":{\"@id\":\"https:\\\/\\\/www.organisator.ch\\\/#\\\/schema\\\/logo\\\/image\\\/\"},\"sameAs\":[\"https:\\\/\\\/www.facebook.com\\\/OrganisatorFachmagazin\",\"https:\\\/\\\/www.linkedin.com\\\/showcase\\\/organisator-das-magazin-fr-kmu\",\"https:\\\/\\\/www.xing.com\\\/news\\\/pages\\\/organisator-ch-695\",\"https:\\\/\\\/www.youtube.com\\\/channel\\\/UCGP2Sq0iWaZwT3BdIAQFYpw\"]},{\"@type\":\"Person\",\"@id\":\"https:\\\/\\\/www.organisator.ch\\\/#\\\/schema\\\/person\\\/4e51799071cd2dd1232ac003643ef5f0\",\"name\":\"galledia\",\"image\":{\"@type\":\"ImageObject\",\"inLanguage\":\"en-US\",\"@id\":\"https:\\\/\\\/secure.gravatar.com\\\/avatar\\\/78a7f90c01fc2bfc875782a0d4922b37cde2cf184ce347b91316d23cd7f69a36?s=96&d=mm&r=g\",\"url\":\"https:\\\/\\\/secure.gravatar.com\\\/avatar\\\/78a7f90c01fc2bfc875782a0d4922b37cde2cf184ce347b91316d23cd7f69a36?s=96&d=mm&r=g\",\"contentUrl\":\"https:\\\/\\\/secure.gravatar.com\\\/avatar\\\/78a7f90c01fc2bfc875782a0d4922b37cde2cf184ce347b91316d23cd7f69a36?s=96&d=mm&r=g\",\"caption\":\"galledia\"},\"sameAs\":[\"https:\\\/\\\/x.com\\\/admin\"],\"url\":\"https:\\\/\\\/www.organisator.ch\\\/en\\\/author\\\/galledia\\\/\"}]}<\/script>\n<!-- \/ Yoast SEO plugin. -->","yoast_head_json":{"title":"Disinformation on the rise in AI-enthusiastic Switzerland - Organizer","description":"More and more people are using AI, but the population is increasingly confronted with disinformation, hate speech, and fraud online.","robots":{"index":"index","follow":"follow","max-snippet":"max-snippet:-1","max-image-preview":"max-image-preview:large","max-video-preview":"max-video-preview:-1"},"canonical":"https:\/\/www.organisator.ch\/en\/marketing\/2025-12-05\/in-der-ki-begeisterten-schweiz-nimmt-desinformation-zu\/","og_locale":"en_US","og_type":"article","og_title":"In der KI-begeisterten Schweiz nimmt Desinformation zu - Organisator","og_description":"Immer mehr Personen nutzen KI, aber die Bev\u00f6lkerung wird online vermehrt mit Desinformation, Hassreden oder Betrug konfrontiert.","og_url":"https:\/\/www.organisator.ch\/en\/marketing\/2025-12-05\/in-der-ki-begeisterten-schweiz-nimmt-desinformation-zu\/","og_site_name":"Organisator","article_publisher":"https:\/\/www.facebook.com\/OrganisatorFachmagazin","article_published_time":"2025-12-05T13:56:52+00:00","article_modified_time":"2025-12-09T10:57:00+00:00","author":"galledia","twitter_card":"summary_large_image","twitter_creator":"@admin","schema":{"@context":"https:\/\/schema.org","@graph":[{"@type":"Article","@id":"https:\/\/www.organisator.ch\/marketing\/2025-12-05\/in-der-ki-begeisterten-schweiz-nimmt-desinformation-zu\/#article","isPartOf":{"@id":"https:\/\/www.organisator.ch\/marketing\/2025-12-05\/in-der-ki-begeisterten-schweiz-nimmt-desinformation-zu\/"},"author":{"name":"galledia","@id":"https:\/\/www.organisator.ch\/#\/schema\/person\/4e51799071cd2dd1232ac003643ef5f0"},"headline":"In der KI-begeisterten Schweiz nimmt Desinformation zu","datePublished":"2025-12-05T13:56:52+00:00","dateModified":"2025-12-09T10:57:00+00:00","mainEntityOfPage":{"@id":"https:\/\/www.organisator.ch\/marketing\/2025-12-05\/in-der-ki-begeisterten-schweiz-nimmt-desinformation-zu\/"},"wordCount":697,"publisher":{"@id":"https:\/\/www.organisator.ch\/#organization"},"image":{"@id":"https:\/\/www.organisator.ch\/marketing\/2025-12-05\/in-der-ki-begeisterten-schweiz-nimmt-desinformation-zu\/#primaryimage"},"thumbnailUrl":"https:\/\/www.markt-kom.com\/wp-content\/uploads\/2025\/12\/desinformationsbild-1.jpg","keywords":["Bundesamt f\u00fcr Statistik","Hassrede","K\u00fcnstliche Intelligenz","MarKom"],"articleSection":["MARKETING"],"inLanguage":"en-US"},{"@type":"WebPage","@id":"https:\/\/www.organisator.ch\/marketing\/2025-12-05\/in-der-ki-begeisterten-schweiz-nimmt-desinformation-zu\/","url":"https:\/\/www.organisator.ch\/marketing\/2025-12-05\/in-der-ki-begeisterten-schweiz-nimmt-desinformation-zu\/","name":"Disinformation on the rise in AI-enthusiastic Switzerland - Organizer","isPartOf":{"@id":"https:\/\/www.organisator.ch\/#website"},"primaryImageOfPage":{"@id":"https:\/\/www.organisator.ch\/marketing\/2025-12-05\/in-der-ki-begeisterten-schweiz-nimmt-desinformation-zu\/#primaryimage"},"image":{"@id":"https:\/\/www.organisator.ch\/marketing\/2025-12-05\/in-der-ki-begeisterten-schweiz-nimmt-desinformation-zu\/#primaryimage"},"thumbnailUrl":"https:\/\/www.markt-kom.com\/wp-content\/uploads\/2025\/12\/desinformationsbild-1.jpg","datePublished":"2025-12-05T13:56:52+00:00","dateModified":"2025-12-09T10:57:00+00:00","description":"More and more people are using AI, but the population is increasingly confronted with disinformation, hate speech, and fraud online.","breadcrumb":{"@id":"https:\/\/www.organisator.ch\/marketing\/2025-12-05\/in-der-ki-begeisterten-schweiz-nimmt-desinformation-zu\/#breadcrumb"},"inLanguage":"en-US","potentialAction":[{"@type":"ReadAction","target":["https:\/\/www.organisator.ch\/marketing\/2025-12-05\/in-der-ki-begeisterten-schweiz-nimmt-desinformation-zu\/"]}]},{"@type":"ImageObject","inLanguage":"en-US","@id":"https:\/\/www.organisator.ch\/marketing\/2025-12-05\/in-der-ki-begeisterten-schweiz-nimmt-desinformation-zu\/#primaryimage","url":"https:\/\/www.markt-kom.com\/wp-content\/uploads\/2025\/12\/desinformationsbild-1.jpg","contentUrl":"https:\/\/www.markt-kom.com\/wp-content\/uploads\/2025\/12\/desinformationsbild-1.jpg"},{"@type":"BreadcrumbList","@id":"https:\/\/www.organisator.ch\/marketing\/2025-12-05\/in-der-ki-begeisterten-schweiz-nimmt-desinformation-zu\/#breadcrumb","itemListElement":[{"@type":"ListItem","position":1,"name":"Home","item":"https:\/\/www.organisator.ch\/"},{"@type":"ListItem","position":2,"name":"In der KI-begeisterten Schweiz nimmt Desinformation zu"}]},{"@type":"WebSite","@id":"https:\/\/www.organisator.ch\/#website","url":"https:\/\/www.organisator.ch\/","name":"Organizer","description":"Competent. Practical. In 10 issues per year, ORGANISATOR presents the essential topics for managers of SMEs.","publisher":{"@id":"https:\/\/www.organisator.ch\/#organization"},"potentialAction":[{"@type":"SearchAction","target":{"@type":"EntryPoint","urlTemplate":"https:\/\/www.organisator.ch\/?s={search_term_string}"},"query-input":{"@type":"PropertyValueSpecification","valueRequired":true,"valueName":"search_term_string"}}],"inLanguage":"en-US"},{"@type":"Organization","@id":"https:\/\/www.organisator.ch\/#organization","name":"Organizer","url":"https:\/\/www.organisator.ch\/","logo":{"@type":"ImageObject","inLanguage":"en-US","@id":"https:\/\/www.organisator.ch\/#\/schema\/logo\/image\/","url":"https:\/\/www.organisator.ch\/wp-content\/uploads\/2022\/01\/Logo_Organisator_Website.png","contentUrl":"https:\/\/www.organisator.ch\/wp-content\/uploads\/2022\/01\/Logo_Organisator_Website.png","width":800,"height":77,"caption":"Organisator"},"image":{"@id":"https:\/\/www.organisator.ch\/#\/schema\/logo\/image\/"},"sameAs":["https:\/\/www.facebook.com\/OrganisatorFachmagazin","https:\/\/www.linkedin.com\/showcase\/organisator-das-magazin-fr-kmu","https:\/\/www.xing.com\/news\/pages\/organisator-ch-695","https:\/\/www.youtube.com\/channel\/UCGP2Sq0iWaZwT3BdIAQFYpw"]},{"@type":"Person","@id":"https:\/\/www.organisator.ch\/#\/schema\/person\/4e51799071cd2dd1232ac003643ef5f0","name":"galledia","image":{"@type":"ImageObject","inLanguage":"en-US","@id":"https:\/\/secure.gravatar.com\/avatar\/78a7f90c01fc2bfc875782a0d4922b37cde2cf184ce347b91316d23cd7f69a36?s=96&d=mm&r=g","url":"https:\/\/secure.gravatar.com\/avatar\/78a7f90c01fc2bfc875782a0d4922b37cde2cf184ce347b91316d23cd7f69a36?s=96&d=mm&r=g","contentUrl":"https:\/\/secure.gravatar.com\/avatar\/78a7f90c01fc2bfc875782a0d4922b37cde2cf184ce347b91316d23cd7f69a36?s=96&d=mm&r=g","caption":"galledia"},"sameAs":["https:\/\/x.com\/admin"],"url":"https:\/\/www.organisator.ch\/en\/author\/galledia\/"}]}},"_links":{"self":[{"href":"https:\/\/www.organisator.ch\/en\/wp-json\/wp\/v2\/posts\/42613","targetHints":{"allow":["GET"]}}],"collection":[{"href":"https:\/\/www.organisator.ch\/en\/wp-json\/wp\/v2\/posts"}],"about":[{"href":"https:\/\/www.organisator.ch\/en\/wp-json\/wp\/v2\/types\/post"}],"author":[{"embeddable":true,"href":"https:\/\/www.organisator.ch\/en\/wp-json\/wp\/v2\/users\/8"}],"replies":[{"embeddable":true,"href":"https:\/\/www.organisator.ch\/en\/wp-json\/wp\/v2\/comments?post=42613"}],"version-history":[{"count":3,"href":"https:\/\/www.organisator.ch\/en\/wp-json\/wp\/v2\/posts\/42613\/revisions"}],"predecessor-version":[{"id":42650,"href":"https:\/\/www.organisator.ch\/en\/wp-json\/wp\/v2\/posts\/42613\/revisions\/42650"}],"wp:attachment":[{"href":"https:\/\/www.organisator.ch\/en\/wp-json\/wp\/v2\/media?parent=42613"}],"wp:term":[{"taxonomy":"category","embeddable":true,"href":"https:\/\/www.organisator.ch\/en\/wp-json\/wp\/v2\/categories?post=42613"},{"taxonomy":"post_tag","embeddable":true,"href":"https:\/\/www.organisator.ch\/en\/wp-json\/wp\/v2\/tags?post=42613"}],"curies":[{"name":"wp","href":"https:\/\/api.w.org\/{rel}","templated":true}]}}