{"id":42619,"date":"2025-12-08T13:50:09","date_gmt":"2025-12-08T12:50:09","guid":{"rendered":"https:\/\/www.m-q.ch\/?p=22191"},"modified":"2025-12-09T11:53:55","modified_gmt":"2025-12-09T10:53:55","slug":"2026-bringt-schweizer-unternehmen-an-die-belastungsgrenze","status":"publish","type":"post","link":"https:\/\/www.organisator.ch\/en\/operational-excellence\/2025-12-08\/2026-bringt-schweizer-unternehmen-an-die-belastungsgrenze\/","title":{"rendered":"2026 will push Swiss companies to their limits"},"content":{"rendered":"<figure id=\"attachment_22192\" class=\"wp-caption alignnone\" style=\"width: 680px;\" aria-describedby=\"caption-attachment-22192\"><img class=\"size-full wp-image-22192\" src=\"https:\/\/www.m-q.ch\/wp-content\/uploads\/2025\/12\/2026-bringt-Schweizer-Unternehmen-an-die-Belastungsgrenze_MQ.jpg\" sizes=\"auto, (max-width: 680px) 100vw, 680px\" srcset=\"https:\/\/www.m-q.ch\/wp-content\/uploads\/2025\/12\/2026-bringt-Schweizer-Unternehmen-an-die-Belastungsgrenze_MQ.jpg 680w, https:\/\/www.m-q.ch\/wp-content\/uploads\/2025\/12\/2026-bringt-Schweizer-Unternehmen-an-die-Belastungsgrenze_MQ-18x12.jpg 18w, https:\/\/www.m-q.ch\/wp-content\/uploads\/2025\/12\/2026-bringt-Schweizer-Unternehmen-an-die-Belastungsgrenze_MQ-375x250.jpg 375w, https:\/\/www.m-q.ch\/wp-content\/uploads\/2025\/12\/2026-bringt-Schweizer-Unternehmen-an-die-Belastungsgrenze_MQ-524x350.jpg 524w\" alt=\"\" width=\"680\" height=\"454\" \/>\r\n<figcaption id=\"caption-attachment-22192\" class=\"wp-caption-text\">Will more and more Swiss businesses reach their breaking point in 2026? (Image: Depositphotos.com)<\/figcaption>\r\n<\/figure>\r\n<p>Swiss companies will face numerous challenges in 2026: members of the baby boomer generation born up to 1964 will retire next year, leaving noticeable gaps in key positions. At the same time, the strong Swiss franc is weighing on export companies. They often have to decide whether to raise prices abroad, with the risk of losing market share, or to settle for lower margins. Added to this are the consequences of US punitive tariffs, which not only make Swiss exports to the United States more expensive, but also complicate operational processes. Patrick Sommer, Managing Director at CNT Management Consulting, knows from his own experience what Swiss companies are currently struggling with: \u00abThe tariffs are triggering a bureaucratic nightmare \u2013 companies have to provide complete proof of where every single screw comes from,\u00bb he explains. \u00abThe additional costs must either be offset by price increases or absorbed by sacrificing margins. At the same time, there is politically motivated pressure to examine whether relocating production to the US is more economically attractive in the long term than remaining in Switzerland.\u00bb He sees many companies performing a difficult balancing act: \u00abOn the one hand, companies must plan their human resources carefully and take into account the impending wave of retirements and export problems; on the other hand, they must not lose touch with technology. This means integrating digital solutions into existing systems, investing in AI, and providing targeted training for employees.\u00bb<\/p>\r\n<h3><strong>Bureaucracy limits scope for action \u2013 especially for SMEs<\/strong><\/h3>\r\n<p>Political decisions such as the recent US punitive tariffs are increasing uncertainty for Swiss companies: they make long-term planning more difficult, force ongoing cost adjustments, and thus pose a business risk. Despite increasing pressure to modernize, many companies lack the funds for urgently needed digitization and automation projects. \u00abAlthough most companies realize that digital innovation would strengthen their competitiveness, high labor costs, extensive sustainability investments, and the tense economic situation often stand in the way of such projects,\u00bb says the expert from CNT Management Consulting. Small and medium-sized enterprises (SMEs) in particular are facing additional burdens. Increasing ESG and sustainability requirements demand data from them that large corporations now take for granted \u2013 including the carbon footprints of products, proofs of origin, and information on supply chain compliance. \u00abMany SMEs do not have this information or have to compile it manually, which is time-consuming. This ties up staff, who are already in short supply, and costs valuable time in day-to-day business,\u00bb says Sommer.<\/p>\r\n<h3><strong>AI is \u00abno gimmick\u00bb: Why it must provide real relief today <\/strong><\/h3>\r\n<p>In light of rising costs, scarce human resources, and growing reporting requirements, digitization will become a greater focus in 2026. For many companies, the main concern is how to achieve greater output with fewer staff. In this context, AI has become a key prerequisite for business success. However, Sommer urges a targeted approach: \u00abAI is not a gimmick, but a tool that provides measurable relief in times of skilled labor shortages.\u00bb It is therefore crucial to create concrete applications. Process mining\u2014for example, with SAP Signavio\u2014makes bottlenecks visible, while integrated digital processes reduce waiting times and sources of error. This requires streamlined processes and reliable data, because a poor process remains poor even when automated.<\/p>\r\n<h3><strong>Three relevant consulting industry trends in the new year<\/strong><\/h3>\r\n<p>CNT expert Sommer identifies three key trends in his own field of consulting, which focuses on digital transformation in companies. First, AI implementation must focus on \u00abhard ROI\u00bb: \u00abWhat is needed is not abstract strategies, but the measurable, operational implementation of AI that promises a clear, short-term return on investment,\u00bb says Sommer. Second, consulting firms that do not rely on AI risk quickly losing their competitive edge. And third, Sommer believes that S\/4HANA Cloud must make the transition to a business case: \u00abThe ongoing SAP transformations must prove that they actually streamline processes and do not just modernize IT,\u00bb concludes Sommer.<\/p>\r\n<p><em>Source and further information: <a href=\"https:\/\/www.cnt-online.com\/de\/\">CNT Management Consulting<\/a><\/em><\/p>\n<p class=\"syndicated-attribution\">This article originally appeared on m-q.ch - <a href=\"https:\/\/www.m-q.ch\/de\/2026-bringt-schweizer-unternehmen-an-die-belastungsgrenze\/\" target=\"_blank\">https:\/\/www.m-q.ch\/de\/2026-bringt-schweizer-unternehmen-an-die-belastungsgrenze\/<\/a><\/p>","protected":false},"excerpt":{"rendered":"<p>With the generational shift, numerous baby boomers will retire in 2026, leaving behind a noticeable gap in urgently needed expertise. Many companies are already responding with higher wages in order to retain qualified employees or attract new talent. At the same time, further challenges for the Swiss economy are emerging. What does this mean for businesses \u2013 and for the consulting industry?<\/p>","protected":false},"author":8,"featured_media":0,"comment_status":"closed","ping_status":"closed","sticky":false,"template":"","format":"standard","meta":{"_acf_changed":false,"_yoast_wpseo_focuskw":"Belastungsgrenze","_yoast_wpseo_metadesc":"Herausforderungen bringen die Wirtschaft an die Belastungsgrenze. Was bedeutet das f\u00fcr die Betriebe\u00a0\u2013 und f\u00fcr die Consulting-Branche?","articlekey":"","footnotes":""},"categories":[582],"tags":[68,103,128,194,335,418],"class_list":["post-42619","post","type-post","status-publish","format-standard","hentry","category-operational-excellence","tag-babyboomer","tag-business-excellence","tag-consulting","tag-fachkraeftemangel","tag-management-und-unternehmensfuehrung","tag-risikomanagement"],"acf":[],"yoast_head":"<!-- This site is optimized with the Yoast SEO plugin v27.4 - https:\/\/yoast.com\/product\/yoast-seo-wordpress\/ -->\n<title>2026 bringt Schweizer Unternehmen an die Belastungsgrenze - Organisator<\/title>\n<meta name=\"description\" content=\"Herausforderungen bringen die Wirtschaft an die Belastungsgrenze. Was bedeutet das f\u00fcr die Betriebe\u00a0\u2013 und f\u00fcr die Consulting-Branche?\" \/>\n<meta name=\"robots\" content=\"index, follow, max-snippet:-1, max-image-preview:large, max-video-preview:-1\" \/>\n<link rel=\"canonical\" href=\"https:\/\/www.organisator.ch\/en\/operational-excellence\/2025-12-08\/2026-bringt-schweizer-unternehmen-an-die-belastungsgrenze\/\" \/>\n<meta property=\"og:locale\" content=\"en_US\" \/>\n<meta property=\"og:type\" content=\"article\" \/>\n<meta property=\"og:title\" content=\"2026 bringt Schweizer Unternehmen an die Belastungsgrenze - Organisator\" \/>\n<meta property=\"og:description\" content=\"Herausforderungen bringen die Wirtschaft an die Belastungsgrenze. Was bedeutet das f\u00fcr die Betriebe\u00a0\u2013 und f\u00fcr die Consulting-Branche?\" \/>\n<meta property=\"og:url\" content=\"https:\/\/www.organisator.ch\/en\/operational-excellence\/2025-12-08\/2026-bringt-schweizer-unternehmen-an-die-belastungsgrenze\/\" \/>\n<meta property=\"og:site_name\" content=\"Organisator\" \/>\n<meta property=\"article:publisher\" content=\"https:\/\/www.facebook.com\/OrganisatorFachmagazin\" \/>\n<meta property=\"article:published_time\" content=\"2025-12-08T12:50:09+00:00\" \/>\n<meta property=\"article:modified_time\" content=\"2025-12-09T10:53:55+00:00\" \/>\n<meta name=\"author\" content=\"galledia\" \/>\n<meta name=\"twitter:card\" content=\"summary_large_image\" \/>\n<meta name=\"twitter:creator\" content=\"@admin\" \/>\n<script type=\"application\/ld+json\" class=\"yoast-schema-graph\">{\"@context\":\"https:\\\/\\\/schema.org\",\"@graph\":[{\"@type\":\"Article\",\"@id\":\"https:\\\/\\\/www.organisator.ch\\\/operational-excellence\\\/2025-12-08\\\/2026-bringt-schweizer-unternehmen-an-die-belastungsgrenze\\\/#article\",\"isPartOf\":{\"@id\":\"https:\\\/\\\/www.organisator.ch\\\/operational-excellence\\\/2025-12-08\\\/2026-bringt-schweizer-unternehmen-an-die-belastungsgrenze\\\/\"},\"author\":{\"name\":\"galledia\",\"@id\":\"https:\\\/\\\/www.organisator.ch\\\/#\\\/schema\\\/person\\\/4e51799071cd2dd1232ac003643ef5f0\"},\"headline\":\"2026 bringt Schweizer Unternehmen an die Belastungsgrenze\",\"datePublished\":\"2025-12-08T12:50:09+00:00\",\"dateModified\":\"2025-12-09T10:53:55+00:00\",\"mainEntityOfPage\":{\"@id\":\"https:\\\/\\\/www.organisator.ch\\\/operational-excellence\\\/2025-12-08\\\/2026-bringt-schweizer-unternehmen-an-die-belastungsgrenze\\\/\"},\"wordCount\":655,\"publisher\":{\"@id\":\"https:\\\/\\\/www.organisator.ch\\\/#organization\"},\"image\":{\"@id\":\"https:\\\/\\\/www.organisator.ch\\\/operational-excellence\\\/2025-12-08\\\/2026-bringt-schweizer-unternehmen-an-die-belastungsgrenze\\\/#primaryimage\"},\"thumbnailUrl\":\"https:\\\/\\\/www.m-q.ch\\\/wp-content\\\/uploads\\\/2025\\\/12\\\/2026-bringt-Schweizer-Unternehmen-an-die-Belastungsgrenze_MQ.jpg\",\"keywords\":[\"Babyboomer\",\"Business Excellence\",\"Consulting\",\"Fachkr\u00e4ftemangel\",\"Management und Unternehmensf\u00fchrung\",\"Risikomanagement\"],\"articleSection\":[\"OPERATIONAL EXCELLENCE\"],\"inLanguage\":\"en-US\"},{\"@type\":\"WebPage\",\"@id\":\"https:\\\/\\\/www.organisator.ch\\\/operational-excellence\\\/2025-12-08\\\/2026-bringt-schweizer-unternehmen-an-die-belastungsgrenze\\\/\",\"url\":\"https:\\\/\\\/www.organisator.ch\\\/operational-excellence\\\/2025-12-08\\\/2026-bringt-schweizer-unternehmen-an-die-belastungsgrenze\\\/\",\"name\":\"2026 bringt Schweizer Unternehmen an die Belastungsgrenze - Organisator\",\"isPartOf\":{\"@id\":\"https:\\\/\\\/www.organisator.ch\\\/#website\"},\"primaryImageOfPage\":{\"@id\":\"https:\\\/\\\/www.organisator.ch\\\/operational-excellence\\\/2025-12-08\\\/2026-bringt-schweizer-unternehmen-an-die-belastungsgrenze\\\/#primaryimage\"},\"image\":{\"@id\":\"https:\\\/\\\/www.organisator.ch\\\/operational-excellence\\\/2025-12-08\\\/2026-bringt-schweizer-unternehmen-an-die-belastungsgrenze\\\/#primaryimage\"},\"thumbnailUrl\":\"https:\\\/\\\/www.m-q.ch\\\/wp-content\\\/uploads\\\/2025\\\/12\\\/2026-bringt-Schweizer-Unternehmen-an-die-Belastungsgrenze_MQ.jpg\",\"datePublished\":\"2025-12-08T12:50:09+00:00\",\"dateModified\":\"2025-12-09T10:53:55+00:00\",\"description\":\"Herausforderungen bringen die Wirtschaft an die Belastungsgrenze. Was bedeutet das f\u00fcr die Betriebe\u00a0\u2013 und f\u00fcr die Consulting-Branche?\",\"breadcrumb\":{\"@id\":\"https:\\\/\\\/www.organisator.ch\\\/operational-excellence\\\/2025-12-08\\\/2026-bringt-schweizer-unternehmen-an-die-belastungsgrenze\\\/#breadcrumb\"},\"inLanguage\":\"en-US\",\"potentialAction\":[{\"@type\":\"ReadAction\",\"target\":[\"https:\\\/\\\/www.organisator.ch\\\/operational-excellence\\\/2025-12-08\\\/2026-bringt-schweizer-unternehmen-an-die-belastungsgrenze\\\/\"]}]},{\"@type\":\"ImageObject\",\"inLanguage\":\"en-US\",\"@id\":\"https:\\\/\\\/www.organisator.ch\\\/operational-excellence\\\/2025-12-08\\\/2026-bringt-schweizer-unternehmen-an-die-belastungsgrenze\\\/#primaryimage\",\"url\":\"https:\\\/\\\/www.m-q.ch\\\/wp-content\\\/uploads\\\/2025\\\/12\\\/2026-bringt-Schweizer-Unternehmen-an-die-Belastungsgrenze_MQ.jpg\",\"contentUrl\":\"https:\\\/\\\/www.m-q.ch\\\/wp-content\\\/uploads\\\/2025\\\/12\\\/2026-bringt-Schweizer-Unternehmen-an-die-Belastungsgrenze_MQ.jpg\"},{\"@type\":\"BreadcrumbList\",\"@id\":\"https:\\\/\\\/www.organisator.ch\\\/operational-excellence\\\/2025-12-08\\\/2026-bringt-schweizer-unternehmen-an-die-belastungsgrenze\\\/#breadcrumb\",\"itemListElement\":[{\"@type\":\"ListItem\",\"position\":1,\"name\":\"Home\",\"item\":\"https:\\\/\\\/www.organisator.ch\\\/\"},{\"@type\":\"ListItem\",\"position\":2,\"name\":\"2026 bringt Schweizer Unternehmen an die Belastungsgrenze\"}]},{\"@type\":\"WebSite\",\"@id\":\"https:\\\/\\\/www.organisator.ch\\\/#website\",\"url\":\"https:\\\/\\\/www.organisator.ch\\\/\",\"name\":\"Organisator\",\"description\":\"Kompetent. Praxisnah. Der ORGANISATOR bereitet in 10 Ausgaben pro Jahr die wesentlichen Themen f\u00fcr F\u00fchrungskr\u00e4fte von KMU auf.\",\"publisher\":{\"@id\":\"https:\\\/\\\/www.organisator.ch\\\/#organization\"},\"potentialAction\":[{\"@type\":\"SearchAction\",\"target\":{\"@type\":\"EntryPoint\",\"urlTemplate\":\"https:\\\/\\\/www.organisator.ch\\\/?s={search_term_string}\"},\"query-input\":{\"@type\":\"PropertyValueSpecification\",\"valueRequired\":true,\"valueName\":\"search_term_string\"}}],\"inLanguage\":\"en-US\"},{\"@type\":\"Organization\",\"@id\":\"https:\\\/\\\/www.organisator.ch\\\/#organization\",\"name\":\"Organisator\",\"url\":\"https:\\\/\\\/www.organisator.ch\\\/\",\"logo\":{\"@type\":\"ImageObject\",\"inLanguage\":\"en-US\",\"@id\":\"https:\\\/\\\/www.organisator.ch\\\/#\\\/schema\\\/logo\\\/image\\\/\",\"url\":\"https:\\\/\\\/www.organisator.ch\\\/wp-content\\\/uploads\\\/2022\\\/01\\\/Logo_Organisator_Website.png\",\"contentUrl\":\"https:\\\/\\\/www.organisator.ch\\\/wp-content\\\/uploads\\\/2022\\\/01\\\/Logo_Organisator_Website.png\",\"width\":800,\"height\":77,\"caption\":\"Organisator\"},\"image\":{\"@id\":\"https:\\\/\\\/www.organisator.ch\\\/#\\\/schema\\\/logo\\\/image\\\/\"},\"sameAs\":[\"https:\\\/\\\/www.facebook.com\\\/OrganisatorFachmagazin\",\"https:\\\/\\\/www.linkedin.com\\\/showcase\\\/organisator-das-magazin-fr-kmu\",\"https:\\\/\\\/www.xing.com\\\/news\\\/pages\\\/organisator-ch-695\",\"https:\\\/\\\/www.youtube.com\\\/channel\\\/UCGP2Sq0iWaZwT3BdIAQFYpw\"]},{\"@type\":\"Person\",\"@id\":\"https:\\\/\\\/www.organisator.ch\\\/#\\\/schema\\\/person\\\/4e51799071cd2dd1232ac003643ef5f0\",\"name\":\"galledia\",\"image\":{\"@type\":\"ImageObject\",\"inLanguage\":\"en-US\",\"@id\":\"https:\\\/\\\/secure.gravatar.com\\\/avatar\\\/78a7f90c01fc2bfc875782a0d4922b37cde2cf184ce347b91316d23cd7f69a36?s=96&d=mm&r=g\",\"url\":\"https:\\\/\\\/secure.gravatar.com\\\/avatar\\\/78a7f90c01fc2bfc875782a0d4922b37cde2cf184ce347b91316d23cd7f69a36?s=96&d=mm&r=g\",\"contentUrl\":\"https:\\\/\\\/secure.gravatar.com\\\/avatar\\\/78a7f90c01fc2bfc875782a0d4922b37cde2cf184ce347b91316d23cd7f69a36?s=96&d=mm&r=g\",\"caption\":\"galledia\"},\"sameAs\":[\"https:\\\/\\\/x.com\\\/admin\"],\"url\":\"https:\\\/\\\/www.organisator.ch\\\/en\\\/author\\\/galledia\\\/\"}]}<\/script>\n<!-- \/ Yoast SEO plugin. -->","yoast_head_json":{"title":"2026 will push Swiss companies to their limits - Organizer","description":"Challenges are pushing the economy to its limits. What does this mean for businesses\u2014and for the consulting industry?","robots":{"index":"index","follow":"follow","max-snippet":"max-snippet:-1","max-image-preview":"max-image-preview:large","max-video-preview":"max-video-preview:-1"},"canonical":"https:\/\/www.organisator.ch\/en\/operational-excellence\/2025-12-08\/2026-bringt-schweizer-unternehmen-an-die-belastungsgrenze\/","og_locale":"en_US","og_type":"article","og_title":"2026 bringt Schweizer Unternehmen an die Belastungsgrenze - Organisator","og_description":"Herausforderungen bringen die Wirtschaft an die Belastungsgrenze. Was bedeutet das f\u00fcr die Betriebe\u00a0\u2013 und f\u00fcr die Consulting-Branche?","og_url":"https:\/\/www.organisator.ch\/en\/operational-excellence\/2025-12-08\/2026-bringt-schweizer-unternehmen-an-die-belastungsgrenze\/","og_site_name":"Organisator","article_publisher":"https:\/\/www.facebook.com\/OrganisatorFachmagazin","article_published_time":"2025-12-08T12:50:09+00:00","article_modified_time":"2025-12-09T10:53:55+00:00","author":"galledia","twitter_card":"summary_large_image","twitter_creator":"@admin","schema":{"@context":"https:\/\/schema.org","@graph":[{"@type":"Article","@id":"https:\/\/www.organisator.ch\/operational-excellence\/2025-12-08\/2026-bringt-schweizer-unternehmen-an-die-belastungsgrenze\/#article","isPartOf":{"@id":"https:\/\/www.organisator.ch\/operational-excellence\/2025-12-08\/2026-bringt-schweizer-unternehmen-an-die-belastungsgrenze\/"},"author":{"name":"galledia","@id":"https:\/\/www.organisator.ch\/#\/schema\/person\/4e51799071cd2dd1232ac003643ef5f0"},"headline":"2026 bringt Schweizer Unternehmen an die Belastungsgrenze","datePublished":"2025-12-08T12:50:09+00:00","dateModified":"2025-12-09T10:53:55+00:00","mainEntityOfPage":{"@id":"https:\/\/www.organisator.ch\/operational-excellence\/2025-12-08\/2026-bringt-schweizer-unternehmen-an-die-belastungsgrenze\/"},"wordCount":655,"publisher":{"@id":"https:\/\/www.organisator.ch\/#organization"},"image":{"@id":"https:\/\/www.organisator.ch\/operational-excellence\/2025-12-08\/2026-bringt-schweizer-unternehmen-an-die-belastungsgrenze\/#primaryimage"},"thumbnailUrl":"https:\/\/www.m-q.ch\/wp-content\/uploads\/2025\/12\/2026-bringt-Schweizer-Unternehmen-an-die-Belastungsgrenze_MQ.jpg","keywords":["Babyboomer","Business Excellence","Consulting","Fachkr\u00e4ftemangel","Management und Unternehmensf\u00fchrung","Risikomanagement"],"articleSection":["OPERATIONAL EXCELLENCE"],"inLanguage":"en-US"},{"@type":"WebPage","@id":"https:\/\/www.organisator.ch\/operational-excellence\/2025-12-08\/2026-bringt-schweizer-unternehmen-an-die-belastungsgrenze\/","url":"https:\/\/www.organisator.ch\/operational-excellence\/2025-12-08\/2026-bringt-schweizer-unternehmen-an-die-belastungsgrenze\/","name":"2026 will push Swiss companies to their limits - Organizer","isPartOf":{"@id":"https:\/\/www.organisator.ch\/#website"},"primaryImageOfPage":{"@id":"https:\/\/www.organisator.ch\/operational-excellence\/2025-12-08\/2026-bringt-schweizer-unternehmen-an-die-belastungsgrenze\/#primaryimage"},"image":{"@id":"https:\/\/www.organisator.ch\/operational-excellence\/2025-12-08\/2026-bringt-schweizer-unternehmen-an-die-belastungsgrenze\/#primaryimage"},"thumbnailUrl":"https:\/\/www.m-q.ch\/wp-content\/uploads\/2025\/12\/2026-bringt-Schweizer-Unternehmen-an-die-Belastungsgrenze_MQ.jpg","datePublished":"2025-12-08T12:50:09+00:00","dateModified":"2025-12-09T10:53:55+00:00","description":"Challenges are pushing the economy to its limits. What does this mean for businesses\u2014and for the consulting industry?","breadcrumb":{"@id":"https:\/\/www.organisator.ch\/operational-excellence\/2025-12-08\/2026-bringt-schweizer-unternehmen-an-die-belastungsgrenze\/#breadcrumb"},"inLanguage":"en-US","potentialAction":[{"@type":"ReadAction","target":["https:\/\/www.organisator.ch\/operational-excellence\/2025-12-08\/2026-bringt-schweizer-unternehmen-an-die-belastungsgrenze\/"]}]},{"@type":"ImageObject","inLanguage":"en-US","@id":"https:\/\/www.organisator.ch\/operational-excellence\/2025-12-08\/2026-bringt-schweizer-unternehmen-an-die-belastungsgrenze\/#primaryimage","url":"https:\/\/www.m-q.ch\/wp-content\/uploads\/2025\/12\/2026-bringt-Schweizer-Unternehmen-an-die-Belastungsgrenze_MQ.jpg","contentUrl":"https:\/\/www.m-q.ch\/wp-content\/uploads\/2025\/12\/2026-bringt-Schweizer-Unternehmen-an-die-Belastungsgrenze_MQ.jpg"},{"@type":"BreadcrumbList","@id":"https:\/\/www.organisator.ch\/operational-excellence\/2025-12-08\/2026-bringt-schweizer-unternehmen-an-die-belastungsgrenze\/#breadcrumb","itemListElement":[{"@type":"ListItem","position":1,"name":"Home","item":"https:\/\/www.organisator.ch\/"},{"@type":"ListItem","position":2,"name":"2026 bringt Schweizer Unternehmen an die Belastungsgrenze"}]},{"@type":"WebSite","@id":"https:\/\/www.organisator.ch\/#website","url":"https:\/\/www.organisator.ch\/","name":"Organizer","description":"Competent. Practical. In 10 issues per year, ORGANISATOR presents the essential topics for managers of SMEs.","publisher":{"@id":"https:\/\/www.organisator.ch\/#organization"},"potentialAction":[{"@type":"SearchAction","target":{"@type":"EntryPoint","urlTemplate":"https:\/\/www.organisator.ch\/?s={search_term_string}"},"query-input":{"@type":"PropertyValueSpecification","valueRequired":true,"valueName":"search_term_string"}}],"inLanguage":"en-US"},{"@type":"Organization","@id":"https:\/\/www.organisator.ch\/#organization","name":"Organizer","url":"https:\/\/www.organisator.ch\/","logo":{"@type":"ImageObject","inLanguage":"en-US","@id":"https:\/\/www.organisator.ch\/#\/schema\/logo\/image\/","url":"https:\/\/www.organisator.ch\/wp-content\/uploads\/2022\/01\/Logo_Organisator_Website.png","contentUrl":"https:\/\/www.organisator.ch\/wp-content\/uploads\/2022\/01\/Logo_Organisator_Website.png","width":800,"height":77,"caption":"Organisator"},"image":{"@id":"https:\/\/www.organisator.ch\/#\/schema\/logo\/image\/"},"sameAs":["https:\/\/www.facebook.com\/OrganisatorFachmagazin","https:\/\/www.linkedin.com\/showcase\/organisator-das-magazin-fr-kmu","https:\/\/www.xing.com\/news\/pages\/organisator-ch-695","https:\/\/www.youtube.com\/channel\/UCGP2Sq0iWaZwT3BdIAQFYpw"]},{"@type":"Person","@id":"https:\/\/www.organisator.ch\/#\/schema\/person\/4e51799071cd2dd1232ac003643ef5f0","name":"galledia","image":{"@type":"ImageObject","inLanguage":"en-US","@id":"https:\/\/secure.gravatar.com\/avatar\/78a7f90c01fc2bfc875782a0d4922b37cde2cf184ce347b91316d23cd7f69a36?s=96&d=mm&r=g","url":"https:\/\/secure.gravatar.com\/avatar\/78a7f90c01fc2bfc875782a0d4922b37cde2cf184ce347b91316d23cd7f69a36?s=96&d=mm&r=g","contentUrl":"https:\/\/secure.gravatar.com\/avatar\/78a7f90c01fc2bfc875782a0d4922b37cde2cf184ce347b91316d23cd7f69a36?s=96&d=mm&r=g","caption":"galledia"},"sameAs":["https:\/\/x.com\/admin"],"url":"https:\/\/www.organisator.ch\/en\/author\/galledia\/"}]}},"_links":{"self":[{"href":"https:\/\/www.organisator.ch\/en\/wp-json\/wp\/v2\/posts\/42619","targetHints":{"allow":["GET"]}}],"collection":[{"href":"https:\/\/www.organisator.ch\/en\/wp-json\/wp\/v2\/posts"}],"about":[{"href":"https:\/\/www.organisator.ch\/en\/wp-json\/wp\/v2\/types\/post"}],"author":[{"embeddable":true,"href":"https:\/\/www.organisator.ch\/en\/wp-json\/wp\/v2\/users\/8"}],"replies":[{"embeddable":true,"href":"https:\/\/www.organisator.ch\/en\/wp-json\/wp\/v2\/comments?post=42619"}],"version-history":[{"count":3,"href":"https:\/\/www.organisator.ch\/en\/wp-json\/wp\/v2\/posts\/42619\/revisions"}],"predecessor-version":[{"id":42648,"href":"https:\/\/www.organisator.ch\/en\/wp-json\/wp\/v2\/posts\/42619\/revisions\/42648"}],"wp:attachment":[{"href":"https:\/\/www.organisator.ch\/en\/wp-json\/wp\/v2\/media?parent=42619"}],"wp:term":[{"taxonomy":"category","embeddable":true,"href":"https:\/\/www.organisator.ch\/en\/wp-json\/wp\/v2\/categories?post=42619"},{"taxonomy":"post_tag","embeddable":true,"href":"https:\/\/www.organisator.ch\/en\/wp-json\/wp\/v2\/tags?post=42619"}],"curies":[{"name":"wp","href":"https:\/\/api.w.org\/{rel}","templated":true}]}}