{"id":4266,"date":"2021-05-22T12:02:22","date_gmt":"2021-05-22T10:02:22","guid":{"rendered":"https:\/\/www.umweltperspektiven.ch\/?p=4266"},"modified":"2022-02-09T11:05:30","modified_gmt":"2022-02-09T10:05:30","slug":"preisgeld-3-monatsmieten","status":"publish","type":"post","link":"https:\/\/www.organisator.ch\/en\/sustainability\/2021-05-22\/preisgeld-3-monatsmieten\/","title":{"rendered":"Prize money: 3 months rent"},"content":{"rendered":"<figure id=\"attachment_4267\" aria-describedby=\"caption-attachment-4267\" style=\"width: 680px\" class=\"wp-caption aligncenter\"><img loading=\"lazy\" decoding=\"async\" class=\"size-medium wp-image-4267\" src=\"\/\/www.umweltperspektiven.ch\/wp-content\/uploads\/2021\/05\/Bild.jpg\" alt=\"Swiss Recycling\" width=\"680\" height=\"495\" srcset=\"https:\/\/www.organisator.ch\/wp-content\/uploads\/2021\/05\/Bild.jpg 995w, https:\/\/www.organisator.ch\/wp-content\/uploads\/2021\/05\/Bild-680x495.jpg 680w, https:\/\/www.organisator.ch\/wp-content\/uploads\/2021\/05\/Bild-768x559.jpg 768w, https:\/\/www.organisator.ch\/wp-content\/uploads\/2021\/05\/Bild-16x12.jpg 16w, https:\/\/www.organisator.ch\/wp-content\/uploads\/2021\/05\/Bild-241x175.jpg 241w, https:\/\/www.organisator.ch\/wp-content\/uploads\/2021\/05\/Bild-481x350.jpg 481w, https:\/\/www.organisator.ch\/wp-content\/uploads\/2021\/05\/Bild-920x669.jpg 920w, https:\/\/www.organisator.ch\/wp-content\/uploads\/2021\/05\/Bild-300x218.jpg 300w\" sizes=\"auto, (max-width: 680px) 100vw, 680px\" \/><figcaption id=\"caption-attachment-4267\" class=\"wp-caption-text\">\u00a9 Swiss Recycling<\/figcaption><\/figure>\n<p>The issue of global warming leaves no one cold - thanks in part to the \"Fridays for Future\" climate protection movement, global climate protection is more topical than ever before. Recycling plays a key role in protecting the environment in the long term. After all, recycling valuable materials such as glass, aluminum, PET, or even electronic waste conserves resources, saves energy, and reduces CO2 pollution.<\/p>\n<h2><strong>Who will win the title of \"Switzerland's coziest flat-sharing community\"?<\/strong><\/h2>\n<p>When it comes to recycling, even young and unconventional people are meticulous and mutate into real \"B\u00fcnzli\" for the protection of the environment. That's why Swiss Recycling is looking for \"Switzerland's most cocksure flat-sharing community\". The flat-sharing community that separates, collects and returns the recyclable materials in the household in the most original and consistent way will win the title of \"Switzerland's most cozy flat-sharing community\" and with it the prize money of three months' rent. The closing date for entries is <strong>June 6, 2021<\/strong>.<\/p>\n<p>At <a href=\"\/\/werde-b\u00fcnzli.ch\">become-b\u00fcnzli.ch<\/a> flat-sharing communities can apply and the community decides via online voting which flat-sharing community should win the title. Participation is very simple: fill out the application form, take original photos or shoot a creative video and present the flatmates and the recycling system of the flatmate.<\/p>\n<p><em>Source: Swiss Recycling<\/em><\/p>","protected":false},"excerpt":{"rendered":"<p>Das Thema Klimaerw\u00e4rmung l\u00e4sst niemanden kalt \u2013 weltweiter Klimaschutz ist unter anderem dank der Klimaschutz-Bewegung \u00abFridays for Future\u00bb so aktuell wie nie zuvor. Um die Umwelt nachhaltig zu sch\u00fctzen, spielt Recycling eine wesentliche Rolle. Denn die Wiederverwertung von Wertstoffen wie Glas, Aluminium, PET oder auch Elektroschrott schont Ressourcen, spart Energie und reduziert die CO2-Belastung. Wer [&hellip;]<\/p>\n","protected":false},"author":6,"featured_media":4267,"comment_status":"closed","ping_status":"closed","sticky":false,"template":"","format":"standard","meta":{"_acf_changed":false,"_yoast_wpseo_focuskw":"Swiss Recycling","_yoast_wpseo_metadesc":"Ein umweltbewusster Lifestyle ist besonders bei jungen Leuten im Trend. Wer in einer WG wohnt, die konsequent Wertstoffe recycelt, kann gewinnen.","articlekey":"","footnotes":""},"categories":[580],"tags":[2261],"class_list":["post-4266","post","type-post","status-publish","format-standard","has-post-thumbnail","hentry","category-sustainability","tag-swiss-recycling"],"acf":[],"yoast_head":"<!-- This site is optimized with the Yoast SEO plugin v27.5 - https:\/\/yoast.com\/product\/yoast-seo-wordpress\/ -->\n<title>B\u00fcnzli-Swiss Recycling-Wettbewerb-Rezyklieren-Wertstoffe<\/title>\n<meta name=\"description\" content=\"Ein umweltbewusster Lifestyle ist besonders bei jungen Leuten im Trend. Wer in einer WG wohnt, die konsequent Wertstoffe recycelt, kann gewinnen.\" \/>\n<meta name=\"robots\" content=\"index, follow, max-snippet:-1, max-image-preview:large, max-video-preview:-1\" \/>\n<link rel=\"canonical\" href=\"https:\/\/www.organisator.ch\/en\/sustainability\/2021-05-22\/preisgeld-3-monatsmieten\/\" \/>\n<meta property=\"og:locale\" content=\"en_US\" \/>\n<meta property=\"og:type\" content=\"article\" \/>\n<meta property=\"og:title\" content=\"B\u00fcnzli-Swiss Recycling-Wettbewerb-Rezyklieren-Wertstoffe\" \/>\n<meta property=\"og:description\" content=\"Ein umweltbewusster Lifestyle ist besonders bei jungen Leuten im Trend. Wer in einer WG wohnt, die konsequent Wertstoffe recycelt, kann gewinnen.\" \/>\n<meta property=\"og:url\" content=\"https:\/\/www.organisator.ch\/en\/sustainability\/2021-05-22\/preisgeld-3-monatsmieten\/\" \/>\n<meta property=\"og:site_name\" content=\"Organisator\" \/>\n<meta property=\"article:publisher\" content=\"https:\/\/www.facebook.com\/OrganisatorFachmagazin\" \/>\n<meta property=\"article:published_time\" content=\"2021-05-22T10:02:22+00:00\" \/>\n<meta property=\"article:modified_time\" content=\"2022-02-09T10:05:30+00:00\" \/>\n<meta property=\"og:image\" content=\"https:\/\/www.organisator.ch\/wp-content\/uploads\/2021\/05\/Bild.jpg\" \/>\n\t<meta property=\"og:image:width\" content=\"995\" \/>\n\t<meta property=\"og:image:height\" content=\"724\" \/>\n\t<meta property=\"og:image:type\" content=\"image\/jpeg\" \/>\n<meta name=\"author\" content=\"roger.straessle\" \/>\n<meta name=\"twitter:card\" content=\"summary_large_image\" \/>\n<script type=\"application\/ld+json\" class=\"yoast-schema-graph\">{\"@context\":\"https:\\\/\\\/schema.org\",\"@graph\":[{\"@type\":\"Article\",\"@id\":\"https:\\\/\\\/www.organisator.ch\\\/sustainability\\\/2021-05-22\\\/preisgeld-3-monatsmieten\\\/#article\",\"isPartOf\":{\"@id\":\"https:\\\/\\\/www.organisator.ch\\\/sustainability\\\/2021-05-22\\\/preisgeld-3-monatsmieten\\\/\"},\"author\":{\"name\":\"roger.straessle\",\"@id\":\"https:\\\/\\\/www.organisator.ch\\\/#\\\/schema\\\/person\\\/a800b8c54e208b160517a7dcc323161d\"},\"headline\":\"Preisgeld: 3 Monatsmieten\",\"datePublished\":\"2021-05-22T10:02:22+00:00\",\"dateModified\":\"2022-02-09T10:05:30+00:00\",\"mainEntityOfPage\":{\"@id\":\"https:\\\/\\\/www.organisator.ch\\\/sustainability\\\/2021-05-22\\\/preisgeld-3-monatsmieten\\\/\"},\"wordCount\":195,\"publisher\":{\"@id\":\"https:\\\/\\\/www.organisator.ch\\\/#organization\"},\"image\":{\"@id\":\"https:\\\/\\\/www.organisator.ch\\\/sustainability\\\/2021-05-22\\\/preisgeld-3-monatsmieten\\\/#primaryimage\"},\"thumbnailUrl\":\"https:\\\/\\\/www.organisator.ch\\\/wp-content\\\/uploads\\\/2021\\\/05\\\/Bild.jpg\",\"keywords\":[\"Swiss Recycling\"],\"articleSection\":[\"SUSTAINABILITY\"],\"inLanguage\":\"en-US\"},{\"@type\":\"WebPage\",\"@id\":\"https:\\\/\\\/www.organisator.ch\\\/sustainability\\\/2021-05-22\\\/preisgeld-3-monatsmieten\\\/\",\"url\":\"https:\\\/\\\/www.organisator.ch\\\/sustainability\\\/2021-05-22\\\/preisgeld-3-monatsmieten\\\/\",\"name\":\"B\u00fcnzli-Swiss Recycling-Wettbewerb-Rezyklieren-Wertstoffe\",\"isPartOf\":{\"@id\":\"https:\\\/\\\/www.organisator.ch\\\/#website\"},\"primaryImageOfPage\":{\"@id\":\"https:\\\/\\\/www.organisator.ch\\\/sustainability\\\/2021-05-22\\\/preisgeld-3-monatsmieten\\\/#primaryimage\"},\"image\":{\"@id\":\"https:\\\/\\\/www.organisator.ch\\\/sustainability\\\/2021-05-22\\\/preisgeld-3-monatsmieten\\\/#primaryimage\"},\"thumbnailUrl\":\"https:\\\/\\\/www.organisator.ch\\\/wp-content\\\/uploads\\\/2021\\\/05\\\/Bild.jpg\",\"datePublished\":\"2021-05-22T10:02:22+00:00\",\"dateModified\":\"2022-02-09T10:05:30+00:00\",\"description\":\"Ein umweltbewusster Lifestyle ist besonders bei jungen Leuten im Trend. Wer in einer WG wohnt, die konsequent Wertstoffe recycelt, kann gewinnen.\",\"breadcrumb\":{\"@id\":\"https:\\\/\\\/www.organisator.ch\\\/sustainability\\\/2021-05-22\\\/preisgeld-3-monatsmieten\\\/#breadcrumb\"},\"inLanguage\":\"en-US\",\"potentialAction\":[{\"@type\":\"ReadAction\",\"target\":[\"https:\\\/\\\/www.organisator.ch\\\/sustainability\\\/2021-05-22\\\/preisgeld-3-monatsmieten\\\/\"]}]},{\"@type\":\"ImageObject\",\"inLanguage\":\"en-US\",\"@id\":\"https:\\\/\\\/www.organisator.ch\\\/sustainability\\\/2021-05-22\\\/preisgeld-3-monatsmieten\\\/#primaryimage\",\"url\":\"https:\\\/\\\/www.organisator.ch\\\/wp-content\\\/uploads\\\/2021\\\/05\\\/Bild.jpg\",\"contentUrl\":\"https:\\\/\\\/www.organisator.ch\\\/wp-content\\\/uploads\\\/2021\\\/05\\\/Bild.jpg\",\"width\":995,\"height\":724,\"caption\":\"\u00a9 Swiss Recycling\"},{\"@type\":\"BreadcrumbList\",\"@id\":\"https:\\\/\\\/www.organisator.ch\\\/sustainability\\\/2021-05-22\\\/preisgeld-3-monatsmieten\\\/#breadcrumb\",\"itemListElement\":[{\"@type\":\"ListItem\",\"position\":1,\"name\":\"Home\",\"item\":\"https:\\\/\\\/www.organisator.ch\\\/\"},{\"@type\":\"ListItem\",\"position\":2,\"name\":\"Preisgeld: 3 Monatsmieten\"}]},{\"@type\":\"WebSite\",\"@id\":\"https:\\\/\\\/www.organisator.ch\\\/#website\",\"url\":\"https:\\\/\\\/www.organisator.ch\\\/\",\"name\":\"Organisator\",\"description\":\"Kompetent. Praxisnah. Der ORGANISATOR bereitet in 10 Ausgaben pro Jahr die wesentlichen Themen f\u00fcr F\u00fchrungskr\u00e4fte von KMU auf.\",\"publisher\":{\"@id\":\"https:\\\/\\\/www.organisator.ch\\\/#organization\"},\"potentialAction\":[{\"@type\":\"SearchAction\",\"target\":{\"@type\":\"EntryPoint\",\"urlTemplate\":\"https:\\\/\\\/www.organisator.ch\\\/?s={search_term_string}\"},\"query-input\":{\"@type\":\"PropertyValueSpecification\",\"valueRequired\":true,\"valueName\":\"search_term_string\"}}],\"inLanguage\":\"en-US\"},{\"@type\":\"Organization\",\"@id\":\"https:\\\/\\\/www.organisator.ch\\\/#organization\",\"name\":\"Organisator\",\"url\":\"https:\\\/\\\/www.organisator.ch\\\/\",\"logo\":{\"@type\":\"ImageObject\",\"inLanguage\":\"en-US\",\"@id\":\"https:\\\/\\\/www.organisator.ch\\\/#\\\/schema\\\/logo\\\/image\\\/\",\"url\":\"https:\\\/\\\/www.organisator.ch\\\/wp-content\\\/uploads\\\/2022\\\/01\\\/Logo_Organisator_Website.png\",\"contentUrl\":\"https:\\\/\\\/www.organisator.ch\\\/wp-content\\\/uploads\\\/2022\\\/01\\\/Logo_Organisator_Website.png\",\"width\":800,\"height\":77,\"caption\":\"Organisator\"},\"image\":{\"@id\":\"https:\\\/\\\/www.organisator.ch\\\/#\\\/schema\\\/logo\\\/image\\\/\"},\"sameAs\":[\"https:\\\/\\\/www.facebook.com\\\/OrganisatorFachmagazin\",\"https:\\\/\\\/www.linkedin.com\\\/showcase\\\/organisator-das-magazin-fr-kmu\",\"https:\\\/\\\/www.xing.com\\\/news\\\/pages\\\/organisator-ch-695\",\"https:\\\/\\\/www.youtube.com\\\/channel\\\/UCGP2Sq0iWaZwT3BdIAQFYpw\"]},{\"@type\":\"Person\",\"@id\":\"https:\\\/\\\/www.organisator.ch\\\/#\\\/schema\\\/person\\\/a800b8c54e208b160517a7dcc323161d\",\"name\":\"roger.straessle\",\"image\":{\"@type\":\"ImageObject\",\"inLanguage\":\"en-US\",\"@id\":\"https:\\\/\\\/secure.gravatar.com\\\/avatar\\\/?s=96&d=mm&r=g\",\"url\":\"https:\\\/\\\/secure.gravatar.com\\\/avatar\\\/?s=96&d=mm&r=g\",\"contentUrl\":\"https:\\\/\\\/secure.gravatar.com\\\/avatar\\\/?s=96&d=mm&r=g\",\"caption\":\"roger.straessle\"},\"url\":\"https:\\\/\\\/www.organisator.ch\\\/en\\\/author\\\/roger-straessle\\\/\"}]}<\/script>\n<!-- \/ Yoast SEO plugin. -->","yoast_head_json":{"title":"B\u00fcnzli-Swiss Recycling Competition-Recycling-Values","description":"An environmentally conscious lifestyle is particularly trendy among young people. If you live in a shared apartment that consistently recycles recyclables, you stand to gain.","robots":{"index":"index","follow":"follow","max-snippet":"max-snippet:-1","max-image-preview":"max-image-preview:large","max-video-preview":"max-video-preview:-1"},"canonical":"https:\/\/www.organisator.ch\/en\/sustainability\/2021-05-22\/preisgeld-3-monatsmieten\/","og_locale":"en_US","og_type":"article","og_title":"B\u00fcnzli-Swiss Recycling-Wettbewerb-Rezyklieren-Wertstoffe","og_description":"Ein umweltbewusster Lifestyle ist besonders bei jungen Leuten im Trend. Wer in einer WG wohnt, die konsequent Wertstoffe recycelt, kann gewinnen.","og_url":"https:\/\/www.organisator.ch\/en\/sustainability\/2021-05-22\/preisgeld-3-monatsmieten\/","og_site_name":"Organisator","article_publisher":"https:\/\/www.facebook.com\/OrganisatorFachmagazin","article_published_time":"2021-05-22T10:02:22+00:00","article_modified_time":"2022-02-09T10:05:30+00:00","og_image":[{"width":995,"height":724,"url":"https:\/\/www.organisator.ch\/wp-content\/uploads\/2021\/05\/Bild.jpg","type":"image\/jpeg"}],"author":"roger.straessle","twitter_card":"summary_large_image","schema":{"@context":"https:\/\/schema.org","@graph":[{"@type":"Article","@id":"https:\/\/www.organisator.ch\/sustainability\/2021-05-22\/preisgeld-3-monatsmieten\/#article","isPartOf":{"@id":"https:\/\/www.organisator.ch\/sustainability\/2021-05-22\/preisgeld-3-monatsmieten\/"},"author":{"name":"roger.straessle","@id":"https:\/\/www.organisator.ch\/#\/schema\/person\/a800b8c54e208b160517a7dcc323161d"},"headline":"Preisgeld: 3 Monatsmieten","datePublished":"2021-05-22T10:02:22+00:00","dateModified":"2022-02-09T10:05:30+00:00","mainEntityOfPage":{"@id":"https:\/\/www.organisator.ch\/sustainability\/2021-05-22\/preisgeld-3-monatsmieten\/"},"wordCount":195,"publisher":{"@id":"https:\/\/www.organisator.ch\/#organization"},"image":{"@id":"https:\/\/www.organisator.ch\/sustainability\/2021-05-22\/preisgeld-3-monatsmieten\/#primaryimage"},"thumbnailUrl":"https:\/\/www.organisator.ch\/wp-content\/uploads\/2021\/05\/Bild.jpg","keywords":["Swiss Recycling"],"articleSection":["SUSTAINABILITY"],"inLanguage":"en-US"},{"@type":"WebPage","@id":"https:\/\/www.organisator.ch\/sustainability\/2021-05-22\/preisgeld-3-monatsmieten\/","url":"https:\/\/www.organisator.ch\/sustainability\/2021-05-22\/preisgeld-3-monatsmieten\/","name":"B\u00fcnzli-Swiss Recycling Competition-Recycling-Values","isPartOf":{"@id":"https:\/\/www.organisator.ch\/#website"},"primaryImageOfPage":{"@id":"https:\/\/www.organisator.ch\/sustainability\/2021-05-22\/preisgeld-3-monatsmieten\/#primaryimage"},"image":{"@id":"https:\/\/www.organisator.ch\/sustainability\/2021-05-22\/preisgeld-3-monatsmieten\/#primaryimage"},"thumbnailUrl":"https:\/\/www.organisator.ch\/wp-content\/uploads\/2021\/05\/Bild.jpg","datePublished":"2021-05-22T10:02:22+00:00","dateModified":"2022-02-09T10:05:30+00:00","description":"An environmentally conscious lifestyle is particularly trendy among young people. If you live in a shared apartment that consistently recycles recyclables, you stand to gain.","breadcrumb":{"@id":"https:\/\/www.organisator.ch\/sustainability\/2021-05-22\/preisgeld-3-monatsmieten\/#breadcrumb"},"inLanguage":"en-US","potentialAction":[{"@type":"ReadAction","target":["https:\/\/www.organisator.ch\/sustainability\/2021-05-22\/preisgeld-3-monatsmieten\/"]}]},{"@type":"ImageObject","inLanguage":"en-US","@id":"https:\/\/www.organisator.ch\/sustainability\/2021-05-22\/preisgeld-3-monatsmieten\/#primaryimage","url":"https:\/\/www.organisator.ch\/wp-content\/uploads\/2021\/05\/Bild.jpg","contentUrl":"https:\/\/www.organisator.ch\/wp-content\/uploads\/2021\/05\/Bild.jpg","width":995,"height":724,"caption":"\u00a9 Swiss Recycling"},{"@type":"BreadcrumbList","@id":"https:\/\/www.organisator.ch\/sustainability\/2021-05-22\/preisgeld-3-monatsmieten\/#breadcrumb","itemListElement":[{"@type":"ListItem","position":1,"name":"Home","item":"https:\/\/www.organisator.ch\/"},{"@type":"ListItem","position":2,"name":"Preisgeld: 3 Monatsmieten"}]},{"@type":"WebSite","@id":"https:\/\/www.organisator.ch\/#website","url":"https:\/\/www.organisator.ch\/","name":"Organizer","description":"Competent. Practical. In 10 issues per year, ORGANISATOR presents the essential topics for managers of SMEs.","publisher":{"@id":"https:\/\/www.organisator.ch\/#organization"},"potentialAction":[{"@type":"SearchAction","target":{"@type":"EntryPoint","urlTemplate":"https:\/\/www.organisator.ch\/?s={search_term_string}"},"query-input":{"@type":"PropertyValueSpecification","valueRequired":true,"valueName":"search_term_string"}}],"inLanguage":"en-US"},{"@type":"Organization","@id":"https:\/\/www.organisator.ch\/#organization","name":"Organizer","url":"https:\/\/www.organisator.ch\/","logo":{"@type":"ImageObject","inLanguage":"en-US","@id":"https:\/\/www.organisator.ch\/#\/schema\/logo\/image\/","url":"https:\/\/www.organisator.ch\/wp-content\/uploads\/2022\/01\/Logo_Organisator_Website.png","contentUrl":"https:\/\/www.organisator.ch\/wp-content\/uploads\/2022\/01\/Logo_Organisator_Website.png","width":800,"height":77,"caption":"Organisator"},"image":{"@id":"https:\/\/www.organisator.ch\/#\/schema\/logo\/image\/"},"sameAs":["https:\/\/www.facebook.com\/OrganisatorFachmagazin","https:\/\/www.linkedin.com\/showcase\/organisator-das-magazin-fr-kmu","https:\/\/www.xing.com\/news\/pages\/organisator-ch-695","https:\/\/www.youtube.com\/channel\/UCGP2Sq0iWaZwT3BdIAQFYpw"]},{"@type":"Person","@id":"https:\/\/www.organisator.ch\/#\/schema\/person\/a800b8c54e208b160517a7dcc323161d","name":"roger.straessle","image":{"@type":"ImageObject","inLanguage":"en-US","@id":"https:\/\/secure.gravatar.com\/avatar\/?s=96&d=mm&r=g","url":"https:\/\/secure.gravatar.com\/avatar\/?s=96&d=mm&r=g","contentUrl":"https:\/\/secure.gravatar.com\/avatar\/?s=96&d=mm&r=g","caption":"roger.straessle"},"url":"https:\/\/www.organisator.ch\/en\/author\/roger-straessle\/"}]}},"_links":{"self":[{"href":"https:\/\/www.organisator.ch\/en\/wp-json\/wp\/v2\/posts\/4266","targetHints":{"allow":["GET"]}}],"collection":[{"href":"https:\/\/www.organisator.ch\/en\/wp-json\/wp\/v2\/posts"}],"about":[{"href":"https:\/\/www.organisator.ch\/en\/wp-json\/wp\/v2\/types\/post"}],"author":[{"embeddable":true,"href":"https:\/\/www.organisator.ch\/en\/wp-json\/wp\/v2\/users\/6"}],"replies":[{"embeddable":true,"href":"https:\/\/www.organisator.ch\/en\/wp-json\/wp\/v2\/comments?post=4266"}],"version-history":[{"count":1,"href":"https:\/\/www.organisator.ch\/en\/wp-json\/wp\/v2\/posts\/4266\/revisions"}],"predecessor-version":[{"id":10367,"href":"https:\/\/www.organisator.ch\/en\/wp-json\/wp\/v2\/posts\/4266\/revisions\/10367"}],"wp:featuredmedia":[{"embeddable":true,"href":"https:\/\/www.organisator.ch\/en\/wp-json\/wp\/v2\/media\/4267"}],"wp:attachment":[{"href":"https:\/\/www.organisator.ch\/en\/wp-json\/wp\/v2\/media?parent=4266"}],"wp:term":[{"taxonomy":"category","embeddable":true,"href":"https:\/\/www.organisator.ch\/en\/wp-json\/wp\/v2\/categories?post=4266"},{"taxonomy":"post_tag","embeddable":true,"href":"https:\/\/www.organisator.ch\/en\/wp-json\/wp\/v2\/tags?post=4266"}],"curies":[{"name":"wp","href":"https:\/\/api.w.org\/{rel}","templated":true}]}}