{"id":42716,"date":"2025-12-11T14:30:26","date_gmt":"2025-12-11T13:30:26","guid":{"rendered":"https:\/\/www.markt-kom.com\/?p=247989"},"modified":"2025-12-12T08:22:43","modified_gmt":"2025-12-12T07:22:43","slug":"souveraene-markenfuehrung-wenn-reduktion-zur-fuehrungsqualitaet-wird","status":"publish","type":"post","link":"https:\/\/www.organisator.ch\/en\/marketing\/2025-12-11\/souveraene-markenfuehrung-wenn-reduktion-zur-fuehrungsqualitaet-wird\/","title":{"rendered":"Confident brand management \u2013 when reduction becomes a leadership quality"},"content":{"rendered":"<h3><img class=\"alignnone size-large wp-image-248028\" src=\"https:\/\/www.markt-kom.com\/wp-content\/uploads\/2025\/12\/Gemini_Generated_Image_c3sgldc3sgldc3sg-1024x559.jpeg\" sizes=\"(max-width: 768px) 100vw, 768px\" srcset=\"https:\/\/www.markt-kom.com\/wp-content\/uploads\/2025\/12\/Gemini_Generated_Image_c3sgldc3sgldc3sg-1024x559.jpeg 1024w, https:\/\/www.markt-kom.com\/wp-content\/uploads\/2025\/12\/Gemini_Generated_Image_c3sgldc3sgldc3sg-600x327.jpeg 600w, https:\/\/www.markt-kom.com\/wp-content\/uploads\/2025\/12\/Gemini_Generated_Image_c3sgldc3sgldc3sg-768x419.jpeg 768w, https:\/\/www.markt-kom.com\/wp-content\/uploads\/2025\/12\/Gemini_Generated_Image_c3sgldc3sgldc3sg-1536x838.jpeg 1536w, https:\/\/www.markt-kom.com\/wp-content\/uploads\/2025\/12\/Gemini_Generated_Image_c3sgldc3sgldc3sg-2048x1117.jpeg 2048w, https:\/\/www.markt-kom.com\/wp-content\/uploads\/2025\/12\/Gemini_Generated_Image_c3sgldc3sgldc3sg-18x10.jpeg 18w, https:\/\/www.markt-kom.com\/wp-content\/uploads\/2025\/12\/Gemini_Generated_Image_c3sgldc3sgldc3sg-321x175.jpeg 321w, https:\/\/www.markt-kom.com\/wp-content\/uploads\/2025\/12\/Gemini_Generated_Image_c3sgldc3sgldc3sg-642x350.jpeg 642w, https:\/\/www.markt-kom.com\/wp-content\/uploads\/2025\/12\/Gemini_Generated_Image_c3sgldc3sgldc3sg-1000x545.jpeg 1000w, https:\/\/www.markt-kom.com\/wp-content\/uploads\/2025\/12\/Gemini_Generated_Image_c3sgldc3sgldc3sg-scaled.jpeg 1300w\" alt=\"\" width=\"768\" height=\"419\" \/><\/h3>\r\n<h3>The new art of omission<\/h3>\r\n<p>For years, presence was power. But in a communication space that never falls silent, constant presence is no longer an advantage\u2014it becomes a risk. The Edelman Trust Barometer 2025 shows that brands that carefully measure their messages achieve significantly higher trust ratings than those that broadcast constantly. 71 percent of respondents find overly staged brand appearances \u00abintrusive.\u00bb.<\/p>\r\n<p>Today, confidence is no longer demonstrated by volume, but by control over one's own tone. Brands that know when to speak\u2014and when not to\u2014gain depth.<\/p>\r\n<h3>Swiss brands with attitude rather than volume<\/h3>\r\n<p>In Switzerland, a surprising number of traditional companies are succeeding in this. Geberit talks about precision, not pathos. Ricola talks about origin, not reach. B\u00fchler Group and NZZ cultivate consistency in an age that demands a new tone every week.<\/p>\r\n<p>Others also show that restraint is not renunciation, but an expression of strength:<\/p>\r\n<p>Caran d'Ache stands for craftsmanship and timelessness in a culture of speed.<br \/>\r\nVictorinox remains committed to simple functionality\u2014and that is precisely what makes it so sought after worldwide.<br \/>\r\n\u2013 La Prairie talks about quality and origin, not exclusivity.<\/p>\r\n<p>They all demonstrate the same thing: credibility does not come from reinforcement, but from consistency.<\/p>\r\n<h3>Reduction as an economic and communicative strength<\/h3>\r\n<p>An Interbrand analysis (2024) shows that brand value is created where clarity, recognizability, and scale come together. A GfK study in Switzerland also confirms that trust is the most important purchasing motive\u2014ahead of price, speed, and innovation.<\/p>\r\n<p>Those who consciously reduce their communication increase its impact. Reduction is not absence, but a form of precision: it only allows through what is essential. This requires attitude\u2014and leadership.<\/p>\r\n<h3>By the way ...<\/h3>\r\n<p>Nowadays, trust rarely comes from what brands add\u2014but often from what they wisely leave out.<\/p>\r\n<hr \/>\r\n<p>&nbsp;<\/p>\r\n<p><img class=\"alignnone wp-image-248030\" src=\"https:\/\/www.markt-kom.com\/wp-content\/uploads\/2025\/12\/uebrigens600-1.jpg\" sizes=\"(max-width: 544px) 100vw, 544px\" srcset=\"https:\/\/www.markt-kom.com\/wp-content\/uploads\/2025\/12\/uebrigens600-1.jpg 600w, https:\/\/www.markt-kom.com\/wp-content\/uploads\/2025\/12\/uebrigens600-1-16x12.jpg 16w, https:\/\/www.markt-kom.com\/wp-content\/uploads\/2025\/12\/uebrigens600-1-233x175.jpg 233w, https:\/\/www.markt-kom.com\/wp-content\/uploads\/2025\/12\/uebrigens600-1-467x350.jpg 467w\" alt=\"\" width=\"544\" height=\"408\" \/><\/p>\r\n<p><em>Laura Colledani and Klaus Ammon have more than 40 years of combined experience in consumer research and marketing research. Over the years, they have developed a keen sense of what moves people - even beyond the numbers. Both authors advocate a communication culture that listens before it broadcasts. With the new approach of consumer listening management tools, they want to support marketing managers in not only questioning consumers in the traditional way, but also entering into a genuine relationship with them.<\/em><\/p>","protected":false},"excerpt":{"rendered":"<p>Today, brand management is not determined by more messages, but by the ability to distinguish what is relevant from background noise. The louder the communication environment becomes, the more valuable it is to leave things out. Reduction is not a weakness, but an act of sovereignty\u2014and a leadership quality that stabilizes trust.<\/p>","protected":false},"author":8,"featured_media":0,"comment_status":"closed","ping_status":"closed","sticky":false,"template":"","format":"standard","meta":{"_acf_changed":false,"_yoast_wpseo_focuskw":"Markenf\u00fchrung","_yoast_wpseo_metadesc":"Markenf\u00fchrung wird nicht durch mehr Botschaften entschieden, sondern durch die F\u00e4higkeit, Relevantes vom Hintergrundger\u00e4usch zu unterscheiden.","articlekey":"","footnotes":""},"categories":[29],"tags":[5536,2717,5664,4343,5665],"class_list":["post-42716","post","type-post","status-publish","format-standard","hentry","category-marketing","tag-big-picture","tag-branding","tag-management-tools","tag-markom","tag-uebrigens"],"acf":[],"yoast_head":"<!-- This site is optimized with the Yoast SEO plugin v27.5 - https:\/\/yoast.com\/product\/yoast-seo-wordpress\/ -->\n<title>Souver\u00e4ne Markenf\u00fchrung \u2013 wenn Reduktion zur F\u00fchrungsqualit\u00e4t wird - Organisator<\/title>\n<meta name=\"description\" content=\"Markenf\u00fchrung wird nicht durch mehr Botschaften entschieden, sondern durch die F\u00e4higkeit, Relevantes vom Hintergrundger\u00e4usch zu unterscheiden.\" \/>\n<meta name=\"robots\" content=\"index, follow, max-snippet:-1, max-image-preview:large, max-video-preview:-1\" \/>\n<link rel=\"canonical\" href=\"https:\/\/www.organisator.ch\/en\/marketing\/2025-12-11\/souveraene-markenfuehrung-wenn-reduktion-zur-fuehrungsqualitaet-wird\/\" \/>\n<meta property=\"og:locale\" content=\"en_US\" \/>\n<meta property=\"og:type\" content=\"article\" \/>\n<meta property=\"og:title\" content=\"Souver\u00e4ne Markenf\u00fchrung \u2013 wenn Reduktion zur F\u00fchrungsqualit\u00e4t wird - Organisator\" \/>\n<meta property=\"og:description\" content=\"Markenf\u00fchrung wird nicht durch mehr Botschaften entschieden, sondern durch die F\u00e4higkeit, Relevantes vom Hintergrundger\u00e4usch zu unterscheiden.\" \/>\n<meta property=\"og:url\" content=\"https:\/\/www.organisator.ch\/en\/marketing\/2025-12-11\/souveraene-markenfuehrung-wenn-reduktion-zur-fuehrungsqualitaet-wird\/\" \/>\n<meta property=\"og:site_name\" content=\"Organisator\" \/>\n<meta property=\"article:publisher\" content=\"https:\/\/www.facebook.com\/OrganisatorFachmagazin\" \/>\n<meta property=\"article:published_time\" content=\"2025-12-11T13:30:26+00:00\" \/>\n<meta property=\"article:modified_time\" content=\"2025-12-12T07:22:43+00:00\" \/>\n<meta name=\"author\" content=\"galledia\" \/>\n<meta name=\"twitter:card\" content=\"summary_large_image\" \/>\n<meta name=\"twitter:creator\" content=\"@admin\" \/>\n<script type=\"application\/ld+json\" class=\"yoast-schema-graph\">{\"@context\":\"https:\\\/\\\/schema.org\",\"@graph\":[{\"@type\":\"Article\",\"@id\":\"https:\\\/\\\/www.organisator.ch\\\/marketing\\\/2025-12-11\\\/souveraene-markenfuehrung-wenn-reduktion-zur-fuehrungsqualitaet-wird\\\/#article\",\"isPartOf\":{\"@id\":\"https:\\\/\\\/www.organisator.ch\\\/marketing\\\/2025-12-11\\\/souveraene-markenfuehrung-wenn-reduktion-zur-fuehrungsqualitaet-wird\\\/\"},\"author\":{\"name\":\"galledia\",\"@id\":\"https:\\\/\\\/www.organisator.ch\\\/#\\\/schema\\\/person\\\/4e51799071cd2dd1232ac003643ef5f0\"},\"headline\":\"Souver\u00e4ne Markenf\u00fchrung \u2013 wenn Reduktion zur F\u00fchrungsqualit\u00e4t wird\",\"datePublished\":\"2025-12-11T13:30:26+00:00\",\"dateModified\":\"2025-12-12T07:22:43+00:00\",\"mainEntityOfPage\":{\"@id\":\"https:\\\/\\\/www.organisator.ch\\\/marketing\\\/2025-12-11\\\/souveraene-markenfuehrung-wenn-reduktion-zur-fuehrungsqualitaet-wird\\\/\"},\"wordCount\":391,\"publisher\":{\"@id\":\"https:\\\/\\\/www.organisator.ch\\\/#organization\"},\"image\":{\"@id\":\"https:\\\/\\\/www.organisator.ch\\\/marketing\\\/2025-12-11\\\/souveraene-markenfuehrung-wenn-reduktion-zur-fuehrungsqualitaet-wird\\\/#primaryimage\"},\"thumbnailUrl\":\"https:\\\/\\\/www.markt-kom.com\\\/wp-content\\\/uploads\\\/2025\\\/12\\\/Gemini_Generated_Image_c3sgldc3sgldc3sg-1024x559.jpeg\",\"keywords\":[\"Big Picture\",\"Branding\",\"Management Tools\",\"MarKom\",\"\u00dcbrigens\"],\"articleSection\":[\"MARKETING\"],\"inLanguage\":\"en-US\"},{\"@type\":\"WebPage\",\"@id\":\"https:\\\/\\\/www.organisator.ch\\\/marketing\\\/2025-12-11\\\/souveraene-markenfuehrung-wenn-reduktion-zur-fuehrungsqualitaet-wird\\\/\",\"url\":\"https:\\\/\\\/www.organisator.ch\\\/marketing\\\/2025-12-11\\\/souveraene-markenfuehrung-wenn-reduktion-zur-fuehrungsqualitaet-wird\\\/\",\"name\":\"Souver\u00e4ne Markenf\u00fchrung \u2013 wenn Reduktion zur F\u00fchrungsqualit\u00e4t wird - Organisator\",\"isPartOf\":{\"@id\":\"https:\\\/\\\/www.organisator.ch\\\/#website\"},\"primaryImageOfPage\":{\"@id\":\"https:\\\/\\\/www.organisator.ch\\\/marketing\\\/2025-12-11\\\/souveraene-markenfuehrung-wenn-reduktion-zur-fuehrungsqualitaet-wird\\\/#primaryimage\"},\"image\":{\"@id\":\"https:\\\/\\\/www.organisator.ch\\\/marketing\\\/2025-12-11\\\/souveraene-markenfuehrung-wenn-reduktion-zur-fuehrungsqualitaet-wird\\\/#primaryimage\"},\"thumbnailUrl\":\"https:\\\/\\\/www.markt-kom.com\\\/wp-content\\\/uploads\\\/2025\\\/12\\\/Gemini_Generated_Image_c3sgldc3sgldc3sg-1024x559.jpeg\",\"datePublished\":\"2025-12-11T13:30:26+00:00\",\"dateModified\":\"2025-12-12T07:22:43+00:00\",\"description\":\"Markenf\u00fchrung wird nicht durch mehr Botschaften entschieden, sondern durch die F\u00e4higkeit, Relevantes vom Hintergrundger\u00e4usch zu unterscheiden.\",\"breadcrumb\":{\"@id\":\"https:\\\/\\\/www.organisator.ch\\\/marketing\\\/2025-12-11\\\/souveraene-markenfuehrung-wenn-reduktion-zur-fuehrungsqualitaet-wird\\\/#breadcrumb\"},\"inLanguage\":\"en-US\",\"potentialAction\":[{\"@type\":\"ReadAction\",\"target\":[\"https:\\\/\\\/www.organisator.ch\\\/marketing\\\/2025-12-11\\\/souveraene-markenfuehrung-wenn-reduktion-zur-fuehrungsqualitaet-wird\\\/\"]}]},{\"@type\":\"ImageObject\",\"inLanguage\":\"en-US\",\"@id\":\"https:\\\/\\\/www.organisator.ch\\\/marketing\\\/2025-12-11\\\/souveraene-markenfuehrung-wenn-reduktion-zur-fuehrungsqualitaet-wird\\\/#primaryimage\",\"url\":\"https:\\\/\\\/www.markt-kom.com\\\/wp-content\\\/uploads\\\/2025\\\/12\\\/Gemini_Generated_Image_c3sgldc3sgldc3sg-1024x559.jpeg\",\"contentUrl\":\"https:\\\/\\\/www.markt-kom.com\\\/wp-content\\\/uploads\\\/2025\\\/12\\\/Gemini_Generated_Image_c3sgldc3sgldc3sg-1024x559.jpeg\"},{\"@type\":\"BreadcrumbList\",\"@id\":\"https:\\\/\\\/www.organisator.ch\\\/marketing\\\/2025-12-11\\\/souveraene-markenfuehrung-wenn-reduktion-zur-fuehrungsqualitaet-wird\\\/#breadcrumb\",\"itemListElement\":[{\"@type\":\"ListItem\",\"position\":1,\"name\":\"Home\",\"item\":\"https:\\\/\\\/www.organisator.ch\\\/\"},{\"@type\":\"ListItem\",\"position\":2,\"name\":\"Souver\u00e4ne Markenf\u00fchrung \u2013 wenn Reduktion zur F\u00fchrungsqualit\u00e4t wird\"}]},{\"@type\":\"WebSite\",\"@id\":\"https:\\\/\\\/www.organisator.ch\\\/#website\",\"url\":\"https:\\\/\\\/www.organisator.ch\\\/\",\"name\":\"Organisator\",\"description\":\"Kompetent. Praxisnah. Der ORGANISATOR bereitet in 10 Ausgaben pro Jahr die wesentlichen Themen f\u00fcr F\u00fchrungskr\u00e4fte von KMU auf.\",\"publisher\":{\"@id\":\"https:\\\/\\\/www.organisator.ch\\\/#organization\"},\"potentialAction\":[{\"@type\":\"SearchAction\",\"target\":{\"@type\":\"EntryPoint\",\"urlTemplate\":\"https:\\\/\\\/www.organisator.ch\\\/?s={search_term_string}\"},\"query-input\":{\"@type\":\"PropertyValueSpecification\",\"valueRequired\":true,\"valueName\":\"search_term_string\"}}],\"inLanguage\":\"en-US\"},{\"@type\":\"Organization\",\"@id\":\"https:\\\/\\\/www.organisator.ch\\\/#organization\",\"name\":\"Organisator\",\"url\":\"https:\\\/\\\/www.organisator.ch\\\/\",\"logo\":{\"@type\":\"ImageObject\",\"inLanguage\":\"en-US\",\"@id\":\"https:\\\/\\\/www.organisator.ch\\\/#\\\/schema\\\/logo\\\/image\\\/\",\"url\":\"https:\\\/\\\/www.organisator.ch\\\/wp-content\\\/uploads\\\/2022\\\/01\\\/Logo_Organisator_Website.png\",\"contentUrl\":\"https:\\\/\\\/www.organisator.ch\\\/wp-content\\\/uploads\\\/2022\\\/01\\\/Logo_Organisator_Website.png\",\"width\":800,\"height\":77,\"caption\":\"Organisator\"},\"image\":{\"@id\":\"https:\\\/\\\/www.organisator.ch\\\/#\\\/schema\\\/logo\\\/image\\\/\"},\"sameAs\":[\"https:\\\/\\\/www.facebook.com\\\/OrganisatorFachmagazin\",\"https:\\\/\\\/www.linkedin.com\\\/showcase\\\/organisator-das-magazin-fr-kmu\",\"https:\\\/\\\/www.xing.com\\\/news\\\/pages\\\/organisator-ch-695\",\"https:\\\/\\\/www.youtube.com\\\/channel\\\/UCGP2Sq0iWaZwT3BdIAQFYpw\"]},{\"@type\":\"Person\",\"@id\":\"https:\\\/\\\/www.organisator.ch\\\/#\\\/schema\\\/person\\\/4e51799071cd2dd1232ac003643ef5f0\",\"name\":\"galledia\",\"image\":{\"@type\":\"ImageObject\",\"inLanguage\":\"en-US\",\"@id\":\"https:\\\/\\\/secure.gravatar.com\\\/avatar\\\/78a7f90c01fc2bfc875782a0d4922b37cde2cf184ce347b91316d23cd7f69a36?s=96&d=mm&r=g\",\"url\":\"https:\\\/\\\/secure.gravatar.com\\\/avatar\\\/78a7f90c01fc2bfc875782a0d4922b37cde2cf184ce347b91316d23cd7f69a36?s=96&d=mm&r=g\",\"contentUrl\":\"https:\\\/\\\/secure.gravatar.com\\\/avatar\\\/78a7f90c01fc2bfc875782a0d4922b37cde2cf184ce347b91316d23cd7f69a36?s=96&d=mm&r=g\",\"caption\":\"galledia\"},\"sameAs\":[\"https:\\\/\\\/x.com\\\/admin\"],\"url\":\"https:\\\/\\\/www.organisator.ch\\\/en\\\/author\\\/galledia\\\/\"}]}<\/script>\n<!-- \/ Yoast SEO plugin. -->","yoast_head_json":{"title":"Confident brand management \u2013 when reduction becomes a leadership quality - Organizer","description":"Brand management is not determined by more messages, but by the ability to distinguish what is relevant from background noise.","robots":{"index":"index","follow":"follow","max-snippet":"max-snippet:-1","max-image-preview":"max-image-preview:large","max-video-preview":"max-video-preview:-1"},"canonical":"https:\/\/www.organisator.ch\/en\/marketing\/2025-12-11\/souveraene-markenfuehrung-wenn-reduktion-zur-fuehrungsqualitaet-wird\/","og_locale":"en_US","og_type":"article","og_title":"Souver\u00e4ne Markenf\u00fchrung \u2013 wenn Reduktion zur F\u00fchrungsqualit\u00e4t wird - Organisator","og_description":"Markenf\u00fchrung wird nicht durch mehr Botschaften entschieden, sondern durch die F\u00e4higkeit, Relevantes vom Hintergrundger\u00e4usch zu unterscheiden.","og_url":"https:\/\/www.organisator.ch\/en\/marketing\/2025-12-11\/souveraene-markenfuehrung-wenn-reduktion-zur-fuehrungsqualitaet-wird\/","og_site_name":"Organisator","article_publisher":"https:\/\/www.facebook.com\/OrganisatorFachmagazin","article_published_time":"2025-12-11T13:30:26+00:00","article_modified_time":"2025-12-12T07:22:43+00:00","author":"galledia","twitter_card":"summary_large_image","twitter_creator":"@admin","schema":{"@context":"https:\/\/schema.org","@graph":[{"@type":"Article","@id":"https:\/\/www.organisator.ch\/marketing\/2025-12-11\/souveraene-markenfuehrung-wenn-reduktion-zur-fuehrungsqualitaet-wird\/#article","isPartOf":{"@id":"https:\/\/www.organisator.ch\/marketing\/2025-12-11\/souveraene-markenfuehrung-wenn-reduktion-zur-fuehrungsqualitaet-wird\/"},"author":{"name":"galledia","@id":"https:\/\/www.organisator.ch\/#\/schema\/person\/4e51799071cd2dd1232ac003643ef5f0"},"headline":"Souver\u00e4ne Markenf\u00fchrung \u2013 wenn Reduktion zur F\u00fchrungsqualit\u00e4t wird","datePublished":"2025-12-11T13:30:26+00:00","dateModified":"2025-12-12T07:22:43+00:00","mainEntityOfPage":{"@id":"https:\/\/www.organisator.ch\/marketing\/2025-12-11\/souveraene-markenfuehrung-wenn-reduktion-zur-fuehrungsqualitaet-wird\/"},"wordCount":391,"publisher":{"@id":"https:\/\/www.organisator.ch\/#organization"},"image":{"@id":"https:\/\/www.organisator.ch\/marketing\/2025-12-11\/souveraene-markenfuehrung-wenn-reduktion-zur-fuehrungsqualitaet-wird\/#primaryimage"},"thumbnailUrl":"https:\/\/www.markt-kom.com\/wp-content\/uploads\/2025\/12\/Gemini_Generated_Image_c3sgldc3sgldc3sg-1024x559.jpeg","keywords":["Big Picture","Branding","Management Tools","MarKom","\u00dcbrigens"],"articleSection":["MARKETING"],"inLanguage":"en-US"},{"@type":"WebPage","@id":"https:\/\/www.organisator.ch\/marketing\/2025-12-11\/souveraene-markenfuehrung-wenn-reduktion-zur-fuehrungsqualitaet-wird\/","url":"https:\/\/www.organisator.ch\/marketing\/2025-12-11\/souveraene-markenfuehrung-wenn-reduktion-zur-fuehrungsqualitaet-wird\/","name":"Confident brand management \u2013 when reduction becomes a leadership quality - Organizer","isPartOf":{"@id":"https:\/\/www.organisator.ch\/#website"},"primaryImageOfPage":{"@id":"https:\/\/www.organisator.ch\/marketing\/2025-12-11\/souveraene-markenfuehrung-wenn-reduktion-zur-fuehrungsqualitaet-wird\/#primaryimage"},"image":{"@id":"https:\/\/www.organisator.ch\/marketing\/2025-12-11\/souveraene-markenfuehrung-wenn-reduktion-zur-fuehrungsqualitaet-wird\/#primaryimage"},"thumbnailUrl":"https:\/\/www.markt-kom.com\/wp-content\/uploads\/2025\/12\/Gemini_Generated_Image_c3sgldc3sgldc3sg-1024x559.jpeg","datePublished":"2025-12-11T13:30:26+00:00","dateModified":"2025-12-12T07:22:43+00:00","description":"Brand management is not determined by more messages, but by the ability to distinguish what is relevant from background noise.","breadcrumb":{"@id":"https:\/\/www.organisator.ch\/marketing\/2025-12-11\/souveraene-markenfuehrung-wenn-reduktion-zur-fuehrungsqualitaet-wird\/#breadcrumb"},"inLanguage":"en-US","potentialAction":[{"@type":"ReadAction","target":["https:\/\/www.organisator.ch\/marketing\/2025-12-11\/souveraene-markenfuehrung-wenn-reduktion-zur-fuehrungsqualitaet-wird\/"]}]},{"@type":"ImageObject","inLanguage":"en-US","@id":"https:\/\/www.organisator.ch\/marketing\/2025-12-11\/souveraene-markenfuehrung-wenn-reduktion-zur-fuehrungsqualitaet-wird\/#primaryimage","url":"https:\/\/www.markt-kom.com\/wp-content\/uploads\/2025\/12\/Gemini_Generated_Image_c3sgldc3sgldc3sg-1024x559.jpeg","contentUrl":"https:\/\/www.markt-kom.com\/wp-content\/uploads\/2025\/12\/Gemini_Generated_Image_c3sgldc3sgldc3sg-1024x559.jpeg"},{"@type":"BreadcrumbList","@id":"https:\/\/www.organisator.ch\/marketing\/2025-12-11\/souveraene-markenfuehrung-wenn-reduktion-zur-fuehrungsqualitaet-wird\/#breadcrumb","itemListElement":[{"@type":"ListItem","position":1,"name":"Home","item":"https:\/\/www.organisator.ch\/"},{"@type":"ListItem","position":2,"name":"Souver\u00e4ne Markenf\u00fchrung \u2013 wenn Reduktion zur F\u00fchrungsqualit\u00e4t wird"}]},{"@type":"WebSite","@id":"https:\/\/www.organisator.ch\/#website","url":"https:\/\/www.organisator.ch\/","name":"Organizer","description":"Competent. Practical. In 10 issues per year, ORGANISATOR presents the essential topics for managers of SMEs.","publisher":{"@id":"https:\/\/www.organisator.ch\/#organization"},"potentialAction":[{"@type":"SearchAction","target":{"@type":"EntryPoint","urlTemplate":"https:\/\/www.organisator.ch\/?s={search_term_string}"},"query-input":{"@type":"PropertyValueSpecification","valueRequired":true,"valueName":"search_term_string"}}],"inLanguage":"en-US"},{"@type":"Organization","@id":"https:\/\/www.organisator.ch\/#organization","name":"Organizer","url":"https:\/\/www.organisator.ch\/","logo":{"@type":"ImageObject","inLanguage":"en-US","@id":"https:\/\/www.organisator.ch\/#\/schema\/logo\/image\/","url":"https:\/\/www.organisator.ch\/wp-content\/uploads\/2022\/01\/Logo_Organisator_Website.png","contentUrl":"https:\/\/www.organisator.ch\/wp-content\/uploads\/2022\/01\/Logo_Organisator_Website.png","width":800,"height":77,"caption":"Organisator"},"image":{"@id":"https:\/\/www.organisator.ch\/#\/schema\/logo\/image\/"},"sameAs":["https:\/\/www.facebook.com\/OrganisatorFachmagazin","https:\/\/www.linkedin.com\/showcase\/organisator-das-magazin-fr-kmu","https:\/\/www.xing.com\/news\/pages\/organisator-ch-695","https:\/\/www.youtube.com\/channel\/UCGP2Sq0iWaZwT3BdIAQFYpw"]},{"@type":"Person","@id":"https:\/\/www.organisator.ch\/#\/schema\/person\/4e51799071cd2dd1232ac003643ef5f0","name":"galledia","image":{"@type":"ImageObject","inLanguage":"en-US","@id":"https:\/\/secure.gravatar.com\/avatar\/78a7f90c01fc2bfc875782a0d4922b37cde2cf184ce347b91316d23cd7f69a36?s=96&d=mm&r=g","url":"https:\/\/secure.gravatar.com\/avatar\/78a7f90c01fc2bfc875782a0d4922b37cde2cf184ce347b91316d23cd7f69a36?s=96&d=mm&r=g","contentUrl":"https:\/\/secure.gravatar.com\/avatar\/78a7f90c01fc2bfc875782a0d4922b37cde2cf184ce347b91316d23cd7f69a36?s=96&d=mm&r=g","caption":"galledia"},"sameAs":["https:\/\/x.com\/admin"],"url":"https:\/\/www.organisator.ch\/en\/author\/galledia\/"}]}},"_links":{"self":[{"href":"https:\/\/www.organisator.ch\/en\/wp-json\/wp\/v2\/posts\/42716","targetHints":{"allow":["GET"]}}],"collection":[{"href":"https:\/\/www.organisator.ch\/en\/wp-json\/wp\/v2\/posts"}],"about":[{"href":"https:\/\/www.organisator.ch\/en\/wp-json\/wp\/v2\/types\/post"}],"author":[{"embeddable":true,"href":"https:\/\/www.organisator.ch\/en\/wp-json\/wp\/v2\/users\/8"}],"replies":[{"embeddable":true,"href":"https:\/\/www.organisator.ch\/en\/wp-json\/wp\/v2\/comments?post=42716"}],"version-history":[{"count":5,"href":"https:\/\/www.organisator.ch\/en\/wp-json\/wp\/v2\/posts\/42716\/revisions"}],"predecessor-version":[{"id":42732,"href":"https:\/\/www.organisator.ch\/en\/wp-json\/wp\/v2\/posts\/42716\/revisions\/42732"}],"wp:attachment":[{"href":"https:\/\/www.organisator.ch\/en\/wp-json\/wp\/v2\/media?parent=42716"}],"wp:term":[{"taxonomy":"category","embeddable":true,"href":"https:\/\/www.organisator.ch\/en\/wp-json\/wp\/v2\/categories?post=42716"},{"taxonomy":"post_tag","embeddable":true,"href":"https:\/\/www.organisator.ch\/en\/wp-json\/wp\/v2\/tags?post=42716"}],"curies":[{"name":"wp","href":"https:\/\/api.w.org\/{rel}","templated":true}]}}