{"id":428,"date":"2016-04-22T09:07:45","date_gmt":"2016-04-22T07:07:45","guid":{"rendered":"http:\/\/dev.organisator.ch\/?p=428"},"modified":"2016-04-22T09:07:45","modified_gmt":"2016-04-22T07:07:45","slug":"gabriela-keller-wird-neuer-ceo-bei-ergon-informatik-ag","status":"publish","type":"post","link":"https:\/\/www.organisator.ch\/en\/management\/it\/2016-04-22\/gabriela-keller-wird-neuer-ceo-bei-ergon-informatik-ag\/","title":{"rendered":"Gabriela Keller becomes new CEO at Ergon Informatik AG"},"content":{"rendered":"<figure id=\"attachment_429\" aria-describedby=\"caption-attachment-429\" style=\"width: 336px\" class=\"wp-caption alignnone\"><img loading=\"lazy\" decoding=\"async\" class=\"size-full wp-image-429\" src=\"https:\/\/www.organisator.ch\/wp-content\/uploads\/2016\/12\/Gabriela-Keller-wird-neuer-CEO-bei-Ergon-Informatik-AG-organisator.jpg\" alt=\"\" width=\"336\" height=\"343\" srcset=\"https:\/\/www.organisator.ch\/wp-content\/uploads\/2016\/12\/Gabriela-Keller-wird-neuer-CEO-bei-Ergon-Informatik-AG-organisator.jpg 336w, https:\/\/www.organisator.ch\/wp-content\/uploads\/2016\/12\/Gabriela-Keller-wird-neuer-CEO-bei-Ergon-Informatik-AG-organisator-12x12.jpg 12w, https:\/\/www.organisator.ch\/wp-content\/uploads\/2016\/12\/Gabriela-Keller-wird-neuer-CEO-bei-Ergon-Informatik-AG-organisator-171x175.jpg 171w, https:\/\/www.organisator.ch\/wp-content\/uploads\/2016\/12\/Gabriela-Keller-wird-neuer-CEO-bei-Ergon-Informatik-AG-organisator-300x306.jpg 300w\" sizes=\"auto, (max-width: 336px) 100vw, 336px\" \/><figcaption id=\"caption-attachment-429\" class=\"wp-caption-text\">Gabriela Keller will become CEO of Ergon Informatik AG on July 1.<\/figcaption><\/figure>\n<p>Ergon, a software company with 250 employees, is one of the most popular employers in Switzerland and has already won various awards. Special features include the transparency of wages and company data for employees, the high degree of co-determination and the participation of everyone in the company's success.<\/p>\n<p><strong>Continuity and renewal<\/strong><\/p>\n<p>The new management team stands for continuity: Gabriela Keller has been with Ergon since 1994, 15 years of which were spent on the executive board. The graduate ETH computer engineer was previously responsible for marketing and human resources and played a key role in shaping Ergon's corporate culture. \"I am looking forward to continuing to shape Ergon's development in my new position as CEO and to building optimal software for our customers with our engineering teams.\" Patrick Burkhalter, who has led Ergon since 1992, will retire from the operational business and will now be responsible for Ergon's strategic development as Chairman of the Board of Directors.<\/p>\n<p>With Lukas Ehrensperger, who has been working as an account manager at Ergon since 2014, a strong sales personality with a large industry network is joining the management team. Alois Sauter will continue to work for Ergon in sales and as an account manager. Teddy Graf as CFO and Hans-J\u00fcrg Schneider as COO will retain their functions.<\/p>\n<p><strong>Decentralized organization with a strong market focus<\/strong><\/p>\n<p>The four departments Finance Solutions, Enterprise Solutions, Application Security and Telecom Solutions are now directly represented on the Executive Board by their long-standing heads Adrian Berger, Heiko Faller, Roman Hugelshofer and Dominik Moser. The management structure is becoming flatter and the direct flow of information supports short decision-making paths and a strong focus of the management on the respective markets.<\/p>\n<p>The changes in the management team were preceded by a succession planning process lasting several years, during which the future management team worked together with Ergon employees on the new strategic direction of the company and the management team was prepared for its new role with further training.<\/p>","protected":false},"excerpt":{"rendered":"<p>Die Softwareschmiede Ergon mit 250 Mitarbeitenden geh\u00f6rt zu den beliebtesten Arbeitgebern der Schweiz und wurde bereits mit diversen Preisen ausgezeichnet. Zu den Besonderheiten geh\u00f6ren die Transparenz von L\u00f6hnen und Unternehmensdaten f\u00fcr die Mitarbeitenden, der hohe Grad an Mitbestimmung und die Beteiligung aller am unternehmerischen Erfolg. Kontinuit\u00e4t und Erneuerung Die neue Gesch\u00e4ftsleitung steht f\u00fcr Kontinuit\u00e4t: Gabriela [&hellip;]<\/p>\n","protected":false},"author":1,"featured_media":429,"comment_status":"open","ping_status":"open","sticky":false,"template":"","format":"standard","meta":{"_acf_changed":false,"_yoast_wpseo_focuskw":"Ergon Informatik","_yoast_wpseo_metadesc":"Generationenwechsel beim Schweizer Softwaredienstleister Ergon Informatik AG: Per 1. Juli 2016 l\u00f6st Gabriela Keller CEO Patrick Burkhalter ab.","articlekey":"","footnotes":""},"categories":[27],"tags":[286,288,492],"class_list":["post-428","post","type-post","status-publish","format-standard","has-post-thumbnail","hentry","category-it","tag-it","tag-it-business-software","tag-unternehmen"],"acf":[],"yoast_head":"<!-- This site is optimized with the Yoast SEO plugin v27.4 - https:\/\/yoast.com\/product\/yoast-seo-wordpress\/ -->\n<title>Gabriela Keller wird neuer CEO bei Ergon Informatik AG - Organisator<\/title>\n<meta name=\"description\" content=\"Generationenwechsel beim Schweizer Softwaredienstleister Ergon Informatik AG: Per 1. Juli 2016 l\u00f6st Gabriela Keller CEO Patrick Burkhalter ab.\" \/>\n<meta name=\"robots\" content=\"index, follow, max-snippet:-1, max-image-preview:large, max-video-preview:-1\" \/>\n<link rel=\"canonical\" href=\"https:\/\/www.organisator.ch\/en\/management\/it\/2016-04-22\/gabriela-keller-wird-neuer-ceo-bei-ergon-informatik-ag\/\" \/>\n<meta property=\"og:locale\" content=\"en_US\" \/>\n<meta property=\"og:type\" content=\"article\" \/>\n<meta property=\"og:title\" content=\"Gabriela Keller wird neuer CEO bei Ergon Informatik AG\" \/>\n<meta property=\"og:description\" content=\"Generationenwechsel beim Schweizer Softwaredienstleister Ergon Informatik AG: Per 1. Juli 2016 l\u00f6st Gabriela Keller den langj\u00e4hrigen CEO Patrick Burkhalter in der Unternehmensleitung ab. Burkhalter selbst wird Verwaltungsratspr\u00e4sident von Ergon. Neuer Chief Sales Officer wird Lukas Ehrensperger als Nachfolger von Alois Sauter. Die vier bisherigen Abteilungsleiter Adrian Berger, Heiko Faller, Roman Hugelshofer und Dominik Moser werden ebenfalls Teil der neuen Ergon-Gesch\u00e4ftsleitung.\" \/>\n<meta property=\"og:url\" content=\"https:\/\/www.organisator.ch\/en\/management\/it\/2016-04-22\/gabriela-keller-wird-neuer-ceo-bei-ergon-informatik-ag\/\" \/>\n<meta property=\"og:site_name\" content=\"Organisator\" \/>\n<meta property=\"article:publisher\" content=\"https:\/\/www.facebook.com\/OrganisatorFachmagazin\" \/>\n<meta property=\"article:published_time\" content=\"2016-04-22T07:07:45+00:00\" \/>\n<meta name=\"author\" content=\"admin\" \/>\n<meta name=\"twitter:card\" content=\"summary_large_image\" \/>\n<meta name=\"twitter:image\" content=\"https:\/\/www.organisator.ch\/wp-content\/uploads\/2016\/12\/Gabriela-Keller-wird-neuer-CEO-bei-Ergon-Informatik-AG-organisator.jpg\" \/>\n<script type=\"application\/ld+json\" class=\"yoast-schema-graph\">{\"@context\":\"https:\\\/\\\/schema.org\",\"@graph\":[{\"@type\":\"Article\",\"@id\":\"https:\\\/\\\/www.organisator.ch\\\/management\\\/it\\\/2016-04-22\\\/gabriela-keller-wird-neuer-ceo-bei-ergon-informatik-ag\\\/#article\",\"isPartOf\":{\"@id\":\"https:\\\/\\\/www.organisator.ch\\\/management\\\/it\\\/2016-04-22\\\/gabriela-keller-wird-neuer-ceo-bei-ergon-informatik-ag\\\/\"},\"author\":{\"name\":\"admin\",\"@id\":\"https:\\\/\\\/www.organisator.ch\\\/#\\\/schema\\\/person\\\/aa2bace6c5c5aad60102004a50c4eb1c\"},\"headline\":\"Gabriela Keller wird neuer CEO bei Ergon Informatik AG\",\"datePublished\":\"2016-04-22T07:07:45+00:00\",\"mainEntityOfPage\":{\"@id\":\"https:\\\/\\\/www.organisator.ch\\\/management\\\/it\\\/2016-04-22\\\/gabriela-keller-wird-neuer-ceo-bei-ergon-informatik-ag\\\/\"},\"wordCount\":341,\"commentCount\":0,\"publisher\":{\"@id\":\"https:\\\/\\\/www.organisator.ch\\\/#organization\"},\"image\":{\"@id\":\"https:\\\/\\\/www.organisator.ch\\\/management\\\/it\\\/2016-04-22\\\/gabriela-keller-wird-neuer-ceo-bei-ergon-informatik-ag\\\/#primaryimage\"},\"thumbnailUrl\":\"https:\\\/\\\/www.organisator.ch\\\/wp-content\\\/uploads\\\/2016\\\/12\\\/Gabriela-Keller-wird-neuer-CEO-bei-Ergon-Informatik-AG-organisator.jpg\",\"keywords\":[\"IT\",\"IT &amp; Business Software\",\"Unternehmen\"],\"articleSection\":[\"IT\"],\"inLanguage\":\"en-US\"},{\"@type\":\"WebPage\",\"@id\":\"https:\\\/\\\/www.organisator.ch\\\/management\\\/it\\\/2016-04-22\\\/gabriela-keller-wird-neuer-ceo-bei-ergon-informatik-ag\\\/\",\"url\":\"https:\\\/\\\/www.organisator.ch\\\/management\\\/it\\\/2016-04-22\\\/gabriela-keller-wird-neuer-ceo-bei-ergon-informatik-ag\\\/\",\"name\":\"Gabriela Keller wird neuer CEO bei Ergon Informatik AG - Organisator\",\"isPartOf\":{\"@id\":\"https:\\\/\\\/www.organisator.ch\\\/#website\"},\"primaryImageOfPage\":{\"@id\":\"https:\\\/\\\/www.organisator.ch\\\/management\\\/it\\\/2016-04-22\\\/gabriela-keller-wird-neuer-ceo-bei-ergon-informatik-ag\\\/#primaryimage\"},\"image\":{\"@id\":\"https:\\\/\\\/www.organisator.ch\\\/management\\\/it\\\/2016-04-22\\\/gabriela-keller-wird-neuer-ceo-bei-ergon-informatik-ag\\\/#primaryimage\"},\"thumbnailUrl\":\"https:\\\/\\\/www.organisator.ch\\\/wp-content\\\/uploads\\\/2016\\\/12\\\/Gabriela-Keller-wird-neuer-CEO-bei-Ergon-Informatik-AG-organisator.jpg\",\"datePublished\":\"2016-04-22T07:07:45+00:00\",\"description\":\"Generationenwechsel beim Schweizer Softwaredienstleister Ergon Informatik AG: Per 1. Juli 2016 l\u00f6st Gabriela Keller CEO Patrick Burkhalter ab.\",\"breadcrumb\":{\"@id\":\"https:\\\/\\\/www.organisator.ch\\\/management\\\/it\\\/2016-04-22\\\/gabriela-keller-wird-neuer-ceo-bei-ergon-informatik-ag\\\/#breadcrumb\"},\"inLanguage\":\"en-US\",\"potentialAction\":[{\"@type\":\"ReadAction\",\"target\":[\"https:\\\/\\\/www.organisator.ch\\\/management\\\/it\\\/2016-04-22\\\/gabriela-keller-wird-neuer-ceo-bei-ergon-informatik-ag\\\/\"]}]},{\"@type\":\"ImageObject\",\"inLanguage\":\"en-US\",\"@id\":\"https:\\\/\\\/www.organisator.ch\\\/management\\\/it\\\/2016-04-22\\\/gabriela-keller-wird-neuer-ceo-bei-ergon-informatik-ag\\\/#primaryimage\",\"url\":\"https:\\\/\\\/www.organisator.ch\\\/wp-content\\\/uploads\\\/2016\\\/12\\\/Gabriela-Keller-wird-neuer-CEO-bei-Ergon-Informatik-AG-organisator.jpg\",\"contentUrl\":\"https:\\\/\\\/www.organisator.ch\\\/wp-content\\\/uploads\\\/2016\\\/12\\\/Gabriela-Keller-wird-neuer-CEO-bei-Ergon-Informatik-AG-organisator.jpg\",\"width\":336,\"height\":343,\"caption\":\"Gabriela Keller wird ab 1. Juli CEO von Ergon Informatik AG.\"},{\"@type\":\"BreadcrumbList\",\"@id\":\"https:\\\/\\\/www.organisator.ch\\\/management\\\/it\\\/2016-04-22\\\/gabriela-keller-wird-neuer-ceo-bei-ergon-informatik-ag\\\/#breadcrumb\",\"itemListElement\":[{\"@type\":\"ListItem\",\"position\":1,\"name\":\"Home\",\"item\":\"https:\\\/\\\/www.organisator.ch\\\/\"},{\"@type\":\"ListItem\",\"position\":2,\"name\":\"Gabriela Keller wird neuer CEO bei Ergon Informatik AG\"}]},{\"@type\":\"WebSite\",\"@id\":\"https:\\\/\\\/www.organisator.ch\\\/#website\",\"url\":\"https:\\\/\\\/www.organisator.ch\\\/\",\"name\":\"Organisator\",\"description\":\"Kompetent. Praxisnah. Der ORGANISATOR bereitet in 10 Ausgaben pro Jahr die wesentlichen Themen f\u00fcr F\u00fchrungskr\u00e4fte von KMU auf.\",\"publisher\":{\"@id\":\"https:\\\/\\\/www.organisator.ch\\\/#organization\"},\"potentialAction\":[{\"@type\":\"SearchAction\",\"target\":{\"@type\":\"EntryPoint\",\"urlTemplate\":\"https:\\\/\\\/www.organisator.ch\\\/?s={search_term_string}\"},\"query-input\":{\"@type\":\"PropertyValueSpecification\",\"valueRequired\":true,\"valueName\":\"search_term_string\"}}],\"inLanguage\":\"en-US\"},{\"@type\":\"Organization\",\"@id\":\"https:\\\/\\\/www.organisator.ch\\\/#organization\",\"name\":\"Organisator\",\"url\":\"https:\\\/\\\/www.organisator.ch\\\/\",\"logo\":{\"@type\":\"ImageObject\",\"inLanguage\":\"en-US\",\"@id\":\"https:\\\/\\\/www.organisator.ch\\\/#\\\/schema\\\/logo\\\/image\\\/\",\"url\":\"https:\\\/\\\/www.organisator.ch\\\/wp-content\\\/uploads\\\/2022\\\/01\\\/Logo_Organisator_Website.png\",\"contentUrl\":\"https:\\\/\\\/www.organisator.ch\\\/wp-content\\\/uploads\\\/2022\\\/01\\\/Logo_Organisator_Website.png\",\"width\":800,\"height\":77,\"caption\":\"Organisator\"},\"image\":{\"@id\":\"https:\\\/\\\/www.organisator.ch\\\/#\\\/schema\\\/logo\\\/image\\\/\"},\"sameAs\":[\"https:\\\/\\\/www.facebook.com\\\/OrganisatorFachmagazin\",\"https:\\\/\\\/www.linkedin.com\\\/showcase\\\/organisator-das-magazin-fr-kmu\",\"https:\\\/\\\/www.xing.com\\\/news\\\/pages\\\/organisator-ch-695\",\"https:\\\/\\\/www.youtube.com\\\/channel\\\/UCGP2Sq0iWaZwT3BdIAQFYpw\"]},{\"@type\":\"Person\",\"@id\":\"https:\\\/\\\/www.organisator.ch\\\/#\\\/schema\\\/person\\\/aa2bace6c5c5aad60102004a50c4eb1c\",\"name\":\"admin\",\"image\":{\"@type\":\"ImageObject\",\"inLanguage\":\"en-US\",\"@id\":\"https:\\\/\\\/secure.gravatar.com\\\/avatar\\\/ae2f4d718e6c49043e314ce431e7e645d646302a24a5ef5a8bc8e3f5a032e319?s=96&d=mm&r=g\",\"url\":\"https:\\\/\\\/secure.gravatar.com\\\/avatar\\\/ae2f4d718e6c49043e314ce431e7e645d646302a24a5ef5a8bc8e3f5a032e319?s=96&d=mm&r=g\",\"contentUrl\":\"https:\\\/\\\/secure.gravatar.com\\\/avatar\\\/ae2f4d718e6c49043e314ce431e7e645d646302a24a5ef5a8bc8e3f5a032e319?s=96&d=mm&r=g\",\"caption\":\"admin\"},\"sameAs\":[\"https:\\\/\\\/www.organisator.ch\"],\"url\":\"https:\\\/\\\/www.organisator.ch\\\/en\\\/author\\\/admin\\\/\"}]}<\/script>\n<!-- \/ Yoast SEO plugin. -->","yoast_head_json":{"title":"Gabriela Keller becomes new CEO at Ergon Informatik AG - Organizer","description":"Generation change at Swiss software service provider Ergon Informatik AG: As of July 1, 2016, Gabriela Keller replaces CEO Patrick Burkhalter.","robots":{"index":"index","follow":"follow","max-snippet":"max-snippet:-1","max-image-preview":"max-image-preview:large","max-video-preview":"max-video-preview:-1"},"canonical":"https:\/\/www.organisator.ch\/en\/management\/it\/2016-04-22\/gabriela-keller-wird-neuer-ceo-bei-ergon-informatik-ag\/","og_locale":"en_US","og_type":"article","og_title":"Gabriela Keller wird neuer CEO bei Ergon Informatik AG","og_description":"Generationenwechsel beim Schweizer Softwaredienstleister Ergon Informatik AG: Per 1. Juli 2016 l\u00f6st Gabriela Keller den langj\u00e4hrigen CEO Patrick Burkhalter in der Unternehmensleitung ab. Burkhalter selbst wird Verwaltungsratspr\u00e4sident von Ergon. Neuer Chief Sales Officer wird Lukas Ehrensperger als Nachfolger von Alois Sauter. Die vier bisherigen Abteilungsleiter Adrian Berger, Heiko Faller, Roman Hugelshofer und Dominik Moser werden ebenfalls Teil der neuen Ergon-Gesch\u00e4ftsleitung.","og_url":"https:\/\/www.organisator.ch\/en\/management\/it\/2016-04-22\/gabriela-keller-wird-neuer-ceo-bei-ergon-informatik-ag\/","og_site_name":"Organisator","article_publisher":"https:\/\/www.facebook.com\/OrganisatorFachmagazin","article_published_time":"2016-04-22T07:07:45+00:00","author":"admin","twitter_card":"summary_large_image","twitter_image":"https:\/\/www.organisator.ch\/wp-content\/uploads\/2016\/12\/Gabriela-Keller-wird-neuer-CEO-bei-Ergon-Informatik-AG-organisator.jpg","schema":{"@context":"https:\/\/schema.org","@graph":[{"@type":"Article","@id":"https:\/\/www.organisator.ch\/management\/it\/2016-04-22\/gabriela-keller-wird-neuer-ceo-bei-ergon-informatik-ag\/#article","isPartOf":{"@id":"https:\/\/www.organisator.ch\/management\/it\/2016-04-22\/gabriela-keller-wird-neuer-ceo-bei-ergon-informatik-ag\/"},"author":{"name":"admin","@id":"https:\/\/www.organisator.ch\/#\/schema\/person\/aa2bace6c5c5aad60102004a50c4eb1c"},"headline":"Gabriela Keller wird neuer CEO bei Ergon Informatik AG","datePublished":"2016-04-22T07:07:45+00:00","mainEntityOfPage":{"@id":"https:\/\/www.organisator.ch\/management\/it\/2016-04-22\/gabriela-keller-wird-neuer-ceo-bei-ergon-informatik-ag\/"},"wordCount":341,"commentCount":0,"publisher":{"@id":"https:\/\/www.organisator.ch\/#organization"},"image":{"@id":"https:\/\/www.organisator.ch\/management\/it\/2016-04-22\/gabriela-keller-wird-neuer-ceo-bei-ergon-informatik-ag\/#primaryimage"},"thumbnailUrl":"https:\/\/www.organisator.ch\/wp-content\/uploads\/2016\/12\/Gabriela-Keller-wird-neuer-CEO-bei-Ergon-Informatik-AG-organisator.jpg","keywords":["IT","IT &amp; Business Software","Unternehmen"],"articleSection":["IT"],"inLanguage":"en-US"},{"@type":"WebPage","@id":"https:\/\/www.organisator.ch\/management\/it\/2016-04-22\/gabriela-keller-wird-neuer-ceo-bei-ergon-informatik-ag\/","url":"https:\/\/www.organisator.ch\/management\/it\/2016-04-22\/gabriela-keller-wird-neuer-ceo-bei-ergon-informatik-ag\/","name":"Gabriela Keller becomes new CEO at Ergon Informatik AG - Organizer","isPartOf":{"@id":"https:\/\/www.organisator.ch\/#website"},"primaryImageOfPage":{"@id":"https:\/\/www.organisator.ch\/management\/it\/2016-04-22\/gabriela-keller-wird-neuer-ceo-bei-ergon-informatik-ag\/#primaryimage"},"image":{"@id":"https:\/\/www.organisator.ch\/management\/it\/2016-04-22\/gabriela-keller-wird-neuer-ceo-bei-ergon-informatik-ag\/#primaryimage"},"thumbnailUrl":"https:\/\/www.organisator.ch\/wp-content\/uploads\/2016\/12\/Gabriela-Keller-wird-neuer-CEO-bei-Ergon-Informatik-AG-organisator.jpg","datePublished":"2016-04-22T07:07:45+00:00","description":"Generation change at Swiss software service provider Ergon Informatik AG: As of July 1, 2016, Gabriela Keller replaces CEO Patrick Burkhalter.","breadcrumb":{"@id":"https:\/\/www.organisator.ch\/management\/it\/2016-04-22\/gabriela-keller-wird-neuer-ceo-bei-ergon-informatik-ag\/#breadcrumb"},"inLanguage":"en-US","potentialAction":[{"@type":"ReadAction","target":["https:\/\/www.organisator.ch\/management\/it\/2016-04-22\/gabriela-keller-wird-neuer-ceo-bei-ergon-informatik-ag\/"]}]},{"@type":"ImageObject","inLanguage":"en-US","@id":"https:\/\/www.organisator.ch\/management\/it\/2016-04-22\/gabriela-keller-wird-neuer-ceo-bei-ergon-informatik-ag\/#primaryimage","url":"https:\/\/www.organisator.ch\/wp-content\/uploads\/2016\/12\/Gabriela-Keller-wird-neuer-CEO-bei-Ergon-Informatik-AG-organisator.jpg","contentUrl":"https:\/\/www.organisator.ch\/wp-content\/uploads\/2016\/12\/Gabriela-Keller-wird-neuer-CEO-bei-Ergon-Informatik-AG-organisator.jpg","width":336,"height":343,"caption":"Gabriela Keller wird ab 1. Juli CEO von Ergon Informatik AG."},{"@type":"BreadcrumbList","@id":"https:\/\/www.organisator.ch\/management\/it\/2016-04-22\/gabriela-keller-wird-neuer-ceo-bei-ergon-informatik-ag\/#breadcrumb","itemListElement":[{"@type":"ListItem","position":1,"name":"Home","item":"https:\/\/www.organisator.ch\/"},{"@type":"ListItem","position":2,"name":"Gabriela Keller wird neuer CEO bei Ergon Informatik AG"}]},{"@type":"WebSite","@id":"https:\/\/www.organisator.ch\/#website","url":"https:\/\/www.organisator.ch\/","name":"Organizer","description":"Competent. Practical. In 10 issues per year, ORGANISATOR presents the essential topics for managers of SMEs.","publisher":{"@id":"https:\/\/www.organisator.ch\/#organization"},"potentialAction":[{"@type":"SearchAction","target":{"@type":"EntryPoint","urlTemplate":"https:\/\/www.organisator.ch\/?s={search_term_string}"},"query-input":{"@type":"PropertyValueSpecification","valueRequired":true,"valueName":"search_term_string"}}],"inLanguage":"en-US"},{"@type":"Organization","@id":"https:\/\/www.organisator.ch\/#organization","name":"Organizer","url":"https:\/\/www.organisator.ch\/","logo":{"@type":"ImageObject","inLanguage":"en-US","@id":"https:\/\/www.organisator.ch\/#\/schema\/logo\/image\/","url":"https:\/\/www.organisator.ch\/wp-content\/uploads\/2022\/01\/Logo_Organisator_Website.png","contentUrl":"https:\/\/www.organisator.ch\/wp-content\/uploads\/2022\/01\/Logo_Organisator_Website.png","width":800,"height":77,"caption":"Organisator"},"image":{"@id":"https:\/\/www.organisator.ch\/#\/schema\/logo\/image\/"},"sameAs":["https:\/\/www.facebook.com\/OrganisatorFachmagazin","https:\/\/www.linkedin.com\/showcase\/organisator-das-magazin-fr-kmu","https:\/\/www.xing.com\/news\/pages\/organisator-ch-695","https:\/\/www.youtube.com\/channel\/UCGP2Sq0iWaZwT3BdIAQFYpw"]},{"@type":"Person","@id":"https:\/\/www.organisator.ch\/#\/schema\/person\/aa2bace6c5c5aad60102004a50c4eb1c","name":"admin","image":{"@type":"ImageObject","inLanguage":"en-US","@id":"https:\/\/secure.gravatar.com\/avatar\/ae2f4d718e6c49043e314ce431e7e645d646302a24a5ef5a8bc8e3f5a032e319?s=96&d=mm&r=g","url":"https:\/\/secure.gravatar.com\/avatar\/ae2f4d718e6c49043e314ce431e7e645d646302a24a5ef5a8bc8e3f5a032e319?s=96&d=mm&r=g","contentUrl":"https:\/\/secure.gravatar.com\/avatar\/ae2f4d718e6c49043e314ce431e7e645d646302a24a5ef5a8bc8e3f5a032e319?s=96&d=mm&r=g","caption":"admin"},"sameAs":["https:\/\/www.organisator.ch"],"url":"https:\/\/www.organisator.ch\/en\/author\/admin\/"}]}},"_links":{"self":[{"href":"https:\/\/www.organisator.ch\/en\/wp-json\/wp\/v2\/posts\/428","targetHints":{"allow":["GET"]}}],"collection":[{"href":"https:\/\/www.organisator.ch\/en\/wp-json\/wp\/v2\/posts"}],"about":[{"href":"https:\/\/www.organisator.ch\/en\/wp-json\/wp\/v2\/types\/post"}],"author":[{"embeddable":true,"href":"https:\/\/www.organisator.ch\/en\/wp-json\/wp\/v2\/users\/1"}],"replies":[{"embeddable":true,"href":"https:\/\/www.organisator.ch\/en\/wp-json\/wp\/v2\/comments?post=428"}],"version-history":[{"count":0,"href":"https:\/\/www.organisator.ch\/en\/wp-json\/wp\/v2\/posts\/428\/revisions"}],"wp:featuredmedia":[{"embeddable":true,"href":"https:\/\/www.organisator.ch\/en\/wp-json\/wp\/v2\/media\/429"}],"wp:attachment":[{"href":"https:\/\/www.organisator.ch\/en\/wp-json\/wp\/v2\/media?parent=428"}],"wp:term":[{"taxonomy":"category","embeddable":true,"href":"https:\/\/www.organisator.ch\/en\/wp-json\/wp\/v2\/categories?post=428"},{"taxonomy":"post_tag","embeddable":true,"href":"https:\/\/www.organisator.ch\/en\/wp-json\/wp\/v2\/tags?post=428"}],"curies":[{"name":"wp","href":"https:\/\/api.w.org\/{rel}","templated":true}]}}