{"id":4290,"date":"2018-09-26T08:41:26","date_gmt":"2018-09-26T06:41:26","guid":{"rendered":"https:\/\/www.organisator.ch\/?p=4290"},"modified":"2018-09-26T08:41:26","modified_gmt":"2018-09-26T06:41:26","slug":"ai-race-die-schweiz-muss-gas-geben","status":"publish","type":"post","link":"https:\/\/www.organisator.ch\/en\/management\/it\/2018-09-26\/ai-race-die-schweiz-muss-gas-geben\/","title":{"rendered":"\"AI Race\": Switzerland must step on the gas"},"content":{"rendered":"<figure id=\"attachment_4291\" aria-describedby=\"caption-attachment-4291\" style=\"width: 640px\" class=\"wp-caption alignnone\"><img loading=\"lazy\" decoding=\"async\" class=\"size-full wp-image-4291\" src=\"https:\/\/www.organisator.ch\/wp-content\/uploads\/2018\/09\/AI-Race-Die-Schweiz-muss-Gas-geben_Organisator.jpeg\" alt=\"\" width=\"640\" height=\"327\" srcset=\"https:\/\/www.organisator.ch\/wp-content\/uploads\/2018\/09\/AI-Race-Die-Schweiz-muss-Gas-geben_Organisator.jpeg 640w, https:\/\/www.organisator.ch\/wp-content\/uploads\/2018\/09\/AI-Race-Die-Schweiz-muss-Gas-geben_Organisator-16x8.jpeg 16w, https:\/\/www.organisator.ch\/wp-content\/uploads\/2018\/09\/AI-Race-Die-Schweiz-muss-Gas-geben_Organisator-343x175.jpeg 343w, https:\/\/www.organisator.ch\/wp-content\/uploads\/2018\/09\/AI-Race-Die-Schweiz-muss-Gas-geben_Organisator-300x153.jpeg 300w\" sizes=\"auto, (max-width: 640px) 100vw, 640px\" \/><figcaption id=\"caption-attachment-4291\" class=\"wp-caption-text\">Media roundtable at the SwissICT Symposium: Switzerland needs to step on the gas for the AI race, i.e. to be at the forefront of artificial intelligence. (Image: swissICT Symposium).<\/figcaption><\/figure>\n<p><span style=\"font-size: medium;\">At a media briefing during the 38th swissICT Symposium, which was held in Basel for the first time in 2018 with over 100 experts, swissICT President Thomas Flatt expressed his conviction that the ICT industry itself is well equipped. However, he said, the business community needs to become even more aware that digitization now has a massive impact on a company's core strategy. <\/span><\/p>\n<h2>Focus on education<\/h2>\n<p>Politicians and companies would not sleep through digitalization, said Thomas Flatt in response to the observation that many companies were still paying too little attention to the development. In the discussion with Andri Silberschmidt, president of the Jungfreisinnigen Schweiz and board member of the FDP Switzerland, the IT and marketing specialist Thomas Hutter and the top specialist for artificial intelligence (AI), Pascal Kaufmann, there was agreement that the focus must be on education for a successful future.<\/p>\n<p>Silberschmidt also identified a need for action on taxes, labor law and spatial planning. According to Thomas Flatt, however, there is no need for a new tax model for startups but simply a \"debate on how digital value creation should be taxed via the existing tax system.<\/p>\n<h2>Leadership in artificial intelligence<\/h2>\n<p>AI pioneer Pascal Kaufmann emphasized that Switzerland is number one in Europe in the field of artificial intelligence research and is ideally placed to take a leading role in the \"AI race\". Only with considerable investments - Pascal Kaufmann speaks of billions - could this role be secured in the longer term. He reckoned that the next five to ten years would see a major breakthrough in artificial intelligence. \"The cards will be reshuffled worldwide,\" Kaufmann says.<\/p>\n<h2>Skills shortage the bigger problem than robots<\/h2>\n<p>That's why Kaufmann also advocated a reorientation in training. The four experts did not see jobs in which people play an important role in danger. Rather, it boils down to the fact that many positions will not be filled in the next few years, partly because the baby boomer generation is retiring.<\/p>\n<p>IT specialist Thomas Hutter was also convinced that new jobs would be created. In his experience, however, many Swiss companies still need a lot of convincing and investment. There is still a great deal of reticence when it comes to digital topics, said Hutter.<\/p>\n<p><em><a href=\"http:\/\/www.swissict-symposium.ch\">www.swissict-symposium.ch<\/a><\/em><\/p>\n<p>&nbsp;<\/p>","protected":false},"excerpt":{"rendered":"<p>An einem Mediengespr\u00e4ch anl\u00e4sslich des 38. swissICT Symposiums, das 2018 erstmals in Basel mit \u00fcber 100 Fachleuten stattfand, zeigte sich swissICT-Pr\u00e4sident Thomas Flatt \u00fcberzeugt, dass die ICT-Branche selbst gut ger\u00fcstet ist. Die Wirtschaft m\u00fcsse sich aber noch st\u00e4rker bewusst werden, dass die Digitalisierung heute die Kernstrategie eines Unternehmens massiv beeinflusse. Fokus auf die Bildung Politiker [&hellip;]<\/p>\n","protected":false},"author":4,"featured_media":4291,"comment_status":"open","ping_status":"open","sticky":false,"template":"","format":"standard","meta":{"_acf_changed":false,"_yoast_wpseo_focuskw":"AI-Race","_yoast_wpseo_metadesc":"Effiziente Ausbildung und eine faire Besteuerung der digitalen Wertsch\u00f6pfung sind f\u00fcr die ICT-Branche wichtige Pfeiler f\u00fcr die Zukunft.","articlekey":"","footnotes":""},"categories":[27],"tags":[156,193,286,319,531],"class_list":["post-4290","post","type-post","status-publish","format-standard","has-post-thumbnail","hentry","category-it","tag-digitalisierung","tag-fachkongressfachmesse","tag-it","tag-kuenstliche-intelligenz","tag-wirtschaftspolitik"],"acf":[],"yoast_head":"<!-- This site is optimized with the Yoast SEO plugin v27.5 - https:\/\/yoast.com\/product\/yoast-seo-wordpress\/ -->\n<title>\u00abAI-Race\u00bb: Die Schweiz muss Gas geben - Organisator<\/title>\n<meta name=\"description\" content=\"Effiziente Ausbildung und eine faire Besteuerung der digitalen Wertsch\u00f6pfung sind f\u00fcr die ICT-Branche wichtige Pfeiler f\u00fcr die Zukunft.\" \/>\n<meta name=\"robots\" content=\"index, follow, max-snippet:-1, max-image-preview:large, max-video-preview:-1\" \/>\n<link rel=\"canonical\" href=\"https:\/\/www.organisator.ch\/en\/management\/it\/2018-09-26\/ai-race-die-schweiz-muss-gas-geben\/\" \/>\n<meta property=\"og:locale\" content=\"en_US\" \/>\n<meta property=\"og:type\" content=\"article\" \/>\n<meta property=\"og:title\" content=\"\u00abAI-Race\u00bb: Die Schweiz muss Gas geben\" \/>\n<meta property=\"og:description\" content=\"Effiziente Ausbildung und eine faire Besteuerung der digitalen Wertsch\u00f6pfung sind f\u00fcr die ICT-Branche wichtige Pfeiler f\u00fcr die Zukunft.\" \/>\n<meta property=\"og:url\" content=\"https:\/\/www.organisator.ch\/en\/management\/it\/2018-09-26\/ai-race-die-schweiz-muss-gas-geben\/\" \/>\n<meta property=\"og:site_name\" content=\"Organisator\" \/>\n<meta property=\"article:publisher\" content=\"https:\/\/www.facebook.com\/OrganisatorFachmagazin\" \/>\n<meta property=\"article:published_time\" content=\"2018-09-26T06:41:26+00:00\" \/>\n<meta property=\"og:image\" content=\"https:\/\/www.organisator.ch\/wp-content\/uploads\/2018\/09\/AI-Race-Die-Schweiz-muss-Gas-geben_Organisator.jpeg\" \/>\n\t<meta property=\"og:image:width\" content=\"640\" \/>\n\t<meta property=\"og:image:height\" content=\"327\" \/>\n\t<meta property=\"og:image:type\" content=\"image\/jpeg\" \/>\n<meta name=\"author\" content=\"thomas.berner\" \/>\n<meta name=\"twitter:card\" content=\"summary_large_image\" \/>\n<meta name=\"twitter:title\" content=\"\u00ab#AI-Race\u00bb: Die Schweiz muss Gas geben\" \/>\n<meta name=\"twitter:description\" content=\"Effiziente Ausbildung und eine faire Besteuerung der digitalen Wertsch\u00f6pfung sind f\u00fcr die #ICT-Branche wichtige Pfeiler f\u00fcr die Zukunft.\" \/>\n<meta name=\"twitter:image\" content=\"https:\/\/www.organisator.ch\/wp-content\/uploads\/2018\/09\/AI-Race-Die-Schweiz-muss-Gas-geben_Organisator.jpeg\" \/>\n<script type=\"application\/ld+json\" class=\"yoast-schema-graph\">{\"@context\":\"https:\\\/\\\/schema.org\",\"@graph\":[{\"@type\":\"Article\",\"@id\":\"https:\\\/\\\/www.organisator.ch\\\/management\\\/it\\\/2018-09-26\\\/ai-race-die-schweiz-muss-gas-geben\\\/#article\",\"isPartOf\":{\"@id\":\"https:\\\/\\\/www.organisator.ch\\\/management\\\/it\\\/2018-09-26\\\/ai-race-die-schweiz-muss-gas-geben\\\/\"},\"author\":{\"name\":\"thomas.berner\",\"@id\":\"https:\\\/\\\/www.organisator.ch\\\/#\\\/schema\\\/person\\\/6f650f90b2842cd4c0cc334b4e36f67e\"},\"headline\":\"\u00abAI-Race\u00bb: Die Schweiz muss Gas geben\",\"datePublished\":\"2018-09-26T06:41:26+00:00\",\"mainEntityOfPage\":{\"@id\":\"https:\\\/\\\/www.organisator.ch\\\/management\\\/it\\\/2018-09-26\\\/ai-race-die-schweiz-muss-gas-geben\\\/\"},\"wordCount\":410,\"commentCount\":0,\"publisher\":{\"@id\":\"https:\\\/\\\/www.organisator.ch\\\/#organization\"},\"image\":{\"@id\":\"https:\\\/\\\/www.organisator.ch\\\/management\\\/it\\\/2018-09-26\\\/ai-race-die-schweiz-muss-gas-geben\\\/#primaryimage\"},\"thumbnailUrl\":\"https:\\\/\\\/www.organisator.ch\\\/wp-content\\\/uploads\\\/2018\\\/09\\\/AI-Race-Die-Schweiz-muss-Gas-geben_Organisator.jpeg\",\"keywords\":[\"Digitalisierung\",\"Fachkongress\\\/Fachmesse\",\"IT\",\"K\u00fcnstliche Intelligenz\",\"Wirtschaftspolitik\"],\"articleSection\":[\"IT\"],\"inLanguage\":\"en-US\"},{\"@type\":\"WebPage\",\"@id\":\"https:\\\/\\\/www.organisator.ch\\\/management\\\/it\\\/2018-09-26\\\/ai-race-die-schweiz-muss-gas-geben\\\/\",\"url\":\"https:\\\/\\\/www.organisator.ch\\\/management\\\/it\\\/2018-09-26\\\/ai-race-die-schweiz-muss-gas-geben\\\/\",\"name\":\"\u00abAI-Race\u00bb: Die Schweiz muss Gas geben - Organisator\",\"isPartOf\":{\"@id\":\"https:\\\/\\\/www.organisator.ch\\\/#website\"},\"primaryImageOfPage\":{\"@id\":\"https:\\\/\\\/www.organisator.ch\\\/management\\\/it\\\/2018-09-26\\\/ai-race-die-schweiz-muss-gas-geben\\\/#primaryimage\"},\"image\":{\"@id\":\"https:\\\/\\\/www.organisator.ch\\\/management\\\/it\\\/2018-09-26\\\/ai-race-die-schweiz-muss-gas-geben\\\/#primaryimage\"},\"thumbnailUrl\":\"https:\\\/\\\/www.organisator.ch\\\/wp-content\\\/uploads\\\/2018\\\/09\\\/AI-Race-Die-Schweiz-muss-Gas-geben_Organisator.jpeg\",\"datePublished\":\"2018-09-26T06:41:26+00:00\",\"description\":\"Effiziente Ausbildung und eine faire Besteuerung der digitalen Wertsch\u00f6pfung sind f\u00fcr die ICT-Branche wichtige Pfeiler f\u00fcr die Zukunft.\",\"breadcrumb\":{\"@id\":\"https:\\\/\\\/www.organisator.ch\\\/management\\\/it\\\/2018-09-26\\\/ai-race-die-schweiz-muss-gas-geben\\\/#breadcrumb\"},\"inLanguage\":\"en-US\",\"potentialAction\":[{\"@type\":\"ReadAction\",\"target\":[\"https:\\\/\\\/www.organisator.ch\\\/management\\\/it\\\/2018-09-26\\\/ai-race-die-schweiz-muss-gas-geben\\\/\"]}]},{\"@type\":\"ImageObject\",\"inLanguage\":\"en-US\",\"@id\":\"https:\\\/\\\/www.organisator.ch\\\/management\\\/it\\\/2018-09-26\\\/ai-race-die-schweiz-muss-gas-geben\\\/#primaryimage\",\"url\":\"https:\\\/\\\/www.organisator.ch\\\/wp-content\\\/uploads\\\/2018\\\/09\\\/AI-Race-Die-Schweiz-muss-Gas-geben_Organisator.jpeg\",\"contentUrl\":\"https:\\\/\\\/www.organisator.ch\\\/wp-content\\\/uploads\\\/2018\\\/09\\\/AI-Race-Die-Schweiz-muss-Gas-geben_Organisator.jpeg\",\"width\":640,\"height\":327,\"caption\":\"Medien-Roundtable am SwissICT Symposium: F\u00fcr das AI-Race muss die Schweiz Gas geben. (Bild: swissICT Symposium).\"},{\"@type\":\"BreadcrumbList\",\"@id\":\"https:\\\/\\\/www.organisator.ch\\\/management\\\/it\\\/2018-09-26\\\/ai-race-die-schweiz-muss-gas-geben\\\/#breadcrumb\",\"itemListElement\":[{\"@type\":\"ListItem\",\"position\":1,\"name\":\"Home\",\"item\":\"https:\\\/\\\/www.organisator.ch\\\/\"},{\"@type\":\"ListItem\",\"position\":2,\"name\":\"\u00abAI-Race\u00bb: Die Schweiz muss Gas geben\"}]},{\"@type\":\"WebSite\",\"@id\":\"https:\\\/\\\/www.organisator.ch\\\/#website\",\"url\":\"https:\\\/\\\/www.organisator.ch\\\/\",\"name\":\"Organisator\",\"description\":\"Kompetent. Praxisnah. Der ORGANISATOR bereitet in 10 Ausgaben pro Jahr die wesentlichen Themen f\u00fcr F\u00fchrungskr\u00e4fte von KMU auf.\",\"publisher\":{\"@id\":\"https:\\\/\\\/www.organisator.ch\\\/#organization\"},\"potentialAction\":[{\"@type\":\"SearchAction\",\"target\":{\"@type\":\"EntryPoint\",\"urlTemplate\":\"https:\\\/\\\/www.organisator.ch\\\/?s={search_term_string}\"},\"query-input\":{\"@type\":\"PropertyValueSpecification\",\"valueRequired\":true,\"valueName\":\"search_term_string\"}}],\"inLanguage\":\"en-US\"},{\"@type\":\"Organization\",\"@id\":\"https:\\\/\\\/www.organisator.ch\\\/#organization\",\"name\":\"Organisator\",\"url\":\"https:\\\/\\\/www.organisator.ch\\\/\",\"logo\":{\"@type\":\"ImageObject\",\"inLanguage\":\"en-US\",\"@id\":\"https:\\\/\\\/www.organisator.ch\\\/#\\\/schema\\\/logo\\\/image\\\/\",\"url\":\"https:\\\/\\\/www.organisator.ch\\\/wp-content\\\/uploads\\\/2022\\\/01\\\/Logo_Organisator_Website.png\",\"contentUrl\":\"https:\\\/\\\/www.organisator.ch\\\/wp-content\\\/uploads\\\/2022\\\/01\\\/Logo_Organisator_Website.png\",\"width\":800,\"height\":77,\"caption\":\"Organisator\"},\"image\":{\"@id\":\"https:\\\/\\\/www.organisator.ch\\\/#\\\/schema\\\/logo\\\/image\\\/\"},\"sameAs\":[\"https:\\\/\\\/www.facebook.com\\\/OrganisatorFachmagazin\",\"https:\\\/\\\/www.linkedin.com\\\/showcase\\\/organisator-das-magazin-fr-kmu\",\"https:\\\/\\\/www.xing.com\\\/news\\\/pages\\\/organisator-ch-695\",\"https:\\\/\\\/www.youtube.com\\\/channel\\\/UCGP2Sq0iWaZwT3BdIAQFYpw\"]},{\"@type\":\"Person\",\"@id\":\"https:\\\/\\\/www.organisator.ch\\\/#\\\/schema\\\/person\\\/6f650f90b2842cd4c0cc334b4e36f67e\",\"name\":\"thomas.berner\",\"image\":{\"@type\":\"ImageObject\",\"inLanguage\":\"en-US\",\"@id\":\"https:\\\/\\\/secure.gravatar.com\\\/avatar\\\/ac5001d2a36cb6c6cd3e50789007ffca834b477b74a2144564522e944eabff61?s=96&d=mm&r=g\",\"url\":\"https:\\\/\\\/secure.gravatar.com\\\/avatar\\\/ac5001d2a36cb6c6cd3e50789007ffca834b477b74a2144564522e944eabff61?s=96&d=mm&r=g\",\"contentUrl\":\"https:\\\/\\\/secure.gravatar.com\\\/avatar\\\/ac5001d2a36cb6c6cd3e50789007ffca834b477b74a2144564522e944eabff61?s=96&d=mm&r=g\",\"caption\":\"thomas.berner\"},\"url\":\"https:\\\/\\\/www.organisator.ch\\\/en\\\/author\\\/thomas-berner\\\/\"}]}<\/script>\n<!-- \/ Yoast SEO plugin. -->","yoast_head_json":{"title":"\"AI Race\": Switzerland must step on the gas - Organizer","description":"Efficient training and fair taxation of digital value creation are important pillars for the future of the ICT industry.","robots":{"index":"index","follow":"follow","max-snippet":"max-snippet:-1","max-image-preview":"max-image-preview:large","max-video-preview":"max-video-preview:-1"},"canonical":"https:\/\/www.organisator.ch\/en\/management\/it\/2018-09-26\/ai-race-die-schweiz-muss-gas-geben\/","og_locale":"en_US","og_type":"article","og_title":"\u00abAI-Race\u00bb: Die Schweiz muss Gas geben","og_description":"Effiziente Ausbildung und eine faire Besteuerung der digitalen Wertsch\u00f6pfung sind f\u00fcr die ICT-Branche wichtige Pfeiler f\u00fcr die Zukunft.","og_url":"https:\/\/www.organisator.ch\/en\/management\/it\/2018-09-26\/ai-race-die-schweiz-muss-gas-geben\/","og_site_name":"Organisator","article_publisher":"https:\/\/www.facebook.com\/OrganisatorFachmagazin","article_published_time":"2018-09-26T06:41:26+00:00","og_image":[{"width":640,"height":327,"url":"https:\/\/www.organisator.ch\/wp-content\/uploads\/2018\/09\/AI-Race-Die-Schweiz-muss-Gas-geben_Organisator.jpeg","type":"image\/jpeg"}],"author":"thomas.berner","twitter_card":"summary_large_image","twitter_title":"\u00ab#AI-Race\u00bb: Die Schweiz muss Gas geben","twitter_description":"Effiziente Ausbildung und eine faire Besteuerung der digitalen Wertsch\u00f6pfung sind f\u00fcr die #ICT-Branche wichtige Pfeiler f\u00fcr die Zukunft.","twitter_image":"https:\/\/www.organisator.ch\/wp-content\/uploads\/2018\/09\/AI-Race-Die-Schweiz-muss-Gas-geben_Organisator.jpeg","schema":{"@context":"https:\/\/schema.org","@graph":[{"@type":"Article","@id":"https:\/\/www.organisator.ch\/management\/it\/2018-09-26\/ai-race-die-schweiz-muss-gas-geben\/#article","isPartOf":{"@id":"https:\/\/www.organisator.ch\/management\/it\/2018-09-26\/ai-race-die-schweiz-muss-gas-geben\/"},"author":{"name":"thomas.berner","@id":"https:\/\/www.organisator.ch\/#\/schema\/person\/6f650f90b2842cd4c0cc334b4e36f67e"},"headline":"\u00abAI-Race\u00bb: Die Schweiz muss Gas geben","datePublished":"2018-09-26T06:41:26+00:00","mainEntityOfPage":{"@id":"https:\/\/www.organisator.ch\/management\/it\/2018-09-26\/ai-race-die-schweiz-muss-gas-geben\/"},"wordCount":410,"commentCount":0,"publisher":{"@id":"https:\/\/www.organisator.ch\/#organization"},"image":{"@id":"https:\/\/www.organisator.ch\/management\/it\/2018-09-26\/ai-race-die-schweiz-muss-gas-geben\/#primaryimage"},"thumbnailUrl":"https:\/\/www.organisator.ch\/wp-content\/uploads\/2018\/09\/AI-Race-Die-Schweiz-muss-Gas-geben_Organisator.jpeg","keywords":["Digitalisierung","Fachkongress\/Fachmesse","IT","K\u00fcnstliche Intelligenz","Wirtschaftspolitik"],"articleSection":["IT"],"inLanguage":"en-US"},{"@type":"WebPage","@id":"https:\/\/www.organisator.ch\/management\/it\/2018-09-26\/ai-race-die-schweiz-muss-gas-geben\/","url":"https:\/\/www.organisator.ch\/management\/it\/2018-09-26\/ai-race-die-schweiz-muss-gas-geben\/","name":"\"AI Race\": Switzerland must step on the gas - Organizer","isPartOf":{"@id":"https:\/\/www.organisator.ch\/#website"},"primaryImageOfPage":{"@id":"https:\/\/www.organisator.ch\/management\/it\/2018-09-26\/ai-race-die-schweiz-muss-gas-geben\/#primaryimage"},"image":{"@id":"https:\/\/www.organisator.ch\/management\/it\/2018-09-26\/ai-race-die-schweiz-muss-gas-geben\/#primaryimage"},"thumbnailUrl":"https:\/\/www.organisator.ch\/wp-content\/uploads\/2018\/09\/AI-Race-Die-Schweiz-muss-Gas-geben_Organisator.jpeg","datePublished":"2018-09-26T06:41:26+00:00","description":"Efficient training and fair taxation of digital value creation are important pillars for the future of the ICT industry.","breadcrumb":{"@id":"https:\/\/www.organisator.ch\/management\/it\/2018-09-26\/ai-race-die-schweiz-muss-gas-geben\/#breadcrumb"},"inLanguage":"en-US","potentialAction":[{"@type":"ReadAction","target":["https:\/\/www.organisator.ch\/management\/it\/2018-09-26\/ai-race-die-schweiz-muss-gas-geben\/"]}]},{"@type":"ImageObject","inLanguage":"en-US","@id":"https:\/\/www.organisator.ch\/management\/it\/2018-09-26\/ai-race-die-schweiz-muss-gas-geben\/#primaryimage","url":"https:\/\/www.organisator.ch\/wp-content\/uploads\/2018\/09\/AI-Race-Die-Schweiz-muss-Gas-geben_Organisator.jpeg","contentUrl":"https:\/\/www.organisator.ch\/wp-content\/uploads\/2018\/09\/AI-Race-Die-Schweiz-muss-Gas-geben_Organisator.jpeg","width":640,"height":327,"caption":"Medien-Roundtable am SwissICT Symposium: F\u00fcr das AI-Race muss die Schweiz Gas geben. (Bild: swissICT Symposium)."},{"@type":"BreadcrumbList","@id":"https:\/\/www.organisator.ch\/management\/it\/2018-09-26\/ai-race-die-schweiz-muss-gas-geben\/#breadcrumb","itemListElement":[{"@type":"ListItem","position":1,"name":"Home","item":"https:\/\/www.organisator.ch\/"},{"@type":"ListItem","position":2,"name":"\u00abAI-Race\u00bb: Die Schweiz muss Gas geben"}]},{"@type":"WebSite","@id":"https:\/\/www.organisator.ch\/#website","url":"https:\/\/www.organisator.ch\/","name":"Organizer","description":"Competent. Practical. In 10 issues per year, ORGANISATOR presents the essential topics for managers of SMEs.","publisher":{"@id":"https:\/\/www.organisator.ch\/#organization"},"potentialAction":[{"@type":"SearchAction","target":{"@type":"EntryPoint","urlTemplate":"https:\/\/www.organisator.ch\/?s={search_term_string}"},"query-input":{"@type":"PropertyValueSpecification","valueRequired":true,"valueName":"search_term_string"}}],"inLanguage":"en-US"},{"@type":"Organization","@id":"https:\/\/www.organisator.ch\/#organization","name":"Organizer","url":"https:\/\/www.organisator.ch\/","logo":{"@type":"ImageObject","inLanguage":"en-US","@id":"https:\/\/www.organisator.ch\/#\/schema\/logo\/image\/","url":"https:\/\/www.organisator.ch\/wp-content\/uploads\/2022\/01\/Logo_Organisator_Website.png","contentUrl":"https:\/\/www.organisator.ch\/wp-content\/uploads\/2022\/01\/Logo_Organisator_Website.png","width":800,"height":77,"caption":"Organisator"},"image":{"@id":"https:\/\/www.organisator.ch\/#\/schema\/logo\/image\/"},"sameAs":["https:\/\/www.facebook.com\/OrganisatorFachmagazin","https:\/\/www.linkedin.com\/showcase\/organisator-das-magazin-fr-kmu","https:\/\/www.xing.com\/news\/pages\/organisator-ch-695","https:\/\/www.youtube.com\/channel\/UCGP2Sq0iWaZwT3BdIAQFYpw"]},{"@type":"Person","@id":"https:\/\/www.organisator.ch\/#\/schema\/person\/6f650f90b2842cd4c0cc334b4e36f67e","name":"thomas.berner","image":{"@type":"ImageObject","inLanguage":"en-US","@id":"https:\/\/secure.gravatar.com\/avatar\/ac5001d2a36cb6c6cd3e50789007ffca834b477b74a2144564522e944eabff61?s=96&d=mm&r=g","url":"https:\/\/secure.gravatar.com\/avatar\/ac5001d2a36cb6c6cd3e50789007ffca834b477b74a2144564522e944eabff61?s=96&d=mm&r=g","contentUrl":"https:\/\/secure.gravatar.com\/avatar\/ac5001d2a36cb6c6cd3e50789007ffca834b477b74a2144564522e944eabff61?s=96&d=mm&r=g","caption":"thomas.berner"},"url":"https:\/\/www.organisator.ch\/en\/author\/thomas-berner\/"}]}},"_links":{"self":[{"href":"https:\/\/www.organisator.ch\/en\/wp-json\/wp\/v2\/posts\/4290","targetHints":{"allow":["GET"]}}],"collection":[{"href":"https:\/\/www.organisator.ch\/en\/wp-json\/wp\/v2\/posts"}],"about":[{"href":"https:\/\/www.organisator.ch\/en\/wp-json\/wp\/v2\/types\/post"}],"author":[{"embeddable":true,"href":"https:\/\/www.organisator.ch\/en\/wp-json\/wp\/v2\/users\/4"}],"replies":[{"embeddable":true,"href":"https:\/\/www.organisator.ch\/en\/wp-json\/wp\/v2\/comments?post=4290"}],"version-history":[{"count":0,"href":"https:\/\/www.organisator.ch\/en\/wp-json\/wp\/v2\/posts\/4290\/revisions"}],"wp:featuredmedia":[{"embeddable":true,"href":"https:\/\/www.organisator.ch\/en\/wp-json\/wp\/v2\/media\/4291"}],"wp:attachment":[{"href":"https:\/\/www.organisator.ch\/en\/wp-json\/wp\/v2\/media?parent=4290"}],"wp:term":[{"taxonomy":"category","embeddable":true,"href":"https:\/\/www.organisator.ch\/en\/wp-json\/wp\/v2\/categories?post=4290"},{"taxonomy":"post_tag","embeddable":true,"href":"https:\/\/www.organisator.ch\/en\/wp-json\/wp\/v2\/tags?post=4290"}],"curies":[{"name":"wp","href":"https:\/\/api.w.org\/{rel}","templated":true}]}}