{"id":4303,"date":"2018-09-28T08:28:50","date_gmt":"2018-09-28T06:28:50","guid":{"rendered":"https:\/\/www.organisator.ch\/?p=4303"},"modified":"2018-09-28T08:28:50","modified_gmt":"2018-09-28T06:28:50","slug":"firmenjubilaeum-jaisli-xamax-ag-50-jahre-unter-strom","status":"publish","type":"post","link":"https:\/\/www.organisator.ch\/en\/management\/2018-09-28\/firmenjubilaeum-jaisli-xamax-ag-50-jahre-unter-strom\/","title":{"rendered":"Company anniversary Jaisli-Xamax AG: 50 years under power"},"content":{"rendered":"<figure id=\"attachment_4304\" aria-describedby=\"caption-attachment-4304\" style=\"width: 614px\" class=\"wp-caption alignnone\"><img loading=\"lazy\" decoding=\"async\" class=\"size-full wp-image-4304\" src=\"https:\/\/www.organisator.ch\/wp-content\/uploads\/2018\/09\/Firmenjubilaeum-Jaisli-Xamax-AG-50-Jahre-unter-Strom_Organisator.jpg\" alt=\"\" width=\"614\" height=\"480\" srcset=\"https:\/\/www.organisator.ch\/wp-content\/uploads\/2018\/09\/Firmenjubilaeum-Jaisli-Xamax-AG-50-Jahre-unter-Strom_Organisator.jpg 614w, https:\/\/www.organisator.ch\/wp-content\/uploads\/2018\/09\/Firmenjubilaeum-Jaisli-Xamax-AG-50-Jahre-unter-Strom_Organisator-16x12.jpg 16w, https:\/\/www.organisator.ch\/wp-content\/uploads\/2018\/09\/Firmenjubilaeum-Jaisli-Xamax-AG-50-Jahre-unter-Strom_Organisator-224x175.jpg 224w, https:\/\/www.organisator.ch\/wp-content\/uploads\/2018\/09\/Firmenjubilaeum-Jaisli-Xamax-AG-50-Jahre-unter-Strom_Organisator-448x350.jpg 448w, https:\/\/www.organisator.ch\/wp-content\/uploads\/2018\/09\/Firmenjubilaeum-Jaisli-Xamax-AG-50-Jahre-unter-Strom_Organisator-300x235.jpg 300w\" sizes=\"auto, (max-width: 614px) 100vw, 614px\" \/><figcaption id=\"caption-attachment-4304\" class=\"wp-caption-text\">On the occasion of its 50th anniversary, the corporate design of Jaisli-Xamax AG was redesigned - also visible in the employee newspaper \"Brilli's News\". (Image: zVg)<\/figcaption><\/figure>\n<p>On October 1, 1968, Ruedi Jaisli founded the company R. Jaisli &amp; Co. - initially as a pure electrical installation company with ten employees. Today, the company has grown into an electrical company with around 400 employees. Its specialties include electrical installations, switchgear construction, service\/customer support, building systems technology, photovoltaics and telematics. Jaisli-Xamax AG also enjoys great importance as an apprenticing company: 70 apprentices are currently being trained.<\/p>\n<h2>Anniversary duly celebrated - and new appearance<\/h2>\n<p>On June 23, a celebration was held at the headquarters in Dietikon: A barbecue brought together clients, project partners, employees and, as guest of honor, company founder Ruedi Jaisli. But not only that: The company is also taking the anniversary as an opportunity to give itself a new image. A new corporate design was developed with a Zurich graphics agency. The staff newspaper \"Brilli's News\" also has a new look: the color concept has been retained, but the typeface and look have been completely redesigned. The online presence of Jaisli-Xamax AG was also revised and made even more user-friendly.<\/p>\n<h2>Four apprentice ambassadors<\/h2>\n<p>For the first time, four apprentices from all occupational fields - electrician, installation electrician, automatic fitter, businesswoman - will report as ambassadors about their apprenticeship at Jaisli-Xamax AG. The ambassador and the three ambassadors offer prospective apprentices exciting insights into their everyday apprenticeship life. Prospective apprentices learn first-hand more about the apprenticeship and benefit from the experiences of their colleagues. With this measure, the company wants to promote direct exchange between young people. Another aim is to increase the proportion of women in electrical professions. This is to be achieved, among other things, through experience days on the subject of electricity at elementary school, in order to get more girls interested in this field.<\/p>\n<p><a href=\"http:\/\/www.jaisli-xamax.ch\"><em>More information<\/em><\/a><\/p>\n<p>&nbsp;<\/p>","protected":false},"excerpt":{"rendered":"<p>Am 1. Oktober 1968 gr\u00fcndete Ruedi Jaisli die Firma R. Jaisli &amp; Co. &#8211; zun\u00e4chst als reiner Elektroinstallationsbetrieb mit zehn Mitarbeitenden. Heute ist die Firma zu einem Elektrounternehmen mit rund 400 Mitarbeitenden gewachsen. Zu den Spezialgebieten geh\u00f6ren die Bereiche Elektroinstallationen, Schaltanlagenbau, Service\/Kundendienst, Geb\u00e4udesystemtechnik, Photovoltaik sowie Telematik. Grossen Stellenwert geniesst die Jaisli-Xamax AG auch als Lehrbetrieb: [&hellip;]<\/p>\n","protected":false},"author":4,"featured_media":4304,"comment_status":"open","ping_status":"open","sticky":false,"template":"","format":"standard","meta":{"_acf_changed":false,"_yoast_wpseo_focuskw":"Jaisli-Xamax","_yoast_wpseo_metadesc":"Das Elektroinstallations-Unternehmen Jaisli-Xamax AG feiert dieses Jahr sein 50-j\u00e4hriges Bestehen.","articlekey":"","footnotes":""},"categories":[28],"tags":[206,492,508],"class_list":["post-4303","post","type-post","status-publish","format-standard","has-post-thumbnail","hentry","category-management","tag-firmenjubilaeum","tag-unternehmen","tag-vermischtes"],"acf":[],"yoast_head":"<!-- This site is optimized with the Yoast SEO plugin v27.5 - https:\/\/yoast.com\/product\/yoast-seo-wordpress\/ -->\n<title>Firmenjubil\u00e4um Jaisli-Xamax AG: 50 Jahre unter Strom - Organisator<\/title>\n<meta name=\"description\" content=\"Das Elektroinstallations-Unternehmen Jaisli-Xamax AG feiert dieses Jahr sein 50-j\u00e4hriges Bestehen.\" \/>\n<meta name=\"robots\" content=\"index, follow, max-snippet:-1, max-image-preview:large, max-video-preview:-1\" \/>\n<link rel=\"canonical\" href=\"https:\/\/www.organisator.ch\/en\/management\/2018-09-28\/firmenjubilaeum-jaisli-xamax-ag-50-jahre-unter-strom\/\" \/>\n<meta property=\"og:locale\" content=\"en_US\" \/>\n<meta property=\"og:type\" content=\"article\" \/>\n<meta property=\"og:title\" content=\"Firmenjubil\u00e4um Jaisli-Xamax AG: 50 Jahre unter Strom\" \/>\n<meta property=\"og:description\" content=\"Das Elektroinstallations-Unternehmen Jaisli-Xamax AG feiert dieses Jahr sein 50-j\u00e4hriges Bestehen.\" \/>\n<meta property=\"og:url\" content=\"https:\/\/www.organisator.ch\/en\/management\/2018-09-28\/firmenjubilaeum-jaisli-xamax-ag-50-jahre-unter-strom\/\" \/>\n<meta property=\"og:site_name\" content=\"Organisator\" \/>\n<meta property=\"article:publisher\" content=\"https:\/\/www.facebook.com\/OrganisatorFachmagazin\" \/>\n<meta property=\"article:published_time\" content=\"2018-09-28T06:28:50+00:00\" \/>\n<meta property=\"og:image\" content=\"https:\/\/www.organisator.ch\/wp-content\/uploads\/2018\/09\/Firmenjubilaeum-Jaisli-Xamax-AG-50-Jahre-unter-Strom_Organisator.jpg\" \/>\n\t<meta property=\"og:image:width\" content=\"614\" \/>\n\t<meta property=\"og:image:height\" content=\"480\" \/>\n\t<meta property=\"og:image:type\" content=\"image\/jpeg\" \/>\n<meta name=\"author\" content=\"thomas.berner\" \/>\n<meta name=\"twitter:card\" content=\"summary_large_image\" \/>\n<meta name=\"twitter:title\" content=\"Firmenjubil\u00e4um #Jaisli-Xamax AG: 50 Jahre unter Strom\" \/>\n<meta name=\"twitter:description\" content=\"Das Elektroinstallations-Unternehmen #Jaisli-Xamax AG feiert dieses Jahr sein 50-j\u00e4hriges Bestehen.\" \/>\n<meta name=\"twitter:image\" content=\"https:\/\/www.organisator.ch\/wp-content\/uploads\/2018\/09\/Firmenjubil\u00e4um-Jaisli-Xamax-AG-50-Jahre-unter-Strom_Organisator.jpg\" \/>\n<script type=\"application\/ld+json\" class=\"yoast-schema-graph\">{\"@context\":\"https:\\\/\\\/schema.org\",\"@graph\":[{\"@type\":\"Article\",\"@id\":\"https:\\\/\\\/www.organisator.ch\\\/management\\\/2018-09-28\\\/firmenjubilaeum-jaisli-xamax-ag-50-jahre-unter-strom\\\/#article\",\"isPartOf\":{\"@id\":\"https:\\\/\\\/www.organisator.ch\\\/management\\\/2018-09-28\\\/firmenjubilaeum-jaisli-xamax-ag-50-jahre-unter-strom\\\/\"},\"author\":{\"name\":\"thomas.berner\",\"@id\":\"https:\\\/\\\/www.organisator.ch\\\/#\\\/schema\\\/person\\\/6f650f90b2842cd4c0cc334b4e36f67e\"},\"headline\":\"Firmenjubil\u00e4um Jaisli-Xamax AG: 50 Jahre unter Strom\",\"datePublished\":\"2018-09-28T06:28:50+00:00\",\"mainEntityOfPage\":{\"@id\":\"https:\\\/\\\/www.organisator.ch\\\/management\\\/2018-09-28\\\/firmenjubilaeum-jaisli-xamax-ag-50-jahre-unter-strom\\\/\"},\"wordCount\":306,\"commentCount\":0,\"publisher\":{\"@id\":\"https:\\\/\\\/www.organisator.ch\\\/#organization\"},\"image\":{\"@id\":\"https:\\\/\\\/www.organisator.ch\\\/management\\\/2018-09-28\\\/firmenjubilaeum-jaisli-xamax-ag-50-jahre-unter-strom\\\/#primaryimage\"},\"thumbnailUrl\":\"https:\\\/\\\/www.organisator.ch\\\/wp-content\\\/uploads\\\/2018\\\/09\\\/Firmenjubilaeum-Jaisli-Xamax-AG-50-Jahre-unter-Strom_Organisator.jpg\",\"keywords\":[\"Firmenjubil\u00e4um\",\"Unternehmen\",\"Vermischtes\"],\"articleSection\":[\"MANAGEMENT\"],\"inLanguage\":\"en-US\"},{\"@type\":\"WebPage\",\"@id\":\"https:\\\/\\\/www.organisator.ch\\\/management\\\/2018-09-28\\\/firmenjubilaeum-jaisli-xamax-ag-50-jahre-unter-strom\\\/\",\"url\":\"https:\\\/\\\/www.organisator.ch\\\/management\\\/2018-09-28\\\/firmenjubilaeum-jaisli-xamax-ag-50-jahre-unter-strom\\\/\",\"name\":\"Firmenjubil\u00e4um Jaisli-Xamax AG: 50 Jahre unter Strom - Organisator\",\"isPartOf\":{\"@id\":\"https:\\\/\\\/www.organisator.ch\\\/#website\"},\"primaryImageOfPage\":{\"@id\":\"https:\\\/\\\/www.organisator.ch\\\/management\\\/2018-09-28\\\/firmenjubilaeum-jaisli-xamax-ag-50-jahre-unter-strom\\\/#primaryimage\"},\"image\":{\"@id\":\"https:\\\/\\\/www.organisator.ch\\\/management\\\/2018-09-28\\\/firmenjubilaeum-jaisli-xamax-ag-50-jahre-unter-strom\\\/#primaryimage\"},\"thumbnailUrl\":\"https:\\\/\\\/www.organisator.ch\\\/wp-content\\\/uploads\\\/2018\\\/09\\\/Firmenjubilaeum-Jaisli-Xamax-AG-50-Jahre-unter-Strom_Organisator.jpg\",\"datePublished\":\"2018-09-28T06:28:50+00:00\",\"description\":\"Das Elektroinstallations-Unternehmen Jaisli-Xamax AG feiert dieses Jahr sein 50-j\u00e4hriges Bestehen.\",\"breadcrumb\":{\"@id\":\"https:\\\/\\\/www.organisator.ch\\\/management\\\/2018-09-28\\\/firmenjubilaeum-jaisli-xamax-ag-50-jahre-unter-strom\\\/#breadcrumb\"},\"inLanguage\":\"en-US\",\"potentialAction\":[{\"@type\":\"ReadAction\",\"target\":[\"https:\\\/\\\/www.organisator.ch\\\/management\\\/2018-09-28\\\/firmenjubilaeum-jaisli-xamax-ag-50-jahre-unter-strom\\\/\"]}]},{\"@type\":\"ImageObject\",\"inLanguage\":\"en-US\",\"@id\":\"https:\\\/\\\/www.organisator.ch\\\/management\\\/2018-09-28\\\/firmenjubilaeum-jaisli-xamax-ag-50-jahre-unter-strom\\\/#primaryimage\",\"url\":\"https:\\\/\\\/www.organisator.ch\\\/wp-content\\\/uploads\\\/2018\\\/09\\\/Firmenjubilaeum-Jaisli-Xamax-AG-50-Jahre-unter-Strom_Organisator.jpg\",\"contentUrl\":\"https:\\\/\\\/www.organisator.ch\\\/wp-content\\\/uploads\\\/2018\\\/09\\\/Firmenjubilaeum-Jaisli-Xamax-AG-50-Jahre-unter-Strom_Organisator.jpg\",\"width\":614,\"height\":480,\"caption\":\"Zum 50-Jahr-Jubil\u00e4um wurde das Corporate Design von Jaisli-Xamax AG neu gestaltet - sichtbar auch an der Mitarbeiterzeitung \\\"Brilli's News\\\". (Bild: zVg)\"},{\"@type\":\"BreadcrumbList\",\"@id\":\"https:\\\/\\\/www.organisator.ch\\\/management\\\/2018-09-28\\\/firmenjubilaeum-jaisli-xamax-ag-50-jahre-unter-strom\\\/#breadcrumb\",\"itemListElement\":[{\"@type\":\"ListItem\",\"position\":1,\"name\":\"Home\",\"item\":\"https:\\\/\\\/www.organisator.ch\\\/\"},{\"@type\":\"ListItem\",\"position\":2,\"name\":\"Firmenjubil\u00e4um Jaisli-Xamax AG: 50 Jahre unter Strom\"}]},{\"@type\":\"WebSite\",\"@id\":\"https:\\\/\\\/www.organisator.ch\\\/#website\",\"url\":\"https:\\\/\\\/www.organisator.ch\\\/\",\"name\":\"Organisator\",\"description\":\"Kompetent. Praxisnah. Der ORGANISATOR bereitet in 10 Ausgaben pro Jahr die wesentlichen Themen f\u00fcr F\u00fchrungskr\u00e4fte von KMU auf.\",\"publisher\":{\"@id\":\"https:\\\/\\\/www.organisator.ch\\\/#organization\"},\"potentialAction\":[{\"@type\":\"SearchAction\",\"target\":{\"@type\":\"EntryPoint\",\"urlTemplate\":\"https:\\\/\\\/www.organisator.ch\\\/?s={search_term_string}\"},\"query-input\":{\"@type\":\"PropertyValueSpecification\",\"valueRequired\":true,\"valueName\":\"search_term_string\"}}],\"inLanguage\":\"en-US\"},{\"@type\":\"Organization\",\"@id\":\"https:\\\/\\\/www.organisator.ch\\\/#organization\",\"name\":\"Organisator\",\"url\":\"https:\\\/\\\/www.organisator.ch\\\/\",\"logo\":{\"@type\":\"ImageObject\",\"inLanguage\":\"en-US\",\"@id\":\"https:\\\/\\\/www.organisator.ch\\\/#\\\/schema\\\/logo\\\/image\\\/\",\"url\":\"https:\\\/\\\/www.organisator.ch\\\/wp-content\\\/uploads\\\/2022\\\/01\\\/Logo_Organisator_Website.png\",\"contentUrl\":\"https:\\\/\\\/www.organisator.ch\\\/wp-content\\\/uploads\\\/2022\\\/01\\\/Logo_Organisator_Website.png\",\"width\":800,\"height\":77,\"caption\":\"Organisator\"},\"image\":{\"@id\":\"https:\\\/\\\/www.organisator.ch\\\/#\\\/schema\\\/logo\\\/image\\\/\"},\"sameAs\":[\"https:\\\/\\\/www.facebook.com\\\/OrganisatorFachmagazin\",\"https:\\\/\\\/www.linkedin.com\\\/showcase\\\/organisator-das-magazin-fr-kmu\",\"https:\\\/\\\/www.xing.com\\\/news\\\/pages\\\/organisator-ch-695\",\"https:\\\/\\\/www.youtube.com\\\/channel\\\/UCGP2Sq0iWaZwT3BdIAQFYpw\"]},{\"@type\":\"Person\",\"@id\":\"https:\\\/\\\/www.organisator.ch\\\/#\\\/schema\\\/person\\\/6f650f90b2842cd4c0cc334b4e36f67e\",\"name\":\"thomas.berner\",\"image\":{\"@type\":\"ImageObject\",\"inLanguage\":\"en-US\",\"@id\":\"https:\\\/\\\/secure.gravatar.com\\\/avatar\\\/ac5001d2a36cb6c6cd3e50789007ffca834b477b74a2144564522e944eabff61?s=96&d=mm&r=g\",\"url\":\"https:\\\/\\\/secure.gravatar.com\\\/avatar\\\/ac5001d2a36cb6c6cd3e50789007ffca834b477b74a2144564522e944eabff61?s=96&d=mm&r=g\",\"contentUrl\":\"https:\\\/\\\/secure.gravatar.com\\\/avatar\\\/ac5001d2a36cb6c6cd3e50789007ffca834b477b74a2144564522e944eabff61?s=96&d=mm&r=g\",\"caption\":\"thomas.berner\"},\"url\":\"https:\\\/\\\/www.organisator.ch\\\/en\\\/author\\\/thomas-berner\\\/\"}]}<\/script>\n<!-- \/ Yoast SEO plugin. -->","yoast_head_json":{"title":"Company anniversary Jaisli-Xamax AG: 50 years under power - Organizer","description":"The electrical installation company Jaisli-Xamax AG celebrates its 50th anniversary this year.","robots":{"index":"index","follow":"follow","max-snippet":"max-snippet:-1","max-image-preview":"max-image-preview:large","max-video-preview":"max-video-preview:-1"},"canonical":"https:\/\/www.organisator.ch\/en\/management\/2018-09-28\/firmenjubilaeum-jaisli-xamax-ag-50-jahre-unter-strom\/","og_locale":"en_US","og_type":"article","og_title":"Firmenjubil\u00e4um Jaisli-Xamax AG: 50 Jahre unter Strom","og_description":"Das Elektroinstallations-Unternehmen Jaisli-Xamax AG feiert dieses Jahr sein 50-j\u00e4hriges Bestehen.","og_url":"https:\/\/www.organisator.ch\/en\/management\/2018-09-28\/firmenjubilaeum-jaisli-xamax-ag-50-jahre-unter-strom\/","og_site_name":"Organisator","article_publisher":"https:\/\/www.facebook.com\/OrganisatorFachmagazin","article_published_time":"2018-09-28T06:28:50+00:00","og_image":[{"width":614,"height":480,"url":"https:\/\/www.organisator.ch\/wp-content\/uploads\/2018\/09\/Firmenjubilaeum-Jaisli-Xamax-AG-50-Jahre-unter-Strom_Organisator.jpg","type":"image\/jpeg"}],"author":"thomas.berner","twitter_card":"summary_large_image","twitter_title":"Firmenjubil\u00e4um #Jaisli-Xamax AG: 50 Jahre unter Strom","twitter_description":"Das Elektroinstallations-Unternehmen #Jaisli-Xamax AG feiert dieses Jahr sein 50-j\u00e4hriges Bestehen.","twitter_image":"https:\/\/www.organisator.ch\/wp-content\/uploads\/2018\/09\/Firmenjubil\u00e4um-Jaisli-Xamax-AG-50-Jahre-unter-Strom_Organisator.jpg","schema":{"@context":"https:\/\/schema.org","@graph":[{"@type":"Article","@id":"https:\/\/www.organisator.ch\/management\/2018-09-28\/firmenjubilaeum-jaisli-xamax-ag-50-jahre-unter-strom\/#article","isPartOf":{"@id":"https:\/\/www.organisator.ch\/management\/2018-09-28\/firmenjubilaeum-jaisli-xamax-ag-50-jahre-unter-strom\/"},"author":{"name":"thomas.berner","@id":"https:\/\/www.organisator.ch\/#\/schema\/person\/6f650f90b2842cd4c0cc334b4e36f67e"},"headline":"Firmenjubil\u00e4um Jaisli-Xamax AG: 50 Jahre unter Strom","datePublished":"2018-09-28T06:28:50+00:00","mainEntityOfPage":{"@id":"https:\/\/www.organisator.ch\/management\/2018-09-28\/firmenjubilaeum-jaisli-xamax-ag-50-jahre-unter-strom\/"},"wordCount":306,"commentCount":0,"publisher":{"@id":"https:\/\/www.organisator.ch\/#organization"},"image":{"@id":"https:\/\/www.organisator.ch\/management\/2018-09-28\/firmenjubilaeum-jaisli-xamax-ag-50-jahre-unter-strom\/#primaryimage"},"thumbnailUrl":"https:\/\/www.organisator.ch\/wp-content\/uploads\/2018\/09\/Firmenjubilaeum-Jaisli-Xamax-AG-50-Jahre-unter-Strom_Organisator.jpg","keywords":["Firmenjubil\u00e4um","Unternehmen","Vermischtes"],"articleSection":["MANAGEMENT"],"inLanguage":"en-US"},{"@type":"WebPage","@id":"https:\/\/www.organisator.ch\/management\/2018-09-28\/firmenjubilaeum-jaisli-xamax-ag-50-jahre-unter-strom\/","url":"https:\/\/www.organisator.ch\/management\/2018-09-28\/firmenjubilaeum-jaisli-xamax-ag-50-jahre-unter-strom\/","name":"Company anniversary Jaisli-Xamax AG: 50 years under power - Organizer","isPartOf":{"@id":"https:\/\/www.organisator.ch\/#website"},"primaryImageOfPage":{"@id":"https:\/\/www.organisator.ch\/management\/2018-09-28\/firmenjubilaeum-jaisli-xamax-ag-50-jahre-unter-strom\/#primaryimage"},"image":{"@id":"https:\/\/www.organisator.ch\/management\/2018-09-28\/firmenjubilaeum-jaisli-xamax-ag-50-jahre-unter-strom\/#primaryimage"},"thumbnailUrl":"https:\/\/www.organisator.ch\/wp-content\/uploads\/2018\/09\/Firmenjubilaeum-Jaisli-Xamax-AG-50-Jahre-unter-Strom_Organisator.jpg","datePublished":"2018-09-28T06:28:50+00:00","description":"The electrical installation company Jaisli-Xamax AG celebrates its 50th anniversary this year.","breadcrumb":{"@id":"https:\/\/www.organisator.ch\/management\/2018-09-28\/firmenjubilaeum-jaisli-xamax-ag-50-jahre-unter-strom\/#breadcrumb"},"inLanguage":"en-US","potentialAction":[{"@type":"ReadAction","target":["https:\/\/www.organisator.ch\/management\/2018-09-28\/firmenjubilaeum-jaisli-xamax-ag-50-jahre-unter-strom\/"]}]},{"@type":"ImageObject","inLanguage":"en-US","@id":"https:\/\/www.organisator.ch\/management\/2018-09-28\/firmenjubilaeum-jaisli-xamax-ag-50-jahre-unter-strom\/#primaryimage","url":"https:\/\/www.organisator.ch\/wp-content\/uploads\/2018\/09\/Firmenjubilaeum-Jaisli-Xamax-AG-50-Jahre-unter-Strom_Organisator.jpg","contentUrl":"https:\/\/www.organisator.ch\/wp-content\/uploads\/2018\/09\/Firmenjubilaeum-Jaisli-Xamax-AG-50-Jahre-unter-Strom_Organisator.jpg","width":614,"height":480,"caption":"Zum 50-Jahr-Jubil\u00e4um wurde das Corporate Design von Jaisli-Xamax AG neu gestaltet - sichtbar auch an der Mitarbeiterzeitung \"Brilli's News\". (Bild: zVg)"},{"@type":"BreadcrumbList","@id":"https:\/\/www.organisator.ch\/management\/2018-09-28\/firmenjubilaeum-jaisli-xamax-ag-50-jahre-unter-strom\/#breadcrumb","itemListElement":[{"@type":"ListItem","position":1,"name":"Home","item":"https:\/\/www.organisator.ch\/"},{"@type":"ListItem","position":2,"name":"Firmenjubil\u00e4um Jaisli-Xamax AG: 50 Jahre unter Strom"}]},{"@type":"WebSite","@id":"https:\/\/www.organisator.ch\/#website","url":"https:\/\/www.organisator.ch\/","name":"Organizer","description":"Competent. Practical. In 10 issues per year, ORGANISATOR presents the essential topics for managers of SMEs.","publisher":{"@id":"https:\/\/www.organisator.ch\/#organization"},"potentialAction":[{"@type":"SearchAction","target":{"@type":"EntryPoint","urlTemplate":"https:\/\/www.organisator.ch\/?s={search_term_string}"},"query-input":{"@type":"PropertyValueSpecification","valueRequired":true,"valueName":"search_term_string"}}],"inLanguage":"en-US"},{"@type":"Organization","@id":"https:\/\/www.organisator.ch\/#organization","name":"Organizer","url":"https:\/\/www.organisator.ch\/","logo":{"@type":"ImageObject","inLanguage":"en-US","@id":"https:\/\/www.organisator.ch\/#\/schema\/logo\/image\/","url":"https:\/\/www.organisator.ch\/wp-content\/uploads\/2022\/01\/Logo_Organisator_Website.png","contentUrl":"https:\/\/www.organisator.ch\/wp-content\/uploads\/2022\/01\/Logo_Organisator_Website.png","width":800,"height":77,"caption":"Organisator"},"image":{"@id":"https:\/\/www.organisator.ch\/#\/schema\/logo\/image\/"},"sameAs":["https:\/\/www.facebook.com\/OrganisatorFachmagazin","https:\/\/www.linkedin.com\/showcase\/organisator-das-magazin-fr-kmu","https:\/\/www.xing.com\/news\/pages\/organisator-ch-695","https:\/\/www.youtube.com\/channel\/UCGP2Sq0iWaZwT3BdIAQFYpw"]},{"@type":"Person","@id":"https:\/\/www.organisator.ch\/#\/schema\/person\/6f650f90b2842cd4c0cc334b4e36f67e","name":"thomas.berner","image":{"@type":"ImageObject","inLanguage":"en-US","@id":"https:\/\/secure.gravatar.com\/avatar\/ac5001d2a36cb6c6cd3e50789007ffca834b477b74a2144564522e944eabff61?s=96&d=mm&r=g","url":"https:\/\/secure.gravatar.com\/avatar\/ac5001d2a36cb6c6cd3e50789007ffca834b477b74a2144564522e944eabff61?s=96&d=mm&r=g","contentUrl":"https:\/\/secure.gravatar.com\/avatar\/ac5001d2a36cb6c6cd3e50789007ffca834b477b74a2144564522e944eabff61?s=96&d=mm&r=g","caption":"thomas.berner"},"url":"https:\/\/www.organisator.ch\/en\/author\/thomas-berner\/"}]}},"_links":{"self":[{"href":"https:\/\/www.organisator.ch\/en\/wp-json\/wp\/v2\/posts\/4303","targetHints":{"allow":["GET"]}}],"collection":[{"href":"https:\/\/www.organisator.ch\/en\/wp-json\/wp\/v2\/posts"}],"about":[{"href":"https:\/\/www.organisator.ch\/en\/wp-json\/wp\/v2\/types\/post"}],"author":[{"embeddable":true,"href":"https:\/\/www.organisator.ch\/en\/wp-json\/wp\/v2\/users\/4"}],"replies":[{"embeddable":true,"href":"https:\/\/www.organisator.ch\/en\/wp-json\/wp\/v2\/comments?post=4303"}],"version-history":[{"count":0,"href":"https:\/\/www.organisator.ch\/en\/wp-json\/wp\/v2\/posts\/4303\/revisions"}],"wp:featuredmedia":[{"embeddable":true,"href":"https:\/\/www.organisator.ch\/en\/wp-json\/wp\/v2\/media\/4304"}],"wp:attachment":[{"href":"https:\/\/www.organisator.ch\/en\/wp-json\/wp\/v2\/media?parent=4303"}],"wp:term":[{"taxonomy":"category","embeddable":true,"href":"https:\/\/www.organisator.ch\/en\/wp-json\/wp\/v2\/categories?post=4303"},{"taxonomy":"post_tag","embeddable":true,"href":"https:\/\/www.organisator.ch\/en\/wp-json\/wp\/v2\/tags?post=4303"}],"curies":[{"name":"wp","href":"https:\/\/api.w.org\/{rel}","templated":true}]}}